{"id":8999,"date":"2015-11-27T14:53:07","date_gmt":"2015-11-27T13:53:07","guid":{"rendered":"http:\/\/www.camaeleon.org\/?p=8999"},"modified":"2020-12-23T18:04:42","modified_gmt":"2020-12-23T17:04:42","slug":"quand-les-lycees-franco-allemands-se-rencontrent","status":"publish","type":"post","link":"https:\/\/www.camaeleon.org\/en\/2015\/11\/27\/quand-les-lycees-franco-allemands-se-rencontrent\/","title":{"rendered":"Quand les Lyc\u00e9es Franco-Allemands se rencontrent&#8230;"},"content":{"rendered":"<figure id=\"attachment_9183\" aria-describedby=\"caption-attachment-9183\" style=\"width: 300px\" class=\"wp-caption alignright\"><a href=\"https:\/\/www.camaeleon.org\/wp-content\/uploads\/2015\/11\/Treffen-der-3-DFG.jpg\"><img loading=\"lazy\" decoding=\"async\" class=\"size-medium wp-image-9183 \" title=\"Treffen der 3 DFG\" src=\"https:\/\/www.camaeleon.org\/wp-content\/uploads\/2015\/11\/Treffen-der-3-DFG-300x134.jpg\" alt=\"Treffen der 3 DFG\" width=\"300\" height=\"134\" srcset=\"https:\/\/www.camaeleon.org\/wp-content\/uploads\/2015\/11\/Treffen-der-3-DFG-300x134.jpg 300w, https:\/\/www.camaeleon.org\/wp-content\/uploads\/2015\/11\/Treffen-der-3-DFG-880x394.jpg 880w, https:\/\/www.camaeleon.org\/wp-content\/uploads\/2015\/11\/Treffen-der-3-DFG.jpg 1000w\" sizes=\"auto, (max-width: 300px) 100vw, 300px\" \/><\/a><figcaption id=\"caption-attachment-9183\" class=\"wp-caption-text\">(Photo : S. Pfefferle)<\/figcaption><\/figure>\n<p>Comme vous le savez, vendredi et samedi 20 et 21 novembre, les \u00e9l\u00e8ves du Lyc\u00e9e Franco-Allemand de Sarrebruck ne sont pas all\u00e9s \u00e0 l&#8217;\u00e9cole.<\/p>\n<p>Pourquoi ces journ\u00e9es ont-elles \u00e9t\u00e9 lib\u00e9r\u00e9es? Tous les deux \u00e0 trois ans, les trois Lyc\u00e9es Franco-Allemands (Buc, en France, Fribourg et Sarrebruck, en Allemagne) se r\u00e9unissent. Et cette ann\u00e9e, c&#8217;est dans notre \u00e9tablissement que la rencontre a eu lieu.<\/p>\n<p>Qui s&#8217;est r\u00e9uni ? Et \u00a0pourquoi ?<\/p>\n<p>Lors de cette rencontre, la grande majorit\u00e9 des personnes pr\u00e9sentes \u00e9taient les professeurs des trois \u00e9tablissements. Mails il y avait aussi les parents d\u00e9l\u00e9gu\u00e9s et les d\u00e9l\u00e9gu\u00e9s des \u00e9l\u00e8ves. En tout, environ 200 personnes \u00e9taient pr\u00e9sentes pour parler de leurs projets communs : les olympiades, une visio- conf\u00e9rence et un concert. Les professeurs ont beaucoup travaill\u00e9 sur la p\u00e9dagogie, les \u00e9valuations, les examens et les programmes.<\/p>\n<p>Ces journ\u00e9es de rencontre sont tr\u00e8s importantes pour cr\u00e9er une culture commune aux trois LFA. <\/span><span style=\"font-size: 12px;\"> Le prochain rendez-vous sera dans deux ans, \u00e0 Buc. <\/span><span style=\"font-size: 12px;\">Et tout le monde en profite puisque les \u00e9l\u00e8ves ont eu la chance d&#8217;avoir un long weekend !<\/p>\n","protected":false},"excerpt":{"rendered":"<p>Comme vous le savez, vendredi et samedi 20 et 21 novembre, les \u00e9l\u00e8ves du Lyc\u00e9e Franco-Allemand de Sarrebruck ne sont pas all\u00e9s \u00e0 l&#8217;\u00e9cole. Pourquoi<\/p>\n","protected":false},"author":97,"featured_media":9183,"comment_status":"open","ping_status":"open","sticky":false,"template":"","format":"standard","meta":{"colormag_page_container_layout":"default_layout","colormag_page_sidebar_layout":"default_layout","footnotes":""},"categories":[3],"tags":[206,857,202,1409],"coauthors":[787],"class_list":["post-8999","post","type-post","status-publish","format-standard","has-post-thumbnail","hentry","category-ecole","tag-austausch","tag-dfg-saarbruecken","tag-lehrer","tag-lfa-sarrebruck"],"yoast_head":"<!-- This site is optimized with the Yoast SEO plugin v27.5 - https:\/\/yoast.com\/product\/yoast-seo-wordpress\/ -->\n<title>Quand les Lyc\u00e9es Franco-Allemands se rencontrent... - Cam\u00e4l\u00e9on<\/title>\n<meta name=\"description\" content=\"Tous les deux \u00e0 trois ans, les trois Lyc\u00e9es Franco-Allemands se r\u00e9unissent. Et cette ann\u00e9e, c&#039;est dans notre \u00e9tablissement que la rencontre a eu lieu.\" \/>\n<meta name=\"robots\" content=\"index, follow, max-snippet:-1, max-image-preview:large, max-video-preview:-1\" \/>\n<link rel=\"canonical\" href=\"https:\/\/www.camaeleon.org\/en\/2015\/11\/27\/quand-les-lycees-franco-allemands-se-rencontrent\/\" \/>\n<meta property=\"og:locale\" content=\"en_US\" \/>\n<meta property=\"og:type\" content=\"article\" \/>\n<meta property=\"og:title\" content=\"Quand les Lyc\u00e9es Franco-Allemands se rencontrent... - Cam\u00e4l\u00e9on\" \/>\n<meta property=\"og:description\" content=\"Tous les deux \u00e0 trois ans, les trois Lyc\u00e9es Franco-Allemands se r\u00e9unissent. Et cette ann\u00e9e, c&#039;est dans notre \u00e9tablissement que la rencontre a eu lieu.\" \/>\n<meta property=\"og:url\" content=\"https:\/\/www.camaeleon.org\/en\/2015\/11\/27\/quand-les-lycees-franco-allemands-se-rencontrent\/\" \/>\n<meta property=\"og:site_name\" content=\"Cam\u00e4l\u00e9on\" \/>\n<meta property=\"article:publisher\" content=\"https:\/\/www.facebook.com\/camaeleon.org\/\" \/>\n<meta property=\"article:published_time\" content=\"2015-11-27T13:53:07+00:00\" \/>\n<meta property=\"article:modified_time\" content=\"2020-12-23T17:04:42+00:00\" \/>\n<meta property=\"og:image\" content=\"https:\/\/www.camaeleon.org\/wp-content\/uploads\/2015\/11\/Treffen-der-3-DFG.jpg\" \/>\n\t<meta property=\"og:image:width\" content=\"1000\" \/>\n\t<meta property=\"og:image:height\" content=\"448\" \/>\n\t<meta property=\"og:image:type\" content=\"image\/jpeg\" \/>\n<meta name=\"author\" content=\"Emma Eisenkremer\" \/>\n<meta name=\"twitter:card\" content=\"summary_large_image\" \/>\n<meta name=\"twitter:creator\" content=\"@camaeleonOrg\" \/>\n<meta name=\"twitter:site\" content=\"@camaeleonOrg\" \/>\n<script type=\"application\/ld+json\" class=\"yoast-schema-graph\">{\"@context\":\"https:\\\/\\\/schema.org\",\"@graph\":[{\"@type\":\"Article\",\"@id\":\"https:\\\/\\\/www.camaeleon.org\\\/de\\\/2015\\\/11\\\/27\\\/quand-les-lycees-franco-allemands-se-rencontrent\\\/#article\",\"isPartOf\":{\"@id\":\"https:\\\/\\\/www.camaeleon.org\\\/de\\\/2015\\\/11\\\/27\\\/quand-les-lycees-franco-allemands-se-rencontrent\\\/\"},\"author\":{\"name\":\"Emma Eisenkremer\",\"@id\":\"https:\\\/\\\/www.camaeleon.org\\\/de\\\/#\\\/schema\\\/person\\\/fc5ae386b8545fe499773465792fdeb1\"},\"headline\":\"Quand les Lyc\u00e9es Franco-Allemands se rencontrent&#8230;\",\"datePublished\":\"2015-11-27T13:53:07+00:00\",\"dateModified\":\"2020-12-23T17:04:42+00:00\",\"mainEntityOfPage\":{\"@id\":\"https:\\\/\\\/www.camaeleon.org\\\/de\\\/2015\\\/11\\\/27\\\/quand-les-lycees-franco-allemands-se-rencontrent\\\/\"},\"wordCount\":214,\"commentCount\":0,\"publisher\":{\"@id\":\"https:\\\/\\\/www.camaeleon.org\\\/de\\\/#organization\"},\"image\":{\"@id\":\"https:\\\/\\\/www.camaeleon.org\\\/de\\\/2015\\\/11\\\/27\\\/quand-les-lycees-franco-allemands-se-rencontrent\\\/#primaryimage\"},\"thumbnailUrl\":\"https:\\\/\\\/www.camaeleon.org\\\/wp-content\\\/uploads\\\/2015\\\/11\\\/Treffen-der-3-DFG.jpg\",\"keywords\":[\"Austausch\",\"DFG Saarbr\u00fccken\",\"Lehrer\",\"LFA Sarrebruck\"],\"articleSection\":[\"School\"],\"inLanguage\":\"en-US\",\"potentialAction\":[{\"@type\":\"CommentAction\",\"name\":\"Comment\",\"target\":[\"https:\\\/\\\/www.camaeleon.org\\\/de\\\/2015\\\/11\\\/27\\\/quand-les-lycees-franco-allemands-se-rencontrent\\\/#respond\"]}]},{\"@type\":\"WebPage\",\"@id\":\"https:\\\/\\\/www.camaeleon.org\\\/en\\\/2015\\\/11\\\/27\\\/quand-les-lycees-franco-allemands-se-rencontrent\\\/\",\"url\":\"https:\\\/\\\/www.camaeleon.org\\\/en\\\/2015\\\/11\\\/27\\\/quand-les-lycees-franco-allemands-se-rencontrent\\\/\",\"name\":\"Quand les Lyc\u00e9es Franco-Allemands se rencontrent... - Cam\u00e4l\u00e9on\",\"isPartOf\":{\"@id\":\"https:\\\/\\\/www.camaeleon.org\\\/en\\\/#website\"},\"primaryImageOfPage\":{\"@id\":\"https:\\\/\\\/www.camaeleon.org\\\/en\\\/2015\\\/11\\\/27\\\/quand-les-lycees-franco-allemands-se-rencontrent\\\/#primaryimage\"},\"image\":{\"@id\":\"https:\\\/\\\/www.camaeleon.org\\\/de\\\/2015\\\/11\\\/27\\\/quand-les-lycees-franco-allemands-se-rencontrent\\\/#primaryimage\"},\"thumbnailUrl\":\"https:\\\/\\\/www.camaeleon.org\\\/wp-content\\\/uploads\\\/2015\\\/11\\\/Treffen-der-3-DFG.jpg\",\"datePublished\":\"2015-11-27T13:53:07+00:00\",\"dateModified\":\"2020-12-23T17:04:42+00:00\",\"description\":\"Tous les deux \u00e0 trois ans, les trois Lyc\u00e9es Franco-Allemands se r\u00e9unissent. Et cette ann\u00e9e, c'est dans notre \u00e9tablissement que la rencontre a eu lieu.\",\"breadcrumb\":{\"@id\":\"https:\\\/\\\/www.camaeleon.org\\\/en\\\/2015\\\/11\\\/27\\\/quand-les-lycees-franco-allemands-se-rencontrent\\\/#breadcrumb\"},\"inLanguage\":\"en-US\",\"potentialAction\":[{\"@type\":\"ReadAction\",\"target\":[[\"https:\\\/\\\/www.camaeleon.org\\\/en\\\/2015\\\/11\\\/27\\\/quand-les-lycees-franco-allemands-se-rencontrent\\\/\"]]}]},{\"@type\":\"ImageObject\",\"inLanguage\":\"en-US\",\"@id\":\"https:\\\/\\\/www.camaeleon.org\\\/en\\\/2015\\\/11\\\/27\\\/quand-les-lycees-franco-allemands-se-rencontrent\\\/#primaryimage\",\"url\":\"https:\\\/\\\/www.camaeleon.org\\\/wp-content\\\/uploads\\\/2015\\\/11\\\/Treffen-der-3-DFG.jpg\",\"contentUrl\":\"https:\\\/\\\/www.camaeleon.org\\\/wp-content\\\/uploads\\\/2015\\\/11\\\/Treffen-der-3-DFG.jpg\",\"width\":1000,\"height\":448,\"caption\":\"\"},{\"@type\":\"BreadcrumbList\",\"@id\":\"https:\\\/\\\/www.camaeleon.org\\\/en\\\/2015\\\/11\\\/27\\\/quand-les-lycees-franco-allemands-se-rencontrent\\\/#breadcrumb\",\"itemListElement\":[{\"@type\":\"ListItem\",\"position\":1,\"name\":\"Home\",\"item\":\"https:\\\/\\\/www.camaeleon.org\\\/en\\\/\"},{\"@type\":\"ListItem\",\"position\":2,\"name\":\"Quand les Lyc\u00e9es Franco-Allemands se rencontrent&#8230;\"}]},{\"@type\":\"WebSite\",\"@id\":\"https:\\\/\\\/www.camaeleon.org\\\/en\\\/#website\",\"url\":\"https:\\\/\\\/www.camaeleon.org\\\/en\\\/\",\"name\":\"Cam\u00e4l\u00e9on\",\"description\":\"The online student magazine by Deutsch-Franz\u00f6sisches Gymnasium Saarbr\u00fccken\",\"publisher\":{\"@id\":\"https:\\\/\\\/www.camaeleon.org\\\/en\\\/#organization\"},\"potentialAction\":[{\"@type\":\"SearchAction\",\"target\":{\"@type\":\"EntryPoint\",\"urlTemplate\":\"https:\\\/\\\/www.camaeleon.org\\\/en\\\/?s={search_term_string}\"},\"query-input\":{\"@type\":\"PropertyValueSpecification\",\"valueRequired\":true,\"valueName\":\"search_term_string\"}}],\"inLanguage\":\"en-US\"},{\"@type\":\"Organization\",\"@id\":\"https:\\\/\\\/www.camaeleon.org\\\/en\\\/#organization\",\"name\":\"Cam\u00e4l\u00e9on\",\"url\":\"https:\\\/\\\/www.camaeleon.org\\\/en\\\/\",\"logo\":{\"@type\":\"ImageObject\",\"inLanguage\":\"en-US\",\"@id\":\"https:\\\/\\\/www.camaeleon.org\\\/en\\\/#\\\/schema\\\/logo\\\/image\\\/\",\"url\":\"https:\\\/\\\/www.camaeleon.org\\\/wp-content\\\/uploads\\\/2011\\\/11\\\/CAM\u00c4LEON.jpg\",\"contentUrl\":\"https:\\\/\\\/www.camaeleon.org\\\/wp-content\\\/uploads\\\/2011\\\/11\\\/CAM\u00c4LEON.jpg\",\"width\":959,\"height\":959,\"caption\":\"Cam\u00e4l\u00e9on\"},\"image\":{\"@id\":\"https:\\\/\\\/www.camaeleon.org\\\/en\\\/#\\\/schema\\\/logo\\\/image\\\/\"},\"sameAs\":[\"https:\\\/\\\/www.facebook.com\\\/camaeleon.org\\\/\",\"https:\\\/\\\/x.com\\\/camaeleonOrg\",\"https:\\\/\\\/www.instagram.com\\\/camaeleon.dfg\\\/\",\"https:\\\/\\\/www.youtube.com\\\/channel\\\/UCl3TAUDdGuu_c7CD6ax6hYg\"]},{\"@type\":\"Person\",\"@id\":\"https:\\\/\\\/www.camaeleon.org\\\/de\\\/#\\\/schema\\\/person\\\/fc5ae386b8545fe499773465792fdeb1\",\"name\":\"Emma Eisenkremer\",\"image\":{\"@type\":\"ImageObject\",\"inLanguage\":\"en-US\",\"@id\":\"https:\\\/\\\/www.camaeleon.org\\\/en\\\/wp-content\\\/uploads\\\/2016\\\/02\\\/img_1572.jpgac53ad2dac2200a7e22ac10014b5b64d\",\"url\":\"https:\\\/\\\/www.camaeleon.org\\\/wp-content\\\/uploads\\\/2016\\\/02\\\/img_1572.jpg\",\"contentUrl\":\"https:\\\/\\\/www.camaeleon.org\\\/wp-content\\\/uploads\\\/2016\\\/02\\\/img_1572.jpg\",\"caption\":\"Emma Eisenkremer\"},\"url\":\"https:\\\/\\\/www.camaeleon.org\\\/en\\\/author\\\/emma-eisenkremer\\\/\"}]}<\/script>\n<!-- \/ Yoast SEO plugin. -->","yoast_head_json":{"title":"Quand les Lyc\u00e9es Franco-Allemands se rencontrent... - Cam\u00e4l\u00e9on","description":"Tous les deux \u00e0 trois ans, les trois Lyc\u00e9es Franco-Allemands se r\u00e9unissent. Et cette ann\u00e9e, c'est dans notre \u00e9tablissement que la rencontre a eu lieu.","robots":{"index":"index","follow":"follow","max-snippet":"max-snippet:-1","max-image-preview":"max-image-preview:large","max-video-preview":"max-video-preview:-1"},"canonical":"https:\/\/www.camaeleon.org\/en\/2015\/11\/27\/quand-les-lycees-franco-allemands-se-rencontrent\/","og_locale":"en_US","og_type":"article","og_title":"Quand les Lyc\u00e9es Franco-Allemands se rencontrent... - Cam\u00e4l\u00e9on","og_description":"Tous les deux \u00e0 trois ans, les trois Lyc\u00e9es Franco-Allemands se r\u00e9unissent. Et cette ann\u00e9e, c'est dans notre \u00e9tablissement que la rencontre a eu lieu.","og_url":"https:\/\/www.camaeleon.org\/en\/2015\/11\/27\/quand-les-lycees-franco-allemands-se-rencontrent\/","og_site_name":"Cam\u00e4l\u00e9on","article_publisher":"https:\/\/www.facebook.com\/camaeleon.org\/","article_published_time":"2015-11-27T13:53:07+00:00","article_modified_time":"2020-12-23T17:04:42+00:00","og_image":[{"width":1000,"height":448,"url":"https:\/\/www.camaeleon.org\/wp-content\/uploads\/2015\/11\/Treffen-der-3-DFG.jpg","type":"image\/jpeg"}],"author":"Emma Eisenkremer","twitter_card":"summary_large_image","twitter_creator":"@camaeleonOrg","twitter_site":"@camaeleonOrg","schema":{"@context":"https:\/\/schema.org","@graph":[{"@type":"Article","@id":"https:\/\/www.camaeleon.org\/de\/2015\/11\/27\/quand-les-lycees-franco-allemands-se-rencontrent\/#article","isPartOf":{"@id":"https:\/\/www.camaeleon.org\/de\/2015\/11\/27\/quand-les-lycees-franco-allemands-se-rencontrent\/"},"author":{"name":"Emma Eisenkremer","@id":"https:\/\/www.camaeleon.org\/de\/#\/schema\/person\/fc5ae386b8545fe499773465792fdeb1"},"headline":"Quand les Lyc\u00e9es Franco-Allemands se rencontrent&#8230;","datePublished":"2015-11-27T13:53:07+00:00","dateModified":"2020-12-23T17:04:42+00:00","mainEntityOfPage":{"@id":"https:\/\/www.camaeleon.org\/de\/2015\/11\/27\/quand-les-lycees-franco-allemands-se-rencontrent\/"},"wordCount":214,"commentCount":0,"publisher":{"@id":"https:\/\/www.camaeleon.org\/de\/#organization"},"image":{"@id":"https:\/\/www.camaeleon.org\/de\/2015\/11\/27\/quand-les-lycees-franco-allemands-se-rencontrent\/#primaryimage"},"thumbnailUrl":"https:\/\/www.camaeleon.org\/wp-content\/uploads\/2015\/11\/Treffen-der-3-DFG.jpg","keywords":["Austausch","DFG Saarbr\u00fccken","Lehrer","LFA Sarrebruck"],"articleSection":["School"],"inLanguage":"en-US","potentialAction":[{"@type":"CommentAction","name":"Comment","target":["https:\/\/www.camaeleon.org\/de\/2015\/11\/27\/quand-les-lycees-franco-allemands-se-rencontrent\/#respond"]}]},{"@type":"WebPage","@id":"https:\/\/www.camaeleon.org\/en\/2015\/11\/27\/quand-les-lycees-franco-allemands-se-rencontrent\/","url":"https:\/\/www.camaeleon.org\/en\/2015\/11\/27\/quand-les-lycees-franco-allemands-se-rencontrent\/","name":"Quand les Lyc\u00e9es Franco-Allemands se rencontrent... - Cam\u00e4l\u00e9on","isPartOf":{"@id":"https:\/\/www.camaeleon.org\/en\/#website"},"primaryImageOfPage":{"@id":"https:\/\/www.camaeleon.org\/en\/2015\/11\/27\/quand-les-lycees-franco-allemands-se-rencontrent\/#primaryimage"},"image":{"@id":"https:\/\/www.camaeleon.org\/de\/2015\/11\/27\/quand-les-lycees-franco-allemands-se-rencontrent\/#primaryimage"},"thumbnailUrl":"https:\/\/www.camaeleon.org\/wp-content\/uploads\/2015\/11\/Treffen-der-3-DFG.jpg","datePublished":"2015-11-27T13:53:07+00:00","dateModified":"2020-12-23T17:04:42+00:00","description":"Tous les deux \u00e0 trois ans, les trois Lyc\u00e9es Franco-Allemands se r\u00e9unissent. Et cette ann\u00e9e, c'est dans notre \u00e9tablissement que la rencontre a eu lieu.","breadcrumb":{"@id":"https:\/\/www.camaeleon.org\/en\/2015\/11\/27\/quand-les-lycees-franco-allemands-se-rencontrent\/#breadcrumb"},"inLanguage":"en-US","potentialAction":[{"@type":"ReadAction","target":[["https:\/\/www.camaeleon.org\/en\/2015\/11\/27\/quand-les-lycees-franco-allemands-se-rencontrent\/"]]}]},{"@type":"ImageObject","inLanguage":"en-US","@id":"https:\/\/www.camaeleon.org\/en\/2015\/11\/27\/quand-les-lycees-franco-allemands-se-rencontrent\/#primaryimage","url":"https:\/\/www.camaeleon.org\/wp-content\/uploads\/2015\/11\/Treffen-der-3-DFG.jpg","contentUrl":"https:\/\/www.camaeleon.org\/wp-content\/uploads\/2015\/11\/Treffen-der-3-DFG.jpg","width":1000,"height":448,"caption":""},{"@type":"BreadcrumbList","@id":"https:\/\/www.camaeleon.org\/en\/2015\/11\/27\/quand-les-lycees-franco-allemands-se-rencontrent\/#breadcrumb","itemListElement":[{"@type":"ListItem","position":1,"name":"Home","item":"https:\/\/www.camaeleon.org\/en\/"},{"@type":"ListItem","position":2,"name":"Quand les Lyc\u00e9es Franco-Allemands se rencontrent&#8230;"}]},{"@type":"WebSite","@id":"https:\/\/www.camaeleon.org\/en\/#website","url":"https:\/\/www.camaeleon.org\/en\/","name":"Cam\u00e4l\u00e9on","description":"The online student magazine by Deutsch-Franz\u00f6sisches Gymnasium Saarbr\u00fccken","publisher":{"@id":"https:\/\/www.camaeleon.org\/en\/#organization"},"potentialAction":[{"@type":"SearchAction","target":{"@type":"EntryPoint","urlTemplate":"https:\/\/www.camaeleon.org\/en\/?s={search_term_string}"},"query-input":{"@type":"PropertyValueSpecification","valueRequired":true,"valueName":"search_term_string"}}],"inLanguage":"en-US"},{"@type":"Organization","@id":"https:\/\/www.camaeleon.org\/en\/#organization","name":"Cam\u00e4l\u00e9on","url":"https:\/\/www.camaeleon.org\/en\/","logo":{"@type":"ImageObject","inLanguage":"en-US","@id":"https:\/\/www.camaeleon.org\/en\/#\/schema\/logo\/image\/","url":"https:\/\/www.camaeleon.org\/wp-content\/uploads\/2011\/11\/CAM\u00c4LEON.jpg","contentUrl":"https:\/\/www.camaeleon.org\/wp-content\/uploads\/2011\/11\/CAM\u00c4LEON.jpg","width":959,"height":959,"caption":"Cam\u00e4l\u00e9on"},"image":{"@id":"https:\/\/www.camaeleon.org\/en\/#\/schema\/logo\/image\/"},"sameAs":["https:\/\/www.facebook.com\/camaeleon.org\/","https:\/\/x.com\/camaeleonOrg","https:\/\/www.instagram.com\/camaeleon.dfg\/","https:\/\/www.youtube.com\/channel\/UCl3TAUDdGuu_c7CD6ax6hYg"]},{"@type":"Person","@id":"https:\/\/www.camaeleon.org\/de\/#\/schema\/person\/fc5ae386b8545fe499773465792fdeb1","name":"Emma Eisenkremer","image":{"@type":"ImageObject","inLanguage":"en-US","@id":"https:\/\/www.camaeleon.org\/en\/wp-content\/uploads\/2016\/02\/img_1572.jpgac53ad2dac2200a7e22ac10014b5b64d","url":"https:\/\/www.camaeleon.org\/wp-content\/uploads\/2016\/02\/img_1572.jpg","contentUrl":"https:\/\/www.camaeleon.org\/wp-content\/uploads\/2016\/02\/img_1572.jpg","caption":"Emma Eisenkremer"},"url":"https:\/\/www.camaeleon.org\/en\/author\/emma-eisenkremer\/"}]}},"_links":{"self":[{"href":"https:\/\/www.camaeleon.org\/en\/wp-json\/wp\/v2\/posts\/8999","targetHints":{"allow":["GET"]}}],"collection":[{"href":"https:\/\/www.camaeleon.org\/en\/wp-json\/wp\/v2\/posts"}],"about":[{"href":"https:\/\/www.camaeleon.org\/en\/wp-json\/wp\/v2\/types\/post"}],"author":[{"embeddable":true,"href":"https:\/\/www.camaeleon.org\/en\/wp-json\/wp\/v2\/users\/97"}],"replies":[{"embeddable":true,"href":"https:\/\/www.camaeleon.org\/en\/wp-json\/wp\/v2\/comments?post=8999"}],"version-history":[{"count":0,"href":"https:\/\/www.camaeleon.org\/en\/wp-json\/wp\/v2\/posts\/8999\/revisions"}],"wp:featuredmedia":[{"embeddable":true,"href":"https:\/\/www.camaeleon.org\/en\/wp-json\/wp\/v2\/media\/9183"}],"wp:attachment":[{"href":"https:\/\/www.camaeleon.org\/en\/wp-json\/wp\/v2\/media?parent=8999"}],"wp:term":[{"taxonomy":"category","embeddable":true,"href":"https:\/\/www.camaeleon.org\/en\/wp-json\/wp\/v2\/categories?post=8999"},{"taxonomy":"post_tag","embeddable":true,"href":"https:\/\/www.camaeleon.org\/en\/wp-json\/wp\/v2\/tags?post=8999"},{"taxonomy":"author","embeddable":true,"href":"https:\/\/www.camaeleon.org\/en\/wp-json\/wp\/v2\/coauthors?post=8999"}],"curies":[{"name":"wp","href":"https:\/\/api.w.org\/{rel}","templated":true}]}}