{"id":8877,"date":"2015-11-27T14:37:44","date_gmt":"2015-11-27T13:37:44","guid":{"rendered":"http:\/\/www.camaeleon.org\/?p=8877"},"modified":"2020-12-23T18:04:59","modified_gmt":"2020-12-23T17:04:59","slug":"la-salle-des-profs-la-area-51-du-lfa","status":"publish","type":"post","link":"https:\/\/www.camaeleon.org\/en\/2015\/11\/27\/la-salle-des-profs-la-area-51-du-lfa\/","title":{"rendered":"La salle des profs, la \u00ab Area 51 \u00bb du LFA"},"content":{"rendered":"<p><figure id=\"attachment_9170\" aria-describedby=\"caption-attachment-9170\" style=\"width: 200px\" class=\"wp-caption alignright\"><a href=\"https:\/\/www.camaeleon.org\/wp-content\/uploads\/2015\/11\/IMG_15651.jpg\"><img loading=\"lazy\" decoding=\"async\" class=\"size-medium wp-image-9170 \" title=\"La salle des profs\" src=\"https:\/\/www.camaeleon.org\/wp-content\/uploads\/2015\/11\/IMG_15651-200x300.jpg\" alt=\"La salle des profs\" width=\"200\" height=\"300\" srcset=\"https:\/\/www.camaeleon.org\/wp-content\/uploads\/2015\/11\/IMG_15651-200x300.jpg 200w, https:\/\/www.camaeleon.org\/wp-content\/uploads\/2015\/11\/IMG_15651.jpg 400w\" sizes=\"auto, (max-width: 200px) 100vw, 200px\" \/><\/a><figcaption id=\"caption-attachment-9170\" class=\"wp-caption-text\">Photo : S. Pfefferle<\/figcaption><\/figure><\/p>\n<p>Ah&#8230;la salle des professeurs,\u00a0le seul endroit dans le lyc\u00e9e accessible uniquement\u00a0\u00a0aux professeurs. C&#8217;est un lieu tr\u00e8s myst\u00e9rieux, car seuls les enseignants savent \u00e0 quoi elle ressemble vraiment. La salle des profs se trouve\u00a0\u00e0 c\u00f4t\u00e9 du secr\u00e9tariat (bon, d&#8217;accord, trois salles plus loin, mais ce n&#8217;est pas grave). J&#8217;ai vu une fois que le sol y est rouge, comme dans la salle d&#8217;arts de M. Gailmain, ou dans la salle de musique.<\/p>\n<p>J&#8217;imagine qu&#8217;il y a une machine\u00a0\u00e0 caf\u00e9, car les professeurs en ont besoin pour ne pas s&#8217;endormir en classe, et pour rester concentr\u00e9s. J&#8217;imagine aussi qu&#8217;il y a des tables pour d\u00e9poser sa tasse de caf\u00e9, et pour travailler, des placards pour les livres, un canap\u00e9 et des chaises pour s&#8217;asseoir (et boire du caf\u00e9!), des fen\u00eatres pour surveiller les el\u00e8ves dans la cour, des ordinateurs pour rechercher des informations, et la chose la plus importante, dans la salle des profs, ce n&#8217;est pas la salle elle-m\u00eame, mais&#8230;\u00a0les professeurs !<\/p>\n<p>La salle des professeurs reste un endroit myst\u00e9rieux, c&#8217;est\u00a0un genre de\u00a0&#8220;Area 51&#8221; (c\u00e9l\u00e8bre zone militaire am\u00e9ricaine\u00a0top secr\u00e8te) pour nous, les \u00e9l\u00e8ves. Mais au final, c&#8217;est peut-\u00eatre mieux qu&#8217;elle garde son myst\u00e8re, et que les professeurs continuent \u00e0 y boire leur caf\u00e9 tranquilles&#8230;<\/p>","protected":false},"excerpt":{"rendered":"<p>Ah&#8230;la salle des professeurs,\u00a0le seul endroit dans le lyc\u00e9e accessible uniquement\u00a0\u00a0aux professeurs. C&#8217;est un lieu tr\u00e8s myst\u00e9rieux, car seuls les enseignants savent \u00e0 quoi elle<\/p>\n","protected":false},"author":99,"featured_media":9170,"comment_status":"open","ping_status":"open","sticky":false,"template":"","format":"standard","meta":{"colormag_page_container_layout":"default_layout","colormag_page_sidebar_layout":"default_layout","footnotes":""},"categories":[3],"tags":[202,262,1429],"coauthors":[759],"class_list":["post-8877","post","type-post","status-publish","format-standard","has-post-thumbnail","hentry","category-ecole","tag-lehrer","tag-lehrerzimmer","tag-salle-des-profs"],"yoast_head":"<!-- This site is optimized with the Yoast SEO plugin v27.5 - https:\/\/yoast.com\/product\/yoast-seo-wordpress\/ -->\n<title>La salle des profs, la \u00ab Area 51 \u00bb du LFA - Cam\u00e4l\u00e9on<\/title>\n<meta name=\"description\" content=\"La salle des professeurs,\u00a0le seul endroit dans le lyc\u00e9e accessible uniquement\u00a0\u00a0aux professeurs. C&#039;est un lieu tr\u00e8s myst\u00e9rieux.\" \/>\n<meta name=\"robots\" content=\"index, follow, max-snippet:-1, max-image-preview:large, max-video-preview:-1\" \/>\n<link rel=\"canonical\" href=\"https:\/\/www.camaeleon.org\/en\/2015\/11\/27\/la-salle-des-profs-la-area-51-du-lfa\/\" \/>\n<meta property=\"og:locale\" content=\"en_US\" \/>\n<meta property=\"og:type\" content=\"article\" \/>\n<meta property=\"og:title\" content=\"La salle des profs, la \u00ab Area 51 \u00bb du LFA - Cam\u00e4l\u00e9on\" \/>\n<meta property=\"og:description\" content=\"La salle des professeurs,\u00a0le seul endroit dans le lyc\u00e9e accessible uniquement\u00a0\u00a0aux professeurs. C&#039;est un lieu tr\u00e8s myst\u00e9rieux.\" \/>\n<meta property=\"og:url\" content=\"https:\/\/www.camaeleon.org\/en\/2015\/11\/27\/la-salle-des-profs-la-area-51-du-lfa\/\" \/>\n<meta property=\"og:site_name\" content=\"Cam\u00e4l\u00e9on\" \/>\n<meta property=\"article:publisher\" content=\"https:\/\/www.facebook.com\/camaeleon.org\/\" \/>\n<meta property=\"article:published_time\" content=\"2015-11-27T13:37:44+00:00\" \/>\n<meta property=\"article:modified_time\" content=\"2020-12-23T17:04:59+00:00\" \/>\n<meta property=\"og:image\" content=\"https:\/\/www.camaeleon.org\/wp-content\/uploads\/2015\/11\/IMG_15651.jpg\" \/>\n\t<meta property=\"og:image:width\" content=\"400\" \/>\n\t<meta property=\"og:image:height\" content=\"600\" \/>\n\t<meta property=\"og:image:type\" content=\"image\/jpeg\" \/>\n<meta name=\"author\" content=\"Simon Schmitt\" \/>\n<meta name=\"twitter:card\" content=\"summary_large_image\" \/>\n<meta name=\"twitter:creator\" content=\"@camaeleonOrg\" \/>\n<meta name=\"twitter:site\" content=\"@camaeleonOrg\" \/>\n<script type=\"application\/ld+json\" class=\"yoast-schema-graph\">{\"@context\":\"https:\\\/\\\/schema.org\",\"@graph\":[{\"@type\":\"Article\",\"@id\":\"https:\\\/\\\/www.camaeleon.org\\\/de\\\/2015\\\/11\\\/27\\\/la-salle-des-profs-la-area-51-du-lfa\\\/#article\",\"isPartOf\":{\"@id\":\"https:\\\/\\\/www.camaeleon.org\\\/de\\\/2015\\\/11\\\/27\\\/la-salle-des-profs-la-area-51-du-lfa\\\/\"},\"author\":{\"name\":\"Simon Schmitt\",\"@id\":\"https:\\\/\\\/www.camaeleon.org\\\/de\\\/#\\\/schema\\\/person\\\/2da1ff5e609c1d3d5fb82828a8028bfb\"},\"headline\":\"La salle des profs, la \u00ab Area 51 \u00bb du LFA\",\"datePublished\":\"2015-11-27T13:37:44+00:00\",\"dateModified\":\"2020-12-23T17:04:59+00:00\",\"mainEntityOfPage\":{\"@id\":\"https:\\\/\\\/www.camaeleon.org\\\/de\\\/2015\\\/11\\\/27\\\/la-salle-des-profs-la-area-51-du-lfa\\\/\"},\"wordCount\":760,\"commentCount\":4,\"publisher\":{\"@id\":\"https:\\\/\\\/www.camaeleon.org\\\/de\\\/#organization\"},\"image\":{\"@id\":\"https:\\\/\\\/www.camaeleon.org\\\/de\\\/2015\\\/11\\\/27\\\/la-salle-des-profs-la-area-51-du-lfa\\\/#primaryimage\"},\"thumbnailUrl\":\"https:\\\/\\\/www.camaeleon.org\\\/wp-content\\\/uploads\\\/2015\\\/11\\\/IMG_15651.jpg\",\"keywords\":[\"Lehrer\",\"Lehrerzimmer\",\"Salle des profs\"],\"articleSection\":[\"School\"],\"inLanguage\":\"en-US\",\"potentialAction\":[{\"@type\":\"CommentAction\",\"name\":\"Comment\",\"target\":[\"https:\\\/\\\/www.camaeleon.org\\\/de\\\/2015\\\/11\\\/27\\\/la-salle-des-profs-la-area-51-du-lfa\\\/#respond\"]}]},{\"@type\":\"WebPage\",\"@id\":\"https:\\\/\\\/www.camaeleon.org\\\/en\\\/2015\\\/11\\\/27\\\/la-salle-des-profs-la-area-51-du-lfa\\\/\",\"url\":\"https:\\\/\\\/www.camaeleon.org\\\/en\\\/2015\\\/11\\\/27\\\/la-salle-des-profs-la-area-51-du-lfa\\\/\",\"name\":\"La salle des profs, la \u00ab Area 51 \u00bb du LFA - Cam\u00e4l\u00e9on\",\"isPartOf\":{\"@id\":\"https:\\\/\\\/www.camaeleon.org\\\/en\\\/#website\"},\"primaryImageOfPage\":{\"@id\":\"https:\\\/\\\/www.camaeleon.org\\\/en\\\/2015\\\/11\\\/27\\\/la-salle-des-profs-la-area-51-du-lfa\\\/#primaryimage\"},\"image\":{\"@id\":\"https:\\\/\\\/www.camaeleon.org\\\/de\\\/2015\\\/11\\\/27\\\/la-salle-des-profs-la-area-51-du-lfa\\\/#primaryimage\"},\"thumbnailUrl\":\"https:\\\/\\\/www.camaeleon.org\\\/wp-content\\\/uploads\\\/2015\\\/11\\\/IMG_15651.jpg\",\"datePublished\":\"2015-11-27T13:37:44+00:00\",\"dateModified\":\"2020-12-23T17:04:59+00:00\",\"description\":\"La salle des professeurs,\u00a0le seul endroit dans le lyc\u00e9e accessible uniquement\u00a0\u00a0aux professeurs. C'est un lieu tr\u00e8s myst\u00e9rieux.\",\"breadcrumb\":{\"@id\":\"https:\\\/\\\/www.camaeleon.org\\\/en\\\/2015\\\/11\\\/27\\\/la-salle-des-profs-la-area-51-du-lfa\\\/#breadcrumb\"},\"inLanguage\":\"en-US\",\"potentialAction\":[{\"@type\":\"ReadAction\",\"target\":[[\"https:\\\/\\\/www.camaeleon.org\\\/en\\\/2015\\\/11\\\/27\\\/la-salle-des-profs-la-area-51-du-lfa\\\/\"]]}]},{\"@type\":\"ImageObject\",\"inLanguage\":\"en-US\",\"@id\":\"https:\\\/\\\/www.camaeleon.org\\\/en\\\/2015\\\/11\\\/27\\\/la-salle-des-profs-la-area-51-du-lfa\\\/#primaryimage\",\"url\":\"https:\\\/\\\/www.camaeleon.org\\\/wp-content\\\/uploads\\\/2015\\\/11\\\/IMG_15651.jpg\",\"contentUrl\":\"https:\\\/\\\/www.camaeleon.org\\\/wp-content\\\/uploads\\\/2015\\\/11\\\/IMG_15651.jpg\",\"width\":400,\"height\":600,\"caption\":\"\"},{\"@type\":\"BreadcrumbList\",\"@id\":\"https:\\\/\\\/www.camaeleon.org\\\/en\\\/2015\\\/11\\\/27\\\/la-salle-des-profs-la-area-51-du-lfa\\\/#breadcrumb\",\"itemListElement\":[{\"@type\":\"ListItem\",\"position\":1,\"name\":\"Home\",\"item\":\"https:\\\/\\\/www.camaeleon.org\\\/en\\\/\"},{\"@type\":\"ListItem\",\"position\":2,\"name\":\"La salle des profs, la \u00ab Area 51 \u00bb du LFA\"}]},{\"@type\":\"WebSite\",\"@id\":\"https:\\\/\\\/www.camaeleon.org\\\/en\\\/#website\",\"url\":\"https:\\\/\\\/www.camaeleon.org\\\/en\\\/\",\"name\":\"Cam\u00e4l\u00e9on\",\"description\":\"The online student magazine by Deutsch-Franz\u00f6sisches Gymnasium Saarbr\u00fccken\",\"publisher\":{\"@id\":\"https:\\\/\\\/www.camaeleon.org\\\/en\\\/#organization\"},\"potentialAction\":[{\"@type\":\"SearchAction\",\"target\":{\"@type\":\"EntryPoint\",\"urlTemplate\":\"https:\\\/\\\/www.camaeleon.org\\\/en\\\/?s={search_term_string}\"},\"query-input\":{\"@type\":\"PropertyValueSpecification\",\"valueRequired\":true,\"valueName\":\"search_term_string\"}}],\"inLanguage\":\"en-US\"},{\"@type\":\"Organization\",\"@id\":\"https:\\\/\\\/www.camaeleon.org\\\/en\\\/#organization\",\"name\":\"Cam\u00e4l\u00e9on\",\"url\":\"https:\\\/\\\/www.camaeleon.org\\\/en\\\/\",\"logo\":{\"@type\":\"ImageObject\",\"inLanguage\":\"en-US\",\"@id\":\"https:\\\/\\\/www.camaeleon.org\\\/en\\\/#\\\/schema\\\/logo\\\/image\\\/\",\"url\":\"https:\\\/\\\/www.camaeleon.org\\\/wp-content\\\/uploads\\\/2011\\\/11\\\/CAM\u00c4LEON.jpg\",\"contentUrl\":\"https:\\\/\\\/www.camaeleon.org\\\/wp-content\\\/uploads\\\/2011\\\/11\\\/CAM\u00c4LEON.jpg\",\"width\":959,\"height\":959,\"caption\":\"Cam\u00e4l\u00e9on\"},\"image\":{\"@id\":\"https:\\\/\\\/www.camaeleon.org\\\/en\\\/#\\\/schema\\\/logo\\\/image\\\/\"},\"sameAs\":[\"https:\\\/\\\/www.facebook.com\\\/camaeleon.org\\\/\",\"https:\\\/\\\/x.com\\\/camaeleonOrg\",\"https:\\\/\\\/www.instagram.com\\\/camaeleon.dfg\\\/\",\"https:\\\/\\\/www.youtube.com\\\/channel\\\/UCl3TAUDdGuu_c7CD6ax6hYg\"]},{\"@type\":\"Person\",\"@id\":\"https:\\\/\\\/www.camaeleon.org\\\/de\\\/#\\\/schema\\\/person\\\/2da1ff5e609c1d3d5fb82828a8028bfb\",\"name\":\"Simon Schmitt\",\"image\":{\"@type\":\"ImageObject\",\"inLanguage\":\"en-US\",\"@id\":\"https:\\\/\\\/www.camaeleon.org\\\/en\\\/wp-content\\\/uploads\\\/2016\\\/02\\\/img_1416.jpg420623f6ad5d2b2349a9dd2a6f207967\",\"url\":\"https:\\\/\\\/www.camaeleon.org\\\/wp-content\\\/uploads\\\/2016\\\/02\\\/img_1416.jpg\",\"contentUrl\":\"https:\\\/\\\/www.camaeleon.org\\\/wp-content\\\/uploads\\\/2016\\\/02\\\/img_1416.jpg\",\"caption\":\"Simon Schmitt\"},\"description\":\"Mit meiner kleinen Prise Witz in meinen Artikeln, verwitzige ich den grauen Alltag am DFG.\",\"url\":\"https:\\\/\\\/www.camaeleon.org\\\/en\\\/author\\\/simon-schmitt\\\/\"}]}<\/script>\n<!-- \/ Yoast SEO plugin. -->","yoast_head_json":{"title":"La salle des profs, la \u00ab Area 51 \u00bb du LFA - Cam\u00e4l\u00e9on","description":"La salle des professeurs,\u00a0le seul endroit dans le lyc\u00e9e accessible uniquement\u00a0\u00a0aux professeurs. C'est un lieu tr\u00e8s myst\u00e9rieux.","robots":{"index":"index","follow":"follow","max-snippet":"max-snippet:-1","max-image-preview":"max-image-preview:large","max-video-preview":"max-video-preview:-1"},"canonical":"https:\/\/www.camaeleon.org\/en\/2015\/11\/27\/la-salle-des-profs-la-area-51-du-lfa\/","og_locale":"en_US","og_type":"article","og_title":"La salle des profs, la \u00ab Area 51 \u00bb du LFA - Cam\u00e4l\u00e9on","og_description":"La salle des professeurs,\u00a0le seul endroit dans le lyc\u00e9e accessible uniquement\u00a0\u00a0aux professeurs. C'est un lieu tr\u00e8s myst\u00e9rieux.","og_url":"https:\/\/www.camaeleon.org\/en\/2015\/11\/27\/la-salle-des-profs-la-area-51-du-lfa\/","og_site_name":"Cam\u00e4l\u00e9on","article_publisher":"https:\/\/www.facebook.com\/camaeleon.org\/","article_published_time":"2015-11-27T13:37:44+00:00","article_modified_time":"2020-12-23T17:04:59+00:00","og_image":[{"width":400,"height":600,"url":"https:\/\/www.camaeleon.org\/wp-content\/uploads\/2015\/11\/IMG_15651.jpg","type":"image\/jpeg"}],"author":"Simon Schmitt","twitter_card":"summary_large_image","twitter_creator":"@camaeleonOrg","twitter_site":"@camaeleonOrg","schema":{"@context":"https:\/\/schema.org","@graph":[{"@type":"Article","@id":"https:\/\/www.camaeleon.org\/de\/2015\/11\/27\/la-salle-des-profs-la-area-51-du-lfa\/#article","isPartOf":{"@id":"https:\/\/www.camaeleon.org\/de\/2015\/11\/27\/la-salle-des-profs-la-area-51-du-lfa\/"},"author":{"name":"Simon Schmitt","@id":"https:\/\/www.camaeleon.org\/de\/#\/schema\/person\/2da1ff5e609c1d3d5fb82828a8028bfb"},"headline":"La salle des profs, la \u00ab Area 51 \u00bb du LFA","datePublished":"2015-11-27T13:37:44+00:00","dateModified":"2020-12-23T17:04:59+00:00","mainEntityOfPage":{"@id":"https:\/\/www.camaeleon.org\/de\/2015\/11\/27\/la-salle-des-profs-la-area-51-du-lfa\/"},"wordCount":760,"commentCount":4,"publisher":{"@id":"https:\/\/www.camaeleon.org\/de\/#organization"},"image":{"@id":"https:\/\/www.camaeleon.org\/de\/2015\/11\/27\/la-salle-des-profs-la-area-51-du-lfa\/#primaryimage"},"thumbnailUrl":"https:\/\/www.camaeleon.org\/wp-content\/uploads\/2015\/11\/IMG_15651.jpg","keywords":["Lehrer","Lehrerzimmer","Salle des profs"],"articleSection":["School"],"inLanguage":"en-US","potentialAction":[{"@type":"CommentAction","name":"Comment","target":["https:\/\/www.camaeleon.org\/de\/2015\/11\/27\/la-salle-des-profs-la-area-51-du-lfa\/#respond"]}]},{"@type":"WebPage","@id":"https:\/\/www.camaeleon.org\/en\/2015\/11\/27\/la-salle-des-profs-la-area-51-du-lfa\/","url":"https:\/\/www.camaeleon.org\/en\/2015\/11\/27\/la-salle-des-profs-la-area-51-du-lfa\/","name":"La salle des profs, la \u00ab Area 51 \u00bb du LFA - Cam\u00e4l\u00e9on","isPartOf":{"@id":"https:\/\/www.camaeleon.org\/en\/#website"},"primaryImageOfPage":{"@id":"https:\/\/www.camaeleon.org\/en\/2015\/11\/27\/la-salle-des-profs-la-area-51-du-lfa\/#primaryimage"},"image":{"@id":"https:\/\/www.camaeleon.org\/de\/2015\/11\/27\/la-salle-des-profs-la-area-51-du-lfa\/#primaryimage"},"thumbnailUrl":"https:\/\/www.camaeleon.org\/wp-content\/uploads\/2015\/11\/IMG_15651.jpg","datePublished":"2015-11-27T13:37:44+00:00","dateModified":"2020-12-23T17:04:59+00:00","description":"La salle des professeurs,\u00a0le seul endroit dans le lyc\u00e9e accessible uniquement\u00a0\u00a0aux professeurs. C'est un lieu tr\u00e8s myst\u00e9rieux.","breadcrumb":{"@id":"https:\/\/www.camaeleon.org\/en\/2015\/11\/27\/la-salle-des-profs-la-area-51-du-lfa\/#breadcrumb"},"inLanguage":"en-US","potentialAction":[{"@type":"ReadAction","target":[["https:\/\/www.camaeleon.org\/en\/2015\/11\/27\/la-salle-des-profs-la-area-51-du-lfa\/"]]}]},{"@type":"ImageObject","inLanguage":"en-US","@id":"https:\/\/www.camaeleon.org\/en\/2015\/11\/27\/la-salle-des-profs-la-area-51-du-lfa\/#primaryimage","url":"https:\/\/www.camaeleon.org\/wp-content\/uploads\/2015\/11\/IMG_15651.jpg","contentUrl":"https:\/\/www.camaeleon.org\/wp-content\/uploads\/2015\/11\/IMG_15651.jpg","width":400,"height":600,"caption":""},{"@type":"BreadcrumbList","@id":"https:\/\/www.camaeleon.org\/en\/2015\/11\/27\/la-salle-des-profs-la-area-51-du-lfa\/#breadcrumb","itemListElement":[{"@type":"ListItem","position":1,"name":"Home","item":"https:\/\/www.camaeleon.org\/en\/"},{"@type":"ListItem","position":2,"name":"La salle des profs, la \u00ab Area 51 \u00bb du LFA"}]},{"@type":"WebSite","@id":"https:\/\/www.camaeleon.org\/en\/#website","url":"https:\/\/www.camaeleon.org\/en\/","name":"Cam\u00e4l\u00e9on","description":"The online student magazine by Deutsch-Franz\u00f6sisches Gymnasium Saarbr\u00fccken","publisher":{"@id":"https:\/\/www.camaeleon.org\/en\/#organization"},"potentialAction":[{"@type":"SearchAction","target":{"@type":"EntryPoint","urlTemplate":"https:\/\/www.camaeleon.org\/en\/?s={search_term_string}"},"query-input":{"@type":"PropertyValueSpecification","valueRequired":true,"valueName":"search_term_string"}}],"inLanguage":"en-US"},{"@type":"Organization","@id":"https:\/\/www.camaeleon.org\/en\/#organization","name":"Cam\u00e4l\u00e9on","url":"https:\/\/www.camaeleon.org\/en\/","logo":{"@type":"ImageObject","inLanguage":"en-US","@id":"https:\/\/www.camaeleon.org\/en\/#\/schema\/logo\/image\/","url":"https:\/\/www.camaeleon.org\/wp-content\/uploads\/2011\/11\/CAM\u00c4LEON.jpg","contentUrl":"https:\/\/www.camaeleon.org\/wp-content\/uploads\/2011\/11\/CAM\u00c4LEON.jpg","width":959,"height":959,"caption":"Cam\u00e4l\u00e9on"},"image":{"@id":"https:\/\/www.camaeleon.org\/en\/#\/schema\/logo\/image\/"},"sameAs":["https:\/\/www.facebook.com\/camaeleon.org\/","https:\/\/x.com\/camaeleonOrg","https:\/\/www.instagram.com\/camaeleon.dfg\/","https:\/\/www.youtube.com\/channel\/UCl3TAUDdGuu_c7CD6ax6hYg"]},{"@type":"Person","@id":"https:\/\/www.camaeleon.org\/de\/#\/schema\/person\/2da1ff5e609c1d3d5fb82828a8028bfb","name":"Simon Schmitt","image":{"@type":"ImageObject","inLanguage":"en-US","@id":"https:\/\/www.camaeleon.org\/en\/wp-content\/uploads\/2016\/02\/img_1416.jpg420623f6ad5d2b2349a9dd2a6f207967","url":"https:\/\/www.camaeleon.org\/wp-content\/uploads\/2016\/02\/img_1416.jpg","contentUrl":"https:\/\/www.camaeleon.org\/wp-content\/uploads\/2016\/02\/img_1416.jpg","caption":"Simon Schmitt"},"description":"Mit meiner kleinen Prise Witz in meinen Artikeln, verwitzige ich den grauen Alltag am DFG.","url":"https:\/\/www.camaeleon.org\/en\/author\/simon-schmitt\/"}]}},"_links":{"self":[{"href":"https:\/\/www.camaeleon.org\/en\/wp-json\/wp\/v2\/posts\/8877","targetHints":{"allow":["GET"]}}],"collection":[{"href":"https:\/\/www.camaeleon.org\/en\/wp-json\/wp\/v2\/posts"}],"about":[{"href":"https:\/\/www.camaeleon.org\/en\/wp-json\/wp\/v2\/types\/post"}],"author":[{"embeddable":true,"href":"https:\/\/www.camaeleon.org\/en\/wp-json\/wp\/v2\/users\/99"}],"replies":[{"embeddable":true,"href":"https:\/\/www.camaeleon.org\/en\/wp-json\/wp\/v2\/comments?post=8877"}],"version-history":[{"count":0,"href":"https:\/\/www.camaeleon.org\/en\/wp-json\/wp\/v2\/posts\/8877\/revisions"}],"wp:featuredmedia":[{"embeddable":true,"href":"https:\/\/www.camaeleon.org\/en\/wp-json\/wp\/v2\/media\/9170"}],"wp:attachment":[{"href":"https:\/\/www.camaeleon.org\/en\/wp-json\/wp\/v2\/media?parent=8877"}],"wp:term":[{"taxonomy":"category","embeddable":true,"href":"https:\/\/www.camaeleon.org\/en\/wp-json\/wp\/v2\/categories?post=8877"},{"taxonomy":"post_tag","embeddable":true,"href":"https:\/\/www.camaeleon.org\/en\/wp-json\/wp\/v2\/tags?post=8877"},{"taxonomy":"author","embeddable":true,"href":"https:\/\/www.camaeleon.org\/en\/wp-json\/wp\/v2\/coauthors?post=8877"}],"curies":[{"name":"wp","href":"https:\/\/api.w.org\/{rel}","templated":true}]}}