{"id":8087,"date":"2015-06-12T14:35:06","date_gmt":"2015-06-12T12:35:06","guid":{"rendered":"http:\/\/www.camaeleon.org\/?p=8087"},"modified":"2020-12-23T18:07:39","modified_gmt":"2020-12-23T17:07:39","slug":"peter-pan-der-kinderdieb","status":"publish","type":"post","link":"https:\/\/www.camaeleon.org\/en\/2015\/06\/12\/peter-pan-der-kinderdieb\/","title":{"rendered":"Peter Pan &#8211; Der Kinderdieb"},"content":{"rendered":"<p><figure id=\"attachment_8276\" aria-describedby=\"caption-attachment-8276\" style=\"width: 300px\" class=\"wp-caption alignright\"><a href=\"https:\/\/www.camaeleon.org\/wp-content\/uploads\/2015\/05\/20150508_143206.jpg\"><img loading=\"lazy\" decoding=\"async\" class=\"size-medium wp-image-8276 \" src=\"https:\/\/www.camaeleon.org\/wp-content\/uploads\/2015\/05\/20150508_143206-300x169.jpg\" alt=\"Peter Pan\" width=\"300\" height=\"169\" srcset=\"https:\/\/www.camaeleon.org\/wp-content\/uploads\/2015\/05\/20150508_143206-300x169.jpg 300w, https:\/\/www.camaeleon.org\/wp-content\/uploads\/2015\/05\/20150508_143206.jpg 600w\" sizes=\"auto, (max-width: 300px) 100vw, 300px\" \/><\/a><figcaption id=\"caption-attachment-8276\" class=\"wp-caption-text\">Peter Pan in der Version von Gerald Brom (Foto: K. Weidle)<\/figcaption><\/figure><\/p>\n<p>Wenn man Peter Pan h\u00f6rt, denkt man sofort an einen rothaarigen Jungen mit gr\u00fcnen Kleidern und einem kleinen Messer, der mit einem Haufen Kinder im Nimmerland gegen Piraten k\u00e4mpft. So hat ihn zumindest der schottische Schriftsteller James Matthew Barrie im Jahr 1904 erdacht.<\/p>\n<p>Erst viele Jahre sp\u00e4ter &#8211; im Jahr 1953 &#8211; wurde die Figur mit dem Disney-Kinderfilm weltber\u00fchmt.<\/p>\n<p>Im Roman <em>Der Kinderdieb<\/em> von Gerald Brom aus dem Jahr 2010 wird Peter Pan noch einmal neu erfunden: Hier bleiben Kinder f\u00fcr immer Kinder, w\u00e4hrend in fr\u00fcheren Versionen die Kinder von Peter Pan auf eine einsame Insel mitgenommen wurden, um ihnen dort den Kampf gegen Piraten beizubringen. Sobald die Kinder jedoch erwachsen waren, wurden diese &#8220;ausgej\u00e4tet&#8221; oder einfacher gesagt: umgebracht.<\/p>\n<p><em>Der Kinderdieb<\/em> vereint die verschiedenen Pers\u00f6nlichkeiten von Peter Pan. Die Geschichte an sich ist auch sehr spannend. Die Kinder auf der Insel werden niemals alt und die Piraten aus dem Kinderm\u00e4rchen sind zu Fleischfresern mutiert. Das einzige am Buch, was mir nicht gefallen hat, ist, dass im Laufe der Geschichte fast alle sterben.<\/p>","protected":false},"excerpt":{"rendered":"<p>Wenn man Peter Pan h\u00f6rt, denkt man sofort an einen rothaarigen Jungen mit gr\u00fcnen Kleidern und einem kleinen Messer, der mit einem Haufen Kinder im<\/p>\n","protected":false},"author":89,"featured_media":8276,"comment_status":"open","ping_status":"open","sticky":false,"template":"","format":"standard","meta":{"colormag_page_container_layout":"default_layout","colormag_page_sidebar_layout":"default_layout","footnotes":""},"categories":[8,196,197],"tags":[212,1000,271],"coauthors":[800],"class_list":["post-8087","post","type-post","status-publish","format-standard","has-post-thumbnail","hentry","category-culture","category-film","category-lecture","tag-buecher","tag-lecture","tag-peter-pan"],"yoast_head":"<!-- This site is optimized with the Yoast SEO plugin v27.4 - https:\/\/yoast.com\/product\/yoast-seo-wordpress\/ -->\n<title>Peter Pan - Der Kinderdieb - Cam\u00e4l\u00e9on<\/title>\n<meta name=\"description\" content=\"Wenn man Peter Pan h\u00f6rt, denkt man sofort an einen rothaarigen Jungen mit gr\u00fcnen Kleidern, der mit einem Haufen Kinder im Nimmerland gegen Piraten k\u00e4mpft.\" \/>\n<meta name=\"robots\" content=\"index, follow, max-snippet:-1, max-image-preview:large, max-video-preview:-1\" \/>\n<link rel=\"canonical\" href=\"https:\/\/www.camaeleon.org\/en\/2015\/06\/12\/peter-pan-der-kinderdieb\/\" \/>\n<meta property=\"og:locale\" content=\"en_US\" \/>\n<meta property=\"og:type\" content=\"article\" \/>\n<meta property=\"og:title\" content=\"Peter Pan - Der Kinderdieb - Cam\u00e4l\u00e9on\" \/>\n<meta property=\"og:description\" content=\"Wenn man Peter Pan h\u00f6rt, denkt man sofort an einen rothaarigen Jungen mit gr\u00fcnen Kleidern, der mit einem Haufen Kinder im Nimmerland gegen Piraten k\u00e4mpft.\" \/>\n<meta property=\"og:url\" content=\"https:\/\/www.camaeleon.org\/en\/2015\/06\/12\/peter-pan-der-kinderdieb\/\" \/>\n<meta property=\"og:site_name\" content=\"Cam\u00e4l\u00e9on\" \/>\n<meta property=\"article:publisher\" content=\"https:\/\/www.facebook.com\/camaeleon.org\/\" \/>\n<meta property=\"article:published_time\" content=\"2015-06-12T12:35:06+00:00\" \/>\n<meta property=\"article:modified_time\" content=\"2020-12-23T17:07:39+00:00\" \/>\n<meta property=\"og:image\" content=\"https:\/\/www.camaeleon.org\/wp-content\/uploads\/2015\/05\/20150508_143206.jpg\" \/>\n\t<meta property=\"og:image:width\" content=\"600\" \/>\n\t<meta property=\"og:image:height\" content=\"338\" \/>\n\t<meta property=\"og:image:type\" content=\"image\/jpeg\" \/>\n<meta name=\"author\" content=\"Khady Weidle\" \/>\n<meta name=\"twitter:card\" content=\"summary_large_image\" \/>\n<meta name=\"twitter:creator\" content=\"@camaeleonOrg\" \/>\n<meta name=\"twitter:site\" content=\"@camaeleonOrg\" \/>\n<script type=\"application\/ld+json\" class=\"yoast-schema-graph\">{\"@context\":\"https:\\\/\\\/schema.org\",\"@graph\":[{\"@type\":\"Article\",\"@id\":\"https:\\\/\\\/www.camaeleon.org\\\/de\\\/2015\\\/06\\\/12\\\/peter-pan-der-kinderdieb\\\/#article\",\"isPartOf\":{\"@id\":\"https:\\\/\\\/www.camaeleon.org\\\/de\\\/2015\\\/06\\\/12\\\/peter-pan-der-kinderdieb\\\/\"},\"author\":{\"name\":\"Khady Weidle\",\"@id\":\"https:\\\/\\\/www.camaeleon.org\\\/de\\\/#\\\/schema\\\/person\\\/074ca3e7ab189868c41e5409cde2eef0\"},\"headline\":\"Peter Pan &#8211; Der Kinderdieb\",\"datePublished\":\"2015-06-12T12:35:06+00:00\",\"dateModified\":\"2020-12-23T17:07:39+00:00\",\"mainEntityOfPage\":{\"@id\":\"https:\\\/\\\/www.camaeleon.org\\\/de\\\/2015\\\/06\\\/12\\\/peter-pan-der-kinderdieb\\\/\"},\"wordCount\":604,\"commentCount\":0,\"publisher\":{\"@id\":\"https:\\\/\\\/www.camaeleon.org\\\/de\\\/#organization\"},\"image\":{\"@id\":\"https:\\\/\\\/www.camaeleon.org\\\/de\\\/2015\\\/06\\\/12\\\/peter-pan-der-kinderdieb\\\/#primaryimage\"},\"thumbnailUrl\":\"https:\\\/\\\/www.camaeleon.org\\\/wp-content\\\/uploads\\\/2015\\\/05\\\/20150508_143206.jpg\",\"keywords\":[\"B\u00fccher\",\"lecture\",\"Peter Pan\"],\"articleSection\":[\"Culture\",\"Film\",\"Reading\"],\"inLanguage\":\"en-US\",\"potentialAction\":[{\"@type\":\"CommentAction\",\"name\":\"Comment\",\"target\":[\"https:\\\/\\\/www.camaeleon.org\\\/de\\\/2015\\\/06\\\/12\\\/peter-pan-der-kinderdieb\\\/#respond\"]}]},{\"@type\":\"WebPage\",\"@id\":\"https:\\\/\\\/www.camaeleon.org\\\/en\\\/2015\\\/06\\\/12\\\/peter-pan-der-kinderdieb\\\/\",\"url\":\"https:\\\/\\\/www.camaeleon.org\\\/en\\\/2015\\\/06\\\/12\\\/peter-pan-der-kinderdieb\\\/\",\"name\":\"Peter Pan - Der Kinderdieb - Cam\u00e4l\u00e9on\",\"isPartOf\":{\"@id\":\"https:\\\/\\\/www.camaeleon.org\\\/en\\\/#website\"},\"primaryImageOfPage\":{\"@id\":\"https:\\\/\\\/www.camaeleon.org\\\/en\\\/2015\\\/06\\\/12\\\/peter-pan-der-kinderdieb\\\/#primaryimage\"},\"image\":{\"@id\":\"https:\\\/\\\/www.camaeleon.org\\\/de\\\/2015\\\/06\\\/12\\\/peter-pan-der-kinderdieb\\\/#primaryimage\"},\"thumbnailUrl\":\"https:\\\/\\\/www.camaeleon.org\\\/wp-content\\\/uploads\\\/2015\\\/05\\\/20150508_143206.jpg\",\"datePublished\":\"2015-06-12T12:35:06+00:00\",\"dateModified\":\"2020-12-23T17:07:39+00:00\",\"description\":\"Wenn man Peter Pan h\u00f6rt, denkt man sofort an einen rothaarigen Jungen mit gr\u00fcnen Kleidern, der mit einem Haufen Kinder im Nimmerland gegen Piraten k\u00e4mpft.\",\"breadcrumb\":{\"@id\":\"https:\\\/\\\/www.camaeleon.org\\\/en\\\/2015\\\/06\\\/12\\\/peter-pan-der-kinderdieb\\\/#breadcrumb\"},\"inLanguage\":\"en-US\",\"potentialAction\":[{\"@type\":\"ReadAction\",\"target\":[[\"https:\\\/\\\/www.camaeleon.org\\\/en\\\/2015\\\/06\\\/12\\\/peter-pan-der-kinderdieb\\\/\"]]}]},{\"@type\":\"ImageObject\",\"inLanguage\":\"en-US\",\"@id\":\"https:\\\/\\\/www.camaeleon.org\\\/en\\\/2015\\\/06\\\/12\\\/peter-pan-der-kinderdieb\\\/#primaryimage\",\"url\":\"https:\\\/\\\/www.camaeleon.org\\\/wp-content\\\/uploads\\\/2015\\\/05\\\/20150508_143206.jpg\",\"contentUrl\":\"https:\\\/\\\/www.camaeleon.org\\\/wp-content\\\/uploads\\\/2015\\\/05\\\/20150508_143206.jpg\",\"width\":600,\"height\":338,\"caption\":\"Peter Pan (Foto: K. Weidle)\"},{\"@type\":\"BreadcrumbList\",\"@id\":\"https:\\\/\\\/www.camaeleon.org\\\/en\\\/2015\\\/06\\\/12\\\/peter-pan-der-kinderdieb\\\/#breadcrumb\",\"itemListElement\":[{\"@type\":\"ListItem\",\"position\":1,\"name\":\"Home\",\"item\":\"https:\\\/\\\/www.camaeleon.org\\\/en\\\/\"},{\"@type\":\"ListItem\",\"position\":2,\"name\":\"Peter Pan &#8211; Der Kinderdieb\"}]},{\"@type\":\"WebSite\",\"@id\":\"https:\\\/\\\/www.camaeleon.org\\\/en\\\/#website\",\"url\":\"https:\\\/\\\/www.camaeleon.org\\\/en\\\/\",\"name\":\"Cam\u00e4l\u00e9on\",\"description\":\"The online student magazine by Deutsch-Franz\u00f6sisches Gymnasium Saarbr\u00fccken\",\"publisher\":{\"@id\":\"https:\\\/\\\/www.camaeleon.org\\\/en\\\/#organization\"},\"potentialAction\":[{\"@type\":\"SearchAction\",\"target\":{\"@type\":\"EntryPoint\",\"urlTemplate\":\"https:\\\/\\\/www.camaeleon.org\\\/en\\\/?s={search_term_string}\"},\"query-input\":{\"@type\":\"PropertyValueSpecification\",\"valueRequired\":true,\"valueName\":\"search_term_string\"}}],\"inLanguage\":\"en-US\"},{\"@type\":\"Organization\",\"@id\":\"https:\\\/\\\/www.camaeleon.org\\\/en\\\/#organization\",\"name\":\"Cam\u00e4l\u00e9on\",\"url\":\"https:\\\/\\\/www.camaeleon.org\\\/en\\\/\",\"logo\":{\"@type\":\"ImageObject\",\"inLanguage\":\"en-US\",\"@id\":\"https:\\\/\\\/www.camaeleon.org\\\/en\\\/#\\\/schema\\\/logo\\\/image\\\/\",\"url\":\"https:\\\/\\\/www.camaeleon.org\\\/wp-content\\\/uploads\\\/2011\\\/11\\\/CAM\u00c4LEON.jpg\",\"contentUrl\":\"https:\\\/\\\/www.camaeleon.org\\\/wp-content\\\/uploads\\\/2011\\\/11\\\/CAM\u00c4LEON.jpg\",\"width\":959,\"height\":959,\"caption\":\"Cam\u00e4l\u00e9on\"},\"image\":{\"@id\":\"https:\\\/\\\/www.camaeleon.org\\\/en\\\/#\\\/schema\\\/logo\\\/image\\\/\"},\"sameAs\":[\"https:\\\/\\\/www.facebook.com\\\/camaeleon.org\\\/\",\"https:\\\/\\\/x.com\\\/camaeleonOrg\",\"https:\\\/\\\/www.instagram.com\\\/camaeleon.dfg\\\/\",\"https:\\\/\\\/www.youtube.com\\\/channel\\\/UCl3TAUDdGuu_c7CD6ax6hYg\"]},{\"@type\":\"Person\",\"@id\":\"https:\\\/\\\/www.camaeleon.org\\\/de\\\/#\\\/schema\\\/person\\\/074ca3e7ab189868c41e5409cde2eef0\",\"name\":\"Khady Weidle\",\"image\":{\"@type\":\"ImageObject\",\"inLanguage\":\"en-US\",\"@id\":\"https:\\\/\\\/www.camaeleon.org\\\/en\\\/wp-content\\\/uploads\\\/2016\\\/02\\\/img_7004.jpg743a3cb47e4b1bec3ae8eb86521c0c62\",\"url\":\"https:\\\/\\\/www.camaeleon.org\\\/wp-content\\\/uploads\\\/2016\\\/02\\\/img_7004.jpg\",\"contentUrl\":\"https:\\\/\\\/www.camaeleon.org\\\/wp-content\\\/uploads\\\/2016\\\/02\\\/img_7004.jpg\",\"caption\":\"Khady Weidle\"},\"url\":\"https:\\\/\\\/www.camaeleon.org\\\/en\\\/author\\\/khady-weidle\\\/\"}]}<\/script>\n<!-- \/ Yoast SEO plugin. -->","yoast_head_json":{"title":"Peter Pan - Der Kinderdieb - Cam\u00e4l\u00e9on","description":"Wenn man Peter Pan h\u00f6rt, denkt man sofort an einen rothaarigen Jungen mit gr\u00fcnen Kleidern, der mit einem Haufen Kinder im Nimmerland gegen Piraten k\u00e4mpft.","robots":{"index":"index","follow":"follow","max-snippet":"max-snippet:-1","max-image-preview":"max-image-preview:large","max-video-preview":"max-video-preview:-1"},"canonical":"https:\/\/www.camaeleon.org\/en\/2015\/06\/12\/peter-pan-der-kinderdieb\/","og_locale":"en_US","og_type":"article","og_title":"Peter Pan - Der Kinderdieb - Cam\u00e4l\u00e9on","og_description":"Wenn man Peter Pan h\u00f6rt, denkt man sofort an einen rothaarigen Jungen mit gr\u00fcnen Kleidern, der mit einem Haufen Kinder im Nimmerland gegen Piraten k\u00e4mpft.","og_url":"https:\/\/www.camaeleon.org\/en\/2015\/06\/12\/peter-pan-der-kinderdieb\/","og_site_name":"Cam\u00e4l\u00e9on","article_publisher":"https:\/\/www.facebook.com\/camaeleon.org\/","article_published_time":"2015-06-12T12:35:06+00:00","article_modified_time":"2020-12-23T17:07:39+00:00","og_image":[{"width":600,"height":338,"url":"https:\/\/www.camaeleon.org\/wp-content\/uploads\/2015\/05\/20150508_143206.jpg","type":"image\/jpeg"}],"author":"Khady Weidle","twitter_card":"summary_large_image","twitter_creator":"@camaeleonOrg","twitter_site":"@camaeleonOrg","schema":{"@context":"https:\/\/schema.org","@graph":[{"@type":"Article","@id":"https:\/\/www.camaeleon.org\/de\/2015\/06\/12\/peter-pan-der-kinderdieb\/#article","isPartOf":{"@id":"https:\/\/www.camaeleon.org\/de\/2015\/06\/12\/peter-pan-der-kinderdieb\/"},"author":{"name":"Khady Weidle","@id":"https:\/\/www.camaeleon.org\/de\/#\/schema\/person\/074ca3e7ab189868c41e5409cde2eef0"},"headline":"Peter Pan &#8211; Der Kinderdieb","datePublished":"2015-06-12T12:35:06+00:00","dateModified":"2020-12-23T17:07:39+00:00","mainEntityOfPage":{"@id":"https:\/\/www.camaeleon.org\/de\/2015\/06\/12\/peter-pan-der-kinderdieb\/"},"wordCount":604,"commentCount":0,"publisher":{"@id":"https:\/\/www.camaeleon.org\/de\/#organization"},"image":{"@id":"https:\/\/www.camaeleon.org\/de\/2015\/06\/12\/peter-pan-der-kinderdieb\/#primaryimage"},"thumbnailUrl":"https:\/\/www.camaeleon.org\/wp-content\/uploads\/2015\/05\/20150508_143206.jpg","keywords":["B\u00fccher","lecture","Peter Pan"],"articleSection":["Culture","Film","Reading"],"inLanguage":"en-US","potentialAction":[{"@type":"CommentAction","name":"Comment","target":["https:\/\/www.camaeleon.org\/de\/2015\/06\/12\/peter-pan-der-kinderdieb\/#respond"]}]},{"@type":"WebPage","@id":"https:\/\/www.camaeleon.org\/en\/2015\/06\/12\/peter-pan-der-kinderdieb\/","url":"https:\/\/www.camaeleon.org\/en\/2015\/06\/12\/peter-pan-der-kinderdieb\/","name":"Peter Pan - Der Kinderdieb - Cam\u00e4l\u00e9on","isPartOf":{"@id":"https:\/\/www.camaeleon.org\/en\/#website"},"primaryImageOfPage":{"@id":"https:\/\/www.camaeleon.org\/en\/2015\/06\/12\/peter-pan-der-kinderdieb\/#primaryimage"},"image":{"@id":"https:\/\/www.camaeleon.org\/de\/2015\/06\/12\/peter-pan-der-kinderdieb\/#primaryimage"},"thumbnailUrl":"https:\/\/www.camaeleon.org\/wp-content\/uploads\/2015\/05\/20150508_143206.jpg","datePublished":"2015-06-12T12:35:06+00:00","dateModified":"2020-12-23T17:07:39+00:00","description":"Wenn man Peter Pan h\u00f6rt, denkt man sofort an einen rothaarigen Jungen mit gr\u00fcnen Kleidern, der mit einem Haufen Kinder im Nimmerland gegen Piraten k\u00e4mpft.","breadcrumb":{"@id":"https:\/\/www.camaeleon.org\/en\/2015\/06\/12\/peter-pan-der-kinderdieb\/#breadcrumb"},"inLanguage":"en-US","potentialAction":[{"@type":"ReadAction","target":[["https:\/\/www.camaeleon.org\/en\/2015\/06\/12\/peter-pan-der-kinderdieb\/"]]}]},{"@type":"ImageObject","inLanguage":"en-US","@id":"https:\/\/www.camaeleon.org\/en\/2015\/06\/12\/peter-pan-der-kinderdieb\/#primaryimage","url":"https:\/\/www.camaeleon.org\/wp-content\/uploads\/2015\/05\/20150508_143206.jpg","contentUrl":"https:\/\/www.camaeleon.org\/wp-content\/uploads\/2015\/05\/20150508_143206.jpg","width":600,"height":338,"caption":"Peter Pan (Foto: K. Weidle)"},{"@type":"BreadcrumbList","@id":"https:\/\/www.camaeleon.org\/en\/2015\/06\/12\/peter-pan-der-kinderdieb\/#breadcrumb","itemListElement":[{"@type":"ListItem","position":1,"name":"Home","item":"https:\/\/www.camaeleon.org\/en\/"},{"@type":"ListItem","position":2,"name":"Peter Pan &#8211; Der Kinderdieb"}]},{"@type":"WebSite","@id":"https:\/\/www.camaeleon.org\/en\/#website","url":"https:\/\/www.camaeleon.org\/en\/","name":"Cam\u00e4l\u00e9on","description":"The online student magazine by Deutsch-Franz\u00f6sisches Gymnasium Saarbr\u00fccken","publisher":{"@id":"https:\/\/www.camaeleon.org\/en\/#organization"},"potentialAction":[{"@type":"SearchAction","target":{"@type":"EntryPoint","urlTemplate":"https:\/\/www.camaeleon.org\/en\/?s={search_term_string}"},"query-input":{"@type":"PropertyValueSpecification","valueRequired":true,"valueName":"search_term_string"}}],"inLanguage":"en-US"},{"@type":"Organization","@id":"https:\/\/www.camaeleon.org\/en\/#organization","name":"Cam\u00e4l\u00e9on","url":"https:\/\/www.camaeleon.org\/en\/","logo":{"@type":"ImageObject","inLanguage":"en-US","@id":"https:\/\/www.camaeleon.org\/en\/#\/schema\/logo\/image\/","url":"https:\/\/www.camaeleon.org\/wp-content\/uploads\/2011\/11\/CAM\u00c4LEON.jpg","contentUrl":"https:\/\/www.camaeleon.org\/wp-content\/uploads\/2011\/11\/CAM\u00c4LEON.jpg","width":959,"height":959,"caption":"Cam\u00e4l\u00e9on"},"image":{"@id":"https:\/\/www.camaeleon.org\/en\/#\/schema\/logo\/image\/"},"sameAs":["https:\/\/www.facebook.com\/camaeleon.org\/","https:\/\/x.com\/camaeleonOrg","https:\/\/www.instagram.com\/camaeleon.dfg\/","https:\/\/www.youtube.com\/channel\/UCl3TAUDdGuu_c7CD6ax6hYg"]},{"@type":"Person","@id":"https:\/\/www.camaeleon.org\/de\/#\/schema\/person\/074ca3e7ab189868c41e5409cde2eef0","name":"Khady Weidle","image":{"@type":"ImageObject","inLanguage":"en-US","@id":"https:\/\/www.camaeleon.org\/en\/wp-content\/uploads\/2016\/02\/img_7004.jpg743a3cb47e4b1bec3ae8eb86521c0c62","url":"https:\/\/www.camaeleon.org\/wp-content\/uploads\/2016\/02\/img_7004.jpg","contentUrl":"https:\/\/www.camaeleon.org\/wp-content\/uploads\/2016\/02\/img_7004.jpg","caption":"Khady Weidle"},"url":"https:\/\/www.camaeleon.org\/en\/author\/khady-weidle\/"}]}},"_links":{"self":[{"href":"https:\/\/www.camaeleon.org\/en\/wp-json\/wp\/v2\/posts\/8087","targetHints":{"allow":["GET"]}}],"collection":[{"href":"https:\/\/www.camaeleon.org\/en\/wp-json\/wp\/v2\/posts"}],"about":[{"href":"https:\/\/www.camaeleon.org\/en\/wp-json\/wp\/v2\/types\/post"}],"author":[{"embeddable":true,"href":"https:\/\/www.camaeleon.org\/en\/wp-json\/wp\/v2\/users\/89"}],"replies":[{"embeddable":true,"href":"https:\/\/www.camaeleon.org\/en\/wp-json\/wp\/v2\/comments?post=8087"}],"version-history":[{"count":0,"href":"https:\/\/www.camaeleon.org\/en\/wp-json\/wp\/v2\/posts\/8087\/revisions"}],"wp:featuredmedia":[{"embeddable":true,"href":"https:\/\/www.camaeleon.org\/en\/wp-json\/wp\/v2\/media\/8276"}],"wp:attachment":[{"href":"https:\/\/www.camaeleon.org\/en\/wp-json\/wp\/v2\/media?parent=8087"}],"wp:term":[{"taxonomy":"category","embeddable":true,"href":"https:\/\/www.camaeleon.org\/en\/wp-json\/wp\/v2\/categories?post=8087"},{"taxonomy":"post_tag","embeddable":true,"href":"https:\/\/www.camaeleon.org\/en\/wp-json\/wp\/v2\/tags?post=8087"},{"taxonomy":"author","embeddable":true,"href":"https:\/\/www.camaeleon.org\/en\/wp-json\/wp\/v2\/coauthors?post=8087"}],"curies":[{"name":"wp","href":"https:\/\/api.w.org\/{rel}","templated":true}]}}