{"id":7104,"date":"2014-12-05T21:12:39","date_gmt":"2014-12-05T20:12:39","guid":{"rendered":"http:\/\/www.camaeleon.org\/?p=7104"},"modified":"2020-12-23T18:13:56","modified_gmt":"2020-12-23T17:13:56","slug":"auf-dem-eiffelturm-in-57-meter-hohe-schweben","status":"publish","type":"post","link":"https:\/\/www.camaeleon.org\/en\/2014\/12\/05\/auf-dem-eiffelturm-in-57-meter-hohe-schweben\/","title":{"rendered":"Auf dem Eiffelturm in 57 Meter H\u00f6he schweben!!!"},"content":{"rendered":"<p><figure id=\"attachment_7485\" aria-describedby=\"caption-attachment-7485\" style=\"width: 162px\" class=\"wp-caption alignleft\"><a href=\"https:\/\/www.camaeleon.org\/wp-content\/uploads\/2014\/12\/320px-Tour_Eiffel_Wikimedia_Commons.jpg\"><img loading=\"lazy\" decoding=\"async\" class=\"size-medium wp-image-7485 \" title=\"Eiffelturm\" src=\"https:\/\/www.camaeleon.org\/wp-content\/uploads\/2014\/12\/320px-Tour_Eiffel_Wikimedia_Commons-162x300.jpg\" alt=\"Eiffelturm\" width=\"162\" height=\"300\" srcset=\"https:\/\/www.camaeleon.org\/wp-content\/uploads\/2014\/12\/320px-Tour_Eiffel_Wikimedia_Commons-162x300.jpg 162w, https:\/\/www.camaeleon.org\/wp-content\/uploads\/2014\/12\/320px-Tour_Eiffel_Wikimedia_Commons.jpg 320w\" sizes=\"auto, (max-width: 162px) 100vw, 162px\" \/><\/a><figcaption id=\"caption-attachment-7485\" class=\"wp-caption-text\">Foto: {a href=&quot;http:\/\/commons.wikimedia.org\/wiki\/File:Tour_Eiffel_Wikimedia_Commons.jpg&quot;} Benh LIEU SONG {\/a} (Creative Commons Attribution-Share Alike 3.0 Unported)<\/figcaption><\/figure><\/p>\n<p>Bestimmt nichts f\u00fcr schwache Nerven!!! Auf dem Eiffelturm ist nach zwei Jahren die Renovierung endlich abgeschlossen. Das Pariser Wahrzeichen hat einen Glasboden auf den ersten Stockwerk erhalten. Zum Glasboden in 57 Meter H\u00f6he sagt man auch &#8220;Skyline&#8221;. Mehr als 250 Millionen Menschen haben den Turm seit seiner Er\u00f6ffnung vor 125 Jahren besucht. Insgesamt hat der ganze Umbau 30 Millionen Euro gekostet. Doch ihr fragt euch vielleicht, warum man den Eiffelturm renoviert hat. Ich verrate es euch: vorher haben viele Leute gemeint, man h\u00e4tte kein richtiges H\u00f6he- bzw. Schwindelgef\u00fchl und so waren manche Leute etwas entt\u00e4uscht. Die meisten Leute waren von dieser &#8220;Attraktion in der Attraktion&#8221; sehr positiv \u00fcberrascht. Ein Tourist aus Hawaii berichtet : \u201cIch habe Schmetterlinge im Bauch. Ich hoffe, die haben hier einen guten Job gemacht. Ich will nicht derjenige sein, der runter f\u00e4llt. Aber es hat auf jeden Fall Spa\u00df gemacht.&#8221; Ich selbst stand auch schon auf der Skyline und es ist einfach unbeschreiblich. Es lohnt sich wirklich den &#8220;neuen&#8221; Eiffelturm zu besuchen!<\/p>","protected":false},"excerpt":{"rendered":"<p>Bestimmt nichts f\u00fcr schwache Nerven!!! Auf dem Eiffelturm ist nach zwei Jahren die Renovierung endlich abgeschlossen. Das Pariser Wahrzeichen hat einen Glasboden auf den ersten<\/p>\n","protected":false},"author":73,"featured_media":7485,"comment_status":"open","ping_status":"open","sticky":false,"template":"","format":"standard","meta":{"colormag_page_container_layout":"default_layout","colormag_page_sidebar_layout":"default_layout","footnotes":""},"categories":[5],"tags":[306,294,305],"coauthors":[736],"class_list":["post-7104","post","type-post","status-publish","format-standard","has-post-thumbnail","hentry","category-monde","tag-eiffelturm","tag-paris","tag-reisen"],"yoast_head":"<!-- This site is optimized with the Yoast SEO plugin v27.5 - https:\/\/yoast.com\/product\/yoast-seo-wordpress\/ -->\n<title>Auf dem Eiffelturm in 57 Meter H\u00f6he schweben!!! - Cam\u00e4l\u00e9on<\/title>\n<meta name=\"description\" content=\"Bestimmt nichts f\u00fcr schwache Nerven! Der Eiffelturm hat einen Glasboden auf dem ersten Stockwerk erhalten.\" \/>\n<meta name=\"robots\" content=\"index, follow, max-snippet:-1, max-image-preview:large, max-video-preview:-1\" \/>\n<link rel=\"canonical\" href=\"https:\/\/www.camaeleon.org\/en\/2014\/12\/05\/auf-dem-eiffelturm-in-57-meter-hohe-schweben\/\" \/>\n<meta property=\"og:locale\" content=\"en_US\" \/>\n<meta property=\"og:type\" content=\"article\" \/>\n<meta property=\"og:title\" content=\"Auf dem Eiffelturm in 57 Meter H\u00f6he schweben!!! - Cam\u00e4l\u00e9on\" \/>\n<meta property=\"og:description\" content=\"Bestimmt nichts f\u00fcr schwache Nerven! Der Eiffelturm hat einen Glasboden auf dem ersten Stockwerk erhalten.\" \/>\n<meta property=\"og:url\" content=\"https:\/\/www.camaeleon.org\/en\/2014\/12\/05\/auf-dem-eiffelturm-in-57-meter-hohe-schweben\/\" \/>\n<meta property=\"og:site_name\" content=\"Cam\u00e4l\u00e9on\" \/>\n<meta property=\"article:publisher\" content=\"https:\/\/www.facebook.com\/camaeleon.org\/\" \/>\n<meta property=\"article:published_time\" content=\"2014-12-05T20:12:39+00:00\" \/>\n<meta property=\"article:modified_time\" content=\"2020-12-23T17:13:56+00:00\" \/>\n<meta property=\"og:image\" content=\"https:\/\/www.camaeleon.org\/wp-content\/uploads\/2014\/12\/320px-Tour_Eiffel_Wikimedia_Commons.jpg\" \/>\n\t<meta property=\"og:image:width\" content=\"320\" \/>\n\t<meta property=\"og:image:height\" content=\"592\" \/>\n\t<meta property=\"og:image:type\" content=\"image\/jpeg\" \/>\n<meta name=\"author\" content=\"Lili Amphiarus\" \/>\n<meta name=\"twitter:card\" content=\"summary_large_image\" \/>\n<meta name=\"twitter:creator\" content=\"@camaeleonOrg\" \/>\n<meta name=\"twitter:site\" content=\"@camaeleonOrg\" \/>\n<script type=\"application\/ld+json\" class=\"yoast-schema-graph\">{\"@context\":\"https:\\\/\\\/schema.org\",\"@graph\":[{\"@type\":\"Article\",\"@id\":\"https:\\\/\\\/www.camaeleon.org\\\/de\\\/2014\\\/12\\\/05\\\/auf-dem-eiffelturm-in-57-meter-hohe-schweben\\\/#article\",\"isPartOf\":{\"@id\":\"https:\\\/\\\/www.camaeleon.org\\\/de\\\/2014\\\/12\\\/05\\\/auf-dem-eiffelturm-in-57-meter-hohe-schweben\\\/\"},\"author\":{\"name\":\"Lili Amphiarus\",\"@id\":\"https:\\\/\\\/www.camaeleon.org\\\/de\\\/#\\\/schema\\\/person\\\/daeed3b112884bd6dd30f07ff66b1e8e\"},\"headline\":\"Auf dem Eiffelturm in 57 Meter H\u00f6he schweben!!!\",\"datePublished\":\"2014-12-05T20:12:39+00:00\",\"dateModified\":\"2020-12-23T17:13:56+00:00\",\"mainEntityOfPage\":{\"@id\":\"https:\\\/\\\/www.camaeleon.org\\\/de\\\/2014\\\/12\\\/05\\\/auf-dem-eiffelturm-in-57-meter-hohe-schweben\\\/\"},\"wordCount\":614,\"commentCount\":2,\"publisher\":{\"@id\":\"https:\\\/\\\/www.camaeleon.org\\\/de\\\/#organization\"},\"image\":{\"@id\":\"https:\\\/\\\/www.camaeleon.org\\\/de\\\/2014\\\/12\\\/05\\\/auf-dem-eiffelturm-in-57-meter-hohe-schweben\\\/#primaryimage\"},\"thumbnailUrl\":\"https:\\\/\\\/www.camaeleon.org\\\/wp-content\\\/uploads\\\/2014\\\/12\\\/320px-Tour_Eiffel_Wikimedia_Commons.jpg\",\"keywords\":[\"Eiffelturm\",\"Paris\",\"Reisen\"],\"articleSection\":[\"World\"],\"inLanguage\":\"en-US\",\"potentialAction\":[{\"@type\":\"CommentAction\",\"name\":\"Comment\",\"target\":[\"https:\\\/\\\/www.camaeleon.org\\\/de\\\/2014\\\/12\\\/05\\\/auf-dem-eiffelturm-in-57-meter-hohe-schweben\\\/#respond\"]}]},{\"@type\":\"WebPage\",\"@id\":\"https:\\\/\\\/www.camaeleon.org\\\/en\\\/2014\\\/12\\\/05\\\/auf-dem-eiffelturm-in-57-meter-hohe-schweben\\\/\",\"url\":\"https:\\\/\\\/www.camaeleon.org\\\/en\\\/2014\\\/12\\\/05\\\/auf-dem-eiffelturm-in-57-meter-hohe-schweben\\\/\",\"name\":\"Auf dem Eiffelturm in 57 Meter H\u00f6he schweben!!! - Cam\u00e4l\u00e9on\",\"isPartOf\":{\"@id\":\"https:\\\/\\\/www.camaeleon.org\\\/en\\\/#website\"},\"primaryImageOfPage\":{\"@id\":\"https:\\\/\\\/www.camaeleon.org\\\/en\\\/2014\\\/12\\\/05\\\/auf-dem-eiffelturm-in-57-meter-hohe-schweben\\\/#primaryimage\"},\"image\":{\"@id\":\"https:\\\/\\\/www.camaeleon.org\\\/de\\\/2014\\\/12\\\/05\\\/auf-dem-eiffelturm-in-57-meter-hohe-schweben\\\/#primaryimage\"},\"thumbnailUrl\":\"https:\\\/\\\/www.camaeleon.org\\\/wp-content\\\/uploads\\\/2014\\\/12\\\/320px-Tour_Eiffel_Wikimedia_Commons.jpg\",\"datePublished\":\"2014-12-05T20:12:39+00:00\",\"dateModified\":\"2020-12-23T17:13:56+00:00\",\"description\":\"Bestimmt nichts f\u00fcr schwache Nerven! Der Eiffelturm hat einen Glasboden auf dem ersten Stockwerk erhalten.\",\"breadcrumb\":{\"@id\":\"https:\\\/\\\/www.camaeleon.org\\\/en\\\/2014\\\/12\\\/05\\\/auf-dem-eiffelturm-in-57-meter-hohe-schweben\\\/#breadcrumb\"},\"inLanguage\":\"en-US\",\"potentialAction\":[{\"@type\":\"ReadAction\",\"target\":[[\"https:\\\/\\\/www.camaeleon.org\\\/en\\\/2014\\\/12\\\/05\\\/auf-dem-eiffelturm-in-57-meter-hohe-schweben\\\/\"]]}]},{\"@type\":\"ImageObject\",\"inLanguage\":\"en-US\",\"@id\":\"https:\\\/\\\/www.camaeleon.org\\\/en\\\/2014\\\/12\\\/05\\\/auf-dem-eiffelturm-in-57-meter-hohe-schweben\\\/#primaryimage\",\"url\":\"https:\\\/\\\/www.camaeleon.org\\\/wp-content\\\/uploads\\\/2014\\\/12\\\/320px-Tour_Eiffel_Wikimedia_Commons.jpg\",\"contentUrl\":\"https:\\\/\\\/www.camaeleon.org\\\/wp-content\\\/uploads\\\/2014\\\/12\\\/320px-Tour_Eiffel_Wikimedia_Commons.jpg\",\"width\":320,\"height\":592,\"caption\":\"Foto: {a href=\\\"http:\\\/\\\/commons.wikimedia.org\\\/wiki\\\/File:Tour_Eiffel_Wikimedia_Commons.jpg\\\"} Benh LIEU SONG {\\\/a} Creative Commons Attribution-Share Alike 3.0 Unported)\"},{\"@type\":\"BreadcrumbList\",\"@id\":\"https:\\\/\\\/www.camaeleon.org\\\/en\\\/2014\\\/12\\\/05\\\/auf-dem-eiffelturm-in-57-meter-hohe-schweben\\\/#breadcrumb\",\"itemListElement\":[{\"@type\":\"ListItem\",\"position\":1,\"name\":\"Home\",\"item\":\"https:\\\/\\\/www.camaeleon.org\\\/en\\\/\"},{\"@type\":\"ListItem\",\"position\":2,\"name\":\"Auf dem Eiffelturm in 57 Meter H\u00f6he schweben!!!\"}]},{\"@type\":\"WebSite\",\"@id\":\"https:\\\/\\\/www.camaeleon.org\\\/en\\\/#website\",\"url\":\"https:\\\/\\\/www.camaeleon.org\\\/en\\\/\",\"name\":\"Cam\u00e4l\u00e9on\",\"description\":\"The online student magazine by Deutsch-Franz\u00f6sisches Gymnasium Saarbr\u00fccken\",\"publisher\":{\"@id\":\"https:\\\/\\\/www.camaeleon.org\\\/en\\\/#organization\"},\"potentialAction\":[{\"@type\":\"SearchAction\",\"target\":{\"@type\":\"EntryPoint\",\"urlTemplate\":\"https:\\\/\\\/www.camaeleon.org\\\/en\\\/?s={search_term_string}\"},\"query-input\":{\"@type\":\"PropertyValueSpecification\",\"valueRequired\":true,\"valueName\":\"search_term_string\"}}],\"inLanguage\":\"en-US\"},{\"@type\":\"Organization\",\"@id\":\"https:\\\/\\\/www.camaeleon.org\\\/en\\\/#organization\",\"name\":\"Cam\u00e4l\u00e9on\",\"url\":\"https:\\\/\\\/www.camaeleon.org\\\/en\\\/\",\"logo\":{\"@type\":\"ImageObject\",\"inLanguage\":\"en-US\",\"@id\":\"https:\\\/\\\/www.camaeleon.org\\\/en\\\/#\\\/schema\\\/logo\\\/image\\\/\",\"url\":\"https:\\\/\\\/www.camaeleon.org\\\/wp-content\\\/uploads\\\/2011\\\/11\\\/CAM\u00c4LEON.jpg\",\"contentUrl\":\"https:\\\/\\\/www.camaeleon.org\\\/wp-content\\\/uploads\\\/2011\\\/11\\\/CAM\u00c4LEON.jpg\",\"width\":959,\"height\":959,\"caption\":\"Cam\u00e4l\u00e9on\"},\"image\":{\"@id\":\"https:\\\/\\\/www.camaeleon.org\\\/en\\\/#\\\/schema\\\/logo\\\/image\\\/\"},\"sameAs\":[\"https:\\\/\\\/www.facebook.com\\\/camaeleon.org\\\/\",\"https:\\\/\\\/x.com\\\/camaeleonOrg\",\"https:\\\/\\\/www.instagram.com\\\/camaeleon.dfg\\\/\",\"https:\\\/\\\/www.youtube.com\\\/channel\\\/UCl3TAUDdGuu_c7CD6ax6hYg\"]},{\"@type\":\"Person\",\"@id\":\"https:\\\/\\\/www.camaeleon.org\\\/de\\\/#\\\/schema\\\/person\\\/daeed3b112884bd6dd30f07ff66b1e8e\",\"name\":\"Lili Amphiarus\",\"image\":{\"@type\":\"ImageObject\",\"inLanguage\":\"en-US\",\"@id\":\"https:\\\/\\\/www.camaeleon.org\\\/en\\\/wp-content\\\/uploads\\\/2016\\\/02\\\/img_7023.jpg36368ee589e08a42214582654b711a1d\",\"url\":\"https:\\\/\\\/www.camaeleon.org\\\/wp-content\\\/uploads\\\/2016\\\/02\\\/img_7023.jpg\",\"contentUrl\":\"https:\\\/\\\/www.camaeleon.org\\\/wp-content\\\/uploads\\\/2016\\\/02\\\/img_7023.jpg\",\"caption\":\"Lili Amphiarus\"},\"url\":\"https:\\\/\\\/www.camaeleon.org\\\/en\\\/author\\\/lili-amphiarus\\\/\"}]}<\/script>\n<!-- \/ Yoast SEO plugin. -->","yoast_head_json":{"title":"Auf dem Eiffelturm in 57 Meter H\u00f6he schweben!!! - Cam\u00e4l\u00e9on","description":"Bestimmt nichts f\u00fcr schwache Nerven! Der Eiffelturm hat einen Glasboden auf dem ersten Stockwerk erhalten.","robots":{"index":"index","follow":"follow","max-snippet":"max-snippet:-1","max-image-preview":"max-image-preview:large","max-video-preview":"max-video-preview:-1"},"canonical":"https:\/\/www.camaeleon.org\/en\/2014\/12\/05\/auf-dem-eiffelturm-in-57-meter-hohe-schweben\/","og_locale":"en_US","og_type":"article","og_title":"Auf dem Eiffelturm in 57 Meter H\u00f6he schweben!!! - Cam\u00e4l\u00e9on","og_description":"Bestimmt nichts f\u00fcr schwache Nerven! Der Eiffelturm hat einen Glasboden auf dem ersten Stockwerk erhalten.","og_url":"https:\/\/www.camaeleon.org\/en\/2014\/12\/05\/auf-dem-eiffelturm-in-57-meter-hohe-schweben\/","og_site_name":"Cam\u00e4l\u00e9on","article_publisher":"https:\/\/www.facebook.com\/camaeleon.org\/","article_published_time":"2014-12-05T20:12:39+00:00","article_modified_time":"2020-12-23T17:13:56+00:00","og_image":[{"width":320,"height":592,"url":"https:\/\/www.camaeleon.org\/wp-content\/uploads\/2014\/12\/320px-Tour_Eiffel_Wikimedia_Commons.jpg","type":"image\/jpeg"}],"author":"Lili Amphiarus","twitter_card":"summary_large_image","twitter_creator":"@camaeleonOrg","twitter_site":"@camaeleonOrg","schema":{"@context":"https:\/\/schema.org","@graph":[{"@type":"Article","@id":"https:\/\/www.camaeleon.org\/de\/2014\/12\/05\/auf-dem-eiffelturm-in-57-meter-hohe-schweben\/#article","isPartOf":{"@id":"https:\/\/www.camaeleon.org\/de\/2014\/12\/05\/auf-dem-eiffelturm-in-57-meter-hohe-schweben\/"},"author":{"name":"Lili Amphiarus","@id":"https:\/\/www.camaeleon.org\/de\/#\/schema\/person\/daeed3b112884bd6dd30f07ff66b1e8e"},"headline":"Auf dem Eiffelturm in 57 Meter H\u00f6he schweben!!!","datePublished":"2014-12-05T20:12:39+00:00","dateModified":"2020-12-23T17:13:56+00:00","mainEntityOfPage":{"@id":"https:\/\/www.camaeleon.org\/de\/2014\/12\/05\/auf-dem-eiffelturm-in-57-meter-hohe-schweben\/"},"wordCount":614,"commentCount":2,"publisher":{"@id":"https:\/\/www.camaeleon.org\/de\/#organization"},"image":{"@id":"https:\/\/www.camaeleon.org\/de\/2014\/12\/05\/auf-dem-eiffelturm-in-57-meter-hohe-schweben\/#primaryimage"},"thumbnailUrl":"https:\/\/www.camaeleon.org\/wp-content\/uploads\/2014\/12\/320px-Tour_Eiffel_Wikimedia_Commons.jpg","keywords":["Eiffelturm","Paris","Reisen"],"articleSection":["World"],"inLanguage":"en-US","potentialAction":[{"@type":"CommentAction","name":"Comment","target":["https:\/\/www.camaeleon.org\/de\/2014\/12\/05\/auf-dem-eiffelturm-in-57-meter-hohe-schweben\/#respond"]}]},{"@type":"WebPage","@id":"https:\/\/www.camaeleon.org\/en\/2014\/12\/05\/auf-dem-eiffelturm-in-57-meter-hohe-schweben\/","url":"https:\/\/www.camaeleon.org\/en\/2014\/12\/05\/auf-dem-eiffelturm-in-57-meter-hohe-schweben\/","name":"Auf dem Eiffelturm in 57 Meter H\u00f6he schweben!!! - Cam\u00e4l\u00e9on","isPartOf":{"@id":"https:\/\/www.camaeleon.org\/en\/#website"},"primaryImageOfPage":{"@id":"https:\/\/www.camaeleon.org\/en\/2014\/12\/05\/auf-dem-eiffelturm-in-57-meter-hohe-schweben\/#primaryimage"},"image":{"@id":"https:\/\/www.camaeleon.org\/de\/2014\/12\/05\/auf-dem-eiffelturm-in-57-meter-hohe-schweben\/#primaryimage"},"thumbnailUrl":"https:\/\/www.camaeleon.org\/wp-content\/uploads\/2014\/12\/320px-Tour_Eiffel_Wikimedia_Commons.jpg","datePublished":"2014-12-05T20:12:39+00:00","dateModified":"2020-12-23T17:13:56+00:00","description":"Bestimmt nichts f\u00fcr schwache Nerven! Der Eiffelturm hat einen Glasboden auf dem ersten Stockwerk erhalten.","breadcrumb":{"@id":"https:\/\/www.camaeleon.org\/en\/2014\/12\/05\/auf-dem-eiffelturm-in-57-meter-hohe-schweben\/#breadcrumb"},"inLanguage":"en-US","potentialAction":[{"@type":"ReadAction","target":[["https:\/\/www.camaeleon.org\/en\/2014\/12\/05\/auf-dem-eiffelturm-in-57-meter-hohe-schweben\/"]]}]},{"@type":"ImageObject","inLanguage":"en-US","@id":"https:\/\/www.camaeleon.org\/en\/2014\/12\/05\/auf-dem-eiffelturm-in-57-meter-hohe-schweben\/#primaryimage","url":"https:\/\/www.camaeleon.org\/wp-content\/uploads\/2014\/12\/320px-Tour_Eiffel_Wikimedia_Commons.jpg","contentUrl":"https:\/\/www.camaeleon.org\/wp-content\/uploads\/2014\/12\/320px-Tour_Eiffel_Wikimedia_Commons.jpg","width":320,"height":592,"caption":"Foto: {a href=\"http:\/\/commons.wikimedia.org\/wiki\/File:Tour_Eiffel_Wikimedia_Commons.jpg\"} Benh LIEU SONG {\/a} Creative Commons Attribution-Share Alike 3.0 Unported)"},{"@type":"BreadcrumbList","@id":"https:\/\/www.camaeleon.org\/en\/2014\/12\/05\/auf-dem-eiffelturm-in-57-meter-hohe-schweben\/#breadcrumb","itemListElement":[{"@type":"ListItem","position":1,"name":"Home","item":"https:\/\/www.camaeleon.org\/en\/"},{"@type":"ListItem","position":2,"name":"Auf dem Eiffelturm in 57 Meter H\u00f6he schweben!!!"}]},{"@type":"WebSite","@id":"https:\/\/www.camaeleon.org\/en\/#website","url":"https:\/\/www.camaeleon.org\/en\/","name":"Cam\u00e4l\u00e9on","description":"The online student magazine by Deutsch-Franz\u00f6sisches Gymnasium Saarbr\u00fccken","publisher":{"@id":"https:\/\/www.camaeleon.org\/en\/#organization"},"potentialAction":[{"@type":"SearchAction","target":{"@type":"EntryPoint","urlTemplate":"https:\/\/www.camaeleon.org\/en\/?s={search_term_string}"},"query-input":{"@type":"PropertyValueSpecification","valueRequired":true,"valueName":"search_term_string"}}],"inLanguage":"en-US"},{"@type":"Organization","@id":"https:\/\/www.camaeleon.org\/en\/#organization","name":"Cam\u00e4l\u00e9on","url":"https:\/\/www.camaeleon.org\/en\/","logo":{"@type":"ImageObject","inLanguage":"en-US","@id":"https:\/\/www.camaeleon.org\/en\/#\/schema\/logo\/image\/","url":"https:\/\/www.camaeleon.org\/wp-content\/uploads\/2011\/11\/CAM\u00c4LEON.jpg","contentUrl":"https:\/\/www.camaeleon.org\/wp-content\/uploads\/2011\/11\/CAM\u00c4LEON.jpg","width":959,"height":959,"caption":"Cam\u00e4l\u00e9on"},"image":{"@id":"https:\/\/www.camaeleon.org\/en\/#\/schema\/logo\/image\/"},"sameAs":["https:\/\/www.facebook.com\/camaeleon.org\/","https:\/\/x.com\/camaeleonOrg","https:\/\/www.instagram.com\/camaeleon.dfg\/","https:\/\/www.youtube.com\/channel\/UCl3TAUDdGuu_c7CD6ax6hYg"]},{"@type":"Person","@id":"https:\/\/www.camaeleon.org\/de\/#\/schema\/person\/daeed3b112884bd6dd30f07ff66b1e8e","name":"Lili Amphiarus","image":{"@type":"ImageObject","inLanguage":"en-US","@id":"https:\/\/www.camaeleon.org\/en\/wp-content\/uploads\/2016\/02\/img_7023.jpg36368ee589e08a42214582654b711a1d","url":"https:\/\/www.camaeleon.org\/wp-content\/uploads\/2016\/02\/img_7023.jpg","contentUrl":"https:\/\/www.camaeleon.org\/wp-content\/uploads\/2016\/02\/img_7023.jpg","caption":"Lili Amphiarus"},"url":"https:\/\/www.camaeleon.org\/en\/author\/lili-amphiarus\/"}]}},"_links":{"self":[{"href":"https:\/\/www.camaeleon.org\/en\/wp-json\/wp\/v2\/posts\/7104","targetHints":{"allow":["GET"]}}],"collection":[{"href":"https:\/\/www.camaeleon.org\/en\/wp-json\/wp\/v2\/posts"}],"about":[{"href":"https:\/\/www.camaeleon.org\/en\/wp-json\/wp\/v2\/types\/post"}],"author":[{"embeddable":true,"href":"https:\/\/www.camaeleon.org\/en\/wp-json\/wp\/v2\/users\/73"}],"replies":[{"embeddable":true,"href":"https:\/\/www.camaeleon.org\/en\/wp-json\/wp\/v2\/comments?post=7104"}],"version-history":[{"count":0,"href":"https:\/\/www.camaeleon.org\/en\/wp-json\/wp\/v2\/posts\/7104\/revisions"}],"wp:featuredmedia":[{"embeddable":true,"href":"https:\/\/www.camaeleon.org\/en\/wp-json\/wp\/v2\/media\/7485"}],"wp:attachment":[{"href":"https:\/\/www.camaeleon.org\/en\/wp-json\/wp\/v2\/media?parent=7104"}],"wp:term":[{"taxonomy":"category","embeddable":true,"href":"https:\/\/www.camaeleon.org\/en\/wp-json\/wp\/v2\/categories?post=7104"},{"taxonomy":"post_tag","embeddable":true,"href":"https:\/\/www.camaeleon.org\/en\/wp-json\/wp\/v2\/tags?post=7104"},{"taxonomy":"author","embeddable":true,"href":"https:\/\/www.camaeleon.org\/en\/wp-json\/wp\/v2\/coauthors?post=7104"}],"curies":[{"name":"wp","href":"https:\/\/api.w.org\/{rel}","templated":true}]}}