{"id":5419,"date":"2014-01-31T15:06:24","date_gmt":"2014-01-31T14:06:24","guid":{"rendered":"http:\/\/www.camaeleon.org\/?p=5419"},"modified":"2020-12-23T18:24:44","modified_gmt":"2020-12-23T17:24:44","slug":"la-scolarite-des-profs","status":"publish","type":"post","link":"https:\/\/www.camaeleon.org\/en\/2014\/01\/31\/la-scolarite-des-profs\/","title":{"rendered":"La scolarit\u00e9 des profs"},"content":{"rendered":"<p><a href=\"https:\/\/www.camaeleon.org\/wp-content\/uploads\/2014\/01\/860172_50466894.jpg\"><img loading=\"lazy\" decoding=\"async\" class=\"alignleft size-medium wp-image-6154\" title=\"La scolarit\u00e9 des profs\" src=\"https:\/\/www.camaeleon.org\/wp-content\/uploads\/2014\/01\/860172_50466894-300x219.jpg\" alt=\"La scolarit\u00e9 des profs\" width=\"300\" height=\"219\" srcset=\"https:\/\/www.camaeleon.org\/wp-content\/uploads\/2014\/01\/860172_50466894-300x219.jpg 300w, https:\/\/www.camaeleon.org\/wp-content\/uploads\/2014\/01\/860172_50466894.jpg 600w\" sizes=\"auto, (max-width: 300px) 100vw, 300px\" \/><\/a>Madame Konieczny, professeure d&#8217;arts plastiques, a accord\u00e9 une petite interview \u00e0 Cam\u00e4l\u00e9on \u00e0 propos de sa scolarit\u00e9 au coll\u00e8ge.<\/p>\n<p>1) Dans quel coll\u00e8ge \u00eates-vous all\u00e9e ?<\/p>\n<p>J\u00b4ai \u00e9t\u00e9 scolaris\u00e9e au coll\u00e8ge Gabriel Piern\u00e9.<\/p>\n<p>2) O\u00f9 \u00e9tait votre \u00e9cole ?<\/p>\n<p>C\u00b4\u00e9tait \u00e0 Sainte-Marie-aux-Ch\u00eanes, pr\u00e8s de Metz.<\/p>\n<p>3) Comment vous \u00eates-vous sentie le premier jour d\u00b4\u00e9cole ?<\/p>\n<p>J\u00b4\u00e9tais tr\u00e8s contente ! J\u00b4avais une soeur jumelle et nous \u00e9tions contentes d\u00b4\u00eatre dans la m\u00eame classe.<\/p>\n<p>4) Est-ce que vous avez de bons\/mauvais souvenirs de votre scolarit\u00e9 ?<\/p>\n<p>J\u00b4ai de super souvenirs. Je savais d\u00e9j\u00e0 que je voulais devenir professeure d\u00b4arts plastiques. Je n&#8217;ai que des souvenirs positifs.<\/p>\n<div class=\"wp-playlist wp-audio-playlist wp-playlist-light\">\n\t\t\t<div class=\"wp-playlist-current-item\"><\/div>\n\t\t<audio controls=\"controls\" preload=\"none\" width=\"778\"\n\t\t\t><\/audio>\n\t<div class=\"wp-playlist-next\"><\/div>\n\t<div class=\"wp-playlist-prev\"><\/div>\n\t<noscript>\n\t<ol>\n\t\t<li><a href='https:\/\/www.camaeleon.org\/wp-content\/uploads\/2013\/12\/Cristina-Billes.mp3'>Interview mit Cristina Billes<\/a><\/li>\t<\/ol>\n\t<\/noscript>\n\t<script type=\"application\/json\" class=\"wp-playlist-script\">{\"type\":\"audio\",\"tracklist\":true,\"tracknumbers\":true,\"images\":true,\"artists\":true,\"tracks\":[{\"src\":\"https:\/\/www.camaeleon.org\/wp-content\/uploads\/2013\/12\/Cristina-Billes.mp3\",\"type\":\"audio\/mpeg\",\"title\":\"Interview mit Cristina Billes\",\"caption\":\"Interview mit Cristina Billes\",\"description\":\"Interview mit Cristina Billes\",\"meta\":{\"artist\":\"Larie-Julie Stark\",\"album\":\"Interview mit Cristina Billes\"},\"image\":{\"src\":\"https:\/\/www.camaeleon.org\/wp-includes\/images\/media\/audio.svg\",\"width\":48,\"height\":64},\"thumb\":{\"src\":\"https:\/\/www.camaeleon.org\/wp-includes\/images\/media\/audio.svg\",\"width\":48,\"height\":64}}]}<\/script>\n<\/div>\n\t\n<p>&nbsp;<\/p>\n<p>&nbsp;<\/p>","protected":false},"excerpt":{"rendered":"<p>Madame Konieczny, professeure d&#8217;arts plastiques, a accord\u00e9 une petite interview \u00e0 Cam\u00e4l\u00e9on \u00e0 propos de sa scolarit\u00e9 au coll\u00e8ge. 1) Dans quel coll\u00e8ge \u00eates-vous all\u00e9e<\/p>\n","protected":false},"author":59,"featured_media":6154,"comment_status":"open","ping_status":"open","sticky":false,"template":"","format":"standard","meta":{"colormag_page_container_layout":"default_layout","colormag_page_sidebar_layout":"default_layout","footnotes":""},"categories":[3,200],"tags":[1381,359,1470],"coauthors":[801],"class_list":["post-5419","post","type-post","status-publish","format-standard","has-post-thumbnail","hentry","category-ecole","category-audio","tag-lehrer-interview","tag-schulzeit","tag-scolarite"],"yoast_head":"<!-- This site is optimized with the Yoast SEO plugin v27.5 - https:\/\/yoast.com\/product\/yoast-seo-wordpress\/ -->\n<title>La scolarit\u00e9 des profs - Cam\u00e4l\u00e9on<\/title>\n<meta name=\"description\" content=\"Madame Konieczny et Madame Billes ont accord\u00e9 une interview \u00e0 Cam\u00e4l\u00e9on \u00e0 propos de leur scolarit\u00e9 au coll\u00e8ge.\" \/>\n<meta name=\"robots\" content=\"index, follow, max-snippet:-1, max-image-preview:large, max-video-preview:-1\" \/>\n<link rel=\"canonical\" href=\"https:\/\/www.camaeleon.org\/en\/2014\/01\/31\/la-scolarite-des-profs\/\" \/>\n<meta property=\"og:locale\" content=\"en_US\" \/>\n<meta property=\"og:type\" content=\"article\" \/>\n<meta property=\"og:title\" content=\"La scolarit\u00e9 des profs - Cam\u00e4l\u00e9on\" \/>\n<meta property=\"og:description\" content=\"Madame Konieczny et Madame Billes ont accord\u00e9 une interview \u00e0 Cam\u00e4l\u00e9on \u00e0 propos de leur scolarit\u00e9 au coll\u00e8ge.\" \/>\n<meta property=\"og:url\" content=\"https:\/\/www.camaeleon.org\/en\/2014\/01\/31\/la-scolarite-des-profs\/\" \/>\n<meta property=\"og:site_name\" content=\"Cam\u00e4l\u00e9on\" \/>\n<meta property=\"article:publisher\" content=\"https:\/\/www.facebook.com\/camaeleon.org\/\" \/>\n<meta property=\"article:published_time\" content=\"2014-01-31T14:06:24+00:00\" \/>\n<meta property=\"article:modified_time\" content=\"2020-12-23T17:24:44+00:00\" \/>\n<meta property=\"og:image\" content=\"https:\/\/www.camaeleon.org\/wp-content\/uploads\/2014\/01\/860172_50466894.jpg\" \/>\n\t<meta property=\"og:image:width\" content=\"600\" \/>\n\t<meta property=\"og:image:height\" content=\"438\" \/>\n\t<meta property=\"og:image:type\" content=\"image\/jpeg\" \/>\n<meta name=\"author\" content=\"Lara-Julie Stark\" \/>\n<meta name=\"twitter:card\" content=\"summary_large_image\" \/>\n<meta name=\"twitter:creator\" content=\"@camaeleonOrg\" \/>\n<meta name=\"twitter:site\" content=\"@camaeleonOrg\" \/>\n<script type=\"application\/ld+json\" class=\"yoast-schema-graph\">{\"@context\":\"https:\\\/\\\/schema.org\",\"@graph\":[{\"@type\":\"Article\",\"@id\":\"https:\\\/\\\/www.camaeleon.org\\\/de\\\/2014\\\/01\\\/31\\\/la-scolarite-des-profs\\\/#article\",\"isPartOf\":{\"@id\":\"https:\\\/\\\/www.camaeleon.org\\\/de\\\/2014\\\/01\\\/31\\\/la-scolarite-des-profs\\\/\"},\"author\":{\"name\":\"Lara-Julie Stark\",\"@id\":\"https:\\\/\\\/www.camaeleon.org\\\/de\\\/#\\\/schema\\\/person\\\/acdc5b7a5a55a4720405f59499a8fff9\"},\"headline\":\"La scolarit\u00e9 des profs\",\"datePublished\":\"2014-01-31T14:06:24+00:00\",\"dateModified\":\"2020-12-23T17:24:44+00:00\",\"mainEntityOfPage\":{\"@id\":\"https:\\\/\\\/www.camaeleon.org\\\/de\\\/2014\\\/01\\\/31\\\/la-scolarite-des-profs\\\/\"},\"wordCount\":362,\"commentCount\":1,\"publisher\":{\"@id\":\"https:\\\/\\\/www.camaeleon.org\\\/de\\\/#organization\"},\"image\":{\"@id\":\"https:\\\/\\\/www.camaeleon.org\\\/de\\\/2014\\\/01\\\/31\\\/la-scolarite-des-profs\\\/#primaryimage\"},\"thumbnailUrl\":\"https:\\\/\\\/www.camaeleon.org\\\/wp-content\\\/uploads\\\/2014\\\/01\\\/860172_50466894.jpg\",\"keywords\":[\"Lehrer-Interview\",\"Schulzeit\",\"scolarit\u00e9\"],\"articleSection\":[\"School\",\"Podcast\"],\"inLanguage\":\"en-US\",\"potentialAction\":[{\"@type\":\"CommentAction\",\"name\":\"Comment\",\"target\":[\"https:\\\/\\\/www.camaeleon.org\\\/de\\\/2014\\\/01\\\/31\\\/la-scolarite-des-profs\\\/#respond\"]}]},{\"@type\":\"WebPage\",\"@id\":\"https:\\\/\\\/www.camaeleon.org\\\/en\\\/2014\\\/01\\\/31\\\/la-scolarite-des-profs\\\/\",\"url\":\"https:\\\/\\\/www.camaeleon.org\\\/en\\\/2014\\\/01\\\/31\\\/la-scolarite-des-profs\\\/\",\"name\":\"La scolarit\u00e9 des profs - Cam\u00e4l\u00e9on\",\"isPartOf\":{\"@id\":\"https:\\\/\\\/www.camaeleon.org\\\/en\\\/#website\"},\"primaryImageOfPage\":{\"@id\":\"https:\\\/\\\/www.camaeleon.org\\\/en\\\/2014\\\/01\\\/31\\\/la-scolarite-des-profs\\\/#primaryimage\"},\"image\":{\"@id\":\"https:\\\/\\\/www.camaeleon.org\\\/de\\\/2014\\\/01\\\/31\\\/la-scolarite-des-profs\\\/#primaryimage\"},\"thumbnailUrl\":\"https:\\\/\\\/www.camaeleon.org\\\/wp-content\\\/uploads\\\/2014\\\/01\\\/860172_50466894.jpg\",\"datePublished\":\"2014-01-31T14:06:24+00:00\",\"dateModified\":\"2020-12-23T17:24:44+00:00\",\"description\":\"Madame Konieczny et Madame Billes ont accord\u00e9 une interview \u00e0 Cam\u00e4l\u00e9on \u00e0 propos de leur scolarit\u00e9 au coll\u00e8ge.\",\"breadcrumb\":{\"@id\":\"https:\\\/\\\/www.camaeleon.org\\\/en\\\/2014\\\/01\\\/31\\\/la-scolarite-des-profs\\\/#breadcrumb\"},\"inLanguage\":\"en-US\",\"potentialAction\":[{\"@type\":\"ReadAction\",\"target\":[[\"https:\\\/\\\/www.camaeleon.org\\\/en\\\/2014\\\/01\\\/31\\\/la-scolarite-des-profs\\\/\"]]}]},{\"@type\":\"ImageObject\",\"inLanguage\":\"en-US\",\"@id\":\"https:\\\/\\\/www.camaeleon.org\\\/en\\\/2014\\\/01\\\/31\\\/la-scolarite-des-profs\\\/#primaryimage\",\"url\":\"https:\\\/\\\/www.camaeleon.org\\\/wp-content\\\/uploads\\\/2014\\\/01\\\/860172_50466894.jpg\",\"contentUrl\":\"https:\\\/\\\/www.camaeleon.org\\\/wp-content\\\/uploads\\\/2014\\\/01\\\/860172_50466894.jpg\",\"width\":600,\"height\":438,\"caption\":\"La scolarit\u00e9 des profs\"},{\"@type\":\"BreadcrumbList\",\"@id\":\"https:\\\/\\\/www.camaeleon.org\\\/en\\\/2014\\\/01\\\/31\\\/la-scolarite-des-profs\\\/#breadcrumb\",\"itemListElement\":[{\"@type\":\"ListItem\",\"position\":1,\"name\":\"Home\",\"item\":\"https:\\\/\\\/www.camaeleon.org\\\/en\\\/\"},{\"@type\":\"ListItem\",\"position\":2,\"name\":\"La scolarit\u00e9 des profs\"}]},{\"@type\":\"WebSite\",\"@id\":\"https:\\\/\\\/www.camaeleon.org\\\/en\\\/#website\",\"url\":\"https:\\\/\\\/www.camaeleon.org\\\/en\\\/\",\"name\":\"Cam\u00e4l\u00e9on\",\"description\":\"The online student magazine by Deutsch-Franz\u00f6sisches Gymnasium Saarbr\u00fccken\",\"publisher\":{\"@id\":\"https:\\\/\\\/www.camaeleon.org\\\/en\\\/#organization\"},\"potentialAction\":[{\"@type\":\"SearchAction\",\"target\":{\"@type\":\"EntryPoint\",\"urlTemplate\":\"https:\\\/\\\/www.camaeleon.org\\\/en\\\/?s={search_term_string}\"},\"query-input\":{\"@type\":\"PropertyValueSpecification\",\"valueRequired\":true,\"valueName\":\"search_term_string\"}}],\"inLanguage\":\"en-US\"},{\"@type\":\"Organization\",\"@id\":\"https:\\\/\\\/www.camaeleon.org\\\/en\\\/#organization\",\"name\":\"Cam\u00e4l\u00e9on\",\"url\":\"https:\\\/\\\/www.camaeleon.org\\\/en\\\/\",\"logo\":{\"@type\":\"ImageObject\",\"inLanguage\":\"en-US\",\"@id\":\"https:\\\/\\\/www.camaeleon.org\\\/en\\\/#\\\/schema\\\/logo\\\/image\\\/\",\"url\":\"https:\\\/\\\/www.camaeleon.org\\\/wp-content\\\/uploads\\\/2011\\\/11\\\/CAM\u00c4LEON.jpg\",\"contentUrl\":\"https:\\\/\\\/www.camaeleon.org\\\/wp-content\\\/uploads\\\/2011\\\/11\\\/CAM\u00c4LEON.jpg\",\"width\":959,\"height\":959,\"caption\":\"Cam\u00e4l\u00e9on\"},\"image\":{\"@id\":\"https:\\\/\\\/www.camaeleon.org\\\/en\\\/#\\\/schema\\\/logo\\\/image\\\/\"},\"sameAs\":[\"https:\\\/\\\/www.facebook.com\\\/camaeleon.org\\\/\",\"https:\\\/\\\/x.com\\\/camaeleonOrg\",\"https:\\\/\\\/www.instagram.com\\\/camaeleon.dfg\\\/\",\"https:\\\/\\\/www.youtube.com\\\/channel\\\/UCl3TAUDdGuu_c7CD6ax6hYg\"]},{\"@type\":\"Person\",\"@id\":\"https:\\\/\\\/www.camaeleon.org\\\/de\\\/#\\\/schema\\\/person\\\/acdc5b7a5a55a4720405f59499a8fff9\",\"name\":\"Lara-Julie Stark\",\"image\":{\"@type\":\"ImageObject\",\"inLanguage\":\"en-US\",\"@id\":\"https:\\\/\\\/www.camaeleon.org\\\/en\\\/wp-content\\\/uploads\\\/2021\\\/10\\\/cropped-android-chrome-512x512-2-150x150.pngb111c6b8db723f506736f05d8fadbe0c\",\"url\":\"https:\\\/\\\/www.camaeleon.org\\\/wp-content\\\/uploads\\\/2021\\\/10\\\/cropped-android-chrome-512x512-2-150x150.png\",\"contentUrl\":\"https:\\\/\\\/www.camaeleon.org\\\/wp-content\\\/uploads\\\/2021\\\/10\\\/cropped-android-chrome-512x512-2-150x150.png\",\"caption\":\"Lara-Julie Stark\"},\"url\":\"https:\\\/\\\/www.camaeleon.org\\\/en\\\/author\\\/lara-julie-stark\\\/\"}]}<\/script>\n<!-- \/ Yoast SEO plugin. -->","yoast_head_json":{"title":"La scolarit\u00e9 des profs - Cam\u00e4l\u00e9on","description":"Madame Konieczny et Madame Billes ont accord\u00e9 une interview \u00e0 Cam\u00e4l\u00e9on \u00e0 propos de leur scolarit\u00e9 au coll\u00e8ge.","robots":{"index":"index","follow":"follow","max-snippet":"max-snippet:-1","max-image-preview":"max-image-preview:large","max-video-preview":"max-video-preview:-1"},"canonical":"https:\/\/www.camaeleon.org\/en\/2014\/01\/31\/la-scolarite-des-profs\/","og_locale":"en_US","og_type":"article","og_title":"La scolarit\u00e9 des profs - Cam\u00e4l\u00e9on","og_description":"Madame Konieczny et Madame Billes ont accord\u00e9 une interview \u00e0 Cam\u00e4l\u00e9on \u00e0 propos de leur scolarit\u00e9 au coll\u00e8ge.","og_url":"https:\/\/www.camaeleon.org\/en\/2014\/01\/31\/la-scolarite-des-profs\/","og_site_name":"Cam\u00e4l\u00e9on","article_publisher":"https:\/\/www.facebook.com\/camaeleon.org\/","article_published_time":"2014-01-31T14:06:24+00:00","article_modified_time":"2020-12-23T17:24:44+00:00","og_image":[{"width":600,"height":438,"url":"https:\/\/www.camaeleon.org\/wp-content\/uploads\/2014\/01\/860172_50466894.jpg","type":"image\/jpeg"}],"author":"Lara-Julie Stark","twitter_card":"summary_large_image","twitter_creator":"@camaeleonOrg","twitter_site":"@camaeleonOrg","schema":{"@context":"https:\/\/schema.org","@graph":[{"@type":"Article","@id":"https:\/\/www.camaeleon.org\/de\/2014\/01\/31\/la-scolarite-des-profs\/#article","isPartOf":{"@id":"https:\/\/www.camaeleon.org\/de\/2014\/01\/31\/la-scolarite-des-profs\/"},"author":{"name":"Lara-Julie Stark","@id":"https:\/\/www.camaeleon.org\/de\/#\/schema\/person\/acdc5b7a5a55a4720405f59499a8fff9"},"headline":"La scolarit\u00e9 des profs","datePublished":"2014-01-31T14:06:24+00:00","dateModified":"2020-12-23T17:24:44+00:00","mainEntityOfPage":{"@id":"https:\/\/www.camaeleon.org\/de\/2014\/01\/31\/la-scolarite-des-profs\/"},"wordCount":362,"commentCount":1,"publisher":{"@id":"https:\/\/www.camaeleon.org\/de\/#organization"},"image":{"@id":"https:\/\/www.camaeleon.org\/de\/2014\/01\/31\/la-scolarite-des-profs\/#primaryimage"},"thumbnailUrl":"https:\/\/www.camaeleon.org\/wp-content\/uploads\/2014\/01\/860172_50466894.jpg","keywords":["Lehrer-Interview","Schulzeit","scolarit\u00e9"],"articleSection":["School","Podcast"],"inLanguage":"en-US","potentialAction":[{"@type":"CommentAction","name":"Comment","target":["https:\/\/www.camaeleon.org\/de\/2014\/01\/31\/la-scolarite-des-profs\/#respond"]}]},{"@type":"WebPage","@id":"https:\/\/www.camaeleon.org\/en\/2014\/01\/31\/la-scolarite-des-profs\/","url":"https:\/\/www.camaeleon.org\/en\/2014\/01\/31\/la-scolarite-des-profs\/","name":"La scolarit\u00e9 des profs - Cam\u00e4l\u00e9on","isPartOf":{"@id":"https:\/\/www.camaeleon.org\/en\/#website"},"primaryImageOfPage":{"@id":"https:\/\/www.camaeleon.org\/en\/2014\/01\/31\/la-scolarite-des-profs\/#primaryimage"},"image":{"@id":"https:\/\/www.camaeleon.org\/de\/2014\/01\/31\/la-scolarite-des-profs\/#primaryimage"},"thumbnailUrl":"https:\/\/www.camaeleon.org\/wp-content\/uploads\/2014\/01\/860172_50466894.jpg","datePublished":"2014-01-31T14:06:24+00:00","dateModified":"2020-12-23T17:24:44+00:00","description":"Madame Konieczny et Madame Billes ont accord\u00e9 une interview \u00e0 Cam\u00e4l\u00e9on \u00e0 propos de leur scolarit\u00e9 au coll\u00e8ge.","breadcrumb":{"@id":"https:\/\/www.camaeleon.org\/en\/2014\/01\/31\/la-scolarite-des-profs\/#breadcrumb"},"inLanguage":"en-US","potentialAction":[{"@type":"ReadAction","target":[["https:\/\/www.camaeleon.org\/en\/2014\/01\/31\/la-scolarite-des-profs\/"]]}]},{"@type":"ImageObject","inLanguage":"en-US","@id":"https:\/\/www.camaeleon.org\/en\/2014\/01\/31\/la-scolarite-des-profs\/#primaryimage","url":"https:\/\/www.camaeleon.org\/wp-content\/uploads\/2014\/01\/860172_50466894.jpg","contentUrl":"https:\/\/www.camaeleon.org\/wp-content\/uploads\/2014\/01\/860172_50466894.jpg","width":600,"height":438,"caption":"La scolarit\u00e9 des profs"},{"@type":"BreadcrumbList","@id":"https:\/\/www.camaeleon.org\/en\/2014\/01\/31\/la-scolarite-des-profs\/#breadcrumb","itemListElement":[{"@type":"ListItem","position":1,"name":"Home","item":"https:\/\/www.camaeleon.org\/en\/"},{"@type":"ListItem","position":2,"name":"La scolarit\u00e9 des profs"}]},{"@type":"WebSite","@id":"https:\/\/www.camaeleon.org\/en\/#website","url":"https:\/\/www.camaeleon.org\/en\/","name":"Cam\u00e4l\u00e9on","description":"The online student magazine by Deutsch-Franz\u00f6sisches Gymnasium Saarbr\u00fccken","publisher":{"@id":"https:\/\/www.camaeleon.org\/en\/#organization"},"potentialAction":[{"@type":"SearchAction","target":{"@type":"EntryPoint","urlTemplate":"https:\/\/www.camaeleon.org\/en\/?s={search_term_string}"},"query-input":{"@type":"PropertyValueSpecification","valueRequired":true,"valueName":"search_term_string"}}],"inLanguage":"en-US"},{"@type":"Organization","@id":"https:\/\/www.camaeleon.org\/en\/#organization","name":"Cam\u00e4l\u00e9on","url":"https:\/\/www.camaeleon.org\/en\/","logo":{"@type":"ImageObject","inLanguage":"en-US","@id":"https:\/\/www.camaeleon.org\/en\/#\/schema\/logo\/image\/","url":"https:\/\/www.camaeleon.org\/wp-content\/uploads\/2011\/11\/CAM\u00c4LEON.jpg","contentUrl":"https:\/\/www.camaeleon.org\/wp-content\/uploads\/2011\/11\/CAM\u00c4LEON.jpg","width":959,"height":959,"caption":"Cam\u00e4l\u00e9on"},"image":{"@id":"https:\/\/www.camaeleon.org\/en\/#\/schema\/logo\/image\/"},"sameAs":["https:\/\/www.facebook.com\/camaeleon.org\/","https:\/\/x.com\/camaeleonOrg","https:\/\/www.instagram.com\/camaeleon.dfg\/","https:\/\/www.youtube.com\/channel\/UCl3TAUDdGuu_c7CD6ax6hYg"]},{"@type":"Person","@id":"https:\/\/www.camaeleon.org\/de\/#\/schema\/person\/acdc5b7a5a55a4720405f59499a8fff9","name":"Lara-Julie Stark","image":{"@type":"ImageObject","inLanguage":"en-US","@id":"https:\/\/www.camaeleon.org\/en\/wp-content\/uploads\/2021\/10\/cropped-android-chrome-512x512-2-150x150.pngb111c6b8db723f506736f05d8fadbe0c","url":"https:\/\/www.camaeleon.org\/wp-content\/uploads\/2021\/10\/cropped-android-chrome-512x512-2-150x150.png","contentUrl":"https:\/\/www.camaeleon.org\/wp-content\/uploads\/2021\/10\/cropped-android-chrome-512x512-2-150x150.png","caption":"Lara-Julie Stark"},"url":"https:\/\/www.camaeleon.org\/en\/author\/lara-julie-stark\/"}]}},"_links":{"self":[{"href":"https:\/\/www.camaeleon.org\/en\/wp-json\/wp\/v2\/posts\/5419","targetHints":{"allow":["GET"]}}],"collection":[{"href":"https:\/\/www.camaeleon.org\/en\/wp-json\/wp\/v2\/posts"}],"about":[{"href":"https:\/\/www.camaeleon.org\/en\/wp-json\/wp\/v2\/types\/post"}],"author":[{"embeddable":true,"href":"https:\/\/www.camaeleon.org\/en\/wp-json\/wp\/v2\/users\/59"}],"replies":[{"embeddable":true,"href":"https:\/\/www.camaeleon.org\/en\/wp-json\/wp\/v2\/comments?post=5419"}],"version-history":[{"count":0,"href":"https:\/\/www.camaeleon.org\/en\/wp-json\/wp\/v2\/posts\/5419\/revisions"}],"wp:featuredmedia":[{"embeddable":true,"href":"https:\/\/www.camaeleon.org\/en\/wp-json\/wp\/v2\/media\/6154"}],"wp:attachment":[{"href":"https:\/\/www.camaeleon.org\/en\/wp-json\/wp\/v2\/media?parent=5419"}],"wp:term":[{"taxonomy":"category","embeddable":true,"href":"https:\/\/www.camaeleon.org\/en\/wp-json\/wp\/v2\/categories?post=5419"},{"taxonomy":"post_tag","embeddable":true,"href":"https:\/\/www.camaeleon.org\/en\/wp-json\/wp\/v2\/tags?post=5419"},{"taxonomy":"author","embeddable":true,"href":"https:\/\/www.camaeleon.org\/en\/wp-json\/wp\/v2\/coauthors?post=5419"}],"curies":[{"name":"wp","href":"https:\/\/api.w.org\/{rel}","templated":true}]}}