{"id":3835,"date":"2012-11-26T23:17:33","date_gmt":"2012-11-26T22:17:33","guid":{"rendered":"http:\/\/www.camaeleon.org\/?p=3835"},"modified":"2020-12-23T18:32:31","modified_gmt":"2020-12-23T17:32:31","slug":"deutsch-wie-denken-mathelehrer","status":"publish","type":"post","link":"https:\/\/www.camaeleon.org\/en\/2012\/11\/26\/deutsch-wie-denken-mathelehrer\/","title":{"rendered":"Wie denken Mathelehrer?"},"content":{"rendered":"<p><\/p>\n<figure id=\"attachment_4126\" aria-describedby=\"caption-attachment-4126\" style=\"width: 300px\" class=\"wp-caption alignleft\"><a href=\"https:\/\/www.camaeleon.org\/wp-content\/uploads\/2012\/11\/Wie-denken-Mathelehrer.jpg\"><img loading=\"lazy\" decoding=\"async\" class=\"size-medium wp-image-4126\" title=\"Wie denken Mathelehrer?\" src=\"https:\/\/www.camaeleon.org\/wp-content\/uploads\/2012\/11\/Wie-denken-Mathelehrer-300x199.jpg\" alt=\"\" width=\"300\" height=\"199\" srcset=\"https:\/\/www.camaeleon.org\/wp-content\/uploads\/2012\/11\/Wie-denken-Mathelehrer-300x199.jpg 300w, https:\/\/www.camaeleon.org\/wp-content\/uploads\/2012\/11\/Wie-denken-Mathelehrer.jpg 600w\" sizes=\"auto, (max-width: 300px) 100vw, 300px\" \/><\/a><figcaption id=\"caption-attachment-4126\" class=\"wp-caption-text\">Wie denken Mathelehrer? (Foto: J\u00f6rg Willecke \/ {a href=&#8221;http:\/\/pixelio.de&#8221;}pixelio.de{\/a}<\/figcaption><\/figure>\n<p>Wie ist die Meinung von Herrn Collet \u00fcber seine Sch\u00fcler? In diesem Interview berichtet der Mathematik-, Physik- und Chemielehrer \u00fcber seine Klassen und seine Karriere. Er erz\u00e4hlt \u00fcber den steinigen Weg bis zum Erfolg als Mathelehrer. Ihr werdet auch einen Einblick in seine Gedanken erhalten. Er teilt uns zudem mit, wie er tagt\u00e4glich sich die Nerven von Sch\u00fclern aufreiben l\u00e4sst.<\/p>\n<p><div class=\"wp-playlist wp-audio-playlist wp-playlist-light\">\n\t\t\t<div class=\"wp-playlist-current-item\"><\/div>\n\t\t<audio controls=\"controls\" preload=\"none\" width=\"778\"\n\t\t\t><\/audio>\n\t<div class=\"wp-playlist-next\"><\/div>\n\t<div class=\"wp-playlist-prev\"><\/div>\n\t<noscript>\n\t<ol>\n\t\t<li><a href='https:\/\/www.camaeleon.org\/wp-content\/uploads\/2012\/11\/Collet.mp3'>Interview mit Herrn Collet<\/a><\/li>\t<\/ol>\n\t<\/noscript>\n\t<script type=\"application\/json\" class=\"wp-playlist-script\">{\"type\":\"audio\",\"tracklist\":true,\"tracknumbers\":true,\"images\":true,\"artists\":true,\"tracks\":[{\"src\":\"https:\/\/www.camaeleon.org\/wp-content\/uploads\/2012\/11\/Collet.mp3\",\"type\":\"audio\/mpeg\",\"title\":\"Interview mit Herrn Collet\",\"caption\":\"Interview mit Herrn Collet\",\"description\":\"Interview mit Herrn Collet\",\"meta\":{\"artist\":\"Markus Schaaf & Niclas Oerter\",\"album\":\"Interview mit Herrn Collet\"},\"image\":{\"src\":\"https:\/\/www.camaeleon.org\/wp-content\/uploads\/2012\/11\/Wie-denken-Mathelehrer.jpg\",\"width\":600,\"height\":398},\"thumb\":{\"src\":\"https:\/\/www.camaeleon.org\/wp-content\/uploads\/2012\/11\/Wie-denken-Mathelehrer-150x150.jpg\",\"width\":150,\"height\":150}}]}<\/script>\n<\/div>\n\t<\/p>","protected":false},"excerpt":{"rendered":"<p>Wie ist die Meinung von Herrn Collet \u00fcber seine Sch\u00fcler? In diesem Interview berichtet der Mathematik-, Physik- und Chemielehrer \u00fcber seine Klassen und seine Karriere.<\/p>\n","protected":false},"author":33,"featured_media":4126,"comment_status":"open","ping_status":"open","sticky":false,"template":"","format":"standard","meta":{"colormag_page_container_layout":"default_layout","colormag_page_sidebar_layout":"default_layout","footnotes":""},"categories":[3,200],"tags":[1481,1381,318],"coauthors":[815],"class_list":["post-3835","post","type-post","status-publish","format-standard","has-post-thumbnail","hentry","category-ecole","category-audio","tag-collet","tag-lehrer-interview","tag-mathematik"],"yoast_head":"<!-- This site is optimized with the Yoast SEO plugin v27.5 - https:\/\/yoast.com\/product\/yoast-seo-wordpress\/ -->\n<title>Wie denken Mathelehrer? - Cam\u00e4l\u00e9on<\/title>\n<meta name=\"description\" content=\"Wie ist Herrn Collets Meinung \u00fcber seine Sch\u00fcler? Im Interview berichtet der Mathematik-, Physik- und Chemielehrer \u00fcber seine Klassen und seine Karriere.\" \/>\n<meta name=\"robots\" content=\"index, follow, max-snippet:-1, max-image-preview:large, max-video-preview:-1\" \/>\n<link rel=\"canonical\" href=\"https:\/\/www.camaeleon.org\/en\/2012\/11\/26\/deutsch-wie-denken-mathelehrer\/\" \/>\n<meta property=\"og:locale\" content=\"en_US\" \/>\n<meta property=\"og:type\" content=\"article\" \/>\n<meta property=\"og:title\" content=\"Wie denken Mathelehrer? - Cam\u00e4l\u00e9on\" \/>\n<meta property=\"og:description\" content=\"Wie ist Herrn Collets Meinung \u00fcber seine Sch\u00fcler? Im Interview berichtet der Mathematik-, Physik- und Chemielehrer \u00fcber seine Klassen und seine Karriere.\" \/>\n<meta property=\"og:url\" content=\"https:\/\/www.camaeleon.org\/en\/2012\/11\/26\/deutsch-wie-denken-mathelehrer\/\" \/>\n<meta property=\"og:site_name\" content=\"Cam\u00e4l\u00e9on\" \/>\n<meta property=\"article:publisher\" content=\"https:\/\/www.facebook.com\/camaeleon.org\/\" \/>\n<meta property=\"article:published_time\" content=\"2012-11-26T22:17:33+00:00\" \/>\n<meta property=\"article:modified_time\" content=\"2020-12-23T17:32:31+00:00\" \/>\n<meta property=\"og:image\" content=\"https:\/\/www.camaeleon.org\/wp-content\/uploads\/2012\/11\/Wie-denken-Mathelehrer.jpg\" \/>\n\t<meta property=\"og:image:width\" content=\"600\" \/>\n\t<meta property=\"og:image:height\" content=\"398\" \/>\n\t<meta property=\"og:image:type\" content=\"image\/jpeg\" \/>\n<meta name=\"author\" content=\"Niclas Oerter\" \/>\n<meta name=\"twitter:card\" content=\"summary_large_image\" \/>\n<meta name=\"twitter:creator\" content=\"@camaeleonOrg\" \/>\n<meta name=\"twitter:site\" content=\"@camaeleonOrg\" \/>\n<script type=\"application\/ld+json\" class=\"yoast-schema-graph\">{\"@context\":\"https:\\\/\\\/schema.org\",\"@graph\":[{\"@type\":\"Article\",\"@id\":\"https:\\\/\\\/www.camaeleon.org\\\/de\\\/2012\\\/11\\\/26\\\/deutsch-wie-denken-mathelehrer\\\/#article\",\"isPartOf\":{\"@id\":\"https:\\\/\\\/www.camaeleon.org\\\/de\\\/2012\\\/11\\\/26\\\/deutsch-wie-denken-mathelehrer\\\/\"},\"author\":{\"name\":\"Niclas Oerter\",\"@id\":\"https:\\\/\\\/www.camaeleon.org\\\/de\\\/#\\\/schema\\\/person\\\/0a64d0134922d6545c34e653bfbe0c14\"},\"headline\":\"Wie denken Mathelehrer?\",\"datePublished\":\"2012-11-26T22:17:33+00:00\",\"dateModified\":\"2020-12-23T17:32:31+00:00\",\"mainEntityOfPage\":{\"@id\":\"https:\\\/\\\/www.camaeleon.org\\\/de\\\/2012\\\/11\\\/26\\\/deutsch-wie-denken-mathelehrer\\\/\"},\"wordCount\":273,\"commentCount\":0,\"publisher\":{\"@id\":\"https:\\\/\\\/www.camaeleon.org\\\/de\\\/#organization\"},\"image\":{\"@id\":\"https:\\\/\\\/www.camaeleon.org\\\/de\\\/2012\\\/11\\\/26\\\/deutsch-wie-denken-mathelehrer\\\/#primaryimage\"},\"thumbnailUrl\":\"https:\\\/\\\/www.camaeleon.org\\\/wp-content\\\/uploads\\\/2012\\\/11\\\/Wie-denken-Mathelehrer.jpg\",\"keywords\":[\"Collet\",\"Lehrer-Interview\",\"Mathematik\"],\"articleSection\":[\"School\",\"Podcast\"],\"inLanguage\":\"en-US\",\"potentialAction\":[{\"@type\":\"CommentAction\",\"name\":\"Comment\",\"target\":[\"https:\\\/\\\/www.camaeleon.org\\\/de\\\/2012\\\/11\\\/26\\\/deutsch-wie-denken-mathelehrer\\\/#respond\"]}]},{\"@type\":\"WebPage\",\"@id\":\"https:\\\/\\\/www.camaeleon.org\\\/en\\\/2012\\\/11\\\/26\\\/deutsch-wie-denken-mathelehrer\\\/\",\"url\":\"https:\\\/\\\/www.camaeleon.org\\\/en\\\/2012\\\/11\\\/26\\\/deutsch-wie-denken-mathelehrer\\\/\",\"name\":\"Wie denken Mathelehrer? - Cam\u00e4l\u00e9on\",\"isPartOf\":{\"@id\":\"https:\\\/\\\/www.camaeleon.org\\\/en\\\/#website\"},\"primaryImageOfPage\":{\"@id\":\"https:\\\/\\\/www.camaeleon.org\\\/en\\\/2012\\\/11\\\/26\\\/deutsch-wie-denken-mathelehrer\\\/#primaryimage\"},\"image\":{\"@id\":\"https:\\\/\\\/www.camaeleon.org\\\/de\\\/2012\\\/11\\\/26\\\/deutsch-wie-denken-mathelehrer\\\/#primaryimage\"},\"thumbnailUrl\":\"https:\\\/\\\/www.camaeleon.org\\\/wp-content\\\/uploads\\\/2012\\\/11\\\/Wie-denken-Mathelehrer.jpg\",\"datePublished\":\"2012-11-26T22:17:33+00:00\",\"dateModified\":\"2020-12-23T17:32:31+00:00\",\"description\":\"Wie ist Herrn Collets Meinung \u00fcber seine Sch\u00fcler? Im Interview berichtet der Mathematik-, Physik- und Chemielehrer \u00fcber seine Klassen und seine Karriere.\",\"breadcrumb\":{\"@id\":\"https:\\\/\\\/www.camaeleon.org\\\/en\\\/2012\\\/11\\\/26\\\/deutsch-wie-denken-mathelehrer\\\/#breadcrumb\"},\"inLanguage\":\"en-US\",\"potentialAction\":[{\"@type\":\"ReadAction\",\"target\":[[\"https:\\\/\\\/www.camaeleon.org\\\/en\\\/2012\\\/11\\\/26\\\/deutsch-wie-denken-mathelehrer\\\/\"]]}]},{\"@type\":\"ImageObject\",\"inLanguage\":\"en-US\",\"@id\":\"https:\\\/\\\/www.camaeleon.org\\\/en\\\/2012\\\/11\\\/26\\\/deutsch-wie-denken-mathelehrer\\\/#primaryimage\",\"url\":\"https:\\\/\\\/www.camaeleon.org\\\/wp-content\\\/uploads\\\/2012\\\/11\\\/Wie-denken-Mathelehrer.jpg\",\"contentUrl\":\"https:\\\/\\\/www.camaeleon.org\\\/wp-content\\\/uploads\\\/2012\\\/11\\\/Wie-denken-Mathelehrer.jpg\",\"width\":600,\"height\":398,\"caption\":\"Wie denken Mathelehrer? (Foto: J\u00f6rg Willecke \\\/ {a href=\\\"http:\\\/\\\/pixelio.de\\\"}pixelio.de{\\\/a}\"},{\"@type\":\"BreadcrumbList\",\"@id\":\"https:\\\/\\\/www.camaeleon.org\\\/en\\\/2012\\\/11\\\/26\\\/deutsch-wie-denken-mathelehrer\\\/#breadcrumb\",\"itemListElement\":[{\"@type\":\"ListItem\",\"position\":1,\"name\":\"Home\",\"item\":\"https:\\\/\\\/www.camaeleon.org\\\/en\\\/\"},{\"@type\":\"ListItem\",\"position\":2,\"name\":\"Wie denken Mathelehrer?\"}]},{\"@type\":\"WebSite\",\"@id\":\"https:\\\/\\\/www.camaeleon.org\\\/en\\\/#website\",\"url\":\"https:\\\/\\\/www.camaeleon.org\\\/en\\\/\",\"name\":\"Cam\u00e4l\u00e9on\",\"description\":\"The online student magazine by Deutsch-Franz\u00f6sisches Gymnasium Saarbr\u00fccken\",\"publisher\":{\"@id\":\"https:\\\/\\\/www.camaeleon.org\\\/en\\\/#organization\"},\"potentialAction\":[{\"@type\":\"SearchAction\",\"target\":{\"@type\":\"EntryPoint\",\"urlTemplate\":\"https:\\\/\\\/www.camaeleon.org\\\/en\\\/?s={search_term_string}\"},\"query-input\":{\"@type\":\"PropertyValueSpecification\",\"valueRequired\":true,\"valueName\":\"search_term_string\"}}],\"inLanguage\":\"en-US\"},{\"@type\":\"Organization\",\"@id\":\"https:\\\/\\\/www.camaeleon.org\\\/en\\\/#organization\",\"name\":\"Cam\u00e4l\u00e9on\",\"url\":\"https:\\\/\\\/www.camaeleon.org\\\/en\\\/\",\"logo\":{\"@type\":\"ImageObject\",\"inLanguage\":\"en-US\",\"@id\":\"https:\\\/\\\/www.camaeleon.org\\\/en\\\/#\\\/schema\\\/logo\\\/image\\\/\",\"url\":\"https:\\\/\\\/www.camaeleon.org\\\/wp-content\\\/uploads\\\/2011\\\/11\\\/CAM\u00c4LEON.jpg\",\"contentUrl\":\"https:\\\/\\\/www.camaeleon.org\\\/wp-content\\\/uploads\\\/2011\\\/11\\\/CAM\u00c4LEON.jpg\",\"width\":959,\"height\":959,\"caption\":\"Cam\u00e4l\u00e9on\"},\"image\":{\"@id\":\"https:\\\/\\\/www.camaeleon.org\\\/en\\\/#\\\/schema\\\/logo\\\/image\\\/\"},\"sameAs\":[\"https:\\\/\\\/www.facebook.com\\\/camaeleon.org\\\/\",\"https:\\\/\\\/x.com\\\/camaeleonOrg\",\"https:\\\/\\\/www.instagram.com\\\/camaeleon.dfg\\\/\",\"https:\\\/\\\/www.youtube.com\\\/channel\\\/UCl3TAUDdGuu_c7CD6ax6hYg\"]},{\"@type\":\"Person\",\"@id\":\"https:\\\/\\\/www.camaeleon.org\\\/de\\\/#\\\/schema\\\/person\\\/0a64d0134922d6545c34e653bfbe0c14\",\"name\":\"Niclas Oerter\",\"image\":{\"@type\":\"ImageObject\",\"inLanguage\":\"en-US\",\"@id\":\"https:\\\/\\\/www.camaeleon.org\\\/en\\\/wp-content\\\/uploads\\\/2021\\\/10\\\/cropped-android-chrome-512x512-2-150x150.pngb111c6b8db723f506736f05d8fadbe0c\",\"url\":\"https:\\\/\\\/www.camaeleon.org\\\/wp-content\\\/uploads\\\/2021\\\/10\\\/cropped-android-chrome-512x512-2-150x150.png\",\"contentUrl\":\"https:\\\/\\\/www.camaeleon.org\\\/wp-content\\\/uploads\\\/2021\\\/10\\\/cropped-android-chrome-512x512-2-150x150.png\",\"caption\":\"Niclas Oerter\"},\"sameAs\":[\"http:\\\/\\\/camaeleon\"],\"url\":\"https:\\\/\\\/www.camaeleon.org\\\/en\\\/author\\\/niclas-oerter\\\/\"}]}<\/script>\n<!-- \/ Yoast SEO plugin. -->","yoast_head_json":{"title":"Wie denken Mathelehrer? - Cam\u00e4l\u00e9on","description":"Wie ist Herrn Collets Meinung \u00fcber seine Sch\u00fcler? Im Interview berichtet der Mathematik-, Physik- und Chemielehrer \u00fcber seine Klassen und seine Karriere.","robots":{"index":"index","follow":"follow","max-snippet":"max-snippet:-1","max-image-preview":"max-image-preview:large","max-video-preview":"max-video-preview:-1"},"canonical":"https:\/\/www.camaeleon.org\/en\/2012\/11\/26\/deutsch-wie-denken-mathelehrer\/","og_locale":"en_US","og_type":"article","og_title":"Wie denken Mathelehrer? - Cam\u00e4l\u00e9on","og_description":"Wie ist Herrn Collets Meinung \u00fcber seine Sch\u00fcler? Im Interview berichtet der Mathematik-, Physik- und Chemielehrer \u00fcber seine Klassen und seine Karriere.","og_url":"https:\/\/www.camaeleon.org\/en\/2012\/11\/26\/deutsch-wie-denken-mathelehrer\/","og_site_name":"Cam\u00e4l\u00e9on","article_publisher":"https:\/\/www.facebook.com\/camaeleon.org\/","article_published_time":"2012-11-26T22:17:33+00:00","article_modified_time":"2020-12-23T17:32:31+00:00","og_image":[{"width":600,"height":398,"url":"https:\/\/www.camaeleon.org\/wp-content\/uploads\/2012\/11\/Wie-denken-Mathelehrer.jpg","type":"image\/jpeg"}],"author":"Niclas Oerter","twitter_card":"summary_large_image","twitter_creator":"@camaeleonOrg","twitter_site":"@camaeleonOrg","schema":{"@context":"https:\/\/schema.org","@graph":[{"@type":"Article","@id":"https:\/\/www.camaeleon.org\/de\/2012\/11\/26\/deutsch-wie-denken-mathelehrer\/#article","isPartOf":{"@id":"https:\/\/www.camaeleon.org\/de\/2012\/11\/26\/deutsch-wie-denken-mathelehrer\/"},"author":{"name":"Niclas Oerter","@id":"https:\/\/www.camaeleon.org\/de\/#\/schema\/person\/0a64d0134922d6545c34e653bfbe0c14"},"headline":"Wie denken Mathelehrer?","datePublished":"2012-11-26T22:17:33+00:00","dateModified":"2020-12-23T17:32:31+00:00","mainEntityOfPage":{"@id":"https:\/\/www.camaeleon.org\/de\/2012\/11\/26\/deutsch-wie-denken-mathelehrer\/"},"wordCount":273,"commentCount":0,"publisher":{"@id":"https:\/\/www.camaeleon.org\/de\/#organization"},"image":{"@id":"https:\/\/www.camaeleon.org\/de\/2012\/11\/26\/deutsch-wie-denken-mathelehrer\/#primaryimage"},"thumbnailUrl":"https:\/\/www.camaeleon.org\/wp-content\/uploads\/2012\/11\/Wie-denken-Mathelehrer.jpg","keywords":["Collet","Lehrer-Interview","Mathematik"],"articleSection":["School","Podcast"],"inLanguage":"en-US","potentialAction":[{"@type":"CommentAction","name":"Comment","target":["https:\/\/www.camaeleon.org\/de\/2012\/11\/26\/deutsch-wie-denken-mathelehrer\/#respond"]}]},{"@type":"WebPage","@id":"https:\/\/www.camaeleon.org\/en\/2012\/11\/26\/deutsch-wie-denken-mathelehrer\/","url":"https:\/\/www.camaeleon.org\/en\/2012\/11\/26\/deutsch-wie-denken-mathelehrer\/","name":"Wie denken Mathelehrer? - Cam\u00e4l\u00e9on","isPartOf":{"@id":"https:\/\/www.camaeleon.org\/en\/#website"},"primaryImageOfPage":{"@id":"https:\/\/www.camaeleon.org\/en\/2012\/11\/26\/deutsch-wie-denken-mathelehrer\/#primaryimage"},"image":{"@id":"https:\/\/www.camaeleon.org\/de\/2012\/11\/26\/deutsch-wie-denken-mathelehrer\/#primaryimage"},"thumbnailUrl":"https:\/\/www.camaeleon.org\/wp-content\/uploads\/2012\/11\/Wie-denken-Mathelehrer.jpg","datePublished":"2012-11-26T22:17:33+00:00","dateModified":"2020-12-23T17:32:31+00:00","description":"Wie ist Herrn Collets Meinung \u00fcber seine Sch\u00fcler? Im Interview berichtet der Mathematik-, Physik- und Chemielehrer \u00fcber seine Klassen und seine Karriere.","breadcrumb":{"@id":"https:\/\/www.camaeleon.org\/en\/2012\/11\/26\/deutsch-wie-denken-mathelehrer\/#breadcrumb"},"inLanguage":"en-US","potentialAction":[{"@type":"ReadAction","target":[["https:\/\/www.camaeleon.org\/en\/2012\/11\/26\/deutsch-wie-denken-mathelehrer\/"]]}]},{"@type":"ImageObject","inLanguage":"en-US","@id":"https:\/\/www.camaeleon.org\/en\/2012\/11\/26\/deutsch-wie-denken-mathelehrer\/#primaryimage","url":"https:\/\/www.camaeleon.org\/wp-content\/uploads\/2012\/11\/Wie-denken-Mathelehrer.jpg","contentUrl":"https:\/\/www.camaeleon.org\/wp-content\/uploads\/2012\/11\/Wie-denken-Mathelehrer.jpg","width":600,"height":398,"caption":"Wie denken Mathelehrer? (Foto: J\u00f6rg Willecke \/ {a href=\"http:\/\/pixelio.de\"}pixelio.de{\/a}"},{"@type":"BreadcrumbList","@id":"https:\/\/www.camaeleon.org\/en\/2012\/11\/26\/deutsch-wie-denken-mathelehrer\/#breadcrumb","itemListElement":[{"@type":"ListItem","position":1,"name":"Home","item":"https:\/\/www.camaeleon.org\/en\/"},{"@type":"ListItem","position":2,"name":"Wie denken Mathelehrer?"}]},{"@type":"WebSite","@id":"https:\/\/www.camaeleon.org\/en\/#website","url":"https:\/\/www.camaeleon.org\/en\/","name":"Cam\u00e4l\u00e9on","description":"The online student magazine by Deutsch-Franz\u00f6sisches Gymnasium Saarbr\u00fccken","publisher":{"@id":"https:\/\/www.camaeleon.org\/en\/#organization"},"potentialAction":[{"@type":"SearchAction","target":{"@type":"EntryPoint","urlTemplate":"https:\/\/www.camaeleon.org\/en\/?s={search_term_string}"},"query-input":{"@type":"PropertyValueSpecification","valueRequired":true,"valueName":"search_term_string"}}],"inLanguage":"en-US"},{"@type":"Organization","@id":"https:\/\/www.camaeleon.org\/en\/#organization","name":"Cam\u00e4l\u00e9on","url":"https:\/\/www.camaeleon.org\/en\/","logo":{"@type":"ImageObject","inLanguage":"en-US","@id":"https:\/\/www.camaeleon.org\/en\/#\/schema\/logo\/image\/","url":"https:\/\/www.camaeleon.org\/wp-content\/uploads\/2011\/11\/CAM\u00c4LEON.jpg","contentUrl":"https:\/\/www.camaeleon.org\/wp-content\/uploads\/2011\/11\/CAM\u00c4LEON.jpg","width":959,"height":959,"caption":"Cam\u00e4l\u00e9on"},"image":{"@id":"https:\/\/www.camaeleon.org\/en\/#\/schema\/logo\/image\/"},"sameAs":["https:\/\/www.facebook.com\/camaeleon.org\/","https:\/\/x.com\/camaeleonOrg","https:\/\/www.instagram.com\/camaeleon.dfg\/","https:\/\/www.youtube.com\/channel\/UCl3TAUDdGuu_c7CD6ax6hYg"]},{"@type":"Person","@id":"https:\/\/www.camaeleon.org\/de\/#\/schema\/person\/0a64d0134922d6545c34e653bfbe0c14","name":"Niclas Oerter","image":{"@type":"ImageObject","inLanguage":"en-US","@id":"https:\/\/www.camaeleon.org\/en\/wp-content\/uploads\/2021\/10\/cropped-android-chrome-512x512-2-150x150.pngb111c6b8db723f506736f05d8fadbe0c","url":"https:\/\/www.camaeleon.org\/wp-content\/uploads\/2021\/10\/cropped-android-chrome-512x512-2-150x150.png","contentUrl":"https:\/\/www.camaeleon.org\/wp-content\/uploads\/2021\/10\/cropped-android-chrome-512x512-2-150x150.png","caption":"Niclas Oerter"},"sameAs":["http:\/\/camaeleon"],"url":"https:\/\/www.camaeleon.org\/en\/author\/niclas-oerter\/"}]}},"_links":{"self":[{"href":"https:\/\/www.camaeleon.org\/en\/wp-json\/wp\/v2\/posts\/3835","targetHints":{"allow":["GET"]}}],"collection":[{"href":"https:\/\/www.camaeleon.org\/en\/wp-json\/wp\/v2\/posts"}],"about":[{"href":"https:\/\/www.camaeleon.org\/en\/wp-json\/wp\/v2\/types\/post"}],"author":[{"embeddable":true,"href":"https:\/\/www.camaeleon.org\/en\/wp-json\/wp\/v2\/users\/33"}],"replies":[{"embeddable":true,"href":"https:\/\/www.camaeleon.org\/en\/wp-json\/wp\/v2\/comments?post=3835"}],"version-history":[{"count":0,"href":"https:\/\/www.camaeleon.org\/en\/wp-json\/wp\/v2\/posts\/3835\/revisions"}],"wp:featuredmedia":[{"embeddable":true,"href":"https:\/\/www.camaeleon.org\/en\/wp-json\/wp\/v2\/media\/4126"}],"wp:attachment":[{"href":"https:\/\/www.camaeleon.org\/en\/wp-json\/wp\/v2\/media?parent=3835"}],"wp:term":[{"taxonomy":"category","embeddable":true,"href":"https:\/\/www.camaeleon.org\/en\/wp-json\/wp\/v2\/categories?post=3835"},{"taxonomy":"post_tag","embeddable":true,"href":"https:\/\/www.camaeleon.org\/en\/wp-json\/wp\/v2\/tags?post=3835"},{"taxonomy":"author","embeddable":true,"href":"https:\/\/www.camaeleon.org\/en\/wp-json\/wp\/v2\/coauthors?post=3835"}],"curies":[{"name":"wp","href":"https:\/\/api.w.org\/{rel}","templated":true}]}}