{"id":33753,"date":"2026-03-06T22:42:39","date_gmt":"2026-03-06T21:42:39","guid":{"rendered":"https:\/\/www.camaeleon.org\/?p=33753"},"modified":"2026-03-20T13:00:32","modified_gmt":"2026-03-20T12:00:32","slug":"das-wort-der-woche-paralympics","status":"publish","type":"post","link":"https:\/\/www.camaeleon.org\/en\/2026\/03\/06\/das-wort-der-woche-paralympics\/","title":{"rendered":"Das Wort der Woche: #Paralympics"},"content":{"rendered":"<p><figure id=\"attachment_33790\" aria-describedby=\"caption-attachment-33790\" style=\"width: 300px\" class=\"wp-caption alignleft\"><img loading=\"lazy\" decoding=\"async\" class=\"wp-image-33790 size-medium\" src=\"https:\/\/www.camaeleon.org\/wp-content\/uploads\/2026\/03\/Paralympic_XC_ski_sitting-300x224.jpg\" alt=\"\" width=\"300\" height=\"224\" srcset=\"https:\/\/www.camaeleon.org\/wp-content\/uploads\/2026\/03\/Paralympic_XC_ski_sitting-300x224.jpg 300w, https:\/\/www.camaeleon.org\/wp-content\/uploads\/2026\/03\/Paralympic_XC_ski_sitting-802x600.jpg 802w, https:\/\/www.camaeleon.org\/wp-content\/uploads\/2026\/03\/Paralympic_XC_ski_sitting-1536x1149.jpg 1536w, https:\/\/www.camaeleon.org\/wp-content\/uploads\/2026\/03\/Paralympic_XC_ski_sitting.jpg 1562w\" sizes=\"auto, (max-width: 300px) 100vw, 300px\" \/><figcaption id=\"caption-attachment-33790\" class=\"wp-caption-text\">Ukrainische Athletin Olena Iurkovska bei den Paralympics 2010 (Foto: <span class=\"mw-page-title-main\">Clayoquot<\/span> &#8211; <a href=\"https:\/\/en.wikipedia.org\/wiki\/Olena_Iurkovska#\/media\/File:Paralympic_XC_ski_sitting.JPG\">Wikipedia<\/a> &#8211; <a class=\"mw-mmv-license\" href=\"https:\/\/creativecommons.org\/licenses\/by-sa\/3.0\" target=\"_blank\" rel=\"noopener\">CC BY-SA 3.0<\/a>)<\/figcaption><\/figure><\/p>\n<p>Heute, 6.3.2026, beginnen die Paralympischen Winterspiele in Mailand und Cortina d\u2019Ampezzo auf dem Eis (oder Schnee) f\u00fcr Personen mit einer k\u00f6rperlichen oder geistigen Einschr\u00e4nkung.<\/p>\n<p>Es gibt die Paralympischen Spiele seit 1960. Sie wurden in Rom veranstaltet, damals mit Rollstuhlsportlern aus 23 L\u00e4ndern. 1989 wurde das IPC gegr\u00fcndet (Internationales Paralympisches Komitee), das seit 1999 seinen Sitz in Bonn hat.<\/p>\n<p>Bei den Paralympischen Spielen gibt es die Sportarten: Para-Eishockey, Para-Biathlon, Para-Skilanglauf, Para Ski Alpin, Para Snowboard und auch Rollstuhlcurling.<\/p>","protected":false},"excerpt":{"rendered":"<p>Heute, 6.3.2026, beginnen die Paralympischen Winterspiele in Mailand und Cortina d\u2019Ampezzo auf dem Eis (oder Schnee) f\u00fcr Personen mit einer k\u00f6rperlichen oder geistigen Einschr\u00e4nkung. Es<\/p>\n","protected":false},"author":186,"featured_media":33790,"comment_status":"open","ping_status":"closed","sticky":false,"template":"","format":"standard","meta":{"colormag_page_container_layout":"default_layout","colormag_page_sidebar_layout":"default_layout","footnotes":""},"categories":[864],"tags":[2740,2741],"coauthors":[2543],"class_list":["post-33753","post","type-post","status-publish","format-standard","has-post-thumbnail","hentry","category-le-mot-de-la-semaine","tag-paralympics","tag-paralympische-winterspiele"],"yoast_head":"<!-- This site is optimized with the Yoast SEO plugin v27.4 - https:\/\/yoast.com\/product\/yoast-seo-wordpress\/ -->\n<title>Das Wort der Woche: #Paralympics - Cam\u00e4l\u00e9on<\/title>\n<meta name=\"description\" content=\"Heute, 6.3.2026, beginnen die Paralympischen Winterspiele auf dem Eis (oder Schnee) f\u00fcr Personen mit einer k\u00f6rperlichen oder geistigen Einschr\u00e4nkung.\" \/>\n<meta name=\"robots\" content=\"index, follow, max-snippet:-1, max-image-preview:large, max-video-preview:-1\" \/>\n<link rel=\"canonical\" href=\"https:\/\/www.camaeleon.org\/en\/2026\/03\/06\/das-wort-der-woche-paralympics\/\" \/>\n<meta property=\"og:locale\" content=\"en_US\" \/>\n<meta property=\"og:type\" content=\"article\" \/>\n<meta property=\"og:title\" content=\"Das Wort der Woche: #Paralympics - Cam\u00e4l\u00e9on\" \/>\n<meta property=\"og:description\" content=\"Heute, 6.3.2026, beginnen die Paralympischen Winterspiele auf dem Eis (oder Schnee) f\u00fcr Personen mit einer k\u00f6rperlichen oder geistigen Einschr\u00e4nkung.\" \/>\n<meta property=\"og:url\" content=\"https:\/\/www.camaeleon.org\/en\/2026\/03\/06\/das-wort-der-woche-paralympics\/\" \/>\n<meta property=\"og:site_name\" content=\"Cam\u00e4l\u00e9on\" \/>\n<meta property=\"article:publisher\" content=\"https:\/\/www.facebook.com\/camaeleon.org\/\" \/>\n<meta property=\"article:published_time\" content=\"2026-03-06T21:42:39+00:00\" \/>\n<meta property=\"article:modified_time\" content=\"2026-03-20T12:00:32+00:00\" \/>\n<meta property=\"og:image\" content=\"https:\/\/www.camaeleon.org\/wp-content\/uploads\/2026\/03\/Paralympic_XC_ski_sitting.jpg\" \/>\n\t<meta property=\"og:image:width\" content=\"1562\" \/>\n\t<meta property=\"og:image:height\" content=\"1168\" \/>\n\t<meta property=\"og:image:type\" content=\"image\/jpeg\" \/>\n<meta name=\"author\" content=\"Adrian Wolff\" \/>\n<meta name=\"twitter:card\" content=\"summary_large_image\" \/>\n<meta name=\"twitter:creator\" content=\"@camaeleonOrg\" \/>\n<meta name=\"twitter:site\" content=\"@camaeleonOrg\" \/>\n<script type=\"application\/ld+json\" class=\"yoast-schema-graph\">{\"@context\":\"https:\\\/\\\/schema.org\",\"@graph\":[{\"@type\":\"Article\",\"@id\":\"https:\\\/\\\/www.camaeleon.org\\\/2026\\\/03\\\/06\\\/das-wort-der-woche-paralympics\\\/#article\",\"isPartOf\":{\"@id\":\"https:\\\/\\\/www.camaeleon.org\\\/2026\\\/03\\\/06\\\/das-wort-der-woche-paralympics\\\/\"},\"author\":{\"name\":\"Adrian Wolff\",\"@id\":\"https:\\\/\\\/www.camaeleon.org\\\/de\\\/#\\\/schema\\\/person\\\/eb5a0f31c8491e9eff5b31200964cb53\"},\"headline\":\"Das Wort der Woche: #Paralympics\",\"datePublished\":\"2026-03-06T21:42:39+00:00\",\"dateModified\":\"2026-03-20T12:00:32+00:00\",\"mainEntityOfPage\":{\"@id\":\"https:\\\/\\\/www.camaeleon.org\\\/2026\\\/03\\\/06\\\/das-wort-der-woche-paralympics\\\/\"},\"wordCount\":337,\"commentCount\":0,\"publisher\":{\"@id\":\"https:\\\/\\\/www.camaeleon.org\\\/de\\\/#organization\"},\"image\":{\"@id\":\"https:\\\/\\\/www.camaeleon.org\\\/2026\\\/03\\\/06\\\/das-wort-der-woche-paralympics\\\/#primaryimage\"},\"thumbnailUrl\":\"https:\\\/\\\/www.camaeleon.org\\\/wp-content\\\/uploads\\\/2026\\\/03\\\/Paralympic_XC_ski_sitting.jpg\",\"keywords\":[\"Paralympics\",\"Paralympische Winterspiele\"],\"articleSection\":[\"Word of the Week\"],\"inLanguage\":\"en-US\",\"potentialAction\":[{\"@type\":\"CommentAction\",\"name\":\"Comment\",\"target\":[\"https:\\\/\\\/www.camaeleon.org\\\/2026\\\/03\\\/06\\\/das-wort-der-woche-paralympics\\\/#respond\"]}]},{\"@type\":\"WebPage\",\"@id\":\"https:\\\/\\\/www.camaeleon.org\\\/en\\\/2026\\\/03\\\/06\\\/das-wort-der-woche-paralympics\\\/\",\"url\":\"https:\\\/\\\/www.camaeleon.org\\\/en\\\/2026\\\/03\\\/06\\\/das-wort-der-woche-paralympics\\\/\",\"name\":\"Das Wort der Woche: #Paralympics - Cam\u00e4l\u00e9on\",\"isPartOf\":{\"@id\":\"https:\\\/\\\/www.camaeleon.org\\\/en\\\/#website\"},\"primaryImageOfPage\":{\"@id\":\"https:\\\/\\\/www.camaeleon.org\\\/en\\\/2026\\\/03\\\/06\\\/das-wort-der-woche-paralympics\\\/#primaryimage\"},\"image\":{\"@id\":\"https:\\\/\\\/www.camaeleon.org\\\/2026\\\/03\\\/06\\\/das-wort-der-woche-paralympics\\\/#primaryimage\"},\"thumbnailUrl\":\"https:\\\/\\\/www.camaeleon.org\\\/wp-content\\\/uploads\\\/2026\\\/03\\\/Paralympic_XC_ski_sitting.jpg\",\"datePublished\":\"2026-03-06T21:42:39+00:00\",\"dateModified\":\"2026-03-20T12:00:32+00:00\",\"description\":\"Heute, 6.3.2026, beginnen die Paralympischen Winterspiele auf dem Eis (oder Schnee) f\u00fcr Personen mit einer k\u00f6rperlichen oder geistigen Einschr\u00e4nkung.\",\"breadcrumb\":{\"@id\":\"https:\\\/\\\/www.camaeleon.org\\\/en\\\/2026\\\/03\\\/06\\\/das-wort-der-woche-paralympics\\\/#breadcrumb\"},\"inLanguage\":\"en-US\",\"potentialAction\":[{\"@type\":\"ReadAction\",\"target\":[[\"https:\\\/\\\/www.camaeleon.org\\\/en\\\/2026\\\/03\\\/06\\\/das-wort-der-woche-paralympics\\\/\"]]}]},{\"@type\":\"ImageObject\",\"inLanguage\":\"en-US\",\"@id\":\"https:\\\/\\\/www.camaeleon.org\\\/en\\\/2026\\\/03\\\/06\\\/das-wort-der-woche-paralympics\\\/#primaryimage\",\"url\":\"https:\\\/\\\/www.camaeleon.org\\\/wp-content\\\/uploads\\\/2026\\\/03\\\/Paralympic_XC_ski_sitting.jpg\",\"contentUrl\":\"https:\\\/\\\/www.camaeleon.org\\\/wp-content\\\/uploads\\\/2026\\\/03\\\/Paralympic_XC_ski_sitting.jpg\",\"width\":1562,\"height\":1168,\"caption\":\"Ukrainische Athletin Olena Iurkovska bei den Paralympics 2010 (Foto: Clayoquot - Wikipedia - CC BY-SA 3.0)\"},{\"@type\":\"BreadcrumbList\",\"@id\":\"https:\\\/\\\/www.camaeleon.org\\\/en\\\/2026\\\/03\\\/06\\\/das-wort-der-woche-paralympics\\\/#breadcrumb\",\"itemListElement\":[{\"@type\":\"ListItem\",\"position\":1,\"name\":\"Home\",\"item\":\"https:\\\/\\\/www.camaeleon.org\\\/en\\\/\"},{\"@type\":\"ListItem\",\"position\":2,\"name\":\"Le mot de la semaine : #Jeux-paralympiques\"}]},{\"@type\":\"WebSite\",\"@id\":\"https:\\\/\\\/www.camaeleon.org\\\/en\\\/#website\",\"url\":\"https:\\\/\\\/www.camaeleon.org\\\/en\\\/\",\"name\":\"Cam\u00e4l\u00e9on\",\"description\":\"The online student magazine by Deutsch-Franz\u00f6sisches Gymnasium Saarbr\u00fccken\",\"publisher\":{\"@id\":\"https:\\\/\\\/www.camaeleon.org\\\/en\\\/#organization\"},\"potentialAction\":[{\"@type\":\"SearchAction\",\"target\":{\"@type\":\"EntryPoint\",\"urlTemplate\":\"https:\\\/\\\/www.camaeleon.org\\\/en\\\/?s={search_term_string}\"},\"query-input\":{\"@type\":\"PropertyValueSpecification\",\"valueRequired\":true,\"valueName\":\"search_term_string\"}}],\"inLanguage\":\"en-US\"},{\"@type\":\"Organization\",\"@id\":\"https:\\\/\\\/www.camaeleon.org\\\/en\\\/#organization\",\"name\":\"Cam\u00e4l\u00e9on\",\"url\":\"https:\\\/\\\/www.camaeleon.org\\\/en\\\/\",\"logo\":{\"@type\":\"ImageObject\",\"inLanguage\":\"en-US\",\"@id\":\"https:\\\/\\\/www.camaeleon.org\\\/en\\\/#\\\/schema\\\/logo\\\/image\\\/\",\"url\":\"https:\\\/\\\/www.camaeleon.org\\\/wp-content\\\/uploads\\\/2011\\\/11\\\/CAM\u00c4LEON.jpg\",\"contentUrl\":\"https:\\\/\\\/www.camaeleon.org\\\/wp-content\\\/uploads\\\/2011\\\/11\\\/CAM\u00c4LEON.jpg\",\"width\":959,\"height\":959,\"caption\":\"Cam\u00e4l\u00e9on\"},\"image\":{\"@id\":\"https:\\\/\\\/www.camaeleon.org\\\/en\\\/#\\\/schema\\\/logo\\\/image\\\/\"},\"sameAs\":[\"https:\\\/\\\/www.facebook.com\\\/camaeleon.org\\\/\",\"https:\\\/\\\/x.com\\\/camaeleonOrg\",\"https:\\\/\\\/www.instagram.com\\\/camaeleon.dfg\\\/\",\"https:\\\/\\\/www.youtube.com\\\/channel\\\/UCl3TAUDdGuu_c7CD6ax6hYg\"]},{\"@type\":\"Person\",\"@id\":\"https:\\\/\\\/www.camaeleon.org\\\/de\\\/#\\\/schema\\\/person\\\/eb5a0f31c8491e9eff5b31200964cb53\",\"name\":\"Adrian Wolff\",\"image\":{\"@type\":\"ImageObject\",\"inLanguage\":\"en-US\",\"@id\":\"https:\\\/\\\/www.camaeleon.org\\\/en\\\/wp-content\\\/uploads\\\/2021\\\/10\\\/cropped-android-chrome-512x512-2-150x150.pngb111c6b8db723f506736f05d8fadbe0c\",\"url\":\"https:\\\/\\\/www.camaeleon.org\\\/wp-content\\\/uploads\\\/2021\\\/10\\\/cropped-android-chrome-512x512-2-150x150.png\",\"contentUrl\":\"https:\\\/\\\/www.camaeleon.org\\\/wp-content\\\/uploads\\\/2021\\\/10\\\/cropped-android-chrome-512x512-2-150x150.png\",\"caption\":\"Adrian Wolff\"},\"description\":\"Hi, I'm Adrian, I'm 14 years old and I play basketball and the trumpet. I like drawing comics or pictures and reading comics. I've been with Cam\u00e4l\u00e9on since 2024. Feel free to write comic ideas in the comments.\",\"url\":\"https:\\\/\\\/www.camaeleon.org\\\/en\\\/author\\\/adrian-wolff\\\/\"}]}<\/script>\n<!-- \/ Yoast SEO plugin. -->","yoast_head_json":{"title":"Das Wort der Woche: #Paralympics - Cam\u00e4l\u00e9on","description":"Heute, 6.3.2026, beginnen die Paralympischen Winterspiele auf dem Eis (oder Schnee) f\u00fcr Personen mit einer k\u00f6rperlichen oder geistigen Einschr\u00e4nkung.","robots":{"index":"index","follow":"follow","max-snippet":"max-snippet:-1","max-image-preview":"max-image-preview:large","max-video-preview":"max-video-preview:-1"},"canonical":"https:\/\/www.camaeleon.org\/en\/2026\/03\/06\/das-wort-der-woche-paralympics\/","og_locale":"en_US","og_type":"article","og_title":"Das Wort der Woche: #Paralympics - Cam\u00e4l\u00e9on","og_description":"Heute, 6.3.2026, beginnen die Paralympischen Winterspiele auf dem Eis (oder Schnee) f\u00fcr Personen mit einer k\u00f6rperlichen oder geistigen Einschr\u00e4nkung.","og_url":"https:\/\/www.camaeleon.org\/en\/2026\/03\/06\/das-wort-der-woche-paralympics\/","og_site_name":"Cam\u00e4l\u00e9on","article_publisher":"https:\/\/www.facebook.com\/camaeleon.org\/","article_published_time":"2026-03-06T21:42:39+00:00","article_modified_time":"2026-03-20T12:00:32+00:00","og_image":[{"width":1562,"height":1168,"url":"https:\/\/www.camaeleon.org\/wp-content\/uploads\/2026\/03\/Paralympic_XC_ski_sitting.jpg","type":"image\/jpeg"}],"author":"Adrian Wolff","twitter_card":"summary_large_image","twitter_creator":"@camaeleonOrg","twitter_site":"@camaeleonOrg","schema":{"@context":"https:\/\/schema.org","@graph":[{"@type":"Article","@id":"https:\/\/www.camaeleon.org\/2026\/03\/06\/das-wort-der-woche-paralympics\/#article","isPartOf":{"@id":"https:\/\/www.camaeleon.org\/2026\/03\/06\/das-wort-der-woche-paralympics\/"},"author":{"name":"Adrian Wolff","@id":"https:\/\/www.camaeleon.org\/de\/#\/schema\/person\/eb5a0f31c8491e9eff5b31200964cb53"},"headline":"Das Wort der Woche: #Paralympics","datePublished":"2026-03-06T21:42:39+00:00","dateModified":"2026-03-20T12:00:32+00:00","mainEntityOfPage":{"@id":"https:\/\/www.camaeleon.org\/2026\/03\/06\/das-wort-der-woche-paralympics\/"},"wordCount":337,"commentCount":0,"publisher":{"@id":"https:\/\/www.camaeleon.org\/de\/#organization"},"image":{"@id":"https:\/\/www.camaeleon.org\/2026\/03\/06\/das-wort-der-woche-paralympics\/#primaryimage"},"thumbnailUrl":"https:\/\/www.camaeleon.org\/wp-content\/uploads\/2026\/03\/Paralympic_XC_ski_sitting.jpg","keywords":["Paralympics","Paralympische Winterspiele"],"articleSection":["Word of the Week"],"inLanguage":"en-US","potentialAction":[{"@type":"CommentAction","name":"Comment","target":["https:\/\/www.camaeleon.org\/2026\/03\/06\/das-wort-der-woche-paralympics\/#respond"]}]},{"@type":"WebPage","@id":"https:\/\/www.camaeleon.org\/en\/2026\/03\/06\/das-wort-der-woche-paralympics\/","url":"https:\/\/www.camaeleon.org\/en\/2026\/03\/06\/das-wort-der-woche-paralympics\/","name":"Das Wort der Woche: #Paralympics - Cam\u00e4l\u00e9on","isPartOf":{"@id":"https:\/\/www.camaeleon.org\/en\/#website"},"primaryImageOfPage":{"@id":"https:\/\/www.camaeleon.org\/en\/2026\/03\/06\/das-wort-der-woche-paralympics\/#primaryimage"},"image":{"@id":"https:\/\/www.camaeleon.org\/2026\/03\/06\/das-wort-der-woche-paralympics\/#primaryimage"},"thumbnailUrl":"https:\/\/www.camaeleon.org\/wp-content\/uploads\/2026\/03\/Paralympic_XC_ski_sitting.jpg","datePublished":"2026-03-06T21:42:39+00:00","dateModified":"2026-03-20T12:00:32+00:00","description":"Heute, 6.3.2026, beginnen die Paralympischen Winterspiele auf dem Eis (oder Schnee) f\u00fcr Personen mit einer k\u00f6rperlichen oder geistigen Einschr\u00e4nkung.","breadcrumb":{"@id":"https:\/\/www.camaeleon.org\/en\/2026\/03\/06\/das-wort-der-woche-paralympics\/#breadcrumb"},"inLanguage":"en-US","potentialAction":[{"@type":"ReadAction","target":[["https:\/\/www.camaeleon.org\/en\/2026\/03\/06\/das-wort-der-woche-paralympics\/"]]}]},{"@type":"ImageObject","inLanguage":"en-US","@id":"https:\/\/www.camaeleon.org\/en\/2026\/03\/06\/das-wort-der-woche-paralympics\/#primaryimage","url":"https:\/\/www.camaeleon.org\/wp-content\/uploads\/2026\/03\/Paralympic_XC_ski_sitting.jpg","contentUrl":"https:\/\/www.camaeleon.org\/wp-content\/uploads\/2026\/03\/Paralympic_XC_ski_sitting.jpg","width":1562,"height":1168,"caption":"Ukrainische Athletin Olena Iurkovska bei den Paralympics 2010 (Foto: Clayoquot - Wikipedia - CC BY-SA 3.0)"},{"@type":"BreadcrumbList","@id":"https:\/\/www.camaeleon.org\/en\/2026\/03\/06\/das-wort-der-woche-paralympics\/#breadcrumb","itemListElement":[{"@type":"ListItem","position":1,"name":"Home","item":"https:\/\/www.camaeleon.org\/en\/"},{"@type":"ListItem","position":2,"name":"Le mot de la semaine : #Jeux-paralympiques"}]},{"@type":"WebSite","@id":"https:\/\/www.camaeleon.org\/en\/#website","url":"https:\/\/www.camaeleon.org\/en\/","name":"Cam\u00e4l\u00e9on","description":"The online student magazine by Deutsch-Franz\u00f6sisches Gymnasium Saarbr\u00fccken","publisher":{"@id":"https:\/\/www.camaeleon.org\/en\/#organization"},"potentialAction":[{"@type":"SearchAction","target":{"@type":"EntryPoint","urlTemplate":"https:\/\/www.camaeleon.org\/en\/?s={search_term_string}"},"query-input":{"@type":"PropertyValueSpecification","valueRequired":true,"valueName":"search_term_string"}}],"inLanguage":"en-US"},{"@type":"Organization","@id":"https:\/\/www.camaeleon.org\/en\/#organization","name":"Cam\u00e4l\u00e9on","url":"https:\/\/www.camaeleon.org\/en\/","logo":{"@type":"ImageObject","inLanguage":"en-US","@id":"https:\/\/www.camaeleon.org\/en\/#\/schema\/logo\/image\/","url":"https:\/\/www.camaeleon.org\/wp-content\/uploads\/2011\/11\/CAM\u00c4LEON.jpg","contentUrl":"https:\/\/www.camaeleon.org\/wp-content\/uploads\/2011\/11\/CAM\u00c4LEON.jpg","width":959,"height":959,"caption":"Cam\u00e4l\u00e9on"},"image":{"@id":"https:\/\/www.camaeleon.org\/en\/#\/schema\/logo\/image\/"},"sameAs":["https:\/\/www.facebook.com\/camaeleon.org\/","https:\/\/x.com\/camaeleonOrg","https:\/\/www.instagram.com\/camaeleon.dfg\/","https:\/\/www.youtube.com\/channel\/UCl3TAUDdGuu_c7CD6ax6hYg"]},{"@type":"Person","@id":"https:\/\/www.camaeleon.org\/de\/#\/schema\/person\/eb5a0f31c8491e9eff5b31200964cb53","name":"Adrian Wolff","image":{"@type":"ImageObject","inLanguage":"en-US","@id":"https:\/\/www.camaeleon.org\/en\/wp-content\/uploads\/2021\/10\/cropped-android-chrome-512x512-2-150x150.pngb111c6b8db723f506736f05d8fadbe0c","url":"https:\/\/www.camaeleon.org\/wp-content\/uploads\/2021\/10\/cropped-android-chrome-512x512-2-150x150.png","contentUrl":"https:\/\/www.camaeleon.org\/wp-content\/uploads\/2021\/10\/cropped-android-chrome-512x512-2-150x150.png","caption":"Adrian Wolff"},"description":"Hi, I'm Adrian, I'm 14 years old and I play basketball and the trumpet. I like drawing comics or pictures and reading comics. I've been with Cam\u00e4l\u00e9on since 2024. Feel free to write comic ideas in the comments.","url":"https:\/\/www.camaeleon.org\/en\/author\/adrian-wolff\/"}]}},"_links":{"self":[{"href":"https:\/\/www.camaeleon.org\/en\/wp-json\/wp\/v2\/posts\/33753","targetHints":{"allow":["GET"]}}],"collection":[{"href":"https:\/\/www.camaeleon.org\/en\/wp-json\/wp\/v2\/posts"}],"about":[{"href":"https:\/\/www.camaeleon.org\/en\/wp-json\/wp\/v2\/types\/post"}],"author":[{"embeddable":true,"href":"https:\/\/www.camaeleon.org\/en\/wp-json\/wp\/v2\/users\/186"}],"replies":[{"embeddable":true,"href":"https:\/\/www.camaeleon.org\/en\/wp-json\/wp\/v2\/comments?post=33753"}],"version-history":[{"count":2,"href":"https:\/\/www.camaeleon.org\/en\/wp-json\/wp\/v2\/posts\/33753\/revisions"}],"predecessor-version":[{"id":33824,"href":"https:\/\/www.camaeleon.org\/en\/wp-json\/wp\/v2\/posts\/33753\/revisions\/33824"}],"wp:featuredmedia":[{"embeddable":true,"href":"https:\/\/www.camaeleon.org\/en\/wp-json\/wp\/v2\/media\/33790"}],"wp:attachment":[{"href":"https:\/\/www.camaeleon.org\/en\/wp-json\/wp\/v2\/media?parent=33753"}],"wp:term":[{"taxonomy":"category","embeddable":true,"href":"https:\/\/www.camaeleon.org\/en\/wp-json\/wp\/v2\/categories?post=33753"},{"taxonomy":"post_tag","embeddable":true,"href":"https:\/\/www.camaeleon.org\/en\/wp-json\/wp\/v2\/tags?post=33753"},{"taxonomy":"author","embeddable":true,"href":"https:\/\/www.camaeleon.org\/en\/wp-json\/wp\/v2\/coauthors?post=33753"}],"curies":[{"name":"wp","href":"https:\/\/api.w.org\/{rel}","templated":true}]}}