{"id":33319,"date":"2026-01-23T17:31:18","date_gmt":"2026-01-23T16:31:18","guid":{"rendered":"https:\/\/www.camaeleon.org\/?p=33319"},"modified":"2026-01-23T19:11:14","modified_gmt":"2026-01-23T18:11:14","slug":"m-marc-professeur-de-francais-une-passion-pour-la-litterature-nee-au-lycee","status":"publish","type":"post","link":"https:\/\/www.camaeleon.org\/en\/2026\/01\/23\/m-marc-professeur-de-francais-une-passion-pour-la-litterature-nee-au-lycee\/","title":{"rendered":"M. Marc, professeur de fran\u00e7ais : une passion pour la litt\u00e9rature n\u00e9e au lyc\u00e9e"},"content":{"rendered":"<p>Apr\u00e8s avoir enseign\u00e9 en France et \u00e0 Hong Kong, M. Marc a rejoint le LFA \u00e0 la rentr\u00e9e 2025 comme professeur de fran\u00e7ais. Enseignant bienveillant, il a \u00e0 c\u0153ur de rendre ses cours vivants et accessibles. Pour en savoir plus sur son parcours et sa vision de l\u2019enseignement, d\u00e9couvrez notre interview.<\/p>\n<div class=\"lyte-wrapper\" style=\"width:1280px;max-width:100%;margin:5px auto;\"><div class=\"lyMe hidef\" id=\"WYL_DkUTGe-Tj_o\"><div id=\"lyte_DkUTGe-Tj_o\" data-src=\"https:\/\/www.camaeleon.org\/wp-content\/plugins\/wp-youtube-lyte\/lyteCache.php?origThumbUrl=%2F%2Fi.ytimg.com%2Fvi%2FDkUTGe-Tj_o%2Fhqdefault.jpg\" class=\"pL\"><div class=\"tC\"><div class=\"tT\"><\/div><\/div><div class=\"play\"><\/div><div class=\"ctrl\"><div class=\"Lctrl\"><\/div><div class=\"Rctrl\"><\/div><\/div><\/div><noscript><a href=\"https:\/\/youtu.be\/DkUTGe-Tj_o\" rel=\"nofollow\"><img loading=\"lazy\" decoding=\"async\" src=\"https:\/\/www.camaeleon.org\/wp-content\/plugins\/wp-youtube-lyte\/lyteCache.php?origThumbUrl=https%3A%2F%2Fi.ytimg.com%2Fvi%2FDkUTGe-Tj_o%2F0.jpg\" alt=\"YouTube video thumbnail\" width=\"1280\" height=\"700\" \/><br \/>Watch this video on YouTube<\/a><\/noscript><\/div><\/div><div class=\"lL\" style=\"max-width:100%;width:1280px;margin:5px auto;\"><br\/><span class=\"lyte_disclaimer\">By clicking on the video, you establish a connection to Youtube servers. More information in the <a href=\"https:\/\/www.camaeleon.org\/en\/mentions-legales\/declaration-de-protection-des-donnees\/\">privacy statement<\/a>.<\/span><\/div><\/p>\n","protected":false},"excerpt":{"rendered":"<p>Apr\u00e8s avoir enseign\u00e9 en France et \u00e0 Hong Kong, M. Marc a rejoint le LFA \u00e0 la rentr\u00e9e 2025 comme professeur de fran\u00e7ais. Enseignant bienveillant,<\/p>\n","protected":false},"author":177,"featured_media":33478,"comment_status":"open","ping_status":"closed","sticky":false,"template":"","format":"standard","meta":{"colormag_page_container_layout":"default_layout","colormag_page_sidebar_layout":"default_layout","footnotes":""},"categories":[3,908],"tags":[2713,2714,1381],"coauthors":[2257],"class_list":["post-33319","post","type-post","status-publish","format-standard","has-post-thumbnail","hentry","category-ecole","category-camaeleon-video","tag-interview-de-m-marc","tag-laurent-marc","tag-lehrer-interview"],"yoast_head":"<!-- This site is optimized with the Yoast SEO plugin v27.4 - https:\/\/yoast.com\/product\/yoast-seo-wordpress\/ -->\n<title>M. Marc, professeur de fran\u00e7ais : une passion pour la litt\u00e9rature n\u00e9e au lyc\u00e9e - Cam\u00e4l\u00e9on<\/title>\n<meta name=\"description\" content=\"Apr\u00e8s avoir travaill\u00e9 en France et \u00e0 Hong-Kong, M. Marc enseigne le fran\u00e7ais au LFA, depuis la rentr\u00e9e 2025. C&#039;est un professeur sympathique, qui a coeur de rendre son cours vivant. Pour en savoir plus, vous pouvez visionner notre interview.\" \/>\n<meta name=\"robots\" content=\"index, follow, max-snippet:-1, max-image-preview:large, max-video-preview:-1\" \/>\n<link rel=\"canonical\" href=\"https:\/\/www.camaeleon.org\/en\/2026\/01\/23\/m-marc-professeur-de-francais-une-passion-pour-la-litterature-nee-au-lycee\/\" \/>\n<meta property=\"og:locale\" content=\"en_US\" \/>\n<meta property=\"og:type\" content=\"article\" \/>\n<meta property=\"og:title\" content=\"M. Marc, professeur de fran\u00e7ais : une passion pour la litt\u00e9rature n\u00e9e au lyc\u00e9e - Cam\u00e4l\u00e9on\" \/>\n<meta property=\"og:description\" content=\"Apr\u00e8s avoir travaill\u00e9 en France et \u00e0 Hong-Kong, M. Marc enseigne le fran\u00e7ais au LFA, depuis la rentr\u00e9e 2025. C&#039;est un professeur sympathique, qui a coeur de rendre son cours vivant. Pour en savoir plus, vous pouvez visionner notre interview.\" \/>\n<meta property=\"og:url\" content=\"https:\/\/www.camaeleon.org\/en\/2026\/01\/23\/m-marc-professeur-de-francais-une-passion-pour-la-litterature-nee-au-lycee\/\" \/>\n<meta property=\"og:site_name\" content=\"Cam\u00e4l\u00e9on\" \/>\n<meta property=\"article:publisher\" content=\"https:\/\/www.facebook.com\/camaeleon.org\/\" \/>\n<meta property=\"article:published_time\" content=\"2026-01-23T16:31:18+00:00\" \/>\n<meta property=\"article:modified_time\" content=\"2026-01-23T18:11:14+00:00\" \/>\n<meta property=\"og:image\" content=\"https:\/\/www.camaeleon.org\/wp-content\/uploads\/2026\/01\/Snapshot-Marc.jpg\" \/>\n\t<meta property=\"og:image:width\" content=\"1920\" \/>\n\t<meta property=\"og:image:height\" content=\"1080\" \/>\n\t<meta property=\"og:image:type\" content=\"image\/jpeg\" \/>\n<meta name=\"author\" content=\"Noah Deguilhem-Siebenborn\" \/>\n<meta name=\"twitter:card\" content=\"summary_large_image\" \/>\n<meta name=\"twitter:creator\" content=\"@camaeleonOrg\" \/>\n<meta name=\"twitter:site\" content=\"@camaeleonOrg\" \/>\n<script type=\"application\/ld+json\" class=\"yoast-schema-graph\">{\"@context\":\"https:\\\/\\\/schema.org\",\"@graph\":[{\"@type\":\"Article\",\"@id\":\"https:\\\/\\\/www.camaeleon.org\\\/2026\\\/01\\\/23\\\/m-marc-professeur-de-francais-une-passion-pour-la-litterature-nee-au-lycee\\\/#article\",\"isPartOf\":{\"@id\":\"https:\\\/\\\/www.camaeleon.org\\\/2026\\\/01\\\/23\\\/m-marc-professeur-de-francais-une-passion-pour-la-litterature-nee-au-lycee\\\/\"},\"author\":{\"name\":\"Noah Deguilhem-Siebenborn\",\"@id\":\"https:\\\/\\\/www.camaeleon.org\\\/de\\\/#\\\/schema\\\/person\\\/e9aac5847be7c1ae8e97fbc2fbdfd11d\"},\"headline\":\"M. Marc, professeur de fran\u00e7ais : une passion pour la litt\u00e9rature n\u00e9e au lyc\u00e9e\",\"datePublished\":\"2026-01-23T16:31:18+00:00\",\"dateModified\":\"2026-01-23T18:11:14+00:00\",\"mainEntityOfPage\":{\"@id\":\"https:\\\/\\\/www.camaeleon.org\\\/2026\\\/01\\\/23\\\/m-marc-professeur-de-francais-une-passion-pour-la-litterature-nee-au-lycee\\\/\"},\"wordCount\":75,\"commentCount\":0,\"publisher\":{\"@id\":\"https:\\\/\\\/www.camaeleon.org\\\/de\\\/#organization\"},\"image\":{\"@id\":\"https:\\\/\\\/www.camaeleon.org\\\/2026\\\/01\\\/23\\\/m-marc-professeur-de-francais-une-passion-pour-la-litterature-nee-au-lycee\\\/#primaryimage\"},\"thumbnailUrl\":\"https:\\\/\\\/www.camaeleon.org\\\/wp-content\\\/uploads\\\/2026\\\/01\\\/Snapshot-Marc.jpg\",\"keywords\":[\"Interview de M. Marc\",\"Laurent Marc\",\"Lehrer-Interview\"],\"articleSection\":[\"School\",\"Video\"],\"inLanguage\":\"en-US\",\"potentialAction\":[{\"@type\":\"CommentAction\",\"name\":\"Comment\",\"target\":[\"https:\\\/\\\/www.camaeleon.org\\\/2026\\\/01\\\/23\\\/m-marc-professeur-de-francais-une-passion-pour-la-litterature-nee-au-lycee\\\/#respond\"]}]},{\"@type\":\"WebPage\",\"@id\":\"https:\\\/\\\/www.camaeleon.org\\\/en\\\/2026\\\/01\\\/23\\\/m-marc-professeur-de-francais-une-passion-pour-la-litterature-nee-au-lycee\\\/\",\"url\":\"https:\\\/\\\/www.camaeleon.org\\\/en\\\/2026\\\/01\\\/23\\\/m-marc-professeur-de-francais-une-passion-pour-la-litterature-nee-au-lycee\\\/\",\"name\":\"M. Marc, professeur de fran\u00e7ais : une passion pour la litt\u00e9rature n\u00e9e au lyc\u00e9e - Cam\u00e4l\u00e9on\",\"isPartOf\":{\"@id\":\"https:\\\/\\\/www.camaeleon.org\\\/en\\\/#website\"},\"primaryImageOfPage\":{\"@id\":\"https:\\\/\\\/www.camaeleon.org\\\/en\\\/2026\\\/01\\\/23\\\/m-marc-professeur-de-francais-une-passion-pour-la-litterature-nee-au-lycee\\\/#primaryimage\"},\"image\":{\"@id\":\"https:\\\/\\\/www.camaeleon.org\\\/2026\\\/01\\\/23\\\/m-marc-professeur-de-francais-une-passion-pour-la-litterature-nee-au-lycee\\\/#primaryimage\"},\"thumbnailUrl\":\"https:\\\/\\\/www.camaeleon.org\\\/wp-content\\\/uploads\\\/2026\\\/01\\\/Snapshot-Marc.jpg\",\"datePublished\":\"2026-01-23T16:31:18+00:00\",\"dateModified\":\"2026-01-23T18:11:14+00:00\",\"description\":\"Apr\u00e8s avoir travaill\u00e9 en France et \u00e0 Hong-Kong, M. Marc enseigne le fran\u00e7ais au LFA, depuis la rentr\u00e9e 2025. C'est un professeur sympathique, qui a coeur de rendre son cours vivant. Pour en savoir plus, vous pouvez visionner notre interview.\",\"breadcrumb\":{\"@id\":\"https:\\\/\\\/www.camaeleon.org\\\/en\\\/2026\\\/01\\\/23\\\/m-marc-professeur-de-francais-une-passion-pour-la-litterature-nee-au-lycee\\\/#breadcrumb\"},\"inLanguage\":\"en-US\",\"potentialAction\":[{\"@type\":\"ReadAction\",\"target\":[[\"https:\\\/\\\/www.camaeleon.org\\\/en\\\/2026\\\/01\\\/23\\\/m-marc-professeur-de-francais-une-passion-pour-la-litterature-nee-au-lycee\\\/\"]]}]},{\"@type\":\"ImageObject\",\"inLanguage\":\"en-US\",\"@id\":\"https:\\\/\\\/www.camaeleon.org\\\/en\\\/2026\\\/01\\\/23\\\/m-marc-professeur-de-francais-une-passion-pour-la-litterature-nee-au-lycee\\\/#primaryimage\",\"url\":\"https:\\\/\\\/www.camaeleon.org\\\/wp-content\\\/uploads\\\/2026\\\/01\\\/Snapshot-Marc.jpg\",\"contentUrl\":\"https:\\\/\\\/www.camaeleon.org\\\/wp-content\\\/uploads\\\/2026\\\/01\\\/Snapshot-Marc.jpg\",\"width\":1920,\"height\":1080,\"caption\":\"Interview de Monsieur Marc\"},{\"@type\":\"BreadcrumbList\",\"@id\":\"https:\\\/\\\/www.camaeleon.org\\\/en\\\/2026\\\/01\\\/23\\\/m-marc-professeur-de-francais-une-passion-pour-la-litterature-nee-au-lycee\\\/#breadcrumb\",\"itemListElement\":[{\"@type\":\"ListItem\",\"position\":1,\"name\":\"Home\",\"item\":\"https:\\\/\\\/www.camaeleon.org\\\/en\\\/\"},{\"@type\":\"ListItem\",\"position\":2,\"name\":\"M. Marc, professeur de fran\u00e7ais : une passion pour la litt\u00e9rature n\u00e9e au lyc\u00e9e\"}]},{\"@type\":\"WebSite\",\"@id\":\"https:\\\/\\\/www.camaeleon.org\\\/en\\\/#website\",\"url\":\"https:\\\/\\\/www.camaeleon.org\\\/en\\\/\",\"name\":\"Cam\u00e4l\u00e9on\",\"description\":\"The online student magazine by Deutsch-Franz\u00f6sisches Gymnasium Saarbr\u00fccken\",\"publisher\":{\"@id\":\"https:\\\/\\\/www.camaeleon.org\\\/en\\\/#organization\"},\"potentialAction\":[{\"@type\":\"SearchAction\",\"target\":{\"@type\":\"EntryPoint\",\"urlTemplate\":\"https:\\\/\\\/www.camaeleon.org\\\/en\\\/?s={search_term_string}\"},\"query-input\":{\"@type\":\"PropertyValueSpecification\",\"valueRequired\":true,\"valueName\":\"search_term_string\"}}],\"inLanguage\":\"en-US\"},{\"@type\":\"Organization\",\"@id\":\"https:\\\/\\\/www.camaeleon.org\\\/en\\\/#organization\",\"name\":\"Cam\u00e4l\u00e9on\",\"url\":\"https:\\\/\\\/www.camaeleon.org\\\/en\\\/\",\"logo\":{\"@type\":\"ImageObject\",\"inLanguage\":\"en-US\",\"@id\":\"https:\\\/\\\/www.camaeleon.org\\\/en\\\/#\\\/schema\\\/logo\\\/image\\\/\",\"url\":\"https:\\\/\\\/www.camaeleon.org\\\/wp-content\\\/uploads\\\/2011\\\/11\\\/CAM\u00c4LEON.jpg\",\"contentUrl\":\"https:\\\/\\\/www.camaeleon.org\\\/wp-content\\\/uploads\\\/2011\\\/11\\\/CAM\u00c4LEON.jpg\",\"width\":959,\"height\":959,\"caption\":\"Cam\u00e4l\u00e9on\"},\"image\":{\"@id\":\"https:\\\/\\\/www.camaeleon.org\\\/en\\\/#\\\/schema\\\/logo\\\/image\\\/\"},\"sameAs\":[\"https:\\\/\\\/www.facebook.com\\\/camaeleon.org\\\/\",\"https:\\\/\\\/x.com\\\/camaeleonOrg\",\"https:\\\/\\\/www.instagram.com\\\/camaeleon.dfg\\\/\",\"https:\\\/\\\/www.youtube.com\\\/channel\\\/UCl3TAUDdGuu_c7CD6ax6hYg\"]},{\"@type\":\"Person\",\"@id\":\"https:\\\/\\\/www.camaeleon.org\\\/de\\\/#\\\/schema\\\/person\\\/e9aac5847be7c1ae8e97fbc2fbdfd11d\",\"name\":\"Noah Deguilhem-Siebenborn\",\"image\":{\"@type\":\"ImageObject\",\"inLanguage\":\"en-US\",\"@id\":\"https:\\\/\\\/www.camaeleon.org\\\/en\\\/wp-content\\\/uploads\\\/2023\\\/10\\\/noah-150x150.jpeg01e8de72907416dc5036380f8bd03dae\",\"url\":\"https:\\\/\\\/www.camaeleon.org\\\/wp-content\\\/uploads\\\/2023\\\/10\\\/noah-150x150.jpeg\",\"contentUrl\":\"https:\\\/\\\/www.camaeleon.org\\\/wp-content\\\/uploads\\\/2023\\\/10\\\/noah-150x150.jpeg\",\"caption\":\"Noah Deguilhem-Siebenborn\"},\"description\":\"Salut! Je m'appelle Noah. J'ai 13 ans. Je suis \u00e0 Cam\u00e4l\u00e9on depuis 2023. J'aime jouer du piano, lire des BD et des romans, faire du th\u00e9\u00e2tre, dessiner, bricoler et je fais de l'escrime.\",\"url\":\"https:\\\/\\\/www.camaeleon.org\\\/en\\\/author\\\/noah-deguilhem-siebenborn\\\/\"}]}<\/script>\n<!-- \/ Yoast SEO plugin. -->","yoast_head_json":{"title":"M. Marc, professeur de fran\u00e7ais : une passion pour la litt\u00e9rature n\u00e9e au lyc\u00e9e - Cam\u00e4l\u00e9on","description":"Apr\u00e8s avoir travaill\u00e9 en France et \u00e0 Hong-Kong, M. Marc enseigne le fran\u00e7ais au LFA, depuis la rentr\u00e9e 2025. C'est un professeur sympathique, qui a coeur de rendre son cours vivant. Pour en savoir plus, vous pouvez visionner notre interview.","robots":{"index":"index","follow":"follow","max-snippet":"max-snippet:-1","max-image-preview":"max-image-preview:large","max-video-preview":"max-video-preview:-1"},"canonical":"https:\/\/www.camaeleon.org\/en\/2026\/01\/23\/m-marc-professeur-de-francais-une-passion-pour-la-litterature-nee-au-lycee\/","og_locale":"en_US","og_type":"article","og_title":"M. Marc, professeur de fran\u00e7ais : une passion pour la litt\u00e9rature n\u00e9e au lyc\u00e9e - Cam\u00e4l\u00e9on","og_description":"Apr\u00e8s avoir travaill\u00e9 en France et \u00e0 Hong-Kong, M. Marc enseigne le fran\u00e7ais au LFA, depuis la rentr\u00e9e 2025. C'est un professeur sympathique, qui a coeur de rendre son cours vivant. Pour en savoir plus, vous pouvez visionner notre interview.","og_url":"https:\/\/www.camaeleon.org\/en\/2026\/01\/23\/m-marc-professeur-de-francais-une-passion-pour-la-litterature-nee-au-lycee\/","og_site_name":"Cam\u00e4l\u00e9on","article_publisher":"https:\/\/www.facebook.com\/camaeleon.org\/","article_published_time":"2026-01-23T16:31:18+00:00","article_modified_time":"2026-01-23T18:11:14+00:00","og_image":[{"width":1920,"height":1080,"url":"https:\/\/www.camaeleon.org\/wp-content\/uploads\/2026\/01\/Snapshot-Marc.jpg","type":"image\/jpeg"}],"author":"Noah Deguilhem-Siebenborn","twitter_card":"summary_large_image","twitter_creator":"@camaeleonOrg","twitter_site":"@camaeleonOrg","schema":{"@context":"https:\/\/schema.org","@graph":[{"@type":"Article","@id":"https:\/\/www.camaeleon.org\/2026\/01\/23\/m-marc-professeur-de-francais-une-passion-pour-la-litterature-nee-au-lycee\/#article","isPartOf":{"@id":"https:\/\/www.camaeleon.org\/2026\/01\/23\/m-marc-professeur-de-francais-une-passion-pour-la-litterature-nee-au-lycee\/"},"author":{"name":"Noah Deguilhem-Siebenborn","@id":"https:\/\/www.camaeleon.org\/de\/#\/schema\/person\/e9aac5847be7c1ae8e97fbc2fbdfd11d"},"headline":"M. Marc, professeur de fran\u00e7ais : une passion pour la litt\u00e9rature n\u00e9e au lyc\u00e9e","datePublished":"2026-01-23T16:31:18+00:00","dateModified":"2026-01-23T18:11:14+00:00","mainEntityOfPage":{"@id":"https:\/\/www.camaeleon.org\/2026\/01\/23\/m-marc-professeur-de-francais-une-passion-pour-la-litterature-nee-au-lycee\/"},"wordCount":75,"commentCount":0,"publisher":{"@id":"https:\/\/www.camaeleon.org\/de\/#organization"},"image":{"@id":"https:\/\/www.camaeleon.org\/2026\/01\/23\/m-marc-professeur-de-francais-une-passion-pour-la-litterature-nee-au-lycee\/#primaryimage"},"thumbnailUrl":"https:\/\/www.camaeleon.org\/wp-content\/uploads\/2026\/01\/Snapshot-Marc.jpg","keywords":["Interview de M. Marc","Laurent Marc","Lehrer-Interview"],"articleSection":["School","Video"],"inLanguage":"en-US","potentialAction":[{"@type":"CommentAction","name":"Comment","target":["https:\/\/www.camaeleon.org\/2026\/01\/23\/m-marc-professeur-de-francais-une-passion-pour-la-litterature-nee-au-lycee\/#respond"]}]},{"@type":"WebPage","@id":"https:\/\/www.camaeleon.org\/en\/2026\/01\/23\/m-marc-professeur-de-francais-une-passion-pour-la-litterature-nee-au-lycee\/","url":"https:\/\/www.camaeleon.org\/en\/2026\/01\/23\/m-marc-professeur-de-francais-une-passion-pour-la-litterature-nee-au-lycee\/","name":"M. Marc, professeur de fran\u00e7ais : une passion pour la litt\u00e9rature n\u00e9e au lyc\u00e9e - Cam\u00e4l\u00e9on","isPartOf":{"@id":"https:\/\/www.camaeleon.org\/en\/#website"},"primaryImageOfPage":{"@id":"https:\/\/www.camaeleon.org\/en\/2026\/01\/23\/m-marc-professeur-de-francais-une-passion-pour-la-litterature-nee-au-lycee\/#primaryimage"},"image":{"@id":"https:\/\/www.camaeleon.org\/2026\/01\/23\/m-marc-professeur-de-francais-une-passion-pour-la-litterature-nee-au-lycee\/#primaryimage"},"thumbnailUrl":"https:\/\/www.camaeleon.org\/wp-content\/uploads\/2026\/01\/Snapshot-Marc.jpg","datePublished":"2026-01-23T16:31:18+00:00","dateModified":"2026-01-23T18:11:14+00:00","description":"Apr\u00e8s avoir travaill\u00e9 en France et \u00e0 Hong-Kong, M. Marc enseigne le fran\u00e7ais au LFA, depuis la rentr\u00e9e 2025. C'est un professeur sympathique, qui a coeur de rendre son cours vivant. Pour en savoir plus, vous pouvez visionner notre interview.","breadcrumb":{"@id":"https:\/\/www.camaeleon.org\/en\/2026\/01\/23\/m-marc-professeur-de-francais-une-passion-pour-la-litterature-nee-au-lycee\/#breadcrumb"},"inLanguage":"en-US","potentialAction":[{"@type":"ReadAction","target":[["https:\/\/www.camaeleon.org\/en\/2026\/01\/23\/m-marc-professeur-de-francais-une-passion-pour-la-litterature-nee-au-lycee\/"]]}]},{"@type":"ImageObject","inLanguage":"en-US","@id":"https:\/\/www.camaeleon.org\/en\/2026\/01\/23\/m-marc-professeur-de-francais-une-passion-pour-la-litterature-nee-au-lycee\/#primaryimage","url":"https:\/\/www.camaeleon.org\/wp-content\/uploads\/2026\/01\/Snapshot-Marc.jpg","contentUrl":"https:\/\/www.camaeleon.org\/wp-content\/uploads\/2026\/01\/Snapshot-Marc.jpg","width":1920,"height":1080,"caption":"Interview de Monsieur Marc"},{"@type":"BreadcrumbList","@id":"https:\/\/www.camaeleon.org\/en\/2026\/01\/23\/m-marc-professeur-de-francais-une-passion-pour-la-litterature-nee-au-lycee\/#breadcrumb","itemListElement":[{"@type":"ListItem","position":1,"name":"Home","item":"https:\/\/www.camaeleon.org\/en\/"},{"@type":"ListItem","position":2,"name":"M. Marc, professeur de fran\u00e7ais : une passion pour la litt\u00e9rature n\u00e9e au lyc\u00e9e"}]},{"@type":"WebSite","@id":"https:\/\/www.camaeleon.org\/en\/#website","url":"https:\/\/www.camaeleon.org\/en\/","name":"Cam\u00e4l\u00e9on","description":"The online student magazine by Deutsch-Franz\u00f6sisches Gymnasium Saarbr\u00fccken","publisher":{"@id":"https:\/\/www.camaeleon.org\/en\/#organization"},"potentialAction":[{"@type":"SearchAction","target":{"@type":"EntryPoint","urlTemplate":"https:\/\/www.camaeleon.org\/en\/?s={search_term_string}"},"query-input":{"@type":"PropertyValueSpecification","valueRequired":true,"valueName":"search_term_string"}}],"inLanguage":"en-US"},{"@type":"Organization","@id":"https:\/\/www.camaeleon.org\/en\/#organization","name":"Cam\u00e4l\u00e9on","url":"https:\/\/www.camaeleon.org\/en\/","logo":{"@type":"ImageObject","inLanguage":"en-US","@id":"https:\/\/www.camaeleon.org\/en\/#\/schema\/logo\/image\/","url":"https:\/\/www.camaeleon.org\/wp-content\/uploads\/2011\/11\/CAM\u00c4LEON.jpg","contentUrl":"https:\/\/www.camaeleon.org\/wp-content\/uploads\/2011\/11\/CAM\u00c4LEON.jpg","width":959,"height":959,"caption":"Cam\u00e4l\u00e9on"},"image":{"@id":"https:\/\/www.camaeleon.org\/en\/#\/schema\/logo\/image\/"},"sameAs":["https:\/\/www.facebook.com\/camaeleon.org\/","https:\/\/x.com\/camaeleonOrg","https:\/\/www.instagram.com\/camaeleon.dfg\/","https:\/\/www.youtube.com\/channel\/UCl3TAUDdGuu_c7CD6ax6hYg"]},{"@type":"Person","@id":"https:\/\/www.camaeleon.org\/de\/#\/schema\/person\/e9aac5847be7c1ae8e97fbc2fbdfd11d","name":"Noah Deguilhem-Siebenborn","image":{"@type":"ImageObject","inLanguage":"en-US","@id":"https:\/\/www.camaeleon.org\/en\/wp-content\/uploads\/2023\/10\/noah-150x150.jpeg01e8de72907416dc5036380f8bd03dae","url":"https:\/\/www.camaeleon.org\/wp-content\/uploads\/2023\/10\/noah-150x150.jpeg","contentUrl":"https:\/\/www.camaeleon.org\/wp-content\/uploads\/2023\/10\/noah-150x150.jpeg","caption":"Noah Deguilhem-Siebenborn"},"description":"Salut! Je m'appelle Noah. J'ai 13 ans. Je suis \u00e0 Cam\u00e4l\u00e9on depuis 2023. J'aime jouer du piano, lire des BD et des romans, faire du th\u00e9\u00e2tre, dessiner, bricoler et je fais de l'escrime.","url":"https:\/\/www.camaeleon.org\/en\/author\/noah-deguilhem-siebenborn\/"}]}},"_links":{"self":[{"href":"https:\/\/www.camaeleon.org\/en\/wp-json\/wp\/v2\/posts\/33319","targetHints":{"allow":["GET"]}}],"collection":[{"href":"https:\/\/www.camaeleon.org\/en\/wp-json\/wp\/v2\/posts"}],"about":[{"href":"https:\/\/www.camaeleon.org\/en\/wp-json\/wp\/v2\/types\/post"}],"author":[{"embeddable":true,"href":"https:\/\/www.camaeleon.org\/en\/wp-json\/wp\/v2\/users\/177"}],"replies":[{"embeddable":true,"href":"https:\/\/www.camaeleon.org\/en\/wp-json\/wp\/v2\/comments?post=33319"}],"version-history":[{"count":3,"href":"https:\/\/www.camaeleon.org\/en\/wp-json\/wp\/v2\/posts\/33319\/revisions"}],"predecessor-version":[{"id":33526,"href":"https:\/\/www.camaeleon.org\/en\/wp-json\/wp\/v2\/posts\/33319\/revisions\/33526"}],"wp:featuredmedia":[{"embeddable":true,"href":"https:\/\/www.camaeleon.org\/en\/wp-json\/wp\/v2\/media\/33478"}],"wp:attachment":[{"href":"https:\/\/www.camaeleon.org\/en\/wp-json\/wp\/v2\/media?parent=33319"}],"wp:term":[{"taxonomy":"category","embeddable":true,"href":"https:\/\/www.camaeleon.org\/en\/wp-json\/wp\/v2\/categories?post=33319"},{"taxonomy":"post_tag","embeddable":true,"href":"https:\/\/www.camaeleon.org\/en\/wp-json\/wp\/v2\/tags?post=33319"},{"taxonomy":"author","embeddable":true,"href":"https:\/\/www.camaeleon.org\/en\/wp-json\/wp\/v2\/coauthors?post=33319"}],"curies":[{"name":"wp","href":"https:\/\/api.w.org\/{rel}","templated":true}]}}