{"id":33178,"date":"2025-12-01T16:29:36","date_gmt":"2025-12-01T15:29:36","guid":{"rendered":"https:\/\/www.camaeleon.org\/?p=33178"},"modified":"2025-12-02T07:42:02","modified_gmt":"2025-12-02T06:42:02","slug":"le-mot-de-la-semaine-resultats-du-sondage-sur-les-samedis-travailles","status":"publish","type":"post","link":"https:\/\/www.camaeleon.org\/en\/2025\/12\/01\/le-mot-de-la-semaine-resultats-du-sondage-sur-les-samedis-travailles\/","title":{"rendered":"Le mot de la semaine: #r\u00e9sultats-du-sondage-sur-les-samedis-travaill\u00e9s"},"content":{"rendered":"<figure id=\"attachment_33203\" aria-describedby=\"caption-attachment-33203\" style=\"width: 300px\" class=\"wp-caption alignleft\"><img loading=\"lazy\" decoding=\"async\" class=\"wp-image-33203 size-medium\" src=\"https:\/\/www.camaeleon.org\/wp-content\/uploads\/2025\/12\/Wahlzettel-300x200.png\" alt=\"Wahlzettel\" width=\"300\" height=\"200\" srcset=\"https:\/\/www.camaeleon.org\/wp-content\/uploads\/2025\/12\/Wahlzettel-300x200.png 300w, https:\/\/www.camaeleon.org\/wp-content\/uploads\/2025\/12\/Wahlzettel-880x587.png 880w, https:\/\/www.camaeleon.org\/wp-content\/uploads\/2025\/12\/Wahlzettel.png 1536w\" sizes=\"auto, (max-width: 300px) 100vw, 300px\" \/><figcaption id=\"caption-attachment-33203\" class=\"wp-caption-text\">G\u00e9n\u00e9r\u00e9 par IA \u00e0 l&#8217;aide de <a href=\"https:\/\/platform.openai.com\/docs\/models\/gpt-image-1\">GPT Image 1<\/a><\/figcaption><\/figure>\n<p>La majorit\u00e9 des parents, \u00e9l\u00e8ves et du personnel enseignant et non-enseignant du Lyc\u00e9e Franco-Allemand de Sarrebruck ne veulent plus des samedis travaill\u00e9s. C&#8217;est ce que montrent les r\u00e9sultats du sondage, communiqu\u00e9s en fin de semaine \u00e0 l&#8217;ensemble de la communaut\u00e9 scolaire.<\/p>\n<h3><strong>Votes exprim\u00e9s <\/strong><\/h3>\n<h3><strong>Pour les semaines sans samedi<\/strong><\/h3>\n<ul>\n<li>Personnel enseignant : 76,10 % \/ non &#8211; enseignant : 62,80 %<\/li>\n<li>Parents: 58, 63 %<\/li>\n<li>El\u00e8ves: 52,31 %<\/li>\n<\/ul>\n<h3><strong>Pour les samedis se terminant apr\u00e8s la 4e p\u00e9riode :\u00a0<\/strong><\/h3>\n<ul>\n<li>Personnel enseignant : 14,10 % \/ non &#8211; enseignant : 37, 50 %<\/li>\n<li>Parents : 18,78 %<\/li>\n<li>El\u00e8ves : 40,39%<\/li>\n<\/ul>\n<h3><strong>Pour les samedis se terminant apr\u00e8s la 6e p\u00e9riode :\u00a0<\/strong><\/h3>\n<ul>\n<li>Personnel enseignant 9,80 % \/ non &#8211; enseignant: 0,00 %<\/li>\n<li>Parents : 22, 57 %<\/li>\n<li>El\u00e8ves : 7,28%<\/li>\n<\/ul>\n<p>Concr\u00e8tement, la suppression du samedi signifiera un ajout de 2 p\u00e9riodes dans chaque emploi du temps de la semaine.<\/p>\n","protected":false},"excerpt":{"rendered":"<p>La majorit\u00e9 des parents, \u00e9l\u00e8ves et du personnel enseignant et non-enseignant du Lyc\u00e9e Franco-Allemand de Sarrebruck ne veulent plus des samedis travaill\u00e9s. C&#8217;est ce que<\/p>\n","protected":false},"author":195,"featured_media":33203,"comment_status":"open","ping_status":"closed","sticky":false,"template":"","format":"standard","meta":{"colormag_page_container_layout":"default_layout","colormag_page_sidebar_layout":"default_layout","footnotes":""},"categories":[864],"tags":[2692,1062,2689,1061],"coauthors":[2666],"class_list":["post-33178","post","type-post","status-publish","format-standard","has-post-thumbnail","hentry","category-le-mot-de-la-semaine","tag-plus-de-samedis-travailles-au-lfa","tag-samedi-travaille","tag-samstag","tag-schulsamstag"],"yoast_head":"<!-- This site is optimized with the Yoast SEO plugin v27.5 - https:\/\/yoast.com\/product\/yoast-seo-wordpress\/ -->\n<title>Le mot de la semaine: #r\u00e9sultats-du-sondage-sur-les-samedis-travaill\u00e9s - Cam\u00e4l\u00e9on<\/title>\n<meta name=\"description\" content=\"La majorit\u00e9 des parents, \u00e9l\u00e8ves et du personnel enseignant et non-enseignant du Lyc\u00e9e Franco-Allemand de Sarrebruck ne veulent plus des samedis travaill\u00e9s. C&#039;est ce que montrent les r\u00e9sultats du sondage, communiqu\u00e9s en fin de semaine \u00e0 l&#039;ensemble de la communaut\u00e9 scolaire.\" \/>\n<meta name=\"robots\" content=\"index, follow, max-snippet:-1, max-image-preview:large, max-video-preview:-1\" \/>\n<link rel=\"canonical\" href=\"https:\/\/www.camaeleon.org\/en\/2025\/12\/01\/le-mot-de-la-semaine-resultats-du-sondage-sur-les-samedis-travailles\/\" \/>\n<meta property=\"og:locale\" content=\"en_US\" \/>\n<meta property=\"og:type\" content=\"article\" \/>\n<meta property=\"og:title\" content=\"Le mot de la semaine: #r\u00e9sultats-du-sondage-sur-les-samedis-travaill\u00e9s - Cam\u00e4l\u00e9on\" \/>\n<meta property=\"og:description\" content=\"La majorit\u00e9 des parents, \u00e9l\u00e8ves et du personnel enseignant et non-enseignant du Lyc\u00e9e Franco-Allemand de Sarrebruck ne veulent plus des samedis travaill\u00e9s. C&#039;est ce que montrent les r\u00e9sultats du sondage, communiqu\u00e9s en fin de semaine \u00e0 l&#039;ensemble de la communaut\u00e9 scolaire.\" \/>\n<meta property=\"og:url\" content=\"https:\/\/www.camaeleon.org\/en\/2025\/12\/01\/le-mot-de-la-semaine-resultats-du-sondage-sur-les-samedis-travailles\/\" \/>\n<meta property=\"og:site_name\" content=\"Cam\u00e4l\u00e9on\" \/>\n<meta property=\"article:publisher\" content=\"https:\/\/www.facebook.com\/camaeleon.org\/\" \/>\n<meta property=\"article:published_time\" content=\"2025-12-01T15:29:36+00:00\" \/>\n<meta property=\"article:modified_time\" content=\"2025-12-02T06:42:02+00:00\" \/>\n<meta property=\"og:image\" content=\"https:\/\/www.camaeleon.org\/wp-content\/uploads\/2025\/12\/Wahlzettel.png\" \/>\n\t<meta property=\"og:image:width\" content=\"1536\" \/>\n\t<meta property=\"og:image:height\" content=\"1024\" \/>\n\t<meta property=\"og:image:type\" content=\"image\/png\" \/>\n<meta name=\"author\" content=\"Alicia Makamte\" \/>\n<meta name=\"twitter:card\" content=\"summary_large_image\" \/>\n<meta name=\"twitter:creator\" content=\"@camaeleonOrg\" \/>\n<meta name=\"twitter:site\" content=\"@camaeleonOrg\" \/>\n<script type=\"application\/ld+json\" class=\"yoast-schema-graph\">{\"@context\":\"https:\\\/\\\/schema.org\",\"@graph\":[{\"@type\":\"Article\",\"@id\":\"https:\\\/\\\/www.camaeleon.org\\\/2025\\\/12\\\/01\\\/le-mot-de-la-semaine-resultats-du-sondage-sur-les-samedis-travailles\\\/#article\",\"isPartOf\":{\"@id\":\"https:\\\/\\\/www.camaeleon.org\\\/2025\\\/12\\\/01\\\/le-mot-de-la-semaine-resultats-du-sondage-sur-les-samedis-travailles\\\/\"},\"author\":{\"name\":\"Alicia Makamte\",\"@id\":\"https:\\\/\\\/www.camaeleon.org\\\/de\\\/#\\\/schema\\\/person\\\/fd88cf7cc20f96b8234c8852c31e1c8a\"},\"headline\":\"Le mot de la semaine: #r\u00e9sultats-du-sondage-sur-les-samedis-travaill\u00e9s\",\"datePublished\":\"2025-12-01T15:29:36+00:00\",\"dateModified\":\"2025-12-02T06:42:02+00:00\",\"mainEntityOfPage\":{\"@id\":\"https:\\\/\\\/www.camaeleon.org\\\/2025\\\/12\\\/01\\\/le-mot-de-la-semaine-resultats-du-sondage-sur-les-samedis-travailles\\\/\"},\"wordCount\":146,\"commentCount\":0,\"publisher\":{\"@id\":\"https:\\\/\\\/www.camaeleon.org\\\/de\\\/#organization\"},\"image\":{\"@id\":\"https:\\\/\\\/www.camaeleon.org\\\/2025\\\/12\\\/01\\\/le-mot-de-la-semaine-resultats-du-sondage-sur-les-samedis-travailles\\\/#primaryimage\"},\"thumbnailUrl\":\"https:\\\/\\\/www.camaeleon.org\\\/wp-content\\\/uploads\\\/2025\\\/12\\\/Wahlzettel.png\",\"keywords\":[\"Plus de samedis travaill\u00e9s au LFA\",\"Samedi travaill\u00e9\",\"Samstag\",\"Schulsamstag\"],\"articleSection\":[\"Word of the Week\"],\"inLanguage\":\"en-US\",\"potentialAction\":[{\"@type\":\"CommentAction\",\"name\":\"Comment\",\"target\":[\"https:\\\/\\\/www.camaeleon.org\\\/2025\\\/12\\\/01\\\/le-mot-de-la-semaine-resultats-du-sondage-sur-les-samedis-travailles\\\/#respond\"]}]},{\"@type\":\"WebPage\",\"@id\":\"https:\\\/\\\/www.camaeleon.org\\\/en\\\/2025\\\/12\\\/01\\\/le-mot-de-la-semaine-resultats-du-sondage-sur-les-samedis-travailles\\\/\",\"url\":\"https:\\\/\\\/www.camaeleon.org\\\/en\\\/2025\\\/12\\\/01\\\/le-mot-de-la-semaine-resultats-du-sondage-sur-les-samedis-travailles\\\/\",\"name\":\"Le mot de la semaine: #r\u00e9sultats-du-sondage-sur-les-samedis-travaill\u00e9s - Cam\u00e4l\u00e9on\",\"isPartOf\":{\"@id\":\"https:\\\/\\\/www.camaeleon.org\\\/en\\\/#website\"},\"primaryImageOfPage\":{\"@id\":\"https:\\\/\\\/www.camaeleon.org\\\/en\\\/2025\\\/12\\\/01\\\/le-mot-de-la-semaine-resultats-du-sondage-sur-les-samedis-travailles\\\/#primaryimage\"},\"image\":{\"@id\":\"https:\\\/\\\/www.camaeleon.org\\\/2025\\\/12\\\/01\\\/le-mot-de-la-semaine-resultats-du-sondage-sur-les-samedis-travailles\\\/#primaryimage\"},\"thumbnailUrl\":\"https:\\\/\\\/www.camaeleon.org\\\/wp-content\\\/uploads\\\/2025\\\/12\\\/Wahlzettel.png\",\"datePublished\":\"2025-12-01T15:29:36+00:00\",\"dateModified\":\"2025-12-02T06:42:02+00:00\",\"description\":\"La majorit\u00e9 des parents, \u00e9l\u00e8ves et du personnel enseignant et non-enseignant du Lyc\u00e9e Franco-Allemand de Sarrebruck ne veulent plus des samedis travaill\u00e9s. C'est ce que montrent les r\u00e9sultats du sondage, communiqu\u00e9s en fin de semaine \u00e0 l'ensemble de la communaut\u00e9 scolaire.\",\"breadcrumb\":{\"@id\":\"https:\\\/\\\/www.camaeleon.org\\\/en\\\/2025\\\/12\\\/01\\\/le-mot-de-la-semaine-resultats-du-sondage-sur-les-samedis-travailles\\\/#breadcrumb\"},\"inLanguage\":\"en-US\",\"potentialAction\":[{\"@type\":\"ReadAction\",\"target\":[[\"https:\\\/\\\/www.camaeleon.org\\\/en\\\/2025\\\/12\\\/01\\\/le-mot-de-la-semaine-resultats-du-sondage-sur-les-samedis-travailles\\\/\"]]}]},{\"@type\":\"ImageObject\",\"inLanguage\":\"en-US\",\"@id\":\"https:\\\/\\\/www.camaeleon.org\\\/en\\\/2025\\\/12\\\/01\\\/le-mot-de-la-semaine-resultats-du-sondage-sur-les-samedis-travailles\\\/#primaryimage\",\"url\":\"https:\\\/\\\/www.camaeleon.org\\\/wp-content\\\/uploads\\\/2025\\\/12\\\/Wahlzettel.png\",\"contentUrl\":\"https:\\\/\\\/www.camaeleon.org\\\/wp-content\\\/uploads\\\/2025\\\/12\\\/Wahlzettel.png\",\"width\":1536,\"height\":1024,\"caption\":\"G\u00e9n\u00e9r\u00e9 par IA \u00e0 l'aide de GPT Image 1\"},{\"@type\":\"BreadcrumbList\",\"@id\":\"https:\\\/\\\/www.camaeleon.org\\\/en\\\/2025\\\/12\\\/01\\\/le-mot-de-la-semaine-resultats-du-sondage-sur-les-samedis-travailles\\\/#breadcrumb\",\"itemListElement\":[{\"@type\":\"ListItem\",\"position\":1,\"name\":\"Home\",\"item\":\"https:\\\/\\\/www.camaeleon.org\\\/en\\\/\"},{\"@type\":\"ListItem\",\"position\":2,\"name\":\"Le mot de la semaine: #r\u00e9sultats-du-sondage-sur-les-samedis-travaill\u00e9s\"}]},{\"@type\":\"WebSite\",\"@id\":\"https:\\\/\\\/www.camaeleon.org\\\/en\\\/#website\",\"url\":\"https:\\\/\\\/www.camaeleon.org\\\/en\\\/\",\"name\":\"Cam\u00e4l\u00e9on\",\"description\":\"The online student magazine by Deutsch-Franz\u00f6sisches Gymnasium Saarbr\u00fccken\",\"publisher\":{\"@id\":\"https:\\\/\\\/www.camaeleon.org\\\/en\\\/#organization\"},\"potentialAction\":[{\"@type\":\"SearchAction\",\"target\":{\"@type\":\"EntryPoint\",\"urlTemplate\":\"https:\\\/\\\/www.camaeleon.org\\\/en\\\/?s={search_term_string}\"},\"query-input\":{\"@type\":\"PropertyValueSpecification\",\"valueRequired\":true,\"valueName\":\"search_term_string\"}}],\"inLanguage\":\"en-US\"},{\"@type\":\"Organization\",\"@id\":\"https:\\\/\\\/www.camaeleon.org\\\/en\\\/#organization\",\"name\":\"Cam\u00e4l\u00e9on\",\"url\":\"https:\\\/\\\/www.camaeleon.org\\\/en\\\/\",\"logo\":{\"@type\":\"ImageObject\",\"inLanguage\":\"en-US\",\"@id\":\"https:\\\/\\\/www.camaeleon.org\\\/en\\\/#\\\/schema\\\/logo\\\/image\\\/\",\"url\":\"https:\\\/\\\/www.camaeleon.org\\\/wp-content\\\/uploads\\\/2011\\\/11\\\/CAM\u00c4LEON.jpg\",\"contentUrl\":\"https:\\\/\\\/www.camaeleon.org\\\/wp-content\\\/uploads\\\/2011\\\/11\\\/CAM\u00c4LEON.jpg\",\"width\":959,\"height\":959,\"caption\":\"Cam\u00e4l\u00e9on\"},\"image\":{\"@id\":\"https:\\\/\\\/www.camaeleon.org\\\/en\\\/#\\\/schema\\\/logo\\\/image\\\/\"},\"sameAs\":[\"https:\\\/\\\/www.facebook.com\\\/camaeleon.org\\\/\",\"https:\\\/\\\/x.com\\\/camaeleonOrg\",\"https:\\\/\\\/www.instagram.com\\\/camaeleon.dfg\\\/\",\"https:\\\/\\\/www.youtube.com\\\/channel\\\/UCl3TAUDdGuu_c7CD6ax6hYg\"]},{\"@type\":\"Person\",\"@id\":\"https:\\\/\\\/www.camaeleon.org\\\/de\\\/#\\\/schema\\\/person\\\/fd88cf7cc20f96b8234c8852c31e1c8a\",\"name\":\"Alicia Makamte\",\"image\":{\"@type\":\"ImageObject\",\"inLanguage\":\"en-US\",\"@id\":\"https:\\\/\\\/www.camaeleon.org\\\/en\\\/wp-content\\\/uploads\\\/2025\\\/12\\\/Alicia.jpg4033166cd9ed21b4b3596bd87f08d310\",\"url\":\"https:\\\/\\\/www.camaeleon.org\\\/wp-content\\\/uploads\\\/2025\\\/12\\\/Alicia.jpg\",\"contentUrl\":\"https:\\\/\\\/www.camaeleon.org\\\/wp-content\\\/uploads\\\/2025\\\/12\\\/Alicia.jpg\",\"caption\":\"Alicia Makamte\"},\"description\":\"My name is Alicia Makamte, I am 12 years old, and I am proud to be part of Cam\u00e4l\u00e9on. At Cam\u00e4l\u00e9on, I am an illustrator, and I hope you enjoy my comics.\",\"url\":\"https:\\\/\\\/www.camaeleon.org\\\/en\\\/author\\\/alicia-makamte\\\/\"}]}<\/script>\n<!-- \/ Yoast SEO plugin. -->","yoast_head_json":{"title":"Le mot de la semaine: #r\u00e9sultats-du-sondage-sur-les-samedis-travaill\u00e9s - Cam\u00e4l\u00e9on","description":"La majorit\u00e9 des parents, \u00e9l\u00e8ves et du personnel enseignant et non-enseignant du Lyc\u00e9e Franco-Allemand de Sarrebruck ne veulent plus des samedis travaill\u00e9s. C'est ce que montrent les r\u00e9sultats du sondage, communiqu\u00e9s en fin de semaine \u00e0 l'ensemble de la communaut\u00e9 scolaire.","robots":{"index":"index","follow":"follow","max-snippet":"max-snippet:-1","max-image-preview":"max-image-preview:large","max-video-preview":"max-video-preview:-1"},"canonical":"https:\/\/www.camaeleon.org\/en\/2025\/12\/01\/le-mot-de-la-semaine-resultats-du-sondage-sur-les-samedis-travailles\/","og_locale":"en_US","og_type":"article","og_title":"Le mot de la semaine: #r\u00e9sultats-du-sondage-sur-les-samedis-travaill\u00e9s - Cam\u00e4l\u00e9on","og_description":"La majorit\u00e9 des parents, \u00e9l\u00e8ves et du personnel enseignant et non-enseignant du Lyc\u00e9e Franco-Allemand de Sarrebruck ne veulent plus des samedis travaill\u00e9s. C'est ce que montrent les r\u00e9sultats du sondage, communiqu\u00e9s en fin de semaine \u00e0 l'ensemble de la communaut\u00e9 scolaire.","og_url":"https:\/\/www.camaeleon.org\/en\/2025\/12\/01\/le-mot-de-la-semaine-resultats-du-sondage-sur-les-samedis-travailles\/","og_site_name":"Cam\u00e4l\u00e9on","article_publisher":"https:\/\/www.facebook.com\/camaeleon.org\/","article_published_time":"2025-12-01T15:29:36+00:00","article_modified_time":"2025-12-02T06:42:02+00:00","og_image":[{"width":1536,"height":1024,"url":"https:\/\/www.camaeleon.org\/wp-content\/uploads\/2025\/12\/Wahlzettel.png","type":"image\/png"}],"author":"Alicia Makamte","twitter_card":"summary_large_image","twitter_creator":"@camaeleonOrg","twitter_site":"@camaeleonOrg","schema":{"@context":"https:\/\/schema.org","@graph":[{"@type":"Article","@id":"https:\/\/www.camaeleon.org\/2025\/12\/01\/le-mot-de-la-semaine-resultats-du-sondage-sur-les-samedis-travailles\/#article","isPartOf":{"@id":"https:\/\/www.camaeleon.org\/2025\/12\/01\/le-mot-de-la-semaine-resultats-du-sondage-sur-les-samedis-travailles\/"},"author":{"name":"Alicia Makamte","@id":"https:\/\/www.camaeleon.org\/de\/#\/schema\/person\/fd88cf7cc20f96b8234c8852c31e1c8a"},"headline":"Le mot de la semaine: #r\u00e9sultats-du-sondage-sur-les-samedis-travaill\u00e9s","datePublished":"2025-12-01T15:29:36+00:00","dateModified":"2025-12-02T06:42:02+00:00","mainEntityOfPage":{"@id":"https:\/\/www.camaeleon.org\/2025\/12\/01\/le-mot-de-la-semaine-resultats-du-sondage-sur-les-samedis-travailles\/"},"wordCount":146,"commentCount":0,"publisher":{"@id":"https:\/\/www.camaeleon.org\/de\/#organization"},"image":{"@id":"https:\/\/www.camaeleon.org\/2025\/12\/01\/le-mot-de-la-semaine-resultats-du-sondage-sur-les-samedis-travailles\/#primaryimage"},"thumbnailUrl":"https:\/\/www.camaeleon.org\/wp-content\/uploads\/2025\/12\/Wahlzettel.png","keywords":["Plus de samedis travaill\u00e9s au LFA","Samedi travaill\u00e9","Samstag","Schulsamstag"],"articleSection":["Word of the Week"],"inLanguage":"en-US","potentialAction":[{"@type":"CommentAction","name":"Comment","target":["https:\/\/www.camaeleon.org\/2025\/12\/01\/le-mot-de-la-semaine-resultats-du-sondage-sur-les-samedis-travailles\/#respond"]}]},{"@type":"WebPage","@id":"https:\/\/www.camaeleon.org\/en\/2025\/12\/01\/le-mot-de-la-semaine-resultats-du-sondage-sur-les-samedis-travailles\/","url":"https:\/\/www.camaeleon.org\/en\/2025\/12\/01\/le-mot-de-la-semaine-resultats-du-sondage-sur-les-samedis-travailles\/","name":"Le mot de la semaine: #r\u00e9sultats-du-sondage-sur-les-samedis-travaill\u00e9s - Cam\u00e4l\u00e9on","isPartOf":{"@id":"https:\/\/www.camaeleon.org\/en\/#website"},"primaryImageOfPage":{"@id":"https:\/\/www.camaeleon.org\/en\/2025\/12\/01\/le-mot-de-la-semaine-resultats-du-sondage-sur-les-samedis-travailles\/#primaryimage"},"image":{"@id":"https:\/\/www.camaeleon.org\/2025\/12\/01\/le-mot-de-la-semaine-resultats-du-sondage-sur-les-samedis-travailles\/#primaryimage"},"thumbnailUrl":"https:\/\/www.camaeleon.org\/wp-content\/uploads\/2025\/12\/Wahlzettel.png","datePublished":"2025-12-01T15:29:36+00:00","dateModified":"2025-12-02T06:42:02+00:00","description":"La majorit\u00e9 des parents, \u00e9l\u00e8ves et du personnel enseignant et non-enseignant du Lyc\u00e9e Franco-Allemand de Sarrebruck ne veulent plus des samedis travaill\u00e9s. C'est ce que montrent les r\u00e9sultats du sondage, communiqu\u00e9s en fin de semaine \u00e0 l'ensemble de la communaut\u00e9 scolaire.","breadcrumb":{"@id":"https:\/\/www.camaeleon.org\/en\/2025\/12\/01\/le-mot-de-la-semaine-resultats-du-sondage-sur-les-samedis-travailles\/#breadcrumb"},"inLanguage":"en-US","potentialAction":[{"@type":"ReadAction","target":[["https:\/\/www.camaeleon.org\/en\/2025\/12\/01\/le-mot-de-la-semaine-resultats-du-sondage-sur-les-samedis-travailles\/"]]}]},{"@type":"ImageObject","inLanguage":"en-US","@id":"https:\/\/www.camaeleon.org\/en\/2025\/12\/01\/le-mot-de-la-semaine-resultats-du-sondage-sur-les-samedis-travailles\/#primaryimage","url":"https:\/\/www.camaeleon.org\/wp-content\/uploads\/2025\/12\/Wahlzettel.png","contentUrl":"https:\/\/www.camaeleon.org\/wp-content\/uploads\/2025\/12\/Wahlzettel.png","width":1536,"height":1024,"caption":"G\u00e9n\u00e9r\u00e9 par IA \u00e0 l'aide de GPT Image 1"},{"@type":"BreadcrumbList","@id":"https:\/\/www.camaeleon.org\/en\/2025\/12\/01\/le-mot-de-la-semaine-resultats-du-sondage-sur-les-samedis-travailles\/#breadcrumb","itemListElement":[{"@type":"ListItem","position":1,"name":"Home","item":"https:\/\/www.camaeleon.org\/en\/"},{"@type":"ListItem","position":2,"name":"Le mot de la semaine: #r\u00e9sultats-du-sondage-sur-les-samedis-travaill\u00e9s"}]},{"@type":"WebSite","@id":"https:\/\/www.camaeleon.org\/en\/#website","url":"https:\/\/www.camaeleon.org\/en\/","name":"Cam\u00e4l\u00e9on","description":"The online student magazine by Deutsch-Franz\u00f6sisches Gymnasium Saarbr\u00fccken","publisher":{"@id":"https:\/\/www.camaeleon.org\/en\/#organization"},"potentialAction":[{"@type":"SearchAction","target":{"@type":"EntryPoint","urlTemplate":"https:\/\/www.camaeleon.org\/en\/?s={search_term_string}"},"query-input":{"@type":"PropertyValueSpecification","valueRequired":true,"valueName":"search_term_string"}}],"inLanguage":"en-US"},{"@type":"Organization","@id":"https:\/\/www.camaeleon.org\/en\/#organization","name":"Cam\u00e4l\u00e9on","url":"https:\/\/www.camaeleon.org\/en\/","logo":{"@type":"ImageObject","inLanguage":"en-US","@id":"https:\/\/www.camaeleon.org\/en\/#\/schema\/logo\/image\/","url":"https:\/\/www.camaeleon.org\/wp-content\/uploads\/2011\/11\/CAM\u00c4LEON.jpg","contentUrl":"https:\/\/www.camaeleon.org\/wp-content\/uploads\/2011\/11\/CAM\u00c4LEON.jpg","width":959,"height":959,"caption":"Cam\u00e4l\u00e9on"},"image":{"@id":"https:\/\/www.camaeleon.org\/en\/#\/schema\/logo\/image\/"},"sameAs":["https:\/\/www.facebook.com\/camaeleon.org\/","https:\/\/x.com\/camaeleonOrg","https:\/\/www.instagram.com\/camaeleon.dfg\/","https:\/\/www.youtube.com\/channel\/UCl3TAUDdGuu_c7CD6ax6hYg"]},{"@type":"Person","@id":"https:\/\/www.camaeleon.org\/de\/#\/schema\/person\/fd88cf7cc20f96b8234c8852c31e1c8a","name":"Alicia Makamte","image":{"@type":"ImageObject","inLanguage":"en-US","@id":"https:\/\/www.camaeleon.org\/en\/wp-content\/uploads\/2025\/12\/Alicia.jpg4033166cd9ed21b4b3596bd87f08d310","url":"https:\/\/www.camaeleon.org\/wp-content\/uploads\/2025\/12\/Alicia.jpg","contentUrl":"https:\/\/www.camaeleon.org\/wp-content\/uploads\/2025\/12\/Alicia.jpg","caption":"Alicia Makamte"},"description":"My name is Alicia Makamte, I am 12 years old, and I am proud to be part of Cam\u00e4l\u00e9on. At Cam\u00e4l\u00e9on, I am an illustrator, and I hope you enjoy my comics.","url":"https:\/\/www.camaeleon.org\/en\/author\/alicia-makamte\/"}]}},"_links":{"self":[{"href":"https:\/\/www.camaeleon.org\/en\/wp-json\/wp\/v2\/posts\/33178","targetHints":{"allow":["GET"]}}],"collection":[{"href":"https:\/\/www.camaeleon.org\/en\/wp-json\/wp\/v2\/posts"}],"about":[{"href":"https:\/\/www.camaeleon.org\/en\/wp-json\/wp\/v2\/types\/post"}],"author":[{"embeddable":true,"href":"https:\/\/www.camaeleon.org\/en\/wp-json\/wp\/v2\/users\/195"}],"replies":[{"embeddable":true,"href":"https:\/\/www.camaeleon.org\/en\/wp-json\/wp\/v2\/comments?post=33178"}],"version-history":[{"count":2,"href":"https:\/\/www.camaeleon.org\/en\/wp-json\/wp\/v2\/posts\/33178\/revisions"}],"predecessor-version":[{"id":33205,"href":"https:\/\/www.camaeleon.org\/en\/wp-json\/wp\/v2\/posts\/33178\/revisions\/33205"}],"wp:featuredmedia":[{"embeddable":true,"href":"https:\/\/www.camaeleon.org\/en\/wp-json\/wp\/v2\/media\/33203"}],"wp:attachment":[{"href":"https:\/\/www.camaeleon.org\/en\/wp-json\/wp\/v2\/media?parent=33178"}],"wp:term":[{"taxonomy":"category","embeddable":true,"href":"https:\/\/www.camaeleon.org\/en\/wp-json\/wp\/v2\/categories?post=33178"},{"taxonomy":"post_tag","embeddable":true,"href":"https:\/\/www.camaeleon.org\/en\/wp-json\/wp\/v2\/tags?post=33178"},{"taxonomy":"author","embeddable":true,"href":"https:\/\/www.camaeleon.org\/en\/wp-json\/wp\/v2\/coauthors?post=33178"}],"curies":[{"name":"wp","href":"https:\/\/api.w.org\/{rel}","templated":true}]}}