{"id":33154,"date":"2025-12-05T18:52:54","date_gmt":"2025-12-05T17:52:54","guid":{"rendered":"https:\/\/www.camaeleon.org\/?p=33154"},"modified":"2026-04-24T15:00:36","modified_gmt":"2026-04-24T13:00:36","slug":"baptiste-12-minutes-de-retard-car-il-a-ete-kidnappe-kuriose-klassenbucheintraege-am-dfg","status":"publish","type":"post","link":"https:\/\/www.camaeleon.org\/en\/2025\/12\/05\/baptiste-12-minutes-de-retard-car-il-a-ete-kidnappe-kuriose-klassenbucheintraege-am-dfg\/","title":{"rendered":"&#8221;Baptiste : 12 minutes de retard car \u2018il a \u00e9t\u00e9 kidnapp\u00e9\u2019&#8221; &#8211; Kuriose Klassenbucheintr\u00e4ge am DFG"},"content":{"rendered":"<p><figure id=\"attachment_33248\" aria-describedby=\"caption-attachment-33248\" style=\"width: 300px\" class=\"wp-caption alignleft\"><img loading=\"lazy\" decoding=\"async\" class=\"size-medium wp-image-33248\" src=\"https:\/\/www.camaeleon.org\/wp-content\/uploads\/2025\/12\/Klassenbuecher-300x225.jpg\" alt=\"Klassenb\u00fccher\" width=\"300\" height=\"225\" srcset=\"https:\/\/www.camaeleon.org\/wp-content\/uploads\/2025\/12\/Klassenbuecher-300x225.jpg 300w, https:\/\/www.camaeleon.org\/wp-content\/uploads\/2025\/12\/Klassenbuecher-800x600.jpg 800w, https:\/\/www.camaeleon.org\/wp-content\/uploads\/2025\/12\/Klassenbuecher-1536x1152.jpg 1536w, https:\/\/www.camaeleon.org\/wp-content\/uploads\/2025\/12\/Klassenbuecher.jpg 2000w\" sizes=\"auto, (max-width: 300px) 100vw, 300px\" \/><figcaption id=\"caption-attachment-33248\" class=\"wp-caption-text\">Foto: Cam\u00e4l\u00e9on<\/figcaption><\/figure><\/p>\n<p>Weil es nach Weihnachten ja keine Papier-Klassenb\u00fccher\u00a0 mehr geben soll, zeigen wir euch das &#8220;Best Of&#8221; des letzten Schuljahres. Es sind Original-Klassenbucheintr\u00e4ge, die Namen haben wir aber nat\u00fcrlich ge\u00e4ndert.<\/p>\n<h3>zu sp\u00e4t:<\/h3>\n<p><em>10 minutes retard : Justine\u00a0ne trouve pas la salle et prend tout son temps.<\/em><\/p>\n<p><em>Justine et In\u00e8s en retard 10 minutes car il y avait de l&#8217;attente pour manger les cr\u00eapes.<\/em><\/p>\n<p><em>Baptiste : 12 minutes de retard car &#8220;il a \u00e9t\u00e9 kidnapp\u00e9&#8221;.<\/em><\/p>\n<p><em>Alexander, qui est parti d\u00e9jeuner \u00e0 l&#8217;ext\u00e9rieur, de retour, sustant\u00e9, \u00e0 12h59.<\/em><\/p>\n<h3>an- und abwesend:<\/h3>\n<p><em>Nur Sarah\u00a0und Victor\u00a0waren in Mathe anwesend. (LOB!!)<\/em><\/p>\n<p><em>Le Klassenbuch avait disparu en P2 mais a comme par magie r\u00e9apparu en d\u00e9but de P5.<\/em><\/p>\n<p><em>Un seul courageux en P1 (Thomas), tous les autres sont absents.<\/em><\/p>\n<p><em>Clara, Tobias et Margot ont s\u00e9ch\u00e9 le cours d&#8217;anglais et ont confisqu\u00e9 le cahier de texte &#8230;<\/em><\/p>\n<p><em>Helene und Th\u00e9o verstecken sich nach Geschichte im Klassenraum w\u00e4hrend der Pause.<\/em><\/p>\n<h3>unversch\u00e4mt:<\/h3>\n<p><em>Karl zeigt ungeb\u00fchrliches Verhalten und wird im Sport aus dem Unterricht auf den Rang verwiesen. Dort tanzt er, st\u00f6rt und sch\u00fcttelt schlie\u00dflich Wasser in die Sporthalle.<\/em><br \/>\n<em>Konsequenz \u2192 Nachsitzen.<\/em><\/p>\n<p><em>Kevin zur Lehrkraft am Ende der Stunde: &#8220;Ich hoffe, wir sehen uns nie wieder!&#8221; Nachsitzen Freitag 7. Stunde.<\/em><\/p>\n<p><em>Lino und Anais 7. Stunde aus dem Unterricht verwiesen. Respektlosigkeit gegen\u00fcber Lehrkraft.<\/em><\/p>\n<h3>gest\u00f6rt:<\/h3>\n<p><em>Mohammed hat in Physik die Fernbedienung versteckt. \u2192 Verz\u00f6gerung im Unterricht!<\/em><\/p>\n<p><em>Klara schreit lauthals Schimpfw\u00f6rter durch die Klasse.<\/em><\/p>\n<p><em>Elias st\u00f6rt durch sein permanent kindisches Verhalten den Unterricht. Zus\u00e4tzlich trinkt und isst er w\u00e4hrend des Unterrichts.<\/em><\/p>\n<p><em>Maelle f\u00e4llt 2 Mal vom Stuhl w\u00e4hrend des Englischunterrichts.<\/em><\/p>\n<p><em>Lucas pique le fou-rire en classe et entraine ses camarades.<\/em><\/p>\n<p><em>Arthur st\u00f6rt den Matheunterricht mit Katzenger\u00e4uschen.<\/em><\/p>\n<p><em>Adrien kippelt ohne Unterlass auf seinem Stuhl, bis er umf\u00e4llt.<\/em><\/p>\n<h3>Multi-Tasking:<\/h3>\n<p><em>Ch\u00e8re coll\u00e8gue, j&#8217;attends avec impatience le r\u00e9sultat du test de SES puisqu&#8217;ils ont r\u00e9vis\u00e9 pendant mon heure.<\/em><br \/>\n<em>SES-Lehrerin: Moi aussi !<\/em><\/p>\n<p><em>Pauline se fait prendre sa trousse, et ce n&#8217;est pas de sa faute.<\/em><\/p>\n<p><em>Luka ne cesse de faire des dessins sur sa main au lieu de prendre le cours malgr\u00e9 les rappels \u00e0 l&#8217;ordre.<\/em><\/p>\n<p><em>Julien und Lea\u00a0spielen UNO w\u00e4hrend Klassenkameraden ein Referat halten.<\/em><\/p>\n<p><em>Annika und Dorian machen demonstrativ am Computer andere Dinge.<\/em><\/p>\n<p><em>Chlo\u00e9 et \u00c9tienne regardent des s\u00e9ries sur leurs tablettes pendant les cours.<\/em><\/p>\n<h3>k\u00f6rperlich:<\/h3>\n<p><em>Manon wirft ein Heft durch den Musiksaal, trotz ausdr\u00fccklicher Ermahnung dies im Saal nicht zu tun.<\/em><\/p>\n<p><em>Marlene, Antoine und Anja trampeln in der 5-Minuten Pause auf Hugos\u00a0Rucksack herum, haben jedoch keine Erkl\u00e4rung f\u00fcr ihr Verhalten.<\/em><\/p>\n<p><em>Romain nimmt Jonas\u00a0nach der Stunde in den Schwitzkasten und reibt ihn mit der Faust stark \u00fcber den Kopf.<\/em><\/p>\n<p><em>Matthias a baff\u00e9 son camarade.<\/em><\/p>\n<h3>falsche Wortwahl:<\/h3>\n<p><em>Camille beleidigt Mitsch\u00fcler*innen als &#8220;Spasti&#8221;. Nachsitzen Freitag 7. Stunde.<\/em><\/p>\n<p><em>\u00c9lise beschimpft Mitsch\u00fcler*innen: &#8220;Kann es sein, dass du dumm bist?&#8221; Nachsitzen Freitag 7. Stunde.<\/em><\/p>","protected":false},"excerpt":{"rendered":"<p>Weil es nach Weihnachten ja keine Papier-Klassenb\u00fccher\u00a0 mehr geben soll, zeigen wir euch das &#8220;Best Of&#8221; des letzten Schuljahres. Es sind Original-Klassenbucheintr\u00e4ge, die Namen haben<\/p>\n","protected":false},"author":190,"featured_media":33248,"comment_status":"open","ping_status":"closed","sticky":false,"template":"","format":"standard","meta":{"colormag_page_container_layout":"default_layout","colormag_page_sidebar_layout":"default_layout","footnotes":""},"categories":[3],"tags":[718,1352,2695],"coauthors":[2597],"class_list":["post-33154","post","type-post","status-publish","format-standard","has-post-thumbnail","hentry","category-ecole","tag-klassenbuch","tag-klassenbucheintraege","tag-schulalltag"],"yoast_head":"<!-- This site is optimized with the Yoast SEO plugin v27.4 - https:\/\/yoast.com\/product\/yoast-seo-wordpress\/ -->\n<title>&quot;Baptiste : 12 minutes de retard car \u2018il a \u00e9t\u00e9 kidnapp\u00e9\u2019&quot; - Kuriose Klassenbucheintr\u00e4ge am DFG - Cam\u00e4l\u00e9on<\/title>\n<meta name=\"description\" content=\"Letzte Klassenbucheintr\u00e4ge aus analogen Klassenb\u00fcchern. Diese Klassenbucheintr\u00e4ge sind aus den Klassenb\u00fcchern von letztem Jahr abgeschrieben\" \/>\n<meta name=\"robots\" content=\"index, follow, max-snippet:-1, max-image-preview:large, max-video-preview:-1\" \/>\n<link rel=\"canonical\" href=\"https:\/\/www.camaeleon.org\/en\/2025\/12\/05\/baptiste-12-minutes-de-retard-car-il-a-ete-kidnappe-kuriose-klassenbucheintraege-am-dfg\/\" \/>\n<meta property=\"og:locale\" content=\"en_US\" \/>\n<meta property=\"og:type\" content=\"article\" \/>\n<meta property=\"og:title\" content=\"Klassenbuucheintr\u00e4ge\" \/>\n<meta property=\"og:description\" content=\"Letzte Klassenbucheintr\u00e4ge aus analogen Klassenb\u00fcchern. Diese Klassenbucheintr\u00e4ge sind aus den Klassenb\u00fcchern von letztem Jahr abgeschrieben\" \/>\n<meta property=\"og:url\" content=\"https:\/\/www.camaeleon.org\/en\/2025\/12\/05\/baptiste-12-minutes-de-retard-car-il-a-ete-kidnappe-kuriose-klassenbucheintraege-am-dfg\/\" \/>\n<meta property=\"og:site_name\" content=\"Cam\u00e4l\u00e9on\" \/>\n<meta property=\"article:publisher\" content=\"https:\/\/www.facebook.com\/camaeleon.org\/\" \/>\n<meta property=\"article:published_time\" content=\"2025-12-05T17:52:54+00:00\" \/>\n<meta property=\"article:modified_time\" content=\"2026-04-24T13:00:36+00:00\" \/>\n<meta property=\"og:image\" content=\"https:\/\/www.camaeleon.org\/wp-content\/uploads\/2025\/12\/Klassenbuecher.jpg\" \/>\n\t<meta property=\"og:image:width\" content=\"2000\" \/>\n\t<meta property=\"og:image:height\" content=\"1500\" \/>\n\t<meta property=\"og:image:type\" content=\"image\/jpeg\" \/>\n<meta name=\"author\" content=\"Valentin Verstappen Tourtet\" \/>\n<meta name=\"twitter:card\" content=\"summary_large_image\" \/>\n<meta name=\"twitter:creator\" content=\"@camaeleonOrg\" \/>\n<meta name=\"twitter:site\" content=\"@camaeleonOrg\" \/>\n<script type=\"application\/ld+json\" class=\"yoast-schema-graph\">{\"@context\":\"https:\\\/\\\/schema.org\",\"@graph\":[{\"@type\":\"Article\",\"@id\":\"https:\\\/\\\/www.camaeleon.org\\\/2025\\\/12\\\/05\\\/baptiste-12-minutes-de-retard-car-il-a-ete-kidnappe-kuriose-klassenbucheintraege-am-dfg\\\/#article\",\"isPartOf\":{\"@id\":\"https:\\\/\\\/www.camaeleon.org\\\/2025\\\/12\\\/05\\\/baptiste-12-minutes-de-retard-car-il-a-ete-kidnappe-kuriose-klassenbucheintraege-am-dfg\\\/\"},\"author\":{\"name\":\"Valentin Verstappen Tourtet\",\"@id\":\"https:\\\/\\\/www.camaeleon.org\\\/de\\\/#\\\/schema\\\/person\\\/c0e4c10df183f86520b8c5cae19d3744\"},\"headline\":\"&#8221;Baptiste : 12 minutes de retard car \u2018il a \u00e9t\u00e9 kidnapp\u00e9\u2019&#8221; &#8211; Kuriose Klassenbucheintr\u00e4ge am DFG\",\"datePublished\":\"2025-12-05T17:52:54+00:00\",\"dateModified\":\"2026-04-24T13:00:36+00:00\",\"mainEntityOfPage\":{\"@id\":\"https:\\\/\\\/www.camaeleon.org\\\/2025\\\/12\\\/05\\\/baptiste-12-minutes-de-retard-car-il-a-ete-kidnappe-kuriose-klassenbucheintraege-am-dfg\\\/\"},\"wordCount\":1580,\"commentCount\":0,\"publisher\":{\"@id\":\"https:\\\/\\\/www.camaeleon.org\\\/de\\\/#organization\"},\"image\":{\"@id\":\"https:\\\/\\\/www.camaeleon.org\\\/2025\\\/12\\\/05\\\/baptiste-12-minutes-de-retard-car-il-a-ete-kidnappe-kuriose-klassenbucheintraege-am-dfg\\\/#primaryimage\"},\"thumbnailUrl\":\"https:\\\/\\\/www.camaeleon.org\\\/wp-content\\\/uploads\\\/2025\\\/12\\\/Klassenbuecher.jpg\",\"keywords\":[\"Klassenbuch\",\"Klassenbucheintr\u00e4ge\",\"Schulalltag\"],\"articleSection\":[\"School\"],\"inLanguage\":\"en-US\",\"potentialAction\":[{\"@type\":\"CommentAction\",\"name\":\"Comment\",\"target\":[\"https:\\\/\\\/www.camaeleon.org\\\/2025\\\/12\\\/05\\\/baptiste-12-minutes-de-retard-car-il-a-ete-kidnappe-kuriose-klassenbucheintraege-am-dfg\\\/#respond\"]}]},{\"@type\":\"WebPage\",\"@id\":\"https:\\\/\\\/www.camaeleon.org\\\/en\\\/2025\\\/12\\\/05\\\/baptiste-12-minutes-de-retard-car-il-a-ete-kidnappe-kuriose-klassenbucheintraege-am-dfg\\\/\",\"url\":\"https:\\\/\\\/www.camaeleon.org\\\/en\\\/2025\\\/12\\\/05\\\/baptiste-12-minutes-de-retard-car-il-a-ete-kidnappe-kuriose-klassenbucheintraege-am-dfg\\\/\",\"name\":\"\\\"Baptiste : 12 minutes de retard car \u2018il a \u00e9t\u00e9 kidnapp\u00e9\u2019\\\" - Kuriose Klassenbucheintr\u00e4ge am DFG - Cam\u00e4l\u00e9on\",\"isPartOf\":{\"@id\":\"https:\\\/\\\/www.camaeleon.org\\\/en\\\/#website\"},\"primaryImageOfPage\":{\"@id\":\"https:\\\/\\\/www.camaeleon.org\\\/en\\\/2025\\\/12\\\/05\\\/baptiste-12-minutes-de-retard-car-il-a-ete-kidnappe-kuriose-klassenbucheintraege-am-dfg\\\/#primaryimage\"},\"image\":{\"@id\":\"https:\\\/\\\/www.camaeleon.org\\\/2025\\\/12\\\/05\\\/baptiste-12-minutes-de-retard-car-il-a-ete-kidnappe-kuriose-klassenbucheintraege-am-dfg\\\/#primaryimage\"},\"thumbnailUrl\":\"https:\\\/\\\/www.camaeleon.org\\\/wp-content\\\/uploads\\\/2025\\\/12\\\/Klassenbuecher.jpg\",\"datePublished\":\"2025-12-05T17:52:54+00:00\",\"dateModified\":\"2026-04-24T13:00:36+00:00\",\"description\":\"Letzte Klassenbucheintr\u00e4ge aus analogen Klassenb\u00fcchern. Diese Klassenbucheintr\u00e4ge sind aus den Klassenb\u00fcchern von letztem Jahr abgeschrieben\",\"breadcrumb\":{\"@id\":\"https:\\\/\\\/www.camaeleon.org\\\/en\\\/2025\\\/12\\\/05\\\/baptiste-12-minutes-de-retard-car-il-a-ete-kidnappe-kuriose-klassenbucheintraege-am-dfg\\\/#breadcrumb\"},\"inLanguage\":\"en-US\",\"potentialAction\":[{\"@type\":\"ReadAction\",\"target\":[[\"https:\\\/\\\/www.camaeleon.org\\\/en\\\/2025\\\/12\\\/05\\\/baptiste-12-minutes-de-retard-car-il-a-ete-kidnappe-kuriose-klassenbucheintraege-am-dfg\\\/\"]]}]},{\"@type\":\"ImageObject\",\"inLanguage\":\"en-US\",\"@id\":\"https:\\\/\\\/www.camaeleon.org\\\/en\\\/2025\\\/12\\\/05\\\/baptiste-12-minutes-de-retard-car-il-a-ete-kidnappe-kuriose-klassenbucheintraege-am-dfg\\\/#primaryimage\",\"url\":\"https:\\\/\\\/www.camaeleon.org\\\/wp-content\\\/uploads\\\/2025\\\/12\\\/Klassenbuecher.jpg\",\"contentUrl\":\"https:\\\/\\\/www.camaeleon.org\\\/wp-content\\\/uploads\\\/2025\\\/12\\\/Klassenbuecher.jpg\",\"width\":2000,\"height\":1500,\"caption\":\"Foto: Cam\u00e4l\u00e9on\"},{\"@type\":\"BreadcrumbList\",\"@id\":\"https:\\\/\\\/www.camaeleon.org\\\/en\\\/2025\\\/12\\\/05\\\/baptiste-12-minutes-de-retard-car-il-a-ete-kidnappe-kuriose-klassenbucheintraege-am-dfg\\\/#breadcrumb\",\"itemListElement\":[{\"@type\":\"ListItem\",\"position\":1,\"name\":\"Home\",\"item\":\"https:\\\/\\\/www.camaeleon.org\\\/en\\\/\"},{\"@type\":\"ListItem\",\"position\":2,\"name\":\"\u00ab\u00a0Baptiste : 12 minutes de retard car il a \u00e9t\u00e9 kidnapp\u00e9\u2019\u00a0\u00bb &#8211; Inscriptions insolites dans les cahiers de texte du LFA\"}]},{\"@type\":\"WebSite\",\"@id\":\"https:\\\/\\\/www.camaeleon.org\\\/en\\\/#website\",\"url\":\"https:\\\/\\\/www.camaeleon.org\\\/en\\\/\",\"name\":\"Cam\u00e4l\u00e9on\",\"description\":\"The online student magazine by Deutsch-Franz\u00f6sisches Gymnasium Saarbr\u00fccken\",\"publisher\":{\"@id\":\"https:\\\/\\\/www.camaeleon.org\\\/en\\\/#organization\"},\"potentialAction\":[{\"@type\":\"SearchAction\",\"target\":{\"@type\":\"EntryPoint\",\"urlTemplate\":\"https:\\\/\\\/www.camaeleon.org\\\/en\\\/?s={search_term_string}\"},\"query-input\":{\"@type\":\"PropertyValueSpecification\",\"valueRequired\":true,\"valueName\":\"search_term_string\"}}],\"inLanguage\":\"en-US\"},{\"@type\":\"Organization\",\"@id\":\"https:\\\/\\\/www.camaeleon.org\\\/en\\\/#organization\",\"name\":\"Cam\u00e4l\u00e9on\",\"url\":\"https:\\\/\\\/www.camaeleon.org\\\/en\\\/\",\"logo\":{\"@type\":\"ImageObject\",\"inLanguage\":\"en-US\",\"@id\":\"https:\\\/\\\/www.camaeleon.org\\\/en\\\/#\\\/schema\\\/logo\\\/image\\\/\",\"url\":\"https:\\\/\\\/www.camaeleon.org\\\/wp-content\\\/uploads\\\/2011\\\/11\\\/CAM\u00c4LEON.jpg\",\"contentUrl\":\"https:\\\/\\\/www.camaeleon.org\\\/wp-content\\\/uploads\\\/2011\\\/11\\\/CAM\u00c4LEON.jpg\",\"width\":959,\"height\":959,\"caption\":\"Cam\u00e4l\u00e9on\"},\"image\":{\"@id\":\"https:\\\/\\\/www.camaeleon.org\\\/en\\\/#\\\/schema\\\/logo\\\/image\\\/\"},\"sameAs\":[\"https:\\\/\\\/www.facebook.com\\\/camaeleon.org\\\/\",\"https:\\\/\\\/x.com\\\/camaeleonOrg\",\"https:\\\/\\\/www.instagram.com\\\/camaeleon.dfg\\\/\",\"https:\\\/\\\/www.youtube.com\\\/channel\\\/UCl3TAUDdGuu_c7CD6ax6hYg\"]},{\"@type\":\"Person\",\"@id\":\"https:\\\/\\\/www.camaeleon.org\\\/de\\\/#\\\/schema\\\/person\\\/c0e4c10df183f86520b8c5cae19d3744\",\"name\":\"Valentin Verstappen Tourtet\",\"image\":{\"@type\":\"ImageObject\",\"inLanguage\":\"en-US\",\"@id\":\"https:\\\/\\\/www.camaeleon.org\\\/en\\\/wp-content\\\/uploads\\\/2025\\\/05\\\/valentin-150x150.jpg516ebdb4929b5d6bf406d4e777539a4d\",\"url\":\"https:\\\/\\\/www.camaeleon.org\\\/wp-content\\\/uploads\\\/2025\\\/05\\\/valentin-150x150.jpg\",\"contentUrl\":\"https:\\\/\\\/www.camaeleon.org\\\/wp-content\\\/uploads\\\/2025\\\/05\\\/valentin-150x150.jpg\",\"caption\":\"Valentin Verstappen Tourtet\"},\"description\":\"Hi, my name is Valentin and, I'm 13 years old and I'm in 8S2. I've been a member of the Cam\u00e4l\u00e9on team since January 2025. I play the harp and I climb.\",\"url\":\"https:\\\/\\\/www.camaeleon.org\\\/en\\\/author\\\/valentin-verstappen-tourtet\\\/\"}]}<\/script>\n<!-- \/ Yoast SEO plugin. -->","yoast_head_json":{"title":"\"Baptiste : 12 minutes de retard car \u2018il a \u00e9t\u00e9 kidnapp\u00e9\u2019\" - Kuriose Klassenbucheintr\u00e4ge am DFG - Cam\u00e4l\u00e9on","description":"Letzte Klassenbucheintr\u00e4ge aus analogen Klassenb\u00fcchern. Diese Klassenbucheintr\u00e4ge sind aus den Klassenb\u00fcchern von letztem Jahr abgeschrieben","robots":{"index":"index","follow":"follow","max-snippet":"max-snippet:-1","max-image-preview":"max-image-preview:large","max-video-preview":"max-video-preview:-1"},"canonical":"https:\/\/www.camaeleon.org\/en\/2025\/12\/05\/baptiste-12-minutes-de-retard-car-il-a-ete-kidnappe-kuriose-klassenbucheintraege-am-dfg\/","og_locale":"en_US","og_type":"article","og_title":"Klassenbuucheintr\u00e4ge","og_description":"Letzte Klassenbucheintr\u00e4ge aus analogen Klassenb\u00fcchern. Diese Klassenbucheintr\u00e4ge sind aus den Klassenb\u00fcchern von letztem Jahr abgeschrieben","og_url":"https:\/\/www.camaeleon.org\/en\/2025\/12\/05\/baptiste-12-minutes-de-retard-car-il-a-ete-kidnappe-kuriose-klassenbucheintraege-am-dfg\/","og_site_name":"Cam\u00e4l\u00e9on","article_publisher":"https:\/\/www.facebook.com\/camaeleon.org\/","article_published_time":"2025-12-05T17:52:54+00:00","article_modified_time":"2026-04-24T13:00:36+00:00","og_image":[{"width":2000,"height":1500,"url":"https:\/\/www.camaeleon.org\/wp-content\/uploads\/2025\/12\/Klassenbuecher.jpg","type":"image\/jpeg"}],"author":"Valentin Verstappen Tourtet","twitter_card":"summary_large_image","twitter_creator":"@camaeleonOrg","twitter_site":"@camaeleonOrg","schema":{"@context":"https:\/\/schema.org","@graph":[{"@type":"Article","@id":"https:\/\/www.camaeleon.org\/2025\/12\/05\/baptiste-12-minutes-de-retard-car-il-a-ete-kidnappe-kuriose-klassenbucheintraege-am-dfg\/#article","isPartOf":{"@id":"https:\/\/www.camaeleon.org\/2025\/12\/05\/baptiste-12-minutes-de-retard-car-il-a-ete-kidnappe-kuriose-klassenbucheintraege-am-dfg\/"},"author":{"name":"Valentin Verstappen Tourtet","@id":"https:\/\/www.camaeleon.org\/de\/#\/schema\/person\/c0e4c10df183f86520b8c5cae19d3744"},"headline":"&#8221;Baptiste : 12 minutes de retard car \u2018il a \u00e9t\u00e9 kidnapp\u00e9\u2019&#8221; &#8211; Kuriose Klassenbucheintr\u00e4ge am DFG","datePublished":"2025-12-05T17:52:54+00:00","dateModified":"2026-04-24T13:00:36+00:00","mainEntityOfPage":{"@id":"https:\/\/www.camaeleon.org\/2025\/12\/05\/baptiste-12-minutes-de-retard-car-il-a-ete-kidnappe-kuriose-klassenbucheintraege-am-dfg\/"},"wordCount":1580,"commentCount":0,"publisher":{"@id":"https:\/\/www.camaeleon.org\/de\/#organization"},"image":{"@id":"https:\/\/www.camaeleon.org\/2025\/12\/05\/baptiste-12-minutes-de-retard-car-il-a-ete-kidnappe-kuriose-klassenbucheintraege-am-dfg\/#primaryimage"},"thumbnailUrl":"https:\/\/www.camaeleon.org\/wp-content\/uploads\/2025\/12\/Klassenbuecher.jpg","keywords":["Klassenbuch","Klassenbucheintr\u00e4ge","Schulalltag"],"articleSection":["School"],"inLanguage":"en-US","potentialAction":[{"@type":"CommentAction","name":"Comment","target":["https:\/\/www.camaeleon.org\/2025\/12\/05\/baptiste-12-minutes-de-retard-car-il-a-ete-kidnappe-kuriose-klassenbucheintraege-am-dfg\/#respond"]}]},{"@type":"WebPage","@id":"https:\/\/www.camaeleon.org\/en\/2025\/12\/05\/baptiste-12-minutes-de-retard-car-il-a-ete-kidnappe-kuriose-klassenbucheintraege-am-dfg\/","url":"https:\/\/www.camaeleon.org\/en\/2025\/12\/05\/baptiste-12-minutes-de-retard-car-il-a-ete-kidnappe-kuriose-klassenbucheintraege-am-dfg\/","name":"\"Baptiste : 12 minutes de retard car \u2018il a \u00e9t\u00e9 kidnapp\u00e9\u2019\" - Kuriose Klassenbucheintr\u00e4ge am DFG - Cam\u00e4l\u00e9on","isPartOf":{"@id":"https:\/\/www.camaeleon.org\/en\/#website"},"primaryImageOfPage":{"@id":"https:\/\/www.camaeleon.org\/en\/2025\/12\/05\/baptiste-12-minutes-de-retard-car-il-a-ete-kidnappe-kuriose-klassenbucheintraege-am-dfg\/#primaryimage"},"image":{"@id":"https:\/\/www.camaeleon.org\/2025\/12\/05\/baptiste-12-minutes-de-retard-car-il-a-ete-kidnappe-kuriose-klassenbucheintraege-am-dfg\/#primaryimage"},"thumbnailUrl":"https:\/\/www.camaeleon.org\/wp-content\/uploads\/2025\/12\/Klassenbuecher.jpg","datePublished":"2025-12-05T17:52:54+00:00","dateModified":"2026-04-24T13:00:36+00:00","description":"Letzte Klassenbucheintr\u00e4ge aus analogen Klassenb\u00fcchern. Diese Klassenbucheintr\u00e4ge sind aus den Klassenb\u00fcchern von letztem Jahr abgeschrieben","breadcrumb":{"@id":"https:\/\/www.camaeleon.org\/en\/2025\/12\/05\/baptiste-12-minutes-de-retard-car-il-a-ete-kidnappe-kuriose-klassenbucheintraege-am-dfg\/#breadcrumb"},"inLanguage":"en-US","potentialAction":[{"@type":"ReadAction","target":[["https:\/\/www.camaeleon.org\/en\/2025\/12\/05\/baptiste-12-minutes-de-retard-car-il-a-ete-kidnappe-kuriose-klassenbucheintraege-am-dfg\/"]]}]},{"@type":"ImageObject","inLanguage":"en-US","@id":"https:\/\/www.camaeleon.org\/en\/2025\/12\/05\/baptiste-12-minutes-de-retard-car-il-a-ete-kidnappe-kuriose-klassenbucheintraege-am-dfg\/#primaryimage","url":"https:\/\/www.camaeleon.org\/wp-content\/uploads\/2025\/12\/Klassenbuecher.jpg","contentUrl":"https:\/\/www.camaeleon.org\/wp-content\/uploads\/2025\/12\/Klassenbuecher.jpg","width":2000,"height":1500,"caption":"Foto: Cam\u00e4l\u00e9on"},{"@type":"BreadcrumbList","@id":"https:\/\/www.camaeleon.org\/en\/2025\/12\/05\/baptiste-12-minutes-de-retard-car-il-a-ete-kidnappe-kuriose-klassenbucheintraege-am-dfg\/#breadcrumb","itemListElement":[{"@type":"ListItem","position":1,"name":"Home","item":"https:\/\/www.camaeleon.org\/en\/"},{"@type":"ListItem","position":2,"name":"\u00ab\u00a0Baptiste : 12 minutes de retard car il a \u00e9t\u00e9 kidnapp\u00e9\u2019\u00a0\u00bb &#8211; Inscriptions insolites dans les cahiers de texte du LFA"}]},{"@type":"WebSite","@id":"https:\/\/www.camaeleon.org\/en\/#website","url":"https:\/\/www.camaeleon.org\/en\/","name":"Cam\u00e4l\u00e9on","description":"The online student magazine by Deutsch-Franz\u00f6sisches Gymnasium Saarbr\u00fccken","publisher":{"@id":"https:\/\/www.camaeleon.org\/en\/#organization"},"potentialAction":[{"@type":"SearchAction","target":{"@type":"EntryPoint","urlTemplate":"https:\/\/www.camaeleon.org\/en\/?s={search_term_string}"},"query-input":{"@type":"PropertyValueSpecification","valueRequired":true,"valueName":"search_term_string"}}],"inLanguage":"en-US"},{"@type":"Organization","@id":"https:\/\/www.camaeleon.org\/en\/#organization","name":"Cam\u00e4l\u00e9on","url":"https:\/\/www.camaeleon.org\/en\/","logo":{"@type":"ImageObject","inLanguage":"en-US","@id":"https:\/\/www.camaeleon.org\/en\/#\/schema\/logo\/image\/","url":"https:\/\/www.camaeleon.org\/wp-content\/uploads\/2011\/11\/CAM\u00c4LEON.jpg","contentUrl":"https:\/\/www.camaeleon.org\/wp-content\/uploads\/2011\/11\/CAM\u00c4LEON.jpg","width":959,"height":959,"caption":"Cam\u00e4l\u00e9on"},"image":{"@id":"https:\/\/www.camaeleon.org\/en\/#\/schema\/logo\/image\/"},"sameAs":["https:\/\/www.facebook.com\/camaeleon.org\/","https:\/\/x.com\/camaeleonOrg","https:\/\/www.instagram.com\/camaeleon.dfg\/","https:\/\/www.youtube.com\/channel\/UCl3TAUDdGuu_c7CD6ax6hYg"]},{"@type":"Person","@id":"https:\/\/www.camaeleon.org\/de\/#\/schema\/person\/c0e4c10df183f86520b8c5cae19d3744","name":"Valentin Verstappen Tourtet","image":{"@type":"ImageObject","inLanguage":"en-US","@id":"https:\/\/www.camaeleon.org\/en\/wp-content\/uploads\/2025\/05\/valentin-150x150.jpg516ebdb4929b5d6bf406d4e777539a4d","url":"https:\/\/www.camaeleon.org\/wp-content\/uploads\/2025\/05\/valentin-150x150.jpg","contentUrl":"https:\/\/www.camaeleon.org\/wp-content\/uploads\/2025\/05\/valentin-150x150.jpg","caption":"Valentin Verstappen Tourtet"},"description":"Hi, my name is Valentin and, I'm 13 years old and I'm in 8S2. I've been a member of the Cam\u00e4l\u00e9on team since January 2025. I play the harp and I climb.","url":"https:\/\/www.camaeleon.org\/en\/author\/valentin-verstappen-tourtet\/"}]}},"_links":{"self":[{"href":"https:\/\/www.camaeleon.org\/en\/wp-json\/wp\/v2\/posts\/33154","targetHints":{"allow":["GET"]}}],"collection":[{"href":"https:\/\/www.camaeleon.org\/en\/wp-json\/wp\/v2\/posts"}],"about":[{"href":"https:\/\/www.camaeleon.org\/en\/wp-json\/wp\/v2\/types\/post"}],"author":[{"embeddable":true,"href":"https:\/\/www.camaeleon.org\/en\/wp-json\/wp\/v2\/users\/190"}],"replies":[{"embeddable":true,"href":"https:\/\/www.camaeleon.org\/en\/wp-json\/wp\/v2\/comments?post=33154"}],"version-history":[{"count":5,"href":"https:\/\/www.camaeleon.org\/en\/wp-json\/wp\/v2\/posts\/33154\/revisions"}],"predecessor-version":[{"id":33928,"href":"https:\/\/www.camaeleon.org\/en\/wp-json\/wp\/v2\/posts\/33154\/revisions\/33928"}],"wp:featuredmedia":[{"embeddable":true,"href":"https:\/\/www.camaeleon.org\/en\/wp-json\/wp\/v2\/media\/33248"}],"wp:attachment":[{"href":"https:\/\/www.camaeleon.org\/en\/wp-json\/wp\/v2\/media?parent=33154"}],"wp:term":[{"taxonomy":"category","embeddable":true,"href":"https:\/\/www.camaeleon.org\/en\/wp-json\/wp\/v2\/categories?post=33154"},{"taxonomy":"post_tag","embeddable":true,"href":"https:\/\/www.camaeleon.org\/en\/wp-json\/wp\/v2\/tags?post=33154"},{"taxonomy":"author","embeddable":true,"href":"https:\/\/www.camaeleon.org\/en\/wp-json\/wp\/v2\/coauthors?post=33154"}],"curies":[{"name":"wp","href":"https:\/\/api.w.org\/{rel}","templated":true}]}}