{"id":32871,"date":"2025-09-29T09:59:34","date_gmt":"2025-09-29T07:59:34","guid":{"rendered":"https:\/\/www.camaeleon.org\/?p=32871"},"modified":"2025-10-21T01:24:41","modified_gmt":"2025-10-20T23:24:41","slug":"le-mot-de-la-semaine-fmo","status":"publish","type":"post","link":"https:\/\/www.camaeleon.org\/en\/2025\/09\/29\/le-mot-de-la-semaine-fmo\/","title":{"rendered":"Le mot de la semaine : #FMO"},"content":{"rendered":"<figure id=\"attachment_32887\" aria-describedby=\"caption-attachment-32887\" style=\"width: 169px\" class=\"wp-caption alignleft\"><img loading=\"lazy\" decoding=\"async\" class=\"size-medium wp-image-32887\" src=\"https:\/\/www.camaeleon.org\/wp-content\/uploads\/2025\/09\/FMO-169x300.jpeg\" alt=\"\" width=\"169\" height=\"300\" srcset=\"https:\/\/www.camaeleon.org\/wp-content\/uploads\/2025\/09\/FMO-169x300.jpeg 169w, https:\/\/www.camaeleon.org\/wp-content\/uploads\/2025\/09\/FMO-338x600.jpeg 338w, https:\/\/www.camaeleon.org\/wp-content\/uploads\/2025\/09\/FMO-865x1536.jpeg 865w, https:\/\/www.camaeleon.org\/wp-content\/uploads\/2025\/09\/FMO.jpeg 1126w\" sizes=\"auto, (max-width: 169px) 100vw, 169px\" \/><figcaption id=\"caption-attachment-32887\" class=\"wp-caption-text\">FMO. Photo : LFA<\/figcaption><\/figure>\n<p style=\"font-weight: 400;\">Samedi 27 septembre : FMO\u00ad au LFA&#8230; Wie bitte was ?\u00ad\u00ad C&#8217;est le Forum des M\u00e9tiers et de l&#8217;Orientation, organis\u00e9 par M. Reppert (professeur de sciences humaines et personnel ressource en information et orientation au LFA) et dont le but est de montrer aux 1\u00e8res et T ce qu\u2019il est possible de faire apr\u00e8s le bac. Concr\u00e8tement, des personnes travaillant en France, en Allemagne ou au Luxembourg dans des universit\u00e9s ou des \u00e9coles sup\u00e9rieures sont venues pr\u00e9senter leur formation via des stands, des PowerPoint etc. De la police, des \u00e9coles d\u2019arts \u00e0 la physique, le panel des m\u00e9tiers \u00e0 d\u00e9couvrir \u00e9tait vaste.<\/p>\n","protected":false},"excerpt":{"rendered":"<p>Samedi 27 septembre : FMO\u00ad au LFA&#8230; Wie bitte was ?\u00ad\u00ad C&#8217;est le Forum des M\u00e9tiers et de l&#8217;Orientation, organis\u00e9 par M. Reppert (professeur de<\/p>\n","protected":false},"author":196,"featured_media":32887,"comment_status":"open","ping_status":"closed","sticky":false,"template":"","format":"standard","meta":{"colormag_page_container_layout":"default_layout","colormag_page_sidebar_layout":"default_layout","footnotes":""},"categories":[864],"tags":[587,2669,2668,2670,1374],"coauthors":[2667],"class_list":["post-32871","post","type-post","status-publish","format-standard","has-post-thumbnail","hentry","category-le-mot-de-la-semaine","tag-beruf","tag-bop-am-dfg","tag-fmo-au-lfa","tag-forum-des-metiers-et-de-lorientation","tag-metier"],"yoast_head":"<!-- This site is optimized with the Yoast SEO plugin v27.4 - https:\/\/yoast.com\/product\/yoast-seo-wordpress\/ -->\n<title>Le mot de la semaine : #FMO - Cam\u00e4l\u00e9on<\/title>\n<meta name=\"description\" content=\"27\/9\/25 : Forum des M\u00e9tiers et de l&#039;Orientation au LFA pour les \u00e9l\u00e8ves de 1\u00e8re et T. Vaste panel de m\u00e9tier en Allemagne, France et Luxembourg \u00e0 d\u00e9couvrir.\" \/>\n<meta name=\"robots\" content=\"index, follow, max-snippet:-1, max-image-preview:large, max-video-preview:-1\" \/>\n<link rel=\"canonical\" href=\"https:\/\/www.camaeleon.org\/en\/2025\/09\/29\/le-mot-de-la-semaine-fmo\/\" \/>\n<meta property=\"og:locale\" content=\"en_US\" \/>\n<meta property=\"og:type\" content=\"article\" \/>\n<meta property=\"og:title\" content=\"Le mot de la semaine : #FMO - Cam\u00e4l\u00e9on\" \/>\n<meta property=\"og:description\" content=\"27\/9\/25 : Forum des M\u00e9tiers et de l&#039;Orientation au LFA pour les \u00e9l\u00e8ves de 1\u00e8re et T. Vaste panel de m\u00e9tier en Allemagne, France et Luxembourg \u00e0 d\u00e9couvrir.\" \/>\n<meta property=\"og:url\" content=\"https:\/\/www.camaeleon.org\/en\/2025\/09\/29\/le-mot-de-la-semaine-fmo\/\" \/>\n<meta property=\"og:site_name\" content=\"Cam\u00e4l\u00e9on\" \/>\n<meta property=\"article:publisher\" content=\"https:\/\/www.facebook.com\/camaeleon.org\/\" \/>\n<meta property=\"article:published_time\" content=\"2025-09-29T07:59:34+00:00\" \/>\n<meta property=\"article:modified_time\" content=\"2025-10-20T23:24:41+00:00\" \/>\n<meta property=\"og:image\" content=\"https:\/\/www.camaeleon.org\/wp-content\/uploads\/2025\/09\/FMO.jpeg\" \/>\n\t<meta property=\"og:image:width\" content=\"1126\" \/>\n\t<meta property=\"og:image:height\" content=\"2000\" \/>\n\t<meta property=\"og:image:type\" content=\"image\/jpeg\" \/>\n<meta name=\"author\" content=\"Maryam Ied\" \/>\n<meta name=\"twitter:card\" content=\"summary_large_image\" \/>\n<meta name=\"twitter:creator\" content=\"@camaeleonOrg\" \/>\n<meta name=\"twitter:site\" content=\"@camaeleonOrg\" \/>\n<script type=\"application\/ld+json\" class=\"yoast-schema-graph\">{\"@context\":\"https:\\\/\\\/schema.org\",\"@graph\":[{\"@type\":\"Article\",\"@id\":\"https:\\\/\\\/www.camaeleon.org\\\/2025\\\/09\\\/29\\\/le-mot-de-la-semaine-fmo\\\/#article\",\"isPartOf\":{\"@id\":\"https:\\\/\\\/www.camaeleon.org\\\/2025\\\/09\\\/29\\\/le-mot-de-la-semaine-fmo\\\/\"},\"author\":{\"name\":\"Maryam Ied\",\"@id\":\"https:\\\/\\\/www.camaeleon.org\\\/de\\\/#\\\/schema\\\/person\\\/da7662543f622c3e3390d2184bee75a7\"},\"headline\":\"Le mot de la semaine : #FMO\",\"datePublished\":\"2025-09-29T07:59:34+00:00\",\"dateModified\":\"2025-10-20T23:24:41+00:00\",\"mainEntityOfPage\":{\"@id\":\"https:\\\/\\\/www.camaeleon.org\\\/2025\\\/09\\\/29\\\/le-mot-de-la-semaine-fmo\\\/\"},\"wordCount\":125,\"commentCount\":0,\"publisher\":{\"@id\":\"https:\\\/\\\/www.camaeleon.org\\\/de\\\/#organization\"},\"image\":{\"@id\":\"https:\\\/\\\/www.camaeleon.org\\\/2025\\\/09\\\/29\\\/le-mot-de-la-semaine-fmo\\\/#primaryimage\"},\"thumbnailUrl\":\"https:\\\/\\\/www.camaeleon.org\\\/wp-content\\\/uploads\\\/2025\\\/09\\\/FMO.jpeg\",\"keywords\":[\"Beruf\",\"BOP am DFG\",\"FMO au LFA\",\"Forum des m\u00e9tiers et de l'orientation\",\"m\u00e9tier\"],\"articleSection\":[\"Word of the Week\"],\"inLanguage\":\"en-US\",\"potentialAction\":[{\"@type\":\"CommentAction\",\"name\":\"Comment\",\"target\":[\"https:\\\/\\\/www.camaeleon.org\\\/2025\\\/09\\\/29\\\/le-mot-de-la-semaine-fmo\\\/#respond\"]}]},{\"@type\":\"WebPage\",\"@id\":\"https:\\\/\\\/www.camaeleon.org\\\/en\\\/2025\\\/09\\\/29\\\/le-mot-de-la-semaine-fmo\\\/\",\"url\":\"https:\\\/\\\/www.camaeleon.org\\\/en\\\/2025\\\/09\\\/29\\\/le-mot-de-la-semaine-fmo\\\/\",\"name\":\"Le mot de la semaine : #FMO - Cam\u00e4l\u00e9on\",\"isPartOf\":{\"@id\":\"https:\\\/\\\/www.camaeleon.org\\\/en\\\/#website\"},\"primaryImageOfPage\":{\"@id\":\"https:\\\/\\\/www.camaeleon.org\\\/en\\\/2025\\\/09\\\/29\\\/le-mot-de-la-semaine-fmo\\\/#primaryimage\"},\"image\":{\"@id\":\"https:\\\/\\\/www.camaeleon.org\\\/2025\\\/09\\\/29\\\/le-mot-de-la-semaine-fmo\\\/#primaryimage\"},\"thumbnailUrl\":\"https:\\\/\\\/www.camaeleon.org\\\/wp-content\\\/uploads\\\/2025\\\/09\\\/FMO.jpeg\",\"datePublished\":\"2025-09-29T07:59:34+00:00\",\"dateModified\":\"2025-10-20T23:24:41+00:00\",\"description\":\"27\\\/9\\\/25 : Forum des M\u00e9tiers et de l'Orientation au LFA pour les \u00e9l\u00e8ves de 1\u00e8re et T. Vaste panel de m\u00e9tier en Allemagne, France et Luxembourg \u00e0 d\u00e9couvrir.\",\"breadcrumb\":{\"@id\":\"https:\\\/\\\/www.camaeleon.org\\\/en\\\/2025\\\/09\\\/29\\\/le-mot-de-la-semaine-fmo\\\/#breadcrumb\"},\"inLanguage\":\"en-US\",\"potentialAction\":[{\"@type\":\"ReadAction\",\"target\":[[\"https:\\\/\\\/www.camaeleon.org\\\/en\\\/2025\\\/09\\\/29\\\/le-mot-de-la-semaine-fmo\\\/\"]]}]},{\"@type\":\"ImageObject\",\"inLanguage\":\"en-US\",\"@id\":\"https:\\\/\\\/www.camaeleon.org\\\/en\\\/2025\\\/09\\\/29\\\/le-mot-de-la-semaine-fmo\\\/#primaryimage\",\"url\":\"https:\\\/\\\/www.camaeleon.org\\\/wp-content\\\/uploads\\\/2025\\\/09\\\/FMO.jpeg\",\"contentUrl\":\"https:\\\/\\\/www.camaeleon.org\\\/wp-content\\\/uploads\\\/2025\\\/09\\\/FMO.jpeg\",\"width\":1126,\"height\":2000,\"caption\":\"FMO. Photo : LFA\"},{\"@type\":\"BreadcrumbList\",\"@id\":\"https:\\\/\\\/www.camaeleon.org\\\/en\\\/2025\\\/09\\\/29\\\/le-mot-de-la-semaine-fmo\\\/#breadcrumb\",\"itemListElement\":[{\"@type\":\"ListItem\",\"position\":1,\"name\":\"Home\",\"item\":\"https:\\\/\\\/www.camaeleon.org\\\/en\\\/\"},{\"@type\":\"ListItem\",\"position\":2,\"name\":\"Le mot de la semaine : #FMO\"}]},{\"@type\":\"WebSite\",\"@id\":\"https:\\\/\\\/www.camaeleon.org\\\/en\\\/#website\",\"url\":\"https:\\\/\\\/www.camaeleon.org\\\/en\\\/\",\"name\":\"Cam\u00e4l\u00e9on\",\"description\":\"The online student magazine by Deutsch-Franz\u00f6sisches Gymnasium Saarbr\u00fccken\",\"publisher\":{\"@id\":\"https:\\\/\\\/www.camaeleon.org\\\/en\\\/#organization\"},\"potentialAction\":[{\"@type\":\"SearchAction\",\"target\":{\"@type\":\"EntryPoint\",\"urlTemplate\":\"https:\\\/\\\/www.camaeleon.org\\\/en\\\/?s={search_term_string}\"},\"query-input\":{\"@type\":\"PropertyValueSpecification\",\"valueRequired\":true,\"valueName\":\"search_term_string\"}}],\"inLanguage\":\"en-US\"},{\"@type\":\"Organization\",\"@id\":\"https:\\\/\\\/www.camaeleon.org\\\/en\\\/#organization\",\"name\":\"Cam\u00e4l\u00e9on\",\"url\":\"https:\\\/\\\/www.camaeleon.org\\\/en\\\/\",\"logo\":{\"@type\":\"ImageObject\",\"inLanguage\":\"en-US\",\"@id\":\"https:\\\/\\\/www.camaeleon.org\\\/en\\\/#\\\/schema\\\/logo\\\/image\\\/\",\"url\":\"https:\\\/\\\/www.camaeleon.org\\\/wp-content\\\/uploads\\\/2011\\\/11\\\/CAM\u00c4LEON.jpg\",\"contentUrl\":\"https:\\\/\\\/www.camaeleon.org\\\/wp-content\\\/uploads\\\/2011\\\/11\\\/CAM\u00c4LEON.jpg\",\"width\":959,\"height\":959,\"caption\":\"Cam\u00e4l\u00e9on\"},\"image\":{\"@id\":\"https:\\\/\\\/www.camaeleon.org\\\/en\\\/#\\\/schema\\\/logo\\\/image\\\/\"},\"sameAs\":[\"https:\\\/\\\/www.facebook.com\\\/camaeleon.org\\\/\",\"https:\\\/\\\/x.com\\\/camaeleonOrg\",\"https:\\\/\\\/www.instagram.com\\\/camaeleon.dfg\\\/\",\"https:\\\/\\\/www.youtube.com\\\/channel\\\/UCl3TAUDdGuu_c7CD6ax6hYg\"]},{\"@type\":\"Person\",\"@id\":\"https:\\\/\\\/www.camaeleon.org\\\/de\\\/#\\\/schema\\\/person\\\/da7662543f622c3e3390d2184bee75a7\",\"name\":\"Maryam Ied\",\"image\":{\"@type\":\"ImageObject\",\"inLanguage\":\"en-US\",\"@id\":\"https:\\\/\\\/www.camaeleon.org\\\/en\\\/wp-content\\\/uploads\\\/2025\\\/11\\\/Messenger_creation_0EC28E42-5B92-4D68-B666-51B4C1D0127C-150x150.jpeg7d4adb952dbba8e1096419f55bb5a024\",\"url\":\"https:\\\/\\\/www.camaeleon.org\\\/wp-content\\\/uploads\\\/2025\\\/11\\\/Messenger_creation_0EC28E42-5B92-4D68-B666-51B4C1D0127C-150x150.jpeg\",\"contentUrl\":\"https:\\\/\\\/www.camaeleon.org\\\/wp-content\\\/uploads\\\/2025\\\/11\\\/Messenger_creation_0EC28E42-5B92-4D68-B666-51B4C1D0127C-150x150.jpeg\",\"caption\":\"Maryam Ied\"},\"description\":\"My name is Maryam Ied, I am 14 years old, and I have been attending the French-German high school since 6th grade. I am in class 9S2. I enjoy reading adventure novels in French and German. I also like creating comics and stories. What I like most of all is sports.\",\"url\":\"https:\\\/\\\/www.camaeleon.org\\\/en\\\/author\\\/maryam-ied\\\/\"}]}<\/script>\n<!-- \/ Yoast SEO plugin. -->","yoast_head_json":{"title":"Le mot de la semaine : #FMO - Cam\u00e4l\u00e9on","description":"27\/9\/25 : Forum des M\u00e9tiers et de l'Orientation au LFA pour les \u00e9l\u00e8ves de 1\u00e8re et T. Vaste panel de m\u00e9tier en Allemagne, France et Luxembourg \u00e0 d\u00e9couvrir.","robots":{"index":"index","follow":"follow","max-snippet":"max-snippet:-1","max-image-preview":"max-image-preview:large","max-video-preview":"max-video-preview:-1"},"canonical":"https:\/\/www.camaeleon.org\/en\/2025\/09\/29\/le-mot-de-la-semaine-fmo\/","og_locale":"en_US","og_type":"article","og_title":"Le mot de la semaine : #FMO - Cam\u00e4l\u00e9on","og_description":"27\/9\/25 : Forum des M\u00e9tiers et de l'Orientation au LFA pour les \u00e9l\u00e8ves de 1\u00e8re et T. Vaste panel de m\u00e9tier en Allemagne, France et Luxembourg \u00e0 d\u00e9couvrir.","og_url":"https:\/\/www.camaeleon.org\/en\/2025\/09\/29\/le-mot-de-la-semaine-fmo\/","og_site_name":"Cam\u00e4l\u00e9on","article_publisher":"https:\/\/www.facebook.com\/camaeleon.org\/","article_published_time":"2025-09-29T07:59:34+00:00","article_modified_time":"2025-10-20T23:24:41+00:00","og_image":[{"width":1126,"height":2000,"url":"https:\/\/www.camaeleon.org\/wp-content\/uploads\/2025\/09\/FMO.jpeg","type":"image\/jpeg"}],"author":"Maryam Ied","twitter_card":"summary_large_image","twitter_creator":"@camaeleonOrg","twitter_site":"@camaeleonOrg","schema":{"@context":"https:\/\/schema.org","@graph":[{"@type":"Article","@id":"https:\/\/www.camaeleon.org\/2025\/09\/29\/le-mot-de-la-semaine-fmo\/#article","isPartOf":{"@id":"https:\/\/www.camaeleon.org\/2025\/09\/29\/le-mot-de-la-semaine-fmo\/"},"author":{"name":"Maryam Ied","@id":"https:\/\/www.camaeleon.org\/de\/#\/schema\/person\/da7662543f622c3e3390d2184bee75a7"},"headline":"Le mot de la semaine : #FMO","datePublished":"2025-09-29T07:59:34+00:00","dateModified":"2025-10-20T23:24:41+00:00","mainEntityOfPage":{"@id":"https:\/\/www.camaeleon.org\/2025\/09\/29\/le-mot-de-la-semaine-fmo\/"},"wordCount":125,"commentCount":0,"publisher":{"@id":"https:\/\/www.camaeleon.org\/de\/#organization"},"image":{"@id":"https:\/\/www.camaeleon.org\/2025\/09\/29\/le-mot-de-la-semaine-fmo\/#primaryimage"},"thumbnailUrl":"https:\/\/www.camaeleon.org\/wp-content\/uploads\/2025\/09\/FMO.jpeg","keywords":["Beruf","BOP am DFG","FMO au LFA","Forum des m\u00e9tiers et de l'orientation","m\u00e9tier"],"articleSection":["Word of the Week"],"inLanguage":"en-US","potentialAction":[{"@type":"CommentAction","name":"Comment","target":["https:\/\/www.camaeleon.org\/2025\/09\/29\/le-mot-de-la-semaine-fmo\/#respond"]}]},{"@type":"WebPage","@id":"https:\/\/www.camaeleon.org\/en\/2025\/09\/29\/le-mot-de-la-semaine-fmo\/","url":"https:\/\/www.camaeleon.org\/en\/2025\/09\/29\/le-mot-de-la-semaine-fmo\/","name":"Le mot de la semaine : #FMO - Cam\u00e4l\u00e9on","isPartOf":{"@id":"https:\/\/www.camaeleon.org\/en\/#website"},"primaryImageOfPage":{"@id":"https:\/\/www.camaeleon.org\/en\/2025\/09\/29\/le-mot-de-la-semaine-fmo\/#primaryimage"},"image":{"@id":"https:\/\/www.camaeleon.org\/2025\/09\/29\/le-mot-de-la-semaine-fmo\/#primaryimage"},"thumbnailUrl":"https:\/\/www.camaeleon.org\/wp-content\/uploads\/2025\/09\/FMO.jpeg","datePublished":"2025-09-29T07:59:34+00:00","dateModified":"2025-10-20T23:24:41+00:00","description":"27\/9\/25 : Forum des M\u00e9tiers et de l'Orientation au LFA pour les \u00e9l\u00e8ves de 1\u00e8re et T. Vaste panel de m\u00e9tier en Allemagne, France et Luxembourg \u00e0 d\u00e9couvrir.","breadcrumb":{"@id":"https:\/\/www.camaeleon.org\/en\/2025\/09\/29\/le-mot-de-la-semaine-fmo\/#breadcrumb"},"inLanguage":"en-US","potentialAction":[{"@type":"ReadAction","target":[["https:\/\/www.camaeleon.org\/en\/2025\/09\/29\/le-mot-de-la-semaine-fmo\/"]]}]},{"@type":"ImageObject","inLanguage":"en-US","@id":"https:\/\/www.camaeleon.org\/en\/2025\/09\/29\/le-mot-de-la-semaine-fmo\/#primaryimage","url":"https:\/\/www.camaeleon.org\/wp-content\/uploads\/2025\/09\/FMO.jpeg","contentUrl":"https:\/\/www.camaeleon.org\/wp-content\/uploads\/2025\/09\/FMO.jpeg","width":1126,"height":2000,"caption":"FMO. Photo : LFA"},{"@type":"BreadcrumbList","@id":"https:\/\/www.camaeleon.org\/en\/2025\/09\/29\/le-mot-de-la-semaine-fmo\/#breadcrumb","itemListElement":[{"@type":"ListItem","position":1,"name":"Home","item":"https:\/\/www.camaeleon.org\/en\/"},{"@type":"ListItem","position":2,"name":"Le mot de la semaine : #FMO"}]},{"@type":"WebSite","@id":"https:\/\/www.camaeleon.org\/en\/#website","url":"https:\/\/www.camaeleon.org\/en\/","name":"Cam\u00e4l\u00e9on","description":"The online student magazine by Deutsch-Franz\u00f6sisches Gymnasium Saarbr\u00fccken","publisher":{"@id":"https:\/\/www.camaeleon.org\/en\/#organization"},"potentialAction":[{"@type":"SearchAction","target":{"@type":"EntryPoint","urlTemplate":"https:\/\/www.camaeleon.org\/en\/?s={search_term_string}"},"query-input":{"@type":"PropertyValueSpecification","valueRequired":true,"valueName":"search_term_string"}}],"inLanguage":"en-US"},{"@type":"Organization","@id":"https:\/\/www.camaeleon.org\/en\/#organization","name":"Cam\u00e4l\u00e9on","url":"https:\/\/www.camaeleon.org\/en\/","logo":{"@type":"ImageObject","inLanguage":"en-US","@id":"https:\/\/www.camaeleon.org\/en\/#\/schema\/logo\/image\/","url":"https:\/\/www.camaeleon.org\/wp-content\/uploads\/2011\/11\/CAM\u00c4LEON.jpg","contentUrl":"https:\/\/www.camaeleon.org\/wp-content\/uploads\/2011\/11\/CAM\u00c4LEON.jpg","width":959,"height":959,"caption":"Cam\u00e4l\u00e9on"},"image":{"@id":"https:\/\/www.camaeleon.org\/en\/#\/schema\/logo\/image\/"},"sameAs":["https:\/\/www.facebook.com\/camaeleon.org\/","https:\/\/x.com\/camaeleonOrg","https:\/\/www.instagram.com\/camaeleon.dfg\/","https:\/\/www.youtube.com\/channel\/UCl3TAUDdGuu_c7CD6ax6hYg"]},{"@type":"Person","@id":"https:\/\/www.camaeleon.org\/de\/#\/schema\/person\/da7662543f622c3e3390d2184bee75a7","name":"Maryam Ied","image":{"@type":"ImageObject","inLanguage":"en-US","@id":"https:\/\/www.camaeleon.org\/en\/wp-content\/uploads\/2025\/11\/Messenger_creation_0EC28E42-5B92-4D68-B666-51B4C1D0127C-150x150.jpeg7d4adb952dbba8e1096419f55bb5a024","url":"https:\/\/www.camaeleon.org\/wp-content\/uploads\/2025\/11\/Messenger_creation_0EC28E42-5B92-4D68-B666-51B4C1D0127C-150x150.jpeg","contentUrl":"https:\/\/www.camaeleon.org\/wp-content\/uploads\/2025\/11\/Messenger_creation_0EC28E42-5B92-4D68-B666-51B4C1D0127C-150x150.jpeg","caption":"Maryam Ied"},"description":"My name is Maryam Ied, I am 14 years old, and I have been attending the French-German high school since 6th grade. I am in class 9S2. I enjoy reading adventure novels in French and German. I also like creating comics and stories. What I like most of all is sports.","url":"https:\/\/www.camaeleon.org\/en\/author\/maryam-ied\/"}]}},"_links":{"self":[{"href":"https:\/\/www.camaeleon.org\/en\/wp-json\/wp\/v2\/posts\/32871","targetHints":{"allow":["GET"]}}],"collection":[{"href":"https:\/\/www.camaeleon.org\/en\/wp-json\/wp\/v2\/posts"}],"about":[{"href":"https:\/\/www.camaeleon.org\/en\/wp-json\/wp\/v2\/types\/post"}],"author":[{"embeddable":true,"href":"https:\/\/www.camaeleon.org\/en\/wp-json\/wp\/v2\/users\/196"}],"replies":[{"embeddable":true,"href":"https:\/\/www.camaeleon.org\/en\/wp-json\/wp\/v2\/comments?post=32871"}],"version-history":[{"count":1,"href":"https:\/\/www.camaeleon.org\/en\/wp-json\/wp\/v2\/posts\/32871\/revisions"}],"predecessor-version":[{"id":32888,"href":"https:\/\/www.camaeleon.org\/en\/wp-json\/wp\/v2\/posts\/32871\/revisions\/32888"}],"wp:featuredmedia":[{"embeddable":true,"href":"https:\/\/www.camaeleon.org\/en\/wp-json\/wp\/v2\/media\/32887"}],"wp:attachment":[{"href":"https:\/\/www.camaeleon.org\/en\/wp-json\/wp\/v2\/media?parent=32871"}],"wp:term":[{"taxonomy":"category","embeddable":true,"href":"https:\/\/www.camaeleon.org\/en\/wp-json\/wp\/v2\/categories?post=32871"},{"taxonomy":"post_tag","embeddable":true,"href":"https:\/\/www.camaeleon.org\/en\/wp-json\/wp\/v2\/tags?post=32871"},{"taxonomy":"author","embeddable":true,"href":"https:\/\/www.camaeleon.org\/en\/wp-json\/wp\/v2\/coauthors?post=32871"}],"curies":[{"name":"wp","href":"https:\/\/api.w.org\/{rel}","templated":true}]}}