{"id":32652,"date":"2025-06-28T16:29:41","date_gmt":"2025-06-28T14:29:41","guid":{"rendered":"https:\/\/www.camaeleon.org\/?p=32652"},"modified":"2025-06-29T12:32:20","modified_gmt":"2025-06-29T10:32:20","slug":"le-lfa-de-sarrebruck-une-ecole-exceptionnelle","status":"publish","type":"post","link":"https:\/\/www.camaeleon.org\/en\/2025\/06\/28\/le-lfa-de-sarrebruck-une-ecole-exceptionnelle\/","title":{"rendered":"&#8220;Le LFA de Sarrebruck : une \u00e9cole exceptionnelle&#8221; &#8211; Interview de Jer\u00f4me Spinoza, Consul g\u00e9n\u00e9ral de France en Sarre"},"content":{"rendered":"<figure id=\"attachment_32675\" aria-describedby=\"caption-attachment-32675\" style=\"width: 300px\" class=\"wp-caption alignleft\"><img loading=\"lazy\" decoding=\"async\" class=\"wp-image-32675 size-medium\" src=\"https:\/\/www.camaeleon.org\/wp-content\/uploads\/2025\/06\/IMG_0211-2-scaled-e1751120538935-300x188.jpg\" alt=\"\" width=\"300\" height=\"188\" srcset=\"https:\/\/www.camaeleon.org\/wp-content\/uploads\/2025\/06\/IMG_0211-2-scaled-e1751120538935-300x188.jpg 300w, https:\/\/www.camaeleon.org\/wp-content\/uploads\/2025\/06\/IMG_0211-2-scaled-e1751120538935-880x551.jpg 880w, https:\/\/www.camaeleon.org\/wp-content\/uploads\/2025\/06\/IMG_0211-2-scaled-e1751120538935-1536x962.jpg 1536w, https:\/\/www.camaeleon.org\/wp-content\/uploads\/2025\/06\/IMG_0211-2-scaled-e1751120538935-2048x1283.jpg 2048w\" sizes=\"auto, (max-width: 300px) 100vw, 300px\" \/><figcaption id=\"caption-attachment-32675\" class=\"wp-caption-text\">M. Spinoza, Consul g\u00e9n\u00e9ral de France \u00e0 Sarrebruck<\/figcaption><\/figure>\n<p>Depuis mars 2025, la Sarre a un nouveau consul g\u00e9n\u00e9ral de France : M. Spinoza.\u00a0Monsieur le Consul g\u00e9n\u00e9ral de France s&#8217;est d\u00e9j\u00e0 rendu \u00e0 plusieurs reprises dans notre \u00e9tablissement. Cam\u00e4l\u00e9on a eu l&#8217;honneur de l&#8217;interviewer vendredi 13 juin.<\/p>\n<p>&nbsp;<\/p>\n<audio class=\"wp-audio-shortcode\" id=\"audio-32652-1\" preload=\"none\" style=\"width: 100%;\" controls=\"controls\"><source type=\"audio\/mpeg\" src=\"https:\/\/www.camaeleon.org\/wp-content\/uploads\/2025\/06\/Interview-M.-Spinoza-Consul-general-de-France-a-Sarrebruck.mp3?_=1\" \/><a href=\"https:\/\/www.camaeleon.org\/wp-content\/uploads\/2025\/06\/Interview-M.-Spinoza-Consul-general-de-France-a-Sarrebruck.mp3\">https:\/\/www.camaeleon.org\/wp-content\/uploads\/2025\/06\/Interview-M.-Spinoza-Consul-general-de-France-a-Sarrebruck.mp3<\/a><\/audio>\n","protected":false},"excerpt":{"rendered":"<p>Depuis mars 2025, la Sarre a un nouveau consul g\u00e9n\u00e9ral de France : M. Spinoza.\u00a0Monsieur le Consul g\u00e9n\u00e9ral de France s&#8217;est d\u00e9j\u00e0 rendu \u00e0 plusieurs<\/p>\n","protected":false},"author":177,"featured_media":32675,"comment_status":"open","ping_status":"closed","sticky":false,"template":"","format":"standard","meta":{"colormag_page_container_layout":"default_layout","colormag_page_sidebar_layout":"default_layout","footnotes":""},"categories":[8,662],"tags":[1582,2659,2658],"coauthors":[2257],"class_list":["post-32652","post","type-post","status-publish","format-standard","has-post-thumbnail","hentry","category-culture","category-sarrebruck","tag-consul-general-de-france","tag-consul-general-de-france-en-sarre","tag-jerome-spinoza"],"yoast_head":"<!-- This site is optimized with the Yoast SEO plugin v27.4 - https:\/\/yoast.com\/product\/yoast-seo-wordpress\/ -->\n<title>&quot;Le LFA de Sarrebruck : une \u00e9cole exceptionnelle&quot; - Interview de Jer\u00f4me Spinoza, Consul g\u00e9n\u00e9ral de France en Sarre - Cam\u00e4l\u00e9on<\/title>\n<meta name=\"description\" content=\"Interview de M. Spinona, nouveau consul g\u00e9n\u00e9ral de France en Sarre\" \/>\n<meta name=\"robots\" content=\"index, follow, max-snippet:-1, max-image-preview:large, max-video-preview:-1\" \/>\n<link rel=\"canonical\" href=\"https:\/\/www.camaeleon.org\/en\/2025\/06\/28\/le-lfa-de-sarrebruck-une-ecole-exceptionnelle\/\" \/>\n<meta property=\"og:locale\" content=\"en_US\" \/>\n<meta property=\"og:type\" content=\"article\" \/>\n<meta property=\"og:title\" content=\"&quot;Le LFA de Sarrebruck : une \u00e9cole exceptionnelle&quot; - Interview de Jer\u00f4me Spinoza, Consul g\u00e9n\u00e9ral de France en Sarre - Cam\u00e4l\u00e9on\" \/>\n<meta property=\"og:description\" content=\"Interview de M. Spinona, nouveau consul g\u00e9n\u00e9ral de France en Sarre\" \/>\n<meta property=\"og:url\" content=\"https:\/\/www.camaeleon.org\/en\/2025\/06\/28\/le-lfa-de-sarrebruck-une-ecole-exceptionnelle\/\" \/>\n<meta property=\"og:site_name\" content=\"Cam\u00e4l\u00e9on\" \/>\n<meta property=\"article:publisher\" content=\"https:\/\/www.facebook.com\/camaeleon.org\/\" \/>\n<meta property=\"article:published_time\" content=\"2025-06-28T14:29:41+00:00\" \/>\n<meta property=\"article:modified_time\" content=\"2025-06-29T10:32:20+00:00\" \/>\n<meta property=\"og:image\" content=\"https:\/\/www.camaeleon.org\/wp-content\/uploads\/2021\/12\/camaeleon-app-startbild-Kopie-scaled.jpg\" \/>\n\t<meta property=\"og:image:width\" content=\"1707\" \/>\n\t<meta property=\"og:image:height\" content=\"2560\" \/>\n\t<meta property=\"og:image:type\" content=\"image\/jpeg\" \/>\n<meta name=\"author\" content=\"Noah Deguilhem-Siebenborn\" \/>\n<meta name=\"twitter:card\" content=\"summary_large_image\" \/>\n<meta name=\"twitter:creator\" content=\"@camaeleonOrg\" \/>\n<meta name=\"twitter:site\" content=\"@camaeleonOrg\" \/>\n<script type=\"application\/ld+json\" class=\"yoast-schema-graph\">{\"@context\":\"https:\\\/\\\/schema.org\",\"@graph\":[{\"@type\":\"Article\",\"@id\":\"https:\\\/\\\/www.camaeleon.org\\\/2025\\\/06\\\/28\\\/le-lfa-de-sarrebruck-une-ecole-exceptionnelle\\\/#article\",\"isPartOf\":{\"@id\":\"https:\\\/\\\/www.camaeleon.org\\\/2025\\\/06\\\/28\\\/le-lfa-de-sarrebruck-une-ecole-exceptionnelle\\\/\"},\"author\":{\"name\":\"Noah Deguilhem-Siebenborn\",\"@id\":\"https:\\\/\\\/www.camaeleon.org\\\/de\\\/#\\\/schema\\\/person\\\/e9aac5847be7c1ae8e97fbc2fbdfd11d\"},\"headline\":\"&#8220;Le LFA de Sarrebruck : une \u00e9cole exceptionnelle&#8221; &#8211; Interview de Jer\u00f4me Spinoza, Consul g\u00e9n\u00e9ral de France en Sarre\",\"datePublished\":\"2025-06-28T14:29:41+00:00\",\"dateModified\":\"2025-06-29T10:32:20+00:00\",\"mainEntityOfPage\":{\"@id\":\"https:\\\/\\\/www.camaeleon.org\\\/2025\\\/06\\\/28\\\/le-lfa-de-sarrebruck-une-ecole-exceptionnelle\\\/\"},\"wordCount\":95,\"commentCount\":0,\"publisher\":{\"@id\":\"https:\\\/\\\/www.camaeleon.org\\\/de\\\/#organization\"},\"image\":{\"@id\":\"https:\\\/\\\/www.camaeleon.org\\\/2025\\\/06\\\/28\\\/le-lfa-de-sarrebruck-une-ecole-exceptionnelle\\\/#primaryimage\"},\"thumbnailUrl\":\"https:\\\/\\\/www.camaeleon.org\\\/wp-content\\\/uploads\\\/2025\\\/06\\\/IMG_0211-2-scaled-e1751120538935.jpg\",\"keywords\":[\"Consul g\u00e9n\u00e9ral de France\",\"Consul g\u00e9n\u00e9ral de France en Sarre\",\"Jer\u00f4me Spinoza\"],\"articleSection\":[\"Culture\",\"Saarbr\u00fccken\"],\"inLanguage\":\"en-US\",\"potentialAction\":[{\"@type\":\"CommentAction\",\"name\":\"Comment\",\"target\":[\"https:\\\/\\\/www.camaeleon.org\\\/2025\\\/06\\\/28\\\/le-lfa-de-sarrebruck-une-ecole-exceptionnelle\\\/#respond\"]}]},{\"@type\":\"WebPage\",\"@id\":\"https:\\\/\\\/www.camaeleon.org\\\/en\\\/2025\\\/06\\\/28\\\/le-lfa-de-sarrebruck-une-ecole-exceptionnelle\\\/\",\"url\":\"https:\\\/\\\/www.camaeleon.org\\\/en\\\/2025\\\/06\\\/28\\\/le-lfa-de-sarrebruck-une-ecole-exceptionnelle\\\/\",\"name\":\"\\\"Le LFA de Sarrebruck : une \u00e9cole exceptionnelle\\\" - Interview de Jer\u00f4me Spinoza, Consul g\u00e9n\u00e9ral de France en Sarre - Cam\u00e4l\u00e9on\",\"isPartOf\":{\"@id\":\"https:\\\/\\\/www.camaeleon.org\\\/en\\\/#website\"},\"primaryImageOfPage\":{\"@id\":\"https:\\\/\\\/www.camaeleon.org\\\/en\\\/2025\\\/06\\\/28\\\/le-lfa-de-sarrebruck-une-ecole-exceptionnelle\\\/#primaryimage\"},\"image\":{\"@id\":\"https:\\\/\\\/www.camaeleon.org\\\/2025\\\/06\\\/28\\\/le-lfa-de-sarrebruck-une-ecole-exceptionnelle\\\/#primaryimage\"},\"thumbnailUrl\":\"https:\\\/\\\/www.camaeleon.org\\\/wp-content\\\/uploads\\\/2025\\\/06\\\/IMG_0211-2-scaled-e1751120538935.jpg\",\"datePublished\":\"2025-06-28T14:29:41+00:00\",\"dateModified\":\"2025-06-29T10:32:20+00:00\",\"description\":\"Interview de M. Spinona, nouveau consul g\u00e9n\u00e9ral de France en Sarre\",\"breadcrumb\":{\"@id\":\"https:\\\/\\\/www.camaeleon.org\\\/en\\\/2025\\\/06\\\/28\\\/le-lfa-de-sarrebruck-une-ecole-exceptionnelle\\\/#breadcrumb\"},\"inLanguage\":\"en-US\",\"potentialAction\":[{\"@type\":\"ReadAction\",\"target\":[[\"https:\\\/\\\/www.camaeleon.org\\\/en\\\/2025\\\/06\\\/28\\\/le-lfa-de-sarrebruck-une-ecole-exceptionnelle\\\/\"]]}]},{\"@type\":\"ImageObject\",\"inLanguage\":\"en-US\",\"@id\":\"https:\\\/\\\/www.camaeleon.org\\\/en\\\/2025\\\/06\\\/28\\\/le-lfa-de-sarrebruck-une-ecole-exceptionnelle\\\/#primaryimage\",\"url\":\"https:\\\/\\\/www.camaeleon.org\\\/wp-content\\\/uploads\\\/2025\\\/06\\\/IMG_0211-2-scaled-e1751120538935.jpg\",\"contentUrl\":\"https:\\\/\\\/www.camaeleon.org\\\/wp-content\\\/uploads\\\/2025\\\/06\\\/IMG_0211-2-scaled-e1751120538935.jpg\",\"width\":2560,\"height\":1604,\"caption\":\"M. Spinoza, Consul g\u00e9n\u00e9ral de France \u00e0 Sarrebruck\"},{\"@type\":\"BreadcrumbList\",\"@id\":\"https:\\\/\\\/www.camaeleon.org\\\/en\\\/2025\\\/06\\\/28\\\/le-lfa-de-sarrebruck-une-ecole-exceptionnelle\\\/#breadcrumb\",\"itemListElement\":[{\"@type\":\"ListItem\",\"position\":1,\"name\":\"Home\",\"item\":\"https:\\\/\\\/www.camaeleon.org\\\/en\\\/\"},{\"@type\":\"ListItem\",\"position\":2,\"name\":\"&#8222;Le LFA de Sarrebruck : une \u00e9cole exceptionnelle&#8220; &#8211; Interview de Jer\u00f4me Spinoza, Consul g\u00e9n\u00e9ral de France en Sarre\"}]},{\"@type\":\"WebSite\",\"@id\":\"https:\\\/\\\/www.camaeleon.org\\\/en\\\/#website\",\"url\":\"https:\\\/\\\/www.camaeleon.org\\\/en\\\/\",\"name\":\"Cam\u00e4l\u00e9on\",\"description\":\"The online student magazine by Deutsch-Franz\u00f6sisches Gymnasium Saarbr\u00fccken\",\"publisher\":{\"@id\":\"https:\\\/\\\/www.camaeleon.org\\\/en\\\/#organization\"},\"potentialAction\":[{\"@type\":\"SearchAction\",\"target\":{\"@type\":\"EntryPoint\",\"urlTemplate\":\"https:\\\/\\\/www.camaeleon.org\\\/en\\\/?s={search_term_string}\"},\"query-input\":{\"@type\":\"PropertyValueSpecification\",\"valueRequired\":true,\"valueName\":\"search_term_string\"}}],\"inLanguage\":\"en-US\"},{\"@type\":\"Organization\",\"@id\":\"https:\\\/\\\/www.camaeleon.org\\\/en\\\/#organization\",\"name\":\"Cam\u00e4l\u00e9on\",\"url\":\"https:\\\/\\\/www.camaeleon.org\\\/en\\\/\",\"logo\":{\"@type\":\"ImageObject\",\"inLanguage\":\"en-US\",\"@id\":\"https:\\\/\\\/www.camaeleon.org\\\/en\\\/#\\\/schema\\\/logo\\\/image\\\/\",\"url\":\"https:\\\/\\\/www.camaeleon.org\\\/wp-content\\\/uploads\\\/2011\\\/11\\\/CAM\u00c4LEON.jpg\",\"contentUrl\":\"https:\\\/\\\/www.camaeleon.org\\\/wp-content\\\/uploads\\\/2011\\\/11\\\/CAM\u00c4LEON.jpg\",\"width\":959,\"height\":959,\"caption\":\"Cam\u00e4l\u00e9on\"},\"image\":{\"@id\":\"https:\\\/\\\/www.camaeleon.org\\\/en\\\/#\\\/schema\\\/logo\\\/image\\\/\"},\"sameAs\":[\"https:\\\/\\\/www.facebook.com\\\/camaeleon.org\\\/\",\"https:\\\/\\\/x.com\\\/camaeleonOrg\",\"https:\\\/\\\/www.instagram.com\\\/camaeleon.dfg\\\/\",\"https:\\\/\\\/www.youtube.com\\\/channel\\\/UCl3TAUDdGuu_c7CD6ax6hYg\"]},{\"@type\":\"Person\",\"@id\":\"https:\\\/\\\/www.camaeleon.org\\\/de\\\/#\\\/schema\\\/person\\\/e9aac5847be7c1ae8e97fbc2fbdfd11d\",\"name\":\"Noah Deguilhem-Siebenborn\",\"image\":{\"@type\":\"ImageObject\",\"inLanguage\":\"en-US\",\"@id\":\"https:\\\/\\\/www.camaeleon.org\\\/en\\\/wp-content\\\/uploads\\\/2023\\\/10\\\/noah-150x150.jpeg01e8de72907416dc5036380f8bd03dae\",\"url\":\"https:\\\/\\\/www.camaeleon.org\\\/wp-content\\\/uploads\\\/2023\\\/10\\\/noah-150x150.jpeg\",\"contentUrl\":\"https:\\\/\\\/www.camaeleon.org\\\/wp-content\\\/uploads\\\/2023\\\/10\\\/noah-150x150.jpeg\",\"caption\":\"Noah Deguilhem-Siebenborn\"},\"description\":\"Salut! Je m'appelle Noah. J'ai 13 ans. Je suis \u00e0 Cam\u00e4l\u00e9on depuis 2023. J'aime jouer du piano, lire des BD et des romans, faire du th\u00e9\u00e2tre, dessiner, bricoler et je fais de l'escrime.\",\"url\":\"https:\\\/\\\/www.camaeleon.org\\\/en\\\/author\\\/noah-deguilhem-siebenborn\\\/\"}]}<\/script>\n<!-- \/ Yoast SEO plugin. -->","yoast_head_json":{"title":"\"Le LFA de Sarrebruck : une \u00e9cole exceptionnelle\" - Interview de Jer\u00f4me Spinoza, Consul g\u00e9n\u00e9ral de France en Sarre - Cam\u00e4l\u00e9on","description":"Interview de M. Spinona, nouveau consul g\u00e9n\u00e9ral de France en Sarre","robots":{"index":"index","follow":"follow","max-snippet":"max-snippet:-1","max-image-preview":"max-image-preview:large","max-video-preview":"max-video-preview:-1"},"canonical":"https:\/\/www.camaeleon.org\/en\/2025\/06\/28\/le-lfa-de-sarrebruck-une-ecole-exceptionnelle\/","og_locale":"en_US","og_type":"article","og_title":"\"Le LFA de Sarrebruck : une \u00e9cole exceptionnelle\" - Interview de Jer\u00f4me Spinoza, Consul g\u00e9n\u00e9ral de France en Sarre - Cam\u00e4l\u00e9on","og_description":"Interview de M. Spinona, nouveau consul g\u00e9n\u00e9ral de France en Sarre","og_url":"https:\/\/www.camaeleon.org\/en\/2025\/06\/28\/le-lfa-de-sarrebruck-une-ecole-exceptionnelle\/","og_site_name":"Cam\u00e4l\u00e9on","article_publisher":"https:\/\/www.facebook.com\/camaeleon.org\/","article_published_time":"2025-06-28T14:29:41+00:00","article_modified_time":"2025-06-29T10:32:20+00:00","og_image":[{"width":1707,"height":2560,"url":"https:\/\/www.camaeleon.org\/wp-content\/uploads\/2021\/12\/camaeleon-app-startbild-Kopie-scaled.jpg","type":"image\/jpeg"}],"author":"Noah Deguilhem-Siebenborn","twitter_card":"summary_large_image","twitter_creator":"@camaeleonOrg","twitter_site":"@camaeleonOrg","schema":{"@context":"https:\/\/schema.org","@graph":[{"@type":"Article","@id":"https:\/\/www.camaeleon.org\/2025\/06\/28\/le-lfa-de-sarrebruck-une-ecole-exceptionnelle\/#article","isPartOf":{"@id":"https:\/\/www.camaeleon.org\/2025\/06\/28\/le-lfa-de-sarrebruck-une-ecole-exceptionnelle\/"},"author":{"name":"Noah Deguilhem-Siebenborn","@id":"https:\/\/www.camaeleon.org\/de\/#\/schema\/person\/e9aac5847be7c1ae8e97fbc2fbdfd11d"},"headline":"&#8220;Le LFA de Sarrebruck : une \u00e9cole exceptionnelle&#8221; &#8211; Interview de Jer\u00f4me Spinoza, Consul g\u00e9n\u00e9ral de France en Sarre","datePublished":"2025-06-28T14:29:41+00:00","dateModified":"2025-06-29T10:32:20+00:00","mainEntityOfPage":{"@id":"https:\/\/www.camaeleon.org\/2025\/06\/28\/le-lfa-de-sarrebruck-une-ecole-exceptionnelle\/"},"wordCount":95,"commentCount":0,"publisher":{"@id":"https:\/\/www.camaeleon.org\/de\/#organization"},"image":{"@id":"https:\/\/www.camaeleon.org\/2025\/06\/28\/le-lfa-de-sarrebruck-une-ecole-exceptionnelle\/#primaryimage"},"thumbnailUrl":"https:\/\/www.camaeleon.org\/wp-content\/uploads\/2025\/06\/IMG_0211-2-scaled-e1751120538935.jpg","keywords":["Consul g\u00e9n\u00e9ral de France","Consul g\u00e9n\u00e9ral de France en Sarre","Jer\u00f4me Spinoza"],"articleSection":["Culture","Saarbr\u00fccken"],"inLanguage":"en-US","potentialAction":[{"@type":"CommentAction","name":"Comment","target":["https:\/\/www.camaeleon.org\/2025\/06\/28\/le-lfa-de-sarrebruck-une-ecole-exceptionnelle\/#respond"]}]},{"@type":"WebPage","@id":"https:\/\/www.camaeleon.org\/en\/2025\/06\/28\/le-lfa-de-sarrebruck-une-ecole-exceptionnelle\/","url":"https:\/\/www.camaeleon.org\/en\/2025\/06\/28\/le-lfa-de-sarrebruck-une-ecole-exceptionnelle\/","name":"\"Le LFA de Sarrebruck : une \u00e9cole exceptionnelle\" - Interview de Jer\u00f4me Spinoza, Consul g\u00e9n\u00e9ral de France en Sarre - Cam\u00e4l\u00e9on","isPartOf":{"@id":"https:\/\/www.camaeleon.org\/en\/#website"},"primaryImageOfPage":{"@id":"https:\/\/www.camaeleon.org\/en\/2025\/06\/28\/le-lfa-de-sarrebruck-une-ecole-exceptionnelle\/#primaryimage"},"image":{"@id":"https:\/\/www.camaeleon.org\/2025\/06\/28\/le-lfa-de-sarrebruck-une-ecole-exceptionnelle\/#primaryimage"},"thumbnailUrl":"https:\/\/www.camaeleon.org\/wp-content\/uploads\/2025\/06\/IMG_0211-2-scaled-e1751120538935.jpg","datePublished":"2025-06-28T14:29:41+00:00","dateModified":"2025-06-29T10:32:20+00:00","description":"Interview de M. Spinona, nouveau consul g\u00e9n\u00e9ral de France en Sarre","breadcrumb":{"@id":"https:\/\/www.camaeleon.org\/en\/2025\/06\/28\/le-lfa-de-sarrebruck-une-ecole-exceptionnelle\/#breadcrumb"},"inLanguage":"en-US","potentialAction":[{"@type":"ReadAction","target":[["https:\/\/www.camaeleon.org\/en\/2025\/06\/28\/le-lfa-de-sarrebruck-une-ecole-exceptionnelle\/"]]}]},{"@type":"ImageObject","inLanguage":"en-US","@id":"https:\/\/www.camaeleon.org\/en\/2025\/06\/28\/le-lfa-de-sarrebruck-une-ecole-exceptionnelle\/#primaryimage","url":"https:\/\/www.camaeleon.org\/wp-content\/uploads\/2025\/06\/IMG_0211-2-scaled-e1751120538935.jpg","contentUrl":"https:\/\/www.camaeleon.org\/wp-content\/uploads\/2025\/06\/IMG_0211-2-scaled-e1751120538935.jpg","width":2560,"height":1604,"caption":"M. Spinoza, Consul g\u00e9n\u00e9ral de France \u00e0 Sarrebruck"},{"@type":"BreadcrumbList","@id":"https:\/\/www.camaeleon.org\/en\/2025\/06\/28\/le-lfa-de-sarrebruck-une-ecole-exceptionnelle\/#breadcrumb","itemListElement":[{"@type":"ListItem","position":1,"name":"Home","item":"https:\/\/www.camaeleon.org\/en\/"},{"@type":"ListItem","position":2,"name":"&#8222;Le LFA de Sarrebruck : une \u00e9cole exceptionnelle&#8220; &#8211; Interview de Jer\u00f4me Spinoza, Consul g\u00e9n\u00e9ral de France en Sarre"}]},{"@type":"WebSite","@id":"https:\/\/www.camaeleon.org\/en\/#website","url":"https:\/\/www.camaeleon.org\/en\/","name":"Cam\u00e4l\u00e9on","description":"The online student magazine by Deutsch-Franz\u00f6sisches Gymnasium Saarbr\u00fccken","publisher":{"@id":"https:\/\/www.camaeleon.org\/en\/#organization"},"potentialAction":[{"@type":"SearchAction","target":{"@type":"EntryPoint","urlTemplate":"https:\/\/www.camaeleon.org\/en\/?s={search_term_string}"},"query-input":{"@type":"PropertyValueSpecification","valueRequired":true,"valueName":"search_term_string"}}],"inLanguage":"en-US"},{"@type":"Organization","@id":"https:\/\/www.camaeleon.org\/en\/#organization","name":"Cam\u00e4l\u00e9on","url":"https:\/\/www.camaeleon.org\/en\/","logo":{"@type":"ImageObject","inLanguage":"en-US","@id":"https:\/\/www.camaeleon.org\/en\/#\/schema\/logo\/image\/","url":"https:\/\/www.camaeleon.org\/wp-content\/uploads\/2011\/11\/CAM\u00c4LEON.jpg","contentUrl":"https:\/\/www.camaeleon.org\/wp-content\/uploads\/2011\/11\/CAM\u00c4LEON.jpg","width":959,"height":959,"caption":"Cam\u00e4l\u00e9on"},"image":{"@id":"https:\/\/www.camaeleon.org\/en\/#\/schema\/logo\/image\/"},"sameAs":["https:\/\/www.facebook.com\/camaeleon.org\/","https:\/\/x.com\/camaeleonOrg","https:\/\/www.instagram.com\/camaeleon.dfg\/","https:\/\/www.youtube.com\/channel\/UCl3TAUDdGuu_c7CD6ax6hYg"]},{"@type":"Person","@id":"https:\/\/www.camaeleon.org\/de\/#\/schema\/person\/e9aac5847be7c1ae8e97fbc2fbdfd11d","name":"Noah Deguilhem-Siebenborn","image":{"@type":"ImageObject","inLanguage":"en-US","@id":"https:\/\/www.camaeleon.org\/en\/wp-content\/uploads\/2023\/10\/noah-150x150.jpeg01e8de72907416dc5036380f8bd03dae","url":"https:\/\/www.camaeleon.org\/wp-content\/uploads\/2023\/10\/noah-150x150.jpeg","contentUrl":"https:\/\/www.camaeleon.org\/wp-content\/uploads\/2023\/10\/noah-150x150.jpeg","caption":"Noah Deguilhem-Siebenborn"},"description":"Salut! Je m'appelle Noah. J'ai 13 ans. Je suis \u00e0 Cam\u00e4l\u00e9on depuis 2023. J'aime jouer du piano, lire des BD et des romans, faire du th\u00e9\u00e2tre, dessiner, bricoler et je fais de l'escrime.","url":"https:\/\/www.camaeleon.org\/en\/author\/noah-deguilhem-siebenborn\/"}]}},"_links":{"self":[{"href":"https:\/\/www.camaeleon.org\/en\/wp-json\/wp\/v2\/posts\/32652","targetHints":{"allow":["GET"]}}],"collection":[{"href":"https:\/\/www.camaeleon.org\/en\/wp-json\/wp\/v2\/posts"}],"about":[{"href":"https:\/\/www.camaeleon.org\/en\/wp-json\/wp\/v2\/types\/post"}],"author":[{"embeddable":true,"href":"https:\/\/www.camaeleon.org\/en\/wp-json\/wp\/v2\/users\/177"}],"replies":[{"embeddable":true,"href":"https:\/\/www.camaeleon.org\/en\/wp-json\/wp\/v2\/comments?post=32652"}],"version-history":[{"count":8,"href":"https:\/\/www.camaeleon.org\/en\/wp-json\/wp\/v2\/posts\/32652\/revisions"}],"predecessor-version":[{"id":32683,"href":"https:\/\/www.camaeleon.org\/en\/wp-json\/wp\/v2\/posts\/32652\/revisions\/32683"}],"wp:featuredmedia":[{"embeddable":true,"href":"https:\/\/www.camaeleon.org\/en\/wp-json\/wp\/v2\/media\/32675"}],"wp:attachment":[{"href":"https:\/\/www.camaeleon.org\/en\/wp-json\/wp\/v2\/media?parent=32652"}],"wp:term":[{"taxonomy":"category","embeddable":true,"href":"https:\/\/www.camaeleon.org\/en\/wp-json\/wp\/v2\/categories?post=32652"},{"taxonomy":"post_tag","embeddable":true,"href":"https:\/\/www.camaeleon.org\/en\/wp-json\/wp\/v2\/tags?post=32652"},{"taxonomy":"author","embeddable":true,"href":"https:\/\/www.camaeleon.org\/en\/wp-json\/wp\/v2\/coauthors?post=32652"}],"curies":[{"name":"wp","href":"https:\/\/api.w.org\/{rel}","templated":true}]}}