{"id":32226,"date":"2025-03-28T19:32:17","date_gmt":"2025-03-28T18:32:17","guid":{"rendered":"https:\/\/www.camaeleon.org\/?p=32226"},"modified":"2025-04-01T07:30:48","modified_gmt":"2025-04-01T05:30:48","slug":"das-wort-der-woche-mottowoche25","status":"publish","type":"post","link":"https:\/\/www.camaeleon.org\/en\/2025\/03\/28\/das-wort-der-woche-mottowoche25\/","title":{"rendered":"Das Wort der Woche: #Mottowoche25"},"content":{"rendered":"<p>Von Freitag, 21. M\u00e4rz, bis Mittwoch fand die Mottowoche der Abschlussklassen statt. Die Abiturienten sind wieder durch die Klassen gegangen und haben Party gemacht. Es gab viele verschiedene Kost\u00fcme, beispielsweise Bananen, Scheichs, Schl\u00fcmpfe oder Feen.<\/p>\n<figure id=\"attachment_32239\" aria-describedby=\"caption-attachment-32239\" style=\"width: 800px\" class=\"wp-caption aligncenter\"><a href=\"https:\/\/www.camaeleon.org\/wp-content\/uploads\/2025\/03\/Mottowoche-2025.jpg\"><img loading=\"lazy\" decoding=\"async\" class=\"size-large wp-image-32239\" src=\"https:\/\/www.camaeleon.org\/wp-content\/uploads\/2025\/03\/Mottowoche-2025-880x361.jpg\" alt=\"Mottowoche 2025\" width=\"800\" height=\"328\" srcset=\"https:\/\/www.camaeleon.org\/wp-content\/uploads\/2025\/03\/Mottowoche-2025-880x361.jpg 880w, https:\/\/www.camaeleon.org\/wp-content\/uploads\/2025\/03\/Mottowoche-2025-300x123.jpg 300w, https:\/\/www.camaeleon.org\/wp-content\/uploads\/2025\/03\/Mottowoche-2025.jpg 1194w\" sizes=\"auto, (max-width: 800px) 100vw, 800px\" \/><\/a><figcaption id=\"caption-attachment-32239\" class=\"wp-caption-text\">Foto: DFG<\/figcaption><\/figure>\n<p>Die Terminale-Sch\u00fcler*innen schreiben in der Woche vor den Osterferien ihre Abiturpr\u00fcfungen. Also haben wir jetzt wieder etwas Ruhe.<\/p>\n<p>Manche Lehrer m\u00f6gen es offensichtlich nicht, wenn Abiturienten in ihren Unterricht platzen. Manche schlie\u00dfen sogar die T\u00fcren zu oder h\u00e4ngen ,,Bitte nicht st\u00f6ren&#8221;- Schilder an die T\u00fcren. Schade eigentlich, da sich die Sch\u00fcler auf ein wenig Abwechslung freuen w\u00fcrden.<\/p>\n<p>Viele J\u00fcngere fanden die Mottowoche letztes Jahr besser, was wahrscheinlich daran lag, dass letztes Jahr die Abiturienten \u00f6fter durch die Klassen gegangen sind. Vieleicht lag es aber auch daran, dass letztes Jahr viele Sch\u00fcler auf dem Schulhof Macarena getanzt haben. Dieses Jahr ging bei den Feiern \u00fcbrigens auch ein Tisch kaputt!<\/p>\n","protected":false},"excerpt":{"rendered":"<p>Von Freitag, 21. M\u00e4rz, bis Mittwoch fand die Mottowoche der Abschlussklassen statt. Die Abiturienten sind wieder durch die Klassen gegangen und haben Party gemacht. Es<\/p>\n","protected":false},"author":185,"featured_media":32239,"comment_status":"open","ping_status":"closed","sticky":false,"template":"","format":"standard","meta":{"colormag_page_container_layout":"default_layout","colormag_page_sidebar_layout":"default_layout","footnotes":""},"categories":[864],"tags":[1945,261,1042,1563,507],"coauthors":[2544],"class_list":["post-32226","post","type-post","status-publish","format-standard","has-post-thumbnail","hentry","category-le-mot-de-la-semaine","tag-50-jahre-deutsch-franzoesisches-abitur","tag-abitur","tag-baccalaureat","tag-baccalaureat-franco-allemand","tag-mottowoche"],"yoast_head":"<!-- This site is optimized with the Yoast SEO plugin v27.5 - https:\/\/yoast.com\/product\/yoast-seo-wordpress\/ -->\n<title>Das Wort der Woche: #Mottowoche25 - Cam\u00e4l\u00e9on<\/title>\n<meta name=\"description\" content=\"Von Freitag bis Mittwoch fand die Mottowoche statt. Die Abiturienten sind wieder durch die Klassen gegangen und haben Party gemacht.\" \/>\n<meta name=\"robots\" content=\"index, follow, max-snippet:-1, max-image-preview:large, max-video-preview:-1\" \/>\n<link rel=\"canonical\" href=\"https:\/\/www.camaeleon.org\/en\/2025\/03\/28\/das-wort-der-woche-mottowoche25\/\" \/>\n<meta property=\"og:locale\" content=\"en_US\" \/>\n<meta property=\"og:type\" content=\"article\" \/>\n<meta property=\"og:title\" content=\"Das Wort der Woche: #Mottowoche25 - Cam\u00e4l\u00e9on\" \/>\n<meta property=\"og:description\" content=\"Von Freitag bis Mittwoch fand die Mottowoche statt. Die Abiturienten sind wieder durch die Klassen gegangen und haben Party gemacht.\" \/>\n<meta property=\"og:url\" content=\"https:\/\/www.camaeleon.org\/en\/2025\/03\/28\/das-wort-der-woche-mottowoche25\/\" \/>\n<meta property=\"og:site_name\" content=\"Cam\u00e4l\u00e9on\" \/>\n<meta property=\"article:publisher\" content=\"https:\/\/www.facebook.com\/camaeleon.org\/\" \/>\n<meta property=\"article:published_time\" content=\"2025-03-28T18:32:17+00:00\" \/>\n<meta property=\"article:modified_time\" content=\"2025-04-01T05:30:48+00:00\" \/>\n<meta property=\"og:image\" content=\"https:\/\/www.camaeleon.org\/wp-content\/uploads\/2025\/03\/Mottowoche-2025.jpg\" \/>\n\t<meta property=\"og:image:width\" content=\"1194\" \/>\n\t<meta property=\"og:image:height\" content=\"490\" \/>\n\t<meta property=\"og:image:type\" content=\"image\/jpeg\" \/>\n<meta name=\"author\" content=\"Jonathan Carrez\" \/>\n<meta name=\"twitter:card\" content=\"summary_large_image\" \/>\n<meta name=\"twitter:creator\" content=\"@camaeleonOrg\" \/>\n<meta name=\"twitter:site\" content=\"@camaeleonOrg\" \/>\n<script type=\"application\/ld+json\" class=\"yoast-schema-graph\">{\"@context\":\"https:\\\/\\\/schema.org\",\"@graph\":[{\"@type\":\"Article\",\"@id\":\"https:\\\/\\\/www.camaeleon.org\\\/2025\\\/03\\\/28\\\/das-wort-der-woche-mottowoche25\\\/#article\",\"isPartOf\":{\"@id\":\"https:\\\/\\\/www.camaeleon.org\\\/2025\\\/03\\\/28\\\/das-wort-der-woche-mottowoche25\\\/\"},\"author\":{\"name\":\"Jonathan Carrez\",\"@id\":\"https:\\\/\\\/www.camaeleon.org\\\/de\\\/#\\\/schema\\\/person\\\/0ad024d94bfa21dc9ec8d0a5c3fe6dba\"},\"headline\":\"Das Wort der Woche: #Mottowoche25\",\"datePublished\":\"2025-03-28T18:32:17+00:00\",\"dateModified\":\"2025-04-01T05:30:48+00:00\",\"mainEntityOfPage\":{\"@id\":\"https:\\\/\\\/www.camaeleon.org\\\/2025\\\/03\\\/28\\\/das-wort-der-woche-mottowoche25\\\/\"},\"wordCount\":173,\"commentCount\":0,\"publisher\":{\"@id\":\"https:\\\/\\\/www.camaeleon.org\\\/de\\\/#organization\"},\"image\":{\"@id\":\"https:\\\/\\\/www.camaeleon.org\\\/2025\\\/03\\\/28\\\/das-wort-der-woche-mottowoche25\\\/#primaryimage\"},\"thumbnailUrl\":\"https:\\\/\\\/www.camaeleon.org\\\/wp-content\\\/uploads\\\/2025\\\/03\\\/Mottowoche-2025.jpg\",\"keywords\":[\"50 Jahre deutsch-franz\u00f6sisches Abitur\",\"Abitur\",\"baccalaur\u00e9at\",\"baccalaur\u00e9at franco-allemand\",\"Mottowoche\"],\"articleSection\":[\"Word of the Week\"],\"inLanguage\":\"en-US\",\"potentialAction\":[{\"@type\":\"CommentAction\",\"name\":\"Comment\",\"target\":[\"https:\\\/\\\/www.camaeleon.org\\\/2025\\\/03\\\/28\\\/das-wort-der-woche-mottowoche25\\\/#respond\"]}]},{\"@type\":\"WebPage\",\"@id\":\"https:\\\/\\\/www.camaeleon.org\\\/en\\\/2025\\\/03\\\/28\\\/das-wort-der-woche-mottowoche25\\\/\",\"url\":\"https:\\\/\\\/www.camaeleon.org\\\/en\\\/2025\\\/03\\\/28\\\/das-wort-der-woche-mottowoche25\\\/\",\"name\":\"Das Wort der Woche: #Mottowoche25 - Cam\u00e4l\u00e9on\",\"isPartOf\":{\"@id\":\"https:\\\/\\\/www.camaeleon.org\\\/en\\\/#website\"},\"primaryImageOfPage\":{\"@id\":\"https:\\\/\\\/www.camaeleon.org\\\/en\\\/2025\\\/03\\\/28\\\/das-wort-der-woche-mottowoche25\\\/#primaryimage\"},\"image\":{\"@id\":\"https:\\\/\\\/www.camaeleon.org\\\/2025\\\/03\\\/28\\\/das-wort-der-woche-mottowoche25\\\/#primaryimage\"},\"thumbnailUrl\":\"https:\\\/\\\/www.camaeleon.org\\\/wp-content\\\/uploads\\\/2025\\\/03\\\/Mottowoche-2025.jpg\",\"datePublished\":\"2025-03-28T18:32:17+00:00\",\"dateModified\":\"2025-04-01T05:30:48+00:00\",\"description\":\"Von Freitag bis Mittwoch fand die Mottowoche statt. Die Abiturienten sind wieder durch die Klassen gegangen und haben Party gemacht.\",\"breadcrumb\":{\"@id\":\"https:\\\/\\\/www.camaeleon.org\\\/en\\\/2025\\\/03\\\/28\\\/das-wort-der-woche-mottowoche25\\\/#breadcrumb\"},\"inLanguage\":\"en-US\",\"potentialAction\":[{\"@type\":\"ReadAction\",\"target\":[[\"https:\\\/\\\/www.camaeleon.org\\\/en\\\/2025\\\/03\\\/28\\\/das-wort-der-woche-mottowoche25\\\/\"]]}]},{\"@type\":\"ImageObject\",\"inLanguage\":\"en-US\",\"@id\":\"https:\\\/\\\/www.camaeleon.org\\\/en\\\/2025\\\/03\\\/28\\\/das-wort-der-woche-mottowoche25\\\/#primaryimage\",\"url\":\"https:\\\/\\\/www.camaeleon.org\\\/wp-content\\\/uploads\\\/2025\\\/03\\\/Mottowoche-2025.jpg\",\"contentUrl\":\"https:\\\/\\\/www.camaeleon.org\\\/wp-content\\\/uploads\\\/2025\\\/03\\\/Mottowoche-2025.jpg\",\"width\":1194,\"height\":490,\"caption\":\"Foto: DFG\"},{\"@type\":\"BreadcrumbList\",\"@id\":\"https:\\\/\\\/www.camaeleon.org\\\/en\\\/2025\\\/03\\\/28\\\/das-wort-der-woche-mottowoche25\\\/#breadcrumb\",\"itemListElement\":[{\"@type\":\"ListItem\",\"position\":1,\"name\":\"Home\",\"item\":\"https:\\\/\\\/www.camaeleon.org\\\/en\\\/\"},{\"@type\":\"ListItem\",\"position\":2,\"name\":\"Das Wort der Woche: #Mottowoche25\"}]},{\"@type\":\"WebSite\",\"@id\":\"https:\\\/\\\/www.camaeleon.org\\\/en\\\/#website\",\"url\":\"https:\\\/\\\/www.camaeleon.org\\\/en\\\/\",\"name\":\"Cam\u00e4l\u00e9on\",\"description\":\"The online student magazine by Deutsch-Franz\u00f6sisches Gymnasium Saarbr\u00fccken\",\"publisher\":{\"@id\":\"https:\\\/\\\/www.camaeleon.org\\\/en\\\/#organization\"},\"potentialAction\":[{\"@type\":\"SearchAction\",\"target\":{\"@type\":\"EntryPoint\",\"urlTemplate\":\"https:\\\/\\\/www.camaeleon.org\\\/en\\\/?s={search_term_string}\"},\"query-input\":{\"@type\":\"PropertyValueSpecification\",\"valueRequired\":true,\"valueName\":\"search_term_string\"}}],\"inLanguage\":\"en-US\"},{\"@type\":\"Organization\",\"@id\":\"https:\\\/\\\/www.camaeleon.org\\\/en\\\/#organization\",\"name\":\"Cam\u00e4l\u00e9on\",\"url\":\"https:\\\/\\\/www.camaeleon.org\\\/en\\\/\",\"logo\":{\"@type\":\"ImageObject\",\"inLanguage\":\"en-US\",\"@id\":\"https:\\\/\\\/www.camaeleon.org\\\/en\\\/#\\\/schema\\\/logo\\\/image\\\/\",\"url\":\"https:\\\/\\\/www.camaeleon.org\\\/wp-content\\\/uploads\\\/2011\\\/11\\\/CAM\u00c4LEON.jpg\",\"contentUrl\":\"https:\\\/\\\/www.camaeleon.org\\\/wp-content\\\/uploads\\\/2011\\\/11\\\/CAM\u00c4LEON.jpg\",\"width\":959,\"height\":959,\"caption\":\"Cam\u00e4l\u00e9on\"},\"image\":{\"@id\":\"https:\\\/\\\/www.camaeleon.org\\\/en\\\/#\\\/schema\\\/logo\\\/image\\\/\"},\"sameAs\":[\"https:\\\/\\\/www.facebook.com\\\/camaeleon.org\\\/\",\"https:\\\/\\\/x.com\\\/camaeleonOrg\",\"https:\\\/\\\/www.instagram.com\\\/camaeleon.dfg\\\/\",\"https:\\\/\\\/www.youtube.com\\\/channel\\\/UCl3TAUDdGuu_c7CD6ax6hYg\"]},{\"@type\":\"Person\",\"@id\":\"https:\\\/\\\/www.camaeleon.org\\\/de\\\/#\\\/schema\\\/person\\\/0ad024d94bfa21dc9ec8d0a5c3fe6dba\",\"name\":\"Jonathan Carrez\",\"image\":{\"@type\":\"ImageObject\",\"inLanguage\":\"en-US\",\"@id\":\"https:\\\/\\\/www.camaeleon.org\\\/en\\\/wp-content\\\/uploads\\\/2024\\\/11\\\/Jonathan.jpge4c7b54b0746a51102c46ad3baef990b\",\"url\":\"https:\\\/\\\/www.camaeleon.org\\\/wp-content\\\/uploads\\\/2024\\\/11\\\/Jonathan.jpg\",\"contentUrl\":\"https:\\\/\\\/www.camaeleon.org\\\/wp-content\\\/uploads\\\/2024\\\/11\\\/Jonathan.jpg\",\"caption\":\"Jonathan Carrez\"},\"description\":\"Hi, I'm Jonathan. I'm in 7b, and I like drawing comics. I've part of Cam\u00e4l\u00e9on since 2024.\",\"url\":\"https:\\\/\\\/www.camaeleon.org\\\/en\\\/author\\\/jonathan-carrez\\\/\"}]}<\/script>\n<!-- \/ Yoast SEO plugin. -->","yoast_head_json":{"title":"Das Wort der Woche: #Mottowoche25 - Cam\u00e4l\u00e9on","description":"Von Freitag bis Mittwoch fand die Mottowoche statt. Die Abiturienten sind wieder durch die Klassen gegangen und haben Party gemacht.","robots":{"index":"index","follow":"follow","max-snippet":"max-snippet:-1","max-image-preview":"max-image-preview:large","max-video-preview":"max-video-preview:-1"},"canonical":"https:\/\/www.camaeleon.org\/en\/2025\/03\/28\/das-wort-der-woche-mottowoche25\/","og_locale":"en_US","og_type":"article","og_title":"Das Wort der Woche: #Mottowoche25 - Cam\u00e4l\u00e9on","og_description":"Von Freitag bis Mittwoch fand die Mottowoche statt. Die Abiturienten sind wieder durch die Klassen gegangen und haben Party gemacht.","og_url":"https:\/\/www.camaeleon.org\/en\/2025\/03\/28\/das-wort-der-woche-mottowoche25\/","og_site_name":"Cam\u00e4l\u00e9on","article_publisher":"https:\/\/www.facebook.com\/camaeleon.org\/","article_published_time":"2025-03-28T18:32:17+00:00","article_modified_time":"2025-04-01T05:30:48+00:00","og_image":[{"width":1194,"height":490,"url":"https:\/\/www.camaeleon.org\/wp-content\/uploads\/2025\/03\/Mottowoche-2025.jpg","type":"image\/jpeg"}],"author":"Jonathan Carrez","twitter_card":"summary_large_image","twitter_creator":"@camaeleonOrg","twitter_site":"@camaeleonOrg","schema":{"@context":"https:\/\/schema.org","@graph":[{"@type":"Article","@id":"https:\/\/www.camaeleon.org\/2025\/03\/28\/das-wort-der-woche-mottowoche25\/#article","isPartOf":{"@id":"https:\/\/www.camaeleon.org\/2025\/03\/28\/das-wort-der-woche-mottowoche25\/"},"author":{"name":"Jonathan Carrez","@id":"https:\/\/www.camaeleon.org\/de\/#\/schema\/person\/0ad024d94bfa21dc9ec8d0a5c3fe6dba"},"headline":"Das Wort der Woche: #Mottowoche25","datePublished":"2025-03-28T18:32:17+00:00","dateModified":"2025-04-01T05:30:48+00:00","mainEntityOfPage":{"@id":"https:\/\/www.camaeleon.org\/2025\/03\/28\/das-wort-der-woche-mottowoche25\/"},"wordCount":173,"commentCount":0,"publisher":{"@id":"https:\/\/www.camaeleon.org\/de\/#organization"},"image":{"@id":"https:\/\/www.camaeleon.org\/2025\/03\/28\/das-wort-der-woche-mottowoche25\/#primaryimage"},"thumbnailUrl":"https:\/\/www.camaeleon.org\/wp-content\/uploads\/2025\/03\/Mottowoche-2025.jpg","keywords":["50 Jahre deutsch-franz\u00f6sisches Abitur","Abitur","baccalaur\u00e9at","baccalaur\u00e9at franco-allemand","Mottowoche"],"articleSection":["Word of the Week"],"inLanguage":"en-US","potentialAction":[{"@type":"CommentAction","name":"Comment","target":["https:\/\/www.camaeleon.org\/2025\/03\/28\/das-wort-der-woche-mottowoche25\/#respond"]}]},{"@type":"WebPage","@id":"https:\/\/www.camaeleon.org\/en\/2025\/03\/28\/das-wort-der-woche-mottowoche25\/","url":"https:\/\/www.camaeleon.org\/en\/2025\/03\/28\/das-wort-der-woche-mottowoche25\/","name":"Das Wort der Woche: #Mottowoche25 - Cam\u00e4l\u00e9on","isPartOf":{"@id":"https:\/\/www.camaeleon.org\/en\/#website"},"primaryImageOfPage":{"@id":"https:\/\/www.camaeleon.org\/en\/2025\/03\/28\/das-wort-der-woche-mottowoche25\/#primaryimage"},"image":{"@id":"https:\/\/www.camaeleon.org\/2025\/03\/28\/das-wort-der-woche-mottowoche25\/#primaryimage"},"thumbnailUrl":"https:\/\/www.camaeleon.org\/wp-content\/uploads\/2025\/03\/Mottowoche-2025.jpg","datePublished":"2025-03-28T18:32:17+00:00","dateModified":"2025-04-01T05:30:48+00:00","description":"Von Freitag bis Mittwoch fand die Mottowoche statt. Die Abiturienten sind wieder durch die Klassen gegangen und haben Party gemacht.","breadcrumb":{"@id":"https:\/\/www.camaeleon.org\/en\/2025\/03\/28\/das-wort-der-woche-mottowoche25\/#breadcrumb"},"inLanguage":"en-US","potentialAction":[{"@type":"ReadAction","target":[["https:\/\/www.camaeleon.org\/en\/2025\/03\/28\/das-wort-der-woche-mottowoche25\/"]]}]},{"@type":"ImageObject","inLanguage":"en-US","@id":"https:\/\/www.camaeleon.org\/en\/2025\/03\/28\/das-wort-der-woche-mottowoche25\/#primaryimage","url":"https:\/\/www.camaeleon.org\/wp-content\/uploads\/2025\/03\/Mottowoche-2025.jpg","contentUrl":"https:\/\/www.camaeleon.org\/wp-content\/uploads\/2025\/03\/Mottowoche-2025.jpg","width":1194,"height":490,"caption":"Foto: DFG"},{"@type":"BreadcrumbList","@id":"https:\/\/www.camaeleon.org\/en\/2025\/03\/28\/das-wort-der-woche-mottowoche25\/#breadcrumb","itemListElement":[{"@type":"ListItem","position":1,"name":"Home","item":"https:\/\/www.camaeleon.org\/en\/"},{"@type":"ListItem","position":2,"name":"Das Wort der Woche: #Mottowoche25"}]},{"@type":"WebSite","@id":"https:\/\/www.camaeleon.org\/en\/#website","url":"https:\/\/www.camaeleon.org\/en\/","name":"Cam\u00e4l\u00e9on","description":"The online student magazine by Deutsch-Franz\u00f6sisches Gymnasium Saarbr\u00fccken","publisher":{"@id":"https:\/\/www.camaeleon.org\/en\/#organization"},"potentialAction":[{"@type":"SearchAction","target":{"@type":"EntryPoint","urlTemplate":"https:\/\/www.camaeleon.org\/en\/?s={search_term_string}"},"query-input":{"@type":"PropertyValueSpecification","valueRequired":true,"valueName":"search_term_string"}}],"inLanguage":"en-US"},{"@type":"Organization","@id":"https:\/\/www.camaeleon.org\/en\/#organization","name":"Cam\u00e4l\u00e9on","url":"https:\/\/www.camaeleon.org\/en\/","logo":{"@type":"ImageObject","inLanguage":"en-US","@id":"https:\/\/www.camaeleon.org\/en\/#\/schema\/logo\/image\/","url":"https:\/\/www.camaeleon.org\/wp-content\/uploads\/2011\/11\/CAM\u00c4LEON.jpg","contentUrl":"https:\/\/www.camaeleon.org\/wp-content\/uploads\/2011\/11\/CAM\u00c4LEON.jpg","width":959,"height":959,"caption":"Cam\u00e4l\u00e9on"},"image":{"@id":"https:\/\/www.camaeleon.org\/en\/#\/schema\/logo\/image\/"},"sameAs":["https:\/\/www.facebook.com\/camaeleon.org\/","https:\/\/x.com\/camaeleonOrg","https:\/\/www.instagram.com\/camaeleon.dfg\/","https:\/\/www.youtube.com\/channel\/UCl3TAUDdGuu_c7CD6ax6hYg"]},{"@type":"Person","@id":"https:\/\/www.camaeleon.org\/de\/#\/schema\/person\/0ad024d94bfa21dc9ec8d0a5c3fe6dba","name":"Jonathan Carrez","image":{"@type":"ImageObject","inLanguage":"en-US","@id":"https:\/\/www.camaeleon.org\/en\/wp-content\/uploads\/2024\/11\/Jonathan.jpge4c7b54b0746a51102c46ad3baef990b","url":"https:\/\/www.camaeleon.org\/wp-content\/uploads\/2024\/11\/Jonathan.jpg","contentUrl":"https:\/\/www.camaeleon.org\/wp-content\/uploads\/2024\/11\/Jonathan.jpg","caption":"Jonathan Carrez"},"description":"Hi, I'm Jonathan. I'm in 7b, and I like drawing comics. I've part of Cam\u00e4l\u00e9on since 2024.","url":"https:\/\/www.camaeleon.org\/en\/author\/jonathan-carrez\/"}]}},"_links":{"self":[{"href":"https:\/\/www.camaeleon.org\/en\/wp-json\/wp\/v2\/posts\/32226","targetHints":{"allow":["GET"]}}],"collection":[{"href":"https:\/\/www.camaeleon.org\/en\/wp-json\/wp\/v2\/posts"}],"about":[{"href":"https:\/\/www.camaeleon.org\/en\/wp-json\/wp\/v2\/types\/post"}],"author":[{"embeddable":true,"href":"https:\/\/www.camaeleon.org\/en\/wp-json\/wp\/v2\/users\/185"}],"replies":[{"embeddable":true,"href":"https:\/\/www.camaeleon.org\/en\/wp-json\/wp\/v2\/comments?post=32226"}],"version-history":[{"count":5,"href":"https:\/\/www.camaeleon.org\/en\/wp-json\/wp\/v2\/posts\/32226\/revisions"}],"predecessor-version":[{"id":32246,"href":"https:\/\/www.camaeleon.org\/en\/wp-json\/wp\/v2\/posts\/32226\/revisions\/32246"}],"wp:featuredmedia":[{"embeddable":true,"href":"https:\/\/www.camaeleon.org\/en\/wp-json\/wp\/v2\/media\/32239"}],"wp:attachment":[{"href":"https:\/\/www.camaeleon.org\/en\/wp-json\/wp\/v2\/media?parent=32226"}],"wp:term":[{"taxonomy":"category","embeddable":true,"href":"https:\/\/www.camaeleon.org\/en\/wp-json\/wp\/v2\/categories?post=32226"},{"taxonomy":"post_tag","embeddable":true,"href":"https:\/\/www.camaeleon.org\/en\/wp-json\/wp\/v2\/tags?post=32226"},{"taxonomy":"author","embeddable":true,"href":"https:\/\/www.camaeleon.org\/en\/wp-json\/wp\/v2\/coauthors?post=32226"}],"curies":[{"name":"wp","href":"https:\/\/api.w.org\/{rel}","templated":true}]}}