{"id":32199,"date":"2025-03-21T22:16:54","date_gmt":"2025-03-21T21:16:54","guid":{"rendered":"https:\/\/www.camaeleon.org\/?p=32199"},"modified":"2025-03-27T07:36:16","modified_gmt":"2025-03-27T06:36:16","slug":"das-wort-der-woche-schulhofneugestaltung","status":"publish","type":"post","link":"https:\/\/www.camaeleon.org\/en\/2025\/03\/21\/das-wort-der-woche-schulhofneugestaltung\/","title":{"rendered":"Das Wort der Woche: #Schulhofneugestaltung"},"content":{"rendered":"<figure id=\"attachment_32205\" aria-describedby=\"caption-attachment-32205\" style=\"width: 300px\" class=\"wp-caption alignleft\"><a href=\"https:\/\/www.camaeleon.org\/wp-content\/uploads\/2025\/03\/Schulhof.png\"><img loading=\"lazy\" decoding=\"async\" class=\"size-medium wp-image-32205\" src=\"https:\/\/www.camaeleon.org\/wp-content\/uploads\/2025\/03\/Schulhof-300x216.png\" alt=\"Schulhof\" width=\"300\" height=\"216\" srcset=\"https:\/\/www.camaeleon.org\/wp-content\/uploads\/2025\/03\/Schulhof-300x216.png 300w, https:\/\/www.camaeleon.org\/wp-content\/uploads\/2025\/03\/Schulhof-834x600.png 834w, https:\/\/www.camaeleon.org\/wp-content\/uploads\/2025\/03\/Schulhof.png 1000w\" sizes=\"auto, (max-width: 300px) 100vw, 300px\" \/><\/a><figcaption id=\"caption-attachment-32205\" class=\"wp-caption-text\">KI-generiertes Foto (OpenAI DALL-E 3)<\/figcaption><\/figure>\n<p>Der Regionalverband plant einen neuen Schulhof am DFG. Wird bestimmt doof, k\u00f6nnte man meinen, aber die Sch\u00fcler d\u00fcrfen mitbestimmen, was das Ganze viel besser macht .<\/p>\n<p>Die Sch\u00fclerinnen und Sch\u00fcler k\u00f6nnen bis zum 30. M\u00e4rz Ideen bei der Schulleitung in Raum 1.33 auf einem Blatt Papier w\u00e4hrend der \u00c9tude-Zeit einreichen.<\/p>\n<p>Das Projekt soll in den Sommerferien realisiert werden. Die Frage die wir uns alle stellen, ist: Was wird letztlich gebaut?<\/p>\n","protected":false},"excerpt":{"rendered":"<p>Der Regionalverband plant einen neuen Schulhof am DFG. Wird bestimmt doof, k\u00f6nnte man meinen, aber die Sch\u00fcler d\u00fcrfen mitbestimmen, was das Ganze viel besser macht<\/p>\n","protected":false},"author":185,"featured_media":32205,"comment_status":"open","ping_status":"closed","sticky":false,"template":"","format":"standard","meta":{"colormag_page_container_layout":"default_layout","colormag_page_sidebar_layout":"default_layout","footnotes":""},"categories":[864],"tags":[2618,218],"coauthors":[2544],"class_list":["post-32199","post","type-post","status-publish","format-standard","has-post-thumbnail","hentry","category-le-mot-de-la-semaine","tag-cour-de-recreation","tag-schulhof"],"yoast_head":"<!-- This site is optimized with the Yoast SEO plugin v27.5 - https:\/\/yoast.com\/product\/yoast-seo-wordpress\/ -->\n<title>Das Wort der Woche: #Schulhofneugestaltung - Cam\u00e4l\u00e9on<\/title>\n<meta name=\"description\" content=\"Der Regionalverband plant einen neuen Schulhof am DFG. Die Sch\u00fclerinnen und Sch\u00fcler k\u00f6nnen bis zum 30. M\u00e4rz Ideen einreichen.\" \/>\n<meta name=\"robots\" content=\"index, follow, max-snippet:-1, max-image-preview:large, max-video-preview:-1\" \/>\n<link rel=\"canonical\" href=\"https:\/\/www.camaeleon.org\/en\/2025\/03\/21\/das-wort-der-woche-schulhofneugestaltung\/\" \/>\n<meta property=\"og:locale\" content=\"en_US\" \/>\n<meta property=\"og:type\" content=\"article\" \/>\n<meta property=\"og:title\" content=\"Das Wort der Woche: #Schulhofneugestaltung - Cam\u00e4l\u00e9on\" \/>\n<meta property=\"og:description\" content=\"Der Regionalverband plant einen neuen Schulhof am DFG. Die Sch\u00fclerinnen und Sch\u00fcler k\u00f6nnen bis zum 30. M\u00e4rz Ideen einreichen.\" \/>\n<meta property=\"og:url\" content=\"https:\/\/www.camaeleon.org\/en\/2025\/03\/21\/das-wort-der-woche-schulhofneugestaltung\/\" \/>\n<meta property=\"og:site_name\" content=\"Cam\u00e4l\u00e9on\" \/>\n<meta property=\"article:publisher\" content=\"https:\/\/www.facebook.com\/camaeleon.org\/\" \/>\n<meta property=\"article:published_time\" content=\"2025-03-21T21:16:54+00:00\" \/>\n<meta property=\"article:modified_time\" content=\"2025-03-27T06:36:16+00:00\" \/>\n<meta property=\"og:image\" content=\"https:\/\/www.camaeleon.org\/wp-content\/uploads\/2025\/03\/Schulhof.png\" \/>\n\t<meta property=\"og:image:width\" content=\"1000\" \/>\n\t<meta property=\"og:image:height\" content=\"719\" \/>\n\t<meta property=\"og:image:type\" content=\"image\/png\" \/>\n<meta name=\"author\" content=\"Jonathan Carrez\" \/>\n<meta name=\"twitter:card\" content=\"summary_large_image\" \/>\n<meta name=\"twitter:creator\" content=\"@camaeleonOrg\" \/>\n<meta name=\"twitter:site\" content=\"@camaeleonOrg\" \/>\n<script type=\"application\/ld+json\" class=\"yoast-schema-graph\">{\"@context\":\"https:\\\/\\\/schema.org\",\"@graph\":[{\"@type\":\"Article\",\"@id\":\"https:\\\/\\\/www.camaeleon.org\\\/2025\\\/03\\\/21\\\/das-wort-der-woche-schulhofneugestaltung\\\/#article\",\"isPartOf\":{\"@id\":\"https:\\\/\\\/www.camaeleon.org\\\/2025\\\/03\\\/21\\\/das-wort-der-woche-schulhofneugestaltung\\\/\"},\"author\":{\"name\":\"Jonathan Carrez\",\"@id\":\"https:\\\/\\\/www.camaeleon.org\\\/de\\\/#\\\/schema\\\/person\\\/0ad024d94bfa21dc9ec8d0a5c3fe6dba\"},\"headline\":\"Das Wort der Woche: #Schulhofneugestaltung\",\"datePublished\":\"2025-03-21T21:16:54+00:00\",\"dateModified\":\"2025-03-27T06:36:16+00:00\",\"mainEntityOfPage\":{\"@id\":\"https:\\\/\\\/www.camaeleon.org\\\/2025\\\/03\\\/21\\\/das-wort-der-woche-schulhofneugestaltung\\\/\"},\"wordCount\":91,\"commentCount\":0,\"publisher\":{\"@id\":\"https:\\\/\\\/www.camaeleon.org\\\/de\\\/#organization\"},\"image\":{\"@id\":\"https:\\\/\\\/www.camaeleon.org\\\/2025\\\/03\\\/21\\\/das-wort-der-woche-schulhofneugestaltung\\\/#primaryimage\"},\"thumbnailUrl\":\"https:\\\/\\\/www.camaeleon.org\\\/wp-content\\\/uploads\\\/2025\\\/03\\\/Schulhof.png\",\"keywords\":[\"Cour de r\u00e9cr\u00e9ation\",\"Schulhof\"],\"articleSection\":[\"Word of the Week\"],\"inLanguage\":\"en-US\",\"potentialAction\":[{\"@type\":\"CommentAction\",\"name\":\"Comment\",\"target\":[\"https:\\\/\\\/www.camaeleon.org\\\/2025\\\/03\\\/21\\\/das-wort-der-woche-schulhofneugestaltung\\\/#respond\"]}]},{\"@type\":\"WebPage\",\"@id\":\"https:\\\/\\\/www.camaeleon.org\\\/en\\\/2025\\\/03\\\/21\\\/das-wort-der-woche-schulhofneugestaltung\\\/\",\"url\":\"https:\\\/\\\/www.camaeleon.org\\\/en\\\/2025\\\/03\\\/21\\\/das-wort-der-woche-schulhofneugestaltung\\\/\",\"name\":\"Das Wort der Woche: #Schulhofneugestaltung - Cam\u00e4l\u00e9on\",\"isPartOf\":{\"@id\":\"https:\\\/\\\/www.camaeleon.org\\\/en\\\/#website\"},\"primaryImageOfPage\":{\"@id\":\"https:\\\/\\\/www.camaeleon.org\\\/en\\\/2025\\\/03\\\/21\\\/das-wort-der-woche-schulhofneugestaltung\\\/#primaryimage\"},\"image\":{\"@id\":\"https:\\\/\\\/www.camaeleon.org\\\/2025\\\/03\\\/21\\\/das-wort-der-woche-schulhofneugestaltung\\\/#primaryimage\"},\"thumbnailUrl\":\"https:\\\/\\\/www.camaeleon.org\\\/wp-content\\\/uploads\\\/2025\\\/03\\\/Schulhof.png\",\"datePublished\":\"2025-03-21T21:16:54+00:00\",\"dateModified\":\"2025-03-27T06:36:16+00:00\",\"description\":\"Der Regionalverband plant einen neuen Schulhof am DFG. Die Sch\u00fclerinnen und Sch\u00fcler k\u00f6nnen bis zum 30. M\u00e4rz Ideen einreichen.\",\"breadcrumb\":{\"@id\":\"https:\\\/\\\/www.camaeleon.org\\\/en\\\/2025\\\/03\\\/21\\\/das-wort-der-woche-schulhofneugestaltung\\\/#breadcrumb\"},\"inLanguage\":\"en-US\",\"potentialAction\":[{\"@type\":\"ReadAction\",\"target\":[[\"https:\\\/\\\/www.camaeleon.org\\\/en\\\/2025\\\/03\\\/21\\\/das-wort-der-woche-schulhofneugestaltung\\\/\"]]}]},{\"@type\":\"ImageObject\",\"inLanguage\":\"en-US\",\"@id\":\"https:\\\/\\\/www.camaeleon.org\\\/en\\\/2025\\\/03\\\/21\\\/das-wort-der-woche-schulhofneugestaltung\\\/#primaryimage\",\"url\":\"https:\\\/\\\/www.camaeleon.org\\\/wp-content\\\/uploads\\\/2025\\\/03\\\/Schulhof.png\",\"contentUrl\":\"https:\\\/\\\/www.camaeleon.org\\\/wp-content\\\/uploads\\\/2025\\\/03\\\/Schulhof.png\",\"width\":1000,\"height\":719,\"caption\":\"KI-generiertes Foto (OpenAI DALL-E 3)\"},{\"@type\":\"BreadcrumbList\",\"@id\":\"https:\\\/\\\/www.camaeleon.org\\\/en\\\/2025\\\/03\\\/21\\\/das-wort-der-woche-schulhofneugestaltung\\\/#breadcrumb\",\"itemListElement\":[{\"@type\":\"ListItem\",\"position\":1,\"name\":\"Home\",\"item\":\"https:\\\/\\\/www.camaeleon.org\\\/en\\\/\"},{\"@type\":\"ListItem\",\"position\":2,\"name\":\"Das Wort der Woche: #Schulhofneugestaltung\"}]},{\"@type\":\"WebSite\",\"@id\":\"https:\\\/\\\/www.camaeleon.org\\\/en\\\/#website\",\"url\":\"https:\\\/\\\/www.camaeleon.org\\\/en\\\/\",\"name\":\"Cam\u00e4l\u00e9on\",\"description\":\"The online student magazine by Deutsch-Franz\u00f6sisches Gymnasium Saarbr\u00fccken\",\"publisher\":{\"@id\":\"https:\\\/\\\/www.camaeleon.org\\\/en\\\/#organization\"},\"potentialAction\":[{\"@type\":\"SearchAction\",\"target\":{\"@type\":\"EntryPoint\",\"urlTemplate\":\"https:\\\/\\\/www.camaeleon.org\\\/en\\\/?s={search_term_string}\"},\"query-input\":{\"@type\":\"PropertyValueSpecification\",\"valueRequired\":true,\"valueName\":\"search_term_string\"}}],\"inLanguage\":\"en-US\"},{\"@type\":\"Organization\",\"@id\":\"https:\\\/\\\/www.camaeleon.org\\\/en\\\/#organization\",\"name\":\"Cam\u00e4l\u00e9on\",\"url\":\"https:\\\/\\\/www.camaeleon.org\\\/en\\\/\",\"logo\":{\"@type\":\"ImageObject\",\"inLanguage\":\"en-US\",\"@id\":\"https:\\\/\\\/www.camaeleon.org\\\/en\\\/#\\\/schema\\\/logo\\\/image\\\/\",\"url\":\"https:\\\/\\\/www.camaeleon.org\\\/wp-content\\\/uploads\\\/2011\\\/11\\\/CAM\u00c4LEON.jpg\",\"contentUrl\":\"https:\\\/\\\/www.camaeleon.org\\\/wp-content\\\/uploads\\\/2011\\\/11\\\/CAM\u00c4LEON.jpg\",\"width\":959,\"height\":959,\"caption\":\"Cam\u00e4l\u00e9on\"},\"image\":{\"@id\":\"https:\\\/\\\/www.camaeleon.org\\\/en\\\/#\\\/schema\\\/logo\\\/image\\\/\"},\"sameAs\":[\"https:\\\/\\\/www.facebook.com\\\/camaeleon.org\\\/\",\"https:\\\/\\\/x.com\\\/camaeleonOrg\",\"https:\\\/\\\/www.instagram.com\\\/camaeleon.dfg\\\/\",\"https:\\\/\\\/www.youtube.com\\\/channel\\\/UCl3TAUDdGuu_c7CD6ax6hYg\"]},{\"@type\":\"Person\",\"@id\":\"https:\\\/\\\/www.camaeleon.org\\\/de\\\/#\\\/schema\\\/person\\\/0ad024d94bfa21dc9ec8d0a5c3fe6dba\",\"name\":\"Jonathan Carrez\",\"image\":{\"@type\":\"ImageObject\",\"inLanguage\":\"en-US\",\"@id\":\"https:\\\/\\\/www.camaeleon.org\\\/en\\\/wp-content\\\/uploads\\\/2024\\\/11\\\/Jonathan.jpge4c7b54b0746a51102c46ad3baef990b\",\"url\":\"https:\\\/\\\/www.camaeleon.org\\\/wp-content\\\/uploads\\\/2024\\\/11\\\/Jonathan.jpg\",\"contentUrl\":\"https:\\\/\\\/www.camaeleon.org\\\/wp-content\\\/uploads\\\/2024\\\/11\\\/Jonathan.jpg\",\"caption\":\"Jonathan Carrez\"},\"description\":\"Hi, I'm Jonathan. I'm in 7b, and I like drawing comics. I've part of Cam\u00e4l\u00e9on since 2024.\",\"url\":\"https:\\\/\\\/www.camaeleon.org\\\/en\\\/author\\\/jonathan-carrez\\\/\"}]}<\/script>\n<!-- \/ Yoast SEO plugin. -->","yoast_head_json":{"title":"Das Wort der Woche: #Schulhofneugestaltung - Cam\u00e4l\u00e9on","description":"Der Regionalverband plant einen neuen Schulhof am DFG. Die Sch\u00fclerinnen und Sch\u00fcler k\u00f6nnen bis zum 30. M\u00e4rz Ideen einreichen.","robots":{"index":"index","follow":"follow","max-snippet":"max-snippet:-1","max-image-preview":"max-image-preview:large","max-video-preview":"max-video-preview:-1"},"canonical":"https:\/\/www.camaeleon.org\/en\/2025\/03\/21\/das-wort-der-woche-schulhofneugestaltung\/","og_locale":"en_US","og_type":"article","og_title":"Das Wort der Woche: #Schulhofneugestaltung - Cam\u00e4l\u00e9on","og_description":"Der Regionalverband plant einen neuen Schulhof am DFG. Die Sch\u00fclerinnen und Sch\u00fcler k\u00f6nnen bis zum 30. M\u00e4rz Ideen einreichen.","og_url":"https:\/\/www.camaeleon.org\/en\/2025\/03\/21\/das-wort-der-woche-schulhofneugestaltung\/","og_site_name":"Cam\u00e4l\u00e9on","article_publisher":"https:\/\/www.facebook.com\/camaeleon.org\/","article_published_time":"2025-03-21T21:16:54+00:00","article_modified_time":"2025-03-27T06:36:16+00:00","og_image":[{"width":1000,"height":719,"url":"https:\/\/www.camaeleon.org\/wp-content\/uploads\/2025\/03\/Schulhof.png","type":"image\/png"}],"author":"Jonathan Carrez","twitter_card":"summary_large_image","twitter_creator":"@camaeleonOrg","twitter_site":"@camaeleonOrg","schema":{"@context":"https:\/\/schema.org","@graph":[{"@type":"Article","@id":"https:\/\/www.camaeleon.org\/2025\/03\/21\/das-wort-der-woche-schulhofneugestaltung\/#article","isPartOf":{"@id":"https:\/\/www.camaeleon.org\/2025\/03\/21\/das-wort-der-woche-schulhofneugestaltung\/"},"author":{"name":"Jonathan Carrez","@id":"https:\/\/www.camaeleon.org\/de\/#\/schema\/person\/0ad024d94bfa21dc9ec8d0a5c3fe6dba"},"headline":"Das Wort der Woche: #Schulhofneugestaltung","datePublished":"2025-03-21T21:16:54+00:00","dateModified":"2025-03-27T06:36:16+00:00","mainEntityOfPage":{"@id":"https:\/\/www.camaeleon.org\/2025\/03\/21\/das-wort-der-woche-schulhofneugestaltung\/"},"wordCount":91,"commentCount":0,"publisher":{"@id":"https:\/\/www.camaeleon.org\/de\/#organization"},"image":{"@id":"https:\/\/www.camaeleon.org\/2025\/03\/21\/das-wort-der-woche-schulhofneugestaltung\/#primaryimage"},"thumbnailUrl":"https:\/\/www.camaeleon.org\/wp-content\/uploads\/2025\/03\/Schulhof.png","keywords":["Cour de r\u00e9cr\u00e9ation","Schulhof"],"articleSection":["Word of the Week"],"inLanguage":"en-US","potentialAction":[{"@type":"CommentAction","name":"Comment","target":["https:\/\/www.camaeleon.org\/2025\/03\/21\/das-wort-der-woche-schulhofneugestaltung\/#respond"]}]},{"@type":"WebPage","@id":"https:\/\/www.camaeleon.org\/en\/2025\/03\/21\/das-wort-der-woche-schulhofneugestaltung\/","url":"https:\/\/www.camaeleon.org\/en\/2025\/03\/21\/das-wort-der-woche-schulhofneugestaltung\/","name":"Das Wort der Woche: #Schulhofneugestaltung - Cam\u00e4l\u00e9on","isPartOf":{"@id":"https:\/\/www.camaeleon.org\/en\/#website"},"primaryImageOfPage":{"@id":"https:\/\/www.camaeleon.org\/en\/2025\/03\/21\/das-wort-der-woche-schulhofneugestaltung\/#primaryimage"},"image":{"@id":"https:\/\/www.camaeleon.org\/2025\/03\/21\/das-wort-der-woche-schulhofneugestaltung\/#primaryimage"},"thumbnailUrl":"https:\/\/www.camaeleon.org\/wp-content\/uploads\/2025\/03\/Schulhof.png","datePublished":"2025-03-21T21:16:54+00:00","dateModified":"2025-03-27T06:36:16+00:00","description":"Der Regionalverband plant einen neuen Schulhof am DFG. Die Sch\u00fclerinnen und Sch\u00fcler k\u00f6nnen bis zum 30. M\u00e4rz Ideen einreichen.","breadcrumb":{"@id":"https:\/\/www.camaeleon.org\/en\/2025\/03\/21\/das-wort-der-woche-schulhofneugestaltung\/#breadcrumb"},"inLanguage":"en-US","potentialAction":[{"@type":"ReadAction","target":[["https:\/\/www.camaeleon.org\/en\/2025\/03\/21\/das-wort-der-woche-schulhofneugestaltung\/"]]}]},{"@type":"ImageObject","inLanguage":"en-US","@id":"https:\/\/www.camaeleon.org\/en\/2025\/03\/21\/das-wort-der-woche-schulhofneugestaltung\/#primaryimage","url":"https:\/\/www.camaeleon.org\/wp-content\/uploads\/2025\/03\/Schulhof.png","contentUrl":"https:\/\/www.camaeleon.org\/wp-content\/uploads\/2025\/03\/Schulhof.png","width":1000,"height":719,"caption":"KI-generiertes Foto (OpenAI DALL-E 3)"},{"@type":"BreadcrumbList","@id":"https:\/\/www.camaeleon.org\/en\/2025\/03\/21\/das-wort-der-woche-schulhofneugestaltung\/#breadcrumb","itemListElement":[{"@type":"ListItem","position":1,"name":"Home","item":"https:\/\/www.camaeleon.org\/en\/"},{"@type":"ListItem","position":2,"name":"Das Wort der Woche: #Schulhofneugestaltung"}]},{"@type":"WebSite","@id":"https:\/\/www.camaeleon.org\/en\/#website","url":"https:\/\/www.camaeleon.org\/en\/","name":"Cam\u00e4l\u00e9on","description":"The online student magazine by Deutsch-Franz\u00f6sisches Gymnasium Saarbr\u00fccken","publisher":{"@id":"https:\/\/www.camaeleon.org\/en\/#organization"},"potentialAction":[{"@type":"SearchAction","target":{"@type":"EntryPoint","urlTemplate":"https:\/\/www.camaeleon.org\/en\/?s={search_term_string}"},"query-input":{"@type":"PropertyValueSpecification","valueRequired":true,"valueName":"search_term_string"}}],"inLanguage":"en-US"},{"@type":"Organization","@id":"https:\/\/www.camaeleon.org\/en\/#organization","name":"Cam\u00e4l\u00e9on","url":"https:\/\/www.camaeleon.org\/en\/","logo":{"@type":"ImageObject","inLanguage":"en-US","@id":"https:\/\/www.camaeleon.org\/en\/#\/schema\/logo\/image\/","url":"https:\/\/www.camaeleon.org\/wp-content\/uploads\/2011\/11\/CAM\u00c4LEON.jpg","contentUrl":"https:\/\/www.camaeleon.org\/wp-content\/uploads\/2011\/11\/CAM\u00c4LEON.jpg","width":959,"height":959,"caption":"Cam\u00e4l\u00e9on"},"image":{"@id":"https:\/\/www.camaeleon.org\/en\/#\/schema\/logo\/image\/"},"sameAs":["https:\/\/www.facebook.com\/camaeleon.org\/","https:\/\/x.com\/camaeleonOrg","https:\/\/www.instagram.com\/camaeleon.dfg\/","https:\/\/www.youtube.com\/channel\/UCl3TAUDdGuu_c7CD6ax6hYg"]},{"@type":"Person","@id":"https:\/\/www.camaeleon.org\/de\/#\/schema\/person\/0ad024d94bfa21dc9ec8d0a5c3fe6dba","name":"Jonathan Carrez","image":{"@type":"ImageObject","inLanguage":"en-US","@id":"https:\/\/www.camaeleon.org\/en\/wp-content\/uploads\/2024\/11\/Jonathan.jpge4c7b54b0746a51102c46ad3baef990b","url":"https:\/\/www.camaeleon.org\/wp-content\/uploads\/2024\/11\/Jonathan.jpg","contentUrl":"https:\/\/www.camaeleon.org\/wp-content\/uploads\/2024\/11\/Jonathan.jpg","caption":"Jonathan Carrez"},"description":"Hi, I'm Jonathan. I'm in 7b, and I like drawing comics. I've part of Cam\u00e4l\u00e9on since 2024.","url":"https:\/\/www.camaeleon.org\/en\/author\/jonathan-carrez\/"}]}},"_links":{"self":[{"href":"https:\/\/www.camaeleon.org\/en\/wp-json\/wp\/v2\/posts\/32199","targetHints":{"allow":["GET"]}}],"collection":[{"href":"https:\/\/www.camaeleon.org\/en\/wp-json\/wp\/v2\/posts"}],"about":[{"href":"https:\/\/www.camaeleon.org\/en\/wp-json\/wp\/v2\/types\/post"}],"author":[{"embeddable":true,"href":"https:\/\/www.camaeleon.org\/en\/wp-json\/wp\/v2\/users\/185"}],"replies":[{"embeddable":true,"href":"https:\/\/www.camaeleon.org\/en\/wp-json\/wp\/v2\/comments?post=32199"}],"version-history":[{"count":1,"href":"https:\/\/www.camaeleon.org\/en\/wp-json\/wp\/v2\/posts\/32199\/revisions"}],"predecessor-version":[{"id":32206,"href":"https:\/\/www.camaeleon.org\/en\/wp-json\/wp\/v2\/posts\/32199\/revisions\/32206"}],"wp:featuredmedia":[{"embeddable":true,"href":"https:\/\/www.camaeleon.org\/en\/wp-json\/wp\/v2\/media\/32205"}],"wp:attachment":[{"href":"https:\/\/www.camaeleon.org\/en\/wp-json\/wp\/v2\/media?parent=32199"}],"wp:term":[{"taxonomy":"category","embeddable":true,"href":"https:\/\/www.camaeleon.org\/en\/wp-json\/wp\/v2\/categories?post=32199"},{"taxonomy":"post_tag","embeddable":true,"href":"https:\/\/www.camaeleon.org\/en\/wp-json\/wp\/v2\/tags?post=32199"},{"taxonomy":"author","embeddable":true,"href":"https:\/\/www.camaeleon.org\/en\/wp-json\/wp\/v2\/coauthors?post=32199"}],"curies":[{"name":"wp","href":"https:\/\/api.w.org\/{rel}","templated":true}]}}