{"id":31245,"date":"2024-06-21T18:47:13","date_gmt":"2024-06-21T16:47:13","guid":{"rendered":"https:\/\/www.camaeleon.org\/?p=31245"},"modified":"2024-06-25T13:22:58","modified_gmt":"2024-06-25T11:22:58","slug":"le-mot-de-la-semaine-fete-de-la-musique","status":"publish","type":"post","link":"https:\/\/www.camaeleon.org\/en\/2024\/06\/21\/le-mot-de-la-semaine-fete-de-la-musique\/","title":{"rendered":"Le mot de la semaine : #F\u00eate-de-la-musique"},"content":{"rendered":"<p><\/p>\n<div class=\"mceTemp\">\n<p><img loading=\"lazy\" decoding=\"async\" class=\"size-medium wp-image-31300\" src=\"https:\/\/www.camaeleon.org\/wp-content\/uploads\/2024\/06\/6675c5211fee2-300x225.png\" alt=\"\" width=\"300\" height=\"225\" srcset=\"https:\/\/www.camaeleon.org\/wp-content\/uploads\/2024\/06\/6675c5211fee2-300x225.png 300w, https:\/\/www.camaeleon.org\/wp-content\/uploads\/2024\/06\/6675c5211fee2-799x600.png 799w, https:\/\/www.camaeleon.org\/wp-content\/uploads\/2024\/06\/6675c5211fee2.png 812w\" sizes=\"auto, (max-width: 300px) 100vw, 300px\" \/><\/p>\n<p>F\u00eate de la musique \u00e0 Sarrebruck. Photo : L.H-ALa f\u00eate de la musique, imagin\u00e9e en 1976, par un musicien am\u00e9ricain, nomm\u00e9 Joel Cohen, a connu depuis un succ\u00e8s croissant. Elle a comme vocation de promouvoir la musique de 2 fa\u00e7ons. En effet, phon\u00e9tiquement, elle peut non seulement \u00eatre comprise\u00a0 comme &#8221; F\u00eate de la musique &#8221; mais aussi comme &#8221; Faites de la musique !&#8221; Ainsi encourage-t-elle les musiciennes et musiciens en herbe \u00e0 se produire b\u00e9n\u00e9volement dans les rues. La musique \u00e9tant un vecteur de la communication universel, cet \u00e9v\u00e9nement s&#8217;est aujourd&#8217;hui compl\u00e8tement internationalis\u00e9 : en moins de 15 ans, il s&#8217;est diffus\u00e9 dans 110 pays sur les 5 continents.<\/p>\n<p>En octobre 1981, Jack Lang, ministre de la Culture en France, nomme Maurice Fleuret au poste de directeur de la musique et de la danse. Maurice Fleuret applique ses r\u00e9flexions sur la pratique musicale et pose les fondements d&#8217;une nouvelle conception : &#8221; La musique sera partout et le concert nulle part ! &#8221; Une grande enqu\u00eate sur les pratiques culturelles des Fran\u00e7aises et des Fran\u00e7ais, lanc\u00e9e en 1982, prouve qu&#8217;un jeune sur deux joue d&#8217;un instrument de musique. De ce fait, Jack Lang et Maurice Fleuret imaginent une grande manifestation populaire qui permette \u00e0 tous les musiciens de s&#8217;exprimer et de se\u00a0 faire conna\u00eetre. C&#8217;est de cette fa\u00e7on qu&#8217;est organis\u00e9e la premi\u00e8re \u00e9dition de cette f\u00eate gratuite, ouverte \u00e0 toutes les musiques &#8221; sans hi\u00e9rarchie de genres et de pratiques &#8221; et \u00e0 tout le monde, le 21 juin 1982, jour symbolique du solstice d&#8217;\u00e9t\u00e9.<\/p>\n<p>Cette ann\u00e9e, si vous voulez assister \u00e0 la 42eme \u00e9dition de la F\u00eate de la Musique, inutile de passer la fronti\u00e8re. Sarrebruck sera encore de la partie. Vous pourrez\u00a0 jouer de votre instrument pr\u00e9f\u00e9r\u00e9 ou bien vous d\u00e9lecter de la musique jou\u00e9e par d&#8217;autres, c&#8217;est comme vous voudrez !!<\/p>\n<\/div>\n<p><\/p>","protected":false},"excerpt":{"rendered":"<p>Sorry, this entry is only available in Fran\u00e7ais. La f\u00eate de la musique, imagin\u00e9e en 1976, par un musicien am\u00e9ricain, nomm\u00e9 Joel Cohen, a connu<\/p>\n","protected":false},"author":174,"featured_media":31302,"comment_status":"open","ping_status":"closed","sticky":false,"template":"","format":"standard","meta":{"colormag_page_container_layout":"default_layout","colormag_page_sidebar_layout":"default_layout","footnotes":""},"categories":[8,864],"tags":[2519,2521,2520,2514,2517,2516,2515,2518],"coauthors":[2249],"class_list":["post-31245","post","type-post","status-publish","format-standard","has-post-thumbnail","hentry","category-culture","category-le-mot-de-la-semaine","tag-2519","tag-21-juin","tag-21-juin-1982","tag-fete-de-la-musique","tag-jack-lang","tag-joel-cohen","tag-la-musique-sera-partout","tag-maurice-fleuret"],"yoast_head":"<!-- This site is optimized with the Yoast SEO plugin v27.5 - https:\/\/yoast.com\/product\/yoast-seo-wordpress\/ -->\n<title>Le mot de la semaine : #F\u00eate-de-la-musique - Cam\u00e4l\u00e9on<\/title>\n<meta name=\"description\" content=\"La f\u00eate de la musique, imagin\u00e9e en 1976, par un musicien am\u00e9ricain, nomm\u00e9 Joel Cohen, a connu depuis un succ\u00e8s croissant.\" \/>\n<meta name=\"robots\" content=\"index, follow, max-snippet:-1, max-image-preview:large, max-video-preview:-1\" \/>\n<link rel=\"canonical\" href=\"https:\/\/www.camaeleon.org\/en\/2024\/06\/21\/le-mot-de-la-semaine-fete-de-la-musique\/\" \/>\n<meta property=\"og:locale\" content=\"en_US\" \/>\n<meta property=\"og:type\" content=\"article\" \/>\n<meta property=\"og:title\" content=\"Le mot de la semaine : #F\u00eate-de-la-musique - Cam\u00e4l\u00e9on\" \/>\n<meta property=\"og:description\" content=\"La f\u00eate de la musique, imagin\u00e9e en 1976, par un musicien am\u00e9ricain, nomm\u00e9 Joel Cohen, a connu depuis un succ\u00e8s croissant.\" \/>\n<meta property=\"og:url\" content=\"https:\/\/www.camaeleon.org\/en\/2024\/06\/21\/le-mot-de-la-semaine-fete-de-la-musique\/\" \/>\n<meta property=\"og:site_name\" content=\"Cam\u00e4l\u00e9on\" \/>\n<meta property=\"article:publisher\" content=\"https:\/\/www.facebook.com\/camaeleon.org\/\" \/>\n<meta property=\"article:published_time\" content=\"2024-06-21T16:47:13+00:00\" \/>\n<meta property=\"article:modified_time\" content=\"2024-06-25T11:22:58+00:00\" \/>\n<meta property=\"og:image\" content=\"https:\/\/www.camaeleon.org\/wp-content\/uploads\/2024\/06\/6675c52120bb2.png\" \/>\n\t<meta property=\"og:image:width\" content=\"488\" \/>\n\t<meta property=\"og:image:height\" content=\"650\" \/>\n\t<meta property=\"og:image:type\" content=\"image\/png\" \/>\n<meta name=\"author\" content=\"Louis Huff-Andr\u00e9\" \/>\n<meta name=\"twitter:card\" content=\"summary_large_image\" \/>\n<meta name=\"twitter:creator\" content=\"@camaeleonOrg\" \/>\n<meta name=\"twitter:site\" content=\"@camaeleonOrg\" \/>\n<script type=\"application\/ld+json\" class=\"yoast-schema-graph\">{\"@context\":\"https:\\\/\\\/schema.org\",\"@graph\":[{\"@type\":\"Article\",\"@id\":\"https:\\\/\\\/www.camaeleon.org\\\/2024\\\/06\\\/21\\\/le-mot-de-la-semaine-fete-de-la-musique\\\/#article\",\"isPartOf\":{\"@id\":\"https:\\\/\\\/www.camaeleon.org\\\/2024\\\/06\\\/21\\\/le-mot-de-la-semaine-fete-de-la-musique\\\/\"},\"author\":{\"name\":\"Louis Huff-Andr\u00e9\",\"@id\":\"https:\\\/\\\/www.camaeleon.org\\\/de\\\/#\\\/schema\\\/person\\\/cd46c7f8b1d7fe75eff89acdafc86cdd\"},\"headline\":\"Le mot de la semaine : #F\u00eate-de-la-musique\",\"datePublished\":\"2024-06-21T16:47:13+00:00\",\"dateModified\":\"2024-06-25T11:22:58+00:00\",\"mainEntityOfPage\":{\"@id\":\"https:\\\/\\\/www.camaeleon.org\\\/2024\\\/06\\\/21\\\/le-mot-de-la-semaine-fete-de-la-musique\\\/\"},\"wordCount\":989,\"commentCount\":0,\"publisher\":{\"@id\":\"https:\\\/\\\/www.camaeleon.org\\\/de\\\/#organization\"},\"image\":{\"@id\":\"https:\\\/\\\/www.camaeleon.org\\\/2024\\\/06\\\/21\\\/le-mot-de-la-semaine-fete-de-la-musique\\\/#primaryimage\"},\"thumbnailUrl\":\"https:\\\/\\\/www.camaeleon.org\\\/wp-content\\\/uploads\\\/2024\\\/06\\\/6675c52120bb2.png\",\"keywords\":[\"1976\",\"21 juin\",\"21 juin 1982\",\"F\u00eate de la musique\",\"Jack Lang\",\"Joel Cohen\",\"La musique sera partout\",\"Maurice Fleuret\"],\"articleSection\":[\"Culture\",\"Word of the Week\"],\"inLanguage\":\"en-US\",\"potentialAction\":[{\"@type\":\"CommentAction\",\"name\":\"Comment\",\"target\":[\"https:\\\/\\\/www.camaeleon.org\\\/2024\\\/06\\\/21\\\/le-mot-de-la-semaine-fete-de-la-musique\\\/#respond\"]}]},{\"@type\":\"WebPage\",\"@id\":\"https:\\\/\\\/www.camaeleon.org\\\/en\\\/2024\\\/06\\\/21\\\/le-mot-de-la-semaine-fete-de-la-musique\\\/\",\"url\":\"https:\\\/\\\/www.camaeleon.org\\\/en\\\/2024\\\/06\\\/21\\\/le-mot-de-la-semaine-fete-de-la-musique\\\/\",\"name\":\"Le mot de la semaine : #F\u00eate-de-la-musique - Cam\u00e4l\u00e9on\",\"isPartOf\":{\"@id\":\"https:\\\/\\\/www.camaeleon.org\\\/en\\\/#website\"},\"primaryImageOfPage\":{\"@id\":\"https:\\\/\\\/www.camaeleon.org\\\/en\\\/2024\\\/06\\\/21\\\/le-mot-de-la-semaine-fete-de-la-musique\\\/#primaryimage\"},\"image\":{\"@id\":\"https:\\\/\\\/www.camaeleon.org\\\/2024\\\/06\\\/21\\\/le-mot-de-la-semaine-fete-de-la-musique\\\/#primaryimage\"},\"thumbnailUrl\":\"https:\\\/\\\/www.camaeleon.org\\\/wp-content\\\/uploads\\\/2024\\\/06\\\/6675c52120bb2.png\",\"datePublished\":\"2024-06-21T16:47:13+00:00\",\"dateModified\":\"2024-06-25T11:22:58+00:00\",\"description\":\"La f\u00eate de la musique, imagin\u00e9e en 1976, par un musicien am\u00e9ricain, nomm\u00e9 Joel Cohen, a connu depuis un succ\u00e8s croissant.\",\"breadcrumb\":{\"@id\":\"https:\\\/\\\/www.camaeleon.org\\\/en\\\/2024\\\/06\\\/21\\\/le-mot-de-la-semaine-fete-de-la-musique\\\/#breadcrumb\"},\"inLanguage\":\"en-US\",\"potentialAction\":[{\"@type\":\"ReadAction\",\"target\":[[\"https:\\\/\\\/www.camaeleon.org\\\/en\\\/2024\\\/06\\\/21\\\/le-mot-de-la-semaine-fete-de-la-musique\\\/\"]]}]},{\"@type\":\"ImageObject\",\"inLanguage\":\"en-US\",\"@id\":\"https:\\\/\\\/www.camaeleon.org\\\/en\\\/2024\\\/06\\\/21\\\/le-mot-de-la-semaine-fete-de-la-musique\\\/#primaryimage\",\"url\":\"https:\\\/\\\/www.camaeleon.org\\\/wp-content\\\/uploads\\\/2024\\\/06\\\/6675c52120bb2.png\",\"contentUrl\":\"https:\\\/\\\/www.camaeleon.org\\\/wp-content\\\/uploads\\\/2024\\\/06\\\/6675c52120bb2.png\",\"width\":488,\"height\":650,\"caption\":\"F\u00eate de la musique 2024. Photo : L. H-A\"},{\"@type\":\"BreadcrumbList\",\"@id\":\"https:\\\/\\\/www.camaeleon.org\\\/en\\\/2024\\\/06\\\/21\\\/le-mot-de-la-semaine-fete-de-la-musique\\\/#breadcrumb\",\"itemListElement\":[{\"@type\":\"ListItem\",\"position\":1,\"name\":\"Home\",\"item\":\"https:\\\/\\\/www.camaeleon.org\\\/en\\\/\"},{\"@type\":\"ListItem\",\"position\":2,\"name\":\"Le mot de la semaine : #F\u00eate-de-la-musique\"}]},{\"@type\":\"WebSite\",\"@id\":\"https:\\\/\\\/www.camaeleon.org\\\/en\\\/#website\",\"url\":\"https:\\\/\\\/www.camaeleon.org\\\/en\\\/\",\"name\":\"Cam\u00e4l\u00e9on\",\"description\":\"The online student magazine by Deutsch-Franz\u00f6sisches Gymnasium Saarbr\u00fccken\",\"publisher\":{\"@id\":\"https:\\\/\\\/www.camaeleon.org\\\/en\\\/#organization\"},\"potentialAction\":[{\"@type\":\"SearchAction\",\"target\":{\"@type\":\"EntryPoint\",\"urlTemplate\":\"https:\\\/\\\/www.camaeleon.org\\\/en\\\/?s={search_term_string}\"},\"query-input\":{\"@type\":\"PropertyValueSpecification\",\"valueRequired\":true,\"valueName\":\"search_term_string\"}}],\"inLanguage\":\"en-US\"},{\"@type\":\"Organization\",\"@id\":\"https:\\\/\\\/www.camaeleon.org\\\/en\\\/#organization\",\"name\":\"Cam\u00e4l\u00e9on\",\"url\":\"https:\\\/\\\/www.camaeleon.org\\\/en\\\/\",\"logo\":{\"@type\":\"ImageObject\",\"inLanguage\":\"en-US\",\"@id\":\"https:\\\/\\\/www.camaeleon.org\\\/en\\\/#\\\/schema\\\/logo\\\/image\\\/\",\"url\":\"https:\\\/\\\/www.camaeleon.org\\\/wp-content\\\/uploads\\\/2011\\\/11\\\/CAM\u00c4LEON.jpg\",\"contentUrl\":\"https:\\\/\\\/www.camaeleon.org\\\/wp-content\\\/uploads\\\/2011\\\/11\\\/CAM\u00c4LEON.jpg\",\"width\":959,\"height\":959,\"caption\":\"Cam\u00e4l\u00e9on\"},\"image\":{\"@id\":\"https:\\\/\\\/www.camaeleon.org\\\/en\\\/#\\\/schema\\\/logo\\\/image\\\/\"},\"sameAs\":[\"https:\\\/\\\/www.facebook.com\\\/camaeleon.org\\\/\",\"https:\\\/\\\/x.com\\\/camaeleonOrg\",\"https:\\\/\\\/www.instagram.com\\\/camaeleon.dfg\\\/\",\"https:\\\/\\\/www.youtube.com\\\/channel\\\/UCl3TAUDdGuu_c7CD6ax6hYg\"]},{\"@type\":\"Person\",\"@id\":\"https:\\\/\\\/www.camaeleon.org\\\/de\\\/#\\\/schema\\\/person\\\/cd46c7f8b1d7fe75eff89acdafc86cdd\",\"name\":\"Louis Huff-Andr\u00e9\",\"image\":{\"@type\":\"ImageObject\",\"inLanguage\":\"en-US\",\"@id\":\"https:\\\/\\\/www.camaeleon.org\\\/en\\\/wp-content\\\/uploads\\\/2023\\\/10\\\/andre-150x150.jpg9e7cb8ff4a023d8b2775108b6d99a22d\",\"url\":\"https:\\\/\\\/www.camaeleon.org\\\/wp-content\\\/uploads\\\/2023\\\/10\\\/andre-150x150.jpg\",\"contentUrl\":\"https:\\\/\\\/www.camaeleon.org\\\/wp-content\\\/uploads\\\/2023\\\/10\\\/andre-150x150.jpg\",\"caption\":\"Louis Huff-Andr\u00e9\"},\"description\":\"Hello, my name is Louis Huff-Andr\u00e9 and I am 13 years old. I'm in 9S2 and have been in Cam\u00e4leon for three years. I like reading German and French comics and crime novels. I also like to listen to different pieces of music and try to play them on the piano if I like them!\",\"url\":\"https:\\\/\\\/www.camaeleon.org\\\/en\\\/author\\\/louis-huff-andre\\\/\"}]}<\/script>\n<!-- \/ Yoast SEO plugin. -->","yoast_head_json":{"title":"Le mot de la semaine : #F\u00eate-de-la-musique - Cam\u00e4l\u00e9on","description":"La f\u00eate de la musique, imagin\u00e9e en 1976, par un musicien am\u00e9ricain, nomm\u00e9 Joel Cohen, a connu depuis un succ\u00e8s croissant.","robots":{"index":"index","follow":"follow","max-snippet":"max-snippet:-1","max-image-preview":"max-image-preview:large","max-video-preview":"max-video-preview:-1"},"canonical":"https:\/\/www.camaeleon.org\/en\/2024\/06\/21\/le-mot-de-la-semaine-fete-de-la-musique\/","og_locale":"en_US","og_type":"article","og_title":"Le mot de la semaine : #F\u00eate-de-la-musique - Cam\u00e4l\u00e9on","og_description":"La f\u00eate de la musique, imagin\u00e9e en 1976, par un musicien am\u00e9ricain, nomm\u00e9 Joel Cohen, a connu depuis un succ\u00e8s croissant.","og_url":"https:\/\/www.camaeleon.org\/en\/2024\/06\/21\/le-mot-de-la-semaine-fete-de-la-musique\/","og_site_name":"Cam\u00e4l\u00e9on","article_publisher":"https:\/\/www.facebook.com\/camaeleon.org\/","article_published_time":"2024-06-21T16:47:13+00:00","article_modified_time":"2024-06-25T11:22:58+00:00","og_image":[{"width":488,"height":650,"url":"https:\/\/www.camaeleon.org\/wp-content\/uploads\/2024\/06\/6675c52120bb2.png","type":"image\/png"}],"author":"Louis Huff-Andr\u00e9","twitter_card":"summary_large_image","twitter_creator":"@camaeleonOrg","twitter_site":"@camaeleonOrg","schema":{"@context":"https:\/\/schema.org","@graph":[{"@type":"Article","@id":"https:\/\/www.camaeleon.org\/2024\/06\/21\/le-mot-de-la-semaine-fete-de-la-musique\/#article","isPartOf":{"@id":"https:\/\/www.camaeleon.org\/2024\/06\/21\/le-mot-de-la-semaine-fete-de-la-musique\/"},"author":{"name":"Louis Huff-Andr\u00e9","@id":"https:\/\/www.camaeleon.org\/de\/#\/schema\/person\/cd46c7f8b1d7fe75eff89acdafc86cdd"},"headline":"Le mot de la semaine : #F\u00eate-de-la-musique","datePublished":"2024-06-21T16:47:13+00:00","dateModified":"2024-06-25T11:22:58+00:00","mainEntityOfPage":{"@id":"https:\/\/www.camaeleon.org\/2024\/06\/21\/le-mot-de-la-semaine-fete-de-la-musique\/"},"wordCount":989,"commentCount":0,"publisher":{"@id":"https:\/\/www.camaeleon.org\/de\/#organization"},"image":{"@id":"https:\/\/www.camaeleon.org\/2024\/06\/21\/le-mot-de-la-semaine-fete-de-la-musique\/#primaryimage"},"thumbnailUrl":"https:\/\/www.camaeleon.org\/wp-content\/uploads\/2024\/06\/6675c52120bb2.png","keywords":["1976","21 juin","21 juin 1982","F\u00eate de la musique","Jack Lang","Joel Cohen","La musique sera partout","Maurice Fleuret"],"articleSection":["Culture","Word of the Week"],"inLanguage":"en-US","potentialAction":[{"@type":"CommentAction","name":"Comment","target":["https:\/\/www.camaeleon.org\/2024\/06\/21\/le-mot-de-la-semaine-fete-de-la-musique\/#respond"]}]},{"@type":"WebPage","@id":"https:\/\/www.camaeleon.org\/en\/2024\/06\/21\/le-mot-de-la-semaine-fete-de-la-musique\/","url":"https:\/\/www.camaeleon.org\/en\/2024\/06\/21\/le-mot-de-la-semaine-fete-de-la-musique\/","name":"Le mot de la semaine : #F\u00eate-de-la-musique - Cam\u00e4l\u00e9on","isPartOf":{"@id":"https:\/\/www.camaeleon.org\/en\/#website"},"primaryImageOfPage":{"@id":"https:\/\/www.camaeleon.org\/en\/2024\/06\/21\/le-mot-de-la-semaine-fete-de-la-musique\/#primaryimage"},"image":{"@id":"https:\/\/www.camaeleon.org\/2024\/06\/21\/le-mot-de-la-semaine-fete-de-la-musique\/#primaryimage"},"thumbnailUrl":"https:\/\/www.camaeleon.org\/wp-content\/uploads\/2024\/06\/6675c52120bb2.png","datePublished":"2024-06-21T16:47:13+00:00","dateModified":"2024-06-25T11:22:58+00:00","description":"La f\u00eate de la musique, imagin\u00e9e en 1976, par un musicien am\u00e9ricain, nomm\u00e9 Joel Cohen, a connu depuis un succ\u00e8s croissant.","breadcrumb":{"@id":"https:\/\/www.camaeleon.org\/en\/2024\/06\/21\/le-mot-de-la-semaine-fete-de-la-musique\/#breadcrumb"},"inLanguage":"en-US","potentialAction":[{"@type":"ReadAction","target":[["https:\/\/www.camaeleon.org\/en\/2024\/06\/21\/le-mot-de-la-semaine-fete-de-la-musique\/"]]}]},{"@type":"ImageObject","inLanguage":"en-US","@id":"https:\/\/www.camaeleon.org\/en\/2024\/06\/21\/le-mot-de-la-semaine-fete-de-la-musique\/#primaryimage","url":"https:\/\/www.camaeleon.org\/wp-content\/uploads\/2024\/06\/6675c52120bb2.png","contentUrl":"https:\/\/www.camaeleon.org\/wp-content\/uploads\/2024\/06\/6675c52120bb2.png","width":488,"height":650,"caption":"F\u00eate de la musique 2024. Photo : L. H-A"},{"@type":"BreadcrumbList","@id":"https:\/\/www.camaeleon.org\/en\/2024\/06\/21\/le-mot-de-la-semaine-fete-de-la-musique\/#breadcrumb","itemListElement":[{"@type":"ListItem","position":1,"name":"Home","item":"https:\/\/www.camaeleon.org\/en\/"},{"@type":"ListItem","position":2,"name":"Le mot de la semaine : #F\u00eate-de-la-musique"}]},{"@type":"WebSite","@id":"https:\/\/www.camaeleon.org\/en\/#website","url":"https:\/\/www.camaeleon.org\/en\/","name":"Cam\u00e4l\u00e9on","description":"The online student magazine by Deutsch-Franz\u00f6sisches Gymnasium Saarbr\u00fccken","publisher":{"@id":"https:\/\/www.camaeleon.org\/en\/#organization"},"potentialAction":[{"@type":"SearchAction","target":{"@type":"EntryPoint","urlTemplate":"https:\/\/www.camaeleon.org\/en\/?s={search_term_string}"},"query-input":{"@type":"PropertyValueSpecification","valueRequired":true,"valueName":"search_term_string"}}],"inLanguage":"en-US"},{"@type":"Organization","@id":"https:\/\/www.camaeleon.org\/en\/#organization","name":"Cam\u00e4l\u00e9on","url":"https:\/\/www.camaeleon.org\/en\/","logo":{"@type":"ImageObject","inLanguage":"en-US","@id":"https:\/\/www.camaeleon.org\/en\/#\/schema\/logo\/image\/","url":"https:\/\/www.camaeleon.org\/wp-content\/uploads\/2011\/11\/CAM\u00c4LEON.jpg","contentUrl":"https:\/\/www.camaeleon.org\/wp-content\/uploads\/2011\/11\/CAM\u00c4LEON.jpg","width":959,"height":959,"caption":"Cam\u00e4l\u00e9on"},"image":{"@id":"https:\/\/www.camaeleon.org\/en\/#\/schema\/logo\/image\/"},"sameAs":["https:\/\/www.facebook.com\/camaeleon.org\/","https:\/\/x.com\/camaeleonOrg","https:\/\/www.instagram.com\/camaeleon.dfg\/","https:\/\/www.youtube.com\/channel\/UCl3TAUDdGuu_c7CD6ax6hYg"]},{"@type":"Person","@id":"https:\/\/www.camaeleon.org\/de\/#\/schema\/person\/cd46c7f8b1d7fe75eff89acdafc86cdd","name":"Louis Huff-Andr\u00e9","image":{"@type":"ImageObject","inLanguage":"en-US","@id":"https:\/\/www.camaeleon.org\/en\/wp-content\/uploads\/2023\/10\/andre-150x150.jpg9e7cb8ff4a023d8b2775108b6d99a22d","url":"https:\/\/www.camaeleon.org\/wp-content\/uploads\/2023\/10\/andre-150x150.jpg","contentUrl":"https:\/\/www.camaeleon.org\/wp-content\/uploads\/2023\/10\/andre-150x150.jpg","caption":"Louis Huff-Andr\u00e9"},"description":"Hello, my name is Louis Huff-Andr\u00e9 and I am 13 years old. I'm in 9S2 and have been in Cam\u00e4leon for three years. I like reading German and French comics and crime novels. I also like to listen to different pieces of music and try to play them on the piano if I like them!","url":"https:\/\/www.camaeleon.org\/en\/author\/louis-huff-andre\/"}]}},"_links":{"self":[{"href":"https:\/\/www.camaeleon.org\/en\/wp-json\/wp\/v2\/posts\/31245","targetHints":{"allow":["GET"]}}],"collection":[{"href":"https:\/\/www.camaeleon.org\/en\/wp-json\/wp\/v2\/posts"}],"about":[{"href":"https:\/\/www.camaeleon.org\/en\/wp-json\/wp\/v2\/types\/post"}],"author":[{"embeddable":true,"href":"https:\/\/www.camaeleon.org\/en\/wp-json\/wp\/v2\/users\/174"}],"replies":[{"embeddable":true,"href":"https:\/\/www.camaeleon.org\/en\/wp-json\/wp\/v2\/comments?post=31245"}],"version-history":[{"count":3,"href":"https:\/\/www.camaeleon.org\/en\/wp-json\/wp\/v2\/posts\/31245\/revisions"}],"predecessor-version":[{"id":31307,"href":"https:\/\/www.camaeleon.org\/en\/wp-json\/wp\/v2\/posts\/31245\/revisions\/31307"}],"wp:featuredmedia":[{"embeddable":true,"href":"https:\/\/www.camaeleon.org\/en\/wp-json\/wp\/v2\/media\/31302"}],"wp:attachment":[{"href":"https:\/\/www.camaeleon.org\/en\/wp-json\/wp\/v2\/media?parent=31245"}],"wp:term":[{"taxonomy":"category","embeddable":true,"href":"https:\/\/www.camaeleon.org\/en\/wp-json\/wp\/v2\/categories?post=31245"},{"taxonomy":"post_tag","embeddable":true,"href":"https:\/\/www.camaeleon.org\/en\/wp-json\/wp\/v2\/tags?post=31245"},{"taxonomy":"author","embeddable":true,"href":"https:\/\/www.camaeleon.org\/en\/wp-json\/wp\/v2\/coauthors?post=31245"}],"curies":[{"name":"wp","href":"https:\/\/api.w.org\/{rel}","templated":true}]}}