{"id":31059,"date":"2024-10-21T14:10:13","date_gmt":"2024-10-21T12:10:13","guid":{"rendered":"https:\/\/www.camaeleon.org\/?p=31059"},"modified":"2025-05-10T19:35:36","modified_gmt":"2025-05-10T17:35:36","slug":"neunter-der-weltrangliste-und-olympia-silber-interview-mit-patrick-franziska","status":"publish","type":"post","link":"https:\/\/www.camaeleon.org\/en\/2024\/10\/21\/neunter-der-weltrangliste-und-olympia-silber-interview-mit-patrick-franziska\/","title":{"rendered":"Neunter der Weltrangliste und Olympia-Silber &#8211; Interview mit Patrick Franziska"},"content":{"rendered":"<figure id=\"attachment_31217\" aria-describedby=\"caption-attachment-31217\" style=\"width: 300px\" class=\"wp-caption alignleft\"><a href=\"https:\/\/www.camaeleon.org\/wp-content\/uploads\/2024\/06\/franziska-patrick.png\"><img loading=\"lazy\" decoding=\"async\" class=\"size-medium wp-image-31217\" src=\"https:\/\/www.camaeleon.org\/wp-content\/uploads\/2024\/06\/franziska-patrick-300x226.png\" alt=\"Cam\u00e4l\u00e9on-Redakteure mit Patrick Franziska\" width=\"300\" height=\"226\" srcset=\"https:\/\/www.camaeleon.org\/wp-content\/uploads\/2024\/06\/franziska-patrick-300x226.png 300w, https:\/\/www.camaeleon.org\/wp-content\/uploads\/2024\/06\/franziska-patrick-796x600.png 796w, https:\/\/www.camaeleon.org\/wp-content\/uploads\/2024\/06\/franziska-patrick.png 1204w\" sizes=\"auto, (max-width: 300px) 100vw, 300px\" \/><\/a><figcaption id=\"caption-attachment-31217\" class=\"wp-caption-text\">Cam\u00e4l\u00e9on-Redakteure mit Patrick Franziska (Foto: Cam\u00e4l\u00e9on)<\/figcaption><\/figure>\n<p>Er geh\u00f6rt zur Tischtennis-Elite, spielt seit seiner Kindheit. Seine H\u00f6chstplatzierung? Neunter der Weltrangliste. Patrick Franziska vertritt Deutschland regelm\u00e4\u00dfig bei internationalen Tischtennisturnieren. Im Rahmen eines Workshops hatte Cam\u00e4l\u00e9on die Gelegenheit, den Bronzegewinner im Mixed-Doppel der diesj\u00e4hrigen Tischtennis-EM zu interviewen.<\/p>\n<p><strong>Patrick, kannst du uns sagen, wie du zum Tischtennis gekommen bist und angefangen hast, professionell zu spielen?\u00a0<\/strong><\/p>\n<p><span data-contrast=\"auto\">Ja klar. Mein Papa, meine Mama und mein Opa haben alle Tischtennis gespielt. Im h\u00f6chsten Odenwald, in Hessen. Und dann habe ich im Urlaub schon mal mit meinem Papa gespielt. Da habe ich noch auf der Tischtennisplatte gesessen, weil ich noch zu klein war, um dr\u00fcber zu gucken, und habe dann mit sechs angefangen im Verein. Mit 16 bin ich dann Profi geworden.<\/span><span data-ccp-props=\"{&quot;201341983&quot;:0,&quot;335559739&quot;:160,&quot;335559740&quot;:279}\">\u00a0<\/span><\/p>\n<p><strong>Was war dein bisher gr\u00f6\u00dfter Erfolg in deiner Karriere?\u00a0<\/strong><\/p>\n<p><span data-contrast=\"auto\">Die Silbermedaille bei den Olympischen Spielen in Tokio mit der Mannschaft. So eine olympische Medaille ist schon etwas sehr, sehr Besonderes. Jetzt gerade letzte Woche war ich bei einem Grand Smash, das ist wie ein Grand Slam im Tennis, im Finale. Da waren die besten Spieler \u00fcberhaupt dabei, und das war auch ein sehr sch\u00f6ner Erfolg.<\/span><span data-ccp-props=\"{&quot;201341983&quot;:0,&quot;335559739&quot;:160,&quot;335559740&quot;:279}\">\u00a0<\/span><\/p>\n<p><strong>Wie sieht ein typischer Trainingstag f\u00fcr dich aus?\u00a0<\/strong><\/p>\n<p><span data-contrast=\"auto\">Grunds\u00e4tzlich habe ich Training um 09:30 Uhr. Das geht dann bis 12:00 Uhr, also zweieinhalb Stunden. Dann noch einmal von 16:00 Uhr bis 18:30 Uhr. Oft habe ich dann abends auch noch mal ein bisschen Athletiktraining oder Massage. 10-11 Einheiten die Woche mache ich schon.<\/span><span data-ccp-props=\"{&quot;201341983&quot;:0,&quot;335559739&quot;:160,&quot;335559740&quot;:279}\">\u00a0<\/span><\/p>\n<p><strong>Welche Techniken und Taktiken sind deiner Meinung nach am wichtigsten bei einem erfolgreichen Tischtennisspieler?<\/strong><\/p>\n<p><span data-contrast=\"auto\">Tischtennis ist schon sehr, sehr technisch, weil alles so schnell geht und man braucht daf\u00fcr Gef\u00fchl. Ein guter K\u00f6rper und ein guter und k\u00fchler Kopf ist auch noch ganz gut. Dann ist es wichtig, dass man eine saubere Technik hat, also einfach sehr gut ausgebildet ist, und dass man vor allem auch mental sehr klar ist, weil es sehr schnell geht und das alles sehr, sehr eng ist. In jedem Sport ist es aber wichtig, dass man mental klar und relativ stark ist.<\/span><span data-ccp-props=\"{&quot;201341983&quot;:0,&quot;335559739&quot;:160,&quot;335559740&quot;:279}\">\u00a0<\/span><\/p>\n<p><strong>Du hast das Mentale angesprochen, daher die n\u00e4chste Frage:\u00a0 Wie bereitest du dich denn auf wichtige Spiele vor? Gehst du da einfach hin? <\/strong><\/p>\n<p>Ja, w\u00e4re sch\u00f6n (lacht). <span data-contrast=\"auto\">Aktuell ist mein Kind mein gr\u00f6\u00dfter Mentaltrainer, weil den interessiert es nicht, ob ich gewonnen oder verloren habe. Aber ich arbeite mit einem Mentalcoach schon lange zusammen, hatte auch schon einige und finde, dass man da schon sehr viel machen kann, weil vieles im Sport spiegelt so ein bisschen auch das private Leben wider. Man lernt da sehr, sehr viel und lernt dann dementsprechend auch viel \u00fcber sich privat, w<\/span><span data-contrast=\"auto\">ie man sich im realen Leben auch verhalten sollte oder mit vielen Situationen umgehen sollte. Und deshalb finde ich, hilft es sehr und es hat mir nicht nur im Sport, sondern auch im privaten Leben sehr geholfen, mit einem Privatcoach zu arbeiten.<\/span><span data-ccp-props=\"{&quot;201341983&quot;:0,&quot;335559739&quot;:160,&quot;335559740&quot;:279}\">\u00a0<\/span><\/p>\n<p><strong>Hast du besondere Rituale oder Routinen vor einem Wettkampf, die Dir pers\u00f6nlich Gl\u00fcck bringen?\u00a0<\/strong><\/p>\n<p><span data-contrast=\"auto\">Ja, ich bin da komplett verr\u00fcckt. Ich versuche immer die gleiche Unterhose anzuziehen vor jedem Spiel, weil die mir Gl\u00fcck bringen. Ich habe zum Gl\u00fcck einige davon, also es ist nicht immer die genau selbe, aber die gleiche Sorte. Eigentlich h\u00f6re ich auch immer die gleiche Musik vor dem Spiel. Also ich habe einige Macken, ehrlich gesagt, manchmal entwickeln die sich auch in einem Turnier, aber die gibt es. (Nach Nachfrage von Cam\u00e4l\u00e9on) Ich h\u00f6re viel Hip-Hop oder auch R&amp;B, das mag ich auch schon ewig und das pusht mich.<\/span><span data-ccp-props=\"{&quot;201341983&quot;:0,&quot;335559739&quot;:160,&quot;335559740&quot;:279}\">\u00a0<\/span><\/p>\n<p><strong>Welche Rolle spielt denn die Ern\u00e4hrung in der Vorbereitung? Wie gestaltest du deine Ern\u00e4hrungsweise?<\/strong><\/p>\n<p><span data-contrast=\"auto\">Also da habe ich auch viel herumexperimentiert. Zum Beispiel vier Stunden vor meinem Wettkampf esse ich sp\u00e4testens was.<\/span><span data-ccp-props=\"{&quot;201341983&quot;:0,&quot;335559739&quot;:160,&quot;335559740&quot;:279}\"> Das ist e<\/span><span data-contrast=\"auto\">igentlich nie Fleisch, weil ich immer das Gef\u00fchl habe, dass es mir zu schwer im Magen liegt, sondern immer Nudeln mit Tomatenso\u00dfe, also nichts Spektakul\u00e4res, oder Kartoffeln. Dann esse ich immer Bananen im Spiel, obwohl ich gar keine Bananen mag, aber die helfen mir irgendwie, also auch wieder so eine kleine Macke. Ansonsten denke ich, dass eine ausgewogene Ern\u00e4hrung grunds\u00e4tzlich nat\u00fcrlich sehr, sehr wichtig ist. Aber ich finde auch, dass es auch wichtig ist, sich vielleicht auch mal eine Pizza zu g\u00f6nnen, wenn man auch mal Lust darauf hat. Ich sehe das dann nicht allzu eng, aber klar, man muss schon aufpassen, dass es alles auch zum Sport passt und ich auch einigerma\u00dfen H\u00f6chstleistung bringen kann.<\/span><span data-ccp-props=\"{&quot;201341983&quot;:0,&quot;335559739&quot;:160,&quot;335559740&quot;:279}\">\u00a0<\/span><\/p>\n<p><strong>Wie gehst du mit Niederlagen um? Und was motiviert dich dann weiterzumachen?\u00a0<\/strong><\/p>\n<p><span data-contrast=\"auto\">Ich musste auch erst lernen, damit umzugehen. Es ist manchmal immer noch so, dass man besser 3 Tage nicht mit mir sprechen sollte, wenn ich ein bitteres Spiel verliere.<\/span><span data-ccp-props=\"{&quot;201341983&quot;:0,&quot;335559739&quot;:160,&quot;335559740&quot;:279}\"> F<\/span><span data-contrast=\"auto\">\u00fcher als Kind habe ich immer geweint, wenn ich verloren habe. Manchmal im Spiel habe ich sogar schon geweint und das musste ich auch erstmal lernen, dass das auch dazu geh\u00f6rt und mittlerweile glaube ich, ist es okay. Ich hasse es immer noch zu verlieren, auch nicht nur im Tischtennis, sondern auch bei Kartenspielen oder \u00fcberall woanders. Aber ich muss auch sagen, dass man vielleicht auch ein wenig verr\u00fcckt sein muss, um immer gewinnen zu wollen und vielleicht auch dann Leistungssportler zu werden. Ich versuche es einfach zu verarbeiten, mir die Spiele anzugucken, was ich besser machen kann und das dann beim n\u00e4chsten Mal besser zu machen. Nur so kann ich mich ja wieder motivieren, am n\u00e4chsten Tag ins Training zu gehen.<\/span><span data-ccp-props=\"{&quot;201341983&quot;:0,&quot;335559739&quot;:160,&quot;335559740&quot;:279}\">\u00a0<\/span><\/p>\n<p><strong>Was sind deiner Meinung nach die wichtigsten Eigenschaften eines erfolgreichen Tischtennisspielers?\u00a0<\/strong><\/p>\n<p><span data-contrast=\"auto\">Sehr gute Frage. Ich glaube nicht, dass es so eine Schublade oder so eine &#8220;Kategorie&#8221; gibt. Ich glaube das ist jetzt auch ganz anders bei mir als vielleicht bei den anderen, also jetzt Timo Boll zum Beispiel, der eigentlich die Legende im deutschen Tischtennis ist.<\/span><span data-ccp-props=\"{&quot;201341983&quot;:0,&quot;335559739&quot;:160,&quot;335559740&quot;:279}\">\u00a0<\/span><span data-contrast=\"auto\">Du musst dich halt sehr gut konzentrieren k\u00f6nnen. Ich glaube, das ist wichtig, vor allem im Tischtennis, weil alles so schnell geht. Also man muss sich unglaublich gut konzentrieren k\u00f6nnen und du musst schon auch sehr, sehr fit sein.<\/span><span data-ccp-props=\"{&quot;201341983&quot;:0,&quot;335559739&quot;:160,&quot;335559740&quot;:279}\">\u00a0<\/span><\/p>\n<p><strong>Und als letzte Frage, welche Tipps w\u00fcrdest du Nachwuchsspielern geben, die eine Profikarriere anstreben?<\/strong><\/p>\n<p><span data-contrast=\"auto\">Gute Frage. Also klar, immer dranbleiben. Man muss aber leider auch echt Gl\u00fcck haben. Das hei\u00dft, man braucht auch die richtigen Leute von fr\u00fch an, vor allem auch Eltern, die einen unterst\u00fctzen, die einen, wenn es sein muss, \u00fcberall hinfahren, so wie das bei mir war. Ich hatte direkt einen super Trainer von Anfang an, der mich auch schon ein bisschen entdeckt hat. Das kann auch nicht jeder haben. Heutzutage hat man das Gl\u00fcck, dass man sich vielleicht auch \u00fcber YouTube viele Spiele von Profispielern angucken kann, aber man braucht nat\u00fcrlich irgendwann auch gute Trainer und Leute, die einem helfen. Ja, deshalb mache ich auch gerne so Tage [wie bei der heutigen Veranstaltung, A.d.R.], um irgendwie auch auf Sport und Vereine aufmerksam zu machen, dass auch noch viel mehr Leute Trainer werden, denn oft mangelt es eben auch an den Trainern und ich hoffe, dass wir gr\u00f6\u00dfer und gr\u00f6\u00dfer werden.<\/span><span data-ccp-props=\"{&quot;201341983&quot;:0,&quot;335559739&quot;:160,&quot;335559740&quot;:279}\">\u00a0<\/span><\/p>\n<p><strong>Super! Vielen Dank.\u00a0<\/strong><\/p>\n<p><span data-contrast=\"auto\">Super gerne.<\/span><span data-ccp-props=\"{&quot;201341983&quot;:0,&quot;335559739&quot;:160,&quot;335559740&quot;:279}\">\u00a0<\/span><\/p>\n<p>___<br \/>\n<span data-ccp-props=\"{&quot;201341983&quot;:0,&quot;335559739&quot;:160,&quot;335559740&quot;:279}\">Cam\u00e4l\u00e9on bedankt sich herzlich bei Patrick Franziska f\u00fcr die Gelegenheit dieses Interviews und w\u00fcnscht weiterhin viel Erfolg!<\/span><\/p>\n<p><br \/>\n<br \/>\n<br \/>\n<\/p>\n","protected":false},"excerpt":{"rendered":"<p>Er geh\u00f6rt zur Tischtennis-Elite, spielt seit seiner Kindheit. Seine H\u00f6chstplatzierung? Neunter der Weltrangliste. Patrick Franziska vertritt Deutschland regelm\u00e4\u00dfig bei internationalen Tischtennisturnieren. Im Rahmen eines Workshops<\/p>\n","protected":false},"author":128,"featured_media":31217,"comment_status":"open","ping_status":"closed","sticky":false,"template":"","format":"standard","meta":{"colormag_page_container_layout":"default_layout","colormag_page_sidebar_layout":"default_layout","footnotes":""},"categories":[6,9,2039],"tags":[2559,214,2558,79,2556,2557],"coauthors":[744,1208,1788,1209],"class_list":["post-31059","post","type-post","status-publish","format-standard","has-post-thumbnail","hentry","category-vie","category-sport","category-zeitlos","tag-franziska","tag-interview","tag-patrick","tag-tennis","tag-tisch","tag-tischtennis"],"yoast_head":"<!-- This site is optimized with the Yoast SEO plugin v27.5 - https:\/\/yoast.com\/product\/yoast-seo-wordpress\/ -->\n<title>Neunter der Weltrangliste und Olympia-Silber - Interview mit Patrick Franziska - Cam\u00e4l\u00e9on<\/title>\n<meta name=\"description\" content=\"Cam\u00e4l\u00e9on hatte die Gelegenheit, Patrick Franziska, den Bronzegewinner im Mixed-Doppel der diesj\u00e4hrigen Tischtennis-EM zu interviewen.\" \/>\n<meta name=\"robots\" content=\"index, follow, max-snippet:-1, max-image-preview:large, max-video-preview:-1\" \/>\n<link rel=\"canonical\" href=\"https:\/\/www.camaeleon.org\/en\/2024\/10\/21\/neunter-der-weltrangliste-und-olympia-silber-interview-mit-patrick-franziska\/\" \/>\n<meta property=\"og:locale\" content=\"en_US\" \/>\n<meta property=\"og:type\" content=\"article\" \/>\n<meta property=\"og:title\" content=\"Neunter der Weltrangliste und Olympia-Silber - Interview mit Patrick Franziska - Cam\u00e4l\u00e9on\" \/>\n<meta property=\"og:description\" content=\"Cam\u00e4l\u00e9on hatte die Gelegenheit, Patrick Franziska, den Bronzegewinner im Mixed-Doppel der diesj\u00e4hrigen Tischtennis-EM zu interviewen.\" \/>\n<meta property=\"og:url\" content=\"https:\/\/www.camaeleon.org\/en\/2024\/10\/21\/neunter-der-weltrangliste-und-olympia-silber-interview-mit-patrick-franziska\/\" \/>\n<meta property=\"og:site_name\" content=\"Cam\u00e4l\u00e9on\" \/>\n<meta property=\"article:publisher\" content=\"https:\/\/www.facebook.com\/camaeleon.org\/\" \/>\n<meta property=\"article:published_time\" content=\"2024-10-21T12:10:13+00:00\" \/>\n<meta property=\"article:modified_time\" content=\"2025-05-10T17:35:36+00:00\" \/>\n<meta property=\"og:image\" content=\"https:\/\/www.camaeleon.org\/wp-content\/uploads\/2024\/06\/franziska-patrick.png\" \/>\n\t<meta property=\"og:image:width\" content=\"1204\" \/>\n\t<meta property=\"og:image:height\" content=\"908\" \/>\n\t<meta property=\"og:image:type\" content=\"image\/png\" \/>\n<meta name=\"author\" content=\"Max Ernst, Julian Bidot, Lili Carteron, Anouk Viero\" \/>\n<meta name=\"twitter:card\" content=\"summary_large_image\" \/>\n<meta name=\"twitter:creator\" content=\"@camaeleonOrg\" \/>\n<meta name=\"twitter:site\" content=\"@camaeleonOrg\" \/>\n<script type=\"application\/ld+json\" class=\"yoast-schema-graph\">{\"@context\":\"https:\\\/\\\/schema.org\",\"@graph\":[{\"@type\":\"Article\",\"@id\":\"https:\\\/\\\/www.camaeleon.org\\\/2024\\\/10\\\/21\\\/neunter-der-weltrangliste-und-olympia-silber-interview-mit-patrick-franziska\\\/#article\",\"isPartOf\":{\"@id\":\"https:\\\/\\\/www.camaeleon.org\\\/2024\\\/10\\\/21\\\/neunter-der-weltrangliste-und-olympia-silber-interview-mit-patrick-franziska\\\/\"},\"author\":{\"name\":\"Max Ernst\",\"@id\":\"https:\\\/\\\/www.camaeleon.org\\\/de\\\/#\\\/schema\\\/person\\\/052ee327c421b495af4657a44187a959\"},\"headline\":\"Neunter der Weltrangliste und Olympia-Silber &#8211; Interview mit Patrick Franziska\",\"datePublished\":\"2024-10-21T12:10:13+00:00\",\"dateModified\":\"2025-05-10T17:35:36+00:00\",\"mainEntityOfPage\":{\"@id\":\"https:\\\/\\\/www.camaeleon.org\\\/2024\\\/10\\\/21\\\/neunter-der-weltrangliste-und-olympia-silber-interview-mit-patrick-franziska\\\/\"},\"wordCount\":1273,\"commentCount\":0,\"publisher\":{\"@id\":\"https:\\\/\\\/www.camaeleon.org\\\/de\\\/#organization\"},\"image\":{\"@id\":\"https:\\\/\\\/www.camaeleon.org\\\/2024\\\/10\\\/21\\\/neunter-der-weltrangliste-und-olympia-silber-interview-mit-patrick-franziska\\\/#primaryimage\"},\"thumbnailUrl\":\"https:\\\/\\\/www.camaeleon.org\\\/wp-content\\\/uploads\\\/2024\\\/06\\\/franziska-patrick.png\",\"keywords\":[\"franziska\",\"Interview\",\"patrick\",\"Tennis\",\"tisch\",\"tischtennis\"],\"articleSection\":[\"Life\",\"Sports\",\"Timeless\"],\"inLanguage\":\"en-US\",\"potentialAction\":[{\"@type\":\"CommentAction\",\"name\":\"Comment\",\"target\":[\"https:\\\/\\\/www.camaeleon.org\\\/2024\\\/10\\\/21\\\/neunter-der-weltrangliste-und-olympia-silber-interview-mit-patrick-franziska\\\/#respond\"]}]},{\"@type\":\"WebPage\",\"@id\":\"https:\\\/\\\/www.camaeleon.org\\\/en\\\/2024\\\/10\\\/21\\\/neunter-der-weltrangliste-und-olympia-silber-interview-mit-patrick-franziska\\\/\",\"url\":\"https:\\\/\\\/www.camaeleon.org\\\/en\\\/2024\\\/10\\\/21\\\/neunter-der-weltrangliste-und-olympia-silber-interview-mit-patrick-franziska\\\/\",\"name\":\"Neunter der Weltrangliste und Olympia-Silber - Interview mit Patrick Franziska - Cam\u00e4l\u00e9on\",\"isPartOf\":{\"@id\":\"https:\\\/\\\/www.camaeleon.org\\\/en\\\/#website\"},\"primaryImageOfPage\":{\"@id\":\"https:\\\/\\\/www.camaeleon.org\\\/en\\\/2024\\\/10\\\/21\\\/neunter-der-weltrangliste-und-olympia-silber-interview-mit-patrick-franziska\\\/#primaryimage\"},\"image\":{\"@id\":\"https:\\\/\\\/www.camaeleon.org\\\/2024\\\/10\\\/21\\\/neunter-der-weltrangliste-und-olympia-silber-interview-mit-patrick-franziska\\\/#primaryimage\"},\"thumbnailUrl\":\"https:\\\/\\\/www.camaeleon.org\\\/wp-content\\\/uploads\\\/2024\\\/06\\\/franziska-patrick.png\",\"datePublished\":\"2024-10-21T12:10:13+00:00\",\"dateModified\":\"2025-05-10T17:35:36+00:00\",\"description\":\"Cam\u00e4l\u00e9on hatte die Gelegenheit, Patrick Franziska, den Bronzegewinner im Mixed-Doppel der diesj\u00e4hrigen Tischtennis-EM zu interviewen.\",\"breadcrumb\":{\"@id\":\"https:\\\/\\\/www.camaeleon.org\\\/en\\\/2024\\\/10\\\/21\\\/neunter-der-weltrangliste-und-olympia-silber-interview-mit-patrick-franziska\\\/#breadcrumb\"},\"inLanguage\":\"en-US\",\"potentialAction\":[{\"@type\":\"ReadAction\",\"target\":[[\"https:\\\/\\\/www.camaeleon.org\\\/en\\\/2024\\\/10\\\/21\\\/neunter-der-weltrangliste-und-olympia-silber-interview-mit-patrick-franziska\\\/\"]]}]},{\"@type\":\"ImageObject\",\"inLanguage\":\"en-US\",\"@id\":\"https:\\\/\\\/www.camaeleon.org\\\/en\\\/2024\\\/10\\\/21\\\/neunter-der-weltrangliste-und-olympia-silber-interview-mit-patrick-franziska\\\/#primaryimage\",\"url\":\"https:\\\/\\\/www.camaeleon.org\\\/wp-content\\\/uploads\\\/2024\\\/06\\\/franziska-patrick.png\",\"contentUrl\":\"https:\\\/\\\/www.camaeleon.org\\\/wp-content\\\/uploads\\\/2024\\\/06\\\/franziska-patrick.png\",\"width\":1204,\"height\":908,\"caption\":\"Cam\u00e4l\u00e9on-Redakteure mit Patrick Franziska (Foto: Cam\u00e4l\u00e9on)\"},{\"@type\":\"BreadcrumbList\",\"@id\":\"https:\\\/\\\/www.camaeleon.org\\\/en\\\/2024\\\/10\\\/21\\\/neunter-der-weltrangliste-und-olympia-silber-interview-mit-patrick-franziska\\\/#breadcrumb\",\"itemListElement\":[{\"@type\":\"ListItem\",\"position\":1,\"name\":\"Home\",\"item\":\"https:\\\/\\\/www.camaeleon.org\\\/en\\\/\"},{\"@type\":\"ListItem\",\"position\":2,\"name\":\"Neunter der Weltrangliste und Olympia-Silber &#8211; Interview mit Patrick Franziska\"}]},{\"@type\":\"WebSite\",\"@id\":\"https:\\\/\\\/www.camaeleon.org\\\/en\\\/#website\",\"url\":\"https:\\\/\\\/www.camaeleon.org\\\/en\\\/\",\"name\":\"Cam\u00e4l\u00e9on\",\"description\":\"The online student magazine by Deutsch-Franz\u00f6sisches Gymnasium Saarbr\u00fccken\",\"publisher\":{\"@id\":\"https:\\\/\\\/www.camaeleon.org\\\/en\\\/#organization\"},\"potentialAction\":[{\"@type\":\"SearchAction\",\"target\":{\"@type\":\"EntryPoint\",\"urlTemplate\":\"https:\\\/\\\/www.camaeleon.org\\\/en\\\/?s={search_term_string}\"},\"query-input\":{\"@type\":\"PropertyValueSpecification\",\"valueRequired\":true,\"valueName\":\"search_term_string\"}}],\"inLanguage\":\"en-US\"},{\"@type\":\"Organization\",\"@id\":\"https:\\\/\\\/www.camaeleon.org\\\/en\\\/#organization\",\"name\":\"Cam\u00e4l\u00e9on\",\"url\":\"https:\\\/\\\/www.camaeleon.org\\\/en\\\/\",\"logo\":{\"@type\":\"ImageObject\",\"inLanguage\":\"en-US\",\"@id\":\"https:\\\/\\\/www.camaeleon.org\\\/en\\\/#\\\/schema\\\/logo\\\/image\\\/\",\"url\":\"https:\\\/\\\/www.camaeleon.org\\\/wp-content\\\/uploads\\\/2011\\\/11\\\/CAM\u00c4LEON.jpg\",\"contentUrl\":\"https:\\\/\\\/www.camaeleon.org\\\/wp-content\\\/uploads\\\/2011\\\/11\\\/CAM\u00c4LEON.jpg\",\"width\":959,\"height\":959,\"caption\":\"Cam\u00e4l\u00e9on\"},\"image\":{\"@id\":\"https:\\\/\\\/www.camaeleon.org\\\/en\\\/#\\\/schema\\\/logo\\\/image\\\/\"},\"sameAs\":[\"https:\\\/\\\/www.facebook.com\\\/camaeleon.org\\\/\",\"https:\\\/\\\/x.com\\\/camaeleonOrg\",\"https:\\\/\\\/www.instagram.com\\\/camaeleon.dfg\\\/\",\"https:\\\/\\\/www.youtube.com\\\/channel\\\/UCl3TAUDdGuu_c7CD6ax6hYg\"]},{\"@type\":\"Person\",\"@id\":\"https:\\\/\\\/www.camaeleon.org\\\/de\\\/#\\\/schema\\\/person\\\/052ee327c421b495af4657a44187a959\",\"name\":\"Max Ernst\",\"image\":{\"@type\":\"ImageObject\",\"inLanguage\":\"en-US\",\"@id\":\"https:\\\/\\\/www.camaeleon.org\\\/en\\\/wp-content\\\/uploads\\\/2024\\\/01\\\/IMG-20231204-WA0001-01-150x150.jpeg3fc50e401fd745f06a8339d74db41d5e\",\"url\":\"https:\\\/\\\/www.camaeleon.org\\\/wp-content\\\/uploads\\\/2024\\\/01\\\/IMG-20231204-WA0001-01-150x150.jpeg\",\"contentUrl\":\"https:\\\/\\\/www.camaeleon.org\\\/wp-content\\\/uploads\\\/2024\\\/01\\\/IMG-20231204-WA0001-01-150x150.jpeg\",\"caption\":\"Max Ernst\"},\"description\":\"Bonjour, je m'appelle Max Ernst, j'ai 16 ans, je fais partie de Cam\u00e4l\u00e9on depuis 2017 et je suis en classe de Tle ES. Je m'int\u00e9resse \u00e0 la photographie, \u00e0 la musique et \u00e0 toute l'actualit\u00e9. Pour en savoir plus sur moi : www.maxmernst.de.\",\"sameAs\":[\"http:\\\/\\\/www.maxmernst.de\"],\"url\":\"https:\\\/\\\/www.camaeleon.org\\\/en\\\/author\\\/max-ernst\\\/\"}]}<\/script>\n<!-- \/ Yoast SEO plugin. -->","yoast_head_json":{"title":"Neunter der Weltrangliste und Olympia-Silber - Interview mit Patrick Franziska - Cam\u00e4l\u00e9on","description":"Cam\u00e4l\u00e9on hatte die Gelegenheit, Patrick Franziska, den Bronzegewinner im Mixed-Doppel der diesj\u00e4hrigen Tischtennis-EM zu interviewen.","robots":{"index":"index","follow":"follow","max-snippet":"max-snippet:-1","max-image-preview":"max-image-preview:large","max-video-preview":"max-video-preview:-1"},"canonical":"https:\/\/www.camaeleon.org\/en\/2024\/10\/21\/neunter-der-weltrangliste-und-olympia-silber-interview-mit-patrick-franziska\/","og_locale":"en_US","og_type":"article","og_title":"Neunter der Weltrangliste und Olympia-Silber - Interview mit Patrick Franziska - Cam\u00e4l\u00e9on","og_description":"Cam\u00e4l\u00e9on hatte die Gelegenheit, Patrick Franziska, den Bronzegewinner im Mixed-Doppel der diesj\u00e4hrigen Tischtennis-EM zu interviewen.","og_url":"https:\/\/www.camaeleon.org\/en\/2024\/10\/21\/neunter-der-weltrangliste-und-olympia-silber-interview-mit-patrick-franziska\/","og_site_name":"Cam\u00e4l\u00e9on","article_publisher":"https:\/\/www.facebook.com\/camaeleon.org\/","article_published_time":"2024-10-21T12:10:13+00:00","article_modified_time":"2025-05-10T17:35:36+00:00","og_image":[{"width":1204,"height":908,"url":"https:\/\/www.camaeleon.org\/wp-content\/uploads\/2024\/06\/franziska-patrick.png","type":"image\/png"}],"author":"Max Ernst, Julian Bidot, Lili Carteron, Anouk Viero","twitter_card":"summary_large_image","twitter_creator":"@camaeleonOrg","twitter_site":"@camaeleonOrg","schema":{"@context":"https:\/\/schema.org","@graph":[{"@type":"Article","@id":"https:\/\/www.camaeleon.org\/2024\/10\/21\/neunter-der-weltrangliste-und-olympia-silber-interview-mit-patrick-franziska\/#article","isPartOf":{"@id":"https:\/\/www.camaeleon.org\/2024\/10\/21\/neunter-der-weltrangliste-und-olympia-silber-interview-mit-patrick-franziska\/"},"author":{"name":"Max Ernst","@id":"https:\/\/www.camaeleon.org\/de\/#\/schema\/person\/052ee327c421b495af4657a44187a959"},"headline":"Neunter der Weltrangliste und Olympia-Silber &#8211; Interview mit Patrick Franziska","datePublished":"2024-10-21T12:10:13+00:00","dateModified":"2025-05-10T17:35:36+00:00","mainEntityOfPage":{"@id":"https:\/\/www.camaeleon.org\/2024\/10\/21\/neunter-der-weltrangliste-und-olympia-silber-interview-mit-patrick-franziska\/"},"wordCount":1273,"commentCount":0,"publisher":{"@id":"https:\/\/www.camaeleon.org\/de\/#organization"},"image":{"@id":"https:\/\/www.camaeleon.org\/2024\/10\/21\/neunter-der-weltrangliste-und-olympia-silber-interview-mit-patrick-franziska\/#primaryimage"},"thumbnailUrl":"https:\/\/www.camaeleon.org\/wp-content\/uploads\/2024\/06\/franziska-patrick.png","keywords":["franziska","Interview","patrick","Tennis","tisch","tischtennis"],"articleSection":["Life","Sports","Timeless"],"inLanguage":"en-US","potentialAction":[{"@type":"CommentAction","name":"Comment","target":["https:\/\/www.camaeleon.org\/2024\/10\/21\/neunter-der-weltrangliste-und-olympia-silber-interview-mit-patrick-franziska\/#respond"]}]},{"@type":"WebPage","@id":"https:\/\/www.camaeleon.org\/en\/2024\/10\/21\/neunter-der-weltrangliste-und-olympia-silber-interview-mit-patrick-franziska\/","url":"https:\/\/www.camaeleon.org\/en\/2024\/10\/21\/neunter-der-weltrangliste-und-olympia-silber-interview-mit-patrick-franziska\/","name":"Neunter der Weltrangliste und Olympia-Silber - Interview mit Patrick Franziska - Cam\u00e4l\u00e9on","isPartOf":{"@id":"https:\/\/www.camaeleon.org\/en\/#website"},"primaryImageOfPage":{"@id":"https:\/\/www.camaeleon.org\/en\/2024\/10\/21\/neunter-der-weltrangliste-und-olympia-silber-interview-mit-patrick-franziska\/#primaryimage"},"image":{"@id":"https:\/\/www.camaeleon.org\/2024\/10\/21\/neunter-der-weltrangliste-und-olympia-silber-interview-mit-patrick-franziska\/#primaryimage"},"thumbnailUrl":"https:\/\/www.camaeleon.org\/wp-content\/uploads\/2024\/06\/franziska-patrick.png","datePublished":"2024-10-21T12:10:13+00:00","dateModified":"2025-05-10T17:35:36+00:00","description":"Cam\u00e4l\u00e9on hatte die Gelegenheit, Patrick Franziska, den Bronzegewinner im Mixed-Doppel der diesj\u00e4hrigen Tischtennis-EM zu interviewen.","breadcrumb":{"@id":"https:\/\/www.camaeleon.org\/en\/2024\/10\/21\/neunter-der-weltrangliste-und-olympia-silber-interview-mit-patrick-franziska\/#breadcrumb"},"inLanguage":"en-US","potentialAction":[{"@type":"ReadAction","target":[["https:\/\/www.camaeleon.org\/en\/2024\/10\/21\/neunter-der-weltrangliste-und-olympia-silber-interview-mit-patrick-franziska\/"]]}]},{"@type":"ImageObject","inLanguage":"en-US","@id":"https:\/\/www.camaeleon.org\/en\/2024\/10\/21\/neunter-der-weltrangliste-und-olympia-silber-interview-mit-patrick-franziska\/#primaryimage","url":"https:\/\/www.camaeleon.org\/wp-content\/uploads\/2024\/06\/franziska-patrick.png","contentUrl":"https:\/\/www.camaeleon.org\/wp-content\/uploads\/2024\/06\/franziska-patrick.png","width":1204,"height":908,"caption":"Cam\u00e4l\u00e9on-Redakteure mit Patrick Franziska (Foto: Cam\u00e4l\u00e9on)"},{"@type":"BreadcrumbList","@id":"https:\/\/www.camaeleon.org\/en\/2024\/10\/21\/neunter-der-weltrangliste-und-olympia-silber-interview-mit-patrick-franziska\/#breadcrumb","itemListElement":[{"@type":"ListItem","position":1,"name":"Home","item":"https:\/\/www.camaeleon.org\/en\/"},{"@type":"ListItem","position":2,"name":"Neunter der Weltrangliste und Olympia-Silber &#8211; Interview mit Patrick Franziska"}]},{"@type":"WebSite","@id":"https:\/\/www.camaeleon.org\/en\/#website","url":"https:\/\/www.camaeleon.org\/en\/","name":"Cam\u00e4l\u00e9on","description":"The online student magazine by Deutsch-Franz\u00f6sisches Gymnasium Saarbr\u00fccken","publisher":{"@id":"https:\/\/www.camaeleon.org\/en\/#organization"},"potentialAction":[{"@type":"SearchAction","target":{"@type":"EntryPoint","urlTemplate":"https:\/\/www.camaeleon.org\/en\/?s={search_term_string}"},"query-input":{"@type":"PropertyValueSpecification","valueRequired":true,"valueName":"search_term_string"}}],"inLanguage":"en-US"},{"@type":"Organization","@id":"https:\/\/www.camaeleon.org\/en\/#organization","name":"Cam\u00e4l\u00e9on","url":"https:\/\/www.camaeleon.org\/en\/","logo":{"@type":"ImageObject","inLanguage":"en-US","@id":"https:\/\/www.camaeleon.org\/en\/#\/schema\/logo\/image\/","url":"https:\/\/www.camaeleon.org\/wp-content\/uploads\/2011\/11\/CAM\u00c4LEON.jpg","contentUrl":"https:\/\/www.camaeleon.org\/wp-content\/uploads\/2011\/11\/CAM\u00c4LEON.jpg","width":959,"height":959,"caption":"Cam\u00e4l\u00e9on"},"image":{"@id":"https:\/\/www.camaeleon.org\/en\/#\/schema\/logo\/image\/"},"sameAs":["https:\/\/www.facebook.com\/camaeleon.org\/","https:\/\/x.com\/camaeleonOrg","https:\/\/www.instagram.com\/camaeleon.dfg\/","https:\/\/www.youtube.com\/channel\/UCl3TAUDdGuu_c7CD6ax6hYg"]},{"@type":"Person","@id":"https:\/\/www.camaeleon.org\/de\/#\/schema\/person\/052ee327c421b495af4657a44187a959","name":"Max Ernst","image":{"@type":"ImageObject","inLanguage":"en-US","@id":"https:\/\/www.camaeleon.org\/en\/wp-content\/uploads\/2024\/01\/IMG-20231204-WA0001-01-150x150.jpeg3fc50e401fd745f06a8339d74db41d5e","url":"https:\/\/www.camaeleon.org\/wp-content\/uploads\/2024\/01\/IMG-20231204-WA0001-01-150x150.jpeg","contentUrl":"https:\/\/www.camaeleon.org\/wp-content\/uploads\/2024\/01\/IMG-20231204-WA0001-01-150x150.jpeg","caption":"Max Ernst"},"description":"Bonjour, je m'appelle Max Ernst, j'ai 16 ans, je fais partie de Cam\u00e4l\u00e9on depuis 2017 et je suis en classe de Tle ES. Je m'int\u00e9resse \u00e0 la photographie, \u00e0 la musique et \u00e0 toute l'actualit\u00e9. Pour en savoir plus sur moi : www.maxmernst.de.","sameAs":["http:\/\/www.maxmernst.de"],"url":"https:\/\/www.camaeleon.org\/en\/author\/max-ernst\/"}]}},"_links":{"self":[{"href":"https:\/\/www.camaeleon.org\/en\/wp-json\/wp\/v2\/posts\/31059","targetHints":{"allow":["GET"]}}],"collection":[{"href":"https:\/\/www.camaeleon.org\/en\/wp-json\/wp\/v2\/posts"}],"about":[{"href":"https:\/\/www.camaeleon.org\/en\/wp-json\/wp\/v2\/types\/post"}],"author":[{"embeddable":true,"href":"https:\/\/www.camaeleon.org\/en\/wp-json\/wp\/v2\/users\/128"}],"replies":[{"embeddable":true,"href":"https:\/\/www.camaeleon.org\/en\/wp-json\/wp\/v2\/comments?post=31059"}],"version-history":[{"count":9,"href":"https:\/\/www.camaeleon.org\/en\/wp-json\/wp\/v2\/posts\/31059\/revisions"}],"predecessor-version":[{"id":32376,"href":"https:\/\/www.camaeleon.org\/en\/wp-json\/wp\/v2\/posts\/31059\/revisions\/32376"}],"wp:featuredmedia":[{"embeddable":true,"href":"https:\/\/www.camaeleon.org\/en\/wp-json\/wp\/v2\/media\/31217"}],"wp:attachment":[{"href":"https:\/\/www.camaeleon.org\/en\/wp-json\/wp\/v2\/media?parent=31059"}],"wp:term":[{"taxonomy":"category","embeddable":true,"href":"https:\/\/www.camaeleon.org\/en\/wp-json\/wp\/v2\/categories?post=31059"},{"taxonomy":"post_tag","embeddable":true,"href":"https:\/\/www.camaeleon.org\/en\/wp-json\/wp\/v2\/tags?post=31059"},{"taxonomy":"author","embeddable":true,"href":"https:\/\/www.camaeleon.org\/en\/wp-json\/wp\/v2\/coauthors?post=31059"}],"curies":[{"name":"wp","href":"https:\/\/api.w.org\/{rel}","templated":true}]}}