{"id":30949,"date":"2024-04-26T16:41:40","date_gmt":"2024-04-26T14:41:40","guid":{"rendered":"https:\/\/www.camaeleon.org\/?p=30949"},"modified":"2024-05-02T08:42:23","modified_gmt":"2024-05-02T06:42:23","slug":"le-mot-de-la-semaine-findubaccalaureat","status":"publish","type":"post","link":"https:\/\/www.camaeleon.org\/en\/2024\/04\/26\/le-mot-de-la-semaine-findubaccalaureat\/","title":{"rendered":"Le Mot de la Semaine: #FinDuBaccalaur\u00e9at"},"content":{"rendered":"<figure id=\"attachment_30966\" aria-describedby=\"caption-attachment-30966\" style=\"width: 300px\" class=\"wp-caption alignleft\"><img loading=\"lazy\" decoding=\"async\" class=\"size-medium wp-image-30966\" src=\"https:\/\/www.camaeleon.org\/wp-content\/uploads\/2024\/04\/Mehrzwecksaal-Abipruefung-300x225.jpeg\" alt=\"Salle polyvalente apr\u00e8s les derni\u00e8res \u00e9preuves \u00e9crites du bac ( Photo : Poetsch \/ Cam\u00e4l\u00e9on)\" width=\"300\" height=\"225\" srcset=\"https:\/\/www.camaeleon.org\/wp-content\/uploads\/2024\/04\/Mehrzwecksaal-Abipruefung-300x225.jpeg 300w, https:\/\/www.camaeleon.org\/wp-content\/uploads\/2024\/04\/Mehrzwecksaal-Abipruefung-800x600.jpeg 800w, https:\/\/www.camaeleon.org\/wp-content\/uploads\/2024\/04\/Mehrzwecksaal-Abipruefung-1536x1152.jpeg 1536w, https:\/\/www.camaeleon.org\/wp-content\/uploads\/2024\/04\/Mehrzwecksaal-Abipruefung.jpeg 2000w\" sizes=\"auto, (max-width: 300px) 100vw, 300px\" \/><figcaption id=\"caption-attachment-30966\" class=\"wp-caption-text\">La salle polyvalente du LFA apr\u00e8s les derni\u00e8res \u00e9preuves \u00e9crites du bac ( Photo : Poetsch \/ Cam\u00e4l\u00e9on)<\/figcaption><\/figure>\n<p>Chaque ann\u00e9e, les \u00e9l\u00e8ves de terminale du lyc\u00e9e franco-allemand passent le baccalaur\u00e9at franco-allemand. La nature des \u00e9preuves et leur nombre varie selon les fili\u00e8res et les mati\u00e8res facultatives choisies. Ce vendredi ont eu lieu les \u00e9preuves \u00e9crites de physique, chimie et maths, marquant ainsi la fin du baccalaur\u00e9at pour celles et ceux qui n&#8217;auront pas \u00e0 participer aux rattrapages ult\u00e9rieurs.<\/p>\n<p>F\u00e9licitations aux \u00e9l\u00e8ves de terminale pour leur efforts !<\/p>\n","protected":false},"excerpt":{"rendered":"<p>Chaque ann\u00e9e, les \u00e9l\u00e8ves de terminale du lyc\u00e9e franco-allemand passent le baccalaur\u00e9at franco-allemand. La nature des \u00e9preuves et leur nombre varie selon les fili\u00e8res et<\/p>\n","protected":false},"author":158,"featured_media":30966,"comment_status":"open","ping_status":"closed","sticky":false,"template":"","format":"standard","meta":{"colormag_page_container_layout":"default_layout","colormag_page_sidebar_layout":"default_layout","footnotes":""},"categories":[864],"tags":[1044,261,479,1042,1563,1943],"coauthors":[1854],"class_list":["post-30949","post","type-post","status-publish","format-standard","has-post-thumbnail","hentry","category-le-mot-de-la-semaine","tag-abi","tag-abitur","tag-bac","tag-baccalaureat","tag-baccalaureat-franco-allemand","tag-deutsch-franzoesisches-abitur"],"yoast_head":"<!-- This site is optimized with the Yoast SEO plugin v27.5 - https:\/\/yoast.com\/product\/yoast-seo-wordpress\/ -->\n<title>Le Mot de la Semaine: #FinDuBaccalaur\u00e9at - Cam\u00e4l\u00e9on<\/title>\n<meta name=\"description\" content=\"Ce vendredi ont eu lieu les \u00e9preuves \u00e9crites de physique, chimie et maths, marquant ainsi la fin du baccalaur\u00e9at pour celles et ceux qui n&#039;auront pas \u00e0 participer aux rattrapages ult\u00e9rieurs.\" \/>\n<meta name=\"robots\" content=\"index, follow, max-snippet:-1, max-image-preview:large, max-video-preview:-1\" \/>\n<link rel=\"canonical\" href=\"https:\/\/www.camaeleon.org\/en\/2024\/04\/26\/le-mot-de-la-semaine-findubaccalaureat\/\" \/>\n<meta property=\"og:locale\" content=\"en_US\" \/>\n<meta property=\"og:type\" content=\"article\" \/>\n<meta property=\"og:title\" content=\"Le Mot de la Semaine: #FinDuBaccalaur\u00e9at - Cam\u00e4l\u00e9on\" \/>\n<meta property=\"og:description\" content=\"Ce vendredi ont eu lieu les \u00e9preuves \u00e9crites de physique, chimie et maths, marquant ainsi la fin du baccalaur\u00e9at pour celles et ceux qui n&#039;auront pas \u00e0 participer aux rattrapages ult\u00e9rieurs.\" \/>\n<meta property=\"og:url\" content=\"https:\/\/www.camaeleon.org\/en\/2024\/04\/26\/le-mot-de-la-semaine-findubaccalaureat\/\" \/>\n<meta property=\"og:site_name\" content=\"Cam\u00e4l\u00e9on\" \/>\n<meta property=\"article:publisher\" content=\"https:\/\/www.facebook.com\/camaeleon.org\/\" \/>\n<meta property=\"article:published_time\" content=\"2024-04-26T14:41:40+00:00\" \/>\n<meta property=\"article:modified_time\" content=\"2024-05-02T06:42:23+00:00\" \/>\n<meta property=\"og:image\" content=\"https:\/\/www.camaeleon.org\/wp-content\/uploads\/2024\/04\/Mehrzwecksaal-Abipruefung.jpeg\" \/>\n\t<meta property=\"og:image:width\" content=\"2000\" \/>\n\t<meta property=\"og:image:height\" content=\"1500\" \/>\n\t<meta property=\"og:image:type\" content=\"image\/jpeg\" \/>\n<meta name=\"author\" content=\"Timo Poetsch\" \/>\n<meta name=\"twitter:card\" content=\"summary_large_image\" \/>\n<meta name=\"twitter:creator\" content=\"@camaeleonOrg\" \/>\n<meta name=\"twitter:site\" content=\"@camaeleonOrg\" \/>\n<script type=\"application\/ld+json\" class=\"yoast-schema-graph\">{\"@context\":\"https:\\\/\\\/schema.org\",\"@graph\":[{\"@type\":\"Article\",\"@id\":\"https:\\\/\\\/www.camaeleon.org\\\/2024\\\/04\\\/26\\\/le-mot-de-la-semaine-findubaccalaureat\\\/#article\",\"isPartOf\":{\"@id\":\"https:\\\/\\\/www.camaeleon.org\\\/2024\\\/04\\\/26\\\/le-mot-de-la-semaine-findubaccalaureat\\\/\"},\"author\":{\"name\":\"Timo Poetsch\",\"@id\":\"https:\\\/\\\/www.camaeleon.org\\\/de\\\/#\\\/schema\\\/person\\\/a8330bcaad416dbc3bf7af5edd5aa8c8\"},\"headline\":\"Le Mot de la Semaine: #FinDuBaccalaur\u00e9at\",\"datePublished\":\"2024-04-26T14:41:40+00:00\",\"dateModified\":\"2024-05-02T06:42:23+00:00\",\"mainEntityOfPage\":{\"@id\":\"https:\\\/\\\/www.camaeleon.org\\\/2024\\\/04\\\/26\\\/le-mot-de-la-semaine-findubaccalaureat\\\/\"},\"wordCount\":111,\"commentCount\":0,\"publisher\":{\"@id\":\"https:\\\/\\\/www.camaeleon.org\\\/de\\\/#organization\"},\"image\":{\"@id\":\"https:\\\/\\\/www.camaeleon.org\\\/2024\\\/04\\\/26\\\/le-mot-de-la-semaine-findubaccalaureat\\\/#primaryimage\"},\"thumbnailUrl\":\"https:\\\/\\\/www.camaeleon.org\\\/wp-content\\\/uploads\\\/2024\\\/04\\\/Mehrzwecksaal-Abipruefung.jpeg\",\"keywords\":[\"Abi\",\"Abitur\",\"Bac\",\"baccalaur\u00e9at\",\"baccalaur\u00e9at franco-allemand\",\"Deutsch-Franz\u00f6sisches Abitur\"],\"articleSection\":[\"Word of the Week\"],\"inLanguage\":\"en-US\",\"potentialAction\":[{\"@type\":\"CommentAction\",\"name\":\"Comment\",\"target\":[\"https:\\\/\\\/www.camaeleon.org\\\/2024\\\/04\\\/26\\\/le-mot-de-la-semaine-findubaccalaureat\\\/#respond\"]}]},{\"@type\":\"WebPage\",\"@id\":\"https:\\\/\\\/www.camaeleon.org\\\/en\\\/2024\\\/04\\\/26\\\/le-mot-de-la-semaine-findubaccalaureat\\\/\",\"url\":\"https:\\\/\\\/www.camaeleon.org\\\/en\\\/2024\\\/04\\\/26\\\/le-mot-de-la-semaine-findubaccalaureat\\\/\",\"name\":\"Le Mot de la Semaine: #FinDuBaccalaur\u00e9at - Cam\u00e4l\u00e9on\",\"isPartOf\":{\"@id\":\"https:\\\/\\\/www.camaeleon.org\\\/en\\\/#website\"},\"primaryImageOfPage\":{\"@id\":\"https:\\\/\\\/www.camaeleon.org\\\/en\\\/2024\\\/04\\\/26\\\/le-mot-de-la-semaine-findubaccalaureat\\\/#primaryimage\"},\"image\":{\"@id\":\"https:\\\/\\\/www.camaeleon.org\\\/2024\\\/04\\\/26\\\/le-mot-de-la-semaine-findubaccalaureat\\\/#primaryimage\"},\"thumbnailUrl\":\"https:\\\/\\\/www.camaeleon.org\\\/wp-content\\\/uploads\\\/2024\\\/04\\\/Mehrzwecksaal-Abipruefung.jpeg\",\"datePublished\":\"2024-04-26T14:41:40+00:00\",\"dateModified\":\"2024-05-02T06:42:23+00:00\",\"description\":\"Ce vendredi ont eu lieu les \u00e9preuves \u00e9crites de physique, chimie et maths, marquant ainsi la fin du baccalaur\u00e9at pour celles et ceux qui n'auront pas \u00e0 participer aux rattrapages ult\u00e9rieurs.\",\"breadcrumb\":{\"@id\":\"https:\\\/\\\/www.camaeleon.org\\\/en\\\/2024\\\/04\\\/26\\\/le-mot-de-la-semaine-findubaccalaureat\\\/#breadcrumb\"},\"inLanguage\":\"en-US\",\"potentialAction\":[{\"@type\":\"ReadAction\",\"target\":[[\"https:\\\/\\\/www.camaeleon.org\\\/en\\\/2024\\\/04\\\/26\\\/le-mot-de-la-semaine-findubaccalaureat\\\/\"]]}]},{\"@type\":\"ImageObject\",\"inLanguage\":\"en-US\",\"@id\":\"https:\\\/\\\/www.camaeleon.org\\\/en\\\/2024\\\/04\\\/26\\\/le-mot-de-la-semaine-findubaccalaureat\\\/#primaryimage\",\"url\":\"https:\\\/\\\/www.camaeleon.org\\\/wp-content\\\/uploads\\\/2024\\\/04\\\/Mehrzwecksaal-Abipruefung.jpeg\",\"contentUrl\":\"https:\\\/\\\/www.camaeleon.org\\\/wp-content\\\/uploads\\\/2024\\\/04\\\/Mehrzwecksaal-Abipruefung.jpeg\",\"width\":2000,\"height\":1500,\"caption\":\"Salle polyvalente apr\u00e8s les derni\u00e8res \u00e9preuves \u00e9crites du bac ( Photo : Poetsch \\\/ Cam\u00e4l\u00e9on)\"},{\"@type\":\"BreadcrumbList\",\"@id\":\"https:\\\/\\\/www.camaeleon.org\\\/en\\\/2024\\\/04\\\/26\\\/le-mot-de-la-semaine-findubaccalaureat\\\/#breadcrumb\",\"itemListElement\":[{\"@type\":\"ListItem\",\"position\":1,\"name\":\"Home\",\"item\":\"https:\\\/\\\/www.camaeleon.org\\\/en\\\/\"},{\"@type\":\"ListItem\",\"position\":2,\"name\":\"Le Mot de la Semaine: #FinDuBaccalaur\u00e9at\"}]},{\"@type\":\"WebSite\",\"@id\":\"https:\\\/\\\/www.camaeleon.org\\\/en\\\/#website\",\"url\":\"https:\\\/\\\/www.camaeleon.org\\\/en\\\/\",\"name\":\"Cam\u00e4l\u00e9on\",\"description\":\"The online student magazine by Deutsch-Franz\u00f6sisches Gymnasium Saarbr\u00fccken\",\"publisher\":{\"@id\":\"https:\\\/\\\/www.camaeleon.org\\\/en\\\/#organization\"},\"potentialAction\":[{\"@type\":\"SearchAction\",\"target\":{\"@type\":\"EntryPoint\",\"urlTemplate\":\"https:\\\/\\\/www.camaeleon.org\\\/en\\\/?s={search_term_string}\"},\"query-input\":{\"@type\":\"PropertyValueSpecification\",\"valueRequired\":true,\"valueName\":\"search_term_string\"}}],\"inLanguage\":\"en-US\"},{\"@type\":\"Organization\",\"@id\":\"https:\\\/\\\/www.camaeleon.org\\\/en\\\/#organization\",\"name\":\"Cam\u00e4l\u00e9on\",\"url\":\"https:\\\/\\\/www.camaeleon.org\\\/en\\\/\",\"logo\":{\"@type\":\"ImageObject\",\"inLanguage\":\"en-US\",\"@id\":\"https:\\\/\\\/www.camaeleon.org\\\/en\\\/#\\\/schema\\\/logo\\\/image\\\/\",\"url\":\"https:\\\/\\\/www.camaeleon.org\\\/wp-content\\\/uploads\\\/2011\\\/11\\\/CAM\u00c4LEON.jpg\",\"contentUrl\":\"https:\\\/\\\/www.camaeleon.org\\\/wp-content\\\/uploads\\\/2011\\\/11\\\/CAM\u00c4LEON.jpg\",\"width\":959,\"height\":959,\"caption\":\"Cam\u00e4l\u00e9on\"},\"image\":{\"@id\":\"https:\\\/\\\/www.camaeleon.org\\\/en\\\/#\\\/schema\\\/logo\\\/image\\\/\"},\"sameAs\":[\"https:\\\/\\\/www.facebook.com\\\/camaeleon.org\\\/\",\"https:\\\/\\\/x.com\\\/camaeleonOrg\",\"https:\\\/\\\/www.instagram.com\\\/camaeleon.dfg\\\/\",\"https:\\\/\\\/www.youtube.com\\\/channel\\\/UCl3TAUDdGuu_c7CD6ax6hYg\"]},{\"@type\":\"Person\",\"@id\":\"https:\\\/\\\/www.camaeleon.org\\\/de\\\/#\\\/schema\\\/person\\\/a8330bcaad416dbc3bf7af5edd5aa8c8\",\"name\":\"Timo Poetsch\",\"image\":{\"@type\":\"ImageObject\",\"inLanguage\":\"en-US\",\"@id\":\"https:\\\/\\\/www.camaeleon.org\\\/en\\\/wp-content\\\/uploads\\\/2022\\\/04\\\/timo-150x150.jpg78b95433316d6ff0a042cfbd3f994008\",\"url\":\"https:\\\/\\\/www.camaeleon.org\\\/wp-content\\\/uploads\\\/2022\\\/04\\\/timo-150x150.jpg\",\"contentUrl\":\"https:\\\/\\\/www.camaeleon.org\\\/wp-content\\\/uploads\\\/2022\\\/04\\\/timo-150x150.jpg\",\"caption\":\"Timo Poetsch\"},\"description\":\"Bonjour, je suis Timo Poetsch de la 9S1. J'ai treize ans, je m'int\u00e9resse \u00e0 l'informatique et \u00e0 toutes sortes de sujets importants dans la vie de tous les jours, par exemple l'environnement. Je fais partie de Cam\u00e4l\u00e9on car j'aime le journalisme. Mes passions sont le badminton et jouer au piano.\",\"url\":\"https:\\\/\\\/www.camaeleon.org\\\/en\\\/author\\\/timo-poetsch\\\/\"}]}<\/script>\n<!-- \/ Yoast SEO plugin. -->","yoast_head_json":{"title":"Le Mot de la Semaine: #FinDuBaccalaur\u00e9at - Cam\u00e4l\u00e9on","description":"Ce vendredi ont eu lieu les \u00e9preuves \u00e9crites de physique, chimie et maths, marquant ainsi la fin du baccalaur\u00e9at pour celles et ceux qui n'auront pas \u00e0 participer aux rattrapages ult\u00e9rieurs.","robots":{"index":"index","follow":"follow","max-snippet":"max-snippet:-1","max-image-preview":"max-image-preview:large","max-video-preview":"max-video-preview:-1"},"canonical":"https:\/\/www.camaeleon.org\/en\/2024\/04\/26\/le-mot-de-la-semaine-findubaccalaureat\/","og_locale":"en_US","og_type":"article","og_title":"Le Mot de la Semaine: #FinDuBaccalaur\u00e9at - Cam\u00e4l\u00e9on","og_description":"Ce vendredi ont eu lieu les \u00e9preuves \u00e9crites de physique, chimie et maths, marquant ainsi la fin du baccalaur\u00e9at pour celles et ceux qui n'auront pas \u00e0 participer aux rattrapages ult\u00e9rieurs.","og_url":"https:\/\/www.camaeleon.org\/en\/2024\/04\/26\/le-mot-de-la-semaine-findubaccalaureat\/","og_site_name":"Cam\u00e4l\u00e9on","article_publisher":"https:\/\/www.facebook.com\/camaeleon.org\/","article_published_time":"2024-04-26T14:41:40+00:00","article_modified_time":"2024-05-02T06:42:23+00:00","og_image":[{"width":2000,"height":1500,"url":"https:\/\/www.camaeleon.org\/wp-content\/uploads\/2024\/04\/Mehrzwecksaal-Abipruefung.jpeg","type":"image\/jpeg"}],"author":"Timo Poetsch","twitter_card":"summary_large_image","twitter_creator":"@camaeleonOrg","twitter_site":"@camaeleonOrg","schema":{"@context":"https:\/\/schema.org","@graph":[{"@type":"Article","@id":"https:\/\/www.camaeleon.org\/2024\/04\/26\/le-mot-de-la-semaine-findubaccalaureat\/#article","isPartOf":{"@id":"https:\/\/www.camaeleon.org\/2024\/04\/26\/le-mot-de-la-semaine-findubaccalaureat\/"},"author":{"name":"Timo Poetsch","@id":"https:\/\/www.camaeleon.org\/de\/#\/schema\/person\/a8330bcaad416dbc3bf7af5edd5aa8c8"},"headline":"Le Mot de la Semaine: #FinDuBaccalaur\u00e9at","datePublished":"2024-04-26T14:41:40+00:00","dateModified":"2024-05-02T06:42:23+00:00","mainEntityOfPage":{"@id":"https:\/\/www.camaeleon.org\/2024\/04\/26\/le-mot-de-la-semaine-findubaccalaureat\/"},"wordCount":111,"commentCount":0,"publisher":{"@id":"https:\/\/www.camaeleon.org\/de\/#organization"},"image":{"@id":"https:\/\/www.camaeleon.org\/2024\/04\/26\/le-mot-de-la-semaine-findubaccalaureat\/#primaryimage"},"thumbnailUrl":"https:\/\/www.camaeleon.org\/wp-content\/uploads\/2024\/04\/Mehrzwecksaal-Abipruefung.jpeg","keywords":["Abi","Abitur","Bac","baccalaur\u00e9at","baccalaur\u00e9at franco-allemand","Deutsch-Franz\u00f6sisches Abitur"],"articleSection":["Word of the Week"],"inLanguage":"en-US","potentialAction":[{"@type":"CommentAction","name":"Comment","target":["https:\/\/www.camaeleon.org\/2024\/04\/26\/le-mot-de-la-semaine-findubaccalaureat\/#respond"]}]},{"@type":"WebPage","@id":"https:\/\/www.camaeleon.org\/en\/2024\/04\/26\/le-mot-de-la-semaine-findubaccalaureat\/","url":"https:\/\/www.camaeleon.org\/en\/2024\/04\/26\/le-mot-de-la-semaine-findubaccalaureat\/","name":"Le Mot de la Semaine: #FinDuBaccalaur\u00e9at - Cam\u00e4l\u00e9on","isPartOf":{"@id":"https:\/\/www.camaeleon.org\/en\/#website"},"primaryImageOfPage":{"@id":"https:\/\/www.camaeleon.org\/en\/2024\/04\/26\/le-mot-de-la-semaine-findubaccalaureat\/#primaryimage"},"image":{"@id":"https:\/\/www.camaeleon.org\/2024\/04\/26\/le-mot-de-la-semaine-findubaccalaureat\/#primaryimage"},"thumbnailUrl":"https:\/\/www.camaeleon.org\/wp-content\/uploads\/2024\/04\/Mehrzwecksaal-Abipruefung.jpeg","datePublished":"2024-04-26T14:41:40+00:00","dateModified":"2024-05-02T06:42:23+00:00","description":"Ce vendredi ont eu lieu les \u00e9preuves \u00e9crites de physique, chimie et maths, marquant ainsi la fin du baccalaur\u00e9at pour celles et ceux qui n'auront pas \u00e0 participer aux rattrapages ult\u00e9rieurs.","breadcrumb":{"@id":"https:\/\/www.camaeleon.org\/en\/2024\/04\/26\/le-mot-de-la-semaine-findubaccalaureat\/#breadcrumb"},"inLanguage":"en-US","potentialAction":[{"@type":"ReadAction","target":[["https:\/\/www.camaeleon.org\/en\/2024\/04\/26\/le-mot-de-la-semaine-findubaccalaureat\/"]]}]},{"@type":"ImageObject","inLanguage":"en-US","@id":"https:\/\/www.camaeleon.org\/en\/2024\/04\/26\/le-mot-de-la-semaine-findubaccalaureat\/#primaryimage","url":"https:\/\/www.camaeleon.org\/wp-content\/uploads\/2024\/04\/Mehrzwecksaal-Abipruefung.jpeg","contentUrl":"https:\/\/www.camaeleon.org\/wp-content\/uploads\/2024\/04\/Mehrzwecksaal-Abipruefung.jpeg","width":2000,"height":1500,"caption":"Salle polyvalente apr\u00e8s les derni\u00e8res \u00e9preuves \u00e9crites du bac ( Photo : Poetsch \/ Cam\u00e4l\u00e9on)"},{"@type":"BreadcrumbList","@id":"https:\/\/www.camaeleon.org\/en\/2024\/04\/26\/le-mot-de-la-semaine-findubaccalaureat\/#breadcrumb","itemListElement":[{"@type":"ListItem","position":1,"name":"Home","item":"https:\/\/www.camaeleon.org\/en\/"},{"@type":"ListItem","position":2,"name":"Le Mot de la Semaine: #FinDuBaccalaur\u00e9at"}]},{"@type":"WebSite","@id":"https:\/\/www.camaeleon.org\/en\/#website","url":"https:\/\/www.camaeleon.org\/en\/","name":"Cam\u00e4l\u00e9on","description":"The online student magazine by Deutsch-Franz\u00f6sisches Gymnasium Saarbr\u00fccken","publisher":{"@id":"https:\/\/www.camaeleon.org\/en\/#organization"},"potentialAction":[{"@type":"SearchAction","target":{"@type":"EntryPoint","urlTemplate":"https:\/\/www.camaeleon.org\/en\/?s={search_term_string}"},"query-input":{"@type":"PropertyValueSpecification","valueRequired":true,"valueName":"search_term_string"}}],"inLanguage":"en-US"},{"@type":"Organization","@id":"https:\/\/www.camaeleon.org\/en\/#organization","name":"Cam\u00e4l\u00e9on","url":"https:\/\/www.camaeleon.org\/en\/","logo":{"@type":"ImageObject","inLanguage":"en-US","@id":"https:\/\/www.camaeleon.org\/en\/#\/schema\/logo\/image\/","url":"https:\/\/www.camaeleon.org\/wp-content\/uploads\/2011\/11\/CAM\u00c4LEON.jpg","contentUrl":"https:\/\/www.camaeleon.org\/wp-content\/uploads\/2011\/11\/CAM\u00c4LEON.jpg","width":959,"height":959,"caption":"Cam\u00e4l\u00e9on"},"image":{"@id":"https:\/\/www.camaeleon.org\/en\/#\/schema\/logo\/image\/"},"sameAs":["https:\/\/www.facebook.com\/camaeleon.org\/","https:\/\/x.com\/camaeleonOrg","https:\/\/www.instagram.com\/camaeleon.dfg\/","https:\/\/www.youtube.com\/channel\/UCl3TAUDdGuu_c7CD6ax6hYg"]},{"@type":"Person","@id":"https:\/\/www.camaeleon.org\/de\/#\/schema\/person\/a8330bcaad416dbc3bf7af5edd5aa8c8","name":"Timo Poetsch","image":{"@type":"ImageObject","inLanguage":"en-US","@id":"https:\/\/www.camaeleon.org\/en\/wp-content\/uploads\/2022\/04\/timo-150x150.jpg78b95433316d6ff0a042cfbd3f994008","url":"https:\/\/www.camaeleon.org\/wp-content\/uploads\/2022\/04\/timo-150x150.jpg","contentUrl":"https:\/\/www.camaeleon.org\/wp-content\/uploads\/2022\/04\/timo-150x150.jpg","caption":"Timo Poetsch"},"description":"Bonjour, je suis Timo Poetsch de la 9S1. J'ai treize ans, je m'int\u00e9resse \u00e0 l'informatique et \u00e0 toutes sortes de sujets importants dans la vie de tous les jours, par exemple l'environnement. Je fais partie de Cam\u00e4l\u00e9on car j'aime le journalisme. Mes passions sont le badminton et jouer au piano.","url":"https:\/\/www.camaeleon.org\/en\/author\/timo-poetsch\/"}]}},"_links":{"self":[{"href":"https:\/\/www.camaeleon.org\/en\/wp-json\/wp\/v2\/posts\/30949","targetHints":{"allow":["GET"]}}],"collection":[{"href":"https:\/\/www.camaeleon.org\/en\/wp-json\/wp\/v2\/posts"}],"about":[{"href":"https:\/\/www.camaeleon.org\/en\/wp-json\/wp\/v2\/types\/post"}],"author":[{"embeddable":true,"href":"https:\/\/www.camaeleon.org\/en\/wp-json\/wp\/v2\/users\/158"}],"replies":[{"embeddable":true,"href":"https:\/\/www.camaeleon.org\/en\/wp-json\/wp\/v2\/comments?post=30949"}],"version-history":[{"count":4,"href":"https:\/\/www.camaeleon.org\/en\/wp-json\/wp\/v2\/posts\/30949\/revisions"}],"predecessor-version":[{"id":30976,"href":"https:\/\/www.camaeleon.org\/en\/wp-json\/wp\/v2\/posts\/30949\/revisions\/30976"}],"wp:featuredmedia":[{"embeddable":true,"href":"https:\/\/www.camaeleon.org\/en\/wp-json\/wp\/v2\/media\/30966"}],"wp:attachment":[{"href":"https:\/\/www.camaeleon.org\/en\/wp-json\/wp\/v2\/media?parent=30949"}],"wp:term":[{"taxonomy":"category","embeddable":true,"href":"https:\/\/www.camaeleon.org\/en\/wp-json\/wp\/v2\/categories?post=30949"},{"taxonomy":"post_tag","embeddable":true,"href":"https:\/\/www.camaeleon.org\/en\/wp-json\/wp\/v2\/tags?post=30949"},{"taxonomy":"author","embeddable":true,"href":"https:\/\/www.camaeleon.org\/en\/wp-json\/wp\/v2\/coauthors?post=30949"}],"curies":[{"name":"wp","href":"https:\/\/api.w.org\/{rel}","templated":true}]}}