{"id":30829,"date":"2024-04-20T15:34:36","date_gmt":"2024-04-20T13:34:36","guid":{"rendered":"https:\/\/www.camaeleon.org\/?p=30829"},"modified":"2024-05-17T17:27:28","modified_gmt":"2024-05-17T15:27:28","slug":"concours-generation-euro-interview-des-laureats","status":"publish","type":"post","link":"https:\/\/www.camaeleon.org\/en\/2024\/04\/20\/concours-generation-euro-interview-des-laureats\/","title":{"rendered":"Concours &#8220;G\u00e9n\u00e9ration Euro&#8221; : Interview des laur\u00e9ats"},"content":{"rendered":"<figure id=\"attachment_30917\" aria-describedby=\"caption-attachment-30917\" style=\"width: 800px\" class=\"wp-caption aligncenter\"><img loading=\"lazy\" decoding=\"async\" class=\"wp-image-30917 size-large\" src=\"https:\/\/www.camaeleon.org\/wp-content\/uploads\/2024\/04\/iMG1-groupe-880x587.jpg\" alt=\"Concours &quot;G\u00e9n\u00e9ration Euro&quot; : Les laur\u00e9ats\" width=\"800\" height=\"534\" srcset=\"https:\/\/www.camaeleon.org\/wp-content\/uploads\/2024\/04\/iMG1-groupe-880x587.jpg 880w, https:\/\/www.camaeleon.org\/wp-content\/uploads\/2024\/04\/iMG1-groupe-300x200.jpg 300w, https:\/\/www.camaeleon.org\/wp-content\/uploads\/2024\/04\/iMG1-groupe-1536x1024.jpg 1536w, https:\/\/www.camaeleon.org\/wp-content\/uploads\/2024\/04\/iMG1-groupe.jpg 2000w\" sizes=\"auto, (max-width: 800px) 100vw, 800px\" \/><figcaption id=\"caption-attachment-30917\" class=\"wp-caption-text\">Concours &#8220;G\u00e9n\u00e9ration Euro&#8221; : Les laur\u00e9ats ( Photo : dfg-lfa.org )<\/figcaption><\/figure>\n<p>Chaque ann\u00e9e, 800 \u00e9l\u00e8ves de 178 lyc\u00e9es participent au concours &#8220;G\u00e9n\u00e9ration Euro&#8221;, organis\u00e9 par la Banque Centrale Europ\u00e9enne et la Banque de France. Nous avons interview\u00e9 les heureux laur\u00e9ats, \u00e9l\u00e8ves du LFA, Nicolas Fran\u00e7ois, Franck Staudt, Th\u00e9o Schmidt, Anthony Jagielski und Leela Tusel.<\/p>\n<p><strong>Comment avez-vous eu l&#8217;id\u00e9e de participer \u00e0 ce concours ?<br \/>\n<\/strong>C&#8217;est notre professeure de SES (Sciences \u00e9conomiques et sociales), Mme Becker, qui nous a parl\u00e9 de ce projet. Elle nous a montr\u00e9 la performance d&#8217;anciens \u00e9l\u00e8ves qui avaient particip\u00e9 du c\u00f4t\u00e9 allemand et qui \u00e9taient arriv\u00e9s en finale. Ils ont \u00e9t\u00e9 une source de motivation qui nous a montr\u00e9 que nous avions nos chances si l&#8217;on participait. Sur les conseils de Mme Becker, les \u00e9l\u00e8ves int\u00e9ress\u00e9s par ce concours se sont rassembl\u00e9s pour former un groupe de 5. D&#8217;ailleurs, nous tenons \u00e0 la remercier tout particuli\u00e8rement. C&#8217;est elle qui nous a aid\u00e9s tout au long du projet et qui est la personne \u00e0 qui nous devons notre victoire, et un merci particulier \u00e0 M. Vercruysse qui nous a aid\u00e9s \u00e0 corriger la langue fran\u00e7aise de nos textes, durant la phase \u00e9crite.<\/p>\n<figure id=\"attachment_30919\" aria-describedby=\"caption-attachment-30919\" style=\"width: 300px\" class=\"wp-caption alignleft\"><img loading=\"lazy\" decoding=\"async\" class=\"size-medium wp-image-30919\" src=\"https:\/\/www.camaeleon.org\/wp-content\/uploads\/2024\/04\/Generation-Euro-2024-300x200.jpg\" alt=\"Concours &quot;G\u00e9n\u00e9ration Euro&quot; : Les laur\u00e9ats ( photo : dfg-lfa.org )\" width=\"300\" height=\"200\" srcset=\"https:\/\/www.camaeleon.org\/wp-content\/uploads\/2024\/04\/Generation-Euro-2024-300x200.jpg 300w, https:\/\/www.camaeleon.org\/wp-content\/uploads\/2024\/04\/Generation-Euro-2024-880x587.jpg 880w, https:\/\/www.camaeleon.org\/wp-content\/uploads\/2024\/04\/Generation-Euro-2024-1536x1024.jpg 1536w, https:\/\/www.camaeleon.org\/wp-content\/uploads\/2024\/04\/Generation-Euro-2024.jpg 2000w\" sizes=\"auto, (max-width: 300px) 100vw, 300px\" \/><figcaption id=\"caption-attachment-30919\" class=\"wp-caption-text\">Photo : dfg-lfa.org<\/figcaption><\/figure>\n<p><strong>En quoi consiste-t-il ?<br \/>\n<\/strong>Ce concours est principalement orient\u00e9 vers la politique mon\u00e9taire de la zone euro, qui est r\u00e9gie par la Banque Centrale Europ\u00e9enne. L&#8217;\u00e9dition fran\u00e7aise est organis\u00e9e par la Banque de France et se d\u00e9roule en trois grandes \u00e9tapes. La premi\u00e8re \u00e9tait un quiz en ligne chronom\u00e9tr\u00e9 pour pr\u00e9-s\u00e9lectionner les meilleures \u00e9quipes. Nous avions d\u00fb nous entra\u00eener sur l&#8217;histoire de la Banque Centrale Europ\u00e9enne ainsi que sur les politiques qu&#8217;elle exerce. Les 20 meilleures \u00e9quipes ont ensuite eu la chance de participer \u00e0 une \u00e9preuve \u00e9crite, durant laquelle nous devions pr\u00e9dire les politiques mon\u00e9taires de la BCE, qui seraient annonc\u00e9es le lendemain de la fin de la phase. Enfin, les 5 meilleures performances ont eu l&#8217;honneur de se rendre dans les locaux de la Banque de France \u00e0 Paris pour passer un oral dans lequel il fallait comparer nos pr\u00e9visions et les vraies d\u00e9cisions de la BCE.<\/p>\n<p><strong>Quelle \u00e9tape de ce concours a \u00e9t\u00e9 la plus compliqu\u00e9e pour vous \u00a0? Pourquoi ?<br \/>\n<\/strong>L&#8217;\u00e9tape la plus compliqu\u00e9e a \u00e9t\u00e9 sans aucun doute la deuxi\u00e8me, car m\u00eame si c&#8217;\u00e9tait celle pour laquelle nous avions le plus de temps, elle a \u00e9t\u00e9 la r\u00e9elle premi\u00e8re difficult\u00e9, car il a fallu comprendre comment fonctionnaient les d\u00e9cisions \u00e0 la BCE, et aussi comprendre pourquoi ils prenaient leurs d\u00e9cisions. Nous avons eu au d\u00e9part beaucoup de mal \u00e0 saisir tout ce processus, et nous pensions alors que c&#8217;\u00e9tait peine perdue. Puis, nous avons pers\u00e9v\u00e9r\u00e9, en essayant d&#8217;\u00e9crire des textes de pr\u00e9visions des d\u00e9cisions de politique mon\u00e9taire. Nous avons regard\u00e9 diverses statistiques, sources, donn\u00e9es, etc. Au d\u00e9but nos textes \u00e9taient m\u00e9diocres, mais avec le temps nous avons r\u00e9ussi \u00e0 nous am\u00e9liorer et \u00e0 produire des paragraphes bien plus r\u00e9ussis.<br \/>\nLa deuxi\u00e8me grande difficult\u00e9 de la t\u00e2che a \u00e9t\u00e9 la forme, car m\u00eame si nous avions bien utilis\u00e9 le temps qui nous \u00e9tait imparti jusque l\u00e0, nous avions sous-estim\u00e9 le temps qu&#8217;il fallait d\u00e9dier \u00e0 cette t\u00e2che. Nous avons pass\u00e9 pas mal de soir\u00e9es enti\u00e8res \u00e0 peaufiner et \u00e0 adapter le contenu pour qu&#8217;il soit le plus parfait possible.<\/p>\n<figure id=\"attachment_30920\" aria-describedby=\"caption-attachment-30920\" style=\"width: 300px\" class=\"wp-caption alignright\"><img loading=\"lazy\" decoding=\"async\" class=\"size-medium wp-image-30920\" src=\"https:\/\/www.camaeleon.org\/wp-content\/uploads\/2024\/04\/IMG2-groupe--300x300.jpg\" alt=\"Concours &quot;G\u00e9n\u00e9ration Euro&quot; : Les laur\u00e9ats ( photo : dfg-lfa.org )\" width=\"300\" height=\"300\" srcset=\"https:\/\/www.camaeleon.org\/wp-content\/uploads\/2024\/04\/IMG2-groupe--300x300.jpg 300w, https:\/\/www.camaeleon.org\/wp-content\/uploads\/2024\/04\/IMG2-groupe--602x600.jpg 602w, https:\/\/www.camaeleon.org\/wp-content\/uploads\/2024\/04\/IMG2-groupe--150x150.jpg 150w, https:\/\/www.camaeleon.org\/wp-content\/uploads\/2024\/04\/IMG2-groupe-.jpg 777w\" sizes=\"auto, (max-width: 300px) 100vw, 300px\" \/><figcaption id=\"caption-attachment-30920\" class=\"wp-caption-text\">Photo : https:\/\/www.instagram.com\/educfi_banquedefrance\/<\/figcaption><\/figure>\n<p><strong>Expliquez-nous quelle est celle qui a \u00e9t\u00e9 la plus stimulante !<br \/>\n<\/strong>La phase la plus stimulante a \u00e9t\u00e9 la derni\u00e8re phase, car nous n&#8217;avons pas eu beaucoup de temps pour nous y pr\u00e9parer. En effet, le deuxi\u00e8me trimestre ayant \u00e9t\u00e9 assez court, nous n&#8217;avons eu qu&#8217;une semaine et demie lors de laquelle notre emploi du temps nous a permis d&#8217;avancer sur cette phase. Pour l&#8217;oral, nous avions choisi de pr\u00e9senter cela sous forme d&#8217;un jeu t\u00e9l\u00e9vis\u00e9 o\u00f9 un expert de la BCE affrontait un \u00e9l\u00e8ve du lyc\u00e9e. Nous avions donc s\u00e9par\u00e9 le travail en trois grandes parties : la conception du PowerPoint avec les questions et la charte graphique qui repr\u00e9senteraient l&#8217;esprit m\u00eame du jeu t\u00e9l\u00e9vis\u00e9, la phase d&#8217;\u00e9criture du script, sur laquelle nous avons pass\u00e9 au moins une semaine enti\u00e8re et, enfin, la derni\u00e8re ligne droite a \u00e9t\u00e9 l&#8217;apprentissage de notre script pour l&#8217;oral. Les questions pos\u00e9es par le jury ont aussi \u00e9t\u00e9 particuli\u00e8rement stimulantes.<\/p>\n<p><strong>Comment s&#8217;est d\u00e9roul\u00e9 votre s\u00e9jour \u00e0 Paris ?<br \/>\n<\/strong>Notre s\u00e9jour \u00e0 Paris a \u00e9t\u00e9 \u00e0 la fois tr\u00e8s agr\u00e9able et stressant. Nous avons profit\u00e9, le premier jour, de la ville, en allant par exemple \u00e0 la Tour Eiffel ou visiter l\u2019Arc de Triomphe, rapidement, en d\u00e9but d\u2019apr\u00e8s-midi. Mais apr\u00e8s cela, nous sommes revenus \u00e0 l\u2019h\u00f4tel pour r\u00e9viser jusqu\u2019\u00e0 tard notre oral qui avait lieu le lendemain matin. Le voyage a donc \u00e9t\u00e9 sans incidents, mais pas de tout repos !<\/p>\n<p><strong>Qu&#8217;est ce qui vous a le plus marqu\u00e9s ?<br \/>\n<\/strong>Ce qui nous a le plus marqu\u00e9s, c\u2019est vraiment notre passage \u00e0 la Banque de France. C\u2019est une institution mythique mais \u00e0 la fois m\u00e9connue, alors pouvoir poser les pieds dans ce b\u00e2timent, et explorer l\u2019histoire de la galerie dor\u00e9e qui, de prime abord, semble superficielle a \u00e9t\u00e9 vraiment une grande exp\u00e9rience marquante.<\/p>\n<p><strong>Quels sont les 3 mots qui pourraient caract\u00e9riser au mieux l&#8217;exp\u00e9rience que vous avez v\u00e9cue ?<br \/>\n<\/strong>Travail, organisation et coh\u00e9sion.<\/p>\n<p><strong>Qu&#8217;est ce que ce concours vous apporte pour votre avenir ?<br \/>\n<\/strong>Ce concours va probablement tous nous apporter une ma\u00eetrise des probl\u00e8mes : comment aborder un probl\u00e8me aussi large que compliqu\u00e9 et se coordonner avec un groupe aux comp\u00e9tences vari\u00e9es. Il est aussi possible que nous retrouvions nos adversaires dans de futures occasions et cela forge des amiti\u00e9s et des contacts.<\/p>\n<p><strong>Pour finir, auriez-vous un conseil \u00e0 donner aux futurs participants ?<\/strong><br \/>\nC\u2019est malheureusement la derni\u00e8re \u00e9dition, il n\u2019y aura donc pas de prochains candidats. Cependant, nos conseils peuvent vous servir pour de futures situations similaires. Organisez-vous avec efficacit\u00e9 ! On se retrouve rapidement enseveli sous une montagne de choses \u00e0 faire qui semble ing\u00e9rable, mais en prenant un pas de recul, elle n\u2019est, au final, pas si grande.<\/p>\n<p><br \/>\n<\/p>\n","protected":false},"excerpt":{"rendered":"<p>Chaque ann\u00e9e, 800 \u00e9l\u00e8ves de 178 lyc\u00e9es participent au concours &#8220;G\u00e9n\u00e9ration Euro&#8221;, organis\u00e9 par la Banque Centrale Europ\u00e9enne et la Banque de France. Nous avons<\/p>\n","protected":false},"author":158,"featured_media":30917,"comment_status":"open","ping_status":"closed","sticky":false,"template":"","format":"standard","meta":{"colormag_page_container_layout":"default_layout","colormag_page_sidebar_layout":"default_layout","footnotes":""},"categories":[3],"tags":[2475,2468,2467,2466,2471,2469,2472,2474,2470,2473],"coauthors":[1854,1757],"class_list":["post-30829","post","type-post","status-publish","format-standard","has-post-thumbnail","hentry","category-ecole","tag-anthony-jagielski","tag-banque-de-france","tag-bce","tag-concours-generation-euro-2024","tag-corinne-becker","tag-eleves-du-lfa-laureats-du-concours-generation-euro","tag-franck-staudt","tag-leela-tusel","tag-nicolas-francois","tag-theo-schmidt"],"yoast_head":"<!-- This site is optimized with the Yoast SEO plugin v27.5 - https:\/\/yoast.com\/product\/yoast-seo-wordpress\/ -->\n<title>Concours &quot;G\u00e9n\u00e9ration Euro&quot; : Interview des laur\u00e9ats - Cam\u00e4l\u00e9on<\/title>\n<meta name=\"description\" content=\"Interview des heureux laur\u00e9ats du concours &quot;G\u00e9n\u00e9ration Euro&quot;: Nicolas Fran\u00e7ois, Franck Staudt, Th\u00e9o Schmidt, Anthony Jagielski und Leela Tusel.\" \/>\n<meta name=\"robots\" content=\"index, follow, max-snippet:-1, max-image-preview:large, max-video-preview:-1\" \/>\n<link rel=\"canonical\" href=\"https:\/\/www.camaeleon.org\/en\/2024\/04\/20\/concours-generation-euro-interview-des-laureats\/\" \/>\n<meta property=\"og:locale\" content=\"en_US\" \/>\n<meta property=\"og:type\" content=\"article\" \/>\n<meta property=\"og:title\" content=\"Concours &quot;G\u00e9n\u00e9ration Euro&quot; : Interview des laur\u00e9ats - Cam\u00e4l\u00e9on\" \/>\n<meta property=\"og:description\" content=\"Interview des heureux laur\u00e9ats du concours &quot;G\u00e9n\u00e9ration Euro&quot;: Nicolas Fran\u00e7ois, Franck Staudt, Th\u00e9o Schmidt, Anthony Jagielski und Leela Tusel.\" \/>\n<meta property=\"og:url\" content=\"https:\/\/www.camaeleon.org\/en\/2024\/04\/20\/concours-generation-euro-interview-des-laureats\/\" \/>\n<meta property=\"og:site_name\" content=\"Cam\u00e4l\u00e9on\" \/>\n<meta property=\"article:publisher\" content=\"https:\/\/www.facebook.com\/camaeleon.org\/\" \/>\n<meta property=\"article:published_time\" content=\"2024-04-20T13:34:36+00:00\" \/>\n<meta property=\"article:modified_time\" content=\"2024-05-17T15:27:28+00:00\" \/>\n<meta property=\"og:image\" content=\"https:\/\/www.camaeleon.org\/wp-content\/uploads\/2024\/04\/iMG1-groupe.jpg\" \/>\n\t<meta property=\"og:image:width\" content=\"2000\" \/>\n\t<meta property=\"og:image:height\" content=\"1333\" \/>\n\t<meta property=\"og:image:type\" content=\"image\/jpeg\" \/>\n<meta name=\"author\" content=\"Timo Poetsch, Alice Colin\" \/>\n<meta name=\"twitter:card\" content=\"summary_large_image\" \/>\n<meta name=\"twitter:creator\" content=\"@camaeleonOrg\" \/>\n<meta name=\"twitter:site\" content=\"@camaeleonOrg\" \/>\n<script type=\"application\/ld+json\" class=\"yoast-schema-graph\">{\"@context\":\"https:\\\/\\\/schema.org\",\"@graph\":[{\"@type\":\"Article\",\"@id\":\"https:\\\/\\\/www.camaeleon.org\\\/2024\\\/04\\\/20\\\/concours-generation-euro-interview-des-laureats\\\/#article\",\"isPartOf\":{\"@id\":\"https:\\\/\\\/www.camaeleon.org\\\/2024\\\/04\\\/20\\\/concours-generation-euro-interview-des-laureats\\\/\"},\"author\":{\"name\":\"Timo Poetsch\",\"@id\":\"https:\\\/\\\/www.camaeleon.org\\\/de\\\/#\\\/schema\\\/person\\\/a8330bcaad416dbc3bf7af5edd5aa8c8\"},\"headline\":\"Concours &#8220;G\u00e9n\u00e9ration Euro&#8221; : Interview des laur\u00e9ats\",\"datePublished\":\"2024-04-20T13:34:36+00:00\",\"dateModified\":\"2024-05-17T15:27:28+00:00\",\"mainEntityOfPage\":{\"@id\":\"https:\\\/\\\/www.camaeleon.org\\\/2024\\\/04\\\/20\\\/concours-generation-euro-interview-des-laureats\\\/\"},\"wordCount\":1140,\"commentCount\":0,\"publisher\":{\"@id\":\"https:\\\/\\\/www.camaeleon.org\\\/de\\\/#organization\"},\"image\":{\"@id\":\"https:\\\/\\\/www.camaeleon.org\\\/2024\\\/04\\\/20\\\/concours-generation-euro-interview-des-laureats\\\/#primaryimage\"},\"thumbnailUrl\":\"https:\\\/\\\/www.camaeleon.org\\\/wp-content\\\/uploads\\\/2024\\\/04\\\/iMG1-groupe.jpg\",\"keywords\":[\"Anthony Jagielski\",\"Banque de France\",\"BCE\",\"Concours g\u00e9n\u00e9ration euro 2024\",\"Corinne Becker\",\"El\u00e8ves du LFA laur\u00e9ats du concours G\u00e9n\u00e9ration Euro\",\"Franck Staudt\",\"Leela Tusel\",\"Nicolas Francois\",\"Th\u00e9o Schmidt\"],\"articleSection\":[\"School\"],\"inLanguage\":\"en-US\",\"potentialAction\":[{\"@type\":\"CommentAction\",\"name\":\"Comment\",\"target\":[\"https:\\\/\\\/www.camaeleon.org\\\/2024\\\/04\\\/20\\\/concours-generation-euro-interview-des-laureats\\\/#respond\"]}]},{\"@type\":\"WebPage\",\"@id\":\"https:\\\/\\\/www.camaeleon.org\\\/en\\\/2024\\\/04\\\/20\\\/concours-generation-euro-interview-des-laureats\\\/\",\"url\":\"https:\\\/\\\/www.camaeleon.org\\\/en\\\/2024\\\/04\\\/20\\\/concours-generation-euro-interview-des-laureats\\\/\",\"name\":\"Concours \\\"G\u00e9n\u00e9ration Euro\\\" : Interview des laur\u00e9ats - Cam\u00e4l\u00e9on\",\"isPartOf\":{\"@id\":\"https:\\\/\\\/www.camaeleon.org\\\/en\\\/#website\"},\"primaryImageOfPage\":{\"@id\":\"https:\\\/\\\/www.camaeleon.org\\\/en\\\/2024\\\/04\\\/20\\\/concours-generation-euro-interview-des-laureats\\\/#primaryimage\"},\"image\":{\"@id\":\"https:\\\/\\\/www.camaeleon.org\\\/2024\\\/04\\\/20\\\/concours-generation-euro-interview-des-laureats\\\/#primaryimage\"},\"thumbnailUrl\":\"https:\\\/\\\/www.camaeleon.org\\\/wp-content\\\/uploads\\\/2024\\\/04\\\/iMG1-groupe.jpg\",\"datePublished\":\"2024-04-20T13:34:36+00:00\",\"dateModified\":\"2024-05-17T15:27:28+00:00\",\"description\":\"Interview des heureux laur\u00e9ats du concours \\\"G\u00e9n\u00e9ration Euro\\\": Nicolas Fran\u00e7ois, Franck Staudt, Th\u00e9o Schmidt, Anthony Jagielski und Leela Tusel.\",\"breadcrumb\":{\"@id\":\"https:\\\/\\\/www.camaeleon.org\\\/en\\\/2024\\\/04\\\/20\\\/concours-generation-euro-interview-des-laureats\\\/#breadcrumb\"},\"inLanguage\":\"en-US\",\"potentialAction\":[{\"@type\":\"ReadAction\",\"target\":[[\"https:\\\/\\\/www.camaeleon.org\\\/en\\\/2024\\\/04\\\/20\\\/concours-generation-euro-interview-des-laureats\\\/\"]]}]},{\"@type\":\"ImageObject\",\"inLanguage\":\"en-US\",\"@id\":\"https:\\\/\\\/www.camaeleon.org\\\/en\\\/2024\\\/04\\\/20\\\/concours-generation-euro-interview-des-laureats\\\/#primaryimage\",\"url\":\"https:\\\/\\\/www.camaeleon.org\\\/wp-content\\\/uploads\\\/2024\\\/04\\\/iMG1-groupe.jpg\",\"contentUrl\":\"https:\\\/\\\/www.camaeleon.org\\\/wp-content\\\/uploads\\\/2024\\\/04\\\/iMG1-groupe.jpg\",\"width\":2000,\"height\":1333,\"caption\":\"Concours \\\"G\u00e9n\u00e9ration Euro\\\" : Les laur\u00e9ats ( photo : dfg-lfa.org )\"},{\"@type\":\"BreadcrumbList\",\"@id\":\"https:\\\/\\\/www.camaeleon.org\\\/en\\\/2024\\\/04\\\/20\\\/concours-generation-euro-interview-des-laureats\\\/#breadcrumb\",\"itemListElement\":[{\"@type\":\"ListItem\",\"position\":1,\"name\":\"Home\",\"item\":\"https:\\\/\\\/www.camaeleon.org\\\/en\\\/\"},{\"@type\":\"ListItem\",\"position\":2,\"name\":\"Concours &#8222;G\u00e9n\u00e9ration Euro&#8220; : Interview des laur\u00e9ats\"}]},{\"@type\":\"WebSite\",\"@id\":\"https:\\\/\\\/www.camaeleon.org\\\/en\\\/#website\",\"url\":\"https:\\\/\\\/www.camaeleon.org\\\/en\\\/\",\"name\":\"Cam\u00e4l\u00e9on\",\"description\":\"The online student magazine by Deutsch-Franz\u00f6sisches Gymnasium Saarbr\u00fccken\",\"publisher\":{\"@id\":\"https:\\\/\\\/www.camaeleon.org\\\/en\\\/#organization\"},\"potentialAction\":[{\"@type\":\"SearchAction\",\"target\":{\"@type\":\"EntryPoint\",\"urlTemplate\":\"https:\\\/\\\/www.camaeleon.org\\\/en\\\/?s={search_term_string}\"},\"query-input\":{\"@type\":\"PropertyValueSpecification\",\"valueRequired\":true,\"valueName\":\"search_term_string\"}}],\"inLanguage\":\"en-US\"},{\"@type\":\"Organization\",\"@id\":\"https:\\\/\\\/www.camaeleon.org\\\/en\\\/#organization\",\"name\":\"Cam\u00e4l\u00e9on\",\"url\":\"https:\\\/\\\/www.camaeleon.org\\\/en\\\/\",\"logo\":{\"@type\":\"ImageObject\",\"inLanguage\":\"en-US\",\"@id\":\"https:\\\/\\\/www.camaeleon.org\\\/en\\\/#\\\/schema\\\/logo\\\/image\\\/\",\"url\":\"https:\\\/\\\/www.camaeleon.org\\\/wp-content\\\/uploads\\\/2011\\\/11\\\/CAM\u00c4LEON.jpg\",\"contentUrl\":\"https:\\\/\\\/www.camaeleon.org\\\/wp-content\\\/uploads\\\/2011\\\/11\\\/CAM\u00c4LEON.jpg\",\"width\":959,\"height\":959,\"caption\":\"Cam\u00e4l\u00e9on\"},\"image\":{\"@id\":\"https:\\\/\\\/www.camaeleon.org\\\/en\\\/#\\\/schema\\\/logo\\\/image\\\/\"},\"sameAs\":[\"https:\\\/\\\/www.facebook.com\\\/camaeleon.org\\\/\",\"https:\\\/\\\/x.com\\\/camaeleonOrg\",\"https:\\\/\\\/www.instagram.com\\\/camaeleon.dfg\\\/\",\"https:\\\/\\\/www.youtube.com\\\/channel\\\/UCl3TAUDdGuu_c7CD6ax6hYg\"]},{\"@type\":\"Person\",\"@id\":\"https:\\\/\\\/www.camaeleon.org\\\/de\\\/#\\\/schema\\\/person\\\/a8330bcaad416dbc3bf7af5edd5aa8c8\",\"name\":\"Timo Poetsch\",\"image\":{\"@type\":\"ImageObject\",\"inLanguage\":\"en-US\",\"@id\":\"https:\\\/\\\/www.camaeleon.org\\\/en\\\/wp-content\\\/uploads\\\/2022\\\/04\\\/timo-150x150.jpg78b95433316d6ff0a042cfbd3f994008\",\"url\":\"https:\\\/\\\/www.camaeleon.org\\\/wp-content\\\/uploads\\\/2022\\\/04\\\/timo-150x150.jpg\",\"contentUrl\":\"https:\\\/\\\/www.camaeleon.org\\\/wp-content\\\/uploads\\\/2022\\\/04\\\/timo-150x150.jpg\",\"caption\":\"Timo Poetsch\"},\"description\":\"Bonjour, je suis Timo Poetsch de la 9S1. J'ai treize ans, je m'int\u00e9resse \u00e0 l'informatique et \u00e0 toutes sortes de sujets importants dans la vie de tous les jours, par exemple l'environnement. Je fais partie de Cam\u00e4l\u00e9on car j'aime le journalisme. Mes passions sont le badminton et jouer au piano.\",\"url\":\"https:\\\/\\\/www.camaeleon.org\\\/en\\\/author\\\/timo-poetsch\\\/\"}]}<\/script>\n<!-- \/ Yoast SEO plugin. -->","yoast_head_json":{"title":"Concours \"G\u00e9n\u00e9ration Euro\" : Interview des laur\u00e9ats - Cam\u00e4l\u00e9on","description":"Interview des heureux laur\u00e9ats du concours \"G\u00e9n\u00e9ration Euro\": Nicolas Fran\u00e7ois, Franck Staudt, Th\u00e9o Schmidt, Anthony Jagielski und Leela Tusel.","robots":{"index":"index","follow":"follow","max-snippet":"max-snippet:-1","max-image-preview":"max-image-preview:large","max-video-preview":"max-video-preview:-1"},"canonical":"https:\/\/www.camaeleon.org\/en\/2024\/04\/20\/concours-generation-euro-interview-des-laureats\/","og_locale":"en_US","og_type":"article","og_title":"Concours \"G\u00e9n\u00e9ration Euro\" : Interview des laur\u00e9ats - Cam\u00e4l\u00e9on","og_description":"Interview des heureux laur\u00e9ats du concours \"G\u00e9n\u00e9ration Euro\": Nicolas Fran\u00e7ois, Franck Staudt, Th\u00e9o Schmidt, Anthony Jagielski und Leela Tusel.","og_url":"https:\/\/www.camaeleon.org\/en\/2024\/04\/20\/concours-generation-euro-interview-des-laureats\/","og_site_name":"Cam\u00e4l\u00e9on","article_publisher":"https:\/\/www.facebook.com\/camaeleon.org\/","article_published_time":"2024-04-20T13:34:36+00:00","article_modified_time":"2024-05-17T15:27:28+00:00","og_image":[{"width":2000,"height":1333,"url":"https:\/\/www.camaeleon.org\/wp-content\/uploads\/2024\/04\/iMG1-groupe.jpg","type":"image\/jpeg"}],"author":"Timo Poetsch, Alice Colin","twitter_card":"summary_large_image","twitter_creator":"@camaeleonOrg","twitter_site":"@camaeleonOrg","schema":{"@context":"https:\/\/schema.org","@graph":[{"@type":"Article","@id":"https:\/\/www.camaeleon.org\/2024\/04\/20\/concours-generation-euro-interview-des-laureats\/#article","isPartOf":{"@id":"https:\/\/www.camaeleon.org\/2024\/04\/20\/concours-generation-euro-interview-des-laureats\/"},"author":{"name":"Timo Poetsch","@id":"https:\/\/www.camaeleon.org\/de\/#\/schema\/person\/a8330bcaad416dbc3bf7af5edd5aa8c8"},"headline":"Concours &#8220;G\u00e9n\u00e9ration Euro&#8221; : Interview des laur\u00e9ats","datePublished":"2024-04-20T13:34:36+00:00","dateModified":"2024-05-17T15:27:28+00:00","mainEntityOfPage":{"@id":"https:\/\/www.camaeleon.org\/2024\/04\/20\/concours-generation-euro-interview-des-laureats\/"},"wordCount":1140,"commentCount":0,"publisher":{"@id":"https:\/\/www.camaeleon.org\/de\/#organization"},"image":{"@id":"https:\/\/www.camaeleon.org\/2024\/04\/20\/concours-generation-euro-interview-des-laureats\/#primaryimage"},"thumbnailUrl":"https:\/\/www.camaeleon.org\/wp-content\/uploads\/2024\/04\/iMG1-groupe.jpg","keywords":["Anthony Jagielski","Banque de France","BCE","Concours g\u00e9n\u00e9ration euro 2024","Corinne Becker","El\u00e8ves du LFA laur\u00e9ats du concours G\u00e9n\u00e9ration Euro","Franck Staudt","Leela Tusel","Nicolas Francois","Th\u00e9o Schmidt"],"articleSection":["School"],"inLanguage":"en-US","potentialAction":[{"@type":"CommentAction","name":"Comment","target":["https:\/\/www.camaeleon.org\/2024\/04\/20\/concours-generation-euro-interview-des-laureats\/#respond"]}]},{"@type":"WebPage","@id":"https:\/\/www.camaeleon.org\/en\/2024\/04\/20\/concours-generation-euro-interview-des-laureats\/","url":"https:\/\/www.camaeleon.org\/en\/2024\/04\/20\/concours-generation-euro-interview-des-laureats\/","name":"Concours \"G\u00e9n\u00e9ration Euro\" : Interview des laur\u00e9ats - Cam\u00e4l\u00e9on","isPartOf":{"@id":"https:\/\/www.camaeleon.org\/en\/#website"},"primaryImageOfPage":{"@id":"https:\/\/www.camaeleon.org\/en\/2024\/04\/20\/concours-generation-euro-interview-des-laureats\/#primaryimage"},"image":{"@id":"https:\/\/www.camaeleon.org\/2024\/04\/20\/concours-generation-euro-interview-des-laureats\/#primaryimage"},"thumbnailUrl":"https:\/\/www.camaeleon.org\/wp-content\/uploads\/2024\/04\/iMG1-groupe.jpg","datePublished":"2024-04-20T13:34:36+00:00","dateModified":"2024-05-17T15:27:28+00:00","description":"Interview des heureux laur\u00e9ats du concours \"G\u00e9n\u00e9ration Euro\": Nicolas Fran\u00e7ois, Franck Staudt, Th\u00e9o Schmidt, Anthony Jagielski und Leela Tusel.","breadcrumb":{"@id":"https:\/\/www.camaeleon.org\/en\/2024\/04\/20\/concours-generation-euro-interview-des-laureats\/#breadcrumb"},"inLanguage":"en-US","potentialAction":[{"@type":"ReadAction","target":[["https:\/\/www.camaeleon.org\/en\/2024\/04\/20\/concours-generation-euro-interview-des-laureats\/"]]}]},{"@type":"ImageObject","inLanguage":"en-US","@id":"https:\/\/www.camaeleon.org\/en\/2024\/04\/20\/concours-generation-euro-interview-des-laureats\/#primaryimage","url":"https:\/\/www.camaeleon.org\/wp-content\/uploads\/2024\/04\/iMG1-groupe.jpg","contentUrl":"https:\/\/www.camaeleon.org\/wp-content\/uploads\/2024\/04\/iMG1-groupe.jpg","width":2000,"height":1333,"caption":"Concours \"G\u00e9n\u00e9ration Euro\" : Les laur\u00e9ats ( photo : dfg-lfa.org )"},{"@type":"BreadcrumbList","@id":"https:\/\/www.camaeleon.org\/en\/2024\/04\/20\/concours-generation-euro-interview-des-laureats\/#breadcrumb","itemListElement":[{"@type":"ListItem","position":1,"name":"Home","item":"https:\/\/www.camaeleon.org\/en\/"},{"@type":"ListItem","position":2,"name":"Concours &#8222;G\u00e9n\u00e9ration Euro&#8220; : Interview des laur\u00e9ats"}]},{"@type":"WebSite","@id":"https:\/\/www.camaeleon.org\/en\/#website","url":"https:\/\/www.camaeleon.org\/en\/","name":"Cam\u00e4l\u00e9on","description":"The online student magazine by Deutsch-Franz\u00f6sisches Gymnasium Saarbr\u00fccken","publisher":{"@id":"https:\/\/www.camaeleon.org\/en\/#organization"},"potentialAction":[{"@type":"SearchAction","target":{"@type":"EntryPoint","urlTemplate":"https:\/\/www.camaeleon.org\/en\/?s={search_term_string}"},"query-input":{"@type":"PropertyValueSpecification","valueRequired":true,"valueName":"search_term_string"}}],"inLanguage":"en-US"},{"@type":"Organization","@id":"https:\/\/www.camaeleon.org\/en\/#organization","name":"Cam\u00e4l\u00e9on","url":"https:\/\/www.camaeleon.org\/en\/","logo":{"@type":"ImageObject","inLanguage":"en-US","@id":"https:\/\/www.camaeleon.org\/en\/#\/schema\/logo\/image\/","url":"https:\/\/www.camaeleon.org\/wp-content\/uploads\/2011\/11\/CAM\u00c4LEON.jpg","contentUrl":"https:\/\/www.camaeleon.org\/wp-content\/uploads\/2011\/11\/CAM\u00c4LEON.jpg","width":959,"height":959,"caption":"Cam\u00e4l\u00e9on"},"image":{"@id":"https:\/\/www.camaeleon.org\/en\/#\/schema\/logo\/image\/"},"sameAs":["https:\/\/www.facebook.com\/camaeleon.org\/","https:\/\/x.com\/camaeleonOrg","https:\/\/www.instagram.com\/camaeleon.dfg\/","https:\/\/www.youtube.com\/channel\/UCl3TAUDdGuu_c7CD6ax6hYg"]},{"@type":"Person","@id":"https:\/\/www.camaeleon.org\/de\/#\/schema\/person\/a8330bcaad416dbc3bf7af5edd5aa8c8","name":"Timo Poetsch","image":{"@type":"ImageObject","inLanguage":"en-US","@id":"https:\/\/www.camaeleon.org\/en\/wp-content\/uploads\/2022\/04\/timo-150x150.jpg78b95433316d6ff0a042cfbd3f994008","url":"https:\/\/www.camaeleon.org\/wp-content\/uploads\/2022\/04\/timo-150x150.jpg","contentUrl":"https:\/\/www.camaeleon.org\/wp-content\/uploads\/2022\/04\/timo-150x150.jpg","caption":"Timo Poetsch"},"description":"Bonjour, je suis Timo Poetsch de la 9S1. J'ai treize ans, je m'int\u00e9resse \u00e0 l'informatique et \u00e0 toutes sortes de sujets importants dans la vie de tous les jours, par exemple l'environnement. Je fais partie de Cam\u00e4l\u00e9on car j'aime le journalisme. Mes passions sont le badminton et jouer au piano.","url":"https:\/\/www.camaeleon.org\/en\/author\/timo-poetsch\/"}]}},"_links":{"self":[{"href":"https:\/\/www.camaeleon.org\/en\/wp-json\/wp\/v2\/posts\/30829","targetHints":{"allow":["GET"]}}],"collection":[{"href":"https:\/\/www.camaeleon.org\/en\/wp-json\/wp\/v2\/posts"}],"about":[{"href":"https:\/\/www.camaeleon.org\/en\/wp-json\/wp\/v2\/types\/post"}],"author":[{"embeddable":true,"href":"https:\/\/www.camaeleon.org\/en\/wp-json\/wp\/v2\/users\/158"}],"replies":[{"embeddable":true,"href":"https:\/\/www.camaeleon.org\/en\/wp-json\/wp\/v2\/comments?post=30829"}],"version-history":[{"count":8,"href":"https:\/\/www.camaeleon.org\/en\/wp-json\/wp\/v2\/posts\/30829\/revisions"}],"predecessor-version":[{"id":30935,"href":"https:\/\/www.camaeleon.org\/en\/wp-json\/wp\/v2\/posts\/30829\/revisions\/30935"}],"wp:featuredmedia":[{"embeddable":true,"href":"https:\/\/www.camaeleon.org\/en\/wp-json\/wp\/v2\/media\/30917"}],"wp:attachment":[{"href":"https:\/\/www.camaeleon.org\/en\/wp-json\/wp\/v2\/media?parent=30829"}],"wp:term":[{"taxonomy":"category","embeddable":true,"href":"https:\/\/www.camaeleon.org\/en\/wp-json\/wp\/v2\/categories?post=30829"},{"taxonomy":"post_tag","embeddable":true,"href":"https:\/\/www.camaeleon.org\/en\/wp-json\/wp\/v2\/tags?post=30829"},{"taxonomy":"author","embeddable":true,"href":"https:\/\/www.camaeleon.org\/en\/wp-json\/wp\/v2\/coauthors?post=30829"}],"curies":[{"name":"wp","href":"https:\/\/api.w.org\/{rel}","templated":true}]}}