{"id":30804,"date":"2024-03-25T15:16:30","date_gmt":"2024-03-25T14:16:30","guid":{"rendered":"https:\/\/www.camaeleon.org\/?p=30804"},"modified":"2024-03-25T21:23:08","modified_gmt":"2024-03-25T20:23:08","slug":"je-chante-depuis-que-je-suis-toute-petite-interview-de-carmen-taffo","status":"publish","type":"post","link":"https:\/\/www.camaeleon.org\/en\/2024\/03\/25\/je-chante-depuis-que-je-suis-toute-petite-interview-de-carmen-taffo\/","title":{"rendered":"&#8220;Je chante depuis que je suis toute petite&#8221; &#8211; Interview de Carmen Taffo"},"content":{"rendered":"<p>Apr\u00e8s deux ans de cours de chant, Carmen Taffo, une \u00e9l\u00e8ve de 4\u00e8me, a \u00e9t\u00e9 s\u00e9lectionn\u00e9e au concours de chant <a href=\"https:\/\/www.sat1.de\/serien\/the-voice-kids\">The Voice Kids Germany<\/a>. Nous lui avons pos\u00e9 quelques questions sur son parcours, ainsi que ses projets \u00e0 venir. Pour finir, elle a accept\u00e9 de nous chanter un extrait de <em>Skyfall<\/em> de Adele.<\/p>\n<div class=\"lyte-wrapper\" style=\"width:1280px;max-width:100%;margin:5px auto;\"><div class=\"lyMe hidef\" id=\"WYL_D86frle-tAI\"><div id=\"lyte_D86frle-tAI\" data-src=\"https:\/\/www.camaeleon.org\/wp-content\/plugins\/wp-youtube-lyte\/lyteCache.php?origThumbUrl=%2F%2Fi.ytimg.com%2Fvi%2FD86frle-tAI%2Fhqdefault.jpg\" class=\"pL\"><div class=\"tC\"><div class=\"tT\"><\/div><\/div><div class=\"play\"><\/div><div class=\"ctrl\"><div class=\"Lctrl\"><\/div><div class=\"Rctrl\"><\/div><\/div><\/div><noscript><a href=\"https:\/\/youtu.be\/D86frle-tAI\" rel=\"nofollow\"><img loading=\"lazy\" decoding=\"async\" src=\"https:\/\/www.camaeleon.org\/wp-content\/plugins\/wp-youtube-lyte\/lyteCache.php?origThumbUrl=https%3A%2F%2Fi.ytimg.com%2Fvi%2FD86frle-tAI%2F0.jpg\" alt=\"YouTube video thumbnail\" width=\"1280\" height=\"700\" \/><br \/>Watch this video on YouTube<\/a><\/noscript><\/div><\/div><div class=\"lL\" style=\"max-width:100%;width:1280px;margin:5px auto;\"><br\/><span class=\"lyte_disclaimer\">By clicking on the video, you establish a connection to Youtube servers. More information in the <a href=\"https:\/\/www.camaeleon.org\/en\/mentions-legales\/declaration-de-protection-des-donnees\/\">privacy statement<\/a>.<\/span><\/div><\/p>\n<p><br \/>\n<\/p>\n","protected":false},"excerpt":{"rendered":"<p>Apr\u00e8s deux ans de cours de chant, Carmen Taffo, une \u00e9l\u00e8ve de 4\u00e8me, a \u00e9t\u00e9 s\u00e9lectionn\u00e9e au concours de chant The Voice Kids Germany. Nous<\/p>\n","protected":false},"author":157,"featured_media":30814,"comment_status":"open","ping_status":"closed","sticky":false,"template":"","format":"standard","meta":{"colormag_page_container_layout":"default_layout","colormag_page_sidebar_layout":"default_layout","footnotes":""},"categories":[3,195],"tags":[2453,2456,2455,2458,2454],"coauthors":[1788,1208],"class_list":["post-30804","post","type-post","status-publish","format-standard","has-post-thumbnail","hentry","category-ecole","category-musique","tag-carmen-taffo","tag-chanter","tag-chanteuse","tag-the-voice-kids","tag-the-voice-kids-germany"],"yoast_head":"<!-- This site is optimized with the Yoast SEO plugin v27.5 - https:\/\/yoast.com\/product\/yoast-seo-wordpress\/ -->\n<title>&quot;Je chante depuis que je suis toute petite&quot; - Interview de Carmen Taffo - Cam\u00e4l\u00e9on<\/title>\n<meta name=\"description\" content=\"Apr\u00e8s deux ans de cours de chant, Carmen Taffo, une \u00e9l\u00e8ve de 4\u00e8me, a \u00e9t\u00e9 s\u00e9lectionn\u00e9e au concours de chant The Voice Kids Germany.\" \/>\n<meta name=\"robots\" content=\"index, follow, max-snippet:-1, max-image-preview:large, max-video-preview:-1\" \/>\n<link rel=\"canonical\" href=\"https:\/\/www.camaeleon.org\/en\/2024\/03\/25\/je-chante-depuis-que-je-suis-toute-petite-interview-de-carmen-taffo\/\" \/>\n<meta property=\"og:locale\" content=\"en_US\" \/>\n<meta property=\"og:type\" content=\"article\" \/>\n<meta property=\"og:title\" content=\"&quot;Je chante depuis que je suis toute petite&quot; - Interview de Carmen Taffo - Cam\u00e4l\u00e9on\" \/>\n<meta property=\"og:description\" content=\"Apr\u00e8s deux ans de cours de chant, Carmen Taffo, une \u00e9l\u00e8ve de 4\u00e8me, a \u00e9t\u00e9 s\u00e9lectionn\u00e9e au concours de chant The Voice Kids Germany.\" \/>\n<meta property=\"og:url\" content=\"https:\/\/www.camaeleon.org\/en\/2024\/03\/25\/je-chante-depuis-que-je-suis-toute-petite-interview-de-carmen-taffo\/\" \/>\n<meta property=\"og:site_name\" content=\"Cam\u00e4l\u00e9on\" \/>\n<meta property=\"article:publisher\" content=\"https:\/\/www.facebook.com\/camaeleon.org\/\" \/>\n<meta property=\"article:published_time\" content=\"2024-03-25T14:16:30+00:00\" \/>\n<meta property=\"article:modified_time\" content=\"2024-03-25T20:23:08+00:00\" \/>\n<meta property=\"og:image\" content=\"https:\/\/www.camaeleon.org\/wp-content\/uploads\/2024\/03\/Taffo-1.jpeg\" \/>\n\t<meta property=\"og:image:width\" content=\"1920\" \/>\n\t<meta property=\"og:image:height\" content=\"1080\" \/>\n\t<meta property=\"og:image:type\" content=\"image\/jpeg\" \/>\n<meta name=\"author\" content=\"Lili Carteron, Julian Bidot\" \/>\n<meta name=\"twitter:card\" content=\"summary_large_image\" \/>\n<meta name=\"twitter:creator\" content=\"@camaeleonOrg\" \/>\n<meta name=\"twitter:site\" content=\"@camaeleonOrg\" \/>\n<script type=\"application\/ld+json\" class=\"yoast-schema-graph\">{\"@context\":\"https:\\\/\\\/schema.org\",\"@graph\":[{\"@type\":\"Article\",\"@id\":\"https:\\\/\\\/www.camaeleon.org\\\/2024\\\/03\\\/25\\\/je-chante-depuis-que-je-suis-toute-petite-interview-de-carmen-taffo\\\/#article\",\"isPartOf\":{\"@id\":\"https:\\\/\\\/www.camaeleon.org\\\/2024\\\/03\\\/25\\\/je-chante-depuis-que-je-suis-toute-petite-interview-de-carmen-taffo\\\/\"},\"author\":{\"name\":\"Lili Carteron\",\"@id\":\"https:\\\/\\\/www.camaeleon.org\\\/de\\\/#\\\/schema\\\/person\\\/75ce8459a0a77d183e4e86c17dd86156\"},\"headline\":\"&#8220;Je chante depuis que je suis toute petite&#8221; &#8211; Interview de Carmen Taffo\",\"datePublished\":\"2024-03-25T14:16:30+00:00\",\"dateModified\":\"2024-03-25T20:23:08+00:00\",\"mainEntityOfPage\":{\"@id\":\"https:\\\/\\\/www.camaeleon.org\\\/2024\\\/03\\\/25\\\/je-chante-depuis-que-je-suis-toute-petite-interview-de-carmen-taffo\\\/\"},\"wordCount\":86,\"commentCount\":0,\"publisher\":{\"@id\":\"https:\\\/\\\/www.camaeleon.org\\\/de\\\/#organization\"},\"image\":{\"@id\":\"https:\\\/\\\/www.camaeleon.org\\\/2024\\\/03\\\/25\\\/je-chante-depuis-que-je-suis-toute-petite-interview-de-carmen-taffo\\\/#primaryimage\"},\"thumbnailUrl\":\"https:\\\/\\\/www.camaeleon.org\\\/wp-content\\\/uploads\\\/2024\\\/03\\\/Taffo-1.jpeg\",\"keywords\":[\"Carmen Taffo\",\"chanter\",\"chanteuse\",\"The Voice Kids\",\"The Voice Kids Germany\"],\"articleSection\":[\"School\",\"Music\"],\"inLanguage\":\"en-US\",\"potentialAction\":[{\"@type\":\"CommentAction\",\"name\":\"Comment\",\"target\":[\"https:\\\/\\\/www.camaeleon.org\\\/2024\\\/03\\\/25\\\/je-chante-depuis-que-je-suis-toute-petite-interview-de-carmen-taffo\\\/#respond\"]}]},{\"@type\":\"WebPage\",\"@id\":\"https:\\\/\\\/www.camaeleon.org\\\/en\\\/2024\\\/03\\\/25\\\/je-chante-depuis-que-je-suis-toute-petite-interview-de-carmen-taffo\\\/\",\"url\":\"https:\\\/\\\/www.camaeleon.org\\\/en\\\/2024\\\/03\\\/25\\\/je-chante-depuis-que-je-suis-toute-petite-interview-de-carmen-taffo\\\/\",\"name\":\"\\\"Je chante depuis que je suis toute petite\\\" - Interview de Carmen Taffo - Cam\u00e4l\u00e9on\",\"isPartOf\":{\"@id\":\"https:\\\/\\\/www.camaeleon.org\\\/en\\\/#website\"},\"primaryImageOfPage\":{\"@id\":\"https:\\\/\\\/www.camaeleon.org\\\/en\\\/2024\\\/03\\\/25\\\/je-chante-depuis-que-je-suis-toute-petite-interview-de-carmen-taffo\\\/#primaryimage\"},\"image\":{\"@id\":\"https:\\\/\\\/www.camaeleon.org\\\/2024\\\/03\\\/25\\\/je-chante-depuis-que-je-suis-toute-petite-interview-de-carmen-taffo\\\/#primaryimage\"},\"thumbnailUrl\":\"https:\\\/\\\/www.camaeleon.org\\\/wp-content\\\/uploads\\\/2024\\\/03\\\/Taffo-1.jpeg\",\"datePublished\":\"2024-03-25T14:16:30+00:00\",\"dateModified\":\"2024-03-25T20:23:08+00:00\",\"description\":\"Apr\u00e8s deux ans de cours de chant, Carmen Taffo, une \u00e9l\u00e8ve de 4\u00e8me, a \u00e9t\u00e9 s\u00e9lectionn\u00e9e au concours de chant The Voice Kids Germany.\",\"breadcrumb\":{\"@id\":\"https:\\\/\\\/www.camaeleon.org\\\/en\\\/2024\\\/03\\\/25\\\/je-chante-depuis-que-je-suis-toute-petite-interview-de-carmen-taffo\\\/#breadcrumb\"},\"inLanguage\":\"en-US\",\"potentialAction\":[{\"@type\":\"ReadAction\",\"target\":[[\"https:\\\/\\\/www.camaeleon.org\\\/en\\\/2024\\\/03\\\/25\\\/je-chante-depuis-que-je-suis-toute-petite-interview-de-carmen-taffo\\\/\"]]}]},{\"@type\":\"ImageObject\",\"inLanguage\":\"en-US\",\"@id\":\"https:\\\/\\\/www.camaeleon.org\\\/en\\\/2024\\\/03\\\/25\\\/je-chante-depuis-que-je-suis-toute-petite-interview-de-carmen-taffo\\\/#primaryimage\",\"url\":\"https:\\\/\\\/www.camaeleon.org\\\/wp-content\\\/uploads\\\/2024\\\/03\\\/Taffo-1.jpeg\",\"contentUrl\":\"https:\\\/\\\/www.camaeleon.org\\\/wp-content\\\/uploads\\\/2024\\\/03\\\/Taffo-1.jpeg\",\"width\":1920,\"height\":1080},{\"@type\":\"BreadcrumbList\",\"@id\":\"https:\\\/\\\/www.camaeleon.org\\\/en\\\/2024\\\/03\\\/25\\\/je-chante-depuis-que-je-suis-toute-petite-interview-de-carmen-taffo\\\/#breadcrumb\",\"itemListElement\":[{\"@type\":\"ListItem\",\"position\":1,\"name\":\"Home\",\"item\":\"https:\\\/\\\/www.camaeleon.org\\\/en\\\/\"},{\"@type\":\"ListItem\",\"position\":2,\"name\":\"&#8222;Je chante depuis que je suis toute petite&#8220; &#8211; Interview de Carmen Taffo\"}]},{\"@type\":\"WebSite\",\"@id\":\"https:\\\/\\\/www.camaeleon.org\\\/en\\\/#website\",\"url\":\"https:\\\/\\\/www.camaeleon.org\\\/en\\\/\",\"name\":\"Cam\u00e4l\u00e9on\",\"description\":\"The online student magazine by Deutsch-Franz\u00f6sisches Gymnasium Saarbr\u00fccken\",\"publisher\":{\"@id\":\"https:\\\/\\\/www.camaeleon.org\\\/en\\\/#organization\"},\"potentialAction\":[{\"@type\":\"SearchAction\",\"target\":{\"@type\":\"EntryPoint\",\"urlTemplate\":\"https:\\\/\\\/www.camaeleon.org\\\/en\\\/?s={search_term_string}\"},\"query-input\":{\"@type\":\"PropertyValueSpecification\",\"valueRequired\":true,\"valueName\":\"search_term_string\"}}],\"inLanguage\":\"en-US\"},{\"@type\":\"Organization\",\"@id\":\"https:\\\/\\\/www.camaeleon.org\\\/en\\\/#organization\",\"name\":\"Cam\u00e4l\u00e9on\",\"url\":\"https:\\\/\\\/www.camaeleon.org\\\/en\\\/\",\"logo\":{\"@type\":\"ImageObject\",\"inLanguage\":\"en-US\",\"@id\":\"https:\\\/\\\/www.camaeleon.org\\\/en\\\/#\\\/schema\\\/logo\\\/image\\\/\",\"url\":\"https:\\\/\\\/www.camaeleon.org\\\/wp-content\\\/uploads\\\/2011\\\/11\\\/CAM\u00c4LEON.jpg\",\"contentUrl\":\"https:\\\/\\\/www.camaeleon.org\\\/wp-content\\\/uploads\\\/2011\\\/11\\\/CAM\u00c4LEON.jpg\",\"width\":959,\"height\":959,\"caption\":\"Cam\u00e4l\u00e9on\"},\"image\":{\"@id\":\"https:\\\/\\\/www.camaeleon.org\\\/en\\\/#\\\/schema\\\/logo\\\/image\\\/\"},\"sameAs\":[\"https:\\\/\\\/www.facebook.com\\\/camaeleon.org\\\/\",\"https:\\\/\\\/x.com\\\/camaeleonOrg\",\"https:\\\/\\\/www.instagram.com\\\/camaeleon.dfg\\\/\",\"https:\\\/\\\/www.youtube.com\\\/channel\\\/UCl3TAUDdGuu_c7CD6ax6hYg\"]},{\"@type\":\"Person\",\"@id\":\"https:\\\/\\\/www.camaeleon.org\\\/de\\\/#\\\/schema\\\/person\\\/75ce8459a0a77d183e4e86c17dd86156\",\"name\":\"Lili Carteron\",\"image\":{\"@type\":\"ImageObject\",\"inLanguage\":\"en-US\",\"@id\":\"https:\\\/\\\/www.camaeleon.org\\\/en\\\/wp-content\\\/uploads\\\/2022\\\/11\\\/993F0787-8049-4658-8624-0F6B24208285.jpeg5be6e39f6c9950a1a470c9486c9a9fb5\",\"url\":\"https:\\\/\\\/www.camaeleon.org\\\/wp-content\\\/uploads\\\/2022\\\/11\\\/993F0787-8049-4658-8624-0F6B24208285.jpeg\",\"contentUrl\":\"https:\\\/\\\/www.camaeleon.org\\\/wp-content\\\/uploads\\\/2022\\\/11\\\/993F0787-8049-4658-8624-0F6B24208285.jpeg\",\"caption\":\"Lili Carteron\"},\"description\":\"Salut, je m'appelle Lili, voici quelques infos sur moi : - Je suis en TL - j'ai 19 ans - \u00e0 Cam\u00e4l\u00e9on depuis 2021 J'aime bien faire des montages vid\u00e9o et \u00e9crire des textes. Pendant mon temps libre je joue du piano, j'aime beaucoup la danse et je vais souvent au cin\u00e9ma.\",\"url\":\"https:\\\/\\\/www.camaeleon.org\\\/en\\\/author\\\/lili-carteron\\\/\"}]}<\/script>\n<!-- \/ Yoast SEO plugin. -->","yoast_head_json":{"title":"\"Je chante depuis que je suis toute petite\" - Interview de Carmen Taffo - Cam\u00e4l\u00e9on","description":"Apr\u00e8s deux ans de cours de chant, Carmen Taffo, une \u00e9l\u00e8ve de 4\u00e8me, a \u00e9t\u00e9 s\u00e9lectionn\u00e9e au concours de chant The Voice Kids Germany.","robots":{"index":"index","follow":"follow","max-snippet":"max-snippet:-1","max-image-preview":"max-image-preview:large","max-video-preview":"max-video-preview:-1"},"canonical":"https:\/\/www.camaeleon.org\/en\/2024\/03\/25\/je-chante-depuis-que-je-suis-toute-petite-interview-de-carmen-taffo\/","og_locale":"en_US","og_type":"article","og_title":"\"Je chante depuis que je suis toute petite\" - Interview de Carmen Taffo - Cam\u00e4l\u00e9on","og_description":"Apr\u00e8s deux ans de cours de chant, Carmen Taffo, une \u00e9l\u00e8ve de 4\u00e8me, a \u00e9t\u00e9 s\u00e9lectionn\u00e9e au concours de chant The Voice Kids Germany.","og_url":"https:\/\/www.camaeleon.org\/en\/2024\/03\/25\/je-chante-depuis-que-je-suis-toute-petite-interview-de-carmen-taffo\/","og_site_name":"Cam\u00e4l\u00e9on","article_publisher":"https:\/\/www.facebook.com\/camaeleon.org\/","article_published_time":"2024-03-25T14:16:30+00:00","article_modified_time":"2024-03-25T20:23:08+00:00","og_image":[{"width":1920,"height":1080,"url":"https:\/\/www.camaeleon.org\/wp-content\/uploads\/2024\/03\/Taffo-1.jpeg","type":"image\/jpeg"}],"author":"Lili Carteron, Julian Bidot","twitter_card":"summary_large_image","twitter_creator":"@camaeleonOrg","twitter_site":"@camaeleonOrg","schema":{"@context":"https:\/\/schema.org","@graph":[{"@type":"Article","@id":"https:\/\/www.camaeleon.org\/2024\/03\/25\/je-chante-depuis-que-je-suis-toute-petite-interview-de-carmen-taffo\/#article","isPartOf":{"@id":"https:\/\/www.camaeleon.org\/2024\/03\/25\/je-chante-depuis-que-je-suis-toute-petite-interview-de-carmen-taffo\/"},"author":{"name":"Lili Carteron","@id":"https:\/\/www.camaeleon.org\/de\/#\/schema\/person\/75ce8459a0a77d183e4e86c17dd86156"},"headline":"&#8220;Je chante depuis que je suis toute petite&#8221; &#8211; Interview de Carmen Taffo","datePublished":"2024-03-25T14:16:30+00:00","dateModified":"2024-03-25T20:23:08+00:00","mainEntityOfPage":{"@id":"https:\/\/www.camaeleon.org\/2024\/03\/25\/je-chante-depuis-que-je-suis-toute-petite-interview-de-carmen-taffo\/"},"wordCount":86,"commentCount":0,"publisher":{"@id":"https:\/\/www.camaeleon.org\/de\/#organization"},"image":{"@id":"https:\/\/www.camaeleon.org\/2024\/03\/25\/je-chante-depuis-que-je-suis-toute-petite-interview-de-carmen-taffo\/#primaryimage"},"thumbnailUrl":"https:\/\/www.camaeleon.org\/wp-content\/uploads\/2024\/03\/Taffo-1.jpeg","keywords":["Carmen Taffo","chanter","chanteuse","The Voice Kids","The Voice Kids Germany"],"articleSection":["School","Music"],"inLanguage":"en-US","potentialAction":[{"@type":"CommentAction","name":"Comment","target":["https:\/\/www.camaeleon.org\/2024\/03\/25\/je-chante-depuis-que-je-suis-toute-petite-interview-de-carmen-taffo\/#respond"]}]},{"@type":"WebPage","@id":"https:\/\/www.camaeleon.org\/en\/2024\/03\/25\/je-chante-depuis-que-je-suis-toute-petite-interview-de-carmen-taffo\/","url":"https:\/\/www.camaeleon.org\/en\/2024\/03\/25\/je-chante-depuis-que-je-suis-toute-petite-interview-de-carmen-taffo\/","name":"\"Je chante depuis que je suis toute petite\" - Interview de Carmen Taffo - Cam\u00e4l\u00e9on","isPartOf":{"@id":"https:\/\/www.camaeleon.org\/en\/#website"},"primaryImageOfPage":{"@id":"https:\/\/www.camaeleon.org\/en\/2024\/03\/25\/je-chante-depuis-que-je-suis-toute-petite-interview-de-carmen-taffo\/#primaryimage"},"image":{"@id":"https:\/\/www.camaeleon.org\/2024\/03\/25\/je-chante-depuis-que-je-suis-toute-petite-interview-de-carmen-taffo\/#primaryimage"},"thumbnailUrl":"https:\/\/www.camaeleon.org\/wp-content\/uploads\/2024\/03\/Taffo-1.jpeg","datePublished":"2024-03-25T14:16:30+00:00","dateModified":"2024-03-25T20:23:08+00:00","description":"Apr\u00e8s deux ans de cours de chant, Carmen Taffo, une \u00e9l\u00e8ve de 4\u00e8me, a \u00e9t\u00e9 s\u00e9lectionn\u00e9e au concours de chant The Voice Kids Germany.","breadcrumb":{"@id":"https:\/\/www.camaeleon.org\/en\/2024\/03\/25\/je-chante-depuis-que-je-suis-toute-petite-interview-de-carmen-taffo\/#breadcrumb"},"inLanguage":"en-US","potentialAction":[{"@type":"ReadAction","target":[["https:\/\/www.camaeleon.org\/en\/2024\/03\/25\/je-chante-depuis-que-je-suis-toute-petite-interview-de-carmen-taffo\/"]]}]},{"@type":"ImageObject","inLanguage":"en-US","@id":"https:\/\/www.camaeleon.org\/en\/2024\/03\/25\/je-chante-depuis-que-je-suis-toute-petite-interview-de-carmen-taffo\/#primaryimage","url":"https:\/\/www.camaeleon.org\/wp-content\/uploads\/2024\/03\/Taffo-1.jpeg","contentUrl":"https:\/\/www.camaeleon.org\/wp-content\/uploads\/2024\/03\/Taffo-1.jpeg","width":1920,"height":1080},{"@type":"BreadcrumbList","@id":"https:\/\/www.camaeleon.org\/en\/2024\/03\/25\/je-chante-depuis-que-je-suis-toute-petite-interview-de-carmen-taffo\/#breadcrumb","itemListElement":[{"@type":"ListItem","position":1,"name":"Home","item":"https:\/\/www.camaeleon.org\/en\/"},{"@type":"ListItem","position":2,"name":"&#8222;Je chante depuis que je suis toute petite&#8220; &#8211; Interview de Carmen Taffo"}]},{"@type":"WebSite","@id":"https:\/\/www.camaeleon.org\/en\/#website","url":"https:\/\/www.camaeleon.org\/en\/","name":"Cam\u00e4l\u00e9on","description":"The online student magazine by Deutsch-Franz\u00f6sisches Gymnasium Saarbr\u00fccken","publisher":{"@id":"https:\/\/www.camaeleon.org\/en\/#organization"},"potentialAction":[{"@type":"SearchAction","target":{"@type":"EntryPoint","urlTemplate":"https:\/\/www.camaeleon.org\/en\/?s={search_term_string}"},"query-input":{"@type":"PropertyValueSpecification","valueRequired":true,"valueName":"search_term_string"}}],"inLanguage":"en-US"},{"@type":"Organization","@id":"https:\/\/www.camaeleon.org\/en\/#organization","name":"Cam\u00e4l\u00e9on","url":"https:\/\/www.camaeleon.org\/en\/","logo":{"@type":"ImageObject","inLanguage":"en-US","@id":"https:\/\/www.camaeleon.org\/en\/#\/schema\/logo\/image\/","url":"https:\/\/www.camaeleon.org\/wp-content\/uploads\/2011\/11\/CAM\u00c4LEON.jpg","contentUrl":"https:\/\/www.camaeleon.org\/wp-content\/uploads\/2011\/11\/CAM\u00c4LEON.jpg","width":959,"height":959,"caption":"Cam\u00e4l\u00e9on"},"image":{"@id":"https:\/\/www.camaeleon.org\/en\/#\/schema\/logo\/image\/"},"sameAs":["https:\/\/www.facebook.com\/camaeleon.org\/","https:\/\/x.com\/camaeleonOrg","https:\/\/www.instagram.com\/camaeleon.dfg\/","https:\/\/www.youtube.com\/channel\/UCl3TAUDdGuu_c7CD6ax6hYg"]},{"@type":"Person","@id":"https:\/\/www.camaeleon.org\/de\/#\/schema\/person\/75ce8459a0a77d183e4e86c17dd86156","name":"Lili Carteron","image":{"@type":"ImageObject","inLanguage":"en-US","@id":"https:\/\/www.camaeleon.org\/en\/wp-content\/uploads\/2022\/11\/993F0787-8049-4658-8624-0F6B24208285.jpeg5be6e39f6c9950a1a470c9486c9a9fb5","url":"https:\/\/www.camaeleon.org\/wp-content\/uploads\/2022\/11\/993F0787-8049-4658-8624-0F6B24208285.jpeg","contentUrl":"https:\/\/www.camaeleon.org\/wp-content\/uploads\/2022\/11\/993F0787-8049-4658-8624-0F6B24208285.jpeg","caption":"Lili Carteron"},"description":"Salut, je m'appelle Lili, voici quelques infos sur moi : - Je suis en TL - j'ai 19 ans - \u00e0 Cam\u00e4l\u00e9on depuis 2021 J'aime bien faire des montages vid\u00e9o et \u00e9crire des textes. Pendant mon temps libre je joue du piano, j'aime beaucoup la danse et je vais souvent au cin\u00e9ma.","url":"https:\/\/www.camaeleon.org\/en\/author\/lili-carteron\/"}]}},"_links":{"self":[{"href":"https:\/\/www.camaeleon.org\/en\/wp-json\/wp\/v2\/posts\/30804","targetHints":{"allow":["GET"]}}],"collection":[{"href":"https:\/\/www.camaeleon.org\/en\/wp-json\/wp\/v2\/posts"}],"about":[{"href":"https:\/\/www.camaeleon.org\/en\/wp-json\/wp\/v2\/types\/post"}],"author":[{"embeddable":true,"href":"https:\/\/www.camaeleon.org\/en\/wp-json\/wp\/v2\/users\/157"}],"replies":[{"embeddable":true,"href":"https:\/\/www.camaeleon.org\/en\/wp-json\/wp\/v2\/comments?post=30804"}],"version-history":[{"count":9,"href":"https:\/\/www.camaeleon.org\/en\/wp-json\/wp\/v2\/posts\/30804\/revisions"}],"predecessor-version":[{"id":30819,"href":"https:\/\/www.camaeleon.org\/en\/wp-json\/wp\/v2\/posts\/30804\/revisions\/30819"}],"wp:featuredmedia":[{"embeddable":true,"href":"https:\/\/www.camaeleon.org\/en\/wp-json\/wp\/v2\/media\/30814"}],"wp:attachment":[{"href":"https:\/\/www.camaeleon.org\/en\/wp-json\/wp\/v2\/media?parent=30804"}],"wp:term":[{"taxonomy":"category","embeddable":true,"href":"https:\/\/www.camaeleon.org\/en\/wp-json\/wp\/v2\/categories?post=30804"},{"taxonomy":"post_tag","embeddable":true,"href":"https:\/\/www.camaeleon.org\/en\/wp-json\/wp\/v2\/tags?post=30804"},{"taxonomy":"author","embeddable":true,"href":"https:\/\/www.camaeleon.org\/en\/wp-json\/wp\/v2\/coauthors?post=30804"}],"curies":[{"name":"wp","href":"https:\/\/api.w.org\/{rel}","templated":true}]}}