{"id":30677,"date":"2024-03-15T19:05:25","date_gmt":"2024-03-15T18:05:25","guid":{"rendered":"https:\/\/www.camaeleon.org\/?p=30677"},"modified":"2025-09-23T23:05:31","modified_gmt":"2025-09-23T21:05:31","slug":"we-are-the-world-arina-et-la-langue-russe","status":"publish","type":"post","link":"https:\/\/www.camaeleon.org\/en\/2024\/03\/15\/we-are-the-world-arina-et-la-langue-russe\/","title":{"rendered":"We are the world &#8211; Arina et la langue russe"},"content":{"rendered":"<p>The Cam\u00e4l\u00e9on team has decided to introduce a new section entitled &#8220;We are the world&#8221;. The aim is to illustrate the multilingualism and multiculturalism practised at the Deutsch-Franz\u00f6sisches Gymnasium.<\/p>\n<p>We are the world: a multicultural, happy and peaceful world is possible. Our school is proof of this!<\/p>\n<p>Our series begins with an interview with Arina (6e), who is taught in French and German and whose mother tongue is Russian.<\/p>\n<div class=\"lyte-wrapper\" style=\"width:1280px;max-width:100%;margin:5px auto;\"><div class=\"lyMe hidef\" id=\"WYL_lDrDKWU-07s\"><div id=\"lyte_lDrDKWU-07s\" data-src=\"https:\/\/www.camaeleon.org\/wp-content\/plugins\/wp-youtube-lyte\/lyteCache.php?origThumbUrl=%2F%2Fi.ytimg.com%2Fvi%2FlDrDKWU-07s%2Fhqdefault.jpg\" class=\"pL\"><div class=\"tC\"><div class=\"tT\"><\/div><\/div><div class=\"play\"><\/div><div class=\"ctrl\"><div class=\"Lctrl\"><\/div><div class=\"Rctrl\"><\/div><\/div><\/div><noscript><a href=\"https:\/\/youtu.be\/lDrDKWU-07s\" rel=\"nofollow\"><img loading=\"lazy\" decoding=\"async\" src=\"https:\/\/www.camaeleon.org\/wp-content\/plugins\/wp-youtube-lyte\/lyteCache.php?origThumbUrl=https%3A%2F%2Fi.ytimg.com%2Fvi%2FlDrDKWU-07s%2F0.jpg\" alt=\"YouTube video thumbnail\" width=\"1280\" height=\"700\" \/><br \/>Watch this video on YouTube<\/a><\/noscript><\/div><\/div><div class=\"lL\" style=\"max-width:100%;width:1280px;margin:5px auto;\"><br\/><span class=\"lyte_disclaimer\">By clicking on the video, you establish a connection to Youtube servers. More information in the <a href=\"https:\/\/www.camaeleon.org\/en\/mentions-legales\/declaration-de-protection-des-donnees\/\">privacy statement<\/a>.<\/span><\/div><\/p>\n<p><br \/>\n<\/p>","protected":false},"excerpt":{"rendered":"<p>The Cam\u00e4l\u00e9on team has decided to introduce a new section entitled &#8220;We are the world&#8221;. The aim is to illustrate the multilingualism and multiculturalism practised<\/p>\n","protected":false},"author":177,"featured_media":30712,"comment_status":"open","ping_status":"closed","sticky":false,"template":"","format":"standard","meta":{"colormag_page_container_layout":"default_layout","colormag_page_sidebar_layout":"default_layout","footnotes":""},"categories":[2411],"tags":[872,2446,2665],"coauthors":[2257,2259],"class_list":["post-30677","post","type-post","status-publish","format-standard","has-post-thumbnail","hentry","category-we-are-the-world","tag-mehrsprachigkeit","tag-plurilinguisme","tag-we-are-the-world"],"yoast_head":"<!-- This site is optimized with the Yoast SEO plugin v27.5 - https:\/\/yoast.com\/product\/yoast-seo-wordpress\/ -->\n<title>We are the world - Arina et la langue russe - Cam\u00e4l\u00e9on<\/title>\n<meta name=\"description\" content=\"Dans sa nouvelle rubrique &quot;We are the world&quot;, l&#039;\u00e9quipe de Cam\u00e4l\u00e9on a d\u00e9cid\u00e9 de mettre \u00e0 l&#039;honneur le plurilinguisme au LFA. Notre s\u00e9rie commence par l&#039;interview d&#039;Arina (6e).\" \/>\n<meta name=\"robots\" content=\"index, follow, max-snippet:-1, max-image-preview:large, max-video-preview:-1\" \/>\n<link rel=\"canonical\" href=\"https:\/\/www.camaeleon.org\/en\/2024\/03\/15\/we-are-the-world-arina-et-la-langue-russe\/\" \/>\n<meta property=\"og:locale\" content=\"en_US\" \/>\n<meta property=\"og:type\" content=\"article\" \/>\n<meta property=\"og:title\" content=\"We are the world - Arina et la langue russe - Cam\u00e4l\u00e9on\" \/>\n<meta property=\"og:description\" content=\"Dans sa nouvelle rubrique &quot;We are the world&quot;, l&#039;\u00e9quipe de Cam\u00e4l\u00e9on a d\u00e9cid\u00e9 de mettre \u00e0 l&#039;honneur le plurilinguisme au LFA. Notre s\u00e9rie commence par l&#039;interview d&#039;Arina (6e).\" \/>\n<meta property=\"og:url\" content=\"https:\/\/www.camaeleon.org\/en\/2024\/03\/15\/we-are-the-world-arina-et-la-langue-russe\/\" \/>\n<meta property=\"og:site_name\" content=\"Cam\u00e4l\u00e9on\" \/>\n<meta property=\"article:publisher\" content=\"https:\/\/www.facebook.com\/camaeleon.org\/\" \/>\n<meta property=\"article:published_time\" content=\"2024-03-15T18:05:25+00:00\" \/>\n<meta property=\"article:modified_time\" content=\"2025-09-23T21:05:31+00:00\" \/>\n<meta property=\"og:image\" content=\"https:\/\/www.camaeleon.org\/wp-content\/uploads\/2024\/03\/Arina.jpg\" \/>\n\t<meta property=\"og:image:width\" content=\"2000\" \/>\n\t<meta property=\"og:image:height\" content=\"1124\" \/>\n\t<meta property=\"og:image:type\" content=\"image\/jpeg\" \/>\n<meta name=\"author\" content=\"Noah Deguilhem-Siebenborn, William Feld-List\" \/>\n<meta name=\"twitter:card\" content=\"summary_large_image\" \/>\n<meta name=\"twitter:creator\" content=\"@camaeleonOrg\" \/>\n<meta name=\"twitter:site\" content=\"@camaeleonOrg\" \/>\n<script type=\"application\/ld+json\" class=\"yoast-schema-graph\">{\"@context\":\"https:\\\/\\\/schema.org\",\"@graph\":[{\"@type\":\"Article\",\"@id\":\"https:\\\/\\\/www.camaeleon.org\\\/2024\\\/03\\\/15\\\/we-are-the-world-arina-et-la-langue-russe\\\/#article\",\"isPartOf\":{\"@id\":\"https:\\\/\\\/www.camaeleon.org\\\/2024\\\/03\\\/15\\\/we-are-the-world-arina-et-la-langue-russe\\\/\"},\"author\":{\"name\":\"Noah Deguilhem-Siebenborn\",\"@id\":\"https:\\\/\\\/www.camaeleon.org\\\/de\\\/#\\\/schema\\\/person\\\/e9aac5847be7c1ae8e97fbc2fbdfd11d\"},\"headline\":\"We are the world &#8211; Arina et la langue russe\",\"datePublished\":\"2024-03-15T18:05:25+00:00\",\"dateModified\":\"2025-09-23T21:05:31+00:00\",\"mainEntityOfPage\":{\"@id\":\"https:\\\/\\\/www.camaeleon.org\\\/2024\\\/03\\\/15\\\/we-are-the-world-arina-et-la-langue-russe\\\/\"},\"wordCount\":297,\"commentCount\":0,\"publisher\":{\"@id\":\"https:\\\/\\\/www.camaeleon.org\\\/de\\\/#organization\"},\"image\":{\"@id\":\"https:\\\/\\\/www.camaeleon.org\\\/2024\\\/03\\\/15\\\/we-are-the-world-arina-et-la-langue-russe\\\/#primaryimage\"},\"thumbnailUrl\":\"https:\\\/\\\/www.camaeleon.org\\\/wp-content\\\/uploads\\\/2024\\\/03\\\/Arina.jpg\",\"keywords\":[\"Mehrsprachigkeit\",\"plurilinguisme\",\"we are the world\"],\"articleSection\":[\"We are the world\"],\"inLanguage\":\"en-US\",\"potentialAction\":[{\"@type\":\"CommentAction\",\"name\":\"Comment\",\"target\":[\"https:\\\/\\\/www.camaeleon.org\\\/2024\\\/03\\\/15\\\/we-are-the-world-arina-et-la-langue-russe\\\/#respond\"]}]},{\"@type\":\"WebPage\",\"@id\":\"https:\\\/\\\/www.camaeleon.org\\\/en\\\/2024\\\/03\\\/15\\\/we-are-the-world-arina-et-la-langue-russe\\\/\",\"url\":\"https:\\\/\\\/www.camaeleon.org\\\/en\\\/2024\\\/03\\\/15\\\/we-are-the-world-arina-et-la-langue-russe\\\/\",\"name\":\"We are the world - Arina et la langue russe - Cam\u00e4l\u00e9on\",\"isPartOf\":{\"@id\":\"https:\\\/\\\/www.camaeleon.org\\\/en\\\/#website\"},\"primaryImageOfPage\":{\"@id\":\"https:\\\/\\\/www.camaeleon.org\\\/en\\\/2024\\\/03\\\/15\\\/we-are-the-world-arina-et-la-langue-russe\\\/#primaryimage\"},\"image\":{\"@id\":\"https:\\\/\\\/www.camaeleon.org\\\/2024\\\/03\\\/15\\\/we-are-the-world-arina-et-la-langue-russe\\\/#primaryimage\"},\"thumbnailUrl\":\"https:\\\/\\\/www.camaeleon.org\\\/wp-content\\\/uploads\\\/2024\\\/03\\\/Arina.jpg\",\"datePublished\":\"2024-03-15T18:05:25+00:00\",\"dateModified\":\"2025-09-23T21:05:31+00:00\",\"description\":\"Dans sa nouvelle rubrique \\\"We are the world\\\", l'\u00e9quipe de Cam\u00e4l\u00e9on a d\u00e9cid\u00e9 de mettre \u00e0 l'honneur le plurilinguisme au LFA. Notre s\u00e9rie commence par l'interview d'Arina (6e).\",\"breadcrumb\":{\"@id\":\"https:\\\/\\\/www.camaeleon.org\\\/en\\\/2024\\\/03\\\/15\\\/we-are-the-world-arina-et-la-langue-russe\\\/#breadcrumb\"},\"inLanguage\":\"en-US\",\"potentialAction\":[{\"@type\":\"ReadAction\",\"target\":[[\"https:\\\/\\\/www.camaeleon.org\\\/en\\\/2024\\\/03\\\/15\\\/we-are-the-world-arina-et-la-langue-russe\\\/\"]]}]},{\"@type\":\"ImageObject\",\"inLanguage\":\"en-US\",\"@id\":\"https:\\\/\\\/www.camaeleon.org\\\/en\\\/2024\\\/03\\\/15\\\/we-are-the-world-arina-et-la-langue-russe\\\/#primaryimage\",\"url\":\"https:\\\/\\\/www.camaeleon.org\\\/wp-content\\\/uploads\\\/2024\\\/03\\\/Arina.jpg\",\"contentUrl\":\"https:\\\/\\\/www.camaeleon.org\\\/wp-content\\\/uploads\\\/2024\\\/03\\\/Arina.jpg\",\"width\":2000,\"height\":1124,\"caption\":\"Arina. Photo: Cam\u00e4l\u00e9on\"},{\"@type\":\"BreadcrumbList\",\"@id\":\"https:\\\/\\\/www.camaeleon.org\\\/en\\\/2024\\\/03\\\/15\\\/we-are-the-world-arina-et-la-langue-russe\\\/#breadcrumb\",\"itemListElement\":[{\"@type\":\"ListItem\",\"position\":1,\"name\":\"Home\",\"item\":\"https:\\\/\\\/www.camaeleon.org\\\/en\\\/\"},{\"@type\":\"ListItem\",\"position\":2,\"name\":\"We are the world &#8211; Arina et la langue russe\"}]},{\"@type\":\"WebSite\",\"@id\":\"https:\\\/\\\/www.camaeleon.org\\\/en\\\/#website\",\"url\":\"https:\\\/\\\/www.camaeleon.org\\\/en\\\/\",\"name\":\"Cam\u00e4l\u00e9on\",\"description\":\"The online student magazine by Deutsch-Franz\u00f6sisches Gymnasium Saarbr\u00fccken\",\"publisher\":{\"@id\":\"https:\\\/\\\/www.camaeleon.org\\\/en\\\/#organization\"},\"potentialAction\":[{\"@type\":\"SearchAction\",\"target\":{\"@type\":\"EntryPoint\",\"urlTemplate\":\"https:\\\/\\\/www.camaeleon.org\\\/en\\\/?s={search_term_string}\"},\"query-input\":{\"@type\":\"PropertyValueSpecification\",\"valueRequired\":true,\"valueName\":\"search_term_string\"}}],\"inLanguage\":\"en-US\"},{\"@type\":\"Organization\",\"@id\":\"https:\\\/\\\/www.camaeleon.org\\\/en\\\/#organization\",\"name\":\"Cam\u00e4l\u00e9on\",\"url\":\"https:\\\/\\\/www.camaeleon.org\\\/en\\\/\",\"logo\":{\"@type\":\"ImageObject\",\"inLanguage\":\"en-US\",\"@id\":\"https:\\\/\\\/www.camaeleon.org\\\/en\\\/#\\\/schema\\\/logo\\\/image\\\/\",\"url\":\"https:\\\/\\\/www.camaeleon.org\\\/wp-content\\\/uploads\\\/2011\\\/11\\\/CAM\u00c4LEON.jpg\",\"contentUrl\":\"https:\\\/\\\/www.camaeleon.org\\\/wp-content\\\/uploads\\\/2011\\\/11\\\/CAM\u00c4LEON.jpg\",\"width\":959,\"height\":959,\"caption\":\"Cam\u00e4l\u00e9on\"},\"image\":{\"@id\":\"https:\\\/\\\/www.camaeleon.org\\\/en\\\/#\\\/schema\\\/logo\\\/image\\\/\"},\"sameAs\":[\"https:\\\/\\\/www.facebook.com\\\/camaeleon.org\\\/\",\"https:\\\/\\\/x.com\\\/camaeleonOrg\",\"https:\\\/\\\/www.instagram.com\\\/camaeleon.dfg\\\/\",\"https:\\\/\\\/www.youtube.com\\\/channel\\\/UCl3TAUDdGuu_c7CD6ax6hYg\"]},{\"@type\":\"Person\",\"@id\":\"https:\\\/\\\/www.camaeleon.org\\\/de\\\/#\\\/schema\\\/person\\\/e9aac5847be7c1ae8e97fbc2fbdfd11d\",\"name\":\"Noah Deguilhem-Siebenborn\",\"image\":{\"@type\":\"ImageObject\",\"inLanguage\":\"en-US\",\"@id\":\"https:\\\/\\\/www.camaeleon.org\\\/en\\\/wp-content\\\/uploads\\\/2023\\\/10\\\/noah-150x150.jpeg01e8de72907416dc5036380f8bd03dae\",\"url\":\"https:\\\/\\\/www.camaeleon.org\\\/wp-content\\\/uploads\\\/2023\\\/10\\\/noah-150x150.jpeg\",\"contentUrl\":\"https:\\\/\\\/www.camaeleon.org\\\/wp-content\\\/uploads\\\/2023\\\/10\\\/noah-150x150.jpeg\",\"caption\":\"Noah Deguilhem-Siebenborn\"},\"description\":\"Salut! Je m'appelle Noah. J'ai 13 ans. Je suis \u00e0 Cam\u00e4l\u00e9on depuis 2023. J'aime jouer du piano, lire des BD et des romans, faire du th\u00e9\u00e2tre, dessiner, bricoler et je fais de l'escrime.\",\"url\":\"https:\\\/\\\/www.camaeleon.org\\\/en\\\/author\\\/noah-deguilhem-siebenborn\\\/\"}]}<\/script>\n<!-- \/ Yoast SEO plugin. -->","yoast_head_json":{"title":"We are the world - Arina et la langue russe - Cam\u00e4l\u00e9on","description":"Dans sa nouvelle rubrique \"We are the world\", l'\u00e9quipe de Cam\u00e4l\u00e9on a d\u00e9cid\u00e9 de mettre \u00e0 l'honneur le plurilinguisme au LFA. Notre s\u00e9rie commence par l'interview d'Arina (6e).","robots":{"index":"index","follow":"follow","max-snippet":"max-snippet:-1","max-image-preview":"max-image-preview:large","max-video-preview":"max-video-preview:-1"},"canonical":"https:\/\/www.camaeleon.org\/en\/2024\/03\/15\/we-are-the-world-arina-et-la-langue-russe\/","og_locale":"en_US","og_type":"article","og_title":"We are the world - Arina et la langue russe - Cam\u00e4l\u00e9on","og_description":"Dans sa nouvelle rubrique \"We are the world\", l'\u00e9quipe de Cam\u00e4l\u00e9on a d\u00e9cid\u00e9 de mettre \u00e0 l'honneur le plurilinguisme au LFA. Notre s\u00e9rie commence par l'interview d'Arina (6e).","og_url":"https:\/\/www.camaeleon.org\/en\/2024\/03\/15\/we-are-the-world-arina-et-la-langue-russe\/","og_site_name":"Cam\u00e4l\u00e9on","article_publisher":"https:\/\/www.facebook.com\/camaeleon.org\/","article_published_time":"2024-03-15T18:05:25+00:00","article_modified_time":"2025-09-23T21:05:31+00:00","og_image":[{"width":2000,"height":1124,"url":"https:\/\/www.camaeleon.org\/wp-content\/uploads\/2024\/03\/Arina.jpg","type":"image\/jpeg"}],"author":"Noah Deguilhem-Siebenborn, William Feld-List","twitter_card":"summary_large_image","twitter_creator":"@camaeleonOrg","twitter_site":"@camaeleonOrg","schema":{"@context":"https:\/\/schema.org","@graph":[{"@type":"Article","@id":"https:\/\/www.camaeleon.org\/2024\/03\/15\/we-are-the-world-arina-et-la-langue-russe\/#article","isPartOf":{"@id":"https:\/\/www.camaeleon.org\/2024\/03\/15\/we-are-the-world-arina-et-la-langue-russe\/"},"author":{"name":"Noah Deguilhem-Siebenborn","@id":"https:\/\/www.camaeleon.org\/de\/#\/schema\/person\/e9aac5847be7c1ae8e97fbc2fbdfd11d"},"headline":"We are the world &#8211; Arina et la langue russe","datePublished":"2024-03-15T18:05:25+00:00","dateModified":"2025-09-23T21:05:31+00:00","mainEntityOfPage":{"@id":"https:\/\/www.camaeleon.org\/2024\/03\/15\/we-are-the-world-arina-et-la-langue-russe\/"},"wordCount":297,"commentCount":0,"publisher":{"@id":"https:\/\/www.camaeleon.org\/de\/#organization"},"image":{"@id":"https:\/\/www.camaeleon.org\/2024\/03\/15\/we-are-the-world-arina-et-la-langue-russe\/#primaryimage"},"thumbnailUrl":"https:\/\/www.camaeleon.org\/wp-content\/uploads\/2024\/03\/Arina.jpg","keywords":["Mehrsprachigkeit","plurilinguisme","we are the world"],"articleSection":["We are the world"],"inLanguage":"en-US","potentialAction":[{"@type":"CommentAction","name":"Comment","target":["https:\/\/www.camaeleon.org\/2024\/03\/15\/we-are-the-world-arina-et-la-langue-russe\/#respond"]}]},{"@type":"WebPage","@id":"https:\/\/www.camaeleon.org\/en\/2024\/03\/15\/we-are-the-world-arina-et-la-langue-russe\/","url":"https:\/\/www.camaeleon.org\/en\/2024\/03\/15\/we-are-the-world-arina-et-la-langue-russe\/","name":"We are the world - Arina et la langue russe - Cam\u00e4l\u00e9on","isPartOf":{"@id":"https:\/\/www.camaeleon.org\/en\/#website"},"primaryImageOfPage":{"@id":"https:\/\/www.camaeleon.org\/en\/2024\/03\/15\/we-are-the-world-arina-et-la-langue-russe\/#primaryimage"},"image":{"@id":"https:\/\/www.camaeleon.org\/2024\/03\/15\/we-are-the-world-arina-et-la-langue-russe\/#primaryimage"},"thumbnailUrl":"https:\/\/www.camaeleon.org\/wp-content\/uploads\/2024\/03\/Arina.jpg","datePublished":"2024-03-15T18:05:25+00:00","dateModified":"2025-09-23T21:05:31+00:00","description":"Dans sa nouvelle rubrique \"We are the world\", l'\u00e9quipe de Cam\u00e4l\u00e9on a d\u00e9cid\u00e9 de mettre \u00e0 l'honneur le plurilinguisme au LFA. Notre s\u00e9rie commence par l'interview d'Arina (6e).","breadcrumb":{"@id":"https:\/\/www.camaeleon.org\/en\/2024\/03\/15\/we-are-the-world-arina-et-la-langue-russe\/#breadcrumb"},"inLanguage":"en-US","potentialAction":[{"@type":"ReadAction","target":[["https:\/\/www.camaeleon.org\/en\/2024\/03\/15\/we-are-the-world-arina-et-la-langue-russe\/"]]}]},{"@type":"ImageObject","inLanguage":"en-US","@id":"https:\/\/www.camaeleon.org\/en\/2024\/03\/15\/we-are-the-world-arina-et-la-langue-russe\/#primaryimage","url":"https:\/\/www.camaeleon.org\/wp-content\/uploads\/2024\/03\/Arina.jpg","contentUrl":"https:\/\/www.camaeleon.org\/wp-content\/uploads\/2024\/03\/Arina.jpg","width":2000,"height":1124,"caption":"Arina. Photo: Cam\u00e4l\u00e9on"},{"@type":"BreadcrumbList","@id":"https:\/\/www.camaeleon.org\/en\/2024\/03\/15\/we-are-the-world-arina-et-la-langue-russe\/#breadcrumb","itemListElement":[{"@type":"ListItem","position":1,"name":"Home","item":"https:\/\/www.camaeleon.org\/en\/"},{"@type":"ListItem","position":2,"name":"We are the world &#8211; Arina et la langue russe"}]},{"@type":"WebSite","@id":"https:\/\/www.camaeleon.org\/en\/#website","url":"https:\/\/www.camaeleon.org\/en\/","name":"Cam\u00e4l\u00e9on","description":"The online student magazine by Deutsch-Franz\u00f6sisches Gymnasium Saarbr\u00fccken","publisher":{"@id":"https:\/\/www.camaeleon.org\/en\/#organization"},"potentialAction":[{"@type":"SearchAction","target":{"@type":"EntryPoint","urlTemplate":"https:\/\/www.camaeleon.org\/en\/?s={search_term_string}"},"query-input":{"@type":"PropertyValueSpecification","valueRequired":true,"valueName":"search_term_string"}}],"inLanguage":"en-US"},{"@type":"Organization","@id":"https:\/\/www.camaeleon.org\/en\/#organization","name":"Cam\u00e4l\u00e9on","url":"https:\/\/www.camaeleon.org\/en\/","logo":{"@type":"ImageObject","inLanguage":"en-US","@id":"https:\/\/www.camaeleon.org\/en\/#\/schema\/logo\/image\/","url":"https:\/\/www.camaeleon.org\/wp-content\/uploads\/2011\/11\/CAM\u00c4LEON.jpg","contentUrl":"https:\/\/www.camaeleon.org\/wp-content\/uploads\/2011\/11\/CAM\u00c4LEON.jpg","width":959,"height":959,"caption":"Cam\u00e4l\u00e9on"},"image":{"@id":"https:\/\/www.camaeleon.org\/en\/#\/schema\/logo\/image\/"},"sameAs":["https:\/\/www.facebook.com\/camaeleon.org\/","https:\/\/x.com\/camaeleonOrg","https:\/\/www.instagram.com\/camaeleon.dfg\/","https:\/\/www.youtube.com\/channel\/UCl3TAUDdGuu_c7CD6ax6hYg"]},{"@type":"Person","@id":"https:\/\/www.camaeleon.org\/de\/#\/schema\/person\/e9aac5847be7c1ae8e97fbc2fbdfd11d","name":"Noah Deguilhem-Siebenborn","image":{"@type":"ImageObject","inLanguage":"en-US","@id":"https:\/\/www.camaeleon.org\/en\/wp-content\/uploads\/2023\/10\/noah-150x150.jpeg01e8de72907416dc5036380f8bd03dae","url":"https:\/\/www.camaeleon.org\/wp-content\/uploads\/2023\/10\/noah-150x150.jpeg","contentUrl":"https:\/\/www.camaeleon.org\/wp-content\/uploads\/2023\/10\/noah-150x150.jpeg","caption":"Noah Deguilhem-Siebenborn"},"description":"Salut! Je m'appelle Noah. J'ai 13 ans. Je suis \u00e0 Cam\u00e4l\u00e9on depuis 2023. J'aime jouer du piano, lire des BD et des romans, faire du th\u00e9\u00e2tre, dessiner, bricoler et je fais de l'escrime.","url":"https:\/\/www.camaeleon.org\/en\/author\/noah-deguilhem-siebenborn\/"}]}},"_links":{"self":[{"href":"https:\/\/www.camaeleon.org\/en\/wp-json\/wp\/v2\/posts\/30677","targetHints":{"allow":["GET"]}}],"collection":[{"href":"https:\/\/www.camaeleon.org\/en\/wp-json\/wp\/v2\/posts"}],"about":[{"href":"https:\/\/www.camaeleon.org\/en\/wp-json\/wp\/v2\/types\/post"}],"author":[{"embeddable":true,"href":"https:\/\/www.camaeleon.org\/en\/wp-json\/wp\/v2\/users\/177"}],"replies":[{"embeddable":true,"href":"https:\/\/www.camaeleon.org\/en\/wp-json\/wp\/v2\/comments?post=30677"}],"version-history":[{"count":11,"href":"https:\/\/www.camaeleon.org\/en\/wp-json\/wp\/v2\/posts\/30677\/revisions"}],"predecessor-version":[{"id":31006,"href":"https:\/\/www.camaeleon.org\/en\/wp-json\/wp\/v2\/posts\/30677\/revisions\/31006"}],"wp:featuredmedia":[{"embeddable":true,"href":"https:\/\/www.camaeleon.org\/en\/wp-json\/wp\/v2\/media\/30712"}],"wp:attachment":[{"href":"https:\/\/www.camaeleon.org\/en\/wp-json\/wp\/v2\/media?parent=30677"}],"wp:term":[{"taxonomy":"category","embeddable":true,"href":"https:\/\/www.camaeleon.org\/en\/wp-json\/wp\/v2\/categories?post=30677"},{"taxonomy":"post_tag","embeddable":true,"href":"https:\/\/www.camaeleon.org\/en\/wp-json\/wp\/v2\/tags?post=30677"},{"taxonomy":"author","embeddable":true,"href":"https:\/\/www.camaeleon.org\/en\/wp-json\/wp\/v2\/coauthors?post=30677"}],"curies":[{"name":"wp","href":"https:\/\/api.w.org\/{rel}","templated":true}]}}