{"id":29819,"date":"2024-01-24T00:48:04","date_gmt":"2024-01-23T23:48:04","guid":{"rendered":"https:\/\/www.camaeleon.org\/?p=29819"},"modified":"2024-03-22T11:38:30","modified_gmt":"2024-03-22T10:38:30","slug":"die-letzte-generation-disruption-vs-kollektive-verdraengung","status":"publish","type":"post","link":"https:\/\/www.camaeleon.org\/en\/2024\/01\/24\/die-letzte-generation-disruption-vs-kollektive-verdraengung\/","title":{"rendered":"&#8221;Die Letzte Generation&#8221;: Disruption vs. kollektive Verdr\u00e4ngung"},"content":{"rendered":"<p>Hochwasser, D\u00fcrren und Hitzewellen: Die Auswirkungen der Erderw\u00e4rmung sind deutlich sp\u00fcrbar. Die Klimakrise spielt somit eine immer gr\u00f6\u00dfere Rolle in unserem Alltag und gerade die jungen Generationen werden deren Folgen noch st\u00e4rker zu sp\u00fcren bekommen. Nicht nur durch die Protestbewegung &#8220;Fridays for Future&#8221; ist das Bewusstsein \u00fcber die Dringlichkeit des Anliegens gewachsen.<\/p>\n<p>Dennoch scheint sich seitdem politisch nicht genug ver\u00e4ndert zu haben. Durch den zunehmenden Rechtsruck, den Krieg in der Ukraine und den Angriff der Hamas auf Israel sowie wirtschaftliche Probleme r\u00fcckt das Thema Klimawandel oftmals in den Hintergrund. Auch gesellschaftlich scheint das Interesse am Klimaschutz nachzulassen.<\/p>\n<p>Genau das versucht die Protestgruppe &#8220;Letzte Generation&#8221; zu verhindern. Ihre Protestaktionen verfolgen ein klares Ziel: Bewusstsein \u00fcber die aktuelle Lage und eine Verbesserung der Erde f\u00fcr die kommenden Generationen zu schaffen.<\/p>\n<p>Gerade die Letzte Generation hat in den letzten Jahren sehr viel Aufmerksamkeit durch umstrittene Protestformen erhalten. Wir haben uns mit Anton Richter, aktives Mitglied der Letzten Generation und Organisator von Protesttrainings, unterhalten.<\/p>\n<p>Dabei ging es unter anderem um die Frage, ob die kontroversen Protestformen der Letzten Generation gerechtfertigt und erfolgreich sind, was ihre Forderungen an die Politik sind und wie sie mit unsachlicher Berichterstattung umgehen.<\/p>\n<div class=\"lyte-wrapper\" style=\"width:1280px;max-width:100%;margin:5px auto;\"><div class=\"lyMe hidef\" id=\"WYL_zipVeL8n6RM\"><div id=\"lyte_zipVeL8n6RM\" data-src=\"https:\/\/www.camaeleon.org\/wp-content\/plugins\/wp-youtube-lyte\/lyteCache.php?origThumbUrl=%2F%2Fi.ytimg.com%2Fvi%2FzipVeL8n6RM%2Fhqdefault.jpg\" class=\"pL\"><div class=\"tC\"><div class=\"tT\"><\/div><\/div><div class=\"play\"><\/div><div class=\"ctrl\"><div class=\"Lctrl\"><\/div><div class=\"Rctrl\"><\/div><\/div><\/div><noscript><a href=\"https:\/\/youtu.be\/zipVeL8n6RM\" rel=\"nofollow\"><img loading=\"lazy\" decoding=\"async\" src=\"https:\/\/www.camaeleon.org\/wp-content\/plugins\/wp-youtube-lyte\/lyteCache.php?origThumbUrl=https%3A%2F%2Fi.ytimg.com%2Fvi%2FzipVeL8n6RM%2F0.jpg\" alt=\"YouTube video thumbnail\" width=\"1280\" height=\"700\" \/><br \/>Watch this video on YouTube<\/a><\/noscript><\/div><\/div><div class=\"lL\" style=\"max-width:100%;width:1280px;margin:5px auto;\"><br\/><span class=\"lyte_disclaimer\">By clicking on the video, you establish a connection to Youtube servers. More information in the <a href=\"https:\/\/www.camaeleon.org\/en\/mentions-legales\/declaration-de-protection-des-donnees\/\">privacy statement<\/a>.<\/span><\/div><\/p>\n<p><br \/>\n<\/p>","protected":false},"excerpt":{"rendered":"<p>Hochwasser, D\u00fcrren und Hitzewellen: Die Auswirkungen der Erderw\u00e4rmung sind deutlich sp\u00fcrbar. Die Klimakrise spielt somit eine immer gr\u00f6\u00dfere Rolle in unserem Alltag und gerade die<\/p>\n","protected":false},"author":146,"featured_media":30457,"comment_status":"open","ping_status":"closed","sticky":false,"template":"","format":"standard","meta":{"colormag_page_container_layout":"default_layout","colormag_page_sidebar_layout":"default_layout","footnotes":""},"categories":[10,908],"tags":[2407,2408,2401,2405,2402,1055,2404,2400,1030,2399,2406,2403,2409,302],"coauthors":[1209,1208],"class_list":["post-29819","post","type-post","status-publish","format-standard","has-post-thumbnail","hentry","category-politique","category-camaeleon-video","tag-aktivisten","tag-aktivistinnen","tag-berichterstattung","tag-diskurs","tag-erderwaermung","tag-gesellschaft","tag-klebeproteste","tag-klimakleber","tag-klimawandel","tag-letzte-generation","tag-protestbewegung","tag-protestformen","tag-protesttraining","tag-saarbruecken"],"yoast_head":"<!-- This site is optimized with the Yoast SEO plugin v27.5 - https:\/\/yoast.com\/product\/yoast-seo-wordpress\/ -->\n<title>&quot;Die Letzte Generation&quot;: Disruption vs. kollektive Verdr\u00e4ngung - Cam\u00e4l\u00e9on<\/title>\n<meta name=\"description\" content=\"Ein Video-Interview mit Anton Richter, Mitglied der Letzten Generation und Organisator von Protesttrainings.\" \/>\n<meta name=\"robots\" content=\"index, follow, max-snippet:-1, max-image-preview:large, max-video-preview:-1\" \/>\n<link rel=\"canonical\" href=\"https:\/\/www.camaeleon.org\/en\/2024\/01\/24\/die-letzte-generation-disruption-vs-kollektive-verdraengung\/\" \/>\n<meta property=\"og:locale\" content=\"en_US\" \/>\n<meta property=\"og:type\" content=\"article\" \/>\n<meta property=\"og:title\" content=\"&quot;Die Letzte Generation&quot;: Disruption vs. kollektive Verdr\u00e4ngung - Cam\u00e4l\u00e9on\" \/>\n<meta property=\"og:description\" content=\"Ein Video-Interview mit Anton Richter, Mitglied der Letzten Generation und Organisator von Protesttrainings.\" \/>\n<meta property=\"og:url\" content=\"https:\/\/www.camaeleon.org\/en\/2024\/01\/24\/die-letzte-generation-disruption-vs-kollektive-verdraengung\/\" \/>\n<meta property=\"og:site_name\" content=\"Cam\u00e4l\u00e9on\" \/>\n<meta property=\"article:publisher\" content=\"https:\/\/www.facebook.com\/camaeleon.org\/\" \/>\n<meta property=\"article:published_time\" content=\"2024-01-23T23:48:04+00:00\" \/>\n<meta property=\"article:modified_time\" content=\"2024-03-22T10:38:30+00:00\" \/>\n<meta property=\"og:image\" content=\"https:\/\/www.camaeleon.org\/wp-content\/uploads\/2024\/01\/LetzteGeneration.jpg\" \/>\n\t<meta property=\"og:image:width\" content=\"1920\" \/>\n\t<meta property=\"og:image:height\" content=\"1080\" \/>\n\t<meta property=\"og:image:type\" content=\"image\/jpeg\" \/>\n<meta name=\"author\" content=\"Anouk Viero, Julian Bidot\" \/>\n<meta name=\"twitter:card\" content=\"summary_large_image\" \/>\n<meta name=\"twitter:creator\" content=\"@camaeleonOrg\" \/>\n<meta name=\"twitter:site\" content=\"@camaeleonOrg\" \/>\n<script type=\"application\/ld+json\" class=\"yoast-schema-graph\">{\"@context\":\"https:\\\/\\\/schema.org\",\"@graph\":[{\"@type\":\"Article\",\"@id\":\"https:\\\/\\\/www.camaeleon.org\\\/2024\\\/01\\\/24\\\/die-letzte-generation-disruption-vs-kollektive-verdraengung\\\/#article\",\"isPartOf\":{\"@id\":\"https:\\\/\\\/www.camaeleon.org\\\/2024\\\/01\\\/24\\\/die-letzte-generation-disruption-vs-kollektive-verdraengung\\\/\"},\"author\":{\"name\":\"Anouk Viero\",\"@id\":\"https:\\\/\\\/www.camaeleon.org\\\/de\\\/#\\\/schema\\\/person\\\/34dd43503993f08eb39382df2c5b79b5\"},\"headline\":\"&#8221;Die Letzte Generation&#8221;: Disruption vs. kollektive Verdr\u00e4ngung\",\"datePublished\":\"2024-01-23T23:48:04+00:00\",\"dateModified\":\"2024-03-22T10:38:30+00:00\",\"mainEntityOfPage\":{\"@id\":\"https:\\\/\\\/www.camaeleon.org\\\/2024\\\/01\\\/24\\\/die-letzte-generation-disruption-vs-kollektive-verdraengung\\\/\"},\"wordCount\":771,\"commentCount\":0,\"publisher\":{\"@id\":\"https:\\\/\\\/www.camaeleon.org\\\/de\\\/#organization\"},\"image\":{\"@id\":\"https:\\\/\\\/www.camaeleon.org\\\/2024\\\/01\\\/24\\\/die-letzte-generation-disruption-vs-kollektive-verdraengung\\\/#primaryimage\"},\"thumbnailUrl\":\"https:\\\/\\\/www.camaeleon.org\\\/wp-content\\\/uploads\\\/2024\\\/01\\\/LetzteGeneration.jpg\",\"keywords\":[\"Aktivisten\",\"Aktivistinnen\",\"Berichterstattung\",\"Diskurs\",\"Erderw\u00e4rmung\",\"Gesellschaft\",\"Klebeproteste\",\"Klimakleber\",\"Klimawandel\",\"Letzte Generation\",\"Protestbewegung\",\"Protestformen\",\"Protesttraining\",\"Saarbr\u00fccken\"],\"articleSection\":[\"Politics\",\"Video\"],\"inLanguage\":\"en-US\",\"potentialAction\":[{\"@type\":\"CommentAction\",\"name\":\"Comment\",\"target\":[\"https:\\\/\\\/www.camaeleon.org\\\/2024\\\/01\\\/24\\\/die-letzte-generation-disruption-vs-kollektive-verdraengung\\\/#respond\"]}]},{\"@type\":\"WebPage\",\"@id\":\"https:\\\/\\\/www.camaeleon.org\\\/en\\\/2024\\\/01\\\/24\\\/die-letzte-generation-disruption-vs-kollektive-verdraengung\\\/\",\"url\":\"https:\\\/\\\/www.camaeleon.org\\\/en\\\/2024\\\/01\\\/24\\\/die-letzte-generation-disruption-vs-kollektive-verdraengung\\\/\",\"name\":\"\\\"Die Letzte Generation\\\": Disruption vs. kollektive Verdr\u00e4ngung - Cam\u00e4l\u00e9on\",\"isPartOf\":{\"@id\":\"https:\\\/\\\/www.camaeleon.org\\\/en\\\/#website\"},\"primaryImageOfPage\":{\"@id\":\"https:\\\/\\\/www.camaeleon.org\\\/en\\\/2024\\\/01\\\/24\\\/die-letzte-generation-disruption-vs-kollektive-verdraengung\\\/#primaryimage\"},\"image\":{\"@id\":\"https:\\\/\\\/www.camaeleon.org\\\/2024\\\/01\\\/24\\\/die-letzte-generation-disruption-vs-kollektive-verdraengung\\\/#primaryimage\"},\"thumbnailUrl\":\"https:\\\/\\\/www.camaeleon.org\\\/wp-content\\\/uploads\\\/2024\\\/01\\\/LetzteGeneration.jpg\",\"datePublished\":\"2024-01-23T23:48:04+00:00\",\"dateModified\":\"2024-03-22T10:38:30+00:00\",\"description\":\"Ein Video-Interview mit Anton Richter, Mitglied der Letzten Generation und Organisator von Protesttrainings.\",\"breadcrumb\":{\"@id\":\"https:\\\/\\\/www.camaeleon.org\\\/en\\\/2024\\\/01\\\/24\\\/die-letzte-generation-disruption-vs-kollektive-verdraengung\\\/#breadcrumb\"},\"inLanguage\":\"en-US\",\"potentialAction\":[{\"@type\":\"ReadAction\",\"target\":[[\"https:\\\/\\\/www.camaeleon.org\\\/en\\\/2024\\\/01\\\/24\\\/die-letzte-generation-disruption-vs-kollektive-verdraengung\\\/\"]]}]},{\"@type\":\"ImageObject\",\"inLanguage\":\"en-US\",\"@id\":\"https:\\\/\\\/www.camaeleon.org\\\/en\\\/2024\\\/01\\\/24\\\/die-letzte-generation-disruption-vs-kollektive-verdraengung\\\/#primaryimage\",\"url\":\"https:\\\/\\\/www.camaeleon.org\\\/wp-content\\\/uploads\\\/2024\\\/01\\\/LetzteGeneration.jpg\",\"contentUrl\":\"https:\\\/\\\/www.camaeleon.org\\\/wp-content\\\/uploads\\\/2024\\\/01\\\/LetzteGeneration.jpg\",\"width\":1920,\"height\":1080,\"caption\":\"Foto: Video-Standbild (Cam\u00e4l\u00e9on)\"},{\"@type\":\"BreadcrumbList\",\"@id\":\"https:\\\/\\\/www.camaeleon.org\\\/en\\\/2024\\\/01\\\/24\\\/die-letzte-generation-disruption-vs-kollektive-verdraengung\\\/#breadcrumb\",\"itemListElement\":[{\"@type\":\"ListItem\",\"position\":1,\"name\":\"Home\",\"item\":\"https:\\\/\\\/www.camaeleon.org\\\/en\\\/\"},{\"@type\":\"ListItem\",\"position\":2,\"name\":\"Collectif \u00e9cologiste \u00ab\u00a0Derni\u00e8re g\u00e9n\u00e9ration\u00a0\u00bb: disruption vs. refoulement collectif\"}]},{\"@type\":\"WebSite\",\"@id\":\"https:\\\/\\\/www.camaeleon.org\\\/en\\\/#website\",\"url\":\"https:\\\/\\\/www.camaeleon.org\\\/en\\\/\",\"name\":\"Cam\u00e4l\u00e9on\",\"description\":\"The online student magazine by Deutsch-Franz\u00f6sisches Gymnasium Saarbr\u00fccken\",\"publisher\":{\"@id\":\"https:\\\/\\\/www.camaeleon.org\\\/en\\\/#organization\"},\"potentialAction\":[{\"@type\":\"SearchAction\",\"target\":{\"@type\":\"EntryPoint\",\"urlTemplate\":\"https:\\\/\\\/www.camaeleon.org\\\/en\\\/?s={search_term_string}\"},\"query-input\":{\"@type\":\"PropertyValueSpecification\",\"valueRequired\":true,\"valueName\":\"search_term_string\"}}],\"inLanguage\":\"en-US\"},{\"@type\":\"Organization\",\"@id\":\"https:\\\/\\\/www.camaeleon.org\\\/en\\\/#organization\",\"name\":\"Cam\u00e4l\u00e9on\",\"url\":\"https:\\\/\\\/www.camaeleon.org\\\/en\\\/\",\"logo\":{\"@type\":\"ImageObject\",\"inLanguage\":\"en-US\",\"@id\":\"https:\\\/\\\/www.camaeleon.org\\\/en\\\/#\\\/schema\\\/logo\\\/image\\\/\",\"url\":\"https:\\\/\\\/www.camaeleon.org\\\/wp-content\\\/uploads\\\/2011\\\/11\\\/CAM\u00c4LEON.jpg\",\"contentUrl\":\"https:\\\/\\\/www.camaeleon.org\\\/wp-content\\\/uploads\\\/2011\\\/11\\\/CAM\u00c4LEON.jpg\",\"width\":959,\"height\":959,\"caption\":\"Cam\u00e4l\u00e9on\"},\"image\":{\"@id\":\"https:\\\/\\\/www.camaeleon.org\\\/en\\\/#\\\/schema\\\/logo\\\/image\\\/\"},\"sameAs\":[\"https:\\\/\\\/www.facebook.com\\\/camaeleon.org\\\/\",\"https:\\\/\\\/x.com\\\/camaeleonOrg\",\"https:\\\/\\\/www.instagram.com\\\/camaeleon.dfg\\\/\",\"https:\\\/\\\/www.youtube.com\\\/channel\\\/UCl3TAUDdGuu_c7CD6ax6hYg\"]},{\"@type\":\"Person\",\"@id\":\"https:\\\/\\\/www.camaeleon.org\\\/de\\\/#\\\/schema\\\/person\\\/34dd43503993f08eb39382df2c5b79b5\",\"name\":\"Anouk Viero\",\"image\":{\"@type\":\"ImageObject\",\"inLanguage\":\"en-US\",\"@id\":\"https:\\\/\\\/www.camaeleon.org\\\/en\\\/wp-content\\\/uploads\\\/2023\\\/09\\\/0019AA6C-0ACA-452F-B897-A6B732B81B93-150x150.jpegeca926063efc1e3c52e5e4881ccb2d47\",\"url\":\"https:\\\/\\\/www.camaeleon.org\\\/wp-content\\\/uploads\\\/2023\\\/09\\\/0019AA6C-0ACA-452F-B897-A6B732B81B93-150x150.jpeg\",\"contentUrl\":\"https:\\\/\\\/www.camaeleon.org\\\/wp-content\\\/uploads\\\/2023\\\/09\\\/0019AA6C-0ACA-452F-B897-A6B732B81B93-150x150.jpeg\",\"caption\":\"Anouk Viero\"},\"description\":\"Salut, je m'appelle Anouk :) Voici quelques infos sur moi : - \u00e0 Cam\u00e4l\u00e9on depuis 2020 - 15 ans - en 1L J'aime bien \u00e9crire des articles \u00e0 propos de la culture, la politique, l'alimentation et, pendant mon temps libre, je fais de la danse modern' jazz et je joue de la guitare.\",\"url\":\"https:\\\/\\\/www.camaeleon.org\\\/en\\\/author\\\/anouk-viero\\\/\"}]}<\/script>\n<!-- \/ Yoast SEO plugin. -->","yoast_head_json":{"title":"\"Die Letzte Generation\": Disruption vs. kollektive Verdr\u00e4ngung - Cam\u00e4l\u00e9on","description":"Ein Video-Interview mit Anton Richter, Mitglied der Letzten Generation und Organisator von Protesttrainings.","robots":{"index":"index","follow":"follow","max-snippet":"max-snippet:-1","max-image-preview":"max-image-preview:large","max-video-preview":"max-video-preview:-1"},"canonical":"https:\/\/www.camaeleon.org\/en\/2024\/01\/24\/die-letzte-generation-disruption-vs-kollektive-verdraengung\/","og_locale":"en_US","og_type":"article","og_title":"\"Die Letzte Generation\": Disruption vs. kollektive Verdr\u00e4ngung - Cam\u00e4l\u00e9on","og_description":"Ein Video-Interview mit Anton Richter, Mitglied der Letzten Generation und Organisator von Protesttrainings.","og_url":"https:\/\/www.camaeleon.org\/en\/2024\/01\/24\/die-letzte-generation-disruption-vs-kollektive-verdraengung\/","og_site_name":"Cam\u00e4l\u00e9on","article_publisher":"https:\/\/www.facebook.com\/camaeleon.org\/","article_published_time":"2024-01-23T23:48:04+00:00","article_modified_time":"2024-03-22T10:38:30+00:00","og_image":[{"width":1920,"height":1080,"url":"https:\/\/www.camaeleon.org\/wp-content\/uploads\/2024\/01\/LetzteGeneration.jpg","type":"image\/jpeg"}],"author":"Anouk Viero, Julian Bidot","twitter_card":"summary_large_image","twitter_creator":"@camaeleonOrg","twitter_site":"@camaeleonOrg","schema":{"@context":"https:\/\/schema.org","@graph":[{"@type":"Article","@id":"https:\/\/www.camaeleon.org\/2024\/01\/24\/die-letzte-generation-disruption-vs-kollektive-verdraengung\/#article","isPartOf":{"@id":"https:\/\/www.camaeleon.org\/2024\/01\/24\/die-letzte-generation-disruption-vs-kollektive-verdraengung\/"},"author":{"name":"Anouk Viero","@id":"https:\/\/www.camaeleon.org\/de\/#\/schema\/person\/34dd43503993f08eb39382df2c5b79b5"},"headline":"&#8221;Die Letzte Generation&#8221;: Disruption vs. kollektive Verdr\u00e4ngung","datePublished":"2024-01-23T23:48:04+00:00","dateModified":"2024-03-22T10:38:30+00:00","mainEntityOfPage":{"@id":"https:\/\/www.camaeleon.org\/2024\/01\/24\/die-letzte-generation-disruption-vs-kollektive-verdraengung\/"},"wordCount":771,"commentCount":0,"publisher":{"@id":"https:\/\/www.camaeleon.org\/de\/#organization"},"image":{"@id":"https:\/\/www.camaeleon.org\/2024\/01\/24\/die-letzte-generation-disruption-vs-kollektive-verdraengung\/#primaryimage"},"thumbnailUrl":"https:\/\/www.camaeleon.org\/wp-content\/uploads\/2024\/01\/LetzteGeneration.jpg","keywords":["Aktivisten","Aktivistinnen","Berichterstattung","Diskurs","Erderw\u00e4rmung","Gesellschaft","Klebeproteste","Klimakleber","Klimawandel","Letzte Generation","Protestbewegung","Protestformen","Protesttraining","Saarbr\u00fccken"],"articleSection":["Politics","Video"],"inLanguage":"en-US","potentialAction":[{"@type":"CommentAction","name":"Comment","target":["https:\/\/www.camaeleon.org\/2024\/01\/24\/die-letzte-generation-disruption-vs-kollektive-verdraengung\/#respond"]}]},{"@type":"WebPage","@id":"https:\/\/www.camaeleon.org\/en\/2024\/01\/24\/die-letzte-generation-disruption-vs-kollektive-verdraengung\/","url":"https:\/\/www.camaeleon.org\/en\/2024\/01\/24\/die-letzte-generation-disruption-vs-kollektive-verdraengung\/","name":"\"Die Letzte Generation\": Disruption vs. kollektive Verdr\u00e4ngung - Cam\u00e4l\u00e9on","isPartOf":{"@id":"https:\/\/www.camaeleon.org\/en\/#website"},"primaryImageOfPage":{"@id":"https:\/\/www.camaeleon.org\/en\/2024\/01\/24\/die-letzte-generation-disruption-vs-kollektive-verdraengung\/#primaryimage"},"image":{"@id":"https:\/\/www.camaeleon.org\/2024\/01\/24\/die-letzte-generation-disruption-vs-kollektive-verdraengung\/#primaryimage"},"thumbnailUrl":"https:\/\/www.camaeleon.org\/wp-content\/uploads\/2024\/01\/LetzteGeneration.jpg","datePublished":"2024-01-23T23:48:04+00:00","dateModified":"2024-03-22T10:38:30+00:00","description":"Ein Video-Interview mit Anton Richter, Mitglied der Letzten Generation und Organisator von Protesttrainings.","breadcrumb":{"@id":"https:\/\/www.camaeleon.org\/en\/2024\/01\/24\/die-letzte-generation-disruption-vs-kollektive-verdraengung\/#breadcrumb"},"inLanguage":"en-US","potentialAction":[{"@type":"ReadAction","target":[["https:\/\/www.camaeleon.org\/en\/2024\/01\/24\/die-letzte-generation-disruption-vs-kollektive-verdraengung\/"]]}]},{"@type":"ImageObject","inLanguage":"en-US","@id":"https:\/\/www.camaeleon.org\/en\/2024\/01\/24\/die-letzte-generation-disruption-vs-kollektive-verdraengung\/#primaryimage","url":"https:\/\/www.camaeleon.org\/wp-content\/uploads\/2024\/01\/LetzteGeneration.jpg","contentUrl":"https:\/\/www.camaeleon.org\/wp-content\/uploads\/2024\/01\/LetzteGeneration.jpg","width":1920,"height":1080,"caption":"Foto: Video-Standbild (Cam\u00e4l\u00e9on)"},{"@type":"BreadcrumbList","@id":"https:\/\/www.camaeleon.org\/en\/2024\/01\/24\/die-letzte-generation-disruption-vs-kollektive-verdraengung\/#breadcrumb","itemListElement":[{"@type":"ListItem","position":1,"name":"Home","item":"https:\/\/www.camaeleon.org\/en\/"},{"@type":"ListItem","position":2,"name":"Collectif \u00e9cologiste \u00ab\u00a0Derni\u00e8re g\u00e9n\u00e9ration\u00a0\u00bb: disruption vs. refoulement collectif"}]},{"@type":"WebSite","@id":"https:\/\/www.camaeleon.org\/en\/#website","url":"https:\/\/www.camaeleon.org\/en\/","name":"Cam\u00e4l\u00e9on","description":"The online student magazine by Deutsch-Franz\u00f6sisches Gymnasium Saarbr\u00fccken","publisher":{"@id":"https:\/\/www.camaeleon.org\/en\/#organization"},"potentialAction":[{"@type":"SearchAction","target":{"@type":"EntryPoint","urlTemplate":"https:\/\/www.camaeleon.org\/en\/?s={search_term_string}"},"query-input":{"@type":"PropertyValueSpecification","valueRequired":true,"valueName":"search_term_string"}}],"inLanguage":"en-US"},{"@type":"Organization","@id":"https:\/\/www.camaeleon.org\/en\/#organization","name":"Cam\u00e4l\u00e9on","url":"https:\/\/www.camaeleon.org\/en\/","logo":{"@type":"ImageObject","inLanguage":"en-US","@id":"https:\/\/www.camaeleon.org\/en\/#\/schema\/logo\/image\/","url":"https:\/\/www.camaeleon.org\/wp-content\/uploads\/2011\/11\/CAM\u00c4LEON.jpg","contentUrl":"https:\/\/www.camaeleon.org\/wp-content\/uploads\/2011\/11\/CAM\u00c4LEON.jpg","width":959,"height":959,"caption":"Cam\u00e4l\u00e9on"},"image":{"@id":"https:\/\/www.camaeleon.org\/en\/#\/schema\/logo\/image\/"},"sameAs":["https:\/\/www.facebook.com\/camaeleon.org\/","https:\/\/x.com\/camaeleonOrg","https:\/\/www.instagram.com\/camaeleon.dfg\/","https:\/\/www.youtube.com\/channel\/UCl3TAUDdGuu_c7CD6ax6hYg"]},{"@type":"Person","@id":"https:\/\/www.camaeleon.org\/de\/#\/schema\/person\/34dd43503993f08eb39382df2c5b79b5","name":"Anouk Viero","image":{"@type":"ImageObject","inLanguage":"en-US","@id":"https:\/\/www.camaeleon.org\/en\/wp-content\/uploads\/2023\/09\/0019AA6C-0ACA-452F-B897-A6B732B81B93-150x150.jpegeca926063efc1e3c52e5e4881ccb2d47","url":"https:\/\/www.camaeleon.org\/wp-content\/uploads\/2023\/09\/0019AA6C-0ACA-452F-B897-A6B732B81B93-150x150.jpeg","contentUrl":"https:\/\/www.camaeleon.org\/wp-content\/uploads\/2023\/09\/0019AA6C-0ACA-452F-B897-A6B732B81B93-150x150.jpeg","caption":"Anouk Viero"},"description":"Salut, je m'appelle Anouk :) Voici quelques infos sur moi : - \u00e0 Cam\u00e4l\u00e9on depuis 2020 - 15 ans - en 1L J'aime bien \u00e9crire des articles \u00e0 propos de la culture, la politique, l'alimentation et, pendant mon temps libre, je fais de la danse modern' jazz et je joue de la guitare.","url":"https:\/\/www.camaeleon.org\/en\/author\/anouk-viero\/"}]}},"_links":{"self":[{"href":"https:\/\/www.camaeleon.org\/en\/wp-json\/wp\/v2\/posts\/29819","targetHints":{"allow":["GET"]}}],"collection":[{"href":"https:\/\/www.camaeleon.org\/en\/wp-json\/wp\/v2\/posts"}],"about":[{"href":"https:\/\/www.camaeleon.org\/en\/wp-json\/wp\/v2\/types\/post"}],"author":[{"embeddable":true,"href":"https:\/\/www.camaeleon.org\/en\/wp-json\/wp\/v2\/users\/146"}],"replies":[{"embeddable":true,"href":"https:\/\/www.camaeleon.org\/en\/wp-json\/wp\/v2\/comments?post=29819"}],"version-history":[{"count":8,"href":"https:\/\/www.camaeleon.org\/en\/wp-json\/wp\/v2\/posts\/29819\/revisions"}],"predecessor-version":[{"id":30777,"href":"https:\/\/www.camaeleon.org\/en\/wp-json\/wp\/v2\/posts\/29819\/revisions\/30777"}],"wp:featuredmedia":[{"embeddable":true,"href":"https:\/\/www.camaeleon.org\/en\/wp-json\/wp\/v2\/media\/30457"}],"wp:attachment":[{"href":"https:\/\/www.camaeleon.org\/en\/wp-json\/wp\/v2\/media?parent=29819"}],"wp:term":[{"taxonomy":"category","embeddable":true,"href":"https:\/\/www.camaeleon.org\/en\/wp-json\/wp\/v2\/categories?post=29819"},{"taxonomy":"post_tag","embeddable":true,"href":"https:\/\/www.camaeleon.org\/en\/wp-json\/wp\/v2\/tags?post=29819"},{"taxonomy":"author","embeddable":true,"href":"https:\/\/www.camaeleon.org\/en\/wp-json\/wp\/v2\/coauthors?post=29819"}],"curies":[{"name":"wp","href":"https:\/\/api.w.org\/{rel}","templated":true}]}}