{"id":28941,"date":"2023-06-11T13:46:48","date_gmt":"2023-06-11T11:46:48","guid":{"rendered":"https:\/\/www.camaeleon.org\/?p=28941"},"modified":"2024-03-21T12:03:56","modified_gmt":"2024-03-21T11:03:56","slug":"besuch-von-ministerpraesidentin-anke-rehlinger-am-dfg","status":"publish","type":"post","link":"https:\/\/www.camaeleon.org\/en\/2023\/06\/11\/besuch-von-ministerpraesidentin-anke-rehlinger-am-dfg\/","title":{"rendered":"Besuch von Ministerpr\u00e4sidentin Anke Rehlinger am DFG"},"content":{"rendered":"<p>Am 25. Mai hatte das DFG die Ehre, Anke Rehlinger zu empfangen! Die saarl\u00e4ndische Ministerpr\u00e4sidentin stattete unserer Schule im Rahmen der Europawoche einen Besuch ab und sprach mit einigen Sch\u00fclern \u00fcber aktuelle politische Themen, unter anderem Europa, Bahnstrecken, das Saarvenir, Asylrecht und Fl\u00fcchtlingslager, Krieg und Energiepolitik. Aus den von Sch\u00fclern gestellten Fragen entstand eine interessante Diskussionsrunde. Leider musste Frau Rehlinger auch schnell schon wieder zu ihrem n\u00e4chsten Termin. Doch trotz ihres vollen Terminkalenders nahm sie sich mehr Zeit als vorgesehen f\u00fcr ihren interessanten Vortrag, den Ihr euch nat\u00fcrlich auf unserer YouTube-Seite anschauen k\u00f6nnt:<\/p>\n<div class=\"lyte-wrapper\" style=\"width:1280px;max-width:100%;margin:5px auto;\"><div class=\"lyMe hidef\" id=\"WYL_VwlO2Q8SBm4\"><div id=\"lyte_VwlO2Q8SBm4\" data-src=\"https:\/\/www.camaeleon.org\/wp-content\/plugins\/wp-youtube-lyte\/lyteCache.php?origThumbUrl=%2F%2Fi.ytimg.com%2Fvi%2FVwlO2Q8SBm4%2Fhqdefault.jpg\" class=\"pL\"><div class=\"tC\"><div class=\"tT\"><\/div><\/div><div class=\"play\"><\/div><div class=\"ctrl\"><div class=\"Lctrl\"><\/div><div class=\"Rctrl\"><\/div><\/div><\/div><noscript><a href=\"https:\/\/youtu.be\/VwlO2Q8SBm4\" rel=\"nofollow\"><img loading=\"lazy\" decoding=\"async\" src=\"https:\/\/www.camaeleon.org\/wp-content\/plugins\/wp-youtube-lyte\/lyteCache.php?origThumbUrl=https%3A%2F%2Fi.ytimg.com%2Fvi%2FVwlO2Q8SBm4%2F0.jpg\" alt=\"YouTube video thumbnail\" width=\"1280\" height=\"700\" \/><br \/>Watch this video on YouTube<\/a><\/noscript><\/div><\/div><div class=\"lL\" style=\"max-width:100%;width:1280px;margin:5px auto;\"><br\/><span class=\"lyte_disclaimer\">By clicking on the video, you establish a connection to Youtube servers. More information in the <a href=\"https:\/\/www.camaeleon.org\/en\/mentions-legales\/declaration-de-protection-des-donnees\/\">privacy statement<\/a>.<\/span><\/div><\/p>\n<p><br \/>\n<br \/>\n<\/p>","protected":false},"excerpt":{"rendered":"<p>Am 25. Mai hatte das DFG die Ehre, Anke Rehlinger zu empfangen! Die saarl\u00e4ndische Ministerpr\u00e4sidentin stattete unserer Schule im Rahmen der Europawoche einen Besuch ab<\/p>\n","protected":false},"author":146,"featured_media":28952,"comment_status":"open","ping_status":"closed","sticky":false,"template":"","format":"standard","meta":{"colormag_page_container_layout":"default_layout","colormag_page_sidebar_layout":"default_layout","footnotes":""},"categories":[3,10,908],"tags":[2245,874],"coauthors":[1209,744,1208],"class_list":["post-28941","post","type-post","status-publish","format-standard","has-post-thumbnail","hentry","category-ecole","category-politique","category-camaeleon-video","tag-anke-rehlinger","tag-ministerpraesident"],"yoast_head":"<!-- This site is optimized with the Yoast SEO plugin v27.5 - https:\/\/yoast.com\/product\/yoast-seo-wordpress\/ -->\n<title>Besuch von Ministerpr\u00e4sidentin Anke Rehlinger am DFG - Cam\u00e4l\u00e9on<\/title>\n<meta name=\"description\" content=\"Die saarl\u00e4ndische Ministerpr\u00e4sidentin Anke Rehlinger stattete am 25. Mai dem DFG einen Besuch ab und sprach \u00fcber Europa, Asylrecht, Krieg und Energiepolitik.\" \/>\n<meta name=\"robots\" content=\"index, follow, max-snippet:-1, max-image-preview:large, max-video-preview:-1\" \/>\n<link rel=\"canonical\" href=\"https:\/\/www.camaeleon.org\/en\/2023\/06\/11\/besuch-von-ministerpraesidentin-anke-rehlinger-am-dfg\/\" \/>\n<meta property=\"og:locale\" content=\"en_US\" \/>\n<meta property=\"og:type\" content=\"article\" \/>\n<meta property=\"og:title\" content=\"Besuch von Ministerpr\u00e4sidentin Anke Rehlinger am DFG - Cam\u00e4l\u00e9on\" \/>\n<meta property=\"og:description\" content=\"Die saarl\u00e4ndische Ministerpr\u00e4sidentin Anke Rehlinger stattete am 25. Mai dem DFG einen Besuch ab und sprach \u00fcber Europa, Asylrecht, Krieg und Energiepolitik.\" \/>\n<meta property=\"og:url\" content=\"https:\/\/www.camaeleon.org\/en\/2023\/06\/11\/besuch-von-ministerpraesidentin-anke-rehlinger-am-dfg\/\" \/>\n<meta property=\"og:site_name\" content=\"Cam\u00e4l\u00e9on\" \/>\n<meta property=\"article:publisher\" content=\"https:\/\/www.facebook.com\/camaeleon.org\/\" \/>\n<meta property=\"article:published_time\" content=\"2023-06-11T11:46:48+00:00\" \/>\n<meta property=\"article:modified_time\" content=\"2024-03-21T11:03:56+00:00\" \/>\n<meta property=\"og:image\" content=\"https:\/\/www.camaeleon.org\/wp-content\/uploads\/2023\/06\/20230525_081000-scaled.jpg\" \/>\n\t<meta property=\"og:image:width\" content=\"2560\" \/>\n\t<meta property=\"og:image:height\" content=\"1441\" \/>\n\t<meta property=\"og:image:type\" content=\"image\/jpeg\" \/>\n<meta name=\"author\" content=\"Anouk Viero, Max Ernst, Julian Bidot\" \/>\n<meta name=\"twitter:card\" content=\"summary_large_image\" \/>\n<meta name=\"twitter:creator\" content=\"@camaeleonOrg\" \/>\n<meta name=\"twitter:site\" content=\"@camaeleonOrg\" \/>\n<script type=\"application\/ld+json\" class=\"yoast-schema-graph\">{\"@context\":\"https:\\\/\\\/schema.org\",\"@graph\":[{\"@type\":\"Article\",\"@id\":\"https:\\\/\\\/www.camaeleon.org\\\/2023\\\/06\\\/11\\\/besuch-von-ministerpraesidentin-anke-rehlinger-am-dfg\\\/#article\",\"isPartOf\":{\"@id\":\"https:\\\/\\\/www.camaeleon.org\\\/2023\\\/06\\\/11\\\/besuch-von-ministerpraesidentin-anke-rehlinger-am-dfg\\\/\"},\"author\":{\"name\":\"Anouk Viero\",\"@id\":\"https:\\\/\\\/www.camaeleon.org\\\/de\\\/#\\\/schema\\\/person\\\/34dd43503993f08eb39382df2c5b79b5\"},\"headline\":\"Besuch von Ministerpr\u00e4sidentin Anke Rehlinger am DFG\",\"datePublished\":\"2023-06-11T11:46:48+00:00\",\"dateModified\":\"2024-03-21T11:03:56+00:00\",\"mainEntityOfPage\":{\"@id\":\"https:\\\/\\\/www.camaeleon.org\\\/2023\\\/06\\\/11\\\/besuch-von-ministerpraesidentin-anke-rehlinger-am-dfg\\\/\"},\"wordCount\":393,\"commentCount\":0,\"publisher\":{\"@id\":\"https:\\\/\\\/www.camaeleon.org\\\/de\\\/#organization\"},\"image\":{\"@id\":\"https:\\\/\\\/www.camaeleon.org\\\/2023\\\/06\\\/11\\\/besuch-von-ministerpraesidentin-anke-rehlinger-am-dfg\\\/#primaryimage\"},\"thumbnailUrl\":\"https:\\\/\\\/www.camaeleon.org\\\/wp-content\\\/uploads\\\/2023\\\/06\\\/20230525_081000-scaled.jpg\",\"keywords\":[\"Anke Rehlinger\",\"Ministerpr\u00e4sident\"],\"articleSection\":[\"School\",\"Politics\",\"Video\"],\"inLanguage\":\"en-US\",\"potentialAction\":[{\"@type\":\"CommentAction\",\"name\":\"Comment\",\"target\":[\"https:\\\/\\\/www.camaeleon.org\\\/2023\\\/06\\\/11\\\/besuch-von-ministerpraesidentin-anke-rehlinger-am-dfg\\\/#respond\"]}]},{\"@type\":\"WebPage\",\"@id\":\"https:\\\/\\\/www.camaeleon.org\\\/en\\\/2023\\\/06\\\/11\\\/besuch-von-ministerpraesidentin-anke-rehlinger-am-dfg\\\/\",\"url\":\"https:\\\/\\\/www.camaeleon.org\\\/en\\\/2023\\\/06\\\/11\\\/besuch-von-ministerpraesidentin-anke-rehlinger-am-dfg\\\/\",\"name\":\"Besuch von Ministerpr\u00e4sidentin Anke Rehlinger am DFG - Cam\u00e4l\u00e9on\",\"isPartOf\":{\"@id\":\"https:\\\/\\\/www.camaeleon.org\\\/en\\\/#website\"},\"primaryImageOfPage\":{\"@id\":\"https:\\\/\\\/www.camaeleon.org\\\/en\\\/2023\\\/06\\\/11\\\/besuch-von-ministerpraesidentin-anke-rehlinger-am-dfg\\\/#primaryimage\"},\"image\":{\"@id\":\"https:\\\/\\\/www.camaeleon.org\\\/2023\\\/06\\\/11\\\/besuch-von-ministerpraesidentin-anke-rehlinger-am-dfg\\\/#primaryimage\"},\"thumbnailUrl\":\"https:\\\/\\\/www.camaeleon.org\\\/wp-content\\\/uploads\\\/2023\\\/06\\\/20230525_081000-scaled.jpg\",\"datePublished\":\"2023-06-11T11:46:48+00:00\",\"dateModified\":\"2024-03-21T11:03:56+00:00\",\"description\":\"Die saarl\u00e4ndische Ministerpr\u00e4sidentin Anke Rehlinger stattete am 25. Mai dem DFG einen Besuch ab und sprach \u00fcber Europa, Asylrecht, Krieg und Energiepolitik.\",\"breadcrumb\":{\"@id\":\"https:\\\/\\\/www.camaeleon.org\\\/en\\\/2023\\\/06\\\/11\\\/besuch-von-ministerpraesidentin-anke-rehlinger-am-dfg\\\/#breadcrumb\"},\"inLanguage\":\"en-US\",\"potentialAction\":[{\"@type\":\"ReadAction\",\"target\":[[\"https:\\\/\\\/www.camaeleon.org\\\/en\\\/2023\\\/06\\\/11\\\/besuch-von-ministerpraesidentin-anke-rehlinger-am-dfg\\\/\"]]}]},{\"@type\":\"ImageObject\",\"inLanguage\":\"en-US\",\"@id\":\"https:\\\/\\\/www.camaeleon.org\\\/en\\\/2023\\\/06\\\/11\\\/besuch-von-ministerpraesidentin-anke-rehlinger-am-dfg\\\/#primaryimage\",\"url\":\"https:\\\/\\\/www.camaeleon.org\\\/wp-content\\\/uploads\\\/2023\\\/06\\\/20230525_081000-scaled.jpg\",\"contentUrl\":\"https:\\\/\\\/www.camaeleon.org\\\/wp-content\\\/uploads\\\/2023\\\/06\\\/20230525_081000-scaled.jpg\",\"width\":2560,\"height\":1441},{\"@type\":\"BreadcrumbList\",\"@id\":\"https:\\\/\\\/www.camaeleon.org\\\/en\\\/2023\\\/06\\\/11\\\/besuch-von-ministerpraesidentin-anke-rehlinger-am-dfg\\\/#breadcrumb\",\"itemListElement\":[{\"@type\":\"ListItem\",\"position\":1,\"name\":\"Home\",\"item\":\"https:\\\/\\\/www.camaeleon.org\\\/en\\\/\"},{\"@type\":\"ListItem\",\"position\":2,\"name\":\"Besuch von Ministerpr\u00e4sidentin Anke Rehlinger am DFG\"}]},{\"@type\":\"WebSite\",\"@id\":\"https:\\\/\\\/www.camaeleon.org\\\/en\\\/#website\",\"url\":\"https:\\\/\\\/www.camaeleon.org\\\/en\\\/\",\"name\":\"Cam\u00e4l\u00e9on\",\"description\":\"The online student magazine by Deutsch-Franz\u00f6sisches Gymnasium Saarbr\u00fccken\",\"publisher\":{\"@id\":\"https:\\\/\\\/www.camaeleon.org\\\/en\\\/#organization\"},\"potentialAction\":[{\"@type\":\"SearchAction\",\"target\":{\"@type\":\"EntryPoint\",\"urlTemplate\":\"https:\\\/\\\/www.camaeleon.org\\\/en\\\/?s={search_term_string}\"},\"query-input\":{\"@type\":\"PropertyValueSpecification\",\"valueRequired\":true,\"valueName\":\"search_term_string\"}}],\"inLanguage\":\"en-US\"},{\"@type\":\"Organization\",\"@id\":\"https:\\\/\\\/www.camaeleon.org\\\/en\\\/#organization\",\"name\":\"Cam\u00e4l\u00e9on\",\"url\":\"https:\\\/\\\/www.camaeleon.org\\\/en\\\/\",\"logo\":{\"@type\":\"ImageObject\",\"inLanguage\":\"en-US\",\"@id\":\"https:\\\/\\\/www.camaeleon.org\\\/en\\\/#\\\/schema\\\/logo\\\/image\\\/\",\"url\":\"https:\\\/\\\/www.camaeleon.org\\\/wp-content\\\/uploads\\\/2011\\\/11\\\/CAM\u00c4LEON.jpg\",\"contentUrl\":\"https:\\\/\\\/www.camaeleon.org\\\/wp-content\\\/uploads\\\/2011\\\/11\\\/CAM\u00c4LEON.jpg\",\"width\":959,\"height\":959,\"caption\":\"Cam\u00e4l\u00e9on\"},\"image\":{\"@id\":\"https:\\\/\\\/www.camaeleon.org\\\/en\\\/#\\\/schema\\\/logo\\\/image\\\/\"},\"sameAs\":[\"https:\\\/\\\/www.facebook.com\\\/camaeleon.org\\\/\",\"https:\\\/\\\/x.com\\\/camaeleonOrg\",\"https:\\\/\\\/www.instagram.com\\\/camaeleon.dfg\\\/\",\"https:\\\/\\\/www.youtube.com\\\/channel\\\/UCl3TAUDdGuu_c7CD6ax6hYg\"]},{\"@type\":\"Person\",\"@id\":\"https:\\\/\\\/www.camaeleon.org\\\/de\\\/#\\\/schema\\\/person\\\/34dd43503993f08eb39382df2c5b79b5\",\"name\":\"Anouk Viero\",\"image\":{\"@type\":\"ImageObject\",\"inLanguage\":\"en-US\",\"@id\":\"https:\\\/\\\/www.camaeleon.org\\\/en\\\/wp-content\\\/uploads\\\/2023\\\/09\\\/0019AA6C-0ACA-452F-B897-A6B732B81B93-150x150.jpegeca926063efc1e3c52e5e4881ccb2d47\",\"url\":\"https:\\\/\\\/www.camaeleon.org\\\/wp-content\\\/uploads\\\/2023\\\/09\\\/0019AA6C-0ACA-452F-B897-A6B732B81B93-150x150.jpeg\",\"contentUrl\":\"https:\\\/\\\/www.camaeleon.org\\\/wp-content\\\/uploads\\\/2023\\\/09\\\/0019AA6C-0ACA-452F-B897-A6B732B81B93-150x150.jpeg\",\"caption\":\"Anouk Viero\"},\"description\":\"Salut, je m'appelle Anouk :) Voici quelques infos sur moi : - \u00e0 Cam\u00e4l\u00e9on depuis 2020 - 15 ans - en 1L J'aime bien \u00e9crire des articles \u00e0 propos de la culture, la politique, l'alimentation et, pendant mon temps libre, je fais de la danse modern' jazz et je joue de la guitare.\",\"url\":\"https:\\\/\\\/www.camaeleon.org\\\/en\\\/author\\\/anouk-viero\\\/\"}]}<\/script>\n<!-- \/ Yoast SEO plugin. -->","yoast_head_json":{"title":"Besuch von Ministerpr\u00e4sidentin Anke Rehlinger am DFG - Cam\u00e4l\u00e9on","description":"Die saarl\u00e4ndische Ministerpr\u00e4sidentin Anke Rehlinger stattete am 25. Mai dem DFG einen Besuch ab und sprach \u00fcber Europa, Asylrecht, Krieg und Energiepolitik.","robots":{"index":"index","follow":"follow","max-snippet":"max-snippet:-1","max-image-preview":"max-image-preview:large","max-video-preview":"max-video-preview:-1"},"canonical":"https:\/\/www.camaeleon.org\/en\/2023\/06\/11\/besuch-von-ministerpraesidentin-anke-rehlinger-am-dfg\/","og_locale":"en_US","og_type":"article","og_title":"Besuch von Ministerpr\u00e4sidentin Anke Rehlinger am DFG - Cam\u00e4l\u00e9on","og_description":"Die saarl\u00e4ndische Ministerpr\u00e4sidentin Anke Rehlinger stattete am 25. Mai dem DFG einen Besuch ab und sprach \u00fcber Europa, Asylrecht, Krieg und Energiepolitik.","og_url":"https:\/\/www.camaeleon.org\/en\/2023\/06\/11\/besuch-von-ministerpraesidentin-anke-rehlinger-am-dfg\/","og_site_name":"Cam\u00e4l\u00e9on","article_publisher":"https:\/\/www.facebook.com\/camaeleon.org\/","article_published_time":"2023-06-11T11:46:48+00:00","article_modified_time":"2024-03-21T11:03:56+00:00","og_image":[{"width":2560,"height":1441,"url":"https:\/\/www.camaeleon.org\/wp-content\/uploads\/2023\/06\/20230525_081000-scaled.jpg","type":"image\/jpeg"}],"author":"Anouk Viero, Max Ernst, Julian Bidot","twitter_card":"summary_large_image","twitter_creator":"@camaeleonOrg","twitter_site":"@camaeleonOrg","schema":{"@context":"https:\/\/schema.org","@graph":[{"@type":"Article","@id":"https:\/\/www.camaeleon.org\/2023\/06\/11\/besuch-von-ministerpraesidentin-anke-rehlinger-am-dfg\/#article","isPartOf":{"@id":"https:\/\/www.camaeleon.org\/2023\/06\/11\/besuch-von-ministerpraesidentin-anke-rehlinger-am-dfg\/"},"author":{"name":"Anouk Viero","@id":"https:\/\/www.camaeleon.org\/de\/#\/schema\/person\/34dd43503993f08eb39382df2c5b79b5"},"headline":"Besuch von Ministerpr\u00e4sidentin Anke Rehlinger am DFG","datePublished":"2023-06-11T11:46:48+00:00","dateModified":"2024-03-21T11:03:56+00:00","mainEntityOfPage":{"@id":"https:\/\/www.camaeleon.org\/2023\/06\/11\/besuch-von-ministerpraesidentin-anke-rehlinger-am-dfg\/"},"wordCount":393,"commentCount":0,"publisher":{"@id":"https:\/\/www.camaeleon.org\/de\/#organization"},"image":{"@id":"https:\/\/www.camaeleon.org\/2023\/06\/11\/besuch-von-ministerpraesidentin-anke-rehlinger-am-dfg\/#primaryimage"},"thumbnailUrl":"https:\/\/www.camaeleon.org\/wp-content\/uploads\/2023\/06\/20230525_081000-scaled.jpg","keywords":["Anke Rehlinger","Ministerpr\u00e4sident"],"articleSection":["School","Politics","Video"],"inLanguage":"en-US","potentialAction":[{"@type":"CommentAction","name":"Comment","target":["https:\/\/www.camaeleon.org\/2023\/06\/11\/besuch-von-ministerpraesidentin-anke-rehlinger-am-dfg\/#respond"]}]},{"@type":"WebPage","@id":"https:\/\/www.camaeleon.org\/en\/2023\/06\/11\/besuch-von-ministerpraesidentin-anke-rehlinger-am-dfg\/","url":"https:\/\/www.camaeleon.org\/en\/2023\/06\/11\/besuch-von-ministerpraesidentin-anke-rehlinger-am-dfg\/","name":"Besuch von Ministerpr\u00e4sidentin Anke Rehlinger am DFG - Cam\u00e4l\u00e9on","isPartOf":{"@id":"https:\/\/www.camaeleon.org\/en\/#website"},"primaryImageOfPage":{"@id":"https:\/\/www.camaeleon.org\/en\/2023\/06\/11\/besuch-von-ministerpraesidentin-anke-rehlinger-am-dfg\/#primaryimage"},"image":{"@id":"https:\/\/www.camaeleon.org\/2023\/06\/11\/besuch-von-ministerpraesidentin-anke-rehlinger-am-dfg\/#primaryimage"},"thumbnailUrl":"https:\/\/www.camaeleon.org\/wp-content\/uploads\/2023\/06\/20230525_081000-scaled.jpg","datePublished":"2023-06-11T11:46:48+00:00","dateModified":"2024-03-21T11:03:56+00:00","description":"Die saarl\u00e4ndische Ministerpr\u00e4sidentin Anke Rehlinger stattete am 25. Mai dem DFG einen Besuch ab und sprach \u00fcber Europa, Asylrecht, Krieg und Energiepolitik.","breadcrumb":{"@id":"https:\/\/www.camaeleon.org\/en\/2023\/06\/11\/besuch-von-ministerpraesidentin-anke-rehlinger-am-dfg\/#breadcrumb"},"inLanguage":"en-US","potentialAction":[{"@type":"ReadAction","target":[["https:\/\/www.camaeleon.org\/en\/2023\/06\/11\/besuch-von-ministerpraesidentin-anke-rehlinger-am-dfg\/"]]}]},{"@type":"ImageObject","inLanguage":"en-US","@id":"https:\/\/www.camaeleon.org\/en\/2023\/06\/11\/besuch-von-ministerpraesidentin-anke-rehlinger-am-dfg\/#primaryimage","url":"https:\/\/www.camaeleon.org\/wp-content\/uploads\/2023\/06\/20230525_081000-scaled.jpg","contentUrl":"https:\/\/www.camaeleon.org\/wp-content\/uploads\/2023\/06\/20230525_081000-scaled.jpg","width":2560,"height":1441},{"@type":"BreadcrumbList","@id":"https:\/\/www.camaeleon.org\/en\/2023\/06\/11\/besuch-von-ministerpraesidentin-anke-rehlinger-am-dfg\/#breadcrumb","itemListElement":[{"@type":"ListItem","position":1,"name":"Home","item":"https:\/\/www.camaeleon.org\/en\/"},{"@type":"ListItem","position":2,"name":"Besuch von Ministerpr\u00e4sidentin Anke Rehlinger am DFG"}]},{"@type":"WebSite","@id":"https:\/\/www.camaeleon.org\/en\/#website","url":"https:\/\/www.camaeleon.org\/en\/","name":"Cam\u00e4l\u00e9on","description":"The online student magazine by Deutsch-Franz\u00f6sisches Gymnasium Saarbr\u00fccken","publisher":{"@id":"https:\/\/www.camaeleon.org\/en\/#organization"},"potentialAction":[{"@type":"SearchAction","target":{"@type":"EntryPoint","urlTemplate":"https:\/\/www.camaeleon.org\/en\/?s={search_term_string}"},"query-input":{"@type":"PropertyValueSpecification","valueRequired":true,"valueName":"search_term_string"}}],"inLanguage":"en-US"},{"@type":"Organization","@id":"https:\/\/www.camaeleon.org\/en\/#organization","name":"Cam\u00e4l\u00e9on","url":"https:\/\/www.camaeleon.org\/en\/","logo":{"@type":"ImageObject","inLanguage":"en-US","@id":"https:\/\/www.camaeleon.org\/en\/#\/schema\/logo\/image\/","url":"https:\/\/www.camaeleon.org\/wp-content\/uploads\/2011\/11\/CAM\u00c4LEON.jpg","contentUrl":"https:\/\/www.camaeleon.org\/wp-content\/uploads\/2011\/11\/CAM\u00c4LEON.jpg","width":959,"height":959,"caption":"Cam\u00e4l\u00e9on"},"image":{"@id":"https:\/\/www.camaeleon.org\/en\/#\/schema\/logo\/image\/"},"sameAs":["https:\/\/www.facebook.com\/camaeleon.org\/","https:\/\/x.com\/camaeleonOrg","https:\/\/www.instagram.com\/camaeleon.dfg\/","https:\/\/www.youtube.com\/channel\/UCl3TAUDdGuu_c7CD6ax6hYg"]},{"@type":"Person","@id":"https:\/\/www.camaeleon.org\/de\/#\/schema\/person\/34dd43503993f08eb39382df2c5b79b5","name":"Anouk Viero","image":{"@type":"ImageObject","inLanguage":"en-US","@id":"https:\/\/www.camaeleon.org\/en\/wp-content\/uploads\/2023\/09\/0019AA6C-0ACA-452F-B897-A6B732B81B93-150x150.jpegeca926063efc1e3c52e5e4881ccb2d47","url":"https:\/\/www.camaeleon.org\/wp-content\/uploads\/2023\/09\/0019AA6C-0ACA-452F-B897-A6B732B81B93-150x150.jpeg","contentUrl":"https:\/\/www.camaeleon.org\/wp-content\/uploads\/2023\/09\/0019AA6C-0ACA-452F-B897-A6B732B81B93-150x150.jpeg","caption":"Anouk Viero"},"description":"Salut, je m'appelle Anouk :) Voici quelques infos sur moi : - \u00e0 Cam\u00e4l\u00e9on depuis 2020 - 15 ans - en 1L J'aime bien \u00e9crire des articles \u00e0 propos de la culture, la politique, l'alimentation et, pendant mon temps libre, je fais de la danse modern' jazz et je joue de la guitare.","url":"https:\/\/www.camaeleon.org\/en\/author\/anouk-viero\/"}]}},"_links":{"self":[{"href":"https:\/\/www.camaeleon.org\/en\/wp-json\/wp\/v2\/posts\/28941","targetHints":{"allow":["GET"]}}],"collection":[{"href":"https:\/\/www.camaeleon.org\/en\/wp-json\/wp\/v2\/posts"}],"about":[{"href":"https:\/\/www.camaeleon.org\/en\/wp-json\/wp\/v2\/types\/post"}],"author":[{"embeddable":true,"href":"https:\/\/www.camaeleon.org\/en\/wp-json\/wp\/v2\/users\/146"}],"replies":[{"embeddable":true,"href":"https:\/\/www.camaeleon.org\/en\/wp-json\/wp\/v2\/comments?post=28941"}],"version-history":[{"count":4,"href":"https:\/\/www.camaeleon.org\/en\/wp-json\/wp\/v2\/posts\/28941\/revisions"}],"predecessor-version":[{"id":30763,"href":"https:\/\/www.camaeleon.org\/en\/wp-json\/wp\/v2\/posts\/28941\/revisions\/30763"}],"wp:featuredmedia":[{"embeddable":true,"href":"https:\/\/www.camaeleon.org\/en\/wp-json\/wp\/v2\/media\/28952"}],"wp:attachment":[{"href":"https:\/\/www.camaeleon.org\/en\/wp-json\/wp\/v2\/media?parent=28941"}],"wp:term":[{"taxonomy":"category","embeddable":true,"href":"https:\/\/www.camaeleon.org\/en\/wp-json\/wp\/v2\/categories?post=28941"},{"taxonomy":"post_tag","embeddable":true,"href":"https:\/\/www.camaeleon.org\/en\/wp-json\/wp\/v2\/tags?post=28941"},{"taxonomy":"author","embeddable":true,"href":"https:\/\/www.camaeleon.org\/en\/wp-json\/wp\/v2\/coauthors?post=28941"}],"curies":[{"name":"wp","href":"https:\/\/api.w.org\/{rel}","templated":true}]}}