{"id":28770,"date":"2023-04-28T21:08:41","date_gmt":"2023-04-28T19:08:41","guid":{"rendered":"https:\/\/www.camaeleon.org\/?p=28770"},"modified":"2023-05-23T22:53:56","modified_gmt":"2023-05-23T20:53:56","slug":"les-60-ans-de-lufs-entretien-avec-janine-loock","status":"publish","type":"post","link":"https:\/\/www.camaeleon.org\/en\/2023\/04\/28\/les-60-ans-de-lufs-entretien-avec-janine-loock\/","title":{"rendered":"Les 60 ans de l\u2019UFS : entretien avec Janine Loock"},"content":{"rendered":"<p>Cette ann\u00e9e, nous c\u00e9l\u00e9brons les 60 ans du Trait\u00e9 de l\u2019Elys\u00e9e. Cet \u00e9v\u00e9nement est particuli\u00e8rement signifiant pour nous, les frontaliers. A cette occasion, l\u2019organisation UFS, Union des Fran\u00e7ais en Sarre, a fait plusieurs \u00e9v\u00e9nements ouverts au public. Nous avons donc pos\u00e9 quelques questions \u00e0 Janine Loock, pr\u00e9sidente de L\u2019UFS.<\/p>\n<div class=\"lyte-wrapper\" style=\"width:1280px;max-width:100%;margin:5px auto;\"><div class=\"lyMe hidef\" id=\"WYL_Sk_DqeCjgz8\"><div id=\"lyte_Sk_DqeCjgz8\" data-src=\"https:\/\/www.camaeleon.org\/wp-content\/plugins\/wp-youtube-lyte\/lyteCache.php?origThumbUrl=%2F%2Fi.ytimg.com%2Fvi%2FSk_DqeCjgz8%2Fhqdefault.jpg\" class=\"pL\"><div class=\"tC\"><div class=\"tT\"><\/div><\/div><div class=\"play\"><\/div><div class=\"ctrl\"><div class=\"Lctrl\"><\/div><div class=\"Rctrl\"><\/div><\/div><\/div><noscript><a href=\"https:\/\/youtu.be\/Sk_DqeCjgz8\" rel=\"nofollow\"><img loading=\"lazy\" decoding=\"async\" src=\"https:\/\/www.camaeleon.org\/wp-content\/plugins\/wp-youtube-lyte\/lyteCache.php?origThumbUrl=https%3A%2F%2Fi.ytimg.com%2Fvi%2FSk_DqeCjgz8%2F0.jpg\" alt=\"YouTube video thumbnail\" width=\"1280\" height=\"700\" \/><br \/>Watch this video on YouTube<\/a><\/noscript><\/div><\/div><div class=\"lL\" style=\"max-width:100%;width:1280px;margin:5px auto;\"><br\/><span class=\"lyte_disclaimer\">By clicking on the video, you establish a connection to Youtube servers. More information in the <a href=\"https:\/\/www.camaeleon.org\/en\/mentions-legales\/declaration-de-protection-des-donnees\/\">privacy statement<\/a>.<\/span><\/div><\/p>\n<p><br \/>\n<br \/>\n<\/p>\n","protected":false},"excerpt":{"rendered":"<p>Cette ann\u00e9e, nous c\u00e9l\u00e9brons les 60 ans du Trait\u00e9 de l\u2019Elys\u00e9e. Cet \u00e9v\u00e9nement est particuli\u00e8rement signifiant pour nous, les frontaliers. A cette occasion, l\u2019organisation UFS,<\/p>\n","protected":false},"author":146,"featured_media":28773,"comment_status":"open","ping_status":"closed","sticky":false,"template":"","format":"standard","meta":{"colormag_page_container_layout":"default_layout","colormag_page_sidebar_layout":"default_layout","footnotes":""},"categories":[8,908],"tags":[1534,2220,2218,1531,2217,2216,2219],"coauthors":[1209,1788,1208],"class_list":["post-28770","post","type-post","status-publish","format-standard","has-post-thumbnail","hentry","category-culture","category-camaeleon-video","tag-elysee-vertrag","tag-frontaliers","tag-janine-loock","tag-traite-de-lelysee","tag-transfrontaliers","tag-ufs","tag-union-des-francais-en-sarre"],"yoast_head":"<!-- This site is optimized with the Yoast SEO plugin v27.5 - https:\/\/yoast.com\/product\/yoast-seo-wordpress\/ -->\n<title>Les 60 ans de l\u2019UFS : entretien avec Janine Loock - Cam\u00e4l\u00e9on<\/title>\n<meta name=\"description\" content=\"Cette ann\u00e9e, nous c\u00e9l\u00e9brons les 60 ans du Trait\u00e9 de l\u2019Elys\u00e9e. Quelques questions \u00e0 Janine Loock, pr\u00e9sidente de l&#039;Union des Fran\u00e7ais en Sarre.\" \/>\n<meta name=\"robots\" content=\"index, follow, max-snippet:-1, max-image-preview:large, max-video-preview:-1\" \/>\n<link rel=\"canonical\" href=\"https:\/\/www.camaeleon.org\/en\/2023\/04\/28\/les-60-ans-de-lufs-entretien-avec-janine-loock\/\" \/>\n<meta property=\"og:locale\" content=\"en_US\" \/>\n<meta property=\"og:type\" content=\"article\" \/>\n<meta property=\"og:title\" content=\"Les 60 ans de l\u2019UFS : entretien avec Janine Loock - Cam\u00e4l\u00e9on\" \/>\n<meta property=\"og:description\" content=\"Cette ann\u00e9e, nous c\u00e9l\u00e9brons les 60 ans du Trait\u00e9 de l\u2019Elys\u00e9e. Quelques questions \u00e0 Janine Loock, pr\u00e9sidente de l&#039;Union des Fran\u00e7ais en Sarre.\" \/>\n<meta property=\"og:url\" content=\"https:\/\/www.camaeleon.org\/en\/2023\/04\/28\/les-60-ans-de-lufs-entretien-avec-janine-loock\/\" \/>\n<meta property=\"og:site_name\" content=\"Cam\u00e4l\u00e9on\" \/>\n<meta property=\"article:publisher\" content=\"https:\/\/www.facebook.com\/camaeleon.org\/\" \/>\n<meta property=\"article:published_time\" content=\"2023-04-28T19:08:41+00:00\" \/>\n<meta property=\"article:modified_time\" content=\"2023-05-23T20:53:56+00:00\" \/>\n<meta property=\"og:image\" content=\"https:\/\/www.camaeleon.org\/wp-content\/uploads\/2023\/04\/PHOTO-2023-04-28-18-30-37.jpg\" \/>\n\t<meta property=\"og:image:width\" content=\"1440\" \/>\n\t<meta property=\"og:image:height\" content=\"809\" \/>\n\t<meta property=\"og:image:type\" content=\"image\/jpeg\" \/>\n<meta name=\"author\" content=\"Anouk Viero, Lili Carteron, Julian Bidot\" \/>\n<meta name=\"twitter:card\" content=\"summary_large_image\" \/>\n<meta name=\"twitter:creator\" content=\"@camaeleonOrg\" \/>\n<meta name=\"twitter:site\" content=\"@camaeleonOrg\" \/>\n<script type=\"application\/ld+json\" class=\"yoast-schema-graph\">{\"@context\":\"https:\\\/\\\/schema.org\",\"@graph\":[{\"@type\":\"Article\",\"@id\":\"https:\\\/\\\/www.camaeleon.org\\\/2023\\\/04\\\/28\\\/les-60-ans-de-lufs-entretien-avec-janine-loock\\\/#article\",\"isPartOf\":{\"@id\":\"https:\\\/\\\/www.camaeleon.org\\\/2023\\\/04\\\/28\\\/les-60-ans-de-lufs-entretien-avec-janine-loock\\\/\"},\"author\":{\"name\":\"Anouk Viero\",\"@id\":\"https:\\\/\\\/www.camaeleon.org\\\/de\\\/#\\\/schema\\\/person\\\/34dd43503993f08eb39382df2c5b79b5\"},\"headline\":\"Les 60 ans de l\u2019UFS : entretien avec Janine Loock\",\"datePublished\":\"2023-04-28T19:08:41+00:00\",\"dateModified\":\"2023-05-23T20:53:56+00:00\",\"mainEntityOfPage\":{\"@id\":\"https:\\\/\\\/www.camaeleon.org\\\/2023\\\/04\\\/28\\\/les-60-ans-de-lufs-entretien-avec-janine-loock\\\/\"},\"wordCount\":88,\"commentCount\":0,\"publisher\":{\"@id\":\"https:\\\/\\\/www.camaeleon.org\\\/de\\\/#organization\"},\"image\":{\"@id\":\"https:\\\/\\\/www.camaeleon.org\\\/2023\\\/04\\\/28\\\/les-60-ans-de-lufs-entretien-avec-janine-loock\\\/#primaryimage\"},\"thumbnailUrl\":\"https:\\\/\\\/www.camaeleon.org\\\/wp-content\\\/uploads\\\/2023\\\/04\\\/PHOTO-2023-04-28-18-30-37.jpg\",\"keywords\":[\"Elysee Vertrag\",\"frontaliers\",\"Janine Loock\",\"Trait\u00e9 de l'Elys\u00e9e\",\"Transfrontaliers\",\"UFS\",\"Union des Fran\u00e7ais en Sarre\"],\"articleSection\":[\"Culture\",\"Video\"],\"inLanguage\":\"en-US\",\"potentialAction\":[{\"@type\":\"CommentAction\",\"name\":\"Comment\",\"target\":[\"https:\\\/\\\/www.camaeleon.org\\\/2023\\\/04\\\/28\\\/les-60-ans-de-lufs-entretien-avec-janine-loock\\\/#respond\"]}]},{\"@type\":\"WebPage\",\"@id\":\"https:\\\/\\\/www.camaeleon.org\\\/en\\\/2023\\\/04\\\/28\\\/les-60-ans-de-lufs-entretien-avec-janine-loock\\\/\",\"url\":\"https:\\\/\\\/www.camaeleon.org\\\/en\\\/2023\\\/04\\\/28\\\/les-60-ans-de-lufs-entretien-avec-janine-loock\\\/\",\"name\":\"Les 60 ans de l\u2019UFS : entretien avec Janine Loock - Cam\u00e4l\u00e9on\",\"isPartOf\":{\"@id\":\"https:\\\/\\\/www.camaeleon.org\\\/en\\\/#website\"},\"primaryImageOfPage\":{\"@id\":\"https:\\\/\\\/www.camaeleon.org\\\/en\\\/2023\\\/04\\\/28\\\/les-60-ans-de-lufs-entretien-avec-janine-loock\\\/#primaryimage\"},\"image\":{\"@id\":\"https:\\\/\\\/www.camaeleon.org\\\/2023\\\/04\\\/28\\\/les-60-ans-de-lufs-entretien-avec-janine-loock\\\/#primaryimage\"},\"thumbnailUrl\":\"https:\\\/\\\/www.camaeleon.org\\\/wp-content\\\/uploads\\\/2023\\\/04\\\/PHOTO-2023-04-28-18-30-37.jpg\",\"datePublished\":\"2023-04-28T19:08:41+00:00\",\"dateModified\":\"2023-05-23T20:53:56+00:00\",\"description\":\"Cette ann\u00e9e, nous c\u00e9l\u00e9brons les 60 ans du Trait\u00e9 de l\u2019Elys\u00e9e. Quelques questions \u00e0 Janine Loock, pr\u00e9sidente de l'Union des Fran\u00e7ais en Sarre.\",\"breadcrumb\":{\"@id\":\"https:\\\/\\\/www.camaeleon.org\\\/en\\\/2023\\\/04\\\/28\\\/les-60-ans-de-lufs-entretien-avec-janine-loock\\\/#breadcrumb\"},\"inLanguage\":\"en-US\",\"potentialAction\":[{\"@type\":\"ReadAction\",\"target\":[[\"https:\\\/\\\/www.camaeleon.org\\\/en\\\/2023\\\/04\\\/28\\\/les-60-ans-de-lufs-entretien-avec-janine-loock\\\/\"]]}]},{\"@type\":\"ImageObject\",\"inLanguage\":\"en-US\",\"@id\":\"https:\\\/\\\/www.camaeleon.org\\\/en\\\/2023\\\/04\\\/28\\\/les-60-ans-de-lufs-entretien-avec-janine-loock\\\/#primaryimage\",\"url\":\"https:\\\/\\\/www.camaeleon.org\\\/wp-content\\\/uploads\\\/2023\\\/04\\\/PHOTO-2023-04-28-18-30-37.jpg\",\"contentUrl\":\"https:\\\/\\\/www.camaeleon.org\\\/wp-content\\\/uploads\\\/2023\\\/04\\\/PHOTO-2023-04-28-18-30-37.jpg\",\"width\":1440,\"height\":809},{\"@type\":\"BreadcrumbList\",\"@id\":\"https:\\\/\\\/www.camaeleon.org\\\/en\\\/2023\\\/04\\\/28\\\/les-60-ans-de-lufs-entretien-avec-janine-loock\\\/#breadcrumb\",\"itemListElement\":[{\"@type\":\"ListItem\",\"position\":1,\"name\":\"Home\",\"item\":\"https:\\\/\\\/www.camaeleon.org\\\/en\\\/\"},{\"@type\":\"ListItem\",\"position\":2,\"name\":\"Les 60 ans de l\u2019UFS : entretien avec Janine Loock\"}]},{\"@type\":\"WebSite\",\"@id\":\"https:\\\/\\\/www.camaeleon.org\\\/en\\\/#website\",\"url\":\"https:\\\/\\\/www.camaeleon.org\\\/en\\\/\",\"name\":\"Cam\u00e4l\u00e9on\",\"description\":\"The online student magazine by Deutsch-Franz\u00f6sisches Gymnasium Saarbr\u00fccken\",\"publisher\":{\"@id\":\"https:\\\/\\\/www.camaeleon.org\\\/en\\\/#organization\"},\"potentialAction\":[{\"@type\":\"SearchAction\",\"target\":{\"@type\":\"EntryPoint\",\"urlTemplate\":\"https:\\\/\\\/www.camaeleon.org\\\/en\\\/?s={search_term_string}\"},\"query-input\":{\"@type\":\"PropertyValueSpecification\",\"valueRequired\":true,\"valueName\":\"search_term_string\"}}],\"inLanguage\":\"en-US\"},{\"@type\":\"Organization\",\"@id\":\"https:\\\/\\\/www.camaeleon.org\\\/en\\\/#organization\",\"name\":\"Cam\u00e4l\u00e9on\",\"url\":\"https:\\\/\\\/www.camaeleon.org\\\/en\\\/\",\"logo\":{\"@type\":\"ImageObject\",\"inLanguage\":\"en-US\",\"@id\":\"https:\\\/\\\/www.camaeleon.org\\\/en\\\/#\\\/schema\\\/logo\\\/image\\\/\",\"url\":\"https:\\\/\\\/www.camaeleon.org\\\/wp-content\\\/uploads\\\/2011\\\/11\\\/CAM\u00c4LEON.jpg\",\"contentUrl\":\"https:\\\/\\\/www.camaeleon.org\\\/wp-content\\\/uploads\\\/2011\\\/11\\\/CAM\u00c4LEON.jpg\",\"width\":959,\"height\":959,\"caption\":\"Cam\u00e4l\u00e9on\"},\"image\":{\"@id\":\"https:\\\/\\\/www.camaeleon.org\\\/en\\\/#\\\/schema\\\/logo\\\/image\\\/\"},\"sameAs\":[\"https:\\\/\\\/www.facebook.com\\\/camaeleon.org\\\/\",\"https:\\\/\\\/x.com\\\/camaeleonOrg\",\"https:\\\/\\\/www.instagram.com\\\/camaeleon.dfg\\\/\",\"https:\\\/\\\/www.youtube.com\\\/channel\\\/UCl3TAUDdGuu_c7CD6ax6hYg\"]},{\"@type\":\"Person\",\"@id\":\"https:\\\/\\\/www.camaeleon.org\\\/de\\\/#\\\/schema\\\/person\\\/34dd43503993f08eb39382df2c5b79b5\",\"name\":\"Anouk Viero\",\"image\":{\"@type\":\"ImageObject\",\"inLanguage\":\"en-US\",\"@id\":\"https:\\\/\\\/www.camaeleon.org\\\/en\\\/wp-content\\\/uploads\\\/2023\\\/09\\\/0019AA6C-0ACA-452F-B897-A6B732B81B93-150x150.jpegeca926063efc1e3c52e5e4881ccb2d47\",\"url\":\"https:\\\/\\\/www.camaeleon.org\\\/wp-content\\\/uploads\\\/2023\\\/09\\\/0019AA6C-0ACA-452F-B897-A6B732B81B93-150x150.jpeg\",\"contentUrl\":\"https:\\\/\\\/www.camaeleon.org\\\/wp-content\\\/uploads\\\/2023\\\/09\\\/0019AA6C-0ACA-452F-B897-A6B732B81B93-150x150.jpeg\",\"caption\":\"Anouk Viero\"},\"description\":\"Salut, je m'appelle Anouk :) Voici quelques infos sur moi : - \u00e0 Cam\u00e4l\u00e9on depuis 2020 - 15 ans - en 1L J'aime bien \u00e9crire des articles \u00e0 propos de la culture, la politique, l'alimentation et, pendant mon temps libre, je fais de la danse modern' jazz et je joue de la guitare.\",\"url\":\"https:\\\/\\\/www.camaeleon.org\\\/en\\\/author\\\/anouk-viero\\\/\"}]}<\/script>\n<!-- \/ Yoast SEO plugin. -->","yoast_head_json":{"title":"Les 60 ans de l\u2019UFS : entretien avec Janine Loock - Cam\u00e4l\u00e9on","description":"Cette ann\u00e9e, nous c\u00e9l\u00e9brons les 60 ans du Trait\u00e9 de l\u2019Elys\u00e9e. Quelques questions \u00e0 Janine Loock, pr\u00e9sidente de l'Union des Fran\u00e7ais en Sarre.","robots":{"index":"index","follow":"follow","max-snippet":"max-snippet:-1","max-image-preview":"max-image-preview:large","max-video-preview":"max-video-preview:-1"},"canonical":"https:\/\/www.camaeleon.org\/en\/2023\/04\/28\/les-60-ans-de-lufs-entretien-avec-janine-loock\/","og_locale":"en_US","og_type":"article","og_title":"Les 60 ans de l\u2019UFS : entretien avec Janine Loock - Cam\u00e4l\u00e9on","og_description":"Cette ann\u00e9e, nous c\u00e9l\u00e9brons les 60 ans du Trait\u00e9 de l\u2019Elys\u00e9e. Quelques questions \u00e0 Janine Loock, pr\u00e9sidente de l'Union des Fran\u00e7ais en Sarre.","og_url":"https:\/\/www.camaeleon.org\/en\/2023\/04\/28\/les-60-ans-de-lufs-entretien-avec-janine-loock\/","og_site_name":"Cam\u00e4l\u00e9on","article_publisher":"https:\/\/www.facebook.com\/camaeleon.org\/","article_published_time":"2023-04-28T19:08:41+00:00","article_modified_time":"2023-05-23T20:53:56+00:00","og_image":[{"width":1440,"height":809,"url":"https:\/\/www.camaeleon.org\/wp-content\/uploads\/2023\/04\/PHOTO-2023-04-28-18-30-37.jpg","type":"image\/jpeg"}],"author":"Anouk Viero, Lili Carteron, Julian Bidot","twitter_card":"summary_large_image","twitter_creator":"@camaeleonOrg","twitter_site":"@camaeleonOrg","schema":{"@context":"https:\/\/schema.org","@graph":[{"@type":"Article","@id":"https:\/\/www.camaeleon.org\/2023\/04\/28\/les-60-ans-de-lufs-entretien-avec-janine-loock\/#article","isPartOf":{"@id":"https:\/\/www.camaeleon.org\/2023\/04\/28\/les-60-ans-de-lufs-entretien-avec-janine-loock\/"},"author":{"name":"Anouk Viero","@id":"https:\/\/www.camaeleon.org\/de\/#\/schema\/person\/34dd43503993f08eb39382df2c5b79b5"},"headline":"Les 60 ans de l\u2019UFS : entretien avec Janine Loock","datePublished":"2023-04-28T19:08:41+00:00","dateModified":"2023-05-23T20:53:56+00:00","mainEntityOfPage":{"@id":"https:\/\/www.camaeleon.org\/2023\/04\/28\/les-60-ans-de-lufs-entretien-avec-janine-loock\/"},"wordCount":88,"commentCount":0,"publisher":{"@id":"https:\/\/www.camaeleon.org\/de\/#organization"},"image":{"@id":"https:\/\/www.camaeleon.org\/2023\/04\/28\/les-60-ans-de-lufs-entretien-avec-janine-loock\/#primaryimage"},"thumbnailUrl":"https:\/\/www.camaeleon.org\/wp-content\/uploads\/2023\/04\/PHOTO-2023-04-28-18-30-37.jpg","keywords":["Elysee Vertrag","frontaliers","Janine Loock","Trait\u00e9 de l'Elys\u00e9e","Transfrontaliers","UFS","Union des Fran\u00e7ais en Sarre"],"articleSection":["Culture","Video"],"inLanguage":"en-US","potentialAction":[{"@type":"CommentAction","name":"Comment","target":["https:\/\/www.camaeleon.org\/2023\/04\/28\/les-60-ans-de-lufs-entretien-avec-janine-loock\/#respond"]}]},{"@type":"WebPage","@id":"https:\/\/www.camaeleon.org\/en\/2023\/04\/28\/les-60-ans-de-lufs-entretien-avec-janine-loock\/","url":"https:\/\/www.camaeleon.org\/en\/2023\/04\/28\/les-60-ans-de-lufs-entretien-avec-janine-loock\/","name":"Les 60 ans de l\u2019UFS : entretien avec Janine Loock - Cam\u00e4l\u00e9on","isPartOf":{"@id":"https:\/\/www.camaeleon.org\/en\/#website"},"primaryImageOfPage":{"@id":"https:\/\/www.camaeleon.org\/en\/2023\/04\/28\/les-60-ans-de-lufs-entretien-avec-janine-loock\/#primaryimage"},"image":{"@id":"https:\/\/www.camaeleon.org\/2023\/04\/28\/les-60-ans-de-lufs-entretien-avec-janine-loock\/#primaryimage"},"thumbnailUrl":"https:\/\/www.camaeleon.org\/wp-content\/uploads\/2023\/04\/PHOTO-2023-04-28-18-30-37.jpg","datePublished":"2023-04-28T19:08:41+00:00","dateModified":"2023-05-23T20:53:56+00:00","description":"Cette ann\u00e9e, nous c\u00e9l\u00e9brons les 60 ans du Trait\u00e9 de l\u2019Elys\u00e9e. Quelques questions \u00e0 Janine Loock, pr\u00e9sidente de l'Union des Fran\u00e7ais en Sarre.","breadcrumb":{"@id":"https:\/\/www.camaeleon.org\/en\/2023\/04\/28\/les-60-ans-de-lufs-entretien-avec-janine-loock\/#breadcrumb"},"inLanguage":"en-US","potentialAction":[{"@type":"ReadAction","target":[["https:\/\/www.camaeleon.org\/en\/2023\/04\/28\/les-60-ans-de-lufs-entretien-avec-janine-loock\/"]]}]},{"@type":"ImageObject","inLanguage":"en-US","@id":"https:\/\/www.camaeleon.org\/en\/2023\/04\/28\/les-60-ans-de-lufs-entretien-avec-janine-loock\/#primaryimage","url":"https:\/\/www.camaeleon.org\/wp-content\/uploads\/2023\/04\/PHOTO-2023-04-28-18-30-37.jpg","contentUrl":"https:\/\/www.camaeleon.org\/wp-content\/uploads\/2023\/04\/PHOTO-2023-04-28-18-30-37.jpg","width":1440,"height":809},{"@type":"BreadcrumbList","@id":"https:\/\/www.camaeleon.org\/en\/2023\/04\/28\/les-60-ans-de-lufs-entretien-avec-janine-loock\/#breadcrumb","itemListElement":[{"@type":"ListItem","position":1,"name":"Home","item":"https:\/\/www.camaeleon.org\/en\/"},{"@type":"ListItem","position":2,"name":"Les 60 ans de l\u2019UFS : entretien avec Janine Loock"}]},{"@type":"WebSite","@id":"https:\/\/www.camaeleon.org\/en\/#website","url":"https:\/\/www.camaeleon.org\/en\/","name":"Cam\u00e4l\u00e9on","description":"The online student magazine by Deutsch-Franz\u00f6sisches Gymnasium Saarbr\u00fccken","publisher":{"@id":"https:\/\/www.camaeleon.org\/en\/#organization"},"potentialAction":[{"@type":"SearchAction","target":{"@type":"EntryPoint","urlTemplate":"https:\/\/www.camaeleon.org\/en\/?s={search_term_string}"},"query-input":{"@type":"PropertyValueSpecification","valueRequired":true,"valueName":"search_term_string"}}],"inLanguage":"en-US"},{"@type":"Organization","@id":"https:\/\/www.camaeleon.org\/en\/#organization","name":"Cam\u00e4l\u00e9on","url":"https:\/\/www.camaeleon.org\/en\/","logo":{"@type":"ImageObject","inLanguage":"en-US","@id":"https:\/\/www.camaeleon.org\/en\/#\/schema\/logo\/image\/","url":"https:\/\/www.camaeleon.org\/wp-content\/uploads\/2011\/11\/CAM\u00c4LEON.jpg","contentUrl":"https:\/\/www.camaeleon.org\/wp-content\/uploads\/2011\/11\/CAM\u00c4LEON.jpg","width":959,"height":959,"caption":"Cam\u00e4l\u00e9on"},"image":{"@id":"https:\/\/www.camaeleon.org\/en\/#\/schema\/logo\/image\/"},"sameAs":["https:\/\/www.facebook.com\/camaeleon.org\/","https:\/\/x.com\/camaeleonOrg","https:\/\/www.instagram.com\/camaeleon.dfg\/","https:\/\/www.youtube.com\/channel\/UCl3TAUDdGuu_c7CD6ax6hYg"]},{"@type":"Person","@id":"https:\/\/www.camaeleon.org\/de\/#\/schema\/person\/34dd43503993f08eb39382df2c5b79b5","name":"Anouk Viero","image":{"@type":"ImageObject","inLanguage":"en-US","@id":"https:\/\/www.camaeleon.org\/en\/wp-content\/uploads\/2023\/09\/0019AA6C-0ACA-452F-B897-A6B732B81B93-150x150.jpegeca926063efc1e3c52e5e4881ccb2d47","url":"https:\/\/www.camaeleon.org\/wp-content\/uploads\/2023\/09\/0019AA6C-0ACA-452F-B897-A6B732B81B93-150x150.jpeg","contentUrl":"https:\/\/www.camaeleon.org\/wp-content\/uploads\/2023\/09\/0019AA6C-0ACA-452F-B897-A6B732B81B93-150x150.jpeg","caption":"Anouk Viero"},"description":"Salut, je m'appelle Anouk :) Voici quelques infos sur moi : - \u00e0 Cam\u00e4l\u00e9on depuis 2020 - 15 ans - en 1L J'aime bien \u00e9crire des articles \u00e0 propos de la culture, la politique, l'alimentation et, pendant mon temps libre, je fais de la danse modern' jazz et je joue de la guitare.","url":"https:\/\/www.camaeleon.org\/en\/author\/anouk-viero\/"}]}},"_links":{"self":[{"href":"https:\/\/www.camaeleon.org\/en\/wp-json\/wp\/v2\/posts\/28770","targetHints":{"allow":["GET"]}}],"collection":[{"href":"https:\/\/www.camaeleon.org\/en\/wp-json\/wp\/v2\/posts"}],"about":[{"href":"https:\/\/www.camaeleon.org\/en\/wp-json\/wp\/v2\/types\/post"}],"author":[{"embeddable":true,"href":"https:\/\/www.camaeleon.org\/en\/wp-json\/wp\/v2\/users\/146"}],"replies":[{"embeddable":true,"href":"https:\/\/www.camaeleon.org\/en\/wp-json\/wp\/v2\/comments?post=28770"}],"version-history":[{"count":6,"href":"https:\/\/www.camaeleon.org\/en\/wp-json\/wp\/v2\/posts\/28770\/revisions"}],"predecessor-version":[{"id":28883,"href":"https:\/\/www.camaeleon.org\/en\/wp-json\/wp\/v2\/posts\/28770\/revisions\/28883"}],"wp:featuredmedia":[{"embeddable":true,"href":"https:\/\/www.camaeleon.org\/en\/wp-json\/wp\/v2\/media\/28773"}],"wp:attachment":[{"href":"https:\/\/www.camaeleon.org\/en\/wp-json\/wp\/v2\/media?parent=28770"}],"wp:term":[{"taxonomy":"category","embeddable":true,"href":"https:\/\/www.camaeleon.org\/en\/wp-json\/wp\/v2\/categories?post=28770"},{"taxonomy":"post_tag","embeddable":true,"href":"https:\/\/www.camaeleon.org\/en\/wp-json\/wp\/v2\/tags?post=28770"},{"taxonomy":"author","embeddable":true,"href":"https:\/\/www.camaeleon.org\/en\/wp-json\/wp\/v2\/coauthors?post=28770"}],"curies":[{"name":"wp","href":"https:\/\/api.w.org\/{rel}","templated":true}]}}