{"id":2869,"date":"2012-05-03T14:08:48","date_gmt":"2012-05-03T12:08:48","guid":{"rendered":"http:\/\/www.camaeleon.org\/?p=2869"},"modified":"2023-10-19T20:42:49","modified_gmt":"2023-10-19T18:42:49","slug":"il-faut-briser-le-silence","status":"publish","type":"post","link":"https:\/\/www.camaeleon.org\/en\/2012\/05\/03\/il-faut-briser-le-silence\/","title":{"rendered":"Il faut briser le silence"},"content":{"rendered":"<figure id=\"attachment_15287\" aria-describedby=\"caption-attachment-15287\" style=\"width: 300px\" class=\"wp-caption alignleft\"><a href=\"https:\/\/www.camaeleon.org\/wp-content\/uploads\/2012\/05\/desperate-2040598_1280.jpg\"><img loading=\"lazy\" decoding=\"async\" class=\"size-medium wp-image-15287\" src=\"https:\/\/www.camaeleon.org\/wp-content\/uploads\/2012\/05\/desperate-2040598_1280-300x246.jpg\" alt=\"Harc\u00e8lement\" width=\"300\" height=\"246\" srcset=\"https:\/\/www.camaeleon.org\/wp-content\/uploads\/2012\/05\/desperate-2040598_1280-300x246.jpg 300w, https:\/\/www.camaeleon.org\/wp-content\/uploads\/2012\/05\/desperate-2040598_1280-732x600.jpg 732w, https:\/\/www.camaeleon.org\/wp-content\/uploads\/2012\/05\/desperate-2040598_1280.jpg 1000w\" sizes=\"auto, (max-width: 300px) 100vw, 300px\" \/><\/a><figcaption id=\"caption-attachment-15287\" class=\"wp-caption-text\">Photo : Anemone123 \/ pixabay.com<\/figcaption><\/figure>\n<p>Ces derniers temps, on a beaucoup entendu parler dans les m\u00e9dias du harc\u00e8lement scolaire. A tel point que le Minist\u00e8re de l&#8217;Education Nationale fran\u00e7ais en a fait l&#8217;objet d&#8217;une grande campagne. Personnellement, j&#8217;ai une amie de nature tr\u00e8s timide qui a \u00e9t\u00e9 victime de moqueries dans l&#8217;\u00e9cole. L&#8217;effet de groupe des harceleurs l&#8217;a beaucoup affect\u00e9e.<\/p>\n<p>Ce ph\u00e9nom\u00e8ne peut avoir des cons\u00e9quences tr\u00e8s graves: Selon Wikip\u00e9dia, 61%des victimes du harc\u00e8lement auraient des id\u00e9es suicidaires. Ceci est vraiment tr\u00e8s choquant. Le probl\u00e8me c&#8217;est que les victimes n&#8217;arrivent pas \u00e0 en parler ou ne se font malheureusement pas \u00e9couter.<\/p>\n<p>Les proches peuvent aider\u00a0les personnes touch\u00e9es qu&#8217;il s&#8217;agisse des amis, de la famille\u00a0 ou d&#8217;un autre adulte.<\/p>\n<p>Au lyc\u00e9e, il existe des personnes capables d&#8217;aider comme les professeurs, l&#8217;administration du lyc\u00e9e ou aussi, en France, la vie scolaire (conseillers d&#8217;\u00e9ducation et surveillants).<\/p>\n<p>Dans notre \u00e9tablissement,\u00a0il y a des &#8220;Vertrauenslehrer&#8221; et des m\u00e9diateurs qui peuvent \u00e9couter les victimes de harc\u00e8lement.<\/p>\n<p>Il y a aussi des num\u00e9ros d&#8217;\u00e9coute gratuit comme par exemple le 0808 80 70 10 (site internet: <a href=\"https:\/\/www.stopharcelement.eu\">https:\/\/www.stopharcelement.eu<\/a>) en France et le 0800 1110333 (site internet: <a href=\"https:\/\/www.nummergegenkummer.de\">https:\/\/www.nummergegenkummer.de<\/a>\u00a0) les lundi et samedi de 14.00 \u00e0 20.00 en Allemagne.<\/p>\n<p>Rien que le fait de pouvoir s&#8217;exprimer \u00e0 une personne de confiance et de se sentir compris peut aider : quand on est \u00e0 deux,\u00a0on se sent plus forts. C&#8217;est ce qu&#8217;a compris mon amie en me parlant. Je l&#8217;ai soutenue et l&#8217;ai aid\u00e9e\u00a0\u00e0 ne pas se focaliser sur les moqueries de personnes inint\u00e9ressantes.<\/p>\n<p>Finalement, on peut toujours s&#8217;en sortir et ne pas oublier que les gens se moquent simplement de choses qu&#8217;ils ne comprennent pas. Alors, ne restez pas dans votre coin si vous \u00eates harcel\u00e9s: trouvez un interlocuteur!<\/p>\n","protected":false},"excerpt":{"rendered":"<p>Ces derniers temps, on a beaucoup entendu parler dans les m\u00e9dias du harc\u00e8lement scolaire. A tel point que le Minist\u00e8re de l&#8217;Education Nationale fran\u00e7ais en<\/p>\n","protected":false},"author":8,"featured_media":15287,"comment_status":"open","ping_status":"open","sticky":false,"template":"","format":"standard","meta":{"colormag_page_container_layout":"default_layout","colormag_page_sidebar_layout":"default_layout","footnotes":""},"categories":[3,6],"tags":[1275,237,417,221],"coauthors":[762],"class_list":["post-2869","post","type-post","status-publish","format-standard","has-post-thumbnail","hentry","category-ecole","category-vie","tag-harcelement","tag-mediatoren","tag-mobbing","tag-stress"],"yoast_head":"<!-- This site is optimized with the Yoast SEO plugin v27.5 - https:\/\/yoast.com\/product\/yoast-seo-wordpress\/ -->\n<title>Il faut briser le silence - Cam\u00e4l\u00e9on<\/title>\n<meta name=\"description\" content=\"Ces derniers temps, on a beaucoup entendu parler du harc\u00e8lement scolaire \u00e0 tel point que le Minist\u00e8re de l&#039;Education Nationale en a fait l&#039;objet d&#039;une campagne.\" \/>\n<meta name=\"robots\" content=\"index, follow, max-snippet:-1, max-image-preview:large, max-video-preview:-1\" \/>\n<link rel=\"canonical\" href=\"https:\/\/www.camaeleon.org\/en\/2012\/05\/03\/il-faut-briser-le-silence\/\" \/>\n<meta property=\"og:locale\" content=\"en_US\" \/>\n<meta property=\"og:type\" content=\"article\" \/>\n<meta property=\"og:title\" content=\"Il faut briser le silence - Cam\u00e4l\u00e9on\" \/>\n<meta property=\"og:description\" content=\"Ces derniers temps, on a beaucoup entendu parler du harc\u00e8lement scolaire \u00e0 tel point que le Minist\u00e8re de l&#039;Education Nationale en a fait l&#039;objet d&#039;une campagne.\" \/>\n<meta property=\"og:url\" content=\"https:\/\/www.camaeleon.org\/en\/2012\/05\/03\/il-faut-briser-le-silence\/\" \/>\n<meta property=\"og:site_name\" content=\"Cam\u00e4l\u00e9on\" \/>\n<meta property=\"article:publisher\" content=\"https:\/\/www.facebook.com\/camaeleon.org\/\" \/>\n<meta property=\"article:published_time\" content=\"2012-05-03T12:08:48+00:00\" \/>\n<meta property=\"article:modified_time\" content=\"2023-10-19T18:42:49+00:00\" \/>\n<meta property=\"og:image\" content=\"https:\/\/www.camaeleon.org\/wp-content\/uploads\/2012\/05\/desperate-2040598_1280.jpg\" \/>\n\t<meta property=\"og:image:width\" content=\"1000\" \/>\n\t<meta property=\"og:image:height\" content=\"820\" \/>\n\t<meta property=\"og:image:type\" content=\"image\/jpeg\" \/>\n<meta name=\"author\" content=\"C\u00e9line\" \/>\n<meta name=\"twitter:card\" content=\"summary_large_image\" \/>\n<meta name=\"twitter:creator\" content=\"@camaeleonOrg\" \/>\n<meta name=\"twitter:site\" content=\"@camaeleonOrg\" \/>\n<script type=\"application\/ld+json\" class=\"yoast-schema-graph\">{\"@context\":\"https:\\\/\\\/schema.org\",\"@graph\":[{\"@type\":\"Article\",\"@id\":\"https:\\\/\\\/www.camaeleon.org\\\/2012\\\/05\\\/03\\\/il-faut-briser-le-silence\\\/#article\",\"isPartOf\":{\"@id\":\"https:\\\/\\\/www.camaeleon.org\\\/2012\\\/05\\\/03\\\/il-faut-briser-le-silence\\\/\"},\"author\":{\"name\":\"C\u00e9line\",\"@id\":\"https:\\\/\\\/www.camaeleon.org\\\/de\\\/#\\\/schema\\\/person\\\/5006283051d09686e525e507dae2f1ae\"},\"headline\":\"Il faut briser le silence\",\"datePublished\":\"2012-05-03T12:08:48+00:00\",\"dateModified\":\"2023-10-19T18:42:49+00:00\",\"mainEntityOfPage\":{\"@id\":\"https:\\\/\\\/www.camaeleon.org\\\/2012\\\/05\\\/03\\\/il-faut-briser-le-silence\\\/\"},\"wordCount\":342,\"commentCount\":0,\"publisher\":{\"@id\":\"https:\\\/\\\/www.camaeleon.org\\\/de\\\/#organization\"},\"image\":{\"@id\":\"https:\\\/\\\/www.camaeleon.org\\\/2012\\\/05\\\/03\\\/il-faut-briser-le-silence\\\/#primaryimage\"},\"thumbnailUrl\":\"https:\\\/\\\/www.camaeleon.org\\\/wp-content\\\/uploads\\\/2012\\\/05\\\/desperate-2040598_1280.jpg\",\"keywords\":[\"harc\u00e8lement\",\"Mediatoren\",\"Mobbing\",\"Stress\"],\"articleSection\":[\"School\",\"Life\"],\"inLanguage\":\"en-US\",\"potentialAction\":[{\"@type\":\"CommentAction\",\"name\":\"Comment\",\"target\":[\"https:\\\/\\\/www.camaeleon.org\\\/2012\\\/05\\\/03\\\/il-faut-briser-le-silence\\\/#respond\"]}]},{\"@type\":\"WebPage\",\"@id\":\"https:\\\/\\\/www.camaeleon.org\\\/en\\\/2012\\\/05\\\/03\\\/il-faut-briser-le-silence\\\/\",\"url\":\"https:\\\/\\\/www.camaeleon.org\\\/en\\\/2012\\\/05\\\/03\\\/il-faut-briser-le-silence\\\/\",\"name\":\"Il faut briser le silence - Cam\u00e4l\u00e9on\",\"isPartOf\":{\"@id\":\"https:\\\/\\\/www.camaeleon.org\\\/en\\\/#website\"},\"primaryImageOfPage\":{\"@id\":\"https:\\\/\\\/www.camaeleon.org\\\/en\\\/2012\\\/05\\\/03\\\/il-faut-briser-le-silence\\\/#primaryimage\"},\"image\":{\"@id\":\"https:\\\/\\\/www.camaeleon.org\\\/2012\\\/05\\\/03\\\/il-faut-briser-le-silence\\\/#primaryimage\"},\"thumbnailUrl\":\"https:\\\/\\\/www.camaeleon.org\\\/wp-content\\\/uploads\\\/2012\\\/05\\\/desperate-2040598_1280.jpg\",\"datePublished\":\"2012-05-03T12:08:48+00:00\",\"dateModified\":\"2023-10-19T18:42:49+00:00\",\"description\":\"Ces derniers temps, on a beaucoup entendu parler du harc\u00e8lement scolaire \u00e0 tel point que le Minist\u00e8re de l'Education Nationale en a fait l'objet d'une campagne.\",\"breadcrumb\":{\"@id\":\"https:\\\/\\\/www.camaeleon.org\\\/en\\\/2012\\\/05\\\/03\\\/il-faut-briser-le-silence\\\/#breadcrumb\"},\"inLanguage\":\"en-US\",\"potentialAction\":[{\"@type\":\"ReadAction\",\"target\":[[\"https:\\\/\\\/www.camaeleon.org\\\/en\\\/2012\\\/05\\\/03\\\/il-faut-briser-le-silence\\\/\"]]}]},{\"@type\":\"ImageObject\",\"inLanguage\":\"en-US\",\"@id\":\"https:\\\/\\\/www.camaeleon.org\\\/en\\\/2012\\\/05\\\/03\\\/il-faut-briser-le-silence\\\/#primaryimage\",\"url\":\"https:\\\/\\\/www.camaeleon.org\\\/wp-content\\\/uploads\\\/2012\\\/05\\\/desperate-2040598_1280.jpg\",\"contentUrl\":\"https:\\\/\\\/www.camaeleon.org\\\/wp-content\\\/uploads\\\/2012\\\/05\\\/desperate-2040598_1280.jpg\",\"width\":1000,\"height\":820,\"caption\":\"Photo : Anemone123 \\\/ pixabay.com\"},{\"@type\":\"BreadcrumbList\",\"@id\":\"https:\\\/\\\/www.camaeleon.org\\\/en\\\/2012\\\/05\\\/03\\\/il-faut-briser-le-silence\\\/#breadcrumb\",\"itemListElement\":[{\"@type\":\"ListItem\",\"position\":1,\"name\":\"Home\",\"item\":\"https:\\\/\\\/www.camaeleon.org\\\/en\\\/\"},{\"@type\":\"ListItem\",\"position\":2,\"name\":\"Il faut briser le silence\"}]},{\"@type\":\"WebSite\",\"@id\":\"https:\\\/\\\/www.camaeleon.org\\\/en\\\/#website\",\"url\":\"https:\\\/\\\/www.camaeleon.org\\\/en\\\/\",\"name\":\"Cam\u00e4l\u00e9on\",\"description\":\"The online student magazine by Deutsch-Franz\u00f6sisches Gymnasium Saarbr\u00fccken\",\"publisher\":{\"@id\":\"https:\\\/\\\/www.camaeleon.org\\\/en\\\/#organization\"},\"potentialAction\":[{\"@type\":\"SearchAction\",\"target\":{\"@type\":\"EntryPoint\",\"urlTemplate\":\"https:\\\/\\\/www.camaeleon.org\\\/en\\\/?s={search_term_string}\"},\"query-input\":{\"@type\":\"PropertyValueSpecification\",\"valueRequired\":true,\"valueName\":\"search_term_string\"}}],\"inLanguage\":\"en-US\"},{\"@type\":\"Organization\",\"@id\":\"https:\\\/\\\/www.camaeleon.org\\\/en\\\/#organization\",\"name\":\"Cam\u00e4l\u00e9on\",\"url\":\"https:\\\/\\\/www.camaeleon.org\\\/en\\\/\",\"logo\":{\"@type\":\"ImageObject\",\"inLanguage\":\"en-US\",\"@id\":\"https:\\\/\\\/www.camaeleon.org\\\/en\\\/#\\\/schema\\\/logo\\\/image\\\/\",\"url\":\"https:\\\/\\\/www.camaeleon.org\\\/wp-content\\\/uploads\\\/2011\\\/11\\\/CAM\u00c4LEON.jpg\",\"contentUrl\":\"https:\\\/\\\/www.camaeleon.org\\\/wp-content\\\/uploads\\\/2011\\\/11\\\/CAM\u00c4LEON.jpg\",\"width\":959,\"height\":959,\"caption\":\"Cam\u00e4l\u00e9on\"},\"image\":{\"@id\":\"https:\\\/\\\/www.camaeleon.org\\\/en\\\/#\\\/schema\\\/logo\\\/image\\\/\"},\"sameAs\":[\"https:\\\/\\\/www.facebook.com\\\/camaeleon.org\\\/\",\"https:\\\/\\\/x.com\\\/camaeleonOrg\",\"https:\\\/\\\/www.instagram.com\\\/camaeleon.dfg\\\/\",\"https:\\\/\\\/www.youtube.com\\\/channel\\\/UCl3TAUDdGuu_c7CD6ax6hYg\"]},{\"@type\":\"Person\",\"@id\":\"https:\\\/\\\/www.camaeleon.org\\\/de\\\/#\\\/schema\\\/person\\\/5006283051d09686e525e507dae2f1ae\",\"name\":\"C\u00e9line\",\"image\":{\"@type\":\"ImageObject\",\"inLanguage\":\"en-US\",\"@id\":\"https:\\\/\\\/www.camaeleon.org\\\/en\\\/wp-content\\\/uploads\\\/2021\\\/10\\\/cropped-android-chrome-512x512-2-150x150.pngb111c6b8db723f506736f05d8fadbe0c\",\"url\":\"https:\\\/\\\/www.camaeleon.org\\\/wp-content\\\/uploads\\\/2021\\\/10\\\/cropped-android-chrome-512x512-2-150x150.png\",\"contentUrl\":\"https:\\\/\\\/www.camaeleon.org\\\/wp-content\\\/uploads\\\/2021\\\/10\\\/cropped-android-chrome-512x512-2-150x150.png\",\"caption\":\"C\u00e9line\"},\"url\":\"https:\\\/\\\/www.camaeleon.org\\\/en\\\/author\\\/celine-dahlem\\\/\"}]}<\/script>\n<!-- \/ Yoast SEO plugin. -->","yoast_head_json":{"title":"Il faut briser le silence - Cam\u00e4l\u00e9on","description":"Ces derniers temps, on a beaucoup entendu parler du harc\u00e8lement scolaire \u00e0 tel point que le Minist\u00e8re de l'Education Nationale en a fait l'objet d'une campagne.","robots":{"index":"index","follow":"follow","max-snippet":"max-snippet:-1","max-image-preview":"max-image-preview:large","max-video-preview":"max-video-preview:-1"},"canonical":"https:\/\/www.camaeleon.org\/en\/2012\/05\/03\/il-faut-briser-le-silence\/","og_locale":"en_US","og_type":"article","og_title":"Il faut briser le silence - Cam\u00e4l\u00e9on","og_description":"Ces derniers temps, on a beaucoup entendu parler du harc\u00e8lement scolaire \u00e0 tel point que le Minist\u00e8re de l'Education Nationale en a fait l'objet d'une campagne.","og_url":"https:\/\/www.camaeleon.org\/en\/2012\/05\/03\/il-faut-briser-le-silence\/","og_site_name":"Cam\u00e4l\u00e9on","article_publisher":"https:\/\/www.facebook.com\/camaeleon.org\/","article_published_time":"2012-05-03T12:08:48+00:00","article_modified_time":"2023-10-19T18:42:49+00:00","og_image":[{"width":1000,"height":820,"url":"https:\/\/www.camaeleon.org\/wp-content\/uploads\/2012\/05\/desperate-2040598_1280.jpg","type":"image\/jpeg"}],"author":"C\u00e9line","twitter_card":"summary_large_image","twitter_creator":"@camaeleonOrg","twitter_site":"@camaeleonOrg","schema":{"@context":"https:\/\/schema.org","@graph":[{"@type":"Article","@id":"https:\/\/www.camaeleon.org\/2012\/05\/03\/il-faut-briser-le-silence\/#article","isPartOf":{"@id":"https:\/\/www.camaeleon.org\/2012\/05\/03\/il-faut-briser-le-silence\/"},"author":{"name":"C\u00e9line","@id":"https:\/\/www.camaeleon.org\/de\/#\/schema\/person\/5006283051d09686e525e507dae2f1ae"},"headline":"Il faut briser le silence","datePublished":"2012-05-03T12:08:48+00:00","dateModified":"2023-10-19T18:42:49+00:00","mainEntityOfPage":{"@id":"https:\/\/www.camaeleon.org\/2012\/05\/03\/il-faut-briser-le-silence\/"},"wordCount":342,"commentCount":0,"publisher":{"@id":"https:\/\/www.camaeleon.org\/de\/#organization"},"image":{"@id":"https:\/\/www.camaeleon.org\/2012\/05\/03\/il-faut-briser-le-silence\/#primaryimage"},"thumbnailUrl":"https:\/\/www.camaeleon.org\/wp-content\/uploads\/2012\/05\/desperate-2040598_1280.jpg","keywords":["harc\u00e8lement","Mediatoren","Mobbing","Stress"],"articleSection":["School","Life"],"inLanguage":"en-US","potentialAction":[{"@type":"CommentAction","name":"Comment","target":["https:\/\/www.camaeleon.org\/2012\/05\/03\/il-faut-briser-le-silence\/#respond"]}]},{"@type":"WebPage","@id":"https:\/\/www.camaeleon.org\/en\/2012\/05\/03\/il-faut-briser-le-silence\/","url":"https:\/\/www.camaeleon.org\/en\/2012\/05\/03\/il-faut-briser-le-silence\/","name":"Il faut briser le silence - Cam\u00e4l\u00e9on","isPartOf":{"@id":"https:\/\/www.camaeleon.org\/en\/#website"},"primaryImageOfPage":{"@id":"https:\/\/www.camaeleon.org\/en\/2012\/05\/03\/il-faut-briser-le-silence\/#primaryimage"},"image":{"@id":"https:\/\/www.camaeleon.org\/2012\/05\/03\/il-faut-briser-le-silence\/#primaryimage"},"thumbnailUrl":"https:\/\/www.camaeleon.org\/wp-content\/uploads\/2012\/05\/desperate-2040598_1280.jpg","datePublished":"2012-05-03T12:08:48+00:00","dateModified":"2023-10-19T18:42:49+00:00","description":"Ces derniers temps, on a beaucoup entendu parler du harc\u00e8lement scolaire \u00e0 tel point que le Minist\u00e8re de l'Education Nationale en a fait l'objet d'une campagne.","breadcrumb":{"@id":"https:\/\/www.camaeleon.org\/en\/2012\/05\/03\/il-faut-briser-le-silence\/#breadcrumb"},"inLanguage":"en-US","potentialAction":[{"@type":"ReadAction","target":[["https:\/\/www.camaeleon.org\/en\/2012\/05\/03\/il-faut-briser-le-silence\/"]]}]},{"@type":"ImageObject","inLanguage":"en-US","@id":"https:\/\/www.camaeleon.org\/en\/2012\/05\/03\/il-faut-briser-le-silence\/#primaryimage","url":"https:\/\/www.camaeleon.org\/wp-content\/uploads\/2012\/05\/desperate-2040598_1280.jpg","contentUrl":"https:\/\/www.camaeleon.org\/wp-content\/uploads\/2012\/05\/desperate-2040598_1280.jpg","width":1000,"height":820,"caption":"Photo : Anemone123 \/ pixabay.com"},{"@type":"BreadcrumbList","@id":"https:\/\/www.camaeleon.org\/en\/2012\/05\/03\/il-faut-briser-le-silence\/#breadcrumb","itemListElement":[{"@type":"ListItem","position":1,"name":"Home","item":"https:\/\/www.camaeleon.org\/en\/"},{"@type":"ListItem","position":2,"name":"Il faut briser le silence"}]},{"@type":"WebSite","@id":"https:\/\/www.camaeleon.org\/en\/#website","url":"https:\/\/www.camaeleon.org\/en\/","name":"Cam\u00e4l\u00e9on","description":"The online student magazine by Deutsch-Franz\u00f6sisches Gymnasium Saarbr\u00fccken","publisher":{"@id":"https:\/\/www.camaeleon.org\/en\/#organization"},"potentialAction":[{"@type":"SearchAction","target":{"@type":"EntryPoint","urlTemplate":"https:\/\/www.camaeleon.org\/en\/?s={search_term_string}"},"query-input":{"@type":"PropertyValueSpecification","valueRequired":true,"valueName":"search_term_string"}}],"inLanguage":"en-US"},{"@type":"Organization","@id":"https:\/\/www.camaeleon.org\/en\/#organization","name":"Cam\u00e4l\u00e9on","url":"https:\/\/www.camaeleon.org\/en\/","logo":{"@type":"ImageObject","inLanguage":"en-US","@id":"https:\/\/www.camaeleon.org\/en\/#\/schema\/logo\/image\/","url":"https:\/\/www.camaeleon.org\/wp-content\/uploads\/2011\/11\/CAM\u00c4LEON.jpg","contentUrl":"https:\/\/www.camaeleon.org\/wp-content\/uploads\/2011\/11\/CAM\u00c4LEON.jpg","width":959,"height":959,"caption":"Cam\u00e4l\u00e9on"},"image":{"@id":"https:\/\/www.camaeleon.org\/en\/#\/schema\/logo\/image\/"},"sameAs":["https:\/\/www.facebook.com\/camaeleon.org\/","https:\/\/x.com\/camaeleonOrg","https:\/\/www.instagram.com\/camaeleon.dfg\/","https:\/\/www.youtube.com\/channel\/UCl3TAUDdGuu_c7CD6ax6hYg"]},{"@type":"Person","@id":"https:\/\/www.camaeleon.org\/de\/#\/schema\/person\/5006283051d09686e525e507dae2f1ae","name":"C\u00e9line","image":{"@type":"ImageObject","inLanguage":"en-US","@id":"https:\/\/www.camaeleon.org\/en\/wp-content\/uploads\/2021\/10\/cropped-android-chrome-512x512-2-150x150.pngb111c6b8db723f506736f05d8fadbe0c","url":"https:\/\/www.camaeleon.org\/wp-content\/uploads\/2021\/10\/cropped-android-chrome-512x512-2-150x150.png","contentUrl":"https:\/\/www.camaeleon.org\/wp-content\/uploads\/2021\/10\/cropped-android-chrome-512x512-2-150x150.png","caption":"C\u00e9line"},"url":"https:\/\/www.camaeleon.org\/en\/author\/celine-dahlem\/"}]}},"_links":{"self":[{"href":"https:\/\/www.camaeleon.org\/en\/wp-json\/wp\/v2\/posts\/2869","targetHints":{"allow":["GET"]}}],"collection":[{"href":"https:\/\/www.camaeleon.org\/en\/wp-json\/wp\/v2\/posts"}],"about":[{"href":"https:\/\/www.camaeleon.org\/en\/wp-json\/wp\/v2\/types\/post"}],"author":[{"embeddable":true,"href":"https:\/\/www.camaeleon.org\/en\/wp-json\/wp\/v2\/users\/8"}],"replies":[{"embeddable":true,"href":"https:\/\/www.camaeleon.org\/en\/wp-json\/wp\/v2\/comments?post=2869"}],"version-history":[{"count":2,"href":"https:\/\/www.camaeleon.org\/en\/wp-json\/wp\/v2\/posts\/2869\/revisions"}],"predecessor-version":[{"id":29578,"href":"https:\/\/www.camaeleon.org\/en\/wp-json\/wp\/v2\/posts\/2869\/revisions\/29578"}],"wp:featuredmedia":[{"embeddable":true,"href":"https:\/\/www.camaeleon.org\/en\/wp-json\/wp\/v2\/media\/15287"}],"wp:attachment":[{"href":"https:\/\/www.camaeleon.org\/en\/wp-json\/wp\/v2\/media?parent=2869"}],"wp:term":[{"taxonomy":"category","embeddable":true,"href":"https:\/\/www.camaeleon.org\/en\/wp-json\/wp\/v2\/categories?post=2869"},{"taxonomy":"post_tag","embeddable":true,"href":"https:\/\/www.camaeleon.org\/en\/wp-json\/wp\/v2\/tags?post=2869"},{"taxonomy":"author","embeddable":true,"href":"https:\/\/www.camaeleon.org\/en\/wp-json\/wp\/v2\/coauthors?post=2869"}],"curies":[{"name":"wp","href":"https:\/\/api.w.org\/{rel}","templated":true}]}}