{"id":28523,"date":"2023-03-10T21:44:59","date_gmt":"2023-03-10T20:44:59","guid":{"rendered":"https:\/\/www.camaeleon.org\/?p=28523"},"modified":"2023-03-31T13:10:29","modified_gmt":"2023-03-31T11:10:29","slug":"grosse-freude-drei-axel-buchholz-preise-fuer-camaeleon","status":"publish","type":"post","link":"https:\/\/www.camaeleon.org\/en\/2023\/03\/10\/grosse-freude-drei-axel-buchholz-preise-fuer-camaeleon\/","title":{"rendered":"Gro\u00dfe Freude: Drei Axel Buchholz Preise f\u00fcr Cam\u00e4l\u00e9on!"},"content":{"rendered":"<p>Gro\u00dfer Erfolg f\u00fcr die Cam\u00e4l\u00e9on-Redaktion! Am Donnerstagabend wurde Cam\u00e4l\u00e9on in drei von neun Kategorien des Axel Buchholz Preises ausgezeichnet.<\/p>\n<figure id=\"attachment_28514\" aria-describedby=\"caption-attachment-28514\" style=\"width: 800px\" class=\"wp-caption aligncenter\"><img loading=\"lazy\" decoding=\"async\" class=\"wp-image-28514 size-large\" src=\"https:\/\/www.camaeleon.org\/wp-content\/uploads\/2023\/03\/alle3-Preise-2023-cut-823x600.jpg\" alt=\"Axel Buchholz Preis 2022 : Dreifache Auszeichnung f\u00fcr Cam\u00e4l\u00e9on\" width=\"800\" height=\"583\" srcset=\"https:\/\/www.camaeleon.org\/wp-content\/uploads\/2023\/03\/alle3-Preise-2023-cut-823x600.jpg 823w, https:\/\/www.camaeleon.org\/wp-content\/uploads\/2023\/03\/alle3-Preise-2023-cut-300x219.jpg 300w, https:\/\/www.camaeleon.org\/wp-content\/uploads\/2023\/03\/alle3-Preise-2023-cut-1536x1120.jpg 1536w, https:\/\/www.camaeleon.org\/wp-content\/uploads\/2023\/03\/alle3-Preise-2023-cut.jpg 1920w\" sizes=\"auto, (max-width: 800px) 100vw, 800px\" \/><figcaption id=\"caption-attachment-28514\" class=\"wp-caption-text\">Foto: Cam\u00e4l\u00e9on<\/figcaption><\/figure>\n<p>Unsere gesamte Redaktion konnte sich \u00fcber den Medienprojekt-Preis der <a href=\"https:\/\/www.lmsaar.de\/\">Landesmedienanstalt Saar<\/a> freuen. Die Jury lobte hierbei besonders die Einfachheit der Bedienung, das Design, die Vielf\u00e4ltigkeit, sowie die Tiefgr\u00fcndigkeit der ver\u00f6ffentlichten Beitr\u00e4gen. Dotiert ist der Preis mit 1500 \u20ac.<\/p>\n<p>Der Artikel <a href=\"https:\/\/www.camaeleon.org\/de\/2021\/12\/16\/schluesseluebergabe-statt-abschiedsfeier-kuendigung-der-reinigungskraefte-am-dfg\/\">\u201eSchl\u00fcssel\u00fcbergabe statt Abschiedsfeier\u201c: K\u00fcndigung der Reinigungskr\u00e4fte am DFG<\/a> von <a href=\"https:\/\/www.camaeleon.org\/en\/author\/julian-bidot\/\">Julian Bidot<\/a> und <a href=\"https:\/\/www.camaeleon.org\/en\/author\/max-ernst\/\">Max Ernst<\/a> wurde gleich zweimal pr\u00e4miert. Sowohl der Courage-Preis der Kultusministerin als auch der Sozialpreis des VdK Saarland ging an die beiden Cam\u00e4l\u00e9on-Journalisten (je dotiert mit 1000\u20ac).<\/p>\n<div id='gallery-3' class='gallery galleryid-28523 gallery-columns-2 gallery-size-large'><figure class='gallery-item'>\n\t\t\t<div class='gallery-icon landscape'>\n\t\t\t\t<a href='https:\/\/www.camaeleon.org\/wp-content\/uploads\/2023\/03\/Sozialpreis.jpg'><img loading=\"lazy\" decoding=\"async\" width=\"800\" height=\"534\" src=\"https:\/\/www.camaeleon.org\/wp-content\/uploads\/2023\/03\/Sozialpreis-880x587.jpg\" class=\"attachment-large size-large\" alt=\"\" aria-describedby=\"gallery-3-28519\" srcset=\"https:\/\/www.camaeleon.org\/wp-content\/uploads\/2023\/03\/Sozialpreis-880x587.jpg 880w, https:\/\/www.camaeleon.org\/wp-content\/uploads\/2023\/03\/Sozialpreis-300x200.jpg 300w, https:\/\/www.camaeleon.org\/wp-content\/uploads\/2023\/03\/Sozialpreis-1536x1024.jpg 1536w, https:\/\/www.camaeleon.org\/wp-content\/uploads\/2023\/03\/Sozialpreis.jpg 1920w\" sizes=\"auto, (max-width: 800px) 100vw, 800px\" \/><\/a>\n\t\t\t<\/div>\n\t\t\t\t<figcaption class='wp-caption-text gallery-caption' id='gallery-3-28519'>\n\t\t\t\tFoto: Cam\u00e4l\u00e9on\n\t\t\t\t<\/figcaption><\/figure><figure class='gallery-item'>\n\t\t\t<div class='gallery-icon landscape'>\n\t\t\t\t<a href='https:\/\/www.camaeleon.org\/wp-content\/uploads\/2023\/03\/Sozialpreis-2.jpg'><img loading=\"lazy\" decoding=\"async\" width=\"800\" height=\"534\" src=\"https:\/\/www.camaeleon.org\/wp-content\/uploads\/2023\/03\/Sozialpreis-2-880x587.jpg\" class=\"attachment-large size-large\" alt=\"\" aria-describedby=\"gallery-3-28518\" srcset=\"https:\/\/www.camaeleon.org\/wp-content\/uploads\/2023\/03\/Sozialpreis-2-880x587.jpg 880w, https:\/\/www.camaeleon.org\/wp-content\/uploads\/2023\/03\/Sozialpreis-2-300x200.jpg 300w, https:\/\/www.camaeleon.org\/wp-content\/uploads\/2023\/03\/Sozialpreis-2-1536x1024.jpg 1536w, https:\/\/www.camaeleon.org\/wp-content\/uploads\/2023\/03\/Sozialpreis-2.jpg 1920w\" sizes=\"auto, (max-width: 800px) 100vw, 800px\" \/><\/a>\n\t\t\t<\/div>\n\t\t\t\t<figcaption class='wp-caption-text gallery-caption' id='gallery-3-28518'>\n\t\t\t\tFoto: Cam\u00e4l\u00e9on\n\t\t\t\t<\/figcaption><\/figure><figure class='gallery-item'>\n\t\t\t<div class='gallery-icon landscape'>\n\t\t\t\t<a href='https:\/\/www.camaeleon.org\/wp-content\/uploads\/2023\/03\/Couragepreis.jpg'><img loading=\"lazy\" decoding=\"async\" width=\"800\" height=\"534\" src=\"https:\/\/www.camaeleon.org\/wp-content\/uploads\/2023\/03\/Couragepreis-880x587.jpg\" class=\"attachment-large size-large\" alt=\"\" aria-describedby=\"gallery-3-28516\" srcset=\"https:\/\/www.camaeleon.org\/wp-content\/uploads\/2023\/03\/Couragepreis-880x587.jpg 880w, https:\/\/www.camaeleon.org\/wp-content\/uploads\/2023\/03\/Couragepreis-300x200.jpg 300w, https:\/\/www.camaeleon.org\/wp-content\/uploads\/2023\/03\/Couragepreis-1536x1024.jpg 1536w, https:\/\/www.camaeleon.org\/wp-content\/uploads\/2023\/03\/Couragepreis.jpg 1920w\" sizes=\"auto, (max-width: 800px) 100vw, 800px\" \/><\/a>\n\t\t\t<\/div>\n\t\t\t\t<figcaption class='wp-caption-text gallery-caption' id='gallery-3-28516'>\n\t\t\t\tFoto: Cam\u00e4l\u00e9on\n\t\t\t\t<\/figcaption><\/figure><figure class='gallery-item'>\n\t\t\t<div class='gallery-icon landscape'>\n\t\t\t\t<a href='https:\/\/www.camaeleon.org\/wp-content\/uploads\/2023\/03\/Couragepreis-2.jpg'><img loading=\"lazy\" decoding=\"async\" width=\"800\" height=\"534\" src=\"https:\/\/www.camaeleon.org\/wp-content\/uploads\/2023\/03\/Couragepreis-2-880x587.jpg\" class=\"attachment-large size-large\" alt=\"\" aria-describedby=\"gallery-3-28517\" srcset=\"https:\/\/www.camaeleon.org\/wp-content\/uploads\/2023\/03\/Couragepreis-2-880x587.jpg 880w, https:\/\/www.camaeleon.org\/wp-content\/uploads\/2023\/03\/Couragepreis-2-300x200.jpg 300w, https:\/\/www.camaeleon.org\/wp-content\/uploads\/2023\/03\/Couragepreis-2-1536x1024.jpg 1536w, https:\/\/www.camaeleon.org\/wp-content\/uploads\/2023\/03\/Couragepreis-2.jpg 1920w\" sizes=\"auto, (max-width: 800px) 100vw, 800px\" \/><\/a>\n\t\t\t<\/div>\n\t\t\t\t<figcaption class='wp-caption-text gallery-caption' id='gallery-3-28517'>\n\t\t\t\tFoto: Cam\u00e4l\u00e9on\n\t\t\t\t<\/figcaption><\/figure>\n\t\t<\/div>\n\n<p>Auch die Print-Sch\u00fclerzeitung &#8220;<a href=\"https:\/\/dfg-lfa.org\/unterricht\/ags\/schulerzeitung\/\">C&#8217;est la vie<\/a>&#8221; des DFGs wurde in der Kategorie &#8220;Print&#8221; ausgezeichnet. Somit konnte sich das DFG \u00fcber vier von acht Preisen freuen.<\/p>\n<p><figure id=\"attachment_28515\" aria-describedby=\"caption-attachment-28515\" style=\"width: 800px\" class=\"wp-caption aligncenter\"><img loading=\"lazy\" decoding=\"async\" class=\"wp-image-28515 size-large\" src=\"https:\/\/www.camaeleon.org\/wp-content\/uploads\/2023\/03\/CLV-880x587.jpg\" alt=\"Axel Buchholz Preis 2022 - Kategorie Print: Sch\u00fclerzeitung \u201eC\u00b4est la vie\u201c\" width=\"800\" height=\"534\" srcset=\"https:\/\/www.camaeleon.org\/wp-content\/uploads\/2023\/03\/CLV-880x587.jpg 880w, https:\/\/www.camaeleon.org\/wp-content\/uploads\/2023\/03\/CLV-300x200.jpg 300w, https:\/\/www.camaeleon.org\/wp-content\/uploads\/2023\/03\/CLV-1536x1024.jpg 1536w, https:\/\/www.camaeleon.org\/wp-content\/uploads\/2023\/03\/CLV.jpg 1920w\" sizes=\"auto, (max-width: 800px) 100vw, 800px\" \/><figcaption id=\"caption-attachment-28515\" class=\"wp-caption-text\">Kategorie Print: DFG-Sch\u00fclerzeitung \u201eC\u00b4est la vie\u201c (Foto: Cam\u00e4l\u00e9on)<\/figcaption><\/figure><\/p>","protected":false},"excerpt":{"rendered":"<p>Gro\u00dfer Erfolg f\u00fcr die Cam\u00e4l\u00e9on-Redaktion! Am Donnerstagabend wurde Cam\u00e4l\u00e9on in drei von neun Kategorien des Axel Buchholz Preises ausgezeichnet. Unsere gesamte Redaktion konnte sich \u00fcber<\/p>\n","protected":false},"author":146,"featured_media":28513,"comment_status":"open","ping_status":"closed","sticky":false,"template":"","format":"standard","meta":{"colormag_page_container_layout":"default_layout","colormag_page_sidebar_layout":"default_layout","footnotes":""},"categories":[199],"tags":[1085,559,2197,2195,2194],"coauthors":[1209],"class_list":["post-28523","post","type-post","status-publish","format-standard","has-post-thumbnail","hentry","category-a-propos-de-nous","tag-axel-buchholz","tag-axel-buchholz-preis","tag-bestes-medienprojekt","tag-courage-preis","tag-sozialpreis"],"yoast_head":"<!-- This site is optimized with the Yoast SEO plugin v27.5 - https:\/\/yoast.com\/product\/yoast-seo-wordpress\/ -->\n<title>Gro\u00dfe Freude: Drei Axel Buchholz Preise f\u00fcr Cam\u00e4l\u00e9on! - Cam\u00e4l\u00e9on<\/title>\n<meta name=\"description\" content=\"Gro\u00dfer Erfolg f\u00fcr die Cam\u00e4l\u00e9on-Redaktion! Am Donnerstagabend wurde Cam\u00e4l\u00e9on in drei Kategorien mit dem Axel Buchholz Preis ausgezeichnet.\" \/>\n<meta name=\"robots\" content=\"index, follow, max-snippet:-1, max-image-preview:large, max-video-preview:-1\" \/>\n<link rel=\"canonical\" href=\"https:\/\/www.camaeleon.org\/en\/2023\/03\/10\/grosse-freude-drei-axel-buchholz-preise-fuer-camaeleon\/\" \/>\n<meta property=\"og:locale\" content=\"en_US\" \/>\n<meta property=\"og:type\" content=\"article\" \/>\n<meta property=\"og:title\" content=\"Gro\u00dfe Freude: Drei Axel Buchholz Preise f\u00fcr Cam\u00e4l\u00e9on! - Cam\u00e4l\u00e9on\" \/>\n<meta property=\"og:description\" content=\"Gro\u00dfer Erfolg f\u00fcr die Cam\u00e4l\u00e9on-Redaktion! Am Donnerstagabend wurde Cam\u00e4l\u00e9on in drei Kategorien mit dem Axel Buchholz Preis ausgezeichnet.\" \/>\n<meta property=\"og:url\" content=\"https:\/\/www.camaeleon.org\/en\/2023\/03\/10\/grosse-freude-drei-axel-buchholz-preise-fuer-camaeleon\/\" \/>\n<meta property=\"og:site_name\" content=\"Cam\u00e4l\u00e9on\" \/>\n<meta property=\"article:publisher\" content=\"https:\/\/www.facebook.com\/camaeleon.org\/\" \/>\n<meta property=\"article:published_time\" content=\"2023-03-10T20:44:59+00:00\" \/>\n<meta property=\"article:modified_time\" content=\"2023-03-31T11:10:29+00:00\" \/>\n<meta property=\"og:image\" content=\"https:\/\/www.camaeleon.org\/wp-content\/uploads\/2023\/03\/alle3-Preise-2023.jpg\" \/>\n\t<meta property=\"og:image:width\" content=\"1920\" \/>\n\t<meta property=\"og:image:height\" content=\"1280\" \/>\n\t<meta property=\"og:image:type\" content=\"image\/jpeg\" \/>\n<meta name=\"author\" content=\"Anouk Viero\" \/>\n<meta name=\"twitter:card\" content=\"summary_large_image\" \/>\n<meta name=\"twitter:creator\" content=\"@camaeleonOrg\" \/>\n<meta name=\"twitter:site\" content=\"@camaeleonOrg\" \/>\n<script type=\"application\/ld+json\" class=\"yoast-schema-graph\">{\"@context\":\"https:\\\/\\\/schema.org\",\"@graph\":[{\"@type\":\"Article\",\"@id\":\"https:\\\/\\\/www.camaeleon.org\\\/2023\\\/03\\\/10\\\/grosse-freude-drei-axel-buchholz-preise-fuer-camaeleon\\\/#article\",\"isPartOf\":{\"@id\":\"https:\\\/\\\/www.camaeleon.org\\\/2023\\\/03\\\/10\\\/grosse-freude-drei-axel-buchholz-preise-fuer-camaeleon\\\/\"},\"author\":{\"name\":\"Anouk Viero\",\"@id\":\"https:\\\/\\\/www.camaeleon.org\\\/de\\\/#\\\/schema\\\/person\\\/34dd43503993f08eb39382df2c5b79b5\"},\"headline\":\"Gro\u00dfe Freude: Drei Axel Buchholz Preise f\u00fcr Cam\u00e4l\u00e9on!\",\"datePublished\":\"2023-03-10T20:44:59+00:00\",\"dateModified\":\"2023-03-31T11:10:29+00:00\",\"mainEntityOfPage\":{\"@id\":\"https:\\\/\\\/www.camaeleon.org\\\/2023\\\/03\\\/10\\\/grosse-freude-drei-axel-buchholz-preise-fuer-camaeleon\\\/\"},\"wordCount\":602,\"commentCount\":0,\"publisher\":{\"@id\":\"https:\\\/\\\/www.camaeleon.org\\\/de\\\/#organization\"},\"image\":{\"@id\":\"https:\\\/\\\/www.camaeleon.org\\\/2023\\\/03\\\/10\\\/grosse-freude-drei-axel-buchholz-preise-fuer-camaeleon\\\/#primaryimage\"},\"thumbnailUrl\":\"https:\\\/\\\/www.camaeleon.org\\\/wp-content\\\/uploads\\\/2023\\\/03\\\/alle3-Preise-2023.jpg\",\"keywords\":[\"Axel Buchholz\",\"Axel Buchholz-Preis\",\"Bestes Medienprojekt\",\"Courage-Preis\",\"Sozialpreis\"],\"articleSection\":[\"About us\"],\"inLanguage\":\"en-US\",\"potentialAction\":[{\"@type\":\"CommentAction\",\"name\":\"Comment\",\"target\":[\"https:\\\/\\\/www.camaeleon.org\\\/2023\\\/03\\\/10\\\/grosse-freude-drei-axel-buchholz-preise-fuer-camaeleon\\\/#respond\"]}]},{\"@type\":\"WebPage\",\"@id\":\"https:\\\/\\\/www.camaeleon.org\\\/en\\\/2023\\\/03\\\/10\\\/grosse-freude-drei-axel-buchholz-preise-fuer-camaeleon\\\/\",\"url\":\"https:\\\/\\\/www.camaeleon.org\\\/en\\\/2023\\\/03\\\/10\\\/grosse-freude-drei-axel-buchholz-preise-fuer-camaeleon\\\/\",\"name\":\"Gro\u00dfe Freude: Drei Axel Buchholz Preise f\u00fcr Cam\u00e4l\u00e9on! - Cam\u00e4l\u00e9on\",\"isPartOf\":{\"@id\":\"https:\\\/\\\/www.camaeleon.org\\\/en\\\/#website\"},\"primaryImageOfPage\":{\"@id\":\"https:\\\/\\\/www.camaeleon.org\\\/en\\\/2023\\\/03\\\/10\\\/grosse-freude-drei-axel-buchholz-preise-fuer-camaeleon\\\/#primaryimage\"},\"image\":{\"@id\":\"https:\\\/\\\/www.camaeleon.org\\\/2023\\\/03\\\/10\\\/grosse-freude-drei-axel-buchholz-preise-fuer-camaeleon\\\/#primaryimage\"},\"thumbnailUrl\":\"https:\\\/\\\/www.camaeleon.org\\\/wp-content\\\/uploads\\\/2023\\\/03\\\/alle3-Preise-2023.jpg\",\"datePublished\":\"2023-03-10T20:44:59+00:00\",\"dateModified\":\"2023-03-31T11:10:29+00:00\",\"description\":\"Gro\u00dfer Erfolg f\u00fcr die Cam\u00e4l\u00e9on-Redaktion! Am Donnerstagabend wurde Cam\u00e4l\u00e9on in drei Kategorien mit dem Axel Buchholz Preis ausgezeichnet.\",\"breadcrumb\":{\"@id\":\"https:\\\/\\\/www.camaeleon.org\\\/en\\\/2023\\\/03\\\/10\\\/grosse-freude-drei-axel-buchholz-preise-fuer-camaeleon\\\/#breadcrumb\"},\"inLanguage\":\"en-US\",\"potentialAction\":[{\"@type\":\"ReadAction\",\"target\":[[\"https:\\\/\\\/www.camaeleon.org\\\/en\\\/2023\\\/03\\\/10\\\/grosse-freude-drei-axel-buchholz-preise-fuer-camaeleon\\\/\"]]}]},{\"@type\":\"ImageObject\",\"inLanguage\":\"en-US\",\"@id\":\"https:\\\/\\\/www.camaeleon.org\\\/en\\\/2023\\\/03\\\/10\\\/grosse-freude-drei-axel-buchholz-preise-fuer-camaeleon\\\/#primaryimage\",\"url\":\"https:\\\/\\\/www.camaeleon.org\\\/wp-content\\\/uploads\\\/2023\\\/03\\\/alle3-Preise-2023.jpg\",\"contentUrl\":\"https:\\\/\\\/www.camaeleon.org\\\/wp-content\\\/uploads\\\/2023\\\/03\\\/alle3-Preise-2023.jpg\",\"width\":1920,\"height\":1280,\"caption\":\"Foto: Cam\u00e4l\u00e9on\"},{\"@type\":\"BreadcrumbList\",\"@id\":\"https:\\\/\\\/www.camaeleon.org\\\/en\\\/2023\\\/03\\\/10\\\/grosse-freude-drei-axel-buchholz-preise-fuer-camaeleon\\\/#breadcrumb\",\"itemListElement\":[{\"@type\":\"ListItem\",\"position\":1,\"name\":\"Home\",\"item\":\"https:\\\/\\\/www.camaeleon.org\\\/en\\\/\"},{\"@type\":\"ListItem\",\"position\":2,\"name\":\"Une grande joie pour Cam\u00e4l\u00e9on : trois prix Axel Buchholz !\"}]},{\"@type\":\"WebSite\",\"@id\":\"https:\\\/\\\/www.camaeleon.org\\\/en\\\/#website\",\"url\":\"https:\\\/\\\/www.camaeleon.org\\\/en\\\/\",\"name\":\"Cam\u00e4l\u00e9on\",\"description\":\"The online student magazine by Deutsch-Franz\u00f6sisches Gymnasium Saarbr\u00fccken\",\"publisher\":{\"@id\":\"https:\\\/\\\/www.camaeleon.org\\\/en\\\/#organization\"},\"potentialAction\":[{\"@type\":\"SearchAction\",\"target\":{\"@type\":\"EntryPoint\",\"urlTemplate\":\"https:\\\/\\\/www.camaeleon.org\\\/en\\\/?s={search_term_string}\"},\"query-input\":{\"@type\":\"PropertyValueSpecification\",\"valueRequired\":true,\"valueName\":\"search_term_string\"}}],\"inLanguage\":\"en-US\"},{\"@type\":\"Organization\",\"@id\":\"https:\\\/\\\/www.camaeleon.org\\\/en\\\/#organization\",\"name\":\"Cam\u00e4l\u00e9on\",\"url\":\"https:\\\/\\\/www.camaeleon.org\\\/en\\\/\",\"logo\":{\"@type\":\"ImageObject\",\"inLanguage\":\"en-US\",\"@id\":\"https:\\\/\\\/www.camaeleon.org\\\/en\\\/#\\\/schema\\\/logo\\\/image\\\/\",\"url\":\"https:\\\/\\\/www.camaeleon.org\\\/wp-content\\\/uploads\\\/2011\\\/11\\\/CAM\u00c4LEON.jpg\",\"contentUrl\":\"https:\\\/\\\/www.camaeleon.org\\\/wp-content\\\/uploads\\\/2011\\\/11\\\/CAM\u00c4LEON.jpg\",\"width\":959,\"height\":959,\"caption\":\"Cam\u00e4l\u00e9on\"},\"image\":{\"@id\":\"https:\\\/\\\/www.camaeleon.org\\\/en\\\/#\\\/schema\\\/logo\\\/image\\\/\"},\"sameAs\":[\"https:\\\/\\\/www.facebook.com\\\/camaeleon.org\\\/\",\"https:\\\/\\\/x.com\\\/camaeleonOrg\",\"https:\\\/\\\/www.instagram.com\\\/camaeleon.dfg\\\/\",\"https:\\\/\\\/www.youtube.com\\\/channel\\\/UCl3TAUDdGuu_c7CD6ax6hYg\"]},{\"@type\":\"Person\",\"@id\":\"https:\\\/\\\/www.camaeleon.org\\\/de\\\/#\\\/schema\\\/person\\\/34dd43503993f08eb39382df2c5b79b5\",\"name\":\"Anouk Viero\",\"image\":{\"@type\":\"ImageObject\",\"inLanguage\":\"en-US\",\"@id\":\"https:\\\/\\\/www.camaeleon.org\\\/en\\\/wp-content\\\/uploads\\\/2023\\\/09\\\/0019AA6C-0ACA-452F-B897-A6B732B81B93-150x150.jpegeca926063efc1e3c52e5e4881ccb2d47\",\"url\":\"https:\\\/\\\/www.camaeleon.org\\\/wp-content\\\/uploads\\\/2023\\\/09\\\/0019AA6C-0ACA-452F-B897-A6B732B81B93-150x150.jpeg\",\"contentUrl\":\"https:\\\/\\\/www.camaeleon.org\\\/wp-content\\\/uploads\\\/2023\\\/09\\\/0019AA6C-0ACA-452F-B897-A6B732B81B93-150x150.jpeg\",\"caption\":\"Anouk Viero\"},\"description\":\"Salut, je m'appelle Anouk :) Voici quelques infos sur moi : - \u00e0 Cam\u00e4l\u00e9on depuis 2020 - 15 ans - en 1L J'aime bien \u00e9crire des articles \u00e0 propos de la culture, la politique, l'alimentation et, pendant mon temps libre, je fais de la danse modern' jazz et je joue de la guitare.\",\"url\":\"https:\\\/\\\/www.camaeleon.org\\\/en\\\/author\\\/anouk-viero\\\/\"}]}<\/script>\n<!-- \/ Yoast SEO plugin. -->","yoast_head_json":{"title":"Gro\u00dfe Freude: Drei Axel Buchholz Preise f\u00fcr Cam\u00e4l\u00e9on! - Cam\u00e4l\u00e9on","description":"Gro\u00dfer Erfolg f\u00fcr die Cam\u00e4l\u00e9on-Redaktion! Am Donnerstagabend wurde Cam\u00e4l\u00e9on in drei Kategorien mit dem Axel Buchholz Preis ausgezeichnet.","robots":{"index":"index","follow":"follow","max-snippet":"max-snippet:-1","max-image-preview":"max-image-preview:large","max-video-preview":"max-video-preview:-1"},"canonical":"https:\/\/www.camaeleon.org\/en\/2023\/03\/10\/grosse-freude-drei-axel-buchholz-preise-fuer-camaeleon\/","og_locale":"en_US","og_type":"article","og_title":"Gro\u00dfe Freude: Drei Axel Buchholz Preise f\u00fcr Cam\u00e4l\u00e9on! - Cam\u00e4l\u00e9on","og_description":"Gro\u00dfer Erfolg f\u00fcr die Cam\u00e4l\u00e9on-Redaktion! Am Donnerstagabend wurde Cam\u00e4l\u00e9on in drei Kategorien mit dem Axel Buchholz Preis ausgezeichnet.","og_url":"https:\/\/www.camaeleon.org\/en\/2023\/03\/10\/grosse-freude-drei-axel-buchholz-preise-fuer-camaeleon\/","og_site_name":"Cam\u00e4l\u00e9on","article_publisher":"https:\/\/www.facebook.com\/camaeleon.org\/","article_published_time":"2023-03-10T20:44:59+00:00","article_modified_time":"2023-03-31T11:10:29+00:00","og_image":[{"width":1920,"height":1280,"url":"https:\/\/www.camaeleon.org\/wp-content\/uploads\/2023\/03\/alle3-Preise-2023.jpg","type":"image\/jpeg"}],"author":"Anouk Viero","twitter_card":"summary_large_image","twitter_creator":"@camaeleonOrg","twitter_site":"@camaeleonOrg","schema":{"@context":"https:\/\/schema.org","@graph":[{"@type":"Article","@id":"https:\/\/www.camaeleon.org\/2023\/03\/10\/grosse-freude-drei-axel-buchholz-preise-fuer-camaeleon\/#article","isPartOf":{"@id":"https:\/\/www.camaeleon.org\/2023\/03\/10\/grosse-freude-drei-axel-buchholz-preise-fuer-camaeleon\/"},"author":{"name":"Anouk Viero","@id":"https:\/\/www.camaeleon.org\/de\/#\/schema\/person\/34dd43503993f08eb39382df2c5b79b5"},"headline":"Gro\u00dfe Freude: Drei Axel Buchholz Preise f\u00fcr Cam\u00e4l\u00e9on!","datePublished":"2023-03-10T20:44:59+00:00","dateModified":"2023-03-31T11:10:29+00:00","mainEntityOfPage":{"@id":"https:\/\/www.camaeleon.org\/2023\/03\/10\/grosse-freude-drei-axel-buchholz-preise-fuer-camaeleon\/"},"wordCount":602,"commentCount":0,"publisher":{"@id":"https:\/\/www.camaeleon.org\/de\/#organization"},"image":{"@id":"https:\/\/www.camaeleon.org\/2023\/03\/10\/grosse-freude-drei-axel-buchholz-preise-fuer-camaeleon\/#primaryimage"},"thumbnailUrl":"https:\/\/www.camaeleon.org\/wp-content\/uploads\/2023\/03\/alle3-Preise-2023.jpg","keywords":["Axel Buchholz","Axel Buchholz-Preis","Bestes Medienprojekt","Courage-Preis","Sozialpreis"],"articleSection":["About us"],"inLanguage":"en-US","potentialAction":[{"@type":"CommentAction","name":"Comment","target":["https:\/\/www.camaeleon.org\/2023\/03\/10\/grosse-freude-drei-axel-buchholz-preise-fuer-camaeleon\/#respond"]}]},{"@type":"WebPage","@id":"https:\/\/www.camaeleon.org\/en\/2023\/03\/10\/grosse-freude-drei-axel-buchholz-preise-fuer-camaeleon\/","url":"https:\/\/www.camaeleon.org\/en\/2023\/03\/10\/grosse-freude-drei-axel-buchholz-preise-fuer-camaeleon\/","name":"Gro\u00dfe Freude: Drei Axel Buchholz Preise f\u00fcr Cam\u00e4l\u00e9on! - Cam\u00e4l\u00e9on","isPartOf":{"@id":"https:\/\/www.camaeleon.org\/en\/#website"},"primaryImageOfPage":{"@id":"https:\/\/www.camaeleon.org\/en\/2023\/03\/10\/grosse-freude-drei-axel-buchholz-preise-fuer-camaeleon\/#primaryimage"},"image":{"@id":"https:\/\/www.camaeleon.org\/2023\/03\/10\/grosse-freude-drei-axel-buchholz-preise-fuer-camaeleon\/#primaryimage"},"thumbnailUrl":"https:\/\/www.camaeleon.org\/wp-content\/uploads\/2023\/03\/alle3-Preise-2023.jpg","datePublished":"2023-03-10T20:44:59+00:00","dateModified":"2023-03-31T11:10:29+00:00","description":"Gro\u00dfer Erfolg f\u00fcr die Cam\u00e4l\u00e9on-Redaktion! Am Donnerstagabend wurde Cam\u00e4l\u00e9on in drei Kategorien mit dem Axel Buchholz Preis ausgezeichnet.","breadcrumb":{"@id":"https:\/\/www.camaeleon.org\/en\/2023\/03\/10\/grosse-freude-drei-axel-buchholz-preise-fuer-camaeleon\/#breadcrumb"},"inLanguage":"en-US","potentialAction":[{"@type":"ReadAction","target":[["https:\/\/www.camaeleon.org\/en\/2023\/03\/10\/grosse-freude-drei-axel-buchholz-preise-fuer-camaeleon\/"]]}]},{"@type":"ImageObject","inLanguage":"en-US","@id":"https:\/\/www.camaeleon.org\/en\/2023\/03\/10\/grosse-freude-drei-axel-buchholz-preise-fuer-camaeleon\/#primaryimage","url":"https:\/\/www.camaeleon.org\/wp-content\/uploads\/2023\/03\/alle3-Preise-2023.jpg","contentUrl":"https:\/\/www.camaeleon.org\/wp-content\/uploads\/2023\/03\/alle3-Preise-2023.jpg","width":1920,"height":1280,"caption":"Foto: Cam\u00e4l\u00e9on"},{"@type":"BreadcrumbList","@id":"https:\/\/www.camaeleon.org\/en\/2023\/03\/10\/grosse-freude-drei-axel-buchholz-preise-fuer-camaeleon\/#breadcrumb","itemListElement":[{"@type":"ListItem","position":1,"name":"Home","item":"https:\/\/www.camaeleon.org\/en\/"},{"@type":"ListItem","position":2,"name":"Une grande joie pour Cam\u00e4l\u00e9on : trois prix Axel Buchholz !"}]},{"@type":"WebSite","@id":"https:\/\/www.camaeleon.org\/en\/#website","url":"https:\/\/www.camaeleon.org\/en\/","name":"Cam\u00e4l\u00e9on","description":"The online student magazine by Deutsch-Franz\u00f6sisches Gymnasium Saarbr\u00fccken","publisher":{"@id":"https:\/\/www.camaeleon.org\/en\/#organization"},"potentialAction":[{"@type":"SearchAction","target":{"@type":"EntryPoint","urlTemplate":"https:\/\/www.camaeleon.org\/en\/?s={search_term_string}"},"query-input":{"@type":"PropertyValueSpecification","valueRequired":true,"valueName":"search_term_string"}}],"inLanguage":"en-US"},{"@type":"Organization","@id":"https:\/\/www.camaeleon.org\/en\/#organization","name":"Cam\u00e4l\u00e9on","url":"https:\/\/www.camaeleon.org\/en\/","logo":{"@type":"ImageObject","inLanguage":"en-US","@id":"https:\/\/www.camaeleon.org\/en\/#\/schema\/logo\/image\/","url":"https:\/\/www.camaeleon.org\/wp-content\/uploads\/2011\/11\/CAM\u00c4LEON.jpg","contentUrl":"https:\/\/www.camaeleon.org\/wp-content\/uploads\/2011\/11\/CAM\u00c4LEON.jpg","width":959,"height":959,"caption":"Cam\u00e4l\u00e9on"},"image":{"@id":"https:\/\/www.camaeleon.org\/en\/#\/schema\/logo\/image\/"},"sameAs":["https:\/\/www.facebook.com\/camaeleon.org\/","https:\/\/x.com\/camaeleonOrg","https:\/\/www.instagram.com\/camaeleon.dfg\/","https:\/\/www.youtube.com\/channel\/UCl3TAUDdGuu_c7CD6ax6hYg"]},{"@type":"Person","@id":"https:\/\/www.camaeleon.org\/de\/#\/schema\/person\/34dd43503993f08eb39382df2c5b79b5","name":"Anouk Viero","image":{"@type":"ImageObject","inLanguage":"en-US","@id":"https:\/\/www.camaeleon.org\/en\/wp-content\/uploads\/2023\/09\/0019AA6C-0ACA-452F-B897-A6B732B81B93-150x150.jpegeca926063efc1e3c52e5e4881ccb2d47","url":"https:\/\/www.camaeleon.org\/wp-content\/uploads\/2023\/09\/0019AA6C-0ACA-452F-B897-A6B732B81B93-150x150.jpeg","contentUrl":"https:\/\/www.camaeleon.org\/wp-content\/uploads\/2023\/09\/0019AA6C-0ACA-452F-B897-A6B732B81B93-150x150.jpeg","caption":"Anouk Viero"},"description":"Salut, je m'appelle Anouk :) Voici quelques infos sur moi : - \u00e0 Cam\u00e4l\u00e9on depuis 2020 - 15 ans - en 1L J'aime bien \u00e9crire des articles \u00e0 propos de la culture, la politique, l'alimentation et, pendant mon temps libre, je fais de la danse modern' jazz et je joue de la guitare.","url":"https:\/\/www.camaeleon.org\/en\/author\/anouk-viero\/"}]}},"_links":{"self":[{"href":"https:\/\/www.camaeleon.org\/en\/wp-json\/wp\/v2\/posts\/28523","targetHints":{"allow":["GET"]}}],"collection":[{"href":"https:\/\/www.camaeleon.org\/en\/wp-json\/wp\/v2\/posts"}],"about":[{"href":"https:\/\/www.camaeleon.org\/en\/wp-json\/wp\/v2\/types\/post"}],"author":[{"embeddable":true,"href":"https:\/\/www.camaeleon.org\/en\/wp-json\/wp\/v2\/users\/146"}],"replies":[{"embeddable":true,"href":"https:\/\/www.camaeleon.org\/en\/wp-json\/wp\/v2\/comments?post=28523"}],"version-history":[{"count":20,"href":"https:\/\/www.camaeleon.org\/en\/wp-json\/wp\/v2\/posts\/28523\/revisions"}],"predecessor-version":[{"id":28699,"href":"https:\/\/www.camaeleon.org\/en\/wp-json\/wp\/v2\/posts\/28523\/revisions\/28699"}],"wp:featuredmedia":[{"embeddable":true,"href":"https:\/\/www.camaeleon.org\/en\/wp-json\/wp\/v2\/media\/28513"}],"wp:attachment":[{"href":"https:\/\/www.camaeleon.org\/en\/wp-json\/wp\/v2\/media?parent=28523"}],"wp:term":[{"taxonomy":"category","embeddable":true,"href":"https:\/\/www.camaeleon.org\/en\/wp-json\/wp\/v2\/categories?post=28523"},{"taxonomy":"post_tag","embeddable":true,"href":"https:\/\/www.camaeleon.org\/en\/wp-json\/wp\/v2\/tags?post=28523"},{"taxonomy":"author","embeddable":true,"href":"https:\/\/www.camaeleon.org\/en\/wp-json\/wp\/v2\/coauthors?post=28523"}],"curies":[{"name":"wp","href":"https:\/\/api.w.org\/{rel}","templated":true}]}}