{"id":28457,"date":"2023-02-19T21:09:30","date_gmt":"2023-02-19T20:09:30","guid":{"rendered":"https:\/\/www.camaeleon.org\/?p=28457"},"modified":"2023-03-31T12:53:57","modified_gmt":"2023-03-31T10:53:57","slug":"elysee-vertrag-feierlichkeiten-am-dfg","status":"publish","type":"post","link":"https:\/\/www.camaeleon.org\/en\/2023\/02\/19\/elysee-vertrag-feierlichkeiten-am-dfg\/","title":{"rendered":"\u00c9lys\u00e9e-Vertrag: Feierlichkeiten am DFG"},"content":{"rendered":"<p>Anl\u00e4sslich des Jubil\u00e4ums des \u00c9lys\u00e9e-Vertrags fand am DFG eine Podiumsdiskussion statt. Mehrere Teilnehmende, darunter auch einige Ex-DFG-Sch\u00fclerInnen, unterhielten sich \u00fcber die deutsch-franz\u00f6sische Bikulturalit\u00e4t.<\/p>\n<p>Cam\u00e4le\u00f3n hatte zudem die M\u00f6glichkeit, Margot F\u00f6rster, eine ehemalige Lehrerin am DFG, zu interviewen. Dabei ging es vor allem um die Anfangszeit unserer Schule.<\/p>\n<div class=\"lyte-wrapper\" style=\"width:1280px;max-width:100%;margin:5px auto;\"><div class=\"lyMe hidef\" id=\"WYL_LtqIzKCG_q4\"><div id=\"lyte_LtqIzKCG_q4\" data-src=\"https:\/\/www.camaeleon.org\/wp-content\/plugins\/wp-youtube-lyte\/lyteCache.php?origThumbUrl=%2F%2Fi.ytimg.com%2Fvi%2FLtqIzKCG_q4%2Fhqdefault.jpg\" class=\"pL\"><div class=\"tC\"><div class=\"tT\"><\/div><\/div><div class=\"play\"><\/div><div class=\"ctrl\"><div class=\"Lctrl\"><\/div><div class=\"Rctrl\"><\/div><\/div><\/div><noscript><a href=\"https:\/\/youtu.be\/LtqIzKCG_q4\" rel=\"nofollow\"><img loading=\"lazy\" decoding=\"async\" src=\"https:\/\/www.camaeleon.org\/wp-content\/plugins\/wp-youtube-lyte\/lyteCache.php?origThumbUrl=https%3A%2F%2Fi.ytimg.com%2Fvi%2FLtqIzKCG_q4%2F0.jpg\" alt=\"YouTube video thumbnail\" width=\"1280\" height=\"700\" \/><br \/>Watch this video on YouTube<\/a><\/noscript><\/div><\/div><div class=\"lL\" style=\"max-width:100%;width:1280px;margin:5px auto;\"><br\/><span class=\"lyte_disclaimer\">By clicking on the video, you establish a connection to Youtube servers. More information in the <a href=\"https:\/\/www.camaeleon.org\/en\/mentions-legales\/declaration-de-protection-des-donnees\/\">privacy statement<\/a>.<\/span><\/div><\/p>\n<p><br \/>\n<br \/>\n<\/p>","protected":false},"excerpt":{"rendered":"<p>Anl\u00e4sslich des Jubil\u00e4ums des \u00c9lys\u00e9e-Vertrags fand am DFG eine Podiumsdiskussion statt. Mehrere Teilnehmende, darunter auch einige Ex-DFG-Sch\u00fclerInnen, unterhielten sich \u00fcber die deutsch-franz\u00f6sische Bikulturalit\u00e4t. Cam\u00e4le\u00f3n hatte<\/p>\n","protected":false},"author":143,"featured_media":28461,"comment_status":"open","ping_status":"closed","sticky":false,"template":"","format":"standard","meta":{"colormag_page_container_layout":"default_layout","colormag_page_sidebar_layout":"default_layout","footnotes":""},"categories":[3,908],"tags":[1323,2183,876,857,1534,2182,2180,2175,2184,2181,2177,2179,2178,1531,2176],"coauthors":[1208,1782,744],"class_list":["post-28457","post","type-post","status-publish","format-standard","has-post-thumbnail","hentry","category-ecole","category-camaeleon-video","tag-amitie-franco-allemande","tag-aylin-guel","tag-deutsch-franzoesische-freundschaft","tag-dfg-saarbruecken","tag-elysee-vertrag","tag-florence-renard","tag-francois-laval","tag-jan-benedyczuk","tag-leandra-viel","tag-margot-foerster","tag-oliver-luksic","tag-sabine-wachs","tag-susanne-freitag-carteron","tag-traite-de-lelysee","tag-werner-zettelmeier"],"yoast_head":"<!-- This site is optimized with the Yoast SEO plugin v27.5 - https:\/\/yoast.com\/product\/yoast-seo-wordpress\/ -->\n<title>\u00c9lys\u00e9e-Vertrag: Feierlichkeiten am DFG - Cam\u00e4l\u00e9on<\/title>\n<meta name=\"description\" content=\"Anl\u00e4sslich des Jubil\u00e4ums des \u00c9lys\u00e9e-Vertrags fand am DFG eine Podiumsdiskussion statt. Cam\u00e4l\u00e9on war mit der Videokamera dabei.\" \/>\n<meta name=\"robots\" content=\"index, follow, max-snippet:-1, max-image-preview:large, max-video-preview:-1\" \/>\n<link rel=\"canonical\" href=\"https:\/\/www.camaeleon.org\/en\/2023\/02\/19\/elysee-vertrag-feierlichkeiten-am-dfg\/\" \/>\n<meta property=\"og:locale\" content=\"en_US\" \/>\n<meta property=\"og:type\" content=\"article\" \/>\n<meta property=\"og:title\" content=\"\u00c9lys\u00e9e-Vertrag: Feierlichkeiten am DFG - Cam\u00e4l\u00e9on\" \/>\n<meta property=\"og:description\" content=\"Anl\u00e4sslich des Jubil\u00e4ums des \u00c9lys\u00e9e-Vertrags fand am DFG eine Podiumsdiskussion statt. Cam\u00e4l\u00e9on war mit der Videokamera dabei.\" \/>\n<meta property=\"og:url\" content=\"https:\/\/www.camaeleon.org\/en\/2023\/02\/19\/elysee-vertrag-feierlichkeiten-am-dfg\/\" \/>\n<meta property=\"og:site_name\" content=\"Cam\u00e4l\u00e9on\" \/>\n<meta property=\"article:publisher\" content=\"https:\/\/www.facebook.com\/camaeleon.org\/\" \/>\n<meta property=\"article:published_time\" content=\"2023-02-19T20:09:30+00:00\" \/>\n<meta property=\"article:modified_time\" content=\"2023-03-31T10:53:57+00:00\" \/>\n<meta property=\"og:image\" content=\"https:\/\/www.camaeleon.org\/wp-content\/uploads\/2023\/02\/thmb-2.jpeg\" \/>\n\t<meta property=\"og:image:width\" content=\"1920\" \/>\n\t<meta property=\"og:image:height\" content=\"1080\" \/>\n\t<meta property=\"og:image:type\" content=\"image\/jpeg\" \/>\n<meta name=\"author\" content=\"Julian Bidot, Ellenore Niederl\u00e4nder, Max Ernst\" \/>\n<meta name=\"twitter:card\" content=\"summary_large_image\" \/>\n<meta name=\"twitter:creator\" content=\"@camaeleonOrg\" \/>\n<meta name=\"twitter:site\" content=\"@camaeleonOrg\" \/>\n<script type=\"application\/ld+json\" class=\"yoast-schema-graph\">{\"@context\":\"https:\\\/\\\/schema.org\",\"@graph\":[{\"@type\":\"Article\",\"@id\":\"https:\\\/\\\/www.camaeleon.org\\\/2023\\\/02\\\/19\\\/elysee-vertrag-feierlichkeiten-am-dfg\\\/#article\",\"isPartOf\":{\"@id\":\"https:\\\/\\\/www.camaeleon.org\\\/2023\\\/02\\\/19\\\/elysee-vertrag-feierlichkeiten-am-dfg\\\/\"},\"author\":{\"name\":\"Julian Bidot\",\"@id\":\"https:\\\/\\\/www.camaeleon.org\\\/de\\\/#\\\/schema\\\/person\\\/4df212263ca8d70a0a60b3cdf9cb792e\"},\"headline\":\"\u00c9lys\u00e9e-Vertrag: Feierlichkeiten am DFG\",\"datePublished\":\"2023-02-19T20:09:30+00:00\",\"dateModified\":\"2023-03-31T10:53:57+00:00\",\"mainEntityOfPage\":{\"@id\":\"https:\\\/\\\/www.camaeleon.org\\\/2023\\\/02\\\/19\\\/elysee-vertrag-feierlichkeiten-am-dfg\\\/\"},\"wordCount\":266,\"commentCount\":0,\"publisher\":{\"@id\":\"https:\\\/\\\/www.camaeleon.org\\\/de\\\/#organization\"},\"image\":{\"@id\":\"https:\\\/\\\/www.camaeleon.org\\\/2023\\\/02\\\/19\\\/elysee-vertrag-feierlichkeiten-am-dfg\\\/#primaryimage\"},\"thumbnailUrl\":\"https:\\\/\\\/www.camaeleon.org\\\/wp-content\\\/uploads\\\/2023\\\/02\\\/thmb-2.jpeg\",\"keywords\":[\"amiti\u00e9 franco-allemande\",\"Aylin G\u00fcl\",\"Deutsch-franz\u00f6sische Freundschaft\",\"DFG Saarbr\u00fccken\",\"Elysee Vertrag\",\"Florence Renard\",\"Fran\u00e7ois Laval\",\"Jan Benedyczuk\",\"Leandra Vi\u00e8l\",\"Margot F\u00f6rster\",\"Oliver Luksic\",\"Sabine Wachs\",\"Susanne Freitag-Carteron\",\"Trait\u00e9 de l'Elys\u00e9e\",\"Werner Zettelmeier\"],\"articleSection\":[\"School\",\"Video\"],\"inLanguage\":\"en-US\",\"potentialAction\":[{\"@type\":\"CommentAction\",\"name\":\"Comment\",\"target\":[\"https:\\\/\\\/www.camaeleon.org\\\/2023\\\/02\\\/19\\\/elysee-vertrag-feierlichkeiten-am-dfg\\\/#respond\"]}]},{\"@type\":\"WebPage\",\"@id\":\"https:\\\/\\\/www.camaeleon.org\\\/en\\\/2023\\\/02\\\/19\\\/elysee-vertrag-feierlichkeiten-am-dfg\\\/\",\"url\":\"https:\\\/\\\/www.camaeleon.org\\\/en\\\/2023\\\/02\\\/19\\\/elysee-vertrag-feierlichkeiten-am-dfg\\\/\",\"name\":\"\u00c9lys\u00e9e-Vertrag: Feierlichkeiten am DFG - Cam\u00e4l\u00e9on\",\"isPartOf\":{\"@id\":\"https:\\\/\\\/www.camaeleon.org\\\/en\\\/#website\"},\"primaryImageOfPage\":{\"@id\":\"https:\\\/\\\/www.camaeleon.org\\\/en\\\/2023\\\/02\\\/19\\\/elysee-vertrag-feierlichkeiten-am-dfg\\\/#primaryimage\"},\"image\":{\"@id\":\"https:\\\/\\\/www.camaeleon.org\\\/2023\\\/02\\\/19\\\/elysee-vertrag-feierlichkeiten-am-dfg\\\/#primaryimage\"},\"thumbnailUrl\":\"https:\\\/\\\/www.camaeleon.org\\\/wp-content\\\/uploads\\\/2023\\\/02\\\/thmb-2.jpeg\",\"datePublished\":\"2023-02-19T20:09:30+00:00\",\"dateModified\":\"2023-03-31T10:53:57+00:00\",\"description\":\"Anl\u00e4sslich des Jubil\u00e4ums des \u00c9lys\u00e9e-Vertrags fand am DFG eine Podiumsdiskussion statt. Cam\u00e4l\u00e9on war mit der Videokamera dabei.\",\"breadcrumb\":{\"@id\":\"https:\\\/\\\/www.camaeleon.org\\\/en\\\/2023\\\/02\\\/19\\\/elysee-vertrag-feierlichkeiten-am-dfg\\\/#breadcrumb\"},\"inLanguage\":\"en-US\",\"potentialAction\":[{\"@type\":\"ReadAction\",\"target\":[[\"https:\\\/\\\/www.camaeleon.org\\\/en\\\/2023\\\/02\\\/19\\\/elysee-vertrag-feierlichkeiten-am-dfg\\\/\"]]}]},{\"@type\":\"ImageObject\",\"inLanguage\":\"en-US\",\"@id\":\"https:\\\/\\\/www.camaeleon.org\\\/en\\\/2023\\\/02\\\/19\\\/elysee-vertrag-feierlichkeiten-am-dfg\\\/#primaryimage\",\"url\":\"https:\\\/\\\/www.camaeleon.org\\\/wp-content\\\/uploads\\\/2023\\\/02\\\/thmb-2.jpeg\",\"contentUrl\":\"https:\\\/\\\/www.camaeleon.org\\\/wp-content\\\/uploads\\\/2023\\\/02\\\/thmb-2.jpeg\",\"width\":1920,\"height\":1080,\"caption\":\"Foto: Cam\u00e4l\u00e9on\"},{\"@type\":\"BreadcrumbList\",\"@id\":\"https:\\\/\\\/www.camaeleon.org\\\/en\\\/2023\\\/02\\\/19\\\/elysee-vertrag-feierlichkeiten-am-dfg\\\/#breadcrumb\",\"itemListElement\":[{\"@type\":\"ListItem\",\"position\":1,\"name\":\"Home\",\"item\":\"https:\\\/\\\/www.camaeleon.org\\\/en\\\/\"},{\"@type\":\"ListItem\",\"position\":2,\"name\":\"Trait\u00e9 de l&rsquo;Elys\u00e9e : Festivit\u00e9s au LFA\"}]},{\"@type\":\"WebSite\",\"@id\":\"https:\\\/\\\/www.camaeleon.org\\\/en\\\/#website\",\"url\":\"https:\\\/\\\/www.camaeleon.org\\\/en\\\/\",\"name\":\"Cam\u00e4l\u00e9on\",\"description\":\"The online student magazine by Deutsch-Franz\u00f6sisches Gymnasium Saarbr\u00fccken\",\"publisher\":{\"@id\":\"https:\\\/\\\/www.camaeleon.org\\\/en\\\/#organization\"},\"potentialAction\":[{\"@type\":\"SearchAction\",\"target\":{\"@type\":\"EntryPoint\",\"urlTemplate\":\"https:\\\/\\\/www.camaeleon.org\\\/en\\\/?s={search_term_string}\"},\"query-input\":{\"@type\":\"PropertyValueSpecification\",\"valueRequired\":true,\"valueName\":\"search_term_string\"}}],\"inLanguage\":\"en-US\"},{\"@type\":\"Organization\",\"@id\":\"https:\\\/\\\/www.camaeleon.org\\\/en\\\/#organization\",\"name\":\"Cam\u00e4l\u00e9on\",\"url\":\"https:\\\/\\\/www.camaeleon.org\\\/en\\\/\",\"logo\":{\"@type\":\"ImageObject\",\"inLanguage\":\"en-US\",\"@id\":\"https:\\\/\\\/www.camaeleon.org\\\/en\\\/#\\\/schema\\\/logo\\\/image\\\/\",\"url\":\"https:\\\/\\\/www.camaeleon.org\\\/wp-content\\\/uploads\\\/2011\\\/11\\\/CAM\u00c4LEON.jpg\",\"contentUrl\":\"https:\\\/\\\/www.camaeleon.org\\\/wp-content\\\/uploads\\\/2011\\\/11\\\/CAM\u00c4LEON.jpg\",\"width\":959,\"height\":959,\"caption\":\"Cam\u00e4l\u00e9on\"},\"image\":{\"@id\":\"https:\\\/\\\/www.camaeleon.org\\\/en\\\/#\\\/schema\\\/logo\\\/image\\\/\"},\"sameAs\":[\"https:\\\/\\\/www.facebook.com\\\/camaeleon.org\\\/\",\"https:\\\/\\\/x.com\\\/camaeleonOrg\",\"https:\\\/\\\/www.instagram.com\\\/camaeleon.dfg\\\/\",\"https:\\\/\\\/www.youtube.com\\\/channel\\\/UCl3TAUDdGuu_c7CD6ax6hYg\"]},{\"@type\":\"Person\",\"@id\":\"https:\\\/\\\/www.camaeleon.org\\\/de\\\/#\\\/schema\\\/person\\\/4df212263ca8d70a0a60b3cdf9cb792e\",\"name\":\"Julian Bidot\",\"image\":{\"@type\":\"ImageObject\",\"inLanguage\":\"en-US\",\"@id\":\"https:\\\/\\\/www.camaeleon.org\\\/en\\\/wp-content\\\/uploads\\\/2020\\\/12\\\/julian.jpgeeb77fb6f9ba90c8300a9123a3909722\",\"url\":\"https:\\\/\\\/www.camaeleon.org\\\/wp-content\\\/uploads\\\/2020\\\/12\\\/julian.jpg\",\"contentUrl\":\"https:\\\/\\\/www.camaeleon.org\\\/wp-content\\\/uploads\\\/2020\\\/12\\\/julian.jpg\",\"caption\":\"Julian Bidot\"},\"description\":\"Salut! Je m`appelle Julian. Voici quelques informations sur moi : - Depuis 2020 \u00e0 camaeleon.org - 18 ans - classe TL \u00c9crivez-moi des commentaires ou un mail! Amusez-vous bien sur cameleon.org !\",\"url\":\"https:\\\/\\\/www.camaeleon.org\\\/en\\\/author\\\/julian-bidot\\\/\"}]}<\/script>\n<!-- \/ Yoast SEO plugin. -->","yoast_head_json":{"title":"\u00c9lys\u00e9e-Vertrag: Feierlichkeiten am DFG - Cam\u00e4l\u00e9on","description":"Anl\u00e4sslich des Jubil\u00e4ums des \u00c9lys\u00e9e-Vertrags fand am DFG eine Podiumsdiskussion statt. Cam\u00e4l\u00e9on war mit der Videokamera dabei.","robots":{"index":"index","follow":"follow","max-snippet":"max-snippet:-1","max-image-preview":"max-image-preview:large","max-video-preview":"max-video-preview:-1"},"canonical":"https:\/\/www.camaeleon.org\/en\/2023\/02\/19\/elysee-vertrag-feierlichkeiten-am-dfg\/","og_locale":"en_US","og_type":"article","og_title":"\u00c9lys\u00e9e-Vertrag: Feierlichkeiten am DFG - Cam\u00e4l\u00e9on","og_description":"Anl\u00e4sslich des Jubil\u00e4ums des \u00c9lys\u00e9e-Vertrags fand am DFG eine Podiumsdiskussion statt. Cam\u00e4l\u00e9on war mit der Videokamera dabei.","og_url":"https:\/\/www.camaeleon.org\/en\/2023\/02\/19\/elysee-vertrag-feierlichkeiten-am-dfg\/","og_site_name":"Cam\u00e4l\u00e9on","article_publisher":"https:\/\/www.facebook.com\/camaeleon.org\/","article_published_time":"2023-02-19T20:09:30+00:00","article_modified_time":"2023-03-31T10:53:57+00:00","og_image":[{"width":1920,"height":1080,"url":"https:\/\/www.camaeleon.org\/wp-content\/uploads\/2023\/02\/thmb-2.jpeg","type":"image\/jpeg"}],"author":"Julian Bidot, Ellenore Niederl\u00e4nder, Max Ernst","twitter_card":"summary_large_image","twitter_creator":"@camaeleonOrg","twitter_site":"@camaeleonOrg","schema":{"@context":"https:\/\/schema.org","@graph":[{"@type":"Article","@id":"https:\/\/www.camaeleon.org\/2023\/02\/19\/elysee-vertrag-feierlichkeiten-am-dfg\/#article","isPartOf":{"@id":"https:\/\/www.camaeleon.org\/2023\/02\/19\/elysee-vertrag-feierlichkeiten-am-dfg\/"},"author":{"name":"Julian Bidot","@id":"https:\/\/www.camaeleon.org\/de\/#\/schema\/person\/4df212263ca8d70a0a60b3cdf9cb792e"},"headline":"\u00c9lys\u00e9e-Vertrag: Feierlichkeiten am DFG","datePublished":"2023-02-19T20:09:30+00:00","dateModified":"2023-03-31T10:53:57+00:00","mainEntityOfPage":{"@id":"https:\/\/www.camaeleon.org\/2023\/02\/19\/elysee-vertrag-feierlichkeiten-am-dfg\/"},"wordCount":266,"commentCount":0,"publisher":{"@id":"https:\/\/www.camaeleon.org\/de\/#organization"},"image":{"@id":"https:\/\/www.camaeleon.org\/2023\/02\/19\/elysee-vertrag-feierlichkeiten-am-dfg\/#primaryimage"},"thumbnailUrl":"https:\/\/www.camaeleon.org\/wp-content\/uploads\/2023\/02\/thmb-2.jpeg","keywords":["amiti\u00e9 franco-allemande","Aylin G\u00fcl","Deutsch-franz\u00f6sische Freundschaft","DFG Saarbr\u00fccken","Elysee Vertrag","Florence Renard","Fran\u00e7ois Laval","Jan Benedyczuk","Leandra Vi\u00e8l","Margot F\u00f6rster","Oliver Luksic","Sabine Wachs","Susanne Freitag-Carteron","Trait\u00e9 de l'Elys\u00e9e","Werner Zettelmeier"],"articleSection":["School","Video"],"inLanguage":"en-US","potentialAction":[{"@type":"CommentAction","name":"Comment","target":["https:\/\/www.camaeleon.org\/2023\/02\/19\/elysee-vertrag-feierlichkeiten-am-dfg\/#respond"]}]},{"@type":"WebPage","@id":"https:\/\/www.camaeleon.org\/en\/2023\/02\/19\/elysee-vertrag-feierlichkeiten-am-dfg\/","url":"https:\/\/www.camaeleon.org\/en\/2023\/02\/19\/elysee-vertrag-feierlichkeiten-am-dfg\/","name":"\u00c9lys\u00e9e-Vertrag: Feierlichkeiten am DFG - Cam\u00e4l\u00e9on","isPartOf":{"@id":"https:\/\/www.camaeleon.org\/en\/#website"},"primaryImageOfPage":{"@id":"https:\/\/www.camaeleon.org\/en\/2023\/02\/19\/elysee-vertrag-feierlichkeiten-am-dfg\/#primaryimage"},"image":{"@id":"https:\/\/www.camaeleon.org\/2023\/02\/19\/elysee-vertrag-feierlichkeiten-am-dfg\/#primaryimage"},"thumbnailUrl":"https:\/\/www.camaeleon.org\/wp-content\/uploads\/2023\/02\/thmb-2.jpeg","datePublished":"2023-02-19T20:09:30+00:00","dateModified":"2023-03-31T10:53:57+00:00","description":"Anl\u00e4sslich des Jubil\u00e4ums des \u00c9lys\u00e9e-Vertrags fand am DFG eine Podiumsdiskussion statt. Cam\u00e4l\u00e9on war mit der Videokamera dabei.","breadcrumb":{"@id":"https:\/\/www.camaeleon.org\/en\/2023\/02\/19\/elysee-vertrag-feierlichkeiten-am-dfg\/#breadcrumb"},"inLanguage":"en-US","potentialAction":[{"@type":"ReadAction","target":[["https:\/\/www.camaeleon.org\/en\/2023\/02\/19\/elysee-vertrag-feierlichkeiten-am-dfg\/"]]}]},{"@type":"ImageObject","inLanguage":"en-US","@id":"https:\/\/www.camaeleon.org\/en\/2023\/02\/19\/elysee-vertrag-feierlichkeiten-am-dfg\/#primaryimage","url":"https:\/\/www.camaeleon.org\/wp-content\/uploads\/2023\/02\/thmb-2.jpeg","contentUrl":"https:\/\/www.camaeleon.org\/wp-content\/uploads\/2023\/02\/thmb-2.jpeg","width":1920,"height":1080,"caption":"Foto: Cam\u00e4l\u00e9on"},{"@type":"BreadcrumbList","@id":"https:\/\/www.camaeleon.org\/en\/2023\/02\/19\/elysee-vertrag-feierlichkeiten-am-dfg\/#breadcrumb","itemListElement":[{"@type":"ListItem","position":1,"name":"Home","item":"https:\/\/www.camaeleon.org\/en\/"},{"@type":"ListItem","position":2,"name":"Trait\u00e9 de l&rsquo;Elys\u00e9e : Festivit\u00e9s au LFA"}]},{"@type":"WebSite","@id":"https:\/\/www.camaeleon.org\/en\/#website","url":"https:\/\/www.camaeleon.org\/en\/","name":"Cam\u00e4l\u00e9on","description":"The online student magazine by Deutsch-Franz\u00f6sisches Gymnasium Saarbr\u00fccken","publisher":{"@id":"https:\/\/www.camaeleon.org\/en\/#organization"},"potentialAction":[{"@type":"SearchAction","target":{"@type":"EntryPoint","urlTemplate":"https:\/\/www.camaeleon.org\/en\/?s={search_term_string}"},"query-input":{"@type":"PropertyValueSpecification","valueRequired":true,"valueName":"search_term_string"}}],"inLanguage":"en-US"},{"@type":"Organization","@id":"https:\/\/www.camaeleon.org\/en\/#organization","name":"Cam\u00e4l\u00e9on","url":"https:\/\/www.camaeleon.org\/en\/","logo":{"@type":"ImageObject","inLanguage":"en-US","@id":"https:\/\/www.camaeleon.org\/en\/#\/schema\/logo\/image\/","url":"https:\/\/www.camaeleon.org\/wp-content\/uploads\/2011\/11\/CAM\u00c4LEON.jpg","contentUrl":"https:\/\/www.camaeleon.org\/wp-content\/uploads\/2011\/11\/CAM\u00c4LEON.jpg","width":959,"height":959,"caption":"Cam\u00e4l\u00e9on"},"image":{"@id":"https:\/\/www.camaeleon.org\/en\/#\/schema\/logo\/image\/"},"sameAs":["https:\/\/www.facebook.com\/camaeleon.org\/","https:\/\/x.com\/camaeleonOrg","https:\/\/www.instagram.com\/camaeleon.dfg\/","https:\/\/www.youtube.com\/channel\/UCl3TAUDdGuu_c7CD6ax6hYg"]},{"@type":"Person","@id":"https:\/\/www.camaeleon.org\/de\/#\/schema\/person\/4df212263ca8d70a0a60b3cdf9cb792e","name":"Julian Bidot","image":{"@type":"ImageObject","inLanguage":"en-US","@id":"https:\/\/www.camaeleon.org\/en\/wp-content\/uploads\/2020\/12\/julian.jpgeeb77fb6f9ba90c8300a9123a3909722","url":"https:\/\/www.camaeleon.org\/wp-content\/uploads\/2020\/12\/julian.jpg","contentUrl":"https:\/\/www.camaeleon.org\/wp-content\/uploads\/2020\/12\/julian.jpg","caption":"Julian Bidot"},"description":"Salut! Je m`appelle Julian. Voici quelques informations sur moi : - Depuis 2020 \u00e0 camaeleon.org - 18 ans - classe TL \u00c9crivez-moi des commentaires ou un mail! Amusez-vous bien sur cameleon.org !","url":"https:\/\/www.camaeleon.org\/en\/author\/julian-bidot\/"}]}},"_links":{"self":[{"href":"https:\/\/www.camaeleon.org\/en\/wp-json\/wp\/v2\/posts\/28457","targetHints":{"allow":["GET"]}}],"collection":[{"href":"https:\/\/www.camaeleon.org\/en\/wp-json\/wp\/v2\/posts"}],"about":[{"href":"https:\/\/www.camaeleon.org\/en\/wp-json\/wp\/v2\/types\/post"}],"author":[{"embeddable":true,"href":"https:\/\/www.camaeleon.org\/en\/wp-json\/wp\/v2\/users\/143"}],"replies":[{"embeddable":true,"href":"https:\/\/www.camaeleon.org\/en\/wp-json\/wp\/v2\/comments?post=28457"}],"version-history":[{"count":5,"href":"https:\/\/www.camaeleon.org\/en\/wp-json\/wp\/v2\/posts\/28457\/revisions"}],"predecessor-version":[{"id":28696,"href":"https:\/\/www.camaeleon.org\/en\/wp-json\/wp\/v2\/posts\/28457\/revisions\/28696"}],"wp:featuredmedia":[{"embeddable":true,"href":"https:\/\/www.camaeleon.org\/en\/wp-json\/wp\/v2\/media\/28461"}],"wp:attachment":[{"href":"https:\/\/www.camaeleon.org\/en\/wp-json\/wp\/v2\/media?parent=28457"}],"wp:term":[{"taxonomy":"category","embeddable":true,"href":"https:\/\/www.camaeleon.org\/en\/wp-json\/wp\/v2\/categories?post=28457"},{"taxonomy":"post_tag","embeddable":true,"href":"https:\/\/www.camaeleon.org\/en\/wp-json\/wp\/v2\/tags?post=28457"},{"taxonomy":"author","embeddable":true,"href":"https:\/\/www.camaeleon.org\/en\/wp-json\/wp\/v2\/coauthors?post=28457"}],"curies":[{"name":"wp","href":"https:\/\/api.w.org\/{rel}","templated":true}]}}