{"id":28363,"date":"2023-02-19T10:19:16","date_gmt":"2023-02-19T09:19:16","guid":{"rendered":"https:\/\/www.camaeleon.org\/?p=28363"},"modified":"2023-03-31T12:50:38","modified_gmt":"2023-03-31T10:50:38","slug":"vacances-dhiver-decouvrir-le-grand-est","status":"publish","type":"post","link":"https:\/\/www.camaeleon.org\/en\/2023\/02\/19\/vacances-dhiver-decouvrir-le-grand-est\/","title":{"rendered":"Vacances d&#8217;hiver : d\u00e9couvrir le Grand Est!"},"content":{"rendered":"<p><figure id=\"attachment_28446\" aria-describedby=\"caption-attachment-28446\" style=\"width: 300px\" class=\"wp-caption alignleft\"><img loading=\"lazy\" decoding=\"async\" class=\"size-medium wp-image-28446\" src=\"https:\/\/www.camaeleon.org\/wp-content\/uploads\/2023\/02\/strasbourg-gfe56df943_1920-300x200.jpg\" alt=\"\" width=\"300\" height=\"200\" srcset=\"https:\/\/www.camaeleon.org\/wp-content\/uploads\/2023\/02\/strasbourg-gfe56df943_1920-300x200.jpg 300w, https:\/\/www.camaeleon.org\/wp-content\/uploads\/2023\/02\/strasbourg-gfe56df943_1920-880x585.jpg 880w, https:\/\/www.camaeleon.org\/wp-content\/uploads\/2023\/02\/strasbourg-gfe56df943_1920-1536x1022.jpg 1536w, https:\/\/www.camaeleon.org\/wp-content\/uploads\/2023\/02\/strasbourg-gfe56df943_1920.jpg 1920w\" sizes=\"auto, (max-width: 300px) 100vw, 300px\" \/><figcaption id=\"caption-attachment-28446\" class=\"wp-caption-text\">Source: Pixabay (Image by Monika Neumann )<\/figcaption><\/figure><\/p>\n<p>Vous ne partez pas au ski, vous ne savez pas quoi faire pendant les vacances de f\u00e9vrier? Vous habitez dans le Grand Est ou \u00e0 sa fronti\u00e8re? Partez \u00e0 la d\u00e9couverte de notre belle r\u00e9gion!\u00a0Des lieux magnifiques \u00e0 visiter, des endroits merveilleux \u00e0 ne pas manquer et des activit\u00e9s diverses \u00e0 ne pas rater\u2026<\/p>\n<ul>\n<li><u>Pour les f\u00e9rus d&#8217;histoire et d&#8217;art<\/u>:\n<ul>\n<li>Envie d&#8217;explorer le riche patrimoine alsacien en famille pendant les vacances de f\u00e9vrier ? Rendez-vous au <a href=\"https:\/\/www.haut-koenigsbourg.fr\/fr\/\" target=\"_blank\" rel=\"noopener\"><strong>Ch\u00e2teau du Haut-Koenigsbourg <\/strong><\/a>dans le sud de l\u2019Alsace pour une vir\u00e9e ludique et enrichissante \u00e0 la d\u00e9couverte d&#8217;un monument historique incroyable.<\/li>\n<\/ul>\n<\/li>\n<\/ul>\n<ul>\n<li>\n<ul>\n<li>Envie de d\u00e9couvrir <strong><a href=\"https:\/\/www.tourisme-verdun.com\/\" target=\"_blank\" rel=\"noopener\">Verdun<\/a> <\/strong>et son histoire, ville dont le nom \u00e9voque la Grande Guerre? Verdun vous offre la possibilit\u00e9 de visiter un mus\u00e9e consacr\u00e9 \u00e0 l\u2019histoire de la bataille, de parcourir la Citadelle Souterraine \u00e0 l\u2019aide d\u2019un casque de r\u00e9alit\u00e9 augment\u00e9e et vous propose divers spectacles&#8230;<\/li>\n<\/ul>\n<\/li>\n<\/ul>\n<ul>\n<li>\n<ul>\n<li>Envie d&#8217; une <strong>sortie culturelle in\u00e9dite?<\/strong> D\u00e9couvrez &#8220;<a href=\"https:\/\/www.centrepompidou-metz.fr\/fr\/programmation\/exposition\/les-portes-du-possible\" target=\"_blank\" rel=\"noopener\">Les Portes du possible<\/a>&#8220;, une exposition art et fiction que vous pourrez aller voir jusqu&#8217;au 10 avril 2023 au centre Pompidou \u00e0 Metz, mais pleins d&#8217;autres expositions insolites vous attendent encore&#8230;<\/li>\n<\/ul>\n<\/li>\n<\/ul>\n<p>&nbsp;<\/p>\n<ul>\n<li><u>Pour les curieux\u00a0:<\/u>\n<ul>\n<li>Visitez une ville pleine de curiosit\u00e9s! N\u2019attendez plus et allez visiter\u00a0<a href=\"https:\/\/www.visitstrasbourg.fr\/\" target=\"_blank\" rel=\"noopener\"><strong>Strasbourg<\/strong><\/a>! Cette ville vous offre des quartiers magnifiques : \u00a0le quartier de La Petite France, le quartier de la R\u00e9publique\u2026 Elle dispose aussi d\u2019un Mus\u00e9e d\u2019Art contemporain pour les amateurs. Et l\u2019incontournable \u00e0 ne pas manquer, la cath\u00e9drale Notre-Dame de Strasbourg! \u00c9videmment, avant de quitter la capitale alsacienne, n\u2019oubliez pas de go\u00fbter une tarte flamb\u00e9e !<\/li>\n<\/ul>\n<\/li>\n<\/ul>\n<ul>\n<li>\n<ul>\n<li>Visitez un lieu franco-allemand, rendez-vous \u00e0 <strong>la\u00a0porte des Allemands <\/strong>et<strong> \u00e0 la gare <\/strong>de Metz, o\u00f9 vous pourrez faire toutes sortes d\u2019activit\u00e9s: expositions, spectacles, visites guid\u00e9es, ateliers p\u00e9dagogiques\u2026<\/li>\n<\/ul>\n<\/li>\n<\/ul>\n<p>&nbsp;<\/p>\n<ul>\n<li><u>Pour les sportifs\u00a0: <\/u>\n<ul>\n<li>Vous ne voulez ou ne pouvez pas aller en montagnes? Allez faire du ski au <a href=\"https:\/\/www.snowworld.com\/amneville\/fr?UTM_source=GMB_listing&amp;UTM_medium=organic\" target=\"_blank\" rel=\"noopener\"><strong>Snowworld<\/strong> d&#8217;Amn\u00e9ville<\/a>\u00a0!<\/li>\n<\/ul>\n<\/li>\n<\/ul>\n<ul>\n<li>\n<ul>\n<li>Visiter un coin de verdure avec tous paysages confondus du Bas et Haut-Rhin \u00e0 pied ou \u00e0 v\u00e9lo? Partez pour <strong>la route des vins <\/strong>(sans consommation d&#8217;alcool pour vous, bien entendu)!<\/li>\n<\/ul>\n<\/li>\n<\/ul>\n<ul>\n<li>\n<ul>\n<li>Envie de frissons ? Partez faire un parcours d&#8217;accrobranche \u00e0 <a href=\"https:\/\/www.centerparcs.fr\/fr-fr\/france\/fp_TF_vacances-domaine-les-trois-forets\" target=\"_blank\" rel=\"noopener\"><strong>Center Parc<\/strong> dans le domaine des trois for\u00eats \u00e0 Hattigny<\/a>!<\/li>\n<\/ul>\n<\/li>\n<\/ul>\n<p>&nbsp;<\/p>\n<ul>\n<li><u>En famille\u00a0: <\/u><\/li>\n<\/ul>\n<ul>\n<li>\n<ul>\n<li>Vous ne trouvez rien d&#8217;int\u00e9ressant \u00e0 faire? Vous ne savez pas o\u00f9 aller en famille? Je vous conseille alors le <a href=\"https:\/\/parcsaintecroix.com\/\" target=\"_blank\" rel=\"noopener\"><strong>parc animalier de Sainte Croix<\/strong><\/a> avec toutes sortes d&#8217;animaux. Vous pourrez m\u00eame y faire un s\u00e9jour nature \u00e0 ne pas manquer, face aux coyotes, aux ours noirs et aux ratons-laveurs que vous pourrez observer des chambres et terrasses&#8230;<\/li>\n<\/ul>\n<\/li>\n<\/ul>\n<ul>\n<li>\n<ul>\n<li>Ne manquez pas l&#8217;\u00e9v\u00e9nement incontournable de l&#8217;hiver dans le Grand-Est d\u00e8s la nuit tomb\u00e9e! Vous avez la chance de pouvoir visiter un lieu magique jusqu&#8217;au 25 mars: le fabuleux <a href=\"https:\/\/zoo-amneville.com\/festival-luminescences-2\/\" target=\"_blank\" rel=\"noopener\"><strong>Festival Luminescences<\/strong><\/a> au zoo d&#8217;Amn\u00e9ville. Vous aurez la chance de suivre un parcours lumineux et sonore au c\u0153ur d&#8217;un jardin f\u00e9\u00e9rique, de rencontrer des cr\u00e9atures aux couleurs \u00e9clatantes et aux formes \u00e9tonnantes&#8230;<\/li>\n<\/ul>\n<\/li>\n<\/ul>\n<p>&nbsp;<\/p>\n<ul>\n<li><u>Pour se d\u00e9tendre et prendre du bon temps\u00a0: <\/u><\/li>\n<\/ul>\n<ul>\n<li>\n<ul>\n<li>Aller au <strong>cin\u00e9ma<\/strong>? Mais vous ne savez pas quoi aller voir? &#8220;Alibi.com 2&#8221; est de sorti. Envie de h\u00e9ros classiques?: en avant pour &#8220;Asterix et Obelix: l&#8217;Empire du milieu&#8221;. Sinon, un film fantastique pourrait vou plaire: &#8220;Ant-man et la gu\u00eape: Quantumania&#8221;. Tous ces films passent dans la plupart des cin\u00e9mas du Grand-Est.<\/li>\n<\/ul>\n<\/li>\n<li>\n<ul>\n<li>Envie de bon temps et de relaxation\u00a0? Allez <strong>au spa thermal<\/strong> \u00e0 la <a href=\"https:\/\/polethermalamneville.com\/villa-pompei\/\" target=\"_blank\" rel=\"noopener\">Villa Pomp\u00e9i<\/a> \u00e0 Amn\u00e9ville ou <a href=\"https:\/\/www.thermes-vittel.com\/fr\/accueil.html\" target=\"_blank\" rel=\"noopener\"><strong>aux thermes<\/strong> \u00e0 Vittel<\/a>\u00a0!<\/li>\n<\/ul>\n<\/li>\n<\/ul>\n<ul>\n<li>\n<ul>\n<li>Un petit creux avec toutes ses visites et ses p\u00e9rip\u00e9ties? Arr\u00eatez-vous \u00e0 l&#8217;une des p\u00e2tisseries les plus r\u00e9put\u00e9es de Metz, chez <a href=\"https:\/\/www.bourguignonmetz.fr\/\" target=\"_blank\" rel=\"noopener\"><strong>Bourguignon<\/strong><\/a>!<\/li>\n<\/ul>\n<\/li>\n<\/ul>\n<p>Quoi que vous fassiez, profitez bien de cette semaine de vacances bien m\u00e9rit\u00e9es pour tous!<\/p>","protected":false},"excerpt":{"rendered":"<p>Vous ne partez pas au ski, vous ne savez pas quoi faire pendant les vacances de f\u00e9vrier? Vous habitez dans le Grand Est ou \u00e0<\/p>\n","protected":false},"author":161,"featured_media":28446,"comment_status":"open","ping_status":"closed","sticky":false,"template":"","format":"standard","meta":{"colormag_page_container_layout":"default_layout","colormag_page_sidebar_layout":"default_layout","footnotes":""},"categories":[8,5],"tags":[2172,2166,2170,2167,2168,2171,2169,1562,535,554,2173],"coauthors":[2041],"class_list":["post-28363","post","type-post","status-publish","format-standard","has-post-thumbnail","hentry","category-culture","category-monde","tag-festival-luminescences","tag-grand-est","tag-hattigny","tag-haut-koenigsbourg","tag-les-portes-du-possible","tag-parc-animalier-de-sainte-croix","tag-snowworld-amneville","tag-strasbourg","tag-vacances","tag-verdun","tag-vittel"],"yoast_head":"<!-- This site is optimized with the Yoast SEO plugin v27.5 - https:\/\/yoast.com\/product\/yoast-seo-wordpress\/ -->\n<title>Vacances d&#039;hiver : d\u00e9couvrir le Grand Est! - Cam\u00e4l\u00e9on<\/title>\n<meta name=\"description\" content=\"Partez \u00e0 la d\u00e9couverte du Grand Est !\u00a0Des lieux magnifiques \u00e0 visiter et des activit\u00e9s diverses \u00e0 ne pas rater\u2026\" \/>\n<meta name=\"robots\" content=\"index, follow, max-snippet:-1, max-image-preview:large, max-video-preview:-1\" \/>\n<link rel=\"canonical\" href=\"https:\/\/www.camaeleon.org\/en\/2023\/02\/19\/vacances-dhiver-decouvrir-le-grand-est\/\" \/>\n<meta property=\"og:locale\" content=\"en_US\" \/>\n<meta property=\"og:type\" content=\"article\" \/>\n<meta property=\"og:title\" content=\"Vacances d&#039;hiver : d\u00e9couvrir le Grand Est! - Cam\u00e4l\u00e9on\" \/>\n<meta property=\"og:description\" content=\"Partez \u00e0 la d\u00e9couverte du Grand Est !\u00a0Des lieux magnifiques \u00e0 visiter et des activit\u00e9s diverses \u00e0 ne pas rater\u2026\" \/>\n<meta property=\"og:url\" content=\"https:\/\/www.camaeleon.org\/en\/2023\/02\/19\/vacances-dhiver-decouvrir-le-grand-est\/\" \/>\n<meta property=\"og:site_name\" content=\"Cam\u00e4l\u00e9on\" \/>\n<meta property=\"article:publisher\" content=\"https:\/\/www.facebook.com\/camaeleon.org\/\" \/>\n<meta property=\"article:published_time\" content=\"2023-02-19T09:19:16+00:00\" \/>\n<meta property=\"article:modified_time\" content=\"2023-03-31T10:50:38+00:00\" \/>\n<meta property=\"og:image\" content=\"https:\/\/www.camaeleon.org\/wp-content\/uploads\/2023\/02\/strasbourg-gfe56df943_1920.jpg\" \/>\n\t<meta property=\"og:image:width\" content=\"1920\" \/>\n\t<meta property=\"og:image:height\" content=\"1277\" \/>\n\t<meta property=\"og:image:type\" content=\"image\/jpeg\" \/>\n<meta name=\"author\" content=\"M\u00e9lina Schmitt-Clanch\u00e9\" \/>\n<meta name=\"twitter:card\" content=\"summary_large_image\" \/>\n<meta name=\"twitter:creator\" content=\"@camaeleonOrg\" \/>\n<meta name=\"twitter:site\" content=\"@camaeleonOrg\" \/>\n<script type=\"application\/ld+json\" class=\"yoast-schema-graph\">{\"@context\":\"https:\\\/\\\/schema.org\",\"@graph\":[{\"@type\":\"Article\",\"@id\":\"https:\\\/\\\/www.camaeleon.org\\\/2023\\\/02\\\/19\\\/vacances-dhiver-decouvrir-le-grand-est\\\/#article\",\"isPartOf\":{\"@id\":\"https:\\\/\\\/www.camaeleon.org\\\/2023\\\/02\\\/19\\\/vacances-dhiver-decouvrir-le-grand-est\\\/\"},\"author\":{\"name\":\"M\u00e9lina Schmitt-Clanch\u00e9\",\"@id\":\"https:\\\/\\\/www.camaeleon.org\\\/de\\\/#\\\/schema\\\/person\\\/9ab272ff60efeba8059884189bf167f2\"},\"headline\":\"Vacances d&#8217;hiver : d\u00e9couvrir le Grand Est!\",\"datePublished\":\"2023-02-19T09:19:16+00:00\",\"dateModified\":\"2023-03-31T10:50:38+00:00\",\"mainEntityOfPage\":{\"@id\":\"https:\\\/\\\/www.camaeleon.org\\\/2023\\\/02\\\/19\\\/vacances-dhiver-decouvrir-le-grand-est\\\/\"},\"wordCount\":1997,\"commentCount\":0,\"publisher\":{\"@id\":\"https:\\\/\\\/www.camaeleon.org\\\/de\\\/#organization\"},\"image\":{\"@id\":\"https:\\\/\\\/www.camaeleon.org\\\/2023\\\/02\\\/19\\\/vacances-dhiver-decouvrir-le-grand-est\\\/#primaryimage\"},\"thumbnailUrl\":\"https:\\\/\\\/www.camaeleon.org\\\/wp-content\\\/uploads\\\/2023\\\/02\\\/strasbourg-gfe56df943_1920.jpg\",\"keywords\":[\"Festival Luminescences\",\"Grand-Est\",\"Hattigny\",\"Haut-Koenigsbourg\",\"Les Portes du possible\",\"parc animalier de Sainte Croix\",\"Snowworld Amn\u00e9ville\",\"Strasbourg\",\"Vacances\",\"Verdun\",\"Vittel\"],\"articleSection\":[\"Culture\",\"World\"],\"inLanguage\":\"en-US\",\"potentialAction\":[{\"@type\":\"CommentAction\",\"name\":\"Comment\",\"target\":[\"https:\\\/\\\/www.camaeleon.org\\\/2023\\\/02\\\/19\\\/vacances-dhiver-decouvrir-le-grand-est\\\/#respond\"]}]},{\"@type\":\"WebPage\",\"@id\":\"https:\\\/\\\/www.camaeleon.org\\\/en\\\/2023\\\/02\\\/19\\\/vacances-dhiver-decouvrir-le-grand-est\\\/\",\"url\":\"https:\\\/\\\/www.camaeleon.org\\\/en\\\/2023\\\/02\\\/19\\\/vacances-dhiver-decouvrir-le-grand-est\\\/\",\"name\":\"Vacances d'hiver : d\u00e9couvrir le Grand Est! - Cam\u00e4l\u00e9on\",\"isPartOf\":{\"@id\":\"https:\\\/\\\/www.camaeleon.org\\\/en\\\/#website\"},\"primaryImageOfPage\":{\"@id\":\"https:\\\/\\\/www.camaeleon.org\\\/en\\\/2023\\\/02\\\/19\\\/vacances-dhiver-decouvrir-le-grand-est\\\/#primaryimage\"},\"image\":{\"@id\":\"https:\\\/\\\/www.camaeleon.org\\\/2023\\\/02\\\/19\\\/vacances-dhiver-decouvrir-le-grand-est\\\/#primaryimage\"},\"thumbnailUrl\":\"https:\\\/\\\/www.camaeleon.org\\\/wp-content\\\/uploads\\\/2023\\\/02\\\/strasbourg-gfe56df943_1920.jpg\",\"datePublished\":\"2023-02-19T09:19:16+00:00\",\"dateModified\":\"2023-03-31T10:50:38+00:00\",\"description\":\"Partez \u00e0 la d\u00e9couverte du Grand Est !\u00a0Des lieux magnifiques \u00e0 visiter et des activit\u00e9s diverses \u00e0 ne pas rater\u2026\",\"breadcrumb\":{\"@id\":\"https:\\\/\\\/www.camaeleon.org\\\/en\\\/2023\\\/02\\\/19\\\/vacances-dhiver-decouvrir-le-grand-est\\\/#breadcrumb\"},\"inLanguage\":\"en-US\",\"potentialAction\":[{\"@type\":\"ReadAction\",\"target\":[[\"https:\\\/\\\/www.camaeleon.org\\\/en\\\/2023\\\/02\\\/19\\\/vacances-dhiver-decouvrir-le-grand-est\\\/\"]]}]},{\"@type\":\"ImageObject\",\"inLanguage\":\"en-US\",\"@id\":\"https:\\\/\\\/www.camaeleon.org\\\/en\\\/2023\\\/02\\\/19\\\/vacances-dhiver-decouvrir-le-grand-est\\\/#primaryimage\",\"url\":\"https:\\\/\\\/www.camaeleon.org\\\/wp-content\\\/uploads\\\/2023\\\/02\\\/strasbourg-gfe56df943_1920.jpg\",\"contentUrl\":\"https:\\\/\\\/www.camaeleon.org\\\/wp-content\\\/uploads\\\/2023\\\/02\\\/strasbourg-gfe56df943_1920.jpg\",\"width\":1920,\"height\":1277,\"caption\":\"Source: Pixabay (Image by Monika Neumann )\"},{\"@type\":\"BreadcrumbList\",\"@id\":\"https:\\\/\\\/www.camaeleon.org\\\/en\\\/2023\\\/02\\\/19\\\/vacances-dhiver-decouvrir-le-grand-est\\\/#breadcrumb\",\"itemListElement\":[{\"@type\":\"ListItem\",\"position\":1,\"name\":\"Home\",\"item\":\"https:\\\/\\\/www.camaeleon.org\\\/en\\\/\"},{\"@type\":\"ListItem\",\"position\":2,\"name\":\"Vacances d&rsquo;hiver : d\u00e9couvrir le Grand Est!\"}]},{\"@type\":\"WebSite\",\"@id\":\"https:\\\/\\\/www.camaeleon.org\\\/en\\\/#website\",\"url\":\"https:\\\/\\\/www.camaeleon.org\\\/en\\\/\",\"name\":\"Cam\u00e4l\u00e9on\",\"description\":\"The online student magazine by Deutsch-Franz\u00f6sisches Gymnasium Saarbr\u00fccken\",\"publisher\":{\"@id\":\"https:\\\/\\\/www.camaeleon.org\\\/en\\\/#organization\"},\"potentialAction\":[{\"@type\":\"SearchAction\",\"target\":{\"@type\":\"EntryPoint\",\"urlTemplate\":\"https:\\\/\\\/www.camaeleon.org\\\/en\\\/?s={search_term_string}\"},\"query-input\":{\"@type\":\"PropertyValueSpecification\",\"valueRequired\":true,\"valueName\":\"search_term_string\"}}],\"inLanguage\":\"en-US\"},{\"@type\":\"Organization\",\"@id\":\"https:\\\/\\\/www.camaeleon.org\\\/en\\\/#organization\",\"name\":\"Cam\u00e4l\u00e9on\",\"url\":\"https:\\\/\\\/www.camaeleon.org\\\/en\\\/\",\"logo\":{\"@type\":\"ImageObject\",\"inLanguage\":\"en-US\",\"@id\":\"https:\\\/\\\/www.camaeleon.org\\\/en\\\/#\\\/schema\\\/logo\\\/image\\\/\",\"url\":\"https:\\\/\\\/www.camaeleon.org\\\/wp-content\\\/uploads\\\/2011\\\/11\\\/CAM\u00c4LEON.jpg\",\"contentUrl\":\"https:\\\/\\\/www.camaeleon.org\\\/wp-content\\\/uploads\\\/2011\\\/11\\\/CAM\u00c4LEON.jpg\",\"width\":959,\"height\":959,\"caption\":\"Cam\u00e4l\u00e9on\"},\"image\":{\"@id\":\"https:\\\/\\\/www.camaeleon.org\\\/en\\\/#\\\/schema\\\/logo\\\/image\\\/\"},\"sameAs\":[\"https:\\\/\\\/www.facebook.com\\\/camaeleon.org\\\/\",\"https:\\\/\\\/x.com\\\/camaeleonOrg\",\"https:\\\/\\\/www.instagram.com\\\/camaeleon.dfg\\\/\",\"https:\\\/\\\/www.youtube.com\\\/channel\\\/UCl3TAUDdGuu_c7CD6ax6hYg\"]},{\"@type\":\"Person\",\"@id\":\"https:\\\/\\\/www.camaeleon.org\\\/de\\\/#\\\/schema\\\/person\\\/9ab272ff60efeba8059884189bf167f2\",\"name\":\"M\u00e9lina Schmitt-Clanch\u00e9\",\"image\":{\"@type\":\"ImageObject\",\"inLanguage\":\"en-US\",\"@id\":\"https:\\\/\\\/www.camaeleon.org\\\/en\\\/wp-content\\\/uploads\\\/2023\\\/02\\\/melina-150x150.jpgfe0604dd906a9d41bbbad597e0400c07\",\"url\":\"https:\\\/\\\/www.camaeleon.org\\\/wp-content\\\/uploads\\\/2023\\\/02\\\/melina-150x150.jpg\",\"contentUrl\":\"https:\\\/\\\/www.camaeleon.org\\\/wp-content\\\/uploads\\\/2023\\\/02\\\/melina-150x150.jpg\",\"caption\":\"M\u00e9lina Schmitt-Clanch\u00e9\"},\"description\":\"Hey, my name is M\u00e9lina, I'm in 9SL2 and this is my first year at Cam\u00e4l\u00e9on! In my free time I look after my 3 horses, riding is my great passion! I also like to write, draw, do crafts, travel and discover new things...\",\"url\":\"https:\\\/\\\/www.camaeleon.org\\\/en\\\/author\\\/melina-schmitt-clanche\\\/\"}]}<\/script>\n<!-- \/ Yoast SEO plugin. -->","yoast_head_json":{"title":"Vacances d'hiver : d\u00e9couvrir le Grand Est! - Cam\u00e4l\u00e9on","description":"Partez \u00e0 la d\u00e9couverte du Grand Est !\u00a0Des lieux magnifiques \u00e0 visiter et des activit\u00e9s diverses \u00e0 ne pas rater\u2026","robots":{"index":"index","follow":"follow","max-snippet":"max-snippet:-1","max-image-preview":"max-image-preview:large","max-video-preview":"max-video-preview:-1"},"canonical":"https:\/\/www.camaeleon.org\/en\/2023\/02\/19\/vacances-dhiver-decouvrir-le-grand-est\/","og_locale":"en_US","og_type":"article","og_title":"Vacances d'hiver : d\u00e9couvrir le Grand Est! - Cam\u00e4l\u00e9on","og_description":"Partez \u00e0 la d\u00e9couverte du Grand Est !\u00a0Des lieux magnifiques \u00e0 visiter et des activit\u00e9s diverses \u00e0 ne pas rater\u2026","og_url":"https:\/\/www.camaeleon.org\/en\/2023\/02\/19\/vacances-dhiver-decouvrir-le-grand-est\/","og_site_name":"Cam\u00e4l\u00e9on","article_publisher":"https:\/\/www.facebook.com\/camaeleon.org\/","article_published_time":"2023-02-19T09:19:16+00:00","article_modified_time":"2023-03-31T10:50:38+00:00","og_image":[{"width":1920,"height":1277,"url":"https:\/\/www.camaeleon.org\/wp-content\/uploads\/2023\/02\/strasbourg-gfe56df943_1920.jpg","type":"image\/jpeg"}],"author":"M\u00e9lina Schmitt-Clanch\u00e9","twitter_card":"summary_large_image","twitter_creator":"@camaeleonOrg","twitter_site":"@camaeleonOrg","schema":{"@context":"https:\/\/schema.org","@graph":[{"@type":"Article","@id":"https:\/\/www.camaeleon.org\/2023\/02\/19\/vacances-dhiver-decouvrir-le-grand-est\/#article","isPartOf":{"@id":"https:\/\/www.camaeleon.org\/2023\/02\/19\/vacances-dhiver-decouvrir-le-grand-est\/"},"author":{"name":"M\u00e9lina Schmitt-Clanch\u00e9","@id":"https:\/\/www.camaeleon.org\/de\/#\/schema\/person\/9ab272ff60efeba8059884189bf167f2"},"headline":"Vacances d&#8217;hiver : d\u00e9couvrir le Grand Est!","datePublished":"2023-02-19T09:19:16+00:00","dateModified":"2023-03-31T10:50:38+00:00","mainEntityOfPage":{"@id":"https:\/\/www.camaeleon.org\/2023\/02\/19\/vacances-dhiver-decouvrir-le-grand-est\/"},"wordCount":1997,"commentCount":0,"publisher":{"@id":"https:\/\/www.camaeleon.org\/de\/#organization"},"image":{"@id":"https:\/\/www.camaeleon.org\/2023\/02\/19\/vacances-dhiver-decouvrir-le-grand-est\/#primaryimage"},"thumbnailUrl":"https:\/\/www.camaeleon.org\/wp-content\/uploads\/2023\/02\/strasbourg-gfe56df943_1920.jpg","keywords":["Festival Luminescences","Grand-Est","Hattigny","Haut-Koenigsbourg","Les Portes du possible","parc animalier de Sainte Croix","Snowworld Amn\u00e9ville","Strasbourg","Vacances","Verdun","Vittel"],"articleSection":["Culture","World"],"inLanguage":"en-US","potentialAction":[{"@type":"CommentAction","name":"Comment","target":["https:\/\/www.camaeleon.org\/2023\/02\/19\/vacances-dhiver-decouvrir-le-grand-est\/#respond"]}]},{"@type":"WebPage","@id":"https:\/\/www.camaeleon.org\/en\/2023\/02\/19\/vacances-dhiver-decouvrir-le-grand-est\/","url":"https:\/\/www.camaeleon.org\/en\/2023\/02\/19\/vacances-dhiver-decouvrir-le-grand-est\/","name":"Vacances d'hiver : d\u00e9couvrir le Grand Est! - Cam\u00e4l\u00e9on","isPartOf":{"@id":"https:\/\/www.camaeleon.org\/en\/#website"},"primaryImageOfPage":{"@id":"https:\/\/www.camaeleon.org\/en\/2023\/02\/19\/vacances-dhiver-decouvrir-le-grand-est\/#primaryimage"},"image":{"@id":"https:\/\/www.camaeleon.org\/2023\/02\/19\/vacances-dhiver-decouvrir-le-grand-est\/#primaryimage"},"thumbnailUrl":"https:\/\/www.camaeleon.org\/wp-content\/uploads\/2023\/02\/strasbourg-gfe56df943_1920.jpg","datePublished":"2023-02-19T09:19:16+00:00","dateModified":"2023-03-31T10:50:38+00:00","description":"Partez \u00e0 la d\u00e9couverte du Grand Est !\u00a0Des lieux magnifiques \u00e0 visiter et des activit\u00e9s diverses \u00e0 ne pas rater\u2026","breadcrumb":{"@id":"https:\/\/www.camaeleon.org\/en\/2023\/02\/19\/vacances-dhiver-decouvrir-le-grand-est\/#breadcrumb"},"inLanguage":"en-US","potentialAction":[{"@type":"ReadAction","target":[["https:\/\/www.camaeleon.org\/en\/2023\/02\/19\/vacances-dhiver-decouvrir-le-grand-est\/"]]}]},{"@type":"ImageObject","inLanguage":"en-US","@id":"https:\/\/www.camaeleon.org\/en\/2023\/02\/19\/vacances-dhiver-decouvrir-le-grand-est\/#primaryimage","url":"https:\/\/www.camaeleon.org\/wp-content\/uploads\/2023\/02\/strasbourg-gfe56df943_1920.jpg","contentUrl":"https:\/\/www.camaeleon.org\/wp-content\/uploads\/2023\/02\/strasbourg-gfe56df943_1920.jpg","width":1920,"height":1277,"caption":"Source: Pixabay (Image by Monika Neumann )"},{"@type":"BreadcrumbList","@id":"https:\/\/www.camaeleon.org\/en\/2023\/02\/19\/vacances-dhiver-decouvrir-le-grand-est\/#breadcrumb","itemListElement":[{"@type":"ListItem","position":1,"name":"Home","item":"https:\/\/www.camaeleon.org\/en\/"},{"@type":"ListItem","position":2,"name":"Vacances d&rsquo;hiver : d\u00e9couvrir le Grand Est!"}]},{"@type":"WebSite","@id":"https:\/\/www.camaeleon.org\/en\/#website","url":"https:\/\/www.camaeleon.org\/en\/","name":"Cam\u00e4l\u00e9on","description":"The online student magazine by Deutsch-Franz\u00f6sisches Gymnasium Saarbr\u00fccken","publisher":{"@id":"https:\/\/www.camaeleon.org\/en\/#organization"},"potentialAction":[{"@type":"SearchAction","target":{"@type":"EntryPoint","urlTemplate":"https:\/\/www.camaeleon.org\/en\/?s={search_term_string}"},"query-input":{"@type":"PropertyValueSpecification","valueRequired":true,"valueName":"search_term_string"}}],"inLanguage":"en-US"},{"@type":"Organization","@id":"https:\/\/www.camaeleon.org\/en\/#organization","name":"Cam\u00e4l\u00e9on","url":"https:\/\/www.camaeleon.org\/en\/","logo":{"@type":"ImageObject","inLanguage":"en-US","@id":"https:\/\/www.camaeleon.org\/en\/#\/schema\/logo\/image\/","url":"https:\/\/www.camaeleon.org\/wp-content\/uploads\/2011\/11\/CAM\u00c4LEON.jpg","contentUrl":"https:\/\/www.camaeleon.org\/wp-content\/uploads\/2011\/11\/CAM\u00c4LEON.jpg","width":959,"height":959,"caption":"Cam\u00e4l\u00e9on"},"image":{"@id":"https:\/\/www.camaeleon.org\/en\/#\/schema\/logo\/image\/"},"sameAs":["https:\/\/www.facebook.com\/camaeleon.org\/","https:\/\/x.com\/camaeleonOrg","https:\/\/www.instagram.com\/camaeleon.dfg\/","https:\/\/www.youtube.com\/channel\/UCl3TAUDdGuu_c7CD6ax6hYg"]},{"@type":"Person","@id":"https:\/\/www.camaeleon.org\/de\/#\/schema\/person\/9ab272ff60efeba8059884189bf167f2","name":"M\u00e9lina Schmitt-Clanch\u00e9","image":{"@type":"ImageObject","inLanguage":"en-US","@id":"https:\/\/www.camaeleon.org\/en\/wp-content\/uploads\/2023\/02\/melina-150x150.jpgfe0604dd906a9d41bbbad597e0400c07","url":"https:\/\/www.camaeleon.org\/wp-content\/uploads\/2023\/02\/melina-150x150.jpg","contentUrl":"https:\/\/www.camaeleon.org\/wp-content\/uploads\/2023\/02\/melina-150x150.jpg","caption":"M\u00e9lina Schmitt-Clanch\u00e9"},"description":"Hey, my name is M\u00e9lina, I'm in 9SL2 and this is my first year at Cam\u00e4l\u00e9on! In my free time I look after my 3 horses, riding is my great passion! I also like to write, draw, do crafts, travel and discover new things...","url":"https:\/\/www.camaeleon.org\/en\/author\/melina-schmitt-clanche\/"}]}},"_links":{"self":[{"href":"https:\/\/www.camaeleon.org\/en\/wp-json\/wp\/v2\/posts\/28363","targetHints":{"allow":["GET"]}}],"collection":[{"href":"https:\/\/www.camaeleon.org\/en\/wp-json\/wp\/v2\/posts"}],"about":[{"href":"https:\/\/www.camaeleon.org\/en\/wp-json\/wp\/v2\/types\/post"}],"author":[{"embeddable":true,"href":"https:\/\/www.camaeleon.org\/en\/wp-json\/wp\/v2\/users\/161"}],"replies":[{"embeddable":true,"href":"https:\/\/www.camaeleon.org\/en\/wp-json\/wp\/v2\/comments?post=28363"}],"version-history":[{"count":4,"href":"https:\/\/www.camaeleon.org\/en\/wp-json\/wp\/v2\/posts\/28363\/revisions"}],"predecessor-version":[{"id":28695,"href":"https:\/\/www.camaeleon.org\/en\/wp-json\/wp\/v2\/posts\/28363\/revisions\/28695"}],"wp:featuredmedia":[{"embeddable":true,"href":"https:\/\/www.camaeleon.org\/en\/wp-json\/wp\/v2\/media\/28446"}],"wp:attachment":[{"href":"https:\/\/www.camaeleon.org\/en\/wp-json\/wp\/v2\/media?parent=28363"}],"wp:term":[{"taxonomy":"category","embeddable":true,"href":"https:\/\/www.camaeleon.org\/en\/wp-json\/wp\/v2\/categories?post=28363"},{"taxonomy":"post_tag","embeddable":true,"href":"https:\/\/www.camaeleon.org\/en\/wp-json\/wp\/v2\/tags?post=28363"},{"taxonomy":"author","embeddable":true,"href":"https:\/\/www.camaeleon.org\/en\/wp-json\/wp\/v2\/coauthors?post=28363"}],"curies":[{"name":"wp","href":"https:\/\/api.w.org\/{rel}","templated":true}]}}