{"id":28240,"date":"2023-02-03T15:55:55","date_gmt":"2023-02-03T14:55:55","guid":{"rendered":"https:\/\/www.camaeleon.org\/?p=28240"},"modified":"2023-03-31T12:40:26","modified_gmt":"2023-03-31T10:40:26","slug":"le-mot-de-la-semaine-nouveauxemploisdutemps","status":"publish","type":"post","link":"https:\/\/www.camaeleon.org\/en\/2023\/02\/03\/le-mot-de-la-semaine-nouveauxemploisdutemps\/","title":{"rendered":"Le mot de la semaine: #NouveauxEmploisDuTemps"},"content":{"rendered":"<figure id=\"attachment_28255\" aria-describedby=\"caption-attachment-28255\" style=\"width: 300px\" class=\"wp-caption alignleft\"><img loading=\"lazy\" decoding=\"async\" class=\"size-medium wp-image-28255\" src=\"https:\/\/www.camaeleon.org\/wp-content\/uploads\/2023\/02\/imgpsh_fullsize_anim-300x225.jpg\" alt=\"\" width=\"300\" height=\"225\" srcset=\"https:\/\/www.camaeleon.org\/wp-content\/uploads\/2023\/02\/imgpsh_fullsize_anim-300x225.jpg 300w, https:\/\/www.camaeleon.org\/wp-content\/uploads\/2023\/02\/imgpsh_fullsize_anim-800x600.jpg 800w, https:\/\/www.camaeleon.org\/wp-content\/uploads\/2023\/02\/imgpsh_fullsize_anim.jpg 1040w\" sizes=\"auto, (max-width: 300px) 100vw, 300px\" \/><figcaption id=\"caption-attachment-28255\" class=\"wp-caption-text\">Photo: Alice Colin et Timo Poetsch<\/figcaption><\/figure>\n<p>Perturbation g\u00e9n\u00e9rale pour les \u00e9l\u00e8ves du LFA: les emplois du temps ont chang\u00e9 ! Mais pourquoi avoir tout boulevers\u00e9 ?<\/p>\n<p>Beaucoup d&#8217;\u00e9l\u00e8ves ont accueilli ce changement d&#8217;un oeil critique, ils trouvent que les mati\u00e8res sont mal r\u00e9parties. Dans la semaine, d&#8217;abord. Pourquoi devoir subir trois heures d&#8217;anglais cons\u00e9cutives le lundi apr\u00e8s-midi et deux heures de physique pour terminer une semaine bien charg\u00e9e ?\u00a0 Mais aussi au sein d&#8217;une m\u00eame journ\u00e9e, par exemple, est-il vraiment p\u00e9dagogique d&#8217;avoir une heure de fran\u00e7ais en p\u00e9riode 2 puis encore une heure de fran\u00e7ais en p\u00e9riode 7 ?<\/p>\n<p>Cependant, il ne faut pas oublier qu&#8217;\u00e9tablir un nouvel emploi du temps est tr\u00e8s compliqu\u00e9 et qu&#8217;il faut prendre en compte beaucoup de param\u00e8tres. Et puis un nouvel emploi du temps peut aussi apporter des changements bienvenus, m\u00eame s&#8217;il faut s&#8217;y adapter et s&#8217;organiser \u00e0 nouveau. Bon courage \u00e0 tous !<\/p>\n<p><br \/>\n<\/p>\n","protected":false},"excerpt":{"rendered":"<p>Perturbation g\u00e9n\u00e9rale pour les \u00e9l\u00e8ves du LFA: les emplois du temps ont chang\u00e9 ! Mais pourquoi avoir tout boulevers\u00e9 ? Beaucoup d&#8217;\u00e9l\u00e8ves ont accueilli ce<\/p>\n","protected":false},"author":158,"featured_media":28255,"comment_status":"open","ping_status":"closed","sticky":false,"template":"","format":"standard","meta":{"colormag_page_container_layout":"default_layout","colormag_page_sidebar_layout":"default_layout","footnotes":""},"categories":[3],"tags":[1063,538,1147],"coauthors":[1854,1757],"class_list":["post-28240","post","type-post","status-publish","format-standard","has-post-thumbnail","hentry","category-ecole","tag-emploi-du-temps","tag-stundenplan","tag-stundenplanaenderung"],"yoast_head":"<!-- This site is optimized with the Yoast SEO plugin v27.4 - https:\/\/yoast.com\/product\/yoast-seo-wordpress\/ -->\n<title>Le mot de la semaine: #NouveauxEmploisDuTemps - Cam\u00e4l\u00e9on<\/title>\n<meta name=\"description\" content=\"Perturbation g\u00e9n\u00e9rale pour les \u00e9l\u00e8ves du LFA: les emplois du temps ont chang\u00e9! Mais pourquoi avoir tout boulevers\u00e9?\" \/>\n<meta name=\"robots\" content=\"index, follow, max-snippet:-1, max-image-preview:large, max-video-preview:-1\" \/>\n<link rel=\"canonical\" href=\"https:\/\/www.camaeleon.org\/en\/2023\/02\/03\/le-mot-de-la-semaine-nouveauxemploisdutemps\/\" \/>\n<meta property=\"og:locale\" content=\"en_US\" \/>\n<meta property=\"og:type\" content=\"article\" \/>\n<meta property=\"og:title\" content=\"Le mot de la semaine: #NouveauxEmploisDuTemps - Cam\u00e4l\u00e9on\" \/>\n<meta property=\"og:description\" content=\"Perturbation g\u00e9n\u00e9rale pour les \u00e9l\u00e8ves du LFA: les emplois du temps ont chang\u00e9! Mais pourquoi avoir tout boulevers\u00e9?\" \/>\n<meta property=\"og:url\" content=\"https:\/\/www.camaeleon.org\/en\/2023\/02\/03\/le-mot-de-la-semaine-nouveauxemploisdutemps\/\" \/>\n<meta property=\"og:site_name\" content=\"Cam\u00e4l\u00e9on\" \/>\n<meta property=\"article:publisher\" content=\"https:\/\/www.facebook.com\/camaeleon.org\/\" \/>\n<meta property=\"article:published_time\" content=\"2023-02-03T14:55:55+00:00\" \/>\n<meta property=\"article:modified_time\" content=\"2023-03-31T10:40:26+00:00\" \/>\n<meta property=\"og:image\" content=\"https:\/\/www.camaeleon.org\/wp-content\/uploads\/2023\/02\/imgpsh_fullsize_anim.jpg\" \/>\n\t<meta property=\"og:image:width\" content=\"1040\" \/>\n\t<meta property=\"og:image:height\" content=\"780\" \/>\n\t<meta property=\"og:image:type\" content=\"image\/jpeg\" \/>\n<meta name=\"author\" content=\"Timo Poetsch, Alice Colin\" \/>\n<meta name=\"twitter:card\" content=\"summary_large_image\" \/>\n<meta name=\"twitter:creator\" content=\"@camaeleonOrg\" \/>\n<meta name=\"twitter:site\" content=\"@camaeleonOrg\" \/>\n<script type=\"application\/ld+json\" class=\"yoast-schema-graph\">{\"@context\":\"https:\\\/\\\/schema.org\",\"@graph\":[{\"@type\":\"Article\",\"@id\":\"https:\\\/\\\/www.camaeleon.org\\\/2023\\\/02\\\/03\\\/le-mot-de-la-semaine-nouveauxemploisdutemps\\\/#article\",\"isPartOf\":{\"@id\":\"https:\\\/\\\/www.camaeleon.org\\\/2023\\\/02\\\/03\\\/le-mot-de-la-semaine-nouveauxemploisdutemps\\\/\"},\"author\":{\"name\":\"Timo Poetsch\",\"@id\":\"https:\\\/\\\/www.camaeleon.org\\\/de\\\/#\\\/schema\\\/person\\\/a8330bcaad416dbc3bf7af5edd5aa8c8\"},\"headline\":\"Le mot de la semaine: #NouveauxEmploisDuTemps\",\"datePublished\":\"2023-02-03T14:55:55+00:00\",\"dateModified\":\"2023-03-31T10:40:26+00:00\",\"mainEntityOfPage\":{\"@id\":\"https:\\\/\\\/www.camaeleon.org\\\/2023\\\/02\\\/03\\\/le-mot-de-la-semaine-nouveauxemploisdutemps\\\/\"},\"wordCount\":192,\"commentCount\":0,\"publisher\":{\"@id\":\"https:\\\/\\\/www.camaeleon.org\\\/de\\\/#organization\"},\"image\":{\"@id\":\"https:\\\/\\\/www.camaeleon.org\\\/2023\\\/02\\\/03\\\/le-mot-de-la-semaine-nouveauxemploisdutemps\\\/#primaryimage\"},\"thumbnailUrl\":\"https:\\\/\\\/www.camaeleon.org\\\/wp-content\\\/uploads\\\/2023\\\/02\\\/imgpsh_fullsize_anim.jpg\",\"keywords\":[\"Emploi du temps\",\"Stundenplan\",\"Stundenplan\u00e4nderung\"],\"articleSection\":[\"School\"],\"inLanguage\":\"en-US\",\"potentialAction\":[{\"@type\":\"CommentAction\",\"name\":\"Comment\",\"target\":[\"https:\\\/\\\/www.camaeleon.org\\\/2023\\\/02\\\/03\\\/le-mot-de-la-semaine-nouveauxemploisdutemps\\\/#respond\"]}]},{\"@type\":\"WebPage\",\"@id\":\"https:\\\/\\\/www.camaeleon.org\\\/en\\\/2023\\\/02\\\/03\\\/le-mot-de-la-semaine-nouveauxemploisdutemps\\\/\",\"url\":\"https:\\\/\\\/www.camaeleon.org\\\/en\\\/2023\\\/02\\\/03\\\/le-mot-de-la-semaine-nouveauxemploisdutemps\\\/\",\"name\":\"Le mot de la semaine: #NouveauxEmploisDuTemps - Cam\u00e4l\u00e9on\",\"isPartOf\":{\"@id\":\"https:\\\/\\\/www.camaeleon.org\\\/en\\\/#website\"},\"primaryImageOfPage\":{\"@id\":\"https:\\\/\\\/www.camaeleon.org\\\/en\\\/2023\\\/02\\\/03\\\/le-mot-de-la-semaine-nouveauxemploisdutemps\\\/#primaryimage\"},\"image\":{\"@id\":\"https:\\\/\\\/www.camaeleon.org\\\/2023\\\/02\\\/03\\\/le-mot-de-la-semaine-nouveauxemploisdutemps\\\/#primaryimage\"},\"thumbnailUrl\":\"https:\\\/\\\/www.camaeleon.org\\\/wp-content\\\/uploads\\\/2023\\\/02\\\/imgpsh_fullsize_anim.jpg\",\"datePublished\":\"2023-02-03T14:55:55+00:00\",\"dateModified\":\"2023-03-31T10:40:26+00:00\",\"description\":\"Perturbation g\u00e9n\u00e9rale pour les \u00e9l\u00e8ves du LFA: les emplois du temps ont chang\u00e9! Mais pourquoi avoir tout boulevers\u00e9?\",\"breadcrumb\":{\"@id\":\"https:\\\/\\\/www.camaeleon.org\\\/en\\\/2023\\\/02\\\/03\\\/le-mot-de-la-semaine-nouveauxemploisdutemps\\\/#breadcrumb\"},\"inLanguage\":\"en-US\",\"potentialAction\":[{\"@type\":\"ReadAction\",\"target\":[[\"https:\\\/\\\/www.camaeleon.org\\\/en\\\/2023\\\/02\\\/03\\\/le-mot-de-la-semaine-nouveauxemploisdutemps\\\/\"]]}]},{\"@type\":\"ImageObject\",\"inLanguage\":\"en-US\",\"@id\":\"https:\\\/\\\/www.camaeleon.org\\\/en\\\/2023\\\/02\\\/03\\\/le-mot-de-la-semaine-nouveauxemploisdutemps\\\/#primaryimage\",\"url\":\"https:\\\/\\\/www.camaeleon.org\\\/wp-content\\\/uploads\\\/2023\\\/02\\\/imgpsh_fullsize_anim.jpg\",\"contentUrl\":\"https:\\\/\\\/www.camaeleon.org\\\/wp-content\\\/uploads\\\/2023\\\/02\\\/imgpsh_fullsize_anim.jpg\",\"width\":1040,\"height\":780,\"caption\":\"Photo: Alice Colin et Timo Poetsch\"},{\"@type\":\"BreadcrumbList\",\"@id\":\"https:\\\/\\\/www.camaeleon.org\\\/en\\\/2023\\\/02\\\/03\\\/le-mot-de-la-semaine-nouveauxemploisdutemps\\\/#breadcrumb\",\"itemListElement\":[{\"@type\":\"ListItem\",\"position\":1,\"name\":\"Home\",\"item\":\"https:\\\/\\\/www.camaeleon.org\\\/en\\\/\"},{\"@type\":\"ListItem\",\"position\":2,\"name\":\"Le mot de la semaine: #NouveauxEmploisDuTemps\"}]},{\"@type\":\"WebSite\",\"@id\":\"https:\\\/\\\/www.camaeleon.org\\\/en\\\/#website\",\"url\":\"https:\\\/\\\/www.camaeleon.org\\\/en\\\/\",\"name\":\"Cam\u00e4l\u00e9on\",\"description\":\"The online student magazine by Deutsch-Franz\u00f6sisches Gymnasium Saarbr\u00fccken\",\"publisher\":{\"@id\":\"https:\\\/\\\/www.camaeleon.org\\\/en\\\/#organization\"},\"potentialAction\":[{\"@type\":\"SearchAction\",\"target\":{\"@type\":\"EntryPoint\",\"urlTemplate\":\"https:\\\/\\\/www.camaeleon.org\\\/en\\\/?s={search_term_string}\"},\"query-input\":{\"@type\":\"PropertyValueSpecification\",\"valueRequired\":true,\"valueName\":\"search_term_string\"}}],\"inLanguage\":\"en-US\"},{\"@type\":\"Organization\",\"@id\":\"https:\\\/\\\/www.camaeleon.org\\\/en\\\/#organization\",\"name\":\"Cam\u00e4l\u00e9on\",\"url\":\"https:\\\/\\\/www.camaeleon.org\\\/en\\\/\",\"logo\":{\"@type\":\"ImageObject\",\"inLanguage\":\"en-US\",\"@id\":\"https:\\\/\\\/www.camaeleon.org\\\/en\\\/#\\\/schema\\\/logo\\\/image\\\/\",\"url\":\"https:\\\/\\\/www.camaeleon.org\\\/wp-content\\\/uploads\\\/2011\\\/11\\\/CAM\u00c4LEON.jpg\",\"contentUrl\":\"https:\\\/\\\/www.camaeleon.org\\\/wp-content\\\/uploads\\\/2011\\\/11\\\/CAM\u00c4LEON.jpg\",\"width\":959,\"height\":959,\"caption\":\"Cam\u00e4l\u00e9on\"},\"image\":{\"@id\":\"https:\\\/\\\/www.camaeleon.org\\\/en\\\/#\\\/schema\\\/logo\\\/image\\\/\"},\"sameAs\":[\"https:\\\/\\\/www.facebook.com\\\/camaeleon.org\\\/\",\"https:\\\/\\\/x.com\\\/camaeleonOrg\",\"https:\\\/\\\/www.instagram.com\\\/camaeleon.dfg\\\/\",\"https:\\\/\\\/www.youtube.com\\\/channel\\\/UCl3TAUDdGuu_c7CD6ax6hYg\"]},{\"@type\":\"Person\",\"@id\":\"https:\\\/\\\/www.camaeleon.org\\\/de\\\/#\\\/schema\\\/person\\\/a8330bcaad416dbc3bf7af5edd5aa8c8\",\"name\":\"Timo Poetsch\",\"image\":{\"@type\":\"ImageObject\",\"inLanguage\":\"en-US\",\"@id\":\"https:\\\/\\\/www.camaeleon.org\\\/en\\\/wp-content\\\/uploads\\\/2022\\\/04\\\/timo-150x150.jpg78b95433316d6ff0a042cfbd3f994008\",\"url\":\"https:\\\/\\\/www.camaeleon.org\\\/wp-content\\\/uploads\\\/2022\\\/04\\\/timo-150x150.jpg\",\"contentUrl\":\"https:\\\/\\\/www.camaeleon.org\\\/wp-content\\\/uploads\\\/2022\\\/04\\\/timo-150x150.jpg\",\"caption\":\"Timo Poetsch\"},\"description\":\"Bonjour, je suis Timo Poetsch de la 9S1. J'ai treize ans, je m'int\u00e9resse \u00e0 l'informatique et \u00e0 toutes sortes de sujets importants dans la vie de tous les jours, par exemple l'environnement. Je fais partie de Cam\u00e4l\u00e9on car j'aime le journalisme. Mes passions sont le badminton et jouer au piano.\",\"url\":\"https:\\\/\\\/www.camaeleon.org\\\/en\\\/author\\\/timo-poetsch\\\/\"}]}<\/script>\n<!-- \/ Yoast SEO plugin. -->","yoast_head_json":{"title":"Le mot de la semaine: #NouveauxEmploisDuTemps - Cam\u00e4l\u00e9on","description":"Perturbation g\u00e9n\u00e9rale pour les \u00e9l\u00e8ves du LFA: les emplois du temps ont chang\u00e9! Mais pourquoi avoir tout boulevers\u00e9?","robots":{"index":"index","follow":"follow","max-snippet":"max-snippet:-1","max-image-preview":"max-image-preview:large","max-video-preview":"max-video-preview:-1"},"canonical":"https:\/\/www.camaeleon.org\/en\/2023\/02\/03\/le-mot-de-la-semaine-nouveauxemploisdutemps\/","og_locale":"en_US","og_type":"article","og_title":"Le mot de la semaine: #NouveauxEmploisDuTemps - Cam\u00e4l\u00e9on","og_description":"Perturbation g\u00e9n\u00e9rale pour les \u00e9l\u00e8ves du LFA: les emplois du temps ont chang\u00e9! Mais pourquoi avoir tout boulevers\u00e9?","og_url":"https:\/\/www.camaeleon.org\/en\/2023\/02\/03\/le-mot-de-la-semaine-nouveauxemploisdutemps\/","og_site_name":"Cam\u00e4l\u00e9on","article_publisher":"https:\/\/www.facebook.com\/camaeleon.org\/","article_published_time":"2023-02-03T14:55:55+00:00","article_modified_time":"2023-03-31T10:40:26+00:00","og_image":[{"width":1040,"height":780,"url":"https:\/\/www.camaeleon.org\/wp-content\/uploads\/2023\/02\/imgpsh_fullsize_anim.jpg","type":"image\/jpeg"}],"author":"Timo Poetsch, Alice Colin","twitter_card":"summary_large_image","twitter_creator":"@camaeleonOrg","twitter_site":"@camaeleonOrg","schema":{"@context":"https:\/\/schema.org","@graph":[{"@type":"Article","@id":"https:\/\/www.camaeleon.org\/2023\/02\/03\/le-mot-de-la-semaine-nouveauxemploisdutemps\/#article","isPartOf":{"@id":"https:\/\/www.camaeleon.org\/2023\/02\/03\/le-mot-de-la-semaine-nouveauxemploisdutemps\/"},"author":{"name":"Timo Poetsch","@id":"https:\/\/www.camaeleon.org\/de\/#\/schema\/person\/a8330bcaad416dbc3bf7af5edd5aa8c8"},"headline":"Le mot de la semaine: #NouveauxEmploisDuTemps","datePublished":"2023-02-03T14:55:55+00:00","dateModified":"2023-03-31T10:40:26+00:00","mainEntityOfPage":{"@id":"https:\/\/www.camaeleon.org\/2023\/02\/03\/le-mot-de-la-semaine-nouveauxemploisdutemps\/"},"wordCount":192,"commentCount":0,"publisher":{"@id":"https:\/\/www.camaeleon.org\/de\/#organization"},"image":{"@id":"https:\/\/www.camaeleon.org\/2023\/02\/03\/le-mot-de-la-semaine-nouveauxemploisdutemps\/#primaryimage"},"thumbnailUrl":"https:\/\/www.camaeleon.org\/wp-content\/uploads\/2023\/02\/imgpsh_fullsize_anim.jpg","keywords":["Emploi du temps","Stundenplan","Stundenplan\u00e4nderung"],"articleSection":["School"],"inLanguage":"en-US","potentialAction":[{"@type":"CommentAction","name":"Comment","target":["https:\/\/www.camaeleon.org\/2023\/02\/03\/le-mot-de-la-semaine-nouveauxemploisdutemps\/#respond"]}]},{"@type":"WebPage","@id":"https:\/\/www.camaeleon.org\/en\/2023\/02\/03\/le-mot-de-la-semaine-nouveauxemploisdutemps\/","url":"https:\/\/www.camaeleon.org\/en\/2023\/02\/03\/le-mot-de-la-semaine-nouveauxemploisdutemps\/","name":"Le mot de la semaine: #NouveauxEmploisDuTemps - Cam\u00e4l\u00e9on","isPartOf":{"@id":"https:\/\/www.camaeleon.org\/en\/#website"},"primaryImageOfPage":{"@id":"https:\/\/www.camaeleon.org\/en\/2023\/02\/03\/le-mot-de-la-semaine-nouveauxemploisdutemps\/#primaryimage"},"image":{"@id":"https:\/\/www.camaeleon.org\/2023\/02\/03\/le-mot-de-la-semaine-nouveauxemploisdutemps\/#primaryimage"},"thumbnailUrl":"https:\/\/www.camaeleon.org\/wp-content\/uploads\/2023\/02\/imgpsh_fullsize_anim.jpg","datePublished":"2023-02-03T14:55:55+00:00","dateModified":"2023-03-31T10:40:26+00:00","description":"Perturbation g\u00e9n\u00e9rale pour les \u00e9l\u00e8ves du LFA: les emplois du temps ont chang\u00e9! Mais pourquoi avoir tout boulevers\u00e9?","breadcrumb":{"@id":"https:\/\/www.camaeleon.org\/en\/2023\/02\/03\/le-mot-de-la-semaine-nouveauxemploisdutemps\/#breadcrumb"},"inLanguage":"en-US","potentialAction":[{"@type":"ReadAction","target":[["https:\/\/www.camaeleon.org\/en\/2023\/02\/03\/le-mot-de-la-semaine-nouveauxemploisdutemps\/"]]}]},{"@type":"ImageObject","inLanguage":"en-US","@id":"https:\/\/www.camaeleon.org\/en\/2023\/02\/03\/le-mot-de-la-semaine-nouveauxemploisdutemps\/#primaryimage","url":"https:\/\/www.camaeleon.org\/wp-content\/uploads\/2023\/02\/imgpsh_fullsize_anim.jpg","contentUrl":"https:\/\/www.camaeleon.org\/wp-content\/uploads\/2023\/02\/imgpsh_fullsize_anim.jpg","width":1040,"height":780,"caption":"Photo: Alice Colin et Timo Poetsch"},{"@type":"BreadcrumbList","@id":"https:\/\/www.camaeleon.org\/en\/2023\/02\/03\/le-mot-de-la-semaine-nouveauxemploisdutemps\/#breadcrumb","itemListElement":[{"@type":"ListItem","position":1,"name":"Home","item":"https:\/\/www.camaeleon.org\/en\/"},{"@type":"ListItem","position":2,"name":"Le mot de la semaine: #NouveauxEmploisDuTemps"}]},{"@type":"WebSite","@id":"https:\/\/www.camaeleon.org\/en\/#website","url":"https:\/\/www.camaeleon.org\/en\/","name":"Cam\u00e4l\u00e9on","description":"The online student magazine by Deutsch-Franz\u00f6sisches Gymnasium Saarbr\u00fccken","publisher":{"@id":"https:\/\/www.camaeleon.org\/en\/#organization"},"potentialAction":[{"@type":"SearchAction","target":{"@type":"EntryPoint","urlTemplate":"https:\/\/www.camaeleon.org\/en\/?s={search_term_string}"},"query-input":{"@type":"PropertyValueSpecification","valueRequired":true,"valueName":"search_term_string"}}],"inLanguage":"en-US"},{"@type":"Organization","@id":"https:\/\/www.camaeleon.org\/en\/#organization","name":"Cam\u00e4l\u00e9on","url":"https:\/\/www.camaeleon.org\/en\/","logo":{"@type":"ImageObject","inLanguage":"en-US","@id":"https:\/\/www.camaeleon.org\/en\/#\/schema\/logo\/image\/","url":"https:\/\/www.camaeleon.org\/wp-content\/uploads\/2011\/11\/CAM\u00c4LEON.jpg","contentUrl":"https:\/\/www.camaeleon.org\/wp-content\/uploads\/2011\/11\/CAM\u00c4LEON.jpg","width":959,"height":959,"caption":"Cam\u00e4l\u00e9on"},"image":{"@id":"https:\/\/www.camaeleon.org\/en\/#\/schema\/logo\/image\/"},"sameAs":["https:\/\/www.facebook.com\/camaeleon.org\/","https:\/\/x.com\/camaeleonOrg","https:\/\/www.instagram.com\/camaeleon.dfg\/","https:\/\/www.youtube.com\/channel\/UCl3TAUDdGuu_c7CD6ax6hYg"]},{"@type":"Person","@id":"https:\/\/www.camaeleon.org\/de\/#\/schema\/person\/a8330bcaad416dbc3bf7af5edd5aa8c8","name":"Timo Poetsch","image":{"@type":"ImageObject","inLanguage":"en-US","@id":"https:\/\/www.camaeleon.org\/en\/wp-content\/uploads\/2022\/04\/timo-150x150.jpg78b95433316d6ff0a042cfbd3f994008","url":"https:\/\/www.camaeleon.org\/wp-content\/uploads\/2022\/04\/timo-150x150.jpg","contentUrl":"https:\/\/www.camaeleon.org\/wp-content\/uploads\/2022\/04\/timo-150x150.jpg","caption":"Timo Poetsch"},"description":"Bonjour, je suis Timo Poetsch de la 9S1. J'ai treize ans, je m'int\u00e9resse \u00e0 l'informatique et \u00e0 toutes sortes de sujets importants dans la vie de tous les jours, par exemple l'environnement. Je fais partie de Cam\u00e4l\u00e9on car j'aime le journalisme. Mes passions sont le badminton et jouer au piano.","url":"https:\/\/www.camaeleon.org\/en\/author\/timo-poetsch\/"}]}},"_links":{"self":[{"href":"https:\/\/www.camaeleon.org\/en\/wp-json\/wp\/v2\/posts\/28240","targetHints":{"allow":["GET"]}}],"collection":[{"href":"https:\/\/www.camaeleon.org\/en\/wp-json\/wp\/v2\/posts"}],"about":[{"href":"https:\/\/www.camaeleon.org\/en\/wp-json\/wp\/v2\/types\/post"}],"author":[{"embeddable":true,"href":"https:\/\/www.camaeleon.org\/en\/wp-json\/wp\/v2\/users\/158"}],"replies":[{"embeddable":true,"href":"https:\/\/www.camaeleon.org\/en\/wp-json\/wp\/v2\/comments?post=28240"}],"version-history":[{"count":6,"href":"https:\/\/www.camaeleon.org\/en\/wp-json\/wp\/v2\/posts\/28240\/revisions"}],"predecessor-version":[{"id":28691,"href":"https:\/\/www.camaeleon.org\/en\/wp-json\/wp\/v2\/posts\/28240\/revisions\/28691"}],"wp:featuredmedia":[{"embeddable":true,"href":"https:\/\/www.camaeleon.org\/en\/wp-json\/wp\/v2\/media\/28255"}],"wp:attachment":[{"href":"https:\/\/www.camaeleon.org\/en\/wp-json\/wp\/v2\/media?parent=28240"}],"wp:term":[{"taxonomy":"category","embeddable":true,"href":"https:\/\/www.camaeleon.org\/en\/wp-json\/wp\/v2\/categories?post=28240"},{"taxonomy":"post_tag","embeddable":true,"href":"https:\/\/www.camaeleon.org\/en\/wp-json\/wp\/v2\/tags?post=28240"},{"taxonomy":"author","embeddable":true,"href":"https:\/\/www.camaeleon.org\/en\/wp-json\/wp\/v2\/coauthors?post=28240"}],"curies":[{"name":"wp","href":"https:\/\/api.w.org\/{rel}","templated":true}]}}