{"id":28103,"date":"2023-01-21T18:03:53","date_gmt":"2023-01-21T17:03:53","guid":{"rendered":"https:\/\/www.camaeleon.org\/?p=28103"},"modified":"2023-01-28T15:33:36","modified_gmt":"2023-01-28T14:33:36","slug":"60e-anniversaire-du-traite-de-lelysee-enquete-aupres-des-eleves-et-contexte","status":"publish","type":"post","link":"https:\/\/www.camaeleon.org\/en\/2023\/01\/21\/60e-anniversaire-du-traite-de-lelysee-enquete-aupres-des-eleves-et-contexte\/","title":{"rendered":"60 Jahre \u00c9lys\u00e9e-Vertrag: Sch\u00fcler-Umfrage und Hintergr\u00fcnde"},"content":{"rendered":"<p>60 Jahre Elys\u00e9e-Vertrag<\/a><\/li>\t<\/ol>\n\t<\/noscript>\n\t<script type=\"application\/json\" class=\"wp-playlist-script\">{\"type\":\"audio\",\"tracklist\":true,\"tracknumbers\":true,\"images\":true,\"artists\":true,\"tracks\":[{\"src\":\"https:\/\/www.camaeleon.org\/wp-content\/uploads\/2023\/01\/60-Jahre-Elysee-Vertrag.mp3\",\"type\":\"audio\/mpeg\",\"title\":\"60 Jahre Elys\\u00e9e-Vertrag\",\"caption\":\"60 Jahre Elys\\u00e9e-Vertrag\",\"description\":\"\\u201e60 Jahre Elys\\u00e9e-Vertrag\\u201c aus Cam\\u00e4l\\u00e9on von Manuela Nwaha &amp; Kahina Fuentes. Ver\\u00f6ffentlicht: 2023.\",\"meta\":{\"artist\":\"Manuela Nwaha & Kahina Fuentes\",\"album\":\"Cam\\u00e4l\\u00e9on\",\"year\":\"2023\",\"length_formatted\":\"2:48\"},\"image\":{\"src\":\"https:\/\/www.camaeleon.org\/wp-content\/uploads\/2023\/01\/Stamps_of_Germany_BRD_1973_MiNr_753.jpeg\",\"width\":1346,\"height\":834},\"thumb\":{\"src\":\"https:\/\/www.camaeleon.org\/wp-content\/uploads\/2023\/01\/Stamps_of_Germany_BRD_1973_MiNr_753-150x150.jpeg\",\"width\":150,\"height\":150}}]}<\/script>\n<\/div>\n\t\n<p><br \/>\n60 Jahre Elys\u00e9e-Vertrag<\/a><\/li>\t<\/ol>\n\t<\/noscript>\n\t<script type=\"application\/json\" class=\"wp-playlist-script\">{\"type\":\"audio\",\"tracklist\":true,\"tracknumbers\":true,\"images\":true,\"artists\":true,\"tracks\":[{\"src\":\"https:\/\/www.camaeleon.org\/wp-content\/uploads\/2023\/01\/60-Jahre-Elysee-Vertrag.mp3\",\"type\":\"audio\/mpeg\",\"title\":\"60 Jahre Elys\\u00e9e-Vertrag\",\"caption\":\"60 Jahre Elys\\u00e9e-Vertrag\",\"description\":\"\\u201e60 Jahre Elys\\u00e9e-Vertrag\\u201c aus Cam\\u00e4l\\u00e9on von Manuela Nwaha &amp; Kahina Fuentes. Ver\\u00f6ffentlicht: 2023.\",\"meta\":{\"artist\":\"Manuela Nwaha & Kahina Fuentes\",\"album\":\"Cam\\u00e4l\\u00e9on\",\"year\":\"2023\",\"length_formatted\":\"2:48\"},\"image\":{\"src\":\"https:\/\/www.camaeleon.org\/wp-content\/uploads\/2023\/01\/Stamps_of_Germany_BRD_1973_MiNr_753.jpeg\",\"width\":1346,\"height\":834},\"thumb\":{\"src\":\"https:\/\/www.camaeleon.org\/wp-content\/uploads\/2023\/01\/Stamps_of_Germany_BRD_1973_MiNr_753-150x150.jpeg\",\"width\":150,\"height\":150}}]}<\/script>\n<\/div>\n\t\n<p><br \/>\n<figure id=\"attachment_28145\" aria-describedby=\"caption-attachment-28145\" style=\"width: 300px\" class=\"wp-caption alignleft\"><img loading=\"lazy\" decoding=\"async\" class=\"size-medium wp-image-28145\" src=\"https:\/\/www.camaeleon.org\/wp-content\/uploads\/2023\/01\/Traite_de_lElysee-300x225.jpeg\" alt=\"Originaldokument des Vertrags im \u00c9lys\u00e9e-Palast\" width=\"300\" height=\"225\" srcset=\"https:\/\/www.camaeleon.org\/wp-content\/uploads\/2023\/01\/Traite_de_lElysee-300x225.jpeg 300w, https:\/\/www.camaeleon.org\/wp-content\/uploads\/2023\/01\/Traite_de_lElysee-800x600.jpeg 800w, https:\/\/www.camaeleon.org\/wp-content\/uploads\/2023\/01\/Traite_de_lElysee-1536x1152.jpeg 1536w, https:\/\/www.camaeleon.org\/wp-content\/uploads\/2023\/01\/Traite_de_lElysee.jpeg 2000w\" sizes=\"auto, (max-width: 300px) 100vw, 300px\" \/><figcaption id=\"caption-attachment-28145\" class=\"wp-caption-text\">\u00c9lys\u00e9e-Vertrag (Foto: <a href=\"https:\/\/commons.wikimedia.org\/w\/index.php?curid=33796454\">Chris93<\/a> &#8211; <a href=\"https:\/\/creativecommons.org\/licenses\/by-sa\/3.0\/\">CC BY-SA 3.0<\/a>)<\/figcaption><\/figure><\/p>\n<p>Warum wird \u00fcber einen vor 60 Jahren abgeschlossenen Staatsvertrag so viel berichtet? Was bedeutet das am 22. Januar 1963 unterzeichnete Dokument f\u00fcr Frankreich und Deutschland?<\/p>\n<p>Und welche Rolle spielt dieser Tag noch heute f\u00fcr die Sch\u00fclerinnen und Sch\u00fcler in beiden L\u00e4ndern?<\/p>\n<p>Die beiden Cam\u00e4l\u00e9on-Redakteurinnen Kahina Fuentes und Manuela Nwaha waren mit dem Mikrofon am DFG unterwegs: Eine Umfrage unter Sch\u00fcler*innen und ein Interview mit Geschichtslehrerin Janine Thom\u00e9.<\/p>\n<div class=\"wp-playlist wp-audio-playlist wp-playlist-light\">\n\t\t\t<div class=\"wp-playlist-current-item\"><\/div>\n\t\t<audio controls=\"controls\" preload=\"none\" width=\"778\"\n\t\t\t><\/audio>\n\t<div class=\"wp-playlist-next\"><\/div>\n\t<div class=\"wp-playlist-prev\"><\/div>\n\t<noscript>\n\t<ol>\n\t\t<li><a href='https:\/\/www.camaeleon.org\/wp-content\/uploads\/2023\/01\/60-Jahre-Elysee-Vertrag.mp3'>60 Jahre Elys\u00e9e-Vertrag<\/a><\/li>\t<\/ol>\n\t<\/noscript>\n\t<script type=\"application\/json\" class=\"wp-playlist-script\">{\"type\":\"audio\",\"tracklist\":true,\"tracknumbers\":true,\"images\":true,\"artists\":true,\"tracks\":[{\"src\":\"https:\/\/www.camaeleon.org\/wp-content\/uploads\/2023\/01\/60-Jahre-Elysee-Vertrag.mp3\",\"type\":\"audio\/mpeg\",\"title\":\"60 Jahre Elys\\u00e9e-Vertrag\",\"caption\":\"60 Jahre Elys\\u00e9e-Vertrag\",\"description\":\"\\u201e60 Jahre Elys\\u00e9e-Vertrag\\u201c aus Cam\\u00e4l\\u00e9on von Manuela Nwaha &amp; Kahina Fuentes. Ver\\u00f6ffentlicht: 2023.\",\"meta\":{\"artist\":\"Manuela Nwaha & Kahina Fuentes\",\"album\":\"Cam\\u00e4l\\u00e9on\",\"year\":\"2023\",\"length_formatted\":\"2:48\"},\"image\":{\"src\":\"https:\/\/www.camaeleon.org\/wp-content\/uploads\/2023\/01\/Stamps_of_Germany_BRD_1973_MiNr_753.jpeg\",\"width\":1346,\"height\":834},\"thumb\":{\"src\":\"https:\/\/www.camaeleon.org\/wp-content\/uploads\/2023\/01\/Stamps_of_Germany_BRD_1973_MiNr_753-150x150.jpeg\",\"width\":150,\"height\":150}}]}<\/script>\n<\/div>\n\t\n<p><br \/>\n<\/p>","protected":false},"excerpt":{"rendered":"<p>Warum wird \u00fcber einen vor 60 Jahren abgeschlossenen Staatsvertrag so viel berichtet? Was bedeutet das am 22. Januar 1963 unterzeichnete Dokument f\u00fcr Frankreich und Deutschland?<\/p>\n","protected":false},"author":168,"featured_media":28172,"comment_status":"open","ping_status":"closed","sticky":false,"template":"","format":"standard","meta":{"colormag_page_container_layout":"default_layout","colormag_page_sidebar_layout":"default_layout","footnotes":""},"categories":[200,10],"tags":[1323,957,876,1534,1531],"coauthors":[2084,2108],"class_list":["post-28103","post","type-post","status-publish","format-standard","has-post-thumbnail","hentry","category-audio","category-politique","tag-amitie-franco-allemande","tag-deutsch-franzoesische-beziehungen","tag-deutsch-franzoesische-freundschaft","tag-elysee-vertrag","tag-traite-de-lelysee"],"yoast_head":"<!-- This site is optimized with the Yoast SEO plugin v27.5 - https:\/\/yoast.com\/product\/yoast-seo-wordpress\/ -->\n<title>60 Jahre \u00c9lys\u00e9e-Vertrag: Sch\u00fcler-Umfrage und Hintergr\u00fcnde - Cam\u00e4l\u00e9on<\/title>\n<meta name=\"robots\" content=\"index, follow, max-snippet:-1, max-image-preview:large, max-video-preview:-1\" \/>\n<link rel=\"canonical\" href=\"https:\/\/www.camaeleon.org\/en\/2023\/01\/21\/60e-anniversaire-du-traite-de-lelysee-enquete-aupres-des-eleves-et-contexte\/\" \/>\n<meta property=\"og:locale\" content=\"en_US\" \/>\n<meta property=\"og:type\" content=\"article\" \/>\n<meta property=\"og:title\" content=\"60 Jahre \u00c9lys\u00e9e-Vertrag: Sch\u00fcler-Umfrage und Hintergr\u00fcnde - Cam\u00e4l\u00e9on\" \/>\n<meta property=\"og:description\" content=\"Warum wird \u00fcber einen vor 60 Jahren abgeschlossenen Staatsvertrag so viel berichtet? Was bedeutet das am 22. Januar 1963 unterzeichnete Dokument f\u00fcr Frankreich und Deutschland?\" \/>\n<meta property=\"og:url\" content=\"https:\/\/www.camaeleon.org\/en\/2023\/01\/21\/60e-anniversaire-du-traite-de-lelysee-enquete-aupres-des-eleves-et-contexte\/\" \/>\n<meta property=\"og:site_name\" content=\"Cam\u00e4l\u00e9on\" \/>\n<meta property=\"article:publisher\" content=\"https:\/\/www.facebook.com\/camaeleon.org\/\" \/>\n<meta property=\"article:published_time\" content=\"2023-01-21T17:03:53+00:00\" \/>\n<meta property=\"article:modified_time\" content=\"2023-01-28T14:33:36+00:00\" \/>\n<meta property=\"og:image\" content=\"https:\/\/www.camaeleon.org\/wp-content\/uploads\/2023\/01\/shaking-hands-gfe7052834_1920.jpg\" \/>\n\t<meta property=\"og:image:width\" content=\"1920\" \/>\n\t<meta property=\"og:image:height\" content=\"1280\" \/>\n\t<meta property=\"og:image:type\" content=\"image\/jpeg\" \/>\n<meta name=\"author\" content=\"Manuela Nwaha, Kahina Fuentes\" \/>\n<meta name=\"twitter:card\" content=\"summary_large_image\" \/>\n<meta name=\"twitter:creator\" content=\"@camaeleonOrg\" \/>\n<meta name=\"twitter:site\" content=\"@camaeleonOrg\" \/>\n<script type=\"application\/ld+json\" class=\"yoast-schema-graph\">{\"@context\":\"https:\\\/\\\/schema.org\",\"@graph\":[{\"@type\":\"Article\",\"@id\":\"https:\\\/\\\/www.camaeleon.org\\\/2023\\\/01\\\/21\\\/60e-anniversaire-du-traite-de-lelysee-enquete-aupres-des-eleves-et-contexte\\\/#article\",\"isPartOf\":{\"@id\":\"https:\\\/\\\/www.camaeleon.org\\\/2023\\\/01\\\/21\\\/60e-anniversaire-du-traite-de-lelysee-enquete-aupres-des-eleves-et-contexte\\\/\"},\"author\":{\"name\":\"Manuela Nwaha\",\"@id\":\"https:\\\/\\\/www.camaeleon.org\\\/de\\\/#\\\/schema\\\/person\\\/d9d309c5cd617f2a8aa1ba1742093008\"},\"headline\":\"60 Jahre \u00c9lys\u00e9e-Vertrag: Sch\u00fcler-Umfrage und Hintergr\u00fcnde\",\"datePublished\":\"2023-01-21T17:03:53+00:00\",\"dateModified\":\"2023-01-28T14:33:36+00:00\",\"mainEntityOfPage\":{\"@id\":\"https:\\\/\\\/www.camaeleon.org\\\/2023\\\/01\\\/21\\\/60e-anniversaire-du-traite-de-lelysee-enquete-aupres-des-eleves-et-contexte\\\/\"},\"wordCount\":346,\"commentCount\":0,\"publisher\":{\"@id\":\"https:\\\/\\\/www.camaeleon.org\\\/de\\\/#organization\"},\"image\":{\"@id\":\"https:\\\/\\\/www.camaeleon.org\\\/2023\\\/01\\\/21\\\/60e-anniversaire-du-traite-de-lelysee-enquete-aupres-des-eleves-et-contexte\\\/#primaryimage\"},\"thumbnailUrl\":\"https:\\\/\\\/www.camaeleon.org\\\/wp-content\\\/uploads\\\/2023\\\/01\\\/shaking-hands-gfe7052834_1920.jpg\",\"keywords\":[\"amiti\u00e9 franco-allemande\",\"deutsch-franz\u00f6sische Beziehungen\",\"Deutsch-franz\u00f6sische Freundschaft\",\"Elysee Vertrag\",\"Trait\u00e9 de l'Elys\u00e9e\"],\"articleSection\":[\"Podcast\",\"Politics\"],\"inLanguage\":\"en-US\",\"potentialAction\":[{\"@type\":\"CommentAction\",\"name\":\"Comment\",\"target\":[\"https:\\\/\\\/www.camaeleon.org\\\/2023\\\/01\\\/21\\\/60e-anniversaire-du-traite-de-lelysee-enquete-aupres-des-eleves-et-contexte\\\/#respond\"]}]},{\"@type\":\"WebPage\",\"@id\":\"https:\\\/\\\/www.camaeleon.org\\\/en\\\/2023\\\/01\\\/21\\\/60e-anniversaire-du-traite-de-lelysee-enquete-aupres-des-eleves-et-contexte\\\/\",\"url\":\"https:\\\/\\\/www.camaeleon.org\\\/en\\\/2023\\\/01\\\/21\\\/60e-anniversaire-du-traite-de-lelysee-enquete-aupres-des-eleves-et-contexte\\\/\",\"name\":\"60 Jahre \u00c9lys\u00e9e-Vertrag: Sch\u00fcler-Umfrage und Hintergr\u00fcnde - Cam\u00e4l\u00e9on\",\"isPartOf\":{\"@id\":\"https:\\\/\\\/www.camaeleon.org\\\/en\\\/#website\"},\"primaryImageOfPage\":{\"@id\":\"https:\\\/\\\/www.camaeleon.org\\\/en\\\/2023\\\/01\\\/21\\\/60e-anniversaire-du-traite-de-lelysee-enquete-aupres-des-eleves-et-contexte\\\/#primaryimage\"},\"image\":{\"@id\":\"https:\\\/\\\/www.camaeleon.org\\\/2023\\\/01\\\/21\\\/60e-anniversaire-du-traite-de-lelysee-enquete-aupres-des-eleves-et-contexte\\\/#primaryimage\"},\"thumbnailUrl\":\"https:\\\/\\\/www.camaeleon.org\\\/wp-content\\\/uploads\\\/2023\\\/01\\\/shaking-hands-gfe7052834_1920.jpg\",\"datePublished\":\"2023-01-21T17:03:53+00:00\",\"dateModified\":\"2023-01-28T14:33:36+00:00\",\"breadcrumb\":{\"@id\":\"https:\\\/\\\/www.camaeleon.org\\\/en\\\/2023\\\/01\\\/21\\\/60e-anniversaire-du-traite-de-lelysee-enquete-aupres-des-eleves-et-contexte\\\/#breadcrumb\"},\"inLanguage\":\"en-US\",\"potentialAction\":[{\"@type\":\"ReadAction\",\"target\":[[\"https:\\\/\\\/www.camaeleon.org\\\/en\\\/2023\\\/01\\\/21\\\/60e-anniversaire-du-traite-de-lelysee-enquete-aupres-des-eleves-et-contexte\\\/\"]]}]},{\"@type\":\"ImageObject\",\"inLanguage\":\"en-US\",\"@id\":\"https:\\\/\\\/www.camaeleon.org\\\/en\\\/2023\\\/01\\\/21\\\/60e-anniversaire-du-traite-de-lelysee-enquete-aupres-des-eleves-et-contexte\\\/#primaryimage\",\"url\":\"https:\\\/\\\/www.camaeleon.org\\\/wp-content\\\/uploads\\\/2023\\\/01\\\/shaking-hands-gfe7052834_1920.jpg\",\"contentUrl\":\"https:\\\/\\\/www.camaeleon.org\\\/wp-content\\\/uploads\\\/2023\\\/01\\\/shaking-hands-gfe7052834_1920.jpg\",\"width\":1920,\"height\":1280,\"caption\":\"Foto: Gerd Altmann \\\/ pixabaycom\"},{\"@type\":\"BreadcrumbList\",\"@id\":\"https:\\\/\\\/www.camaeleon.org\\\/en\\\/2023\\\/01\\\/21\\\/60e-anniversaire-du-traite-de-lelysee-enquete-aupres-des-eleves-et-contexte\\\/#breadcrumb\",\"itemListElement\":[{\"@type\":\"ListItem\",\"position\":1,\"name\":\"Home\",\"item\":\"https:\\\/\\\/www.camaeleon.org\\\/en\\\/\"},{\"@type\":\"ListItem\",\"position\":2,\"name\":\"60e anniversaire du trait\u00e9 de l&rsquo;\u00c9lys\u00e9e : Enqu\u00eate aupr\u00e8s des \u00e9l\u00e8ves et contexte\"}]},{\"@type\":\"WebSite\",\"@id\":\"https:\\\/\\\/www.camaeleon.org\\\/en\\\/#website\",\"url\":\"https:\\\/\\\/www.camaeleon.org\\\/en\\\/\",\"name\":\"Cam\u00e4l\u00e9on\",\"description\":\"The online student magazine by Deutsch-Franz\u00f6sisches Gymnasium Saarbr\u00fccken\",\"publisher\":{\"@id\":\"https:\\\/\\\/www.camaeleon.org\\\/en\\\/#organization\"},\"potentialAction\":[{\"@type\":\"SearchAction\",\"target\":{\"@type\":\"EntryPoint\",\"urlTemplate\":\"https:\\\/\\\/www.camaeleon.org\\\/en\\\/?s={search_term_string}\"},\"query-input\":{\"@type\":\"PropertyValueSpecification\",\"valueRequired\":true,\"valueName\":\"search_term_string\"}}],\"inLanguage\":\"en-US\"},{\"@type\":\"Organization\",\"@id\":\"https:\\\/\\\/www.camaeleon.org\\\/en\\\/#organization\",\"name\":\"Cam\u00e4l\u00e9on\",\"url\":\"https:\\\/\\\/www.camaeleon.org\\\/en\\\/\",\"logo\":{\"@type\":\"ImageObject\",\"inLanguage\":\"en-US\",\"@id\":\"https:\\\/\\\/www.camaeleon.org\\\/en\\\/#\\\/schema\\\/logo\\\/image\\\/\",\"url\":\"https:\\\/\\\/www.camaeleon.org\\\/wp-content\\\/uploads\\\/2011\\\/11\\\/CAM\u00c4LEON.jpg\",\"contentUrl\":\"https:\\\/\\\/www.camaeleon.org\\\/wp-content\\\/uploads\\\/2011\\\/11\\\/CAM\u00c4LEON.jpg\",\"width\":959,\"height\":959,\"caption\":\"Cam\u00e4l\u00e9on\"},\"image\":{\"@id\":\"https:\\\/\\\/www.camaeleon.org\\\/en\\\/#\\\/schema\\\/logo\\\/image\\\/\"},\"sameAs\":[\"https:\\\/\\\/www.facebook.com\\\/camaeleon.org\\\/\",\"https:\\\/\\\/x.com\\\/camaeleonOrg\",\"https:\\\/\\\/www.instagram.com\\\/camaeleon.dfg\\\/\",\"https:\\\/\\\/www.youtube.com\\\/channel\\\/UCl3TAUDdGuu_c7CD6ax6hYg\"]},{\"@type\":\"Person\",\"@id\":\"https:\\\/\\\/www.camaeleon.org\\\/de\\\/#\\\/schema\\\/person\\\/d9d309c5cd617f2a8aa1ba1742093008\",\"name\":\"Manuela Nwaha\",\"image\":{\"@type\":\"ImageObject\",\"inLanguage\":\"en-US\",\"@id\":\"https:\\\/\\\/www.camaeleon.org\\\/en\\\/wp-content\\\/uploads\\\/2022\\\/12\\\/IMG_8881-150x150.jpg9ce3e832743ec53be959b144b33179fb\",\"url\":\"https:\\\/\\\/www.camaeleon.org\\\/wp-content\\\/uploads\\\/2022\\\/12\\\/IMG_8881-150x150.jpg\",\"contentUrl\":\"https:\\\/\\\/www.camaeleon.org\\\/wp-content\\\/uploads\\\/2022\\\/12\\\/IMG_8881-150x150.jpg\",\"caption\":\"Manuela Nwaha\"},\"description\":\"Hi, my name is Manuela. I am 12 years old and I'm in 6B. I like playing the piano, listening to music, and reading books.\",\"url\":\"https:\\\/\\\/www.camaeleon.org\\\/en\\\/author\\\/manuela-nwaha\\\/\"}]}<\/script>\n<!-- \/ Yoast SEO plugin. -->","yoast_head_json":{"title":"60 Jahre \u00c9lys\u00e9e-Vertrag: Sch\u00fcler-Umfrage und Hintergr\u00fcnde - Cam\u00e4l\u00e9on","robots":{"index":"index","follow":"follow","max-snippet":"max-snippet:-1","max-image-preview":"max-image-preview:large","max-video-preview":"max-video-preview:-1"},"canonical":"https:\/\/www.camaeleon.org\/en\/2023\/01\/21\/60e-anniversaire-du-traite-de-lelysee-enquete-aupres-des-eleves-et-contexte\/","og_locale":"en_US","og_type":"article","og_title":"60 Jahre \u00c9lys\u00e9e-Vertrag: Sch\u00fcler-Umfrage und Hintergr\u00fcnde - Cam\u00e4l\u00e9on","og_description":"Warum wird \u00fcber einen vor 60 Jahren abgeschlossenen Staatsvertrag so viel berichtet? Was bedeutet das am 22. Januar 1963 unterzeichnete Dokument f\u00fcr Frankreich und Deutschland?","og_url":"https:\/\/www.camaeleon.org\/en\/2023\/01\/21\/60e-anniversaire-du-traite-de-lelysee-enquete-aupres-des-eleves-et-contexte\/","og_site_name":"Cam\u00e4l\u00e9on","article_publisher":"https:\/\/www.facebook.com\/camaeleon.org\/","article_published_time":"2023-01-21T17:03:53+00:00","article_modified_time":"2023-01-28T14:33:36+00:00","og_image":[{"width":1920,"height":1280,"url":"https:\/\/www.camaeleon.org\/wp-content\/uploads\/2023\/01\/shaking-hands-gfe7052834_1920.jpg","type":"image\/jpeg"}],"author":"Manuela Nwaha, Kahina Fuentes","twitter_card":"summary_large_image","twitter_creator":"@camaeleonOrg","twitter_site":"@camaeleonOrg","schema":{"@context":"https:\/\/schema.org","@graph":[{"@type":"Article","@id":"https:\/\/www.camaeleon.org\/2023\/01\/21\/60e-anniversaire-du-traite-de-lelysee-enquete-aupres-des-eleves-et-contexte\/#article","isPartOf":{"@id":"https:\/\/www.camaeleon.org\/2023\/01\/21\/60e-anniversaire-du-traite-de-lelysee-enquete-aupres-des-eleves-et-contexte\/"},"author":{"name":"Manuela Nwaha","@id":"https:\/\/www.camaeleon.org\/de\/#\/schema\/person\/d9d309c5cd617f2a8aa1ba1742093008"},"headline":"60 Jahre \u00c9lys\u00e9e-Vertrag: Sch\u00fcler-Umfrage und Hintergr\u00fcnde","datePublished":"2023-01-21T17:03:53+00:00","dateModified":"2023-01-28T14:33:36+00:00","mainEntityOfPage":{"@id":"https:\/\/www.camaeleon.org\/2023\/01\/21\/60e-anniversaire-du-traite-de-lelysee-enquete-aupres-des-eleves-et-contexte\/"},"wordCount":346,"commentCount":0,"publisher":{"@id":"https:\/\/www.camaeleon.org\/de\/#organization"},"image":{"@id":"https:\/\/www.camaeleon.org\/2023\/01\/21\/60e-anniversaire-du-traite-de-lelysee-enquete-aupres-des-eleves-et-contexte\/#primaryimage"},"thumbnailUrl":"https:\/\/www.camaeleon.org\/wp-content\/uploads\/2023\/01\/shaking-hands-gfe7052834_1920.jpg","keywords":["amiti\u00e9 franco-allemande","deutsch-franz\u00f6sische Beziehungen","Deutsch-franz\u00f6sische Freundschaft","Elysee Vertrag","Trait\u00e9 de l'Elys\u00e9e"],"articleSection":["Podcast","Politics"],"inLanguage":"en-US","potentialAction":[{"@type":"CommentAction","name":"Comment","target":["https:\/\/www.camaeleon.org\/2023\/01\/21\/60e-anniversaire-du-traite-de-lelysee-enquete-aupres-des-eleves-et-contexte\/#respond"]}]},{"@type":"WebPage","@id":"https:\/\/www.camaeleon.org\/en\/2023\/01\/21\/60e-anniversaire-du-traite-de-lelysee-enquete-aupres-des-eleves-et-contexte\/","url":"https:\/\/www.camaeleon.org\/en\/2023\/01\/21\/60e-anniversaire-du-traite-de-lelysee-enquete-aupres-des-eleves-et-contexte\/","name":"60 Jahre \u00c9lys\u00e9e-Vertrag: Sch\u00fcler-Umfrage und Hintergr\u00fcnde - Cam\u00e4l\u00e9on","isPartOf":{"@id":"https:\/\/www.camaeleon.org\/en\/#website"},"primaryImageOfPage":{"@id":"https:\/\/www.camaeleon.org\/en\/2023\/01\/21\/60e-anniversaire-du-traite-de-lelysee-enquete-aupres-des-eleves-et-contexte\/#primaryimage"},"image":{"@id":"https:\/\/www.camaeleon.org\/2023\/01\/21\/60e-anniversaire-du-traite-de-lelysee-enquete-aupres-des-eleves-et-contexte\/#primaryimage"},"thumbnailUrl":"https:\/\/www.camaeleon.org\/wp-content\/uploads\/2023\/01\/shaking-hands-gfe7052834_1920.jpg","datePublished":"2023-01-21T17:03:53+00:00","dateModified":"2023-01-28T14:33:36+00:00","breadcrumb":{"@id":"https:\/\/www.camaeleon.org\/en\/2023\/01\/21\/60e-anniversaire-du-traite-de-lelysee-enquete-aupres-des-eleves-et-contexte\/#breadcrumb"},"inLanguage":"en-US","potentialAction":[{"@type":"ReadAction","target":[["https:\/\/www.camaeleon.org\/en\/2023\/01\/21\/60e-anniversaire-du-traite-de-lelysee-enquete-aupres-des-eleves-et-contexte\/"]]}]},{"@type":"ImageObject","inLanguage":"en-US","@id":"https:\/\/www.camaeleon.org\/en\/2023\/01\/21\/60e-anniversaire-du-traite-de-lelysee-enquete-aupres-des-eleves-et-contexte\/#primaryimage","url":"https:\/\/www.camaeleon.org\/wp-content\/uploads\/2023\/01\/shaking-hands-gfe7052834_1920.jpg","contentUrl":"https:\/\/www.camaeleon.org\/wp-content\/uploads\/2023\/01\/shaking-hands-gfe7052834_1920.jpg","width":1920,"height":1280,"caption":"Foto: Gerd Altmann \/ pixabaycom"},{"@type":"BreadcrumbList","@id":"https:\/\/www.camaeleon.org\/en\/2023\/01\/21\/60e-anniversaire-du-traite-de-lelysee-enquete-aupres-des-eleves-et-contexte\/#breadcrumb","itemListElement":[{"@type":"ListItem","position":1,"name":"Home","item":"https:\/\/www.camaeleon.org\/en\/"},{"@type":"ListItem","position":2,"name":"60e anniversaire du trait\u00e9 de l&rsquo;\u00c9lys\u00e9e : Enqu\u00eate aupr\u00e8s des \u00e9l\u00e8ves et contexte"}]},{"@type":"WebSite","@id":"https:\/\/www.camaeleon.org\/en\/#website","url":"https:\/\/www.camaeleon.org\/en\/","name":"Cam\u00e4l\u00e9on","description":"The online student magazine by Deutsch-Franz\u00f6sisches Gymnasium Saarbr\u00fccken","publisher":{"@id":"https:\/\/www.camaeleon.org\/en\/#organization"},"potentialAction":[{"@type":"SearchAction","target":{"@type":"EntryPoint","urlTemplate":"https:\/\/www.camaeleon.org\/en\/?s={search_term_string}"},"query-input":{"@type":"PropertyValueSpecification","valueRequired":true,"valueName":"search_term_string"}}],"inLanguage":"en-US"},{"@type":"Organization","@id":"https:\/\/www.camaeleon.org\/en\/#organization","name":"Cam\u00e4l\u00e9on","url":"https:\/\/www.camaeleon.org\/en\/","logo":{"@type":"ImageObject","inLanguage":"en-US","@id":"https:\/\/www.camaeleon.org\/en\/#\/schema\/logo\/image\/","url":"https:\/\/www.camaeleon.org\/wp-content\/uploads\/2011\/11\/CAM\u00c4LEON.jpg","contentUrl":"https:\/\/www.camaeleon.org\/wp-content\/uploads\/2011\/11\/CAM\u00c4LEON.jpg","width":959,"height":959,"caption":"Cam\u00e4l\u00e9on"},"image":{"@id":"https:\/\/www.camaeleon.org\/en\/#\/schema\/logo\/image\/"},"sameAs":["https:\/\/www.facebook.com\/camaeleon.org\/","https:\/\/x.com\/camaeleonOrg","https:\/\/www.instagram.com\/camaeleon.dfg\/","https:\/\/www.youtube.com\/channel\/UCl3TAUDdGuu_c7CD6ax6hYg"]},{"@type":"Person","@id":"https:\/\/www.camaeleon.org\/de\/#\/schema\/person\/d9d309c5cd617f2a8aa1ba1742093008","name":"Manuela Nwaha","image":{"@type":"ImageObject","inLanguage":"en-US","@id":"https:\/\/www.camaeleon.org\/en\/wp-content\/uploads\/2022\/12\/IMG_8881-150x150.jpg9ce3e832743ec53be959b144b33179fb","url":"https:\/\/www.camaeleon.org\/wp-content\/uploads\/2022\/12\/IMG_8881-150x150.jpg","contentUrl":"https:\/\/www.camaeleon.org\/wp-content\/uploads\/2022\/12\/IMG_8881-150x150.jpg","caption":"Manuela Nwaha"},"description":"Hi, my name is Manuela. I am 12 years old and I'm in 6B. I like playing the piano, listening to music, and reading books.","url":"https:\/\/www.camaeleon.org\/en\/author\/manuela-nwaha\/"}]}},"_links":{"self":[{"href":"https:\/\/www.camaeleon.org\/en\/wp-json\/wp\/v2\/posts\/28103","targetHints":{"allow":["GET"]}}],"collection":[{"href":"https:\/\/www.camaeleon.org\/en\/wp-json\/wp\/v2\/posts"}],"about":[{"href":"https:\/\/www.camaeleon.org\/en\/wp-json\/wp\/v2\/types\/post"}],"author":[{"embeddable":true,"href":"https:\/\/www.camaeleon.org\/en\/wp-json\/wp\/v2\/users\/168"}],"replies":[{"embeddable":true,"href":"https:\/\/www.camaeleon.org\/en\/wp-json\/wp\/v2\/comments?post=28103"}],"version-history":[{"count":8,"href":"https:\/\/www.camaeleon.org\/en\/wp-json\/wp\/v2\/posts\/28103\/revisions"}],"predecessor-version":[{"id":28214,"href":"https:\/\/www.camaeleon.org\/en\/wp-json\/wp\/v2\/posts\/28103\/revisions\/28214"}],"wp:featuredmedia":[{"embeddable":true,"href":"https:\/\/www.camaeleon.org\/en\/wp-json\/wp\/v2\/media\/28172"}],"wp:attachment":[{"href":"https:\/\/www.camaeleon.org\/en\/wp-json\/wp\/v2\/media?parent=28103"}],"wp:term":[{"taxonomy":"category","embeddable":true,"href":"https:\/\/www.camaeleon.org\/en\/wp-json\/wp\/v2\/categories?post=28103"},{"taxonomy":"post_tag","embeddable":true,"href":"https:\/\/www.camaeleon.org\/en\/wp-json\/wp\/v2\/tags?post=28103"},{"taxonomy":"author","embeddable":true,"href":"https:\/\/www.camaeleon.org\/en\/wp-json\/wp\/v2\/coauthors?post=28103"}],"curies":[{"name":"wp","href":"https:\/\/api.w.org\/{rel}","templated":true}]}}