{"id":27671,"date":"2022-11-30T19:03:44","date_gmt":"2022-11-30T18:03:44","guid":{"rendered":"https:\/\/www.camaeleon.org\/?p=27671"},"modified":"2023-10-18T23:50:51","modified_gmt":"2023-10-18T21:50:51","slug":"enseigner-dans-un-abri-anti-aerien-temoignage-du-lycee-francais-anne-de-kiev","status":"publish","type":"post","link":"https:\/\/www.camaeleon.org\/en\/2022\/11\/30\/enseigner-dans-un-abri-anti-aerien-temoignage-du-lycee-francais-anne-de-kiev\/","title":{"rendered":"Unterricht im Luftschutzbunker: Die franz\u00f6sische Schule in Kiew"},"content":{"rendered":"<p><figure id=\"attachment_27675\" aria-describedby=\"caption-attachment-27675\" style=\"width: 300px\" class=\"wp-caption alignleft\"><img loading=\"lazy\" decoding=\"async\" class=\"size-medium wp-image-27675\" src=\"https:\/\/www.camaeleon.org\/wp-content\/uploads\/2022\/11\/Clemence-Le-Comte-300x224.png\" alt=\"Cl\u00e9mence Le Comte\" width=\"300\" height=\"224\" srcset=\"https:\/\/www.camaeleon.org\/wp-content\/uploads\/2022\/11\/Clemence-Le-Comte-300x224.png 300w, https:\/\/www.camaeleon.org\/wp-content\/uploads\/2022\/11\/Clemence-Le-Comte-803x600.png 803w, https:\/\/www.camaeleon.org\/wp-content\/uploads\/2022\/11\/Clemence-Le-Comte.png 1024w\" sizes=\"auto, (max-width: 300px) 100vw, 300px\" \/><figcaption id=\"caption-attachment-27675\" class=\"wp-caption-text\">Photo: Cl\u00e9mence Le Comte<\/figcaption><\/figure><\/p>\n<p>Ein Krieg, der nun schon fast ein Jahr dauert. Ein Krieg, der das Leben unendlich vieler Menschen bewegt hat. Ein Krieg, der viele H\u00e4user, viele Familien zerst\u00f6rt hat. Was dieses Jahr in der Ukraine passiert, hat wohl jeder mitbekommen. Und das alles gar nicht mal so weit weg von uns. Auf allen sozialen Netzwerken findet man Spendenaktionen, Solidarit\u00e4tsbewegungen, auf den Stra\u00dfen Demonstrationen.<\/p>\n<figure id=\"attachment_27676\" aria-describedby=\"caption-attachment-27676\" style=\"width: 300px\" class=\"wp-caption alignright\"><img loading=\"lazy\" decoding=\"async\" class=\"wp-image-27676 size-medium\" src=\"https:\/\/www.camaeleon.org\/wp-content\/uploads\/2022\/11\/Ukraine-ecole-300x224.jpg\" alt=\"\" width=\"300\" height=\"224\" srcset=\"https:\/\/www.camaeleon.org\/wp-content\/uploads\/2022\/11\/Ukraine-ecole-300x224.jpg 300w, https:\/\/www.camaeleon.org\/wp-content\/uploads\/2022\/11\/Ukraine-ecole-802x600.jpg 802w, https:\/\/www.camaeleon.org\/wp-content\/uploads\/2022\/11\/Ukraine-ecole-1536x1149.jpg 1536w, https:\/\/www.camaeleon.org\/wp-content\/uploads\/2022\/11\/Ukraine-ecole-2048x1532.jpg 2048w\" sizes=\"auto, (max-width: 300px) 100vw, 300px\" \/><figcaption id=\"caption-attachment-27676\" class=\"wp-caption-text\">Photo: Cl\u00e9mence Le Comte<\/figcaption><\/figure>\n<p>Stellt euch vor, ihr k\u00f6nnt auf einmal nicht mehr in die Schule gehen, weil in eurem Land Krieg herrscht. Eure Freunde sind alle weg.<\/p>\n<p>Wir haben uns gefragt, wie es in der Ukraine momentan mit Schule aussieht, ob ein Schulbesuch \u00fcberhaupt m\u00f6glich ist. Cl\u00e9mence Le Comte ist Lehrerin an der <a href=\"http:\/\/lyceeadk.com\">franz\u00f6sischen Grundschule in Kiew<\/a> und aktuell immer noch dort. Im Interview spricht sie dar\u00fcber, inwiefern man w\u00e4hrend eines Krieges ein &#8220;normales Leben&#8221; f\u00fchren kann.<\/p>\n<h5 style=\"text-align: center;\">Video-Interview mit Cl\u00e9mence Le Comte (Lyc\u00e9e fran\u00e7ais Anne de Kiev (AEFE)<\/h5>\n<div class=\"lyte-wrapper\" style=\"width:1280px;max-width:100%;margin:5px auto;\"><div class=\"lyMe hidef\" id=\"WYL_R_mYrHrcPs8\"><div id=\"lyte_R_mYrHrcPs8\" data-src=\"https:\/\/www.camaeleon.org\/wp-content\/plugins\/wp-youtube-lyte\/lyteCache.php?origThumbUrl=%2F%2Fi.ytimg.com%2Fvi%2FR_mYrHrcPs8%2Fhqdefault.jpg\" class=\"pL\"><div class=\"tC\"><div class=\"tT\"><\/div><\/div><div class=\"play\"><\/div><div class=\"ctrl\"><div class=\"Lctrl\"><\/div><div class=\"Rctrl\"><\/div><\/div><\/div><noscript><a href=\"https:\/\/youtu.be\/R_mYrHrcPs8\" rel=\"nofollow\"><img loading=\"lazy\" decoding=\"async\" src=\"https:\/\/www.camaeleon.org\/wp-content\/plugins\/wp-youtube-lyte\/lyteCache.php?origThumbUrl=https%3A%2F%2Fi.ytimg.com%2Fvi%2FR_mYrHrcPs8%2F0.jpg\" alt=\"YouTube video thumbnail\" width=\"1280\" height=\"700\" \/><br \/>Watch this video on YouTube<\/a><\/noscript><\/div><\/div><div class=\"lL\" style=\"max-width:100%;width:1280px;margin:5px auto;\"><br\/><span class=\"lyte_disclaimer\">By clicking on the video, you establish a connection to Youtube servers. More information in the <a href=\"https:\/\/www.camaeleon.org\/en\/mentions-legales\/declaration-de-protection-des-donnees\/\">privacy statement<\/a>.<\/span><\/div><\/p>\n<p><br \/>\n<\/p>","protected":false},"excerpt":{"rendered":"<p>Ein Krieg, der nun schon fast ein Jahr dauert. Ein Krieg, der das Leben unendlich vieler Menschen bewegt hat. Ein Krieg, der viele H\u00e4user, viele<\/p>\n","protected":false},"author":157,"featured_media":27675,"comment_status":"open","ping_status":"closed","sticky":false,"template":"","format":"standard","meta":{"colormag_page_container_layout":"default_layout","colormag_page_sidebar_layout":"default_layout","footnotes":""},"categories":[1910,2039,908],"tags":[689,562,2105,2106,277,2107,656,1909],"coauthors":[1788,1209],"class_list":["post-27671","post","type-post","status-publish","format-standard","has-post-thumbnail","hentry","category-guerre-en-ukraine","category-zeitlos","category-camaeleon-video","tag-aefe","tag-guerre","tag-kiev","tag-kiew","tag-krieg","tag-lycee-francais-anne-de-kiev","tag-ukraine","tag-ukraine-krieg"],"yoast_head":"<!-- This site is optimized with the Yoast SEO plugin v27.5 - https:\/\/yoast.com\/product\/yoast-seo-wordpress\/ -->\n<title>Unterricht im Luftschutzbunker: Die franz\u00f6sische Schule in Kiew - Cam\u00e4l\u00e9on<\/title>\n<meta name=\"description\" content=\"Pour s&#039;informer sur la situation actuelle de l&#039;enseignement en Ukraine, Cam\u00e4l\u00e9on a interview\u00e9 Cl\u00e9mence Le Comte, professeure au Lyc\u00e9e fran\u00e7ais Anne de Kiev.\" \/>\n<meta name=\"robots\" content=\"index, follow, max-snippet:-1, max-image-preview:large, max-video-preview:-1\" \/>\n<link rel=\"canonical\" href=\"https:\/\/www.camaeleon.org\/en\/2022\/11\/30\/enseigner-dans-un-abri-anti-aerien-temoignage-du-lycee-francais-anne-de-kiev\/\" \/>\n<meta property=\"og:locale\" content=\"en_US\" \/>\n<meta property=\"og:type\" content=\"article\" \/>\n<meta property=\"og:title\" content=\"Unterricht im Luftschutzbunker: Die franz\u00f6sische Schule in Kiew - Cam\u00e4l\u00e9on\" \/>\n<meta property=\"og:description\" content=\"Pour s&#039;informer sur la situation actuelle de l&#039;enseignement en Ukraine, Cam\u00e4l\u00e9on a interview\u00e9 Cl\u00e9mence Le Comte, professeure au Lyc\u00e9e fran\u00e7ais Anne de Kiev.\" \/>\n<meta property=\"og:url\" content=\"https:\/\/www.camaeleon.org\/en\/2022\/11\/30\/enseigner-dans-un-abri-anti-aerien-temoignage-du-lycee-francais-anne-de-kiev\/\" \/>\n<meta property=\"og:site_name\" content=\"Cam\u00e4l\u00e9on\" \/>\n<meta property=\"article:publisher\" content=\"https:\/\/www.facebook.com\/camaeleon.org\/\" \/>\n<meta property=\"article:published_time\" content=\"2022-11-30T18:03:44+00:00\" \/>\n<meta property=\"article:modified_time\" content=\"2023-10-18T21:50:51+00:00\" \/>\n<meta property=\"og:image\" content=\"https:\/\/www.camaeleon.org\/wp-content\/uploads\/2022\/11\/Clemence-Le-Comte.png\" \/>\n\t<meta property=\"og:image:width\" content=\"1024\" \/>\n\t<meta property=\"og:image:height\" content=\"765\" \/>\n\t<meta property=\"og:image:type\" content=\"image\/png\" \/>\n<meta name=\"author\" content=\"Lili Carteron, Anouk Viero\" \/>\n<meta name=\"twitter:card\" content=\"summary_large_image\" \/>\n<meta name=\"twitter:creator\" content=\"@camaeleonOrg\" \/>\n<meta name=\"twitter:site\" content=\"@camaeleonOrg\" \/>\n<script type=\"application\/ld+json\" class=\"yoast-schema-graph\">{\"@context\":\"https:\\\/\\\/schema.org\",\"@graph\":[{\"@type\":\"Article\",\"@id\":\"https:\\\/\\\/www.camaeleon.org\\\/2022\\\/11\\\/30\\\/enseigner-dans-un-abri-anti-aerien-temoignage-du-lycee-francais-anne-de-kiev\\\/#article\",\"isPartOf\":{\"@id\":\"https:\\\/\\\/www.camaeleon.org\\\/2022\\\/11\\\/30\\\/enseigner-dans-un-abri-anti-aerien-temoignage-du-lycee-francais-anne-de-kiev\\\/\"},\"author\":{\"name\":\"Lili Carteron\",\"@id\":\"https:\\\/\\\/www.camaeleon.org\\\/de\\\/#\\\/schema\\\/person\\\/75ce8459a0a77d183e4e86c17dd86156\"},\"headline\":\"Unterricht im Luftschutzbunker: Die franz\u00f6sische Schule in Kiew\",\"datePublished\":\"2022-11-30T18:03:44+00:00\",\"dateModified\":\"2023-10-18T21:50:51+00:00\",\"mainEntityOfPage\":{\"@id\":\"https:\\\/\\\/www.camaeleon.org\\\/2022\\\/11\\\/30\\\/enseigner-dans-un-abri-anti-aerien-temoignage-du-lycee-francais-anne-de-kiev\\\/\"},\"wordCount\":610,\"commentCount\":0,\"publisher\":{\"@id\":\"https:\\\/\\\/www.camaeleon.org\\\/de\\\/#organization\"},\"image\":{\"@id\":\"https:\\\/\\\/www.camaeleon.org\\\/2022\\\/11\\\/30\\\/enseigner-dans-un-abri-anti-aerien-temoignage-du-lycee-francais-anne-de-kiev\\\/#primaryimage\"},\"thumbnailUrl\":\"https:\\\/\\\/www.camaeleon.org\\\/wp-content\\\/uploads\\\/2022\\\/11\\\/Clemence-Le-Comte.png\",\"keywords\":[\"AEFE\",\"Guerre\",\"Kiev\",\"Kiew\",\"Krieg\",\"Lyc\u00e9e Fran\u00e7ais Anne De Kiev\",\"ukraine\",\"Ukraine-Krieg\"],\"articleSection\":[\"War in Ukraine\",\"Timeless\",\"Video\"],\"inLanguage\":\"en-US\",\"potentialAction\":[{\"@type\":\"CommentAction\",\"name\":\"Comment\",\"target\":[\"https:\\\/\\\/www.camaeleon.org\\\/2022\\\/11\\\/30\\\/enseigner-dans-un-abri-anti-aerien-temoignage-du-lycee-francais-anne-de-kiev\\\/#respond\"]}]},{\"@type\":\"WebPage\",\"@id\":\"https:\\\/\\\/www.camaeleon.org\\\/en\\\/2022\\\/11\\\/30\\\/enseigner-dans-un-abri-anti-aerien-temoignage-du-lycee-francais-anne-de-kiev\\\/\",\"url\":\"https:\\\/\\\/www.camaeleon.org\\\/en\\\/2022\\\/11\\\/30\\\/enseigner-dans-un-abri-anti-aerien-temoignage-du-lycee-francais-anne-de-kiev\\\/\",\"name\":\"Unterricht im Luftschutzbunker: Die franz\u00f6sische Schule in Kiew - Cam\u00e4l\u00e9on\",\"isPartOf\":{\"@id\":\"https:\\\/\\\/www.camaeleon.org\\\/en\\\/#website\"},\"primaryImageOfPage\":{\"@id\":\"https:\\\/\\\/www.camaeleon.org\\\/en\\\/2022\\\/11\\\/30\\\/enseigner-dans-un-abri-anti-aerien-temoignage-du-lycee-francais-anne-de-kiev\\\/#primaryimage\"},\"image\":{\"@id\":\"https:\\\/\\\/www.camaeleon.org\\\/2022\\\/11\\\/30\\\/enseigner-dans-un-abri-anti-aerien-temoignage-du-lycee-francais-anne-de-kiev\\\/#primaryimage\"},\"thumbnailUrl\":\"https:\\\/\\\/www.camaeleon.org\\\/wp-content\\\/uploads\\\/2022\\\/11\\\/Clemence-Le-Comte.png\",\"datePublished\":\"2022-11-30T18:03:44+00:00\",\"dateModified\":\"2023-10-18T21:50:51+00:00\",\"description\":\"Pour s'informer sur la situation actuelle de l'enseignement en Ukraine, Cam\u00e4l\u00e9on a interview\u00e9 Cl\u00e9mence Le Comte, professeure au Lyc\u00e9e fran\u00e7ais Anne de Kiev.\",\"breadcrumb\":{\"@id\":\"https:\\\/\\\/www.camaeleon.org\\\/en\\\/2022\\\/11\\\/30\\\/enseigner-dans-un-abri-anti-aerien-temoignage-du-lycee-francais-anne-de-kiev\\\/#breadcrumb\"},\"inLanguage\":\"en-US\",\"potentialAction\":[{\"@type\":\"ReadAction\",\"target\":[[\"https:\\\/\\\/www.camaeleon.org\\\/en\\\/2022\\\/11\\\/30\\\/enseigner-dans-un-abri-anti-aerien-temoignage-du-lycee-francais-anne-de-kiev\\\/\"]]}]},{\"@type\":\"ImageObject\",\"inLanguage\":\"en-US\",\"@id\":\"https:\\\/\\\/www.camaeleon.org\\\/en\\\/2022\\\/11\\\/30\\\/enseigner-dans-un-abri-anti-aerien-temoignage-du-lycee-francais-anne-de-kiev\\\/#primaryimage\",\"url\":\"https:\\\/\\\/www.camaeleon.org\\\/wp-content\\\/uploads\\\/2022\\\/11\\\/Clemence-Le-Comte.png\",\"contentUrl\":\"https:\\\/\\\/www.camaeleon.org\\\/wp-content\\\/uploads\\\/2022\\\/11\\\/Clemence-Le-Comte.png\",\"width\":1024,\"height\":765,\"caption\":\"Photo: priv\u00e9\"},{\"@type\":\"BreadcrumbList\",\"@id\":\"https:\\\/\\\/www.camaeleon.org\\\/en\\\/2022\\\/11\\\/30\\\/enseigner-dans-un-abri-anti-aerien-temoignage-du-lycee-francais-anne-de-kiev\\\/#breadcrumb\",\"itemListElement\":[{\"@type\":\"ListItem\",\"position\":1,\"name\":\"Home\",\"item\":\"https:\\\/\\\/www.camaeleon.org\\\/en\\\/\"},{\"@type\":\"ListItem\",\"position\":2,\"name\":\"Unterricht im Luftschutzbunker: Die franz\u00f6sische Schule in Kiew\"}]},{\"@type\":\"WebSite\",\"@id\":\"https:\\\/\\\/www.camaeleon.org\\\/en\\\/#website\",\"url\":\"https:\\\/\\\/www.camaeleon.org\\\/en\\\/\",\"name\":\"Cam\u00e4l\u00e9on\",\"description\":\"The online student magazine by Deutsch-Franz\u00f6sisches Gymnasium Saarbr\u00fccken\",\"publisher\":{\"@id\":\"https:\\\/\\\/www.camaeleon.org\\\/en\\\/#organization\"},\"potentialAction\":[{\"@type\":\"SearchAction\",\"target\":{\"@type\":\"EntryPoint\",\"urlTemplate\":\"https:\\\/\\\/www.camaeleon.org\\\/en\\\/?s={search_term_string}\"},\"query-input\":{\"@type\":\"PropertyValueSpecification\",\"valueRequired\":true,\"valueName\":\"search_term_string\"}}],\"inLanguage\":\"en-US\"},{\"@type\":\"Organization\",\"@id\":\"https:\\\/\\\/www.camaeleon.org\\\/en\\\/#organization\",\"name\":\"Cam\u00e4l\u00e9on\",\"url\":\"https:\\\/\\\/www.camaeleon.org\\\/en\\\/\",\"logo\":{\"@type\":\"ImageObject\",\"inLanguage\":\"en-US\",\"@id\":\"https:\\\/\\\/www.camaeleon.org\\\/en\\\/#\\\/schema\\\/logo\\\/image\\\/\",\"url\":\"https:\\\/\\\/www.camaeleon.org\\\/wp-content\\\/uploads\\\/2011\\\/11\\\/CAM\u00c4LEON.jpg\",\"contentUrl\":\"https:\\\/\\\/www.camaeleon.org\\\/wp-content\\\/uploads\\\/2011\\\/11\\\/CAM\u00c4LEON.jpg\",\"width\":959,\"height\":959,\"caption\":\"Cam\u00e4l\u00e9on\"},\"image\":{\"@id\":\"https:\\\/\\\/www.camaeleon.org\\\/en\\\/#\\\/schema\\\/logo\\\/image\\\/\"},\"sameAs\":[\"https:\\\/\\\/www.facebook.com\\\/camaeleon.org\\\/\",\"https:\\\/\\\/x.com\\\/camaeleonOrg\",\"https:\\\/\\\/www.instagram.com\\\/camaeleon.dfg\\\/\",\"https:\\\/\\\/www.youtube.com\\\/channel\\\/UCl3TAUDdGuu_c7CD6ax6hYg\"]},{\"@type\":\"Person\",\"@id\":\"https:\\\/\\\/www.camaeleon.org\\\/de\\\/#\\\/schema\\\/person\\\/75ce8459a0a77d183e4e86c17dd86156\",\"name\":\"Lili Carteron\",\"image\":{\"@type\":\"ImageObject\",\"inLanguage\":\"en-US\",\"@id\":\"https:\\\/\\\/www.camaeleon.org\\\/en\\\/wp-content\\\/uploads\\\/2022\\\/11\\\/993F0787-8049-4658-8624-0F6B24208285.jpeg5be6e39f6c9950a1a470c9486c9a9fb5\",\"url\":\"https:\\\/\\\/www.camaeleon.org\\\/wp-content\\\/uploads\\\/2022\\\/11\\\/993F0787-8049-4658-8624-0F6B24208285.jpeg\",\"contentUrl\":\"https:\\\/\\\/www.camaeleon.org\\\/wp-content\\\/uploads\\\/2022\\\/11\\\/993F0787-8049-4658-8624-0F6B24208285.jpeg\",\"caption\":\"Lili Carteron\"},\"description\":\"Salut, je m'appelle Lili, voici quelques infos sur moi : - Je suis en TL - j'ai 19 ans - \u00e0 Cam\u00e4l\u00e9on depuis 2021 J'aime bien faire des montages vid\u00e9o et \u00e9crire des textes. Pendant mon temps libre je joue du piano, j'aime beaucoup la danse et je vais souvent au cin\u00e9ma.\",\"url\":\"https:\\\/\\\/www.camaeleon.org\\\/en\\\/author\\\/lili-carteron\\\/\"}]}<\/script>\n<!-- \/ Yoast SEO plugin. -->","yoast_head_json":{"title":"Unterricht im Luftschutzbunker: Die franz\u00f6sische Schule in Kiew - Cam\u00e4l\u00e9on","description":"Pour s'informer sur la situation actuelle de l'enseignement en Ukraine, Cam\u00e4l\u00e9on a interview\u00e9 Cl\u00e9mence Le Comte, professeure au Lyc\u00e9e fran\u00e7ais Anne de Kiev.","robots":{"index":"index","follow":"follow","max-snippet":"max-snippet:-1","max-image-preview":"max-image-preview:large","max-video-preview":"max-video-preview:-1"},"canonical":"https:\/\/www.camaeleon.org\/en\/2022\/11\/30\/enseigner-dans-un-abri-anti-aerien-temoignage-du-lycee-francais-anne-de-kiev\/","og_locale":"en_US","og_type":"article","og_title":"Unterricht im Luftschutzbunker: Die franz\u00f6sische Schule in Kiew - Cam\u00e4l\u00e9on","og_description":"Pour s'informer sur la situation actuelle de l'enseignement en Ukraine, Cam\u00e4l\u00e9on a interview\u00e9 Cl\u00e9mence Le Comte, professeure au Lyc\u00e9e fran\u00e7ais Anne de Kiev.","og_url":"https:\/\/www.camaeleon.org\/en\/2022\/11\/30\/enseigner-dans-un-abri-anti-aerien-temoignage-du-lycee-francais-anne-de-kiev\/","og_site_name":"Cam\u00e4l\u00e9on","article_publisher":"https:\/\/www.facebook.com\/camaeleon.org\/","article_published_time":"2022-11-30T18:03:44+00:00","article_modified_time":"2023-10-18T21:50:51+00:00","og_image":[{"width":1024,"height":765,"url":"https:\/\/www.camaeleon.org\/wp-content\/uploads\/2022\/11\/Clemence-Le-Comte.png","type":"image\/png"}],"author":"Lili Carteron, Anouk Viero","twitter_card":"summary_large_image","twitter_creator":"@camaeleonOrg","twitter_site":"@camaeleonOrg","schema":{"@context":"https:\/\/schema.org","@graph":[{"@type":"Article","@id":"https:\/\/www.camaeleon.org\/2022\/11\/30\/enseigner-dans-un-abri-anti-aerien-temoignage-du-lycee-francais-anne-de-kiev\/#article","isPartOf":{"@id":"https:\/\/www.camaeleon.org\/2022\/11\/30\/enseigner-dans-un-abri-anti-aerien-temoignage-du-lycee-francais-anne-de-kiev\/"},"author":{"name":"Lili Carteron","@id":"https:\/\/www.camaeleon.org\/de\/#\/schema\/person\/75ce8459a0a77d183e4e86c17dd86156"},"headline":"Unterricht im Luftschutzbunker: Die franz\u00f6sische Schule in Kiew","datePublished":"2022-11-30T18:03:44+00:00","dateModified":"2023-10-18T21:50:51+00:00","mainEntityOfPage":{"@id":"https:\/\/www.camaeleon.org\/2022\/11\/30\/enseigner-dans-un-abri-anti-aerien-temoignage-du-lycee-francais-anne-de-kiev\/"},"wordCount":610,"commentCount":0,"publisher":{"@id":"https:\/\/www.camaeleon.org\/de\/#organization"},"image":{"@id":"https:\/\/www.camaeleon.org\/2022\/11\/30\/enseigner-dans-un-abri-anti-aerien-temoignage-du-lycee-francais-anne-de-kiev\/#primaryimage"},"thumbnailUrl":"https:\/\/www.camaeleon.org\/wp-content\/uploads\/2022\/11\/Clemence-Le-Comte.png","keywords":["AEFE","Guerre","Kiev","Kiew","Krieg","Lyc\u00e9e Fran\u00e7ais Anne De Kiev","ukraine","Ukraine-Krieg"],"articleSection":["War in Ukraine","Timeless","Video"],"inLanguage":"en-US","potentialAction":[{"@type":"CommentAction","name":"Comment","target":["https:\/\/www.camaeleon.org\/2022\/11\/30\/enseigner-dans-un-abri-anti-aerien-temoignage-du-lycee-francais-anne-de-kiev\/#respond"]}]},{"@type":"WebPage","@id":"https:\/\/www.camaeleon.org\/en\/2022\/11\/30\/enseigner-dans-un-abri-anti-aerien-temoignage-du-lycee-francais-anne-de-kiev\/","url":"https:\/\/www.camaeleon.org\/en\/2022\/11\/30\/enseigner-dans-un-abri-anti-aerien-temoignage-du-lycee-francais-anne-de-kiev\/","name":"Unterricht im Luftschutzbunker: Die franz\u00f6sische Schule in Kiew - Cam\u00e4l\u00e9on","isPartOf":{"@id":"https:\/\/www.camaeleon.org\/en\/#website"},"primaryImageOfPage":{"@id":"https:\/\/www.camaeleon.org\/en\/2022\/11\/30\/enseigner-dans-un-abri-anti-aerien-temoignage-du-lycee-francais-anne-de-kiev\/#primaryimage"},"image":{"@id":"https:\/\/www.camaeleon.org\/2022\/11\/30\/enseigner-dans-un-abri-anti-aerien-temoignage-du-lycee-francais-anne-de-kiev\/#primaryimage"},"thumbnailUrl":"https:\/\/www.camaeleon.org\/wp-content\/uploads\/2022\/11\/Clemence-Le-Comte.png","datePublished":"2022-11-30T18:03:44+00:00","dateModified":"2023-10-18T21:50:51+00:00","description":"Pour s'informer sur la situation actuelle de l'enseignement en Ukraine, Cam\u00e4l\u00e9on a interview\u00e9 Cl\u00e9mence Le Comte, professeure au Lyc\u00e9e fran\u00e7ais Anne de Kiev.","breadcrumb":{"@id":"https:\/\/www.camaeleon.org\/en\/2022\/11\/30\/enseigner-dans-un-abri-anti-aerien-temoignage-du-lycee-francais-anne-de-kiev\/#breadcrumb"},"inLanguage":"en-US","potentialAction":[{"@type":"ReadAction","target":[["https:\/\/www.camaeleon.org\/en\/2022\/11\/30\/enseigner-dans-un-abri-anti-aerien-temoignage-du-lycee-francais-anne-de-kiev\/"]]}]},{"@type":"ImageObject","inLanguage":"en-US","@id":"https:\/\/www.camaeleon.org\/en\/2022\/11\/30\/enseigner-dans-un-abri-anti-aerien-temoignage-du-lycee-francais-anne-de-kiev\/#primaryimage","url":"https:\/\/www.camaeleon.org\/wp-content\/uploads\/2022\/11\/Clemence-Le-Comte.png","contentUrl":"https:\/\/www.camaeleon.org\/wp-content\/uploads\/2022\/11\/Clemence-Le-Comte.png","width":1024,"height":765,"caption":"Photo: priv\u00e9"},{"@type":"BreadcrumbList","@id":"https:\/\/www.camaeleon.org\/en\/2022\/11\/30\/enseigner-dans-un-abri-anti-aerien-temoignage-du-lycee-francais-anne-de-kiev\/#breadcrumb","itemListElement":[{"@type":"ListItem","position":1,"name":"Home","item":"https:\/\/www.camaeleon.org\/en\/"},{"@type":"ListItem","position":2,"name":"Unterricht im Luftschutzbunker: Die franz\u00f6sische Schule in Kiew"}]},{"@type":"WebSite","@id":"https:\/\/www.camaeleon.org\/en\/#website","url":"https:\/\/www.camaeleon.org\/en\/","name":"Cam\u00e4l\u00e9on","description":"The online student magazine by Deutsch-Franz\u00f6sisches Gymnasium Saarbr\u00fccken","publisher":{"@id":"https:\/\/www.camaeleon.org\/en\/#organization"},"potentialAction":[{"@type":"SearchAction","target":{"@type":"EntryPoint","urlTemplate":"https:\/\/www.camaeleon.org\/en\/?s={search_term_string}"},"query-input":{"@type":"PropertyValueSpecification","valueRequired":true,"valueName":"search_term_string"}}],"inLanguage":"en-US"},{"@type":"Organization","@id":"https:\/\/www.camaeleon.org\/en\/#organization","name":"Cam\u00e4l\u00e9on","url":"https:\/\/www.camaeleon.org\/en\/","logo":{"@type":"ImageObject","inLanguage":"en-US","@id":"https:\/\/www.camaeleon.org\/en\/#\/schema\/logo\/image\/","url":"https:\/\/www.camaeleon.org\/wp-content\/uploads\/2011\/11\/CAM\u00c4LEON.jpg","contentUrl":"https:\/\/www.camaeleon.org\/wp-content\/uploads\/2011\/11\/CAM\u00c4LEON.jpg","width":959,"height":959,"caption":"Cam\u00e4l\u00e9on"},"image":{"@id":"https:\/\/www.camaeleon.org\/en\/#\/schema\/logo\/image\/"},"sameAs":["https:\/\/www.facebook.com\/camaeleon.org\/","https:\/\/x.com\/camaeleonOrg","https:\/\/www.instagram.com\/camaeleon.dfg\/","https:\/\/www.youtube.com\/channel\/UCl3TAUDdGuu_c7CD6ax6hYg"]},{"@type":"Person","@id":"https:\/\/www.camaeleon.org\/de\/#\/schema\/person\/75ce8459a0a77d183e4e86c17dd86156","name":"Lili Carteron","image":{"@type":"ImageObject","inLanguage":"en-US","@id":"https:\/\/www.camaeleon.org\/en\/wp-content\/uploads\/2022\/11\/993F0787-8049-4658-8624-0F6B24208285.jpeg5be6e39f6c9950a1a470c9486c9a9fb5","url":"https:\/\/www.camaeleon.org\/wp-content\/uploads\/2022\/11\/993F0787-8049-4658-8624-0F6B24208285.jpeg","contentUrl":"https:\/\/www.camaeleon.org\/wp-content\/uploads\/2022\/11\/993F0787-8049-4658-8624-0F6B24208285.jpeg","caption":"Lili Carteron"},"description":"Salut, je m'appelle Lili, voici quelques infos sur moi : - Je suis en TL - j'ai 19 ans - \u00e0 Cam\u00e4l\u00e9on depuis 2021 J'aime bien faire des montages vid\u00e9o et \u00e9crire des textes. Pendant mon temps libre je joue du piano, j'aime beaucoup la danse et je vais souvent au cin\u00e9ma.","url":"https:\/\/www.camaeleon.org\/en\/author\/lili-carteron\/"}]}},"_links":{"self":[{"href":"https:\/\/www.camaeleon.org\/en\/wp-json\/wp\/v2\/posts\/27671","targetHints":{"allow":["GET"]}}],"collection":[{"href":"https:\/\/www.camaeleon.org\/en\/wp-json\/wp\/v2\/posts"}],"about":[{"href":"https:\/\/www.camaeleon.org\/en\/wp-json\/wp\/v2\/types\/post"}],"author":[{"embeddable":true,"href":"https:\/\/www.camaeleon.org\/en\/wp-json\/wp\/v2\/users\/157"}],"replies":[{"embeddable":true,"href":"https:\/\/www.camaeleon.org\/en\/wp-json\/wp\/v2\/comments?post=27671"}],"version-history":[{"count":39,"href":"https:\/\/www.camaeleon.org\/en\/wp-json\/wp\/v2\/posts\/27671\/revisions"}],"predecessor-version":[{"id":27743,"href":"https:\/\/www.camaeleon.org\/en\/wp-json\/wp\/v2\/posts\/27671\/revisions\/27743"}],"wp:featuredmedia":[{"embeddable":true,"href":"https:\/\/www.camaeleon.org\/en\/wp-json\/wp\/v2\/media\/27675"}],"wp:attachment":[{"href":"https:\/\/www.camaeleon.org\/en\/wp-json\/wp\/v2\/media?parent=27671"}],"wp:term":[{"taxonomy":"category","embeddable":true,"href":"https:\/\/www.camaeleon.org\/en\/wp-json\/wp\/v2\/categories?post=27671"},{"taxonomy":"post_tag","embeddable":true,"href":"https:\/\/www.camaeleon.org\/en\/wp-json\/wp\/v2\/tags?post=27671"},{"taxonomy":"author","embeddable":true,"href":"https:\/\/www.camaeleon.org\/en\/wp-json\/wp\/v2\/coauthors?post=27671"}],"curies":[{"name":"wp","href":"https:\/\/api.w.org\/{rel}","templated":true}]}}