{"id":27242,"date":"2022-09-16T22:30:45","date_gmt":"2022-09-16T20:30:45","guid":{"rendered":"https:\/\/www.camaeleon.org\/?p=27242"},"modified":"2023-03-17T14:13:40","modified_gmt":"2023-03-17T13:13:40","slug":"das-wort-der-woche-elizabeth","status":"publish","type":"post","link":"https:\/\/www.camaeleon.org\/en\/2022\/09\/16\/das-wort-der-woche-elizabeth\/","title":{"rendered":"Das Wort der Woche: #Elisabeth"},"content":{"rendered":"<p><figure id=\"attachment_27247\" aria-describedby=\"caption-attachment-27247\" style=\"width: 300px\" class=\"wp-caption alignleft\"><img loading=\"lazy\" decoding=\"async\" class=\"wp-image-27247 size-medium\" src=\"https:\/\/www.camaeleon.org\/wp-content\/uploads\/2022\/09\/Official_Opening_of_the_Borders_Rail_-_21086557488-300x214.jpg\" alt=\"K\u00f6nigin Elisabeth II\" width=\"300\" height=\"214\" srcset=\"https:\/\/www.camaeleon.org\/wp-content\/uploads\/2022\/09\/Official_Opening_of_the_Borders_Rail_-_21086557488-300x214.jpg 300w, https:\/\/www.camaeleon.org\/wp-content\/uploads\/2022\/09\/Official_Opening_of_the_Borders_Rail_-_21086557488-842x600.jpg 842w, https:\/\/www.camaeleon.org\/wp-content\/uploads\/2022\/09\/Official_Opening_of_the_Borders_Rail_-_21086557488-1536x1094.jpg 1536w, https:\/\/www.camaeleon.org\/wp-content\/uploads\/2022\/09\/Official_Opening_of_the_Borders_Rail_-_21086557488-2048x1459.jpg 2048w\" sizes=\"auto, (max-width: 300px) 100vw, 300px\" \/><figcaption id=\"caption-attachment-27247\" class=\"wp-caption-text\">Foto: <a href=\"https:\/\/www.flickr.com\/photos\/scottishgovernment\/21086557488\">Scottish Government<\/a> (<a href=\"https:\/\/creativecommons.org\/licenses\/by\/2.0\/\"><span class=\"cc-license-identifier\">CC BY 2.0<\/span><\/a>)<\/figcaption><\/figure><\/p>\n<p>Am 8 September 2022 ist die britische K\u00f6nigin Elisabeth II. verstorben. Weltweit wird um sie getrauert. Die 96-j\u00e4hrige K\u00f6nigin hat 70 Jahre lang Gro\u00dfbritannien regiert. Am 19.09.22 wird sie begraben.<\/p>\n<p>K\u00f6nig Charles III. ist der Nachfolger der Queen. Das Datum der Kr\u00f6nungszeremonie ist noch nicht festgelegt worden.<\/p>","protected":false},"excerpt":{"rendered":"<p>Am 8 September 2022 ist die britische K\u00f6nigin Elisabeth II. verstorben. Weltweit wird um sie getrauert. Die 96-j\u00e4hrige K\u00f6nigin hat 70 Jahre lang Gro\u00dfbritannien regiert.<\/p>\n","protected":false},"author":164,"featured_media":27247,"comment_status":"open","ping_status":"closed","sticky":false,"template":"","format":"standard","meta":{"colormag_page_container_layout":"default_layout","colormag_page_sidebar_layout":"default_layout","footnotes":""},"categories":[864],"tags":[2044,372,2045],"coauthors":[2042,2043],"class_list":["post-27242","post","type-post","status-publish","format-standard","has-post-thumbnail","hentry","category-le-mot-de-la-semaine","tag-elisabeth-ii","tag-england","tag-queen"],"yoast_head":"<!-- This site is optimized with the Yoast SEO plugin v27.5 - https:\/\/yoast.com\/product\/yoast-seo-wordpress\/ -->\n<title>Das Wort der Woche: #Elisabeth - Cam\u00e4l\u00e9on<\/title>\n<meta name=\"description\" content=\"Am 8 September 2022 ist die britische K\u00f6nigin Elisabeth II. verstorben. Die 96-j\u00e4hrige K\u00f6nigin hat 70 Jahre lang Gro\u00dfbritannien regiert.\" \/>\n<meta name=\"robots\" content=\"index, follow, max-snippet:-1, max-image-preview:large, max-video-preview:-1\" \/>\n<link rel=\"canonical\" href=\"https:\/\/www.camaeleon.org\/en\/2022\/09\/16\/das-wort-der-woche-elizabeth\/\" \/>\n<meta property=\"og:locale\" content=\"en_US\" \/>\n<meta property=\"og:type\" content=\"article\" \/>\n<meta property=\"og:title\" content=\"Das Wort der Woche: #Elisabeth - Cam\u00e4l\u00e9on\" \/>\n<meta property=\"og:description\" content=\"Am 8 September 2022 ist die britische K\u00f6nigin Elisabeth II. verstorben. Die 96-j\u00e4hrige K\u00f6nigin hat 70 Jahre lang Gro\u00dfbritannien regiert.\" \/>\n<meta property=\"og:url\" content=\"https:\/\/www.camaeleon.org\/en\/2022\/09\/16\/das-wort-der-woche-elizabeth\/\" \/>\n<meta property=\"og:site_name\" content=\"Cam\u00e4l\u00e9on\" \/>\n<meta property=\"article:publisher\" content=\"https:\/\/www.facebook.com\/camaeleon.org\/\" \/>\n<meta property=\"article:published_time\" content=\"2022-09-16T20:30:45+00:00\" \/>\n<meta property=\"article:modified_time\" content=\"2023-03-17T13:13:40+00:00\" \/>\n<meta property=\"og:image\" content=\"https:\/\/www.camaeleon.org\/wp-content\/uploads\/2022\/09\/Official_Opening_of_the_Borders_Rail_-_21086557488-scaled.jpg\" \/>\n\t<meta property=\"og:image:width\" content=\"2560\" \/>\n\t<meta property=\"og:image:height\" content=\"1824\" \/>\n\t<meta property=\"og:image:type\" content=\"image\/jpeg\" \/>\n<meta name=\"author\" content=\"Nora Moll, Mara Klein\" \/>\n<meta name=\"twitter:card\" content=\"summary_large_image\" \/>\n<meta name=\"twitter:creator\" content=\"@camaeleonOrg\" \/>\n<meta name=\"twitter:site\" content=\"@camaeleonOrg\" \/>\n<script type=\"application\/ld+json\" class=\"yoast-schema-graph\">{\"@context\":\"https:\\\/\\\/schema.org\",\"@graph\":[{\"@type\":\"Article\",\"@id\":\"https:\\\/\\\/www.camaeleon.org\\\/2022\\\/09\\\/16\\\/das-wort-der-woche-elizabeth\\\/#article\",\"isPartOf\":{\"@id\":\"https:\\\/\\\/www.camaeleon.org\\\/2022\\\/09\\\/16\\\/das-wort-der-woche-elizabeth\\\/\"},\"author\":{\"name\":\"Nora Moll\",\"@id\":\"https:\\\/\\\/www.camaeleon.org\\\/de\\\/#\\\/schema\\\/person\\\/aa67bcca1715a4af4716752bd34d6583\"},\"headline\":\"Das Wort der Woche: #Elisabeth\",\"datePublished\":\"2022-09-16T20:30:45+00:00\",\"dateModified\":\"2023-03-17T13:13:40+00:00\",\"mainEntityOfPage\":{\"@id\":\"https:\\\/\\\/www.camaeleon.org\\\/2022\\\/09\\\/16\\\/das-wort-der-woche-elizabeth\\\/\"},\"wordCount\":207,\"commentCount\":0,\"publisher\":{\"@id\":\"https:\\\/\\\/www.camaeleon.org\\\/de\\\/#organization\"},\"image\":{\"@id\":\"https:\\\/\\\/www.camaeleon.org\\\/2022\\\/09\\\/16\\\/das-wort-der-woche-elizabeth\\\/#primaryimage\"},\"thumbnailUrl\":\"https:\\\/\\\/www.camaeleon.org\\\/wp-content\\\/uploads\\\/2022\\\/09\\\/Official_Opening_of_the_Borders_Rail_-_21086557488-scaled.jpg\",\"keywords\":[\"Elisabeth II\",\"England\",\"Queen\"],\"articleSection\":[\"Word of the Week\"],\"inLanguage\":\"en-US\",\"potentialAction\":[{\"@type\":\"CommentAction\",\"name\":\"Comment\",\"target\":[\"https:\\\/\\\/www.camaeleon.org\\\/2022\\\/09\\\/16\\\/das-wort-der-woche-elizabeth\\\/#respond\"]}]},{\"@type\":\"WebPage\",\"@id\":\"https:\\\/\\\/www.camaeleon.org\\\/en\\\/2022\\\/09\\\/16\\\/das-wort-der-woche-elizabeth\\\/\",\"url\":\"https:\\\/\\\/www.camaeleon.org\\\/en\\\/2022\\\/09\\\/16\\\/das-wort-der-woche-elizabeth\\\/\",\"name\":\"Das Wort der Woche: #Elisabeth - Cam\u00e4l\u00e9on\",\"isPartOf\":{\"@id\":\"https:\\\/\\\/www.camaeleon.org\\\/en\\\/#website\"},\"primaryImageOfPage\":{\"@id\":\"https:\\\/\\\/www.camaeleon.org\\\/en\\\/2022\\\/09\\\/16\\\/das-wort-der-woche-elizabeth\\\/#primaryimage\"},\"image\":{\"@id\":\"https:\\\/\\\/www.camaeleon.org\\\/2022\\\/09\\\/16\\\/das-wort-der-woche-elizabeth\\\/#primaryimage\"},\"thumbnailUrl\":\"https:\\\/\\\/www.camaeleon.org\\\/wp-content\\\/uploads\\\/2022\\\/09\\\/Official_Opening_of_the_Borders_Rail_-_21086557488-scaled.jpg\",\"datePublished\":\"2022-09-16T20:30:45+00:00\",\"dateModified\":\"2023-03-17T13:13:40+00:00\",\"description\":\"Am 8 September 2022 ist die britische K\u00f6nigin Elisabeth II. verstorben. Die 96-j\u00e4hrige K\u00f6nigin hat 70 Jahre lang Gro\u00dfbritannien regiert.\",\"breadcrumb\":{\"@id\":\"https:\\\/\\\/www.camaeleon.org\\\/en\\\/2022\\\/09\\\/16\\\/das-wort-der-woche-elizabeth\\\/#breadcrumb\"},\"inLanguage\":\"en-US\",\"potentialAction\":[{\"@type\":\"ReadAction\",\"target\":[[\"https:\\\/\\\/www.camaeleon.org\\\/en\\\/2022\\\/09\\\/16\\\/das-wort-der-woche-elizabeth\\\/\"]]}]},{\"@type\":\"ImageObject\",\"inLanguage\":\"en-US\",\"@id\":\"https:\\\/\\\/www.camaeleon.org\\\/en\\\/2022\\\/09\\\/16\\\/das-wort-der-woche-elizabeth\\\/#primaryimage\",\"url\":\"https:\\\/\\\/www.camaeleon.org\\\/wp-content\\\/uploads\\\/2022\\\/09\\\/Official_Opening_of_the_Borders_Rail_-_21086557488-scaled.jpg\",\"contentUrl\":\"https:\\\/\\\/www.camaeleon.org\\\/wp-content\\\/uploads\\\/2022\\\/09\\\/Official_Opening_of_the_Borders_Rail_-_21086557488-scaled.jpg\",\"width\":2560,\"height\":1824,\"caption\":\"Foto: Scottish Government\"},{\"@type\":\"BreadcrumbList\",\"@id\":\"https:\\\/\\\/www.camaeleon.org\\\/en\\\/2022\\\/09\\\/16\\\/das-wort-der-woche-elizabeth\\\/#breadcrumb\",\"itemListElement\":[{\"@type\":\"ListItem\",\"position\":1,\"name\":\"Home\",\"item\":\"https:\\\/\\\/www.camaeleon.org\\\/en\\\/\"},{\"@type\":\"ListItem\",\"position\":2,\"name\":\"Das Wort der Woche: #Elisabeth\"}]},{\"@type\":\"WebSite\",\"@id\":\"https:\\\/\\\/www.camaeleon.org\\\/en\\\/#website\",\"url\":\"https:\\\/\\\/www.camaeleon.org\\\/en\\\/\",\"name\":\"Cam\u00e4l\u00e9on\",\"description\":\"The online student magazine by Deutsch-Franz\u00f6sisches Gymnasium Saarbr\u00fccken\",\"publisher\":{\"@id\":\"https:\\\/\\\/www.camaeleon.org\\\/en\\\/#organization\"},\"potentialAction\":[{\"@type\":\"SearchAction\",\"target\":{\"@type\":\"EntryPoint\",\"urlTemplate\":\"https:\\\/\\\/www.camaeleon.org\\\/en\\\/?s={search_term_string}\"},\"query-input\":{\"@type\":\"PropertyValueSpecification\",\"valueRequired\":true,\"valueName\":\"search_term_string\"}}],\"inLanguage\":\"en-US\"},{\"@type\":\"Organization\",\"@id\":\"https:\\\/\\\/www.camaeleon.org\\\/en\\\/#organization\",\"name\":\"Cam\u00e4l\u00e9on\",\"url\":\"https:\\\/\\\/www.camaeleon.org\\\/en\\\/\",\"logo\":{\"@type\":\"ImageObject\",\"inLanguage\":\"en-US\",\"@id\":\"https:\\\/\\\/www.camaeleon.org\\\/en\\\/#\\\/schema\\\/logo\\\/image\\\/\",\"url\":\"https:\\\/\\\/www.camaeleon.org\\\/wp-content\\\/uploads\\\/2011\\\/11\\\/CAM\u00c4LEON.jpg\",\"contentUrl\":\"https:\\\/\\\/www.camaeleon.org\\\/wp-content\\\/uploads\\\/2011\\\/11\\\/CAM\u00c4LEON.jpg\",\"width\":959,\"height\":959,\"caption\":\"Cam\u00e4l\u00e9on\"},\"image\":{\"@id\":\"https:\\\/\\\/www.camaeleon.org\\\/en\\\/#\\\/schema\\\/logo\\\/image\\\/\"},\"sameAs\":[\"https:\\\/\\\/www.facebook.com\\\/camaeleon.org\\\/\",\"https:\\\/\\\/x.com\\\/camaeleonOrg\",\"https:\\\/\\\/www.instagram.com\\\/camaeleon.dfg\\\/\",\"https:\\\/\\\/www.youtube.com\\\/channel\\\/UCl3TAUDdGuu_c7CD6ax6hYg\"]},{\"@type\":\"Person\",\"@id\":\"https:\\\/\\\/www.camaeleon.org\\\/de\\\/#\\\/schema\\\/person\\\/aa67bcca1715a4af4716752bd34d6583\",\"name\":\"Nora Moll\",\"image\":{\"@type\":\"ImageObject\",\"inLanguage\":\"en-US\",\"@id\":\"https:\\\/\\\/www.camaeleon.org\\\/en\\\/wp-content\\\/uploads\\\/2022\\\/11\\\/signal-2022-11-12-124819_002-1-150x150.jpega4bc9307c604095187f8650977363897\",\"url\":\"https:\\\/\\\/www.camaeleon.org\\\/wp-content\\\/uploads\\\/2022\\\/11\\\/signal-2022-11-12-124819_002-1-150x150.jpeg\",\"contentUrl\":\"https:\\\/\\\/www.camaeleon.org\\\/wp-content\\\/uploads\\\/2022\\\/11\\\/signal-2022-11-12-124819_002-1-150x150.jpeg\",\"caption\":\"Nora Moll\"},\"description\":\"Hi, ich hei\u00dfe Nora, bin 11 Jahre alt und gehe in die 6bi1. Meine Hobbys sind Shoppen, Ballet und Leichtathletik.\",\"url\":\"https:\\\/\\\/www.camaeleon.org\\\/en\\\/author\\\/nora-moll\\\/\"}]}<\/script>\n<!-- \/ Yoast SEO plugin. -->","yoast_head_json":{"title":"Das Wort der Woche: #Elisabeth - Cam\u00e4l\u00e9on","description":"Am 8 September 2022 ist die britische K\u00f6nigin Elisabeth II. verstorben. Die 96-j\u00e4hrige K\u00f6nigin hat 70 Jahre lang Gro\u00dfbritannien regiert.","robots":{"index":"index","follow":"follow","max-snippet":"max-snippet:-1","max-image-preview":"max-image-preview:large","max-video-preview":"max-video-preview:-1"},"canonical":"https:\/\/www.camaeleon.org\/en\/2022\/09\/16\/das-wort-der-woche-elizabeth\/","og_locale":"en_US","og_type":"article","og_title":"Das Wort der Woche: #Elisabeth - Cam\u00e4l\u00e9on","og_description":"Am 8 September 2022 ist die britische K\u00f6nigin Elisabeth II. verstorben. Die 96-j\u00e4hrige K\u00f6nigin hat 70 Jahre lang Gro\u00dfbritannien regiert.","og_url":"https:\/\/www.camaeleon.org\/en\/2022\/09\/16\/das-wort-der-woche-elizabeth\/","og_site_name":"Cam\u00e4l\u00e9on","article_publisher":"https:\/\/www.facebook.com\/camaeleon.org\/","article_published_time":"2022-09-16T20:30:45+00:00","article_modified_time":"2023-03-17T13:13:40+00:00","og_image":[{"width":2560,"height":1824,"url":"https:\/\/www.camaeleon.org\/wp-content\/uploads\/2022\/09\/Official_Opening_of_the_Borders_Rail_-_21086557488-scaled.jpg","type":"image\/jpeg"}],"author":"Nora Moll, Mara Klein","twitter_card":"summary_large_image","twitter_creator":"@camaeleonOrg","twitter_site":"@camaeleonOrg","schema":{"@context":"https:\/\/schema.org","@graph":[{"@type":"Article","@id":"https:\/\/www.camaeleon.org\/2022\/09\/16\/das-wort-der-woche-elizabeth\/#article","isPartOf":{"@id":"https:\/\/www.camaeleon.org\/2022\/09\/16\/das-wort-der-woche-elizabeth\/"},"author":{"name":"Nora Moll","@id":"https:\/\/www.camaeleon.org\/de\/#\/schema\/person\/aa67bcca1715a4af4716752bd34d6583"},"headline":"Das Wort der Woche: #Elisabeth","datePublished":"2022-09-16T20:30:45+00:00","dateModified":"2023-03-17T13:13:40+00:00","mainEntityOfPage":{"@id":"https:\/\/www.camaeleon.org\/2022\/09\/16\/das-wort-der-woche-elizabeth\/"},"wordCount":207,"commentCount":0,"publisher":{"@id":"https:\/\/www.camaeleon.org\/de\/#organization"},"image":{"@id":"https:\/\/www.camaeleon.org\/2022\/09\/16\/das-wort-der-woche-elizabeth\/#primaryimage"},"thumbnailUrl":"https:\/\/www.camaeleon.org\/wp-content\/uploads\/2022\/09\/Official_Opening_of_the_Borders_Rail_-_21086557488-scaled.jpg","keywords":["Elisabeth II","England","Queen"],"articleSection":["Word of the Week"],"inLanguage":"en-US","potentialAction":[{"@type":"CommentAction","name":"Comment","target":["https:\/\/www.camaeleon.org\/2022\/09\/16\/das-wort-der-woche-elizabeth\/#respond"]}]},{"@type":"WebPage","@id":"https:\/\/www.camaeleon.org\/en\/2022\/09\/16\/das-wort-der-woche-elizabeth\/","url":"https:\/\/www.camaeleon.org\/en\/2022\/09\/16\/das-wort-der-woche-elizabeth\/","name":"Das Wort der Woche: #Elisabeth - Cam\u00e4l\u00e9on","isPartOf":{"@id":"https:\/\/www.camaeleon.org\/en\/#website"},"primaryImageOfPage":{"@id":"https:\/\/www.camaeleon.org\/en\/2022\/09\/16\/das-wort-der-woche-elizabeth\/#primaryimage"},"image":{"@id":"https:\/\/www.camaeleon.org\/2022\/09\/16\/das-wort-der-woche-elizabeth\/#primaryimage"},"thumbnailUrl":"https:\/\/www.camaeleon.org\/wp-content\/uploads\/2022\/09\/Official_Opening_of_the_Borders_Rail_-_21086557488-scaled.jpg","datePublished":"2022-09-16T20:30:45+00:00","dateModified":"2023-03-17T13:13:40+00:00","description":"Am 8 September 2022 ist die britische K\u00f6nigin Elisabeth II. verstorben. Die 96-j\u00e4hrige K\u00f6nigin hat 70 Jahre lang Gro\u00dfbritannien regiert.","breadcrumb":{"@id":"https:\/\/www.camaeleon.org\/en\/2022\/09\/16\/das-wort-der-woche-elizabeth\/#breadcrumb"},"inLanguage":"en-US","potentialAction":[{"@type":"ReadAction","target":[["https:\/\/www.camaeleon.org\/en\/2022\/09\/16\/das-wort-der-woche-elizabeth\/"]]}]},{"@type":"ImageObject","inLanguage":"en-US","@id":"https:\/\/www.camaeleon.org\/en\/2022\/09\/16\/das-wort-der-woche-elizabeth\/#primaryimage","url":"https:\/\/www.camaeleon.org\/wp-content\/uploads\/2022\/09\/Official_Opening_of_the_Borders_Rail_-_21086557488-scaled.jpg","contentUrl":"https:\/\/www.camaeleon.org\/wp-content\/uploads\/2022\/09\/Official_Opening_of_the_Borders_Rail_-_21086557488-scaled.jpg","width":2560,"height":1824,"caption":"Foto: Scottish Government"},{"@type":"BreadcrumbList","@id":"https:\/\/www.camaeleon.org\/en\/2022\/09\/16\/das-wort-der-woche-elizabeth\/#breadcrumb","itemListElement":[{"@type":"ListItem","position":1,"name":"Home","item":"https:\/\/www.camaeleon.org\/en\/"},{"@type":"ListItem","position":2,"name":"Das Wort der Woche: #Elisabeth"}]},{"@type":"WebSite","@id":"https:\/\/www.camaeleon.org\/en\/#website","url":"https:\/\/www.camaeleon.org\/en\/","name":"Cam\u00e4l\u00e9on","description":"The online student magazine by Deutsch-Franz\u00f6sisches Gymnasium Saarbr\u00fccken","publisher":{"@id":"https:\/\/www.camaeleon.org\/en\/#organization"},"potentialAction":[{"@type":"SearchAction","target":{"@type":"EntryPoint","urlTemplate":"https:\/\/www.camaeleon.org\/en\/?s={search_term_string}"},"query-input":{"@type":"PropertyValueSpecification","valueRequired":true,"valueName":"search_term_string"}}],"inLanguage":"en-US"},{"@type":"Organization","@id":"https:\/\/www.camaeleon.org\/en\/#organization","name":"Cam\u00e4l\u00e9on","url":"https:\/\/www.camaeleon.org\/en\/","logo":{"@type":"ImageObject","inLanguage":"en-US","@id":"https:\/\/www.camaeleon.org\/en\/#\/schema\/logo\/image\/","url":"https:\/\/www.camaeleon.org\/wp-content\/uploads\/2011\/11\/CAM\u00c4LEON.jpg","contentUrl":"https:\/\/www.camaeleon.org\/wp-content\/uploads\/2011\/11\/CAM\u00c4LEON.jpg","width":959,"height":959,"caption":"Cam\u00e4l\u00e9on"},"image":{"@id":"https:\/\/www.camaeleon.org\/en\/#\/schema\/logo\/image\/"},"sameAs":["https:\/\/www.facebook.com\/camaeleon.org\/","https:\/\/x.com\/camaeleonOrg","https:\/\/www.instagram.com\/camaeleon.dfg\/","https:\/\/www.youtube.com\/channel\/UCl3TAUDdGuu_c7CD6ax6hYg"]},{"@type":"Person","@id":"https:\/\/www.camaeleon.org\/de\/#\/schema\/person\/aa67bcca1715a4af4716752bd34d6583","name":"Nora Moll","image":{"@type":"ImageObject","inLanguage":"en-US","@id":"https:\/\/www.camaeleon.org\/en\/wp-content\/uploads\/2022\/11\/signal-2022-11-12-124819_002-1-150x150.jpega4bc9307c604095187f8650977363897","url":"https:\/\/www.camaeleon.org\/wp-content\/uploads\/2022\/11\/signal-2022-11-12-124819_002-1-150x150.jpeg","contentUrl":"https:\/\/www.camaeleon.org\/wp-content\/uploads\/2022\/11\/signal-2022-11-12-124819_002-1-150x150.jpeg","caption":"Nora Moll"},"description":"Hi, ich hei\u00dfe Nora, bin 11 Jahre alt und gehe in die 6bi1. Meine Hobbys sind Shoppen, Ballet und Leichtathletik.","url":"https:\/\/www.camaeleon.org\/en\/author\/nora-moll\/"}]}},"_links":{"self":[{"href":"https:\/\/www.camaeleon.org\/en\/wp-json\/wp\/v2\/posts\/27242","targetHints":{"allow":["GET"]}}],"collection":[{"href":"https:\/\/www.camaeleon.org\/en\/wp-json\/wp\/v2\/posts"}],"about":[{"href":"https:\/\/www.camaeleon.org\/en\/wp-json\/wp\/v2\/types\/post"}],"author":[{"embeddable":true,"href":"https:\/\/www.camaeleon.org\/en\/wp-json\/wp\/v2\/users\/164"}],"replies":[{"embeddable":true,"href":"https:\/\/www.camaeleon.org\/en\/wp-json\/wp\/v2\/comments?post=27242"}],"version-history":[{"count":5,"href":"https:\/\/www.camaeleon.org\/en\/wp-json\/wp\/v2\/posts\/27242\/revisions"}],"predecessor-version":[{"id":28555,"href":"https:\/\/www.camaeleon.org\/en\/wp-json\/wp\/v2\/posts\/27242\/revisions\/28555"}],"wp:featuredmedia":[{"embeddable":true,"href":"https:\/\/www.camaeleon.org\/en\/wp-json\/wp\/v2\/media\/27247"}],"wp:attachment":[{"href":"https:\/\/www.camaeleon.org\/en\/wp-json\/wp\/v2\/media?parent=27242"}],"wp:term":[{"taxonomy":"category","embeddable":true,"href":"https:\/\/www.camaeleon.org\/en\/wp-json\/wp\/v2\/categories?post=27242"},{"taxonomy":"post_tag","embeddable":true,"href":"https:\/\/www.camaeleon.org\/en\/wp-json\/wp\/v2\/tags?post=27242"},{"taxonomy":"author","embeddable":true,"href":"https:\/\/www.camaeleon.org\/en\/wp-json\/wp\/v2\/coauthors?post=27242"}],"curies":[{"name":"wp","href":"https:\/\/api.w.org\/{rel}","templated":true}]}}