{"id":26642,"date":"2022-06-24T23:32:47","date_gmt":"2022-06-24T21:32:47","guid":{"rendered":"https:\/\/www.camaeleon.org\/?p=26642"},"modified":"2022-07-02T00:15:58","modified_gmt":"2022-07-01T22:15:58","slug":"das-wort-der-woche-tag-der-ufos","status":"publish","type":"post","link":"https:\/\/www.camaeleon.org\/en\/2022\/06\/24\/das-wort-der-woche-tag-der-ufos\/","title":{"rendered":"Das Wort der Woche: Tag der UFOs"},"content":{"rendered":"<figure id=\"attachment_26648\" aria-describedby=\"caption-attachment-26648\" style=\"width: 370px\" class=\"wp-caption alignleft\"><img loading=\"lazy\" decoding=\"async\" class=\" wp-image-26648\" src=\"https:\/\/www.camaeleon.org\/wp-content\/uploads\/2022\/06\/ufo-ga9142627d_1280-300x169.jpg\" alt=\"Welt-UFO-Tag\" width=\"370\" height=\"208\" srcset=\"https:\/\/www.camaeleon.org\/wp-content\/uploads\/2022\/06\/ufo-ga9142627d_1280-300x169.jpg 300w, https:\/\/www.camaeleon.org\/wp-content\/uploads\/2022\/06\/ufo-ga9142627d_1280-880x495.jpg 880w, https:\/\/www.camaeleon.org\/wp-content\/uploads\/2022\/06\/ufo-ga9142627d_1280.jpg 1280w\" sizes=\"auto, (max-width: 370px) 100vw, 370px\" \/><figcaption id=\"caption-attachment-26648\" class=\"wp-caption-text\">Peter Lomas \/ pixabay.com<\/figcaption><\/figure>\n<p>Welttag der Dackel (21.06), Umarme-deine-Katze-Tag (04.06) oder der Tag der Zwiebelringe (22.06). Klar, die <a href=\"https:\/\/www.kuriose-feiertage.de\/kalender\/juni\/\">wichtigsten Termine im Juni<\/a> kennt man nat\u00fcrlich.<\/p>\n<p>Ja, es gibt wirklich Tage f\u00fcr alles M\u00f6gliche. Wie am Freitag zum Beispiel, <a href=\"https:\/\/www.kuriose-feiertage.de\/tag-des-ufos\/\">am Tag der UFOs<\/a> . Der &#8220;UFO-Day&#8221; wird (mehr oder weniger) in den USA gefeiert. Vor 75 Jahren soll <a href=\"https:\/\/en.wikipedia.org\/wiki\/Kenneth_Arnold\">Kenneth Arnold<\/a>, ein amerikanischer Pilot, Unternehmer und Politiker, behauptet haben, mehrere &#8220;Unidentified flying objects&#8221; (UFOs) gesehen zu haben. Damals wurde breit \u00fcber die fliegenden Untertassen in den Medien berichtet.<\/p>\n<p>Doch gibt es sogar einen zweiten UFO-Tag, am 2. Juli. Einige Fans fliegender Untertassen streiten sich dar\u00fcber, wann der &#8220;echte&#8221; Tag stattfinden sollte.<\/p>\n<p>Wie auch immer, solche &#8220;Mottotage&#8221; gibt es schon fast inflation\u00e4r. Jeden Tag werden verschiedene Tiere, Dinge oder Ereignisse gefeiert. Die wichtigsten Daten, wie der Weltfrauen- oder Kindertag drohen bei dieser Flut aus verschiedensten Tagen unterzugehen. Man k\u00f6nnte sich fragen, ob man wirklich allem einen eigenen Tag widmen sollte??<\/p>\n<p>Was haltet ihr von solchen Tagen? Welche &#8220;besonderen&#8221; Tage feiert ihr? Schreibt es gerne in die Kommentare!<\/p>\n","protected":false},"excerpt":{"rendered":"<p>Welttag der Dackel (21.06), Umarme-deine-Katze-Tag (04.06) oder der Tag der Zwiebelringe (22.06). Klar, die wichtigsten Termine im Juni kennt man nat\u00fcrlich. Ja, es gibt wirklich<\/p>\n","protected":false},"author":143,"featured_media":26648,"comment_status":"open","ping_status":"closed","sticky":false,"template":"","format":"standard","meta":{"colormag_page_container_layout":"default_layout","colormag_page_sidebar_layout":"default_layout","footnotes":""},"categories":[864],"tags":[2029,2026,2030,2025,2028,2027],"coauthors":[1208],"class_list":["post-26642","post","type-post","status-publish","format-standard","has-post-thumbnail","hentry","category-le-mot-de-la-semaine","tag-aliens","tag-fliegende-untertassen","tag-kenneth-arnold","tag-ufo","tag-ufo-day","tag-welttage"],"yoast_head":"<!-- This site is optimized with the Yoast SEO plugin v27.5 - https:\/\/yoast.com\/product\/yoast-seo-wordpress\/ -->\n<title>Das Wort der Woche: Tag der UFOs - Cam\u00e4l\u00e9on<\/title>\n<meta name=\"description\" content=\"Der &quot;UFO-Day&quot; wird in den USA gefeiert. Vr 75 Jahren soll ein amerikanischer Pilot behauptet haben, mehrere &quot;Unidentified flying objects&quot; gesehen zu haben.\" \/>\n<meta name=\"robots\" content=\"index, follow, max-snippet:-1, max-image-preview:large, max-video-preview:-1\" \/>\n<link rel=\"canonical\" href=\"https:\/\/www.camaeleon.org\/en\/2022\/06\/24\/das-wort-der-woche-tag-der-ufos\/\" \/>\n<meta property=\"og:locale\" content=\"en_US\" \/>\n<meta property=\"og:type\" content=\"article\" \/>\n<meta property=\"og:title\" content=\"Das Wort der Woche: Tag der UFOs - Cam\u00e4l\u00e9on\" \/>\n<meta property=\"og:description\" content=\"Der &quot;UFO-Day&quot; wird in den USA gefeiert. Vr 75 Jahren soll ein amerikanischer Pilot behauptet haben, mehrere &quot;Unidentified flying objects&quot; gesehen zu haben.\" \/>\n<meta property=\"og:url\" content=\"https:\/\/www.camaeleon.org\/en\/2022\/06\/24\/das-wort-der-woche-tag-der-ufos\/\" \/>\n<meta property=\"og:site_name\" content=\"Cam\u00e4l\u00e9on\" \/>\n<meta property=\"article:publisher\" content=\"https:\/\/www.facebook.com\/camaeleon.org\/\" \/>\n<meta property=\"article:published_time\" content=\"2022-06-24T21:32:47+00:00\" \/>\n<meta property=\"article:modified_time\" content=\"2022-07-01T22:15:58+00:00\" \/>\n<meta property=\"og:image\" content=\"https:\/\/www.camaeleon.org\/wp-content\/uploads\/2022\/06\/ufo-ga9142627d_1280.jpg\" \/>\n\t<meta property=\"og:image:width\" content=\"1280\" \/>\n\t<meta property=\"og:image:height\" content=\"720\" \/>\n\t<meta property=\"og:image:type\" content=\"image\/jpeg\" \/>\n<meta name=\"author\" content=\"Julian Bidot\" \/>\n<meta name=\"twitter:card\" content=\"summary_large_image\" \/>\n<meta name=\"twitter:creator\" content=\"@camaeleonOrg\" \/>\n<meta name=\"twitter:site\" content=\"@camaeleonOrg\" \/>\n<script type=\"application\/ld+json\" class=\"yoast-schema-graph\">{\"@context\":\"https:\\\/\\\/schema.org\",\"@graph\":[{\"@type\":\"Article\",\"@id\":\"https:\\\/\\\/www.camaeleon.org\\\/2022\\\/06\\\/24\\\/das-wort-der-woche-tag-der-ufos\\\/#article\",\"isPartOf\":{\"@id\":\"https:\\\/\\\/www.camaeleon.org\\\/2022\\\/06\\\/24\\\/das-wort-der-woche-tag-der-ufos\\\/\"},\"author\":{\"name\":\"Julian Bidot\",\"@id\":\"https:\\\/\\\/www.camaeleon.org\\\/de\\\/#\\\/schema\\\/person\\\/4df212263ca8d70a0a60b3cdf9cb792e\"},\"headline\":\"Das Wort der Woche: Tag der UFOs\",\"datePublished\":\"2022-06-24T21:32:47+00:00\",\"dateModified\":\"2022-07-01T22:15:58+00:00\",\"mainEntityOfPage\":{\"@id\":\"https:\\\/\\\/www.camaeleon.org\\\/2022\\\/06\\\/24\\\/das-wort-der-woche-tag-der-ufos\\\/\"},\"wordCount\":188,\"commentCount\":0,\"publisher\":{\"@id\":\"https:\\\/\\\/www.camaeleon.org\\\/de\\\/#organization\"},\"image\":{\"@id\":\"https:\\\/\\\/www.camaeleon.org\\\/2022\\\/06\\\/24\\\/das-wort-der-woche-tag-der-ufos\\\/#primaryimage\"},\"thumbnailUrl\":\"https:\\\/\\\/www.camaeleon.org\\\/wp-content\\\/uploads\\\/2022\\\/06\\\/ufo-ga9142627d_1280.jpg\",\"keywords\":[\"Aliens\",\"fliegende Untertassen\",\"Kenneth Arnold\",\"UFO\",\"UFO-Day\",\"Welttage\"],\"articleSection\":[\"Word of the Week\"],\"inLanguage\":\"en-US\",\"potentialAction\":[{\"@type\":\"CommentAction\",\"name\":\"Comment\",\"target\":[\"https:\\\/\\\/www.camaeleon.org\\\/2022\\\/06\\\/24\\\/das-wort-der-woche-tag-der-ufos\\\/#respond\"]}]},{\"@type\":\"WebPage\",\"@id\":\"https:\\\/\\\/www.camaeleon.org\\\/en\\\/2022\\\/06\\\/24\\\/das-wort-der-woche-tag-der-ufos\\\/\",\"url\":\"https:\\\/\\\/www.camaeleon.org\\\/en\\\/2022\\\/06\\\/24\\\/das-wort-der-woche-tag-der-ufos\\\/\",\"name\":\"Das Wort der Woche: Tag der UFOs - Cam\u00e4l\u00e9on\",\"isPartOf\":{\"@id\":\"https:\\\/\\\/www.camaeleon.org\\\/en\\\/#website\"},\"primaryImageOfPage\":{\"@id\":\"https:\\\/\\\/www.camaeleon.org\\\/en\\\/2022\\\/06\\\/24\\\/das-wort-der-woche-tag-der-ufos\\\/#primaryimage\"},\"image\":{\"@id\":\"https:\\\/\\\/www.camaeleon.org\\\/2022\\\/06\\\/24\\\/das-wort-der-woche-tag-der-ufos\\\/#primaryimage\"},\"thumbnailUrl\":\"https:\\\/\\\/www.camaeleon.org\\\/wp-content\\\/uploads\\\/2022\\\/06\\\/ufo-ga9142627d_1280.jpg\",\"datePublished\":\"2022-06-24T21:32:47+00:00\",\"dateModified\":\"2022-07-01T22:15:58+00:00\",\"description\":\"Der \\\"UFO-Day\\\" wird in den USA gefeiert. Vr 75 Jahren soll ein amerikanischer Pilot behauptet haben, mehrere \\\"Unidentified flying objects\\\" gesehen zu haben.\",\"breadcrumb\":{\"@id\":\"https:\\\/\\\/www.camaeleon.org\\\/en\\\/2022\\\/06\\\/24\\\/das-wort-der-woche-tag-der-ufos\\\/#breadcrumb\"},\"inLanguage\":\"en-US\",\"potentialAction\":[{\"@type\":\"ReadAction\",\"target\":[[\"https:\\\/\\\/www.camaeleon.org\\\/en\\\/2022\\\/06\\\/24\\\/das-wort-der-woche-tag-der-ufos\\\/\"]]}]},{\"@type\":\"ImageObject\",\"inLanguage\":\"en-US\",\"@id\":\"https:\\\/\\\/www.camaeleon.org\\\/en\\\/2022\\\/06\\\/24\\\/das-wort-der-woche-tag-der-ufos\\\/#primaryimage\",\"url\":\"https:\\\/\\\/www.camaeleon.org\\\/wp-content\\\/uploads\\\/2022\\\/06\\\/ufo-ga9142627d_1280.jpg\",\"contentUrl\":\"https:\\\/\\\/www.camaeleon.org\\\/wp-content\\\/uploads\\\/2022\\\/06\\\/ufo-ga9142627d_1280.jpg\",\"width\":1280,\"height\":720,\"caption\":\"Peter Lomas \\\/ pixabay.com\"},{\"@type\":\"BreadcrumbList\",\"@id\":\"https:\\\/\\\/www.camaeleon.org\\\/en\\\/2022\\\/06\\\/24\\\/das-wort-der-woche-tag-der-ufos\\\/#breadcrumb\",\"itemListElement\":[{\"@type\":\"ListItem\",\"position\":1,\"name\":\"Home\",\"item\":\"https:\\\/\\\/www.camaeleon.org\\\/en\\\/\"},{\"@type\":\"ListItem\",\"position\":2,\"name\":\"Das Wort der Woche: Tag der UFOs\"}]},{\"@type\":\"WebSite\",\"@id\":\"https:\\\/\\\/www.camaeleon.org\\\/en\\\/#website\",\"url\":\"https:\\\/\\\/www.camaeleon.org\\\/en\\\/\",\"name\":\"Cam\u00e4l\u00e9on\",\"description\":\"The online student magazine by Deutsch-Franz\u00f6sisches Gymnasium Saarbr\u00fccken\",\"publisher\":{\"@id\":\"https:\\\/\\\/www.camaeleon.org\\\/en\\\/#organization\"},\"potentialAction\":[{\"@type\":\"SearchAction\",\"target\":{\"@type\":\"EntryPoint\",\"urlTemplate\":\"https:\\\/\\\/www.camaeleon.org\\\/en\\\/?s={search_term_string}\"},\"query-input\":{\"@type\":\"PropertyValueSpecification\",\"valueRequired\":true,\"valueName\":\"search_term_string\"}}],\"inLanguage\":\"en-US\"},{\"@type\":\"Organization\",\"@id\":\"https:\\\/\\\/www.camaeleon.org\\\/en\\\/#organization\",\"name\":\"Cam\u00e4l\u00e9on\",\"url\":\"https:\\\/\\\/www.camaeleon.org\\\/en\\\/\",\"logo\":{\"@type\":\"ImageObject\",\"inLanguage\":\"en-US\",\"@id\":\"https:\\\/\\\/www.camaeleon.org\\\/en\\\/#\\\/schema\\\/logo\\\/image\\\/\",\"url\":\"https:\\\/\\\/www.camaeleon.org\\\/wp-content\\\/uploads\\\/2011\\\/11\\\/CAM\u00c4LEON.jpg\",\"contentUrl\":\"https:\\\/\\\/www.camaeleon.org\\\/wp-content\\\/uploads\\\/2011\\\/11\\\/CAM\u00c4LEON.jpg\",\"width\":959,\"height\":959,\"caption\":\"Cam\u00e4l\u00e9on\"},\"image\":{\"@id\":\"https:\\\/\\\/www.camaeleon.org\\\/en\\\/#\\\/schema\\\/logo\\\/image\\\/\"},\"sameAs\":[\"https:\\\/\\\/www.facebook.com\\\/camaeleon.org\\\/\",\"https:\\\/\\\/x.com\\\/camaeleonOrg\",\"https:\\\/\\\/www.instagram.com\\\/camaeleon.dfg\\\/\",\"https:\\\/\\\/www.youtube.com\\\/channel\\\/UCl3TAUDdGuu_c7CD6ax6hYg\"]},{\"@type\":\"Person\",\"@id\":\"https:\\\/\\\/www.camaeleon.org\\\/de\\\/#\\\/schema\\\/person\\\/4df212263ca8d70a0a60b3cdf9cb792e\",\"name\":\"Julian Bidot\",\"image\":{\"@type\":\"ImageObject\",\"inLanguage\":\"en-US\",\"@id\":\"https:\\\/\\\/www.camaeleon.org\\\/en\\\/wp-content\\\/uploads\\\/2020\\\/12\\\/julian.jpgeeb77fb6f9ba90c8300a9123a3909722\",\"url\":\"https:\\\/\\\/www.camaeleon.org\\\/wp-content\\\/uploads\\\/2020\\\/12\\\/julian.jpg\",\"contentUrl\":\"https:\\\/\\\/www.camaeleon.org\\\/wp-content\\\/uploads\\\/2020\\\/12\\\/julian.jpg\",\"caption\":\"Julian Bidot\"},\"description\":\"Salut! Je m`appelle Julian. Voici quelques informations sur moi : - Depuis 2020 \u00e0 camaeleon.org - 18 ans - classe TL \u00c9crivez-moi des commentaires ou un mail! Amusez-vous bien sur cameleon.org !\",\"url\":\"https:\\\/\\\/www.camaeleon.org\\\/en\\\/author\\\/julian-bidot\\\/\"}]}<\/script>\n<!-- \/ Yoast SEO plugin. -->","yoast_head_json":{"title":"Das Wort der Woche: Tag der UFOs - Cam\u00e4l\u00e9on","description":"Der \"UFO-Day\" wird in den USA gefeiert. Vr 75 Jahren soll ein amerikanischer Pilot behauptet haben, mehrere \"Unidentified flying objects\" gesehen zu haben.","robots":{"index":"index","follow":"follow","max-snippet":"max-snippet:-1","max-image-preview":"max-image-preview:large","max-video-preview":"max-video-preview:-1"},"canonical":"https:\/\/www.camaeleon.org\/en\/2022\/06\/24\/das-wort-der-woche-tag-der-ufos\/","og_locale":"en_US","og_type":"article","og_title":"Das Wort der Woche: Tag der UFOs - Cam\u00e4l\u00e9on","og_description":"Der \"UFO-Day\" wird in den USA gefeiert. Vr 75 Jahren soll ein amerikanischer Pilot behauptet haben, mehrere \"Unidentified flying objects\" gesehen zu haben.","og_url":"https:\/\/www.camaeleon.org\/en\/2022\/06\/24\/das-wort-der-woche-tag-der-ufos\/","og_site_name":"Cam\u00e4l\u00e9on","article_publisher":"https:\/\/www.facebook.com\/camaeleon.org\/","article_published_time":"2022-06-24T21:32:47+00:00","article_modified_time":"2022-07-01T22:15:58+00:00","og_image":[{"width":1280,"height":720,"url":"https:\/\/www.camaeleon.org\/wp-content\/uploads\/2022\/06\/ufo-ga9142627d_1280.jpg","type":"image\/jpeg"}],"author":"Julian Bidot","twitter_card":"summary_large_image","twitter_creator":"@camaeleonOrg","twitter_site":"@camaeleonOrg","schema":{"@context":"https:\/\/schema.org","@graph":[{"@type":"Article","@id":"https:\/\/www.camaeleon.org\/2022\/06\/24\/das-wort-der-woche-tag-der-ufos\/#article","isPartOf":{"@id":"https:\/\/www.camaeleon.org\/2022\/06\/24\/das-wort-der-woche-tag-der-ufos\/"},"author":{"name":"Julian Bidot","@id":"https:\/\/www.camaeleon.org\/de\/#\/schema\/person\/4df212263ca8d70a0a60b3cdf9cb792e"},"headline":"Das Wort der Woche: Tag der UFOs","datePublished":"2022-06-24T21:32:47+00:00","dateModified":"2022-07-01T22:15:58+00:00","mainEntityOfPage":{"@id":"https:\/\/www.camaeleon.org\/2022\/06\/24\/das-wort-der-woche-tag-der-ufos\/"},"wordCount":188,"commentCount":0,"publisher":{"@id":"https:\/\/www.camaeleon.org\/de\/#organization"},"image":{"@id":"https:\/\/www.camaeleon.org\/2022\/06\/24\/das-wort-der-woche-tag-der-ufos\/#primaryimage"},"thumbnailUrl":"https:\/\/www.camaeleon.org\/wp-content\/uploads\/2022\/06\/ufo-ga9142627d_1280.jpg","keywords":["Aliens","fliegende Untertassen","Kenneth Arnold","UFO","UFO-Day","Welttage"],"articleSection":["Word of the Week"],"inLanguage":"en-US","potentialAction":[{"@type":"CommentAction","name":"Comment","target":["https:\/\/www.camaeleon.org\/2022\/06\/24\/das-wort-der-woche-tag-der-ufos\/#respond"]}]},{"@type":"WebPage","@id":"https:\/\/www.camaeleon.org\/en\/2022\/06\/24\/das-wort-der-woche-tag-der-ufos\/","url":"https:\/\/www.camaeleon.org\/en\/2022\/06\/24\/das-wort-der-woche-tag-der-ufos\/","name":"Das Wort der Woche: Tag der UFOs - Cam\u00e4l\u00e9on","isPartOf":{"@id":"https:\/\/www.camaeleon.org\/en\/#website"},"primaryImageOfPage":{"@id":"https:\/\/www.camaeleon.org\/en\/2022\/06\/24\/das-wort-der-woche-tag-der-ufos\/#primaryimage"},"image":{"@id":"https:\/\/www.camaeleon.org\/2022\/06\/24\/das-wort-der-woche-tag-der-ufos\/#primaryimage"},"thumbnailUrl":"https:\/\/www.camaeleon.org\/wp-content\/uploads\/2022\/06\/ufo-ga9142627d_1280.jpg","datePublished":"2022-06-24T21:32:47+00:00","dateModified":"2022-07-01T22:15:58+00:00","description":"Der \"UFO-Day\" wird in den USA gefeiert. Vr 75 Jahren soll ein amerikanischer Pilot behauptet haben, mehrere \"Unidentified flying objects\" gesehen zu haben.","breadcrumb":{"@id":"https:\/\/www.camaeleon.org\/en\/2022\/06\/24\/das-wort-der-woche-tag-der-ufos\/#breadcrumb"},"inLanguage":"en-US","potentialAction":[{"@type":"ReadAction","target":[["https:\/\/www.camaeleon.org\/en\/2022\/06\/24\/das-wort-der-woche-tag-der-ufos\/"]]}]},{"@type":"ImageObject","inLanguage":"en-US","@id":"https:\/\/www.camaeleon.org\/en\/2022\/06\/24\/das-wort-der-woche-tag-der-ufos\/#primaryimage","url":"https:\/\/www.camaeleon.org\/wp-content\/uploads\/2022\/06\/ufo-ga9142627d_1280.jpg","contentUrl":"https:\/\/www.camaeleon.org\/wp-content\/uploads\/2022\/06\/ufo-ga9142627d_1280.jpg","width":1280,"height":720,"caption":"Peter Lomas \/ pixabay.com"},{"@type":"BreadcrumbList","@id":"https:\/\/www.camaeleon.org\/en\/2022\/06\/24\/das-wort-der-woche-tag-der-ufos\/#breadcrumb","itemListElement":[{"@type":"ListItem","position":1,"name":"Home","item":"https:\/\/www.camaeleon.org\/en\/"},{"@type":"ListItem","position":2,"name":"Das Wort der Woche: Tag der UFOs"}]},{"@type":"WebSite","@id":"https:\/\/www.camaeleon.org\/en\/#website","url":"https:\/\/www.camaeleon.org\/en\/","name":"Cam\u00e4l\u00e9on","description":"The online student magazine by Deutsch-Franz\u00f6sisches Gymnasium Saarbr\u00fccken","publisher":{"@id":"https:\/\/www.camaeleon.org\/en\/#organization"},"potentialAction":[{"@type":"SearchAction","target":{"@type":"EntryPoint","urlTemplate":"https:\/\/www.camaeleon.org\/en\/?s={search_term_string}"},"query-input":{"@type":"PropertyValueSpecification","valueRequired":true,"valueName":"search_term_string"}}],"inLanguage":"en-US"},{"@type":"Organization","@id":"https:\/\/www.camaeleon.org\/en\/#organization","name":"Cam\u00e4l\u00e9on","url":"https:\/\/www.camaeleon.org\/en\/","logo":{"@type":"ImageObject","inLanguage":"en-US","@id":"https:\/\/www.camaeleon.org\/en\/#\/schema\/logo\/image\/","url":"https:\/\/www.camaeleon.org\/wp-content\/uploads\/2011\/11\/CAM\u00c4LEON.jpg","contentUrl":"https:\/\/www.camaeleon.org\/wp-content\/uploads\/2011\/11\/CAM\u00c4LEON.jpg","width":959,"height":959,"caption":"Cam\u00e4l\u00e9on"},"image":{"@id":"https:\/\/www.camaeleon.org\/en\/#\/schema\/logo\/image\/"},"sameAs":["https:\/\/www.facebook.com\/camaeleon.org\/","https:\/\/x.com\/camaeleonOrg","https:\/\/www.instagram.com\/camaeleon.dfg\/","https:\/\/www.youtube.com\/channel\/UCl3TAUDdGuu_c7CD6ax6hYg"]},{"@type":"Person","@id":"https:\/\/www.camaeleon.org\/de\/#\/schema\/person\/4df212263ca8d70a0a60b3cdf9cb792e","name":"Julian Bidot","image":{"@type":"ImageObject","inLanguage":"en-US","@id":"https:\/\/www.camaeleon.org\/en\/wp-content\/uploads\/2020\/12\/julian.jpgeeb77fb6f9ba90c8300a9123a3909722","url":"https:\/\/www.camaeleon.org\/wp-content\/uploads\/2020\/12\/julian.jpg","contentUrl":"https:\/\/www.camaeleon.org\/wp-content\/uploads\/2020\/12\/julian.jpg","caption":"Julian Bidot"},"description":"Salut! Je m`appelle Julian. Voici quelques informations sur moi : - Depuis 2020 \u00e0 camaeleon.org - 18 ans - classe TL \u00c9crivez-moi des commentaires ou un mail! Amusez-vous bien sur cameleon.org !","url":"https:\/\/www.camaeleon.org\/en\/author\/julian-bidot\/"}]}},"_links":{"self":[{"href":"https:\/\/www.camaeleon.org\/en\/wp-json\/wp\/v2\/posts\/26642","targetHints":{"allow":["GET"]}}],"collection":[{"href":"https:\/\/www.camaeleon.org\/en\/wp-json\/wp\/v2\/posts"}],"about":[{"href":"https:\/\/www.camaeleon.org\/en\/wp-json\/wp\/v2\/types\/post"}],"author":[{"embeddable":true,"href":"https:\/\/www.camaeleon.org\/en\/wp-json\/wp\/v2\/users\/143"}],"replies":[{"embeddable":true,"href":"https:\/\/www.camaeleon.org\/en\/wp-json\/wp\/v2\/comments?post=26642"}],"version-history":[{"count":0,"href":"https:\/\/www.camaeleon.org\/en\/wp-json\/wp\/v2\/posts\/26642\/revisions"}],"wp:featuredmedia":[{"embeddable":true,"href":"https:\/\/www.camaeleon.org\/en\/wp-json\/wp\/v2\/media\/26648"}],"wp:attachment":[{"href":"https:\/\/www.camaeleon.org\/en\/wp-json\/wp\/v2\/media?parent=26642"}],"wp:term":[{"taxonomy":"category","embeddable":true,"href":"https:\/\/www.camaeleon.org\/en\/wp-json\/wp\/v2\/categories?post=26642"},{"taxonomy":"post_tag","embeddable":true,"href":"https:\/\/www.camaeleon.org\/en\/wp-json\/wp\/v2\/tags?post=26642"},{"taxonomy":"author","embeddable":true,"href":"https:\/\/www.camaeleon.org\/en\/wp-json\/wp\/v2\/coauthors?post=26642"}],"curies":[{"name":"wp","href":"https:\/\/api.w.org\/{rel}","templated":true}]}}