{"id":26380,"date":"2022-05-23T21:18:59","date_gmt":"2022-05-23T19:18:59","guid":{"rendered":"https:\/\/www.camaeleon.org\/?p=26380"},"modified":"2022-06-10T21:33:33","modified_gmt":"2022-06-10T19:33:33","slug":"isabelle-picault-une-invitee-de-marque-des-plus-sympathiques-au-lfa","status":"publish","type":"post","link":"https:\/\/www.camaeleon.org\/en\/2022\/05\/23\/isabelle-picault-une-invitee-de-marque-des-plus-sympathiques-au-lfa\/","title":{"rendered":"Isabelle Picault, une invit\u00e9e de marque des plus sympathiques au LFA"},"content":{"rendered":"<p>Vendredi 20 mai 2022, Cam\u00e4l\u00e9on a eu l&#8217;honneur et le plaisir d&#8217;interviewer, pour la 2e fois, Isabelle Picault, conseill\u00e8re culturelle adjointe \u00e0 l\u2019ambassade de Berlin et d\u00e9l\u00e9gu\u00e9e de la direction de l\u2019AEFE, lors de sa venue dans notre \u00e9tablissement. Suite \u00e0 <a href=\"https:\/\/www.camaeleon.org\/en\/2019\/07\/02\/interview-avec-isabelle-picault-un-enthousiasme-communicatif\/\" target=\"_blank\" rel=\"noopener\">notre article \u00e9crit de 2019<\/a>, nous sommes pass\u00e9.e.s \u00e0 la vid\u00e9o pour accueillir cette invit\u00e9e de marque toujours pr\u00eate \u00e0 partager ses exp\u00e9riences avec nous.<\/p>\n<div class=\"lyte-wrapper\" style=\"width:1280px;max-width:100%;margin:5px auto;\"><div class=\"lyMe hidef\" id=\"WYL_b1uAUmZWsjM\"><div id=\"lyte_b1uAUmZWsjM\" data-src=\"https:\/\/www.camaeleon.org\/wp-content\/plugins\/wp-youtube-lyte\/lyteCache.php?origThumbUrl=%2F%2Fi.ytimg.com%2Fvi%2Fb1uAUmZWsjM%2Fhqdefault.jpg\" class=\"pL\"><div class=\"tC\"><div class=\"tT\"><\/div><\/div><div class=\"play\"><\/div><div class=\"ctrl\"><div class=\"Lctrl\"><\/div><div class=\"Rctrl\"><\/div><\/div><\/div><noscript><a href=\"https:\/\/youtu.be\/b1uAUmZWsjM\" rel=\"nofollow\"><img loading=\"lazy\" decoding=\"async\" src=\"https:\/\/www.camaeleon.org\/wp-content\/plugins\/wp-youtube-lyte\/lyteCache.php?origThumbUrl=https%3A%2F%2Fi.ytimg.com%2Fvi%2Fb1uAUmZWsjM%2F0.jpg\" alt=\"YouTube video thumbnail\" width=\"1280\" height=\"700\" \/><br \/>Watch this video on YouTube<\/a><\/noscript><\/div><\/div><div class=\"lL\" style=\"max-width:100%;width:1280px;margin:5px auto;\"><br\/><span class=\"lyte_disclaimer\">By clicking on the video, you establish a connection to Youtube servers. More information in the <a href=\"https:\/\/www.camaeleon.org\/en\/mentions-legales\/declaration-de-protection-des-donnees\/\">privacy statement<\/a>.<\/span><\/div><\/p>\n\n\n<p><\/p>","protected":false},"excerpt":{"rendered":"<p>Vendredi 20 mai 2022, Cam\u00e4l\u00e9on a eu l&#8217;honneur et le plaisir d&#8217;interviewer, pour la 2e fois, Isabelle Picault, conseill\u00e8re culturelle adjointe \u00e0 l\u2019ambassade de Berlin<\/p>\n","protected":false},"author":128,"featured_media":26384,"comment_status":"open","ping_status":"closed","sticky":false,"template":"","format":"standard","meta":{"colormag_page_container_layout":"default_layout","colormag_page_sidebar_layout":"default_layout","footnotes":""},"categories":[3,908],"tags":[689,2000,1309],"coauthors":[744,1209,1788],"class_list":["post-26380","post","type-post","status-publish","format-standard","has-post-thumbnail","hentry","category-ecole","category-camaeleon-video","tag-aefe","tag-ambassade","tag-isabelle-picault"],"yoast_head":"<!-- This site is optimized with the Yoast SEO plugin v27.5 - https:\/\/yoast.com\/product\/yoast-seo-wordpress\/ -->\n<title>Isabelle Picault, une invit\u00e9e de marque des plus sympathiques au LFA - Cam\u00e4l\u00e9on<\/title>\n<meta name=\"description\" content=\"Vendredi 20 mai 2022, Cam\u00e4l\u00e9on a eu l&#039;honneur d&#039;interviewer Isabelle Picault, conseill\u00e8re culturelle adjointe \u00e0 l\u2019ambassade de Berlin et d\u00e9l\u00e9gu\u00e9e de la direction de l\u2019AEFE.\" \/>\n<meta name=\"robots\" content=\"index, follow, max-snippet:-1, max-image-preview:large, max-video-preview:-1\" \/>\n<link rel=\"canonical\" href=\"https:\/\/www.camaeleon.org\/en\/2022\/05\/23\/isabelle-picault-une-invitee-de-marque-des-plus-sympathiques-au-lfa\/\" \/>\n<meta property=\"og:locale\" content=\"en_US\" \/>\n<meta property=\"og:type\" content=\"article\" \/>\n<meta property=\"og:title\" content=\"Isabelle Picault, une invit\u00e9e de marque des plus sympathiques au LFA - Cam\u00e4l\u00e9on\" \/>\n<meta property=\"og:description\" content=\"Vendredi 20 mai 2022, Cam\u00e4l\u00e9on a eu l&#039;honneur d&#039;interviewer Isabelle Picault, conseill\u00e8re culturelle adjointe \u00e0 l\u2019ambassade de Berlin et d\u00e9l\u00e9gu\u00e9e de la direction de l\u2019AEFE.\" \/>\n<meta property=\"og:url\" content=\"https:\/\/www.camaeleon.org\/en\/2022\/05\/23\/isabelle-picault-une-invitee-de-marque-des-plus-sympathiques-au-lfa\/\" \/>\n<meta property=\"og:site_name\" content=\"Cam\u00e4l\u00e9on\" \/>\n<meta property=\"article:publisher\" content=\"https:\/\/www.facebook.com\/camaeleon.org\/\" \/>\n<meta property=\"article:published_time\" content=\"2022-05-23T19:18:59+00:00\" \/>\n<meta property=\"article:modified_time\" content=\"2022-06-10T19:33:33+00:00\" \/>\n<meta property=\"og:image\" content=\"https:\/\/www.camaeleon.org\/wp-content\/uploads\/2022\/05\/Picault.jpg\" \/>\n\t<meta property=\"og:image:width\" content=\"1920\" \/>\n\t<meta property=\"og:image:height\" content=\"1080\" \/>\n\t<meta property=\"og:image:type\" content=\"image\/jpeg\" \/>\n<meta name=\"author\" content=\"Max Ernst, Anouk Viero, Lili Carteron\" \/>\n<meta name=\"twitter:card\" content=\"summary_large_image\" \/>\n<meta name=\"twitter:creator\" content=\"@camaeleonOrg\" \/>\n<meta name=\"twitter:site\" content=\"@camaeleonOrg\" \/>\n<script type=\"application\/ld+json\" class=\"yoast-schema-graph\">{\"@context\":\"https:\\\/\\\/schema.org\",\"@graph\":[{\"@type\":\"Article\",\"@id\":\"https:\\\/\\\/www.camaeleon.org\\\/2022\\\/05\\\/23\\\/isabelle-picault-une-invitee-de-marque-des-plus-sympathiques-au-lfa\\\/#article\",\"isPartOf\":{\"@id\":\"https:\\\/\\\/www.camaeleon.org\\\/2022\\\/05\\\/23\\\/isabelle-picault-une-invitee-de-marque-des-plus-sympathiques-au-lfa\\\/\"},\"author\":{\"name\":\"Max Ernst\",\"@id\":\"https:\\\/\\\/www.camaeleon.org\\\/de\\\/#\\\/schema\\\/person\\\/052ee327c421b495af4657a44187a959\"},\"headline\":\"Isabelle Picault, une invit\u00e9e de marque des plus sympathiques au LFA\",\"datePublished\":\"2022-05-23T19:18:59+00:00\",\"dateModified\":\"2022-06-10T19:33:33+00:00\",\"mainEntityOfPage\":{\"@id\":\"https:\\\/\\\/www.camaeleon.org\\\/2022\\\/05\\\/23\\\/isabelle-picault-une-invitee-de-marque-des-plus-sympathiques-au-lfa\\\/\"},\"wordCount\":291,\"commentCount\":0,\"publisher\":{\"@id\":\"https:\\\/\\\/www.camaeleon.org\\\/de\\\/#organization\"},\"image\":{\"@id\":\"https:\\\/\\\/www.camaeleon.org\\\/2022\\\/05\\\/23\\\/isabelle-picault-une-invitee-de-marque-des-plus-sympathiques-au-lfa\\\/#primaryimage\"},\"thumbnailUrl\":\"https:\\\/\\\/www.camaeleon.org\\\/wp-content\\\/uploads\\\/2022\\\/05\\\/Picault.jpg\",\"keywords\":[\"AEFE\",\"ambassade\",\"Isabelle Picault\"],\"articleSection\":[\"School\",\"Video\"],\"inLanguage\":\"en-US\",\"potentialAction\":[{\"@type\":\"CommentAction\",\"name\":\"Comment\",\"target\":[\"https:\\\/\\\/www.camaeleon.org\\\/2022\\\/05\\\/23\\\/isabelle-picault-une-invitee-de-marque-des-plus-sympathiques-au-lfa\\\/#respond\"]}]},{\"@type\":\"WebPage\",\"@id\":\"https:\\\/\\\/www.camaeleon.org\\\/en\\\/2022\\\/05\\\/23\\\/isabelle-picault-une-invitee-de-marque-des-plus-sympathiques-au-lfa\\\/\",\"url\":\"https:\\\/\\\/www.camaeleon.org\\\/en\\\/2022\\\/05\\\/23\\\/isabelle-picault-une-invitee-de-marque-des-plus-sympathiques-au-lfa\\\/\",\"name\":\"Isabelle Picault, une invit\u00e9e de marque des plus sympathiques au LFA - Cam\u00e4l\u00e9on\",\"isPartOf\":{\"@id\":\"https:\\\/\\\/www.camaeleon.org\\\/en\\\/#website\"},\"primaryImageOfPage\":{\"@id\":\"https:\\\/\\\/www.camaeleon.org\\\/en\\\/2022\\\/05\\\/23\\\/isabelle-picault-une-invitee-de-marque-des-plus-sympathiques-au-lfa\\\/#primaryimage\"},\"image\":{\"@id\":\"https:\\\/\\\/www.camaeleon.org\\\/2022\\\/05\\\/23\\\/isabelle-picault-une-invitee-de-marque-des-plus-sympathiques-au-lfa\\\/#primaryimage\"},\"thumbnailUrl\":\"https:\\\/\\\/www.camaeleon.org\\\/wp-content\\\/uploads\\\/2022\\\/05\\\/Picault.jpg\",\"datePublished\":\"2022-05-23T19:18:59+00:00\",\"dateModified\":\"2022-06-10T19:33:33+00:00\",\"description\":\"Vendredi 20 mai 2022, Cam\u00e4l\u00e9on a eu l'honneur d'interviewer Isabelle Picault, conseill\u00e8re culturelle adjointe \u00e0 l\u2019ambassade de Berlin et d\u00e9l\u00e9gu\u00e9e de la direction de l\u2019AEFE.\",\"breadcrumb\":{\"@id\":\"https:\\\/\\\/www.camaeleon.org\\\/en\\\/2022\\\/05\\\/23\\\/isabelle-picault-une-invitee-de-marque-des-plus-sympathiques-au-lfa\\\/#breadcrumb\"},\"inLanguage\":\"en-US\",\"potentialAction\":[{\"@type\":\"ReadAction\",\"target\":[[\"https:\\\/\\\/www.camaeleon.org\\\/en\\\/2022\\\/05\\\/23\\\/isabelle-picault-une-invitee-de-marque-des-plus-sympathiques-au-lfa\\\/\"]]}]},{\"@type\":\"ImageObject\",\"inLanguage\":\"en-US\",\"@id\":\"https:\\\/\\\/www.camaeleon.org\\\/en\\\/2022\\\/05\\\/23\\\/isabelle-picault-une-invitee-de-marque-des-plus-sympathiques-au-lfa\\\/#primaryimage\",\"url\":\"https:\\\/\\\/www.camaeleon.org\\\/wp-content\\\/uploads\\\/2022\\\/05\\\/Picault.jpg\",\"contentUrl\":\"https:\\\/\\\/www.camaeleon.org\\\/wp-content\\\/uploads\\\/2022\\\/05\\\/Picault.jpg\",\"width\":1920,\"height\":1080,\"caption\":\"Interview avec Isabelle Picault\"},{\"@type\":\"BreadcrumbList\",\"@id\":\"https:\\\/\\\/www.camaeleon.org\\\/en\\\/2022\\\/05\\\/23\\\/isabelle-picault-une-invitee-de-marque-des-plus-sympathiques-au-lfa\\\/#breadcrumb\",\"itemListElement\":[{\"@type\":\"ListItem\",\"position\":1,\"name\":\"Home\",\"item\":\"https:\\\/\\\/www.camaeleon.org\\\/en\\\/\"},{\"@type\":\"ListItem\",\"position\":2,\"name\":\"Isabelle Picault, une invit\u00e9e de marque des plus sympathiques au LFA\"}]},{\"@type\":\"WebSite\",\"@id\":\"https:\\\/\\\/www.camaeleon.org\\\/en\\\/#website\",\"url\":\"https:\\\/\\\/www.camaeleon.org\\\/en\\\/\",\"name\":\"Cam\u00e4l\u00e9on\",\"description\":\"The online student magazine by Deutsch-Franz\u00f6sisches Gymnasium Saarbr\u00fccken\",\"publisher\":{\"@id\":\"https:\\\/\\\/www.camaeleon.org\\\/en\\\/#organization\"},\"potentialAction\":[{\"@type\":\"SearchAction\",\"target\":{\"@type\":\"EntryPoint\",\"urlTemplate\":\"https:\\\/\\\/www.camaeleon.org\\\/en\\\/?s={search_term_string}\"},\"query-input\":{\"@type\":\"PropertyValueSpecification\",\"valueRequired\":true,\"valueName\":\"search_term_string\"}}],\"inLanguage\":\"en-US\"},{\"@type\":\"Organization\",\"@id\":\"https:\\\/\\\/www.camaeleon.org\\\/en\\\/#organization\",\"name\":\"Cam\u00e4l\u00e9on\",\"url\":\"https:\\\/\\\/www.camaeleon.org\\\/en\\\/\",\"logo\":{\"@type\":\"ImageObject\",\"inLanguage\":\"en-US\",\"@id\":\"https:\\\/\\\/www.camaeleon.org\\\/en\\\/#\\\/schema\\\/logo\\\/image\\\/\",\"url\":\"https:\\\/\\\/www.camaeleon.org\\\/wp-content\\\/uploads\\\/2011\\\/11\\\/CAM\u00c4LEON.jpg\",\"contentUrl\":\"https:\\\/\\\/www.camaeleon.org\\\/wp-content\\\/uploads\\\/2011\\\/11\\\/CAM\u00c4LEON.jpg\",\"width\":959,\"height\":959,\"caption\":\"Cam\u00e4l\u00e9on\"},\"image\":{\"@id\":\"https:\\\/\\\/www.camaeleon.org\\\/en\\\/#\\\/schema\\\/logo\\\/image\\\/\"},\"sameAs\":[\"https:\\\/\\\/www.facebook.com\\\/camaeleon.org\\\/\",\"https:\\\/\\\/x.com\\\/camaeleonOrg\",\"https:\\\/\\\/www.instagram.com\\\/camaeleon.dfg\\\/\",\"https:\\\/\\\/www.youtube.com\\\/channel\\\/UCl3TAUDdGuu_c7CD6ax6hYg\"]},{\"@type\":\"Person\",\"@id\":\"https:\\\/\\\/www.camaeleon.org\\\/de\\\/#\\\/schema\\\/person\\\/052ee327c421b495af4657a44187a959\",\"name\":\"Max Ernst\",\"image\":{\"@type\":\"ImageObject\",\"inLanguage\":\"en-US\",\"@id\":\"https:\\\/\\\/www.camaeleon.org\\\/en\\\/wp-content\\\/uploads\\\/2024\\\/01\\\/IMG-20231204-WA0001-01-150x150.jpeg3fc50e401fd745f06a8339d74db41d5e\",\"url\":\"https:\\\/\\\/www.camaeleon.org\\\/wp-content\\\/uploads\\\/2024\\\/01\\\/IMG-20231204-WA0001-01-150x150.jpeg\",\"contentUrl\":\"https:\\\/\\\/www.camaeleon.org\\\/wp-content\\\/uploads\\\/2024\\\/01\\\/IMG-20231204-WA0001-01-150x150.jpeg\",\"caption\":\"Max Ernst\"},\"description\":\"Bonjour, je m'appelle Max Ernst, j'ai 16 ans, je fais partie de Cam\u00e4l\u00e9on depuis 2017 et je suis en classe de Tle ES. Je m'int\u00e9resse \u00e0 la photographie, \u00e0 la musique et \u00e0 toute l'actualit\u00e9. Pour en savoir plus sur moi : www.maxmernst.de.\",\"sameAs\":[\"http:\\\/\\\/www.maxmernst.de\"],\"url\":\"https:\\\/\\\/www.camaeleon.org\\\/en\\\/author\\\/max-ernst\\\/\"}]}<\/script>\n<!-- \/ Yoast SEO plugin. -->","yoast_head_json":{"title":"Isabelle Picault, une invit\u00e9e de marque des plus sympathiques au LFA - Cam\u00e4l\u00e9on","description":"Vendredi 20 mai 2022, Cam\u00e4l\u00e9on a eu l'honneur d'interviewer Isabelle Picault, conseill\u00e8re culturelle adjointe \u00e0 l\u2019ambassade de Berlin et d\u00e9l\u00e9gu\u00e9e de la direction de l\u2019AEFE.","robots":{"index":"index","follow":"follow","max-snippet":"max-snippet:-1","max-image-preview":"max-image-preview:large","max-video-preview":"max-video-preview:-1"},"canonical":"https:\/\/www.camaeleon.org\/en\/2022\/05\/23\/isabelle-picault-une-invitee-de-marque-des-plus-sympathiques-au-lfa\/","og_locale":"en_US","og_type":"article","og_title":"Isabelle Picault, une invit\u00e9e de marque des plus sympathiques au LFA - Cam\u00e4l\u00e9on","og_description":"Vendredi 20 mai 2022, Cam\u00e4l\u00e9on a eu l'honneur d'interviewer Isabelle Picault, conseill\u00e8re culturelle adjointe \u00e0 l\u2019ambassade de Berlin et d\u00e9l\u00e9gu\u00e9e de la direction de l\u2019AEFE.","og_url":"https:\/\/www.camaeleon.org\/en\/2022\/05\/23\/isabelle-picault-une-invitee-de-marque-des-plus-sympathiques-au-lfa\/","og_site_name":"Cam\u00e4l\u00e9on","article_publisher":"https:\/\/www.facebook.com\/camaeleon.org\/","article_published_time":"2022-05-23T19:18:59+00:00","article_modified_time":"2022-06-10T19:33:33+00:00","og_image":[{"width":1920,"height":1080,"url":"https:\/\/www.camaeleon.org\/wp-content\/uploads\/2022\/05\/Picault.jpg","type":"image\/jpeg"}],"author":"Max Ernst, Anouk Viero, Lili Carteron","twitter_card":"summary_large_image","twitter_creator":"@camaeleonOrg","twitter_site":"@camaeleonOrg","schema":{"@context":"https:\/\/schema.org","@graph":[{"@type":"Article","@id":"https:\/\/www.camaeleon.org\/2022\/05\/23\/isabelle-picault-une-invitee-de-marque-des-plus-sympathiques-au-lfa\/#article","isPartOf":{"@id":"https:\/\/www.camaeleon.org\/2022\/05\/23\/isabelle-picault-une-invitee-de-marque-des-plus-sympathiques-au-lfa\/"},"author":{"name":"Max Ernst","@id":"https:\/\/www.camaeleon.org\/de\/#\/schema\/person\/052ee327c421b495af4657a44187a959"},"headline":"Isabelle Picault, une invit\u00e9e de marque des plus sympathiques au LFA","datePublished":"2022-05-23T19:18:59+00:00","dateModified":"2022-06-10T19:33:33+00:00","mainEntityOfPage":{"@id":"https:\/\/www.camaeleon.org\/2022\/05\/23\/isabelle-picault-une-invitee-de-marque-des-plus-sympathiques-au-lfa\/"},"wordCount":291,"commentCount":0,"publisher":{"@id":"https:\/\/www.camaeleon.org\/de\/#organization"},"image":{"@id":"https:\/\/www.camaeleon.org\/2022\/05\/23\/isabelle-picault-une-invitee-de-marque-des-plus-sympathiques-au-lfa\/#primaryimage"},"thumbnailUrl":"https:\/\/www.camaeleon.org\/wp-content\/uploads\/2022\/05\/Picault.jpg","keywords":["AEFE","ambassade","Isabelle Picault"],"articleSection":["School","Video"],"inLanguage":"en-US","potentialAction":[{"@type":"CommentAction","name":"Comment","target":["https:\/\/www.camaeleon.org\/2022\/05\/23\/isabelle-picault-une-invitee-de-marque-des-plus-sympathiques-au-lfa\/#respond"]}]},{"@type":"WebPage","@id":"https:\/\/www.camaeleon.org\/en\/2022\/05\/23\/isabelle-picault-une-invitee-de-marque-des-plus-sympathiques-au-lfa\/","url":"https:\/\/www.camaeleon.org\/en\/2022\/05\/23\/isabelle-picault-une-invitee-de-marque-des-plus-sympathiques-au-lfa\/","name":"Isabelle Picault, une invit\u00e9e de marque des plus sympathiques au LFA - Cam\u00e4l\u00e9on","isPartOf":{"@id":"https:\/\/www.camaeleon.org\/en\/#website"},"primaryImageOfPage":{"@id":"https:\/\/www.camaeleon.org\/en\/2022\/05\/23\/isabelle-picault-une-invitee-de-marque-des-plus-sympathiques-au-lfa\/#primaryimage"},"image":{"@id":"https:\/\/www.camaeleon.org\/2022\/05\/23\/isabelle-picault-une-invitee-de-marque-des-plus-sympathiques-au-lfa\/#primaryimage"},"thumbnailUrl":"https:\/\/www.camaeleon.org\/wp-content\/uploads\/2022\/05\/Picault.jpg","datePublished":"2022-05-23T19:18:59+00:00","dateModified":"2022-06-10T19:33:33+00:00","description":"Vendredi 20 mai 2022, Cam\u00e4l\u00e9on a eu l'honneur d'interviewer Isabelle Picault, conseill\u00e8re culturelle adjointe \u00e0 l\u2019ambassade de Berlin et d\u00e9l\u00e9gu\u00e9e de la direction de l\u2019AEFE.","breadcrumb":{"@id":"https:\/\/www.camaeleon.org\/en\/2022\/05\/23\/isabelle-picault-une-invitee-de-marque-des-plus-sympathiques-au-lfa\/#breadcrumb"},"inLanguage":"en-US","potentialAction":[{"@type":"ReadAction","target":[["https:\/\/www.camaeleon.org\/en\/2022\/05\/23\/isabelle-picault-une-invitee-de-marque-des-plus-sympathiques-au-lfa\/"]]}]},{"@type":"ImageObject","inLanguage":"en-US","@id":"https:\/\/www.camaeleon.org\/en\/2022\/05\/23\/isabelle-picault-une-invitee-de-marque-des-plus-sympathiques-au-lfa\/#primaryimage","url":"https:\/\/www.camaeleon.org\/wp-content\/uploads\/2022\/05\/Picault.jpg","contentUrl":"https:\/\/www.camaeleon.org\/wp-content\/uploads\/2022\/05\/Picault.jpg","width":1920,"height":1080,"caption":"Interview avec Isabelle Picault"},{"@type":"BreadcrumbList","@id":"https:\/\/www.camaeleon.org\/en\/2022\/05\/23\/isabelle-picault-une-invitee-de-marque-des-plus-sympathiques-au-lfa\/#breadcrumb","itemListElement":[{"@type":"ListItem","position":1,"name":"Home","item":"https:\/\/www.camaeleon.org\/en\/"},{"@type":"ListItem","position":2,"name":"Isabelle Picault, une invit\u00e9e de marque des plus sympathiques au LFA"}]},{"@type":"WebSite","@id":"https:\/\/www.camaeleon.org\/en\/#website","url":"https:\/\/www.camaeleon.org\/en\/","name":"Cam\u00e4l\u00e9on","description":"The online student magazine by Deutsch-Franz\u00f6sisches Gymnasium Saarbr\u00fccken","publisher":{"@id":"https:\/\/www.camaeleon.org\/en\/#organization"},"potentialAction":[{"@type":"SearchAction","target":{"@type":"EntryPoint","urlTemplate":"https:\/\/www.camaeleon.org\/en\/?s={search_term_string}"},"query-input":{"@type":"PropertyValueSpecification","valueRequired":true,"valueName":"search_term_string"}}],"inLanguage":"en-US"},{"@type":"Organization","@id":"https:\/\/www.camaeleon.org\/en\/#organization","name":"Cam\u00e4l\u00e9on","url":"https:\/\/www.camaeleon.org\/en\/","logo":{"@type":"ImageObject","inLanguage":"en-US","@id":"https:\/\/www.camaeleon.org\/en\/#\/schema\/logo\/image\/","url":"https:\/\/www.camaeleon.org\/wp-content\/uploads\/2011\/11\/CAM\u00c4LEON.jpg","contentUrl":"https:\/\/www.camaeleon.org\/wp-content\/uploads\/2011\/11\/CAM\u00c4LEON.jpg","width":959,"height":959,"caption":"Cam\u00e4l\u00e9on"},"image":{"@id":"https:\/\/www.camaeleon.org\/en\/#\/schema\/logo\/image\/"},"sameAs":["https:\/\/www.facebook.com\/camaeleon.org\/","https:\/\/x.com\/camaeleonOrg","https:\/\/www.instagram.com\/camaeleon.dfg\/","https:\/\/www.youtube.com\/channel\/UCl3TAUDdGuu_c7CD6ax6hYg"]},{"@type":"Person","@id":"https:\/\/www.camaeleon.org\/de\/#\/schema\/person\/052ee327c421b495af4657a44187a959","name":"Max Ernst","image":{"@type":"ImageObject","inLanguage":"en-US","@id":"https:\/\/www.camaeleon.org\/en\/wp-content\/uploads\/2024\/01\/IMG-20231204-WA0001-01-150x150.jpeg3fc50e401fd745f06a8339d74db41d5e","url":"https:\/\/www.camaeleon.org\/wp-content\/uploads\/2024\/01\/IMG-20231204-WA0001-01-150x150.jpeg","contentUrl":"https:\/\/www.camaeleon.org\/wp-content\/uploads\/2024\/01\/IMG-20231204-WA0001-01-150x150.jpeg","caption":"Max Ernst"},"description":"Bonjour, je m'appelle Max Ernst, j'ai 16 ans, je fais partie de Cam\u00e4l\u00e9on depuis 2017 et je suis en classe de Tle ES. Je m'int\u00e9resse \u00e0 la photographie, \u00e0 la musique et \u00e0 toute l'actualit\u00e9. Pour en savoir plus sur moi : www.maxmernst.de.","sameAs":["http:\/\/www.maxmernst.de"],"url":"https:\/\/www.camaeleon.org\/en\/author\/max-ernst\/"}]}},"_links":{"self":[{"href":"https:\/\/www.camaeleon.org\/en\/wp-json\/wp\/v2\/posts\/26380","targetHints":{"allow":["GET"]}}],"collection":[{"href":"https:\/\/www.camaeleon.org\/en\/wp-json\/wp\/v2\/posts"}],"about":[{"href":"https:\/\/www.camaeleon.org\/en\/wp-json\/wp\/v2\/types\/post"}],"author":[{"embeddable":true,"href":"https:\/\/www.camaeleon.org\/en\/wp-json\/wp\/v2\/users\/128"}],"replies":[{"embeddable":true,"href":"https:\/\/www.camaeleon.org\/en\/wp-json\/wp\/v2\/comments?post=26380"}],"version-history":[{"count":0,"href":"https:\/\/www.camaeleon.org\/en\/wp-json\/wp\/v2\/posts\/26380\/revisions"}],"wp:featuredmedia":[{"embeddable":true,"href":"https:\/\/www.camaeleon.org\/en\/wp-json\/wp\/v2\/media\/26384"}],"wp:attachment":[{"href":"https:\/\/www.camaeleon.org\/en\/wp-json\/wp\/v2\/media?parent=26380"}],"wp:term":[{"taxonomy":"category","embeddable":true,"href":"https:\/\/www.camaeleon.org\/en\/wp-json\/wp\/v2\/categories?post=26380"},{"taxonomy":"post_tag","embeddable":true,"href":"https:\/\/www.camaeleon.org\/en\/wp-json\/wp\/v2\/tags?post=26380"},{"taxonomy":"author","embeddable":true,"href":"https:\/\/www.camaeleon.org\/en\/wp-json\/wp\/v2\/coauthors?post=26380"}],"curies":[{"name":"wp","href":"https:\/\/api.w.org\/{rel}","templated":true}]}}