{"id":26090,"date":"2022-04-29T16:50:31","date_gmt":"2022-04-29T14:50:31","guid":{"rendered":"https:\/\/www.camaeleon.org\/?p=26090"},"modified":"2022-05-18T12:33:24","modified_gmt":"2022-05-18T10:33:24","slug":"buch-des-monats-wild-sie-hoeren-dich-denken","status":"publish","type":"post","link":"https:\/\/www.camaeleon.org\/en\/2022\/04\/29\/buch-des-monats-wild-sie-hoeren-dich-denken\/","title":{"rendered":"Das Buch des Monats: Wild. Sie h\u00f6ren dich denken"},"content":{"rendered":"<p><figure id=\"attachment_26115\" aria-describedby=\"caption-attachment-26115\" style=\"width: 213px\" class=\"wp-caption alignleft\"><img loading=\"lazy\" decoding=\"async\" class=\"wp-image-26115 size-medium\" src=\"https:\/\/www.camaeleon.org\/wp-content\/uploads\/2022\/04\/978-3-401-60510-4-213x300.jpg\" alt=\"Wild. Sie h\u00f6ren dich denken\" width=\"213\" height=\"300\" srcset=\"https:\/\/www.camaeleon.org\/wp-content\/uploads\/2022\/04\/978-3-401-60510-4-213x300.jpg 213w, https:\/\/www.camaeleon.org\/wp-content\/uploads\/2022\/04\/978-3-401-60510-4.jpg 355w\" sizes=\"auto, (max-width: 213px) 100vw, 213px\" \/><figcaption id=\"caption-attachment-26115\" class=\"wp-caption-text\">Foto: Arena Verlag<\/figcaption><\/figure><\/p>\n<p>Die Jugendliche Noomi wacht mitten im Nirgendwo auf &#8211; Und hat keine Idee, wie sie dorthin gekommen ist. Sie hat pl\u00f6tzlich hellere Augen und h\u00e4rtere Fingern\u00e4gel als vorher, und als sie gefunden wurde, hatte sie Blut \u00fcberall an sich. Nicht ihr eigenes, das w\u00e4re noch gruseliger, nein, es war Tierblut. Sp\u00e4ter findet sie heraus, dass es in der N\u00e4he ihres Fundortes ein Jugendstrafcamp gibt, und so entwickelt Noomi einen Plan. Sie macht sich extra strafbar und l\u00e4sst sich verhaften, um in dieses Camp zu kommen und Hinweise \u00fcber ihr Verschwinden zu finden. Zusammen mit drei Anderen kommt sie einem erschreckenden Geheimnis n\u00e4her, das auch ihre neuen Freunde treffen wird&#8230;<\/p>\n<p>Der Roman von Ella Blix ist in der Stadtbibliothek Saarbr\u00fccken auszuleihen oder im Buchhandel erh\u00e4ltlich.<\/p>\n<p>Ich hoffe, er gef\u00e4llt euch genauso gut wie mir!<\/p>\n<p>Viel Spa\u00df beim Lesen :)<\/p>","protected":false},"excerpt":{"rendered":"<p>Die Jugendliche Noomi wacht mitten im Nirgendwo auf &#8211; Und hat keine Idee, wie sie dorthin gekommen ist. Sie hat pl\u00f6tzlich hellere Augen und h\u00e4rtere<\/p>\n","protected":false},"author":154,"featured_media":26119,"comment_status":"open","ping_status":"closed","sticky":false,"template":"","format":"standard","meta":{"colormag_page_container_layout":"default_layout","colormag_page_sidebar_layout":"default_layout","footnotes":""},"categories":[8,1890],"tags":[1883,1975,1000,1974],"coauthors":[1782],"class_list":["post-26090","post","type-post","status-publish","format-standard","has-post-thumbnail","hentry","category-culture","category-das-buch-des-monats","tag-buch-des-monats","tag-ella-blix","tag-lecture","tag-wild-sie-hoeren-dich-denken"],"yoast_head":"<!-- This site is optimized with the Yoast SEO plugin v27.4 - https:\/\/yoast.com\/product\/yoast-seo-wordpress\/ -->\n<title>Das Buch des Monats: Wild. Sie h\u00f6ren dich denken - Cam\u00e4l\u00e9on<\/title>\n<meta name=\"description\" content=\"Der Roman von Ella Blix ist in der Stadtbibliothek Saarbr\u00fccken auszuleihen oder im Buchhandel erh\u00e4ltlich.Ich hoffe, er gef\u00e4llt euch genauso gut wie mir!\" \/>\n<meta name=\"robots\" content=\"index, follow, max-snippet:-1, max-image-preview:large, max-video-preview:-1\" \/>\n<link rel=\"canonical\" href=\"https:\/\/www.camaeleon.org\/en\/2022\/04\/29\/buch-des-monats-wild-sie-hoeren-dich-denken\/\" \/>\n<meta property=\"og:locale\" content=\"en_US\" \/>\n<meta property=\"og:type\" content=\"article\" \/>\n<meta property=\"og:title\" content=\"Das Buch des Monats: Wild. Sie h\u00f6ren dich denken - Cam\u00e4l\u00e9on\" \/>\n<meta property=\"og:description\" content=\"Der Roman von Ella Blix ist in der Stadtbibliothek Saarbr\u00fccken auszuleihen oder im Buchhandel erh\u00e4ltlich.Ich hoffe, er gef\u00e4llt euch genauso gut wie mir!\" \/>\n<meta property=\"og:url\" content=\"https:\/\/www.camaeleon.org\/en\/2022\/04\/29\/buch-des-monats-wild-sie-hoeren-dich-denken\/\" \/>\n<meta property=\"og:site_name\" content=\"Cam\u00e4l\u00e9on\" \/>\n<meta property=\"article:publisher\" content=\"https:\/\/www.facebook.com\/camaeleon.org\/\" \/>\n<meta property=\"article:published_time\" content=\"2022-04-29T14:50:31+00:00\" \/>\n<meta property=\"article:modified_time\" content=\"2022-05-18T10:33:24+00:00\" \/>\n<meta property=\"og:image\" content=\"https:\/\/www.camaeleon.org\/wp-content\/uploads\/2022\/04\/Wild-background.jpg\" \/>\n\t<meta property=\"og:image:width\" content=\"880\" \/>\n\t<meta property=\"og:image:height\" content=\"500\" \/>\n\t<meta property=\"og:image:type\" content=\"image\/jpeg\" \/>\n<meta name=\"author\" content=\"Ellenore Niederl\u00e4nder\" \/>\n<meta name=\"twitter:card\" content=\"summary_large_image\" \/>\n<meta name=\"twitter:creator\" content=\"@camaeleonOrg\" \/>\n<meta name=\"twitter:site\" content=\"@camaeleonOrg\" \/>\n<script type=\"application\/ld+json\" class=\"yoast-schema-graph\">{\"@context\":\"https:\\\/\\\/schema.org\",\"@graph\":[{\"@type\":\"Article\",\"@id\":\"https:\\\/\\\/www.camaeleon.org\\\/2022\\\/04\\\/29\\\/buch-des-monats-wild-sie-hoeren-dich-denken\\\/#article\",\"isPartOf\":{\"@id\":\"https:\\\/\\\/www.camaeleon.org\\\/2022\\\/04\\\/29\\\/buch-des-monats-wild-sie-hoeren-dich-denken\\\/\"},\"author\":{\"name\":\"Ellenore Niederl\u00e4nder\",\"@id\":\"https:\\\/\\\/www.camaeleon.org\\\/de\\\/#\\\/schema\\\/person\\\/da51dc4d145f684b818151a7205f42ef\"},\"headline\":\"Das Buch des Monats: Wild. Sie h\u00f6ren dich denken\",\"datePublished\":\"2022-04-29T14:50:31+00:00\",\"dateModified\":\"2022-05-18T10:33:24+00:00\",\"mainEntityOfPage\":{\"@id\":\"https:\\\/\\\/www.camaeleon.org\\\/2022\\\/04\\\/29\\\/buch-des-monats-wild-sie-hoeren-dich-denken\\\/\"},\"wordCount\":531,\"commentCount\":0,\"publisher\":{\"@id\":\"https:\\\/\\\/www.camaeleon.org\\\/de\\\/#organization\"},\"image\":{\"@id\":\"https:\\\/\\\/www.camaeleon.org\\\/2022\\\/04\\\/29\\\/buch-des-monats-wild-sie-hoeren-dich-denken\\\/#primaryimage\"},\"thumbnailUrl\":\"https:\\\/\\\/www.camaeleon.org\\\/wp-content\\\/uploads\\\/2022\\\/04\\\/Wild-background.jpg\",\"keywords\":[\"Buch des Monats\",\"Ella Blix\",\"lecture\",\"Wild. Sie h\u00f6ren dich denken\"],\"articleSection\":[\"Culture\",\"Das Buch des Monats\"],\"inLanguage\":\"en-US\",\"potentialAction\":[{\"@type\":\"CommentAction\",\"name\":\"Comment\",\"target\":[\"https:\\\/\\\/www.camaeleon.org\\\/2022\\\/04\\\/29\\\/buch-des-monats-wild-sie-hoeren-dich-denken\\\/#respond\"]}]},{\"@type\":\"WebPage\",\"@id\":\"https:\\\/\\\/www.camaeleon.org\\\/en\\\/2022\\\/04\\\/29\\\/buch-des-monats-wild-sie-hoeren-dich-denken\\\/\",\"url\":\"https:\\\/\\\/www.camaeleon.org\\\/en\\\/2022\\\/04\\\/29\\\/buch-des-monats-wild-sie-hoeren-dich-denken\\\/\",\"name\":\"Das Buch des Monats: Wild. Sie h\u00f6ren dich denken - Cam\u00e4l\u00e9on\",\"isPartOf\":{\"@id\":\"https:\\\/\\\/www.camaeleon.org\\\/en\\\/#website\"},\"primaryImageOfPage\":{\"@id\":\"https:\\\/\\\/www.camaeleon.org\\\/en\\\/2022\\\/04\\\/29\\\/buch-des-monats-wild-sie-hoeren-dich-denken\\\/#primaryimage\"},\"image\":{\"@id\":\"https:\\\/\\\/www.camaeleon.org\\\/2022\\\/04\\\/29\\\/buch-des-monats-wild-sie-hoeren-dich-denken\\\/#primaryimage\"},\"thumbnailUrl\":\"https:\\\/\\\/www.camaeleon.org\\\/wp-content\\\/uploads\\\/2022\\\/04\\\/Wild-background.jpg\",\"datePublished\":\"2022-04-29T14:50:31+00:00\",\"dateModified\":\"2022-05-18T10:33:24+00:00\",\"description\":\"Der Roman von Ella Blix ist in der Stadtbibliothek Saarbr\u00fccken auszuleihen oder im Buchhandel erh\u00e4ltlich.Ich hoffe, er gef\u00e4llt euch genauso gut wie mir!\",\"breadcrumb\":{\"@id\":\"https:\\\/\\\/www.camaeleon.org\\\/en\\\/2022\\\/04\\\/29\\\/buch-des-monats-wild-sie-hoeren-dich-denken\\\/#breadcrumb\"},\"inLanguage\":\"en-US\",\"potentialAction\":[{\"@type\":\"ReadAction\",\"target\":[[\"https:\\\/\\\/www.camaeleon.org\\\/en\\\/2022\\\/04\\\/29\\\/buch-des-monats-wild-sie-hoeren-dich-denken\\\/\"]]}]},{\"@type\":\"ImageObject\",\"inLanguage\":\"en-US\",\"@id\":\"https:\\\/\\\/www.camaeleon.org\\\/en\\\/2022\\\/04\\\/29\\\/buch-des-monats-wild-sie-hoeren-dich-denken\\\/#primaryimage\",\"url\":\"https:\\\/\\\/www.camaeleon.org\\\/wp-content\\\/uploads\\\/2022\\\/04\\\/Wild-background.jpg\",\"contentUrl\":\"https:\\\/\\\/www.camaeleon.org\\\/wp-content\\\/uploads\\\/2022\\\/04\\\/Wild-background.jpg\",\"width\":880,\"height\":500},{\"@type\":\"BreadcrumbList\",\"@id\":\"https:\\\/\\\/www.camaeleon.org\\\/en\\\/2022\\\/04\\\/29\\\/buch-des-monats-wild-sie-hoeren-dich-denken\\\/#breadcrumb\",\"itemListElement\":[{\"@type\":\"ListItem\",\"position\":1,\"name\":\"Home\",\"item\":\"https:\\\/\\\/www.camaeleon.org\\\/en\\\/\"},{\"@type\":\"ListItem\",\"position\":2,\"name\":\"Le livre du mois : Wild. Sie h\u00f6ren dich denken\"}]},{\"@type\":\"WebSite\",\"@id\":\"https:\\\/\\\/www.camaeleon.org\\\/en\\\/#website\",\"url\":\"https:\\\/\\\/www.camaeleon.org\\\/en\\\/\",\"name\":\"Cam\u00e4l\u00e9on\",\"description\":\"The online student magazine by Deutsch-Franz\u00f6sisches Gymnasium Saarbr\u00fccken\",\"publisher\":{\"@id\":\"https:\\\/\\\/www.camaeleon.org\\\/en\\\/#organization\"},\"potentialAction\":[{\"@type\":\"SearchAction\",\"target\":{\"@type\":\"EntryPoint\",\"urlTemplate\":\"https:\\\/\\\/www.camaeleon.org\\\/en\\\/?s={search_term_string}\"},\"query-input\":{\"@type\":\"PropertyValueSpecification\",\"valueRequired\":true,\"valueName\":\"search_term_string\"}}],\"inLanguage\":\"en-US\"},{\"@type\":\"Organization\",\"@id\":\"https:\\\/\\\/www.camaeleon.org\\\/en\\\/#organization\",\"name\":\"Cam\u00e4l\u00e9on\",\"url\":\"https:\\\/\\\/www.camaeleon.org\\\/en\\\/\",\"logo\":{\"@type\":\"ImageObject\",\"inLanguage\":\"en-US\",\"@id\":\"https:\\\/\\\/www.camaeleon.org\\\/en\\\/#\\\/schema\\\/logo\\\/image\\\/\",\"url\":\"https:\\\/\\\/www.camaeleon.org\\\/wp-content\\\/uploads\\\/2011\\\/11\\\/CAM\u00c4LEON.jpg\",\"contentUrl\":\"https:\\\/\\\/www.camaeleon.org\\\/wp-content\\\/uploads\\\/2011\\\/11\\\/CAM\u00c4LEON.jpg\",\"width\":959,\"height\":959,\"caption\":\"Cam\u00e4l\u00e9on\"},\"image\":{\"@id\":\"https:\\\/\\\/www.camaeleon.org\\\/en\\\/#\\\/schema\\\/logo\\\/image\\\/\"},\"sameAs\":[\"https:\\\/\\\/www.facebook.com\\\/camaeleon.org\\\/\",\"https:\\\/\\\/x.com\\\/camaeleonOrg\",\"https:\\\/\\\/www.instagram.com\\\/camaeleon.dfg\\\/\",\"https:\\\/\\\/www.youtube.com\\\/channel\\\/UCl3TAUDdGuu_c7CD6ax6hYg\"]},{\"@type\":\"Person\",\"@id\":\"https:\\\/\\\/www.camaeleon.org\\\/de\\\/#\\\/schema\\\/person\\\/da51dc4d145f684b818151a7205f42ef\",\"name\":\"Ellenore Niederl\u00e4nder\",\"image\":{\"@type\":\"ImageObject\",\"inLanguage\":\"en-US\",\"@id\":\"https:\\\/\\\/www.camaeleon.org\\\/en\\\/wp-content\\\/uploads\\\/2022\\\/04\\\/ellenore-150x150.jpg97b2dc99cee7b261fa60344ca235233d\",\"url\":\"https:\\\/\\\/www.camaeleon.org\\\/wp-content\\\/uploads\\\/2022\\\/04\\\/ellenore-150x150.jpg\",\"contentUrl\":\"https:\\\/\\\/www.camaeleon.org\\\/wp-content\\\/uploads\\\/2022\\\/04\\\/ellenore-150x150.jpg\",\"caption\":\"Ellenore Niederl\u00e4nder\"},\"description\":\"Hey :) I'm Ellenore, 16 years old and in the class 2L2. Outside of school I play theater in Gr\u00e4finthal. My favourite sport is swimming :) At Cam\u00e4l\u00e9on, I really like writing the word of the week and making videos.\",\"url\":\"https:\\\/\\\/www.camaeleon.org\\\/en\\\/author\\\/ellenore-niederlaender\\\/\"}]}<\/script>\n<!-- \/ Yoast SEO plugin. -->","yoast_head_json":{"title":"Das Buch des Monats: Wild. Sie h\u00f6ren dich denken - Cam\u00e4l\u00e9on","description":"Der Roman von Ella Blix ist in der Stadtbibliothek Saarbr\u00fccken auszuleihen oder im Buchhandel erh\u00e4ltlich.Ich hoffe, er gef\u00e4llt euch genauso gut wie mir!","robots":{"index":"index","follow":"follow","max-snippet":"max-snippet:-1","max-image-preview":"max-image-preview:large","max-video-preview":"max-video-preview:-1"},"canonical":"https:\/\/www.camaeleon.org\/en\/2022\/04\/29\/buch-des-monats-wild-sie-hoeren-dich-denken\/","og_locale":"en_US","og_type":"article","og_title":"Das Buch des Monats: Wild. Sie h\u00f6ren dich denken - Cam\u00e4l\u00e9on","og_description":"Der Roman von Ella Blix ist in der Stadtbibliothek Saarbr\u00fccken auszuleihen oder im Buchhandel erh\u00e4ltlich.Ich hoffe, er gef\u00e4llt euch genauso gut wie mir!","og_url":"https:\/\/www.camaeleon.org\/en\/2022\/04\/29\/buch-des-monats-wild-sie-hoeren-dich-denken\/","og_site_name":"Cam\u00e4l\u00e9on","article_publisher":"https:\/\/www.facebook.com\/camaeleon.org\/","article_published_time":"2022-04-29T14:50:31+00:00","article_modified_time":"2022-05-18T10:33:24+00:00","og_image":[{"width":880,"height":500,"url":"https:\/\/www.camaeleon.org\/wp-content\/uploads\/2022\/04\/Wild-background.jpg","type":"image\/jpeg"}],"author":"Ellenore Niederl\u00e4nder","twitter_card":"summary_large_image","twitter_creator":"@camaeleonOrg","twitter_site":"@camaeleonOrg","schema":{"@context":"https:\/\/schema.org","@graph":[{"@type":"Article","@id":"https:\/\/www.camaeleon.org\/2022\/04\/29\/buch-des-monats-wild-sie-hoeren-dich-denken\/#article","isPartOf":{"@id":"https:\/\/www.camaeleon.org\/2022\/04\/29\/buch-des-monats-wild-sie-hoeren-dich-denken\/"},"author":{"name":"Ellenore Niederl\u00e4nder","@id":"https:\/\/www.camaeleon.org\/de\/#\/schema\/person\/da51dc4d145f684b818151a7205f42ef"},"headline":"Das Buch des Monats: Wild. Sie h\u00f6ren dich denken","datePublished":"2022-04-29T14:50:31+00:00","dateModified":"2022-05-18T10:33:24+00:00","mainEntityOfPage":{"@id":"https:\/\/www.camaeleon.org\/2022\/04\/29\/buch-des-monats-wild-sie-hoeren-dich-denken\/"},"wordCount":531,"commentCount":0,"publisher":{"@id":"https:\/\/www.camaeleon.org\/de\/#organization"},"image":{"@id":"https:\/\/www.camaeleon.org\/2022\/04\/29\/buch-des-monats-wild-sie-hoeren-dich-denken\/#primaryimage"},"thumbnailUrl":"https:\/\/www.camaeleon.org\/wp-content\/uploads\/2022\/04\/Wild-background.jpg","keywords":["Buch des Monats","Ella Blix","lecture","Wild. Sie h\u00f6ren dich denken"],"articleSection":["Culture","Das Buch des Monats"],"inLanguage":"en-US","potentialAction":[{"@type":"CommentAction","name":"Comment","target":["https:\/\/www.camaeleon.org\/2022\/04\/29\/buch-des-monats-wild-sie-hoeren-dich-denken\/#respond"]}]},{"@type":"WebPage","@id":"https:\/\/www.camaeleon.org\/en\/2022\/04\/29\/buch-des-monats-wild-sie-hoeren-dich-denken\/","url":"https:\/\/www.camaeleon.org\/en\/2022\/04\/29\/buch-des-monats-wild-sie-hoeren-dich-denken\/","name":"Das Buch des Monats: Wild. Sie h\u00f6ren dich denken - Cam\u00e4l\u00e9on","isPartOf":{"@id":"https:\/\/www.camaeleon.org\/en\/#website"},"primaryImageOfPage":{"@id":"https:\/\/www.camaeleon.org\/en\/2022\/04\/29\/buch-des-monats-wild-sie-hoeren-dich-denken\/#primaryimage"},"image":{"@id":"https:\/\/www.camaeleon.org\/2022\/04\/29\/buch-des-monats-wild-sie-hoeren-dich-denken\/#primaryimage"},"thumbnailUrl":"https:\/\/www.camaeleon.org\/wp-content\/uploads\/2022\/04\/Wild-background.jpg","datePublished":"2022-04-29T14:50:31+00:00","dateModified":"2022-05-18T10:33:24+00:00","description":"Der Roman von Ella Blix ist in der Stadtbibliothek Saarbr\u00fccken auszuleihen oder im Buchhandel erh\u00e4ltlich.Ich hoffe, er gef\u00e4llt euch genauso gut wie mir!","breadcrumb":{"@id":"https:\/\/www.camaeleon.org\/en\/2022\/04\/29\/buch-des-monats-wild-sie-hoeren-dich-denken\/#breadcrumb"},"inLanguage":"en-US","potentialAction":[{"@type":"ReadAction","target":[["https:\/\/www.camaeleon.org\/en\/2022\/04\/29\/buch-des-monats-wild-sie-hoeren-dich-denken\/"]]}]},{"@type":"ImageObject","inLanguage":"en-US","@id":"https:\/\/www.camaeleon.org\/en\/2022\/04\/29\/buch-des-monats-wild-sie-hoeren-dich-denken\/#primaryimage","url":"https:\/\/www.camaeleon.org\/wp-content\/uploads\/2022\/04\/Wild-background.jpg","contentUrl":"https:\/\/www.camaeleon.org\/wp-content\/uploads\/2022\/04\/Wild-background.jpg","width":880,"height":500},{"@type":"BreadcrumbList","@id":"https:\/\/www.camaeleon.org\/en\/2022\/04\/29\/buch-des-monats-wild-sie-hoeren-dich-denken\/#breadcrumb","itemListElement":[{"@type":"ListItem","position":1,"name":"Home","item":"https:\/\/www.camaeleon.org\/en\/"},{"@type":"ListItem","position":2,"name":"Le livre du mois : Wild. Sie h\u00f6ren dich denken"}]},{"@type":"WebSite","@id":"https:\/\/www.camaeleon.org\/en\/#website","url":"https:\/\/www.camaeleon.org\/en\/","name":"Cam\u00e4l\u00e9on","description":"The online student magazine by Deutsch-Franz\u00f6sisches Gymnasium Saarbr\u00fccken","publisher":{"@id":"https:\/\/www.camaeleon.org\/en\/#organization"},"potentialAction":[{"@type":"SearchAction","target":{"@type":"EntryPoint","urlTemplate":"https:\/\/www.camaeleon.org\/en\/?s={search_term_string}"},"query-input":{"@type":"PropertyValueSpecification","valueRequired":true,"valueName":"search_term_string"}}],"inLanguage":"en-US"},{"@type":"Organization","@id":"https:\/\/www.camaeleon.org\/en\/#organization","name":"Cam\u00e4l\u00e9on","url":"https:\/\/www.camaeleon.org\/en\/","logo":{"@type":"ImageObject","inLanguage":"en-US","@id":"https:\/\/www.camaeleon.org\/en\/#\/schema\/logo\/image\/","url":"https:\/\/www.camaeleon.org\/wp-content\/uploads\/2011\/11\/CAM\u00c4LEON.jpg","contentUrl":"https:\/\/www.camaeleon.org\/wp-content\/uploads\/2011\/11\/CAM\u00c4LEON.jpg","width":959,"height":959,"caption":"Cam\u00e4l\u00e9on"},"image":{"@id":"https:\/\/www.camaeleon.org\/en\/#\/schema\/logo\/image\/"},"sameAs":["https:\/\/www.facebook.com\/camaeleon.org\/","https:\/\/x.com\/camaeleonOrg","https:\/\/www.instagram.com\/camaeleon.dfg\/","https:\/\/www.youtube.com\/channel\/UCl3TAUDdGuu_c7CD6ax6hYg"]},{"@type":"Person","@id":"https:\/\/www.camaeleon.org\/de\/#\/schema\/person\/da51dc4d145f684b818151a7205f42ef","name":"Ellenore Niederl\u00e4nder","image":{"@type":"ImageObject","inLanguage":"en-US","@id":"https:\/\/www.camaeleon.org\/en\/wp-content\/uploads\/2022\/04\/ellenore-150x150.jpg97b2dc99cee7b261fa60344ca235233d","url":"https:\/\/www.camaeleon.org\/wp-content\/uploads\/2022\/04\/ellenore-150x150.jpg","contentUrl":"https:\/\/www.camaeleon.org\/wp-content\/uploads\/2022\/04\/ellenore-150x150.jpg","caption":"Ellenore Niederl\u00e4nder"},"description":"Hey :) I'm Ellenore, 16 years old and in the class 2L2. Outside of school I play theater in Gr\u00e4finthal. My favourite sport is swimming :) At Cam\u00e4l\u00e9on, I really like writing the word of the week and making videos.","url":"https:\/\/www.camaeleon.org\/en\/author\/ellenore-niederlaender\/"}]}},"_links":{"self":[{"href":"https:\/\/www.camaeleon.org\/en\/wp-json\/wp\/v2\/posts\/26090","targetHints":{"allow":["GET"]}}],"collection":[{"href":"https:\/\/www.camaeleon.org\/en\/wp-json\/wp\/v2\/posts"}],"about":[{"href":"https:\/\/www.camaeleon.org\/en\/wp-json\/wp\/v2\/types\/post"}],"author":[{"embeddable":true,"href":"https:\/\/www.camaeleon.org\/en\/wp-json\/wp\/v2\/users\/154"}],"replies":[{"embeddable":true,"href":"https:\/\/www.camaeleon.org\/en\/wp-json\/wp\/v2\/comments?post=26090"}],"version-history":[{"count":0,"href":"https:\/\/www.camaeleon.org\/en\/wp-json\/wp\/v2\/posts\/26090\/revisions"}],"wp:featuredmedia":[{"embeddable":true,"href":"https:\/\/www.camaeleon.org\/en\/wp-json\/wp\/v2\/media\/26119"}],"wp:attachment":[{"href":"https:\/\/www.camaeleon.org\/en\/wp-json\/wp\/v2\/media?parent=26090"}],"wp:term":[{"taxonomy":"category","embeddable":true,"href":"https:\/\/www.camaeleon.org\/en\/wp-json\/wp\/v2\/categories?post=26090"},{"taxonomy":"post_tag","embeddable":true,"href":"https:\/\/www.camaeleon.org\/en\/wp-json\/wp\/v2\/tags?post=26090"},{"taxonomy":"author","embeddable":true,"href":"https:\/\/www.camaeleon.org\/en\/wp-json\/wp\/v2\/coauthors?post=26090"}],"curies":[{"name":"wp","href":"https:\/\/api.w.org\/{rel}","templated":true}]}}