{"id":26083,"date":"2022-04-30T09:41:41","date_gmt":"2022-04-30T07:41:41","guid":{"rendered":"https:\/\/www.camaeleon.org\/?p=26083"},"modified":"2022-05-21T19:04:10","modified_gmt":"2022-05-21T17:04:10","slug":"le-mot-de-la-semaine-1er-prix-mediatiks-pour-camaleon","status":"publish","type":"post","link":"https:\/\/www.camaeleon.org\/en\/2022\/04\/30\/le-mot-de-la-semaine-1er-prix-mediatiks-pour-camaleon\/","title":{"rendered":"Le mot de la semaine : #1er-prix-Mediatiks-pour-Cam\u00e4l\u00e9on"},"content":{"rendered":"<p><figure id=\"attachment_26113\" aria-describedby=\"caption-attachment-26113\" style=\"width: 500px\" class=\"wp-caption alignleft\"><a href=\"https:\/\/www.camaeleon.org\/wp-content\/uploads\/2022\/04\/Equipe-Camaeleon-2022.jpg\"><img loading=\"lazy\" decoding=\"async\" class=\"wp-image-26113\" src=\"https:\/\/www.camaeleon.org\/wp-content\/uploads\/2022\/04\/Equipe-Camaeleon-2022-300x178.jpg\" alt=\"\u00c9quipe de Cam\u00e4l\u00e9on 2022\" width=\"500\" height=\"297\" srcset=\"https:\/\/www.camaeleon.org\/wp-content\/uploads\/2022\/04\/Equipe-Camaeleon-2022-300x178.jpg 300w, https:\/\/www.camaeleon.org\/wp-content\/uploads\/2022\/04\/Equipe-Camaeleon-2022-880x523.jpg 880w, https:\/\/www.camaeleon.org\/wp-content\/uploads\/2022\/04\/Equipe-Camaeleon-2022-1536x913.jpg 1536w, https:\/\/www.camaeleon.org\/wp-content\/uploads\/2022\/04\/Equipe-Camaeleon-2022.jpg 2000w\" sizes=\"auto, (max-width: 500px) 100vw, 500px\" \/><\/a><figcaption id=\"caption-attachment-26113\" class=\"wp-caption-text\">Photo : Cam\u00e4l\u00e9on<\/figcaption><\/figure><\/p>\n<p>\u00d4 joie ! \u00d4 bonheur ! Apr\u00e8s avoir remport\u00e9 le <a href=\"https:\/\/dfg-lfa.org\/2019\/04\/camaeleon-preistraeger-bei-mediatiks-international-2019\/\"><strong>1er prix du concours M\u00e9diatiks acad\u00e9mie &#8220;international&#8221; (\u00e9tablissements fran\u00e7ais de l&#8217;\u00e9tranger), en 2019, dans la cat\u00e9gorie &#8220;M\u00e9dias num\u00e9riques &#8211; coll\u00e8ges&#8221;<\/strong><\/a> et, <strong><a href=\"https:\/\/www.camaeleon.org\/2021\/04\/28\/das-wort-der-woche-hurra\/\">en 2021, dans la cat\u00e9gorie &#8220;Journal imprim\u00e9 ou en ligne -coll\u00e8ges&#8221;<\/a><\/strong>, nous avons le grand honneur de voir, une nouvelle fois, nos efforts r\u00e9compens\u00e9s par le 1er prix 2022, cette fois dans la cat\u00e9gorie &#8220;Journal imprim\u00e9 ou en ligne &#8211; lyc\u00e9es&#8221;.<\/p>\n<p>Le jury du concours a aim\u00e9 l&#8217;efficacit\u00e9 de la charte graphique de notre site web, la clart\u00e9 du rubriquage, les sujets divers et forts, le choix pertinent des angles et notre engagement personnel. Ont \u00e9t\u00e9 \u00e9galement appr\u00e9ci\u00e9es la pluralit\u00e9 des supports d&#8217;information (vid\u00e9o, audio et \u00e9crit) et notamment <a href=\"https:\/\/www.camaeleon.org\/2022\/04\/02\/e-scooter-was-passiert-hinter-den-kulissen-von-tier\/\"><strong>la vid\u00e9o sur les trottinettes \u00e9lectriques <em>Tier<\/em><\/strong><\/a> ainsi que <a href=\"https:\/\/www.camaeleon.org\/2022\/03\/11\/guerre-en-ukraine-et-les-ecoles-francaises-dukraine-et-de-russie\/\"><strong>l&#8217;interview du chef du secteur Europe de l&#8217;AEFE<\/strong><\/a>.<br \/>\n<a href=\"https:\/\/www.camaeleon.org\/wp-content\/uploads\/2022\/04\/Mediatiks-2022.jpg\"><img loading=\"lazy\" decoding=\"async\" class=\"aligncenter wp-image-26163 size-large\" src=\"https:\/\/www.camaeleon.org\/wp-content\/uploads\/2022\/04\/Mediatiks-2022-800x600.jpg\" alt=\"\" width=\"800\" height=\"600\" srcset=\"https:\/\/www.camaeleon.org\/wp-content\/uploads\/2022\/04\/Mediatiks-2022-800x600.jpg 800w, https:\/\/www.camaeleon.org\/wp-content\/uploads\/2022\/04\/Mediatiks-2022-300x225.jpg 300w, https:\/\/www.camaeleon.org\/wp-content\/uploads\/2022\/04\/Mediatiks-2022.jpg 1280w\" sizes=\"auto, (max-width: 800px) 100vw, 800px\" \/><\/a><\/p>\n<p>Nous, Cam\u00e4l\u00e9on, le journal en ligne plurilingue et cosmopolite du Lyc\u00e9e Franco-Allemand de Sarrebruck (Allemagne), Max, Anouk, Julian, Katharina, Lili, Ellenore, Livia, Mohamed, Lisa, Alice, Timo, Cl\u00e9mence, Sara-Victoria, Janina et nos professeur.e.s Mme Deguilhem, Mme K\u00f6wenig et M. Pfefferle, remercions tr\u00e8s chaleureusement le jury de M\u00e9diatiks de nous avoir remis ce premier prix.<\/p>\n<p><\/p>","protected":false},"excerpt":{"rendered":"<p>\u00d4 joie ! \u00d4 bonheur ! Apr\u00e8s avoir remport\u00e9 le 1er prix du concours M\u00e9diatiks acad\u00e9mie &#8220;international&#8221; (\u00e9tablissements fran\u00e7ais de l&#8217;\u00e9tranger), en 2019, dans la<\/p>\n","protected":false},"author":146,"featured_media":26113,"comment_status":"open","ping_status":"closed","sticky":false,"template":"","format":"standard","meta":{"colormag_page_container_layout":"default_layout","colormag_page_sidebar_layout":"default_layout","footnotes":""},"categories":[199,864],"tags":[689,1653,1652,1039,334,1651,1977],"coauthors":[1209,1788],"class_list":["post-26083","post","type-post","status-publish","format-standard","has-post-thumbnail","hentry","category-a-propos-de-nous","category-le-mot-de-la-semaine","tag-aefe","tag-auszeichnung","tag-clemi","tag-concours","tag-journalismus","tag-mediatiks","tag-mediatiks-international-2022"],"yoast_head":"<!-- This site is optimized with the Yoast SEO plugin v27.5 - https:\/\/yoast.com\/product\/yoast-seo-wordpress\/ -->\n<title>Le mot de la semaine : #1er-prix-Mediatiks-pour-Cam\u00e4l\u00e9on - Cam\u00e4l\u00e9on<\/title>\n<meta name=\"description\" content=\"Nous avons le grand honneur de voir nos efforts r\u00e9compens\u00e9s par le 1er prix du concours M\u00e9diatiks acad\u00e9mie &quot;international&quot;.\" \/>\n<meta name=\"robots\" content=\"index, follow, max-snippet:-1, max-image-preview:large, max-video-preview:-1\" \/>\n<link rel=\"canonical\" href=\"https:\/\/www.camaeleon.org\/en\/2022\/04\/30\/le-mot-de-la-semaine-1er-prix-mediatiks-pour-camaleon\/\" \/>\n<meta property=\"og:locale\" content=\"en_US\" \/>\n<meta property=\"og:type\" content=\"article\" \/>\n<meta property=\"og:title\" content=\"Le mot de la semaine : #1er-prix-Mediatiks-pour-Cam\u00e4l\u00e9on - Cam\u00e4l\u00e9on\" \/>\n<meta property=\"og:description\" content=\"Nous avons le grand honneur de voir nos efforts r\u00e9compens\u00e9s par le 1er prix du concours M\u00e9diatiks acad\u00e9mie &quot;international&quot;.\" \/>\n<meta property=\"og:url\" content=\"https:\/\/www.camaeleon.org\/en\/2022\/04\/30\/le-mot-de-la-semaine-1er-prix-mediatiks-pour-camaleon\/\" \/>\n<meta property=\"og:site_name\" content=\"Cam\u00e4l\u00e9on\" \/>\n<meta property=\"article:publisher\" content=\"https:\/\/www.facebook.com\/camaeleon.org\/\" \/>\n<meta property=\"article:published_time\" content=\"2022-04-30T07:41:41+00:00\" \/>\n<meta property=\"article:modified_time\" content=\"2022-05-21T17:04:10+00:00\" \/>\n<meta property=\"og:image\" content=\"https:\/\/www.camaeleon.org\/wp-content\/uploads\/2022\/04\/Equipe-Camaeleon-2022.jpg\" \/>\n\t<meta property=\"og:image:width\" content=\"2000\" \/>\n\t<meta property=\"og:image:height\" content=\"1189\" \/>\n\t<meta property=\"og:image:type\" content=\"image\/jpeg\" \/>\n<meta name=\"author\" content=\"Anouk Viero, Lili Carteron\" \/>\n<meta name=\"twitter:card\" content=\"summary_large_image\" \/>\n<meta name=\"twitter:creator\" content=\"@camaeleonOrg\" \/>\n<meta name=\"twitter:site\" content=\"@camaeleonOrg\" \/>\n<script type=\"application\/ld+json\" class=\"yoast-schema-graph\">{\"@context\":\"https:\\\/\\\/schema.org\",\"@graph\":[{\"@type\":\"Article\",\"@id\":\"https:\\\/\\\/www.camaeleon.org\\\/2022\\\/04\\\/30\\\/le-mot-de-la-semaine-1er-prix-mediatiks-pour-camaleon\\\/#article\",\"isPartOf\":{\"@id\":\"https:\\\/\\\/www.camaeleon.org\\\/2022\\\/04\\\/30\\\/le-mot-de-la-semaine-1er-prix-mediatiks-pour-camaleon\\\/\"},\"author\":{\"name\":\"Anouk Viero\",\"@id\":\"https:\\\/\\\/www.camaeleon.org\\\/de\\\/#\\\/schema\\\/person\\\/34dd43503993f08eb39382df2c5b79b5\"},\"headline\":\"Le mot de la semaine : #1er-prix-Mediatiks-pour-Cam\u00e4l\u00e9on\",\"datePublished\":\"2022-04-30T07:41:41+00:00\",\"dateModified\":\"2022-05-21T17:04:10+00:00\",\"mainEntityOfPage\":{\"@id\":\"https:\\\/\\\/www.camaeleon.org\\\/2022\\\/04\\\/30\\\/le-mot-de-la-semaine-1er-prix-mediatiks-pour-camaleon\\\/\"},\"wordCount\":699,\"commentCount\":0,\"publisher\":{\"@id\":\"https:\\\/\\\/www.camaeleon.org\\\/de\\\/#organization\"},\"image\":{\"@id\":\"https:\\\/\\\/www.camaeleon.org\\\/2022\\\/04\\\/30\\\/le-mot-de-la-semaine-1er-prix-mediatiks-pour-camaleon\\\/#primaryimage\"},\"thumbnailUrl\":\"https:\\\/\\\/www.camaeleon.org\\\/wp-content\\\/uploads\\\/2022\\\/04\\\/Equipe-Camaeleon-2022.jpg\",\"keywords\":[\"AEFE\",\"Auszeichnung\",\"CLEMI\",\"concours\",\"Journalismus\",\"M\u00e9diatiks\",\"Mediatiks international 2022\"],\"articleSection\":[\"About us\",\"Word of the Week\"],\"inLanguage\":\"en-US\",\"potentialAction\":[{\"@type\":\"CommentAction\",\"name\":\"Comment\",\"target\":[\"https:\\\/\\\/www.camaeleon.org\\\/2022\\\/04\\\/30\\\/le-mot-de-la-semaine-1er-prix-mediatiks-pour-camaleon\\\/#respond\"]}]},{\"@type\":\"WebPage\",\"@id\":\"https:\\\/\\\/www.camaeleon.org\\\/en\\\/2022\\\/04\\\/30\\\/le-mot-de-la-semaine-1er-prix-mediatiks-pour-camaleon\\\/\",\"url\":\"https:\\\/\\\/www.camaeleon.org\\\/en\\\/2022\\\/04\\\/30\\\/le-mot-de-la-semaine-1er-prix-mediatiks-pour-camaleon\\\/\",\"name\":\"Le mot de la semaine : #1er-prix-Mediatiks-pour-Cam\u00e4l\u00e9on - Cam\u00e4l\u00e9on\",\"isPartOf\":{\"@id\":\"https:\\\/\\\/www.camaeleon.org\\\/en\\\/#website\"},\"primaryImageOfPage\":{\"@id\":\"https:\\\/\\\/www.camaeleon.org\\\/en\\\/2022\\\/04\\\/30\\\/le-mot-de-la-semaine-1er-prix-mediatiks-pour-camaleon\\\/#primaryimage\"},\"image\":{\"@id\":\"https:\\\/\\\/www.camaeleon.org\\\/2022\\\/04\\\/30\\\/le-mot-de-la-semaine-1er-prix-mediatiks-pour-camaleon\\\/#primaryimage\"},\"thumbnailUrl\":\"https:\\\/\\\/www.camaeleon.org\\\/wp-content\\\/uploads\\\/2022\\\/04\\\/Equipe-Camaeleon-2022.jpg\",\"datePublished\":\"2022-04-30T07:41:41+00:00\",\"dateModified\":\"2022-05-21T17:04:10+00:00\",\"description\":\"Nous avons le grand honneur de voir nos efforts r\u00e9compens\u00e9s par le 1er prix du concours M\u00e9diatiks acad\u00e9mie \\\"international\\\".\",\"breadcrumb\":{\"@id\":\"https:\\\/\\\/www.camaeleon.org\\\/en\\\/2022\\\/04\\\/30\\\/le-mot-de-la-semaine-1er-prix-mediatiks-pour-camaleon\\\/#breadcrumb\"},\"inLanguage\":\"en-US\",\"potentialAction\":[{\"@type\":\"ReadAction\",\"target\":[[\"https:\\\/\\\/www.camaeleon.org\\\/en\\\/2022\\\/04\\\/30\\\/le-mot-de-la-semaine-1er-prix-mediatiks-pour-camaleon\\\/\"]]}]},{\"@type\":\"ImageObject\",\"inLanguage\":\"en-US\",\"@id\":\"https:\\\/\\\/www.camaeleon.org\\\/en\\\/2022\\\/04\\\/30\\\/le-mot-de-la-semaine-1er-prix-mediatiks-pour-camaleon\\\/#primaryimage\",\"url\":\"https:\\\/\\\/www.camaeleon.org\\\/wp-content\\\/uploads\\\/2022\\\/04\\\/Equipe-Camaeleon-2022.jpg\",\"contentUrl\":\"https:\\\/\\\/www.camaeleon.org\\\/wp-content\\\/uploads\\\/2022\\\/04\\\/Equipe-Camaeleon-2022.jpg\",\"width\":2000,\"height\":1189,\"caption\":\"Photo : Cam\u00e4l\u00e9on\"},{\"@type\":\"BreadcrumbList\",\"@id\":\"https:\\\/\\\/www.camaeleon.org\\\/en\\\/2022\\\/04\\\/30\\\/le-mot-de-la-semaine-1er-prix-mediatiks-pour-camaleon\\\/#breadcrumb\",\"itemListElement\":[{\"@type\":\"ListItem\",\"position\":1,\"name\":\"Home\",\"item\":\"https:\\\/\\\/www.camaeleon.org\\\/en\\\/\"},{\"@type\":\"ListItem\",\"position\":2,\"name\":\"Das Wort der Woche : #ErsterPreisbeiM\u00e9diatiks\"}]},{\"@type\":\"WebSite\",\"@id\":\"https:\\\/\\\/www.camaeleon.org\\\/en\\\/#website\",\"url\":\"https:\\\/\\\/www.camaeleon.org\\\/en\\\/\",\"name\":\"Cam\u00e4l\u00e9on\",\"description\":\"The online student magazine by Deutsch-Franz\u00f6sisches Gymnasium Saarbr\u00fccken\",\"publisher\":{\"@id\":\"https:\\\/\\\/www.camaeleon.org\\\/en\\\/#organization\"},\"potentialAction\":[{\"@type\":\"SearchAction\",\"target\":{\"@type\":\"EntryPoint\",\"urlTemplate\":\"https:\\\/\\\/www.camaeleon.org\\\/en\\\/?s={search_term_string}\"},\"query-input\":{\"@type\":\"PropertyValueSpecification\",\"valueRequired\":true,\"valueName\":\"search_term_string\"}}],\"inLanguage\":\"en-US\"},{\"@type\":\"Organization\",\"@id\":\"https:\\\/\\\/www.camaeleon.org\\\/en\\\/#organization\",\"name\":\"Cam\u00e4l\u00e9on\",\"url\":\"https:\\\/\\\/www.camaeleon.org\\\/en\\\/\",\"logo\":{\"@type\":\"ImageObject\",\"inLanguage\":\"en-US\",\"@id\":\"https:\\\/\\\/www.camaeleon.org\\\/en\\\/#\\\/schema\\\/logo\\\/image\\\/\",\"url\":\"https:\\\/\\\/www.camaeleon.org\\\/wp-content\\\/uploads\\\/2011\\\/11\\\/CAM\u00c4LEON.jpg\",\"contentUrl\":\"https:\\\/\\\/www.camaeleon.org\\\/wp-content\\\/uploads\\\/2011\\\/11\\\/CAM\u00c4LEON.jpg\",\"width\":959,\"height\":959,\"caption\":\"Cam\u00e4l\u00e9on\"},\"image\":{\"@id\":\"https:\\\/\\\/www.camaeleon.org\\\/en\\\/#\\\/schema\\\/logo\\\/image\\\/\"},\"sameAs\":[\"https:\\\/\\\/www.facebook.com\\\/camaeleon.org\\\/\",\"https:\\\/\\\/x.com\\\/camaeleonOrg\",\"https:\\\/\\\/www.instagram.com\\\/camaeleon.dfg\\\/\",\"https:\\\/\\\/www.youtube.com\\\/channel\\\/UCl3TAUDdGuu_c7CD6ax6hYg\"]},{\"@type\":\"Person\",\"@id\":\"https:\\\/\\\/www.camaeleon.org\\\/de\\\/#\\\/schema\\\/person\\\/34dd43503993f08eb39382df2c5b79b5\",\"name\":\"Anouk Viero\",\"image\":{\"@type\":\"ImageObject\",\"inLanguage\":\"en-US\",\"@id\":\"https:\\\/\\\/www.camaeleon.org\\\/en\\\/wp-content\\\/uploads\\\/2023\\\/09\\\/0019AA6C-0ACA-452F-B897-A6B732B81B93-150x150.jpegeca926063efc1e3c52e5e4881ccb2d47\",\"url\":\"https:\\\/\\\/www.camaeleon.org\\\/wp-content\\\/uploads\\\/2023\\\/09\\\/0019AA6C-0ACA-452F-B897-A6B732B81B93-150x150.jpeg\",\"contentUrl\":\"https:\\\/\\\/www.camaeleon.org\\\/wp-content\\\/uploads\\\/2023\\\/09\\\/0019AA6C-0ACA-452F-B897-A6B732B81B93-150x150.jpeg\",\"caption\":\"Anouk Viero\"},\"description\":\"Salut, je m'appelle Anouk :) Voici quelques infos sur moi : - \u00e0 Cam\u00e4l\u00e9on depuis 2020 - 15 ans - en 1L J'aime bien \u00e9crire des articles \u00e0 propos de la culture, la politique, l'alimentation et, pendant mon temps libre, je fais de la danse modern' jazz et je joue de la guitare.\",\"url\":\"https:\\\/\\\/www.camaeleon.org\\\/en\\\/author\\\/anouk-viero\\\/\"}]}<\/script>\n<!-- \/ Yoast SEO plugin. -->","yoast_head_json":{"title":"Le mot de la semaine : #1er-prix-Mediatiks-pour-Cam\u00e4l\u00e9on - Cam\u00e4l\u00e9on","description":"Nous avons le grand honneur de voir nos efforts r\u00e9compens\u00e9s par le 1er prix du concours M\u00e9diatiks acad\u00e9mie \"international\".","robots":{"index":"index","follow":"follow","max-snippet":"max-snippet:-1","max-image-preview":"max-image-preview:large","max-video-preview":"max-video-preview:-1"},"canonical":"https:\/\/www.camaeleon.org\/en\/2022\/04\/30\/le-mot-de-la-semaine-1er-prix-mediatiks-pour-camaleon\/","og_locale":"en_US","og_type":"article","og_title":"Le mot de la semaine : #1er-prix-Mediatiks-pour-Cam\u00e4l\u00e9on - Cam\u00e4l\u00e9on","og_description":"Nous avons le grand honneur de voir nos efforts r\u00e9compens\u00e9s par le 1er prix du concours M\u00e9diatiks acad\u00e9mie \"international\".","og_url":"https:\/\/www.camaeleon.org\/en\/2022\/04\/30\/le-mot-de-la-semaine-1er-prix-mediatiks-pour-camaleon\/","og_site_name":"Cam\u00e4l\u00e9on","article_publisher":"https:\/\/www.facebook.com\/camaeleon.org\/","article_published_time":"2022-04-30T07:41:41+00:00","article_modified_time":"2022-05-21T17:04:10+00:00","og_image":[{"width":2000,"height":1189,"url":"https:\/\/www.camaeleon.org\/wp-content\/uploads\/2022\/04\/Equipe-Camaeleon-2022.jpg","type":"image\/jpeg"}],"author":"Anouk Viero, Lili Carteron","twitter_card":"summary_large_image","twitter_creator":"@camaeleonOrg","twitter_site":"@camaeleonOrg","schema":{"@context":"https:\/\/schema.org","@graph":[{"@type":"Article","@id":"https:\/\/www.camaeleon.org\/2022\/04\/30\/le-mot-de-la-semaine-1er-prix-mediatiks-pour-camaleon\/#article","isPartOf":{"@id":"https:\/\/www.camaeleon.org\/2022\/04\/30\/le-mot-de-la-semaine-1er-prix-mediatiks-pour-camaleon\/"},"author":{"name":"Anouk Viero","@id":"https:\/\/www.camaeleon.org\/de\/#\/schema\/person\/34dd43503993f08eb39382df2c5b79b5"},"headline":"Le mot de la semaine : #1er-prix-Mediatiks-pour-Cam\u00e4l\u00e9on","datePublished":"2022-04-30T07:41:41+00:00","dateModified":"2022-05-21T17:04:10+00:00","mainEntityOfPage":{"@id":"https:\/\/www.camaeleon.org\/2022\/04\/30\/le-mot-de-la-semaine-1er-prix-mediatiks-pour-camaleon\/"},"wordCount":699,"commentCount":0,"publisher":{"@id":"https:\/\/www.camaeleon.org\/de\/#organization"},"image":{"@id":"https:\/\/www.camaeleon.org\/2022\/04\/30\/le-mot-de-la-semaine-1er-prix-mediatiks-pour-camaleon\/#primaryimage"},"thumbnailUrl":"https:\/\/www.camaeleon.org\/wp-content\/uploads\/2022\/04\/Equipe-Camaeleon-2022.jpg","keywords":["AEFE","Auszeichnung","CLEMI","concours","Journalismus","M\u00e9diatiks","Mediatiks international 2022"],"articleSection":["About us","Word of the Week"],"inLanguage":"en-US","potentialAction":[{"@type":"CommentAction","name":"Comment","target":["https:\/\/www.camaeleon.org\/2022\/04\/30\/le-mot-de-la-semaine-1er-prix-mediatiks-pour-camaleon\/#respond"]}]},{"@type":"WebPage","@id":"https:\/\/www.camaeleon.org\/en\/2022\/04\/30\/le-mot-de-la-semaine-1er-prix-mediatiks-pour-camaleon\/","url":"https:\/\/www.camaeleon.org\/en\/2022\/04\/30\/le-mot-de-la-semaine-1er-prix-mediatiks-pour-camaleon\/","name":"Le mot de la semaine : #1er-prix-Mediatiks-pour-Cam\u00e4l\u00e9on - Cam\u00e4l\u00e9on","isPartOf":{"@id":"https:\/\/www.camaeleon.org\/en\/#website"},"primaryImageOfPage":{"@id":"https:\/\/www.camaeleon.org\/en\/2022\/04\/30\/le-mot-de-la-semaine-1er-prix-mediatiks-pour-camaleon\/#primaryimage"},"image":{"@id":"https:\/\/www.camaeleon.org\/2022\/04\/30\/le-mot-de-la-semaine-1er-prix-mediatiks-pour-camaleon\/#primaryimage"},"thumbnailUrl":"https:\/\/www.camaeleon.org\/wp-content\/uploads\/2022\/04\/Equipe-Camaeleon-2022.jpg","datePublished":"2022-04-30T07:41:41+00:00","dateModified":"2022-05-21T17:04:10+00:00","description":"Nous avons le grand honneur de voir nos efforts r\u00e9compens\u00e9s par le 1er prix du concours M\u00e9diatiks acad\u00e9mie \"international\".","breadcrumb":{"@id":"https:\/\/www.camaeleon.org\/en\/2022\/04\/30\/le-mot-de-la-semaine-1er-prix-mediatiks-pour-camaleon\/#breadcrumb"},"inLanguage":"en-US","potentialAction":[{"@type":"ReadAction","target":[["https:\/\/www.camaeleon.org\/en\/2022\/04\/30\/le-mot-de-la-semaine-1er-prix-mediatiks-pour-camaleon\/"]]}]},{"@type":"ImageObject","inLanguage":"en-US","@id":"https:\/\/www.camaeleon.org\/en\/2022\/04\/30\/le-mot-de-la-semaine-1er-prix-mediatiks-pour-camaleon\/#primaryimage","url":"https:\/\/www.camaeleon.org\/wp-content\/uploads\/2022\/04\/Equipe-Camaeleon-2022.jpg","contentUrl":"https:\/\/www.camaeleon.org\/wp-content\/uploads\/2022\/04\/Equipe-Camaeleon-2022.jpg","width":2000,"height":1189,"caption":"Photo : Cam\u00e4l\u00e9on"},{"@type":"BreadcrumbList","@id":"https:\/\/www.camaeleon.org\/en\/2022\/04\/30\/le-mot-de-la-semaine-1er-prix-mediatiks-pour-camaleon\/#breadcrumb","itemListElement":[{"@type":"ListItem","position":1,"name":"Home","item":"https:\/\/www.camaeleon.org\/en\/"},{"@type":"ListItem","position":2,"name":"Das Wort der Woche : #ErsterPreisbeiM\u00e9diatiks"}]},{"@type":"WebSite","@id":"https:\/\/www.camaeleon.org\/en\/#website","url":"https:\/\/www.camaeleon.org\/en\/","name":"Cam\u00e4l\u00e9on","description":"The online student magazine by Deutsch-Franz\u00f6sisches Gymnasium Saarbr\u00fccken","publisher":{"@id":"https:\/\/www.camaeleon.org\/en\/#organization"},"potentialAction":[{"@type":"SearchAction","target":{"@type":"EntryPoint","urlTemplate":"https:\/\/www.camaeleon.org\/en\/?s={search_term_string}"},"query-input":{"@type":"PropertyValueSpecification","valueRequired":true,"valueName":"search_term_string"}}],"inLanguage":"en-US"},{"@type":"Organization","@id":"https:\/\/www.camaeleon.org\/en\/#organization","name":"Cam\u00e4l\u00e9on","url":"https:\/\/www.camaeleon.org\/en\/","logo":{"@type":"ImageObject","inLanguage":"en-US","@id":"https:\/\/www.camaeleon.org\/en\/#\/schema\/logo\/image\/","url":"https:\/\/www.camaeleon.org\/wp-content\/uploads\/2011\/11\/CAM\u00c4LEON.jpg","contentUrl":"https:\/\/www.camaeleon.org\/wp-content\/uploads\/2011\/11\/CAM\u00c4LEON.jpg","width":959,"height":959,"caption":"Cam\u00e4l\u00e9on"},"image":{"@id":"https:\/\/www.camaeleon.org\/en\/#\/schema\/logo\/image\/"},"sameAs":["https:\/\/www.facebook.com\/camaeleon.org\/","https:\/\/x.com\/camaeleonOrg","https:\/\/www.instagram.com\/camaeleon.dfg\/","https:\/\/www.youtube.com\/channel\/UCl3TAUDdGuu_c7CD6ax6hYg"]},{"@type":"Person","@id":"https:\/\/www.camaeleon.org\/de\/#\/schema\/person\/34dd43503993f08eb39382df2c5b79b5","name":"Anouk Viero","image":{"@type":"ImageObject","inLanguage":"en-US","@id":"https:\/\/www.camaeleon.org\/en\/wp-content\/uploads\/2023\/09\/0019AA6C-0ACA-452F-B897-A6B732B81B93-150x150.jpegeca926063efc1e3c52e5e4881ccb2d47","url":"https:\/\/www.camaeleon.org\/wp-content\/uploads\/2023\/09\/0019AA6C-0ACA-452F-B897-A6B732B81B93-150x150.jpeg","contentUrl":"https:\/\/www.camaeleon.org\/wp-content\/uploads\/2023\/09\/0019AA6C-0ACA-452F-B897-A6B732B81B93-150x150.jpeg","caption":"Anouk Viero"},"description":"Salut, je m'appelle Anouk :) Voici quelques infos sur moi : - \u00e0 Cam\u00e4l\u00e9on depuis 2020 - 15 ans - en 1L J'aime bien \u00e9crire des articles \u00e0 propos de la culture, la politique, l'alimentation et, pendant mon temps libre, je fais de la danse modern' jazz et je joue de la guitare.","url":"https:\/\/www.camaeleon.org\/en\/author\/anouk-viero\/"}]}},"_links":{"self":[{"href":"https:\/\/www.camaeleon.org\/en\/wp-json\/wp\/v2\/posts\/26083","targetHints":{"allow":["GET"]}}],"collection":[{"href":"https:\/\/www.camaeleon.org\/en\/wp-json\/wp\/v2\/posts"}],"about":[{"href":"https:\/\/www.camaeleon.org\/en\/wp-json\/wp\/v2\/types\/post"}],"author":[{"embeddable":true,"href":"https:\/\/www.camaeleon.org\/en\/wp-json\/wp\/v2\/users\/146"}],"replies":[{"embeddable":true,"href":"https:\/\/www.camaeleon.org\/en\/wp-json\/wp\/v2\/comments?post=26083"}],"version-history":[{"count":0,"href":"https:\/\/www.camaeleon.org\/en\/wp-json\/wp\/v2\/posts\/26083\/revisions"}],"wp:featuredmedia":[{"embeddable":true,"href":"https:\/\/www.camaeleon.org\/en\/wp-json\/wp\/v2\/media\/26113"}],"wp:attachment":[{"href":"https:\/\/www.camaeleon.org\/en\/wp-json\/wp\/v2\/media?parent=26083"}],"wp:term":[{"taxonomy":"category","embeddable":true,"href":"https:\/\/www.camaeleon.org\/en\/wp-json\/wp\/v2\/categories?post=26083"},{"taxonomy":"post_tag","embeddable":true,"href":"https:\/\/www.camaeleon.org\/en\/wp-json\/wp\/v2\/tags?post=26083"},{"taxonomy":"author","embeddable":true,"href":"https:\/\/www.camaeleon.org\/en\/wp-json\/wp\/v2\/coauthors?post=26083"}],"curies":[{"name":"wp","href":"https:\/\/api.w.org\/{rel}","templated":true}]}}