{"id":26082,"date":"2022-07-01T17:20:33","date_gmt":"2022-07-01T15:20:33","guid":{"rendered":"https:\/\/www.camaeleon.org\/?p=26082"},"modified":"2022-07-22T10:10:43","modified_gmt":"2022-07-22T08:10:43","slug":"kommentar-die-neuen-interaktiven-tafeln-moegen-den-sommer-nicht","status":"publish","type":"post","link":"https:\/\/www.camaeleon.org\/en\/2022\/07\/01\/kommentar-die-neuen-interaktiven-tafeln-moegen-den-sommer-nicht\/","title":{"rendered":"Kommentar: Die neuen interaktiven Tafeln m\u00f6gen den Sommer nicht"},"content":{"rendered":"<figure id=\"attachment_26717\" aria-describedby=\"caption-attachment-26717\" style=\"width: 300px\" class=\"wp-caption alignleft\"><img loading=\"lazy\" decoding=\"async\" class=\"size-medium wp-image-26717\" src=\"https:\/\/www.camaeleon.org\/wp-content\/uploads\/2022\/07\/board-300x225.jpg\" alt=\"Digitales Board\" width=\"300\" height=\"225\" srcset=\"https:\/\/www.camaeleon.org\/wp-content\/uploads\/2022\/07\/board-300x225.jpg 300w, https:\/\/www.camaeleon.org\/wp-content\/uploads\/2022\/07\/board-800x600.jpg 800w, https:\/\/www.camaeleon.org\/wp-content\/uploads\/2022\/07\/board-1536x1152.jpg 1536w, https:\/\/www.camaeleon.org\/wp-content\/uploads\/2022\/07\/board.jpg 1600w\" sizes=\"auto, (max-width: 300px) 100vw, 300px\" \/><figcaption id=\"caption-attachment-26717\" class=\"wp-caption-text\">Foto: Damdoun \/ Cam\u00e4l\u00e9on<\/figcaption><\/figure>\n<p>Seit M\u00e4rz erfreut sich die DFG-Schulgemeinschaft an den neuen interaktiven Tafeln, die mit dem PC oder Handy verbunden werden k\u00f6nnen.<\/p>\n<p>Wenige Monate sp\u00e4ter die Entt\u00e4uschung \u00fcber die Ausstattung in allen Klassenr\u00e4umen: Die \u00e4tzende Wahrheit ist, dass die Lehrkr\u00e4fte langsam durchdrehen, weil jeder Sonnenstrahl die Tafel mehr zu interessieren scheint als der Stift. Man versucht, seine Texte und Tafelbilder anzuschreiben, aber die Tafel hindert einen daran.<\/p>\n<p>Bei der Einf\u00fchrung hie\u00df es, die neuen Tafeln seien technisch voll ausgereift. Mittlerweile wei\u00df jeder: Stimmt nicht! Sogar mit geschlossenen Vorh\u00e4ngen kann man die Tafel bei Sonnenlicht manchmal nicht benutzen, ohne dass Punkte oder Striche verzerrt oder ganz eigene Formen gezeichnet werden.<br \/>\nManche Lehrkr\u00e4fte haben es sogar aufgegeben und greifen gar nicht mehr auf die neue Technik zur\u00fcck. Es st\u00f6rt sie mehr als dass das digitale Whiteboard im Unterricht hilft.<\/p>\n<p>Sch\u00fcler sind ebenso nicht wirklich froh \u00fcber die M\u00e4ngel. Zwar l\u00e4sst sich so eine Pr\u00e4sentation oder ein Video schneller zeigen, da jeder auf seinem Ger\u00e4t die Datei zur Verf\u00fcgung hat und durch die App teilen kann, aber die Tafelbilder, insbesondere die Zeichnungen, sind teilweise falsch dargestellt.<\/p>\n<p>Zudem ist die Auswahl an Farben, die zum &#8220;normalen&#8221; Schreiben zur Verf\u00fcgung gestellt werden, sehr gering.<\/p>\n<p>Sollte man dar\u00fcber nachdenken, die alten Kreidetafeln wieder einzuf\u00fchren? Ich denke, dass das keine gute Idee ist. Zum einen ist das wieder ein riesiger Aufwand, der mit viel Geld verbunden ist. Au\u00dferdem werden sowieso irgendwann neue Tafeln ben\u00f6tigt, weshalb man die aktuellen lassen und upgraden sollte.<\/p>\n<p>Muss man die neuen Tafeln m\u00f6gen? Man muss sie nicht m\u00f6gen, aber man sollte auf jeden Fall seinen Weg finden, um sich mit der Situation zurecht zu finden.<\/p>\n","protected":false},"excerpt":{"rendered":"<p>Seit M\u00e4rz erfreut sich die DFG-Schulgemeinschaft an den neuen interaktiven Tafeln, die mit dem PC oder Handy verbunden werden k\u00f6nnen. Wenige Monate sp\u00e4ter die Entt\u00e4uschung<\/p>\n","protected":false},"author":153,"featured_media":26717,"comment_status":"open","ping_status":"closed","sticky":false,"template":"","format":"standard","meta":{"colormag_page_container_layout":"default_layout","colormag_page_sidebar_layout":"default_layout","footnotes":""},"categories":[3,11],"tags":[590,1110,1985,1983,189,377,1984,376],"coauthors":[1768],"class_list":["post-26082","post","type-post","status-publish","format-standard","has-post-thumbnail","hentry","category-ecole","category-technique","tag-beamer","tag-digitalisierung","tag-digitalpakt","tag-interaktive-tafel","tag-slider","tag-smartboard","tag-tableaux-interactifs","tag-tbi"],"yoast_head":"<!-- This site is optimized with the Yoast SEO plugin v27.5 - https:\/\/yoast.com\/product\/yoast-seo-wordpress\/ -->\n<title>Kommentar: Die neuen interaktiven Tafeln m\u00f6gen den Sommer nicht - Cam\u00e4l\u00e9on<\/title>\n<meta name=\"description\" content=\"Kaum wurden die Tafeln ausgetauscht, machen sie Probleme. \u00c4rgerlich nur, dass Probleme mit der Sonne gel\u00f6st sein sollten, so der Anbieter.\" \/>\n<meta name=\"robots\" content=\"index, follow, max-snippet:-1, max-image-preview:large, max-video-preview:-1\" \/>\n<link rel=\"canonical\" href=\"https:\/\/www.camaeleon.org\/en\/2022\/07\/01\/kommentar-die-neuen-interaktiven-tafeln-moegen-den-sommer-nicht\/\" \/>\n<meta property=\"og:locale\" content=\"en_US\" \/>\n<meta property=\"og:type\" content=\"article\" \/>\n<meta property=\"og:title\" content=\"Kommentar: Die neuen interaktiven Tafeln m\u00f6gen den Sommer nicht - Cam\u00e4l\u00e9on\" \/>\n<meta property=\"og:description\" content=\"Kaum wurden die Tafeln ausgetauscht, machen sie Probleme. \u00c4rgerlich nur, dass Probleme mit der Sonne gel\u00f6st sein sollten, so der Anbieter.\" \/>\n<meta property=\"og:url\" content=\"https:\/\/www.camaeleon.org\/en\/2022\/07\/01\/kommentar-die-neuen-interaktiven-tafeln-moegen-den-sommer-nicht\/\" \/>\n<meta property=\"og:site_name\" content=\"Cam\u00e4l\u00e9on\" \/>\n<meta property=\"article:publisher\" content=\"https:\/\/www.facebook.com\/camaeleon.org\/\" \/>\n<meta property=\"article:published_time\" content=\"2022-07-01T15:20:33+00:00\" \/>\n<meta property=\"article:modified_time\" content=\"2022-07-22T08:10:43+00:00\" \/>\n<meta property=\"og:image\" content=\"https:\/\/www.camaeleon.org\/wp-content\/uploads\/2022\/07\/board.jpg\" \/>\n\t<meta property=\"og:image:width\" content=\"1600\" \/>\n\t<meta property=\"og:image:height\" content=\"1200\" \/>\n\t<meta property=\"og:image:type\" content=\"image\/jpeg\" \/>\n<meta name=\"author\" content=\"Mohamed Damdoum\" \/>\n<meta name=\"twitter:card\" content=\"summary_large_image\" \/>\n<meta name=\"twitter:creator\" content=\"@camaeleonOrg\" \/>\n<meta name=\"twitter:site\" content=\"@camaeleonOrg\" \/>\n<script type=\"application\/ld+json\" class=\"yoast-schema-graph\">{\"@context\":\"https:\\\/\\\/schema.org\",\"@graph\":[{\"@type\":\"Article\",\"@id\":\"https:\\\/\\\/www.camaeleon.org\\\/2022\\\/07\\\/01\\\/kommentar-die-neuen-interaktiven-tafeln-moegen-den-sommer-nicht\\\/#article\",\"isPartOf\":{\"@id\":\"https:\\\/\\\/www.camaeleon.org\\\/2022\\\/07\\\/01\\\/kommentar-die-neuen-interaktiven-tafeln-moegen-den-sommer-nicht\\\/\"},\"author\":{\"name\":\"Mohamed Damdoum\",\"@id\":\"https:\\\/\\\/www.camaeleon.org\\\/de\\\/#\\\/schema\\\/person\\\/78444a1c99bde6d285de6593b86dce50\"},\"headline\":\"Kommentar: Die neuen interaktiven Tafeln m\u00f6gen den Sommer nicht\",\"datePublished\":\"2022-07-01T15:20:33+00:00\",\"dateModified\":\"2022-07-22T08:10:43+00:00\",\"mainEntityOfPage\":{\"@id\":\"https:\\\/\\\/www.camaeleon.org\\\/2022\\\/07\\\/01\\\/kommentar-die-neuen-interaktiven-tafeln-moegen-den-sommer-nicht\\\/\"},\"wordCount\":317,\"commentCount\":0,\"publisher\":{\"@id\":\"https:\\\/\\\/www.camaeleon.org\\\/de\\\/#organization\"},\"image\":{\"@id\":\"https:\\\/\\\/www.camaeleon.org\\\/2022\\\/07\\\/01\\\/kommentar-die-neuen-interaktiven-tafeln-moegen-den-sommer-nicht\\\/#primaryimage\"},\"thumbnailUrl\":\"https:\\\/\\\/www.camaeleon.org\\\/wp-content\\\/uploads\\\/2022\\\/07\\\/board.jpg\",\"keywords\":[\"Beamer\",\"Digitalisierung\",\"Digitalpakt\",\"Interaktive Tafel\",\"Slider\",\"Smartboard\",\"tableaux interactifs\",\"TBI\"],\"articleSection\":[\"School\",\"Digital\"],\"inLanguage\":\"en-US\",\"potentialAction\":[{\"@type\":\"CommentAction\",\"name\":\"Comment\",\"target\":[\"https:\\\/\\\/www.camaeleon.org\\\/2022\\\/07\\\/01\\\/kommentar-die-neuen-interaktiven-tafeln-moegen-den-sommer-nicht\\\/#respond\"]}]},{\"@type\":\"WebPage\",\"@id\":\"https:\\\/\\\/www.camaeleon.org\\\/en\\\/2022\\\/07\\\/01\\\/kommentar-die-neuen-interaktiven-tafeln-moegen-den-sommer-nicht\\\/\",\"url\":\"https:\\\/\\\/www.camaeleon.org\\\/en\\\/2022\\\/07\\\/01\\\/kommentar-die-neuen-interaktiven-tafeln-moegen-den-sommer-nicht\\\/\",\"name\":\"Kommentar: Die neuen interaktiven Tafeln m\u00f6gen den Sommer nicht - Cam\u00e4l\u00e9on\",\"isPartOf\":{\"@id\":\"https:\\\/\\\/www.camaeleon.org\\\/en\\\/#website\"},\"primaryImageOfPage\":{\"@id\":\"https:\\\/\\\/www.camaeleon.org\\\/en\\\/2022\\\/07\\\/01\\\/kommentar-die-neuen-interaktiven-tafeln-moegen-den-sommer-nicht\\\/#primaryimage\"},\"image\":{\"@id\":\"https:\\\/\\\/www.camaeleon.org\\\/2022\\\/07\\\/01\\\/kommentar-die-neuen-interaktiven-tafeln-moegen-den-sommer-nicht\\\/#primaryimage\"},\"thumbnailUrl\":\"https:\\\/\\\/www.camaeleon.org\\\/wp-content\\\/uploads\\\/2022\\\/07\\\/board.jpg\",\"datePublished\":\"2022-07-01T15:20:33+00:00\",\"dateModified\":\"2022-07-22T08:10:43+00:00\",\"description\":\"Kaum wurden die Tafeln ausgetauscht, machen sie Probleme. \u00c4rgerlich nur, dass Probleme mit der Sonne gel\u00f6st sein sollten, so der Anbieter.\",\"breadcrumb\":{\"@id\":\"https:\\\/\\\/www.camaeleon.org\\\/en\\\/2022\\\/07\\\/01\\\/kommentar-die-neuen-interaktiven-tafeln-moegen-den-sommer-nicht\\\/#breadcrumb\"},\"inLanguage\":\"en-US\",\"potentialAction\":[{\"@type\":\"ReadAction\",\"target\":[[\"https:\\\/\\\/www.camaeleon.org\\\/en\\\/2022\\\/07\\\/01\\\/kommentar-die-neuen-interaktiven-tafeln-moegen-den-sommer-nicht\\\/\"]]}]},{\"@type\":\"ImageObject\",\"inLanguage\":\"en-US\",\"@id\":\"https:\\\/\\\/www.camaeleon.org\\\/en\\\/2022\\\/07\\\/01\\\/kommentar-die-neuen-interaktiven-tafeln-moegen-den-sommer-nicht\\\/#primaryimage\",\"url\":\"https:\\\/\\\/www.camaeleon.org\\\/wp-content\\\/uploads\\\/2022\\\/07\\\/board.jpg\",\"contentUrl\":\"https:\\\/\\\/www.camaeleon.org\\\/wp-content\\\/uploads\\\/2022\\\/07\\\/board.jpg\",\"width\":1600,\"height\":1200,\"caption\":\"Foto: Damdoun \\\/ Cam\u00e4l\u00e9on\"},{\"@type\":\"BreadcrumbList\",\"@id\":\"https:\\\/\\\/www.camaeleon.org\\\/en\\\/2022\\\/07\\\/01\\\/kommentar-die-neuen-interaktiven-tafeln-moegen-den-sommer-nicht\\\/#breadcrumb\",\"itemListElement\":[{\"@type\":\"ListItem\",\"position\":1,\"name\":\"Home\",\"item\":\"https:\\\/\\\/www.camaeleon.org\\\/en\\\/\"},{\"@type\":\"ListItem\",\"position\":2,\"name\":\"Kommentar: Die neuen interaktiven Tafeln m\u00f6gen den Sommer nicht\"}]},{\"@type\":\"WebSite\",\"@id\":\"https:\\\/\\\/www.camaeleon.org\\\/en\\\/#website\",\"url\":\"https:\\\/\\\/www.camaeleon.org\\\/en\\\/\",\"name\":\"Cam\u00e4l\u00e9on\",\"description\":\"The online student magazine by Deutsch-Franz\u00f6sisches Gymnasium Saarbr\u00fccken\",\"publisher\":{\"@id\":\"https:\\\/\\\/www.camaeleon.org\\\/en\\\/#organization\"},\"potentialAction\":[{\"@type\":\"SearchAction\",\"target\":{\"@type\":\"EntryPoint\",\"urlTemplate\":\"https:\\\/\\\/www.camaeleon.org\\\/en\\\/?s={search_term_string}\"},\"query-input\":{\"@type\":\"PropertyValueSpecification\",\"valueRequired\":true,\"valueName\":\"search_term_string\"}}],\"inLanguage\":\"en-US\"},{\"@type\":\"Organization\",\"@id\":\"https:\\\/\\\/www.camaeleon.org\\\/en\\\/#organization\",\"name\":\"Cam\u00e4l\u00e9on\",\"url\":\"https:\\\/\\\/www.camaeleon.org\\\/en\\\/\",\"logo\":{\"@type\":\"ImageObject\",\"inLanguage\":\"en-US\",\"@id\":\"https:\\\/\\\/www.camaeleon.org\\\/en\\\/#\\\/schema\\\/logo\\\/image\\\/\",\"url\":\"https:\\\/\\\/www.camaeleon.org\\\/wp-content\\\/uploads\\\/2011\\\/11\\\/CAM\u00c4LEON.jpg\",\"contentUrl\":\"https:\\\/\\\/www.camaeleon.org\\\/wp-content\\\/uploads\\\/2011\\\/11\\\/CAM\u00c4LEON.jpg\",\"width\":959,\"height\":959,\"caption\":\"Cam\u00e4l\u00e9on\"},\"image\":{\"@id\":\"https:\\\/\\\/www.camaeleon.org\\\/en\\\/#\\\/schema\\\/logo\\\/image\\\/\"},\"sameAs\":[\"https:\\\/\\\/www.facebook.com\\\/camaeleon.org\\\/\",\"https:\\\/\\\/x.com\\\/camaeleonOrg\",\"https:\\\/\\\/www.instagram.com\\\/camaeleon.dfg\\\/\",\"https:\\\/\\\/www.youtube.com\\\/channel\\\/UCl3TAUDdGuu_c7CD6ax6hYg\"]},{\"@type\":\"Person\",\"@id\":\"https:\\\/\\\/www.camaeleon.org\\\/de\\\/#\\\/schema\\\/person\\\/78444a1c99bde6d285de6593b86dce50\",\"name\":\"Mohamed Damdoum\",\"image\":{\"@type\":\"ImageObject\",\"inLanguage\":\"en-US\",\"@id\":\"https:\\\/\\\/www.camaeleon.org\\\/en\\\/wp-content\\\/uploads\\\/2021\\\/10\\\/20211007_232559-150x150.jpgaeee224f098ca98a866884d5ba961c9e\",\"url\":\"https:\\\/\\\/www.camaeleon.org\\\/wp-content\\\/uploads\\\/2021\\\/10\\\/20211007_232559-150x150.jpg\",\"contentUrl\":\"https:\\\/\\\/www.camaeleon.org\\\/wp-content\\\/uploads\\\/2021\\\/10\\\/20211007_232559-150x150.jpg\",\"caption\":\"Mohamed Damdoum\"},\"description\":\"Salut, je m'appelle Mohamed, j'ai 15 ans et je suis journaliste \u00e0 Cam\u00e4l\u00e9on ! Je m'int\u00e9resse \u00e0 l'informatique et au mat\u00e9riel informatique, c'est pourquoi Internet et son utilisation me passionnent. Bien s\u00fbr, j'aime aussi jouer aux jeux vid\u00e9o :)\",\"url\":\"https:\\\/\\\/www.camaeleon.org\\\/en\\\/author\\\/mohamed-damdoum\\\/\"}]}<\/script>\n<!-- \/ Yoast SEO plugin. -->","yoast_head_json":{"title":"Kommentar: Die neuen interaktiven Tafeln m\u00f6gen den Sommer nicht - Cam\u00e4l\u00e9on","description":"Kaum wurden die Tafeln ausgetauscht, machen sie Probleme. \u00c4rgerlich nur, dass Probleme mit der Sonne gel\u00f6st sein sollten, so der Anbieter.","robots":{"index":"index","follow":"follow","max-snippet":"max-snippet:-1","max-image-preview":"max-image-preview:large","max-video-preview":"max-video-preview:-1"},"canonical":"https:\/\/www.camaeleon.org\/en\/2022\/07\/01\/kommentar-die-neuen-interaktiven-tafeln-moegen-den-sommer-nicht\/","og_locale":"en_US","og_type":"article","og_title":"Kommentar: Die neuen interaktiven Tafeln m\u00f6gen den Sommer nicht - Cam\u00e4l\u00e9on","og_description":"Kaum wurden die Tafeln ausgetauscht, machen sie Probleme. \u00c4rgerlich nur, dass Probleme mit der Sonne gel\u00f6st sein sollten, so der Anbieter.","og_url":"https:\/\/www.camaeleon.org\/en\/2022\/07\/01\/kommentar-die-neuen-interaktiven-tafeln-moegen-den-sommer-nicht\/","og_site_name":"Cam\u00e4l\u00e9on","article_publisher":"https:\/\/www.facebook.com\/camaeleon.org\/","article_published_time":"2022-07-01T15:20:33+00:00","article_modified_time":"2022-07-22T08:10:43+00:00","og_image":[{"width":1600,"height":1200,"url":"https:\/\/www.camaeleon.org\/wp-content\/uploads\/2022\/07\/board.jpg","type":"image\/jpeg"}],"author":"Mohamed Damdoum","twitter_card":"summary_large_image","twitter_creator":"@camaeleonOrg","twitter_site":"@camaeleonOrg","schema":{"@context":"https:\/\/schema.org","@graph":[{"@type":"Article","@id":"https:\/\/www.camaeleon.org\/2022\/07\/01\/kommentar-die-neuen-interaktiven-tafeln-moegen-den-sommer-nicht\/#article","isPartOf":{"@id":"https:\/\/www.camaeleon.org\/2022\/07\/01\/kommentar-die-neuen-interaktiven-tafeln-moegen-den-sommer-nicht\/"},"author":{"name":"Mohamed Damdoum","@id":"https:\/\/www.camaeleon.org\/de\/#\/schema\/person\/78444a1c99bde6d285de6593b86dce50"},"headline":"Kommentar: Die neuen interaktiven Tafeln m\u00f6gen den Sommer nicht","datePublished":"2022-07-01T15:20:33+00:00","dateModified":"2022-07-22T08:10:43+00:00","mainEntityOfPage":{"@id":"https:\/\/www.camaeleon.org\/2022\/07\/01\/kommentar-die-neuen-interaktiven-tafeln-moegen-den-sommer-nicht\/"},"wordCount":317,"commentCount":0,"publisher":{"@id":"https:\/\/www.camaeleon.org\/de\/#organization"},"image":{"@id":"https:\/\/www.camaeleon.org\/2022\/07\/01\/kommentar-die-neuen-interaktiven-tafeln-moegen-den-sommer-nicht\/#primaryimage"},"thumbnailUrl":"https:\/\/www.camaeleon.org\/wp-content\/uploads\/2022\/07\/board.jpg","keywords":["Beamer","Digitalisierung","Digitalpakt","Interaktive Tafel","Slider","Smartboard","tableaux interactifs","TBI"],"articleSection":["School","Digital"],"inLanguage":"en-US","potentialAction":[{"@type":"CommentAction","name":"Comment","target":["https:\/\/www.camaeleon.org\/2022\/07\/01\/kommentar-die-neuen-interaktiven-tafeln-moegen-den-sommer-nicht\/#respond"]}]},{"@type":"WebPage","@id":"https:\/\/www.camaeleon.org\/en\/2022\/07\/01\/kommentar-die-neuen-interaktiven-tafeln-moegen-den-sommer-nicht\/","url":"https:\/\/www.camaeleon.org\/en\/2022\/07\/01\/kommentar-die-neuen-interaktiven-tafeln-moegen-den-sommer-nicht\/","name":"Kommentar: Die neuen interaktiven Tafeln m\u00f6gen den Sommer nicht - Cam\u00e4l\u00e9on","isPartOf":{"@id":"https:\/\/www.camaeleon.org\/en\/#website"},"primaryImageOfPage":{"@id":"https:\/\/www.camaeleon.org\/en\/2022\/07\/01\/kommentar-die-neuen-interaktiven-tafeln-moegen-den-sommer-nicht\/#primaryimage"},"image":{"@id":"https:\/\/www.camaeleon.org\/2022\/07\/01\/kommentar-die-neuen-interaktiven-tafeln-moegen-den-sommer-nicht\/#primaryimage"},"thumbnailUrl":"https:\/\/www.camaeleon.org\/wp-content\/uploads\/2022\/07\/board.jpg","datePublished":"2022-07-01T15:20:33+00:00","dateModified":"2022-07-22T08:10:43+00:00","description":"Kaum wurden die Tafeln ausgetauscht, machen sie Probleme. \u00c4rgerlich nur, dass Probleme mit der Sonne gel\u00f6st sein sollten, so der Anbieter.","breadcrumb":{"@id":"https:\/\/www.camaeleon.org\/en\/2022\/07\/01\/kommentar-die-neuen-interaktiven-tafeln-moegen-den-sommer-nicht\/#breadcrumb"},"inLanguage":"en-US","potentialAction":[{"@type":"ReadAction","target":[["https:\/\/www.camaeleon.org\/en\/2022\/07\/01\/kommentar-die-neuen-interaktiven-tafeln-moegen-den-sommer-nicht\/"]]}]},{"@type":"ImageObject","inLanguage":"en-US","@id":"https:\/\/www.camaeleon.org\/en\/2022\/07\/01\/kommentar-die-neuen-interaktiven-tafeln-moegen-den-sommer-nicht\/#primaryimage","url":"https:\/\/www.camaeleon.org\/wp-content\/uploads\/2022\/07\/board.jpg","contentUrl":"https:\/\/www.camaeleon.org\/wp-content\/uploads\/2022\/07\/board.jpg","width":1600,"height":1200,"caption":"Foto: Damdoun \/ Cam\u00e4l\u00e9on"},{"@type":"BreadcrumbList","@id":"https:\/\/www.camaeleon.org\/en\/2022\/07\/01\/kommentar-die-neuen-interaktiven-tafeln-moegen-den-sommer-nicht\/#breadcrumb","itemListElement":[{"@type":"ListItem","position":1,"name":"Home","item":"https:\/\/www.camaeleon.org\/en\/"},{"@type":"ListItem","position":2,"name":"Kommentar: Die neuen interaktiven Tafeln m\u00f6gen den Sommer nicht"}]},{"@type":"WebSite","@id":"https:\/\/www.camaeleon.org\/en\/#website","url":"https:\/\/www.camaeleon.org\/en\/","name":"Cam\u00e4l\u00e9on","description":"The online student magazine by Deutsch-Franz\u00f6sisches Gymnasium Saarbr\u00fccken","publisher":{"@id":"https:\/\/www.camaeleon.org\/en\/#organization"},"potentialAction":[{"@type":"SearchAction","target":{"@type":"EntryPoint","urlTemplate":"https:\/\/www.camaeleon.org\/en\/?s={search_term_string}"},"query-input":{"@type":"PropertyValueSpecification","valueRequired":true,"valueName":"search_term_string"}}],"inLanguage":"en-US"},{"@type":"Organization","@id":"https:\/\/www.camaeleon.org\/en\/#organization","name":"Cam\u00e4l\u00e9on","url":"https:\/\/www.camaeleon.org\/en\/","logo":{"@type":"ImageObject","inLanguage":"en-US","@id":"https:\/\/www.camaeleon.org\/en\/#\/schema\/logo\/image\/","url":"https:\/\/www.camaeleon.org\/wp-content\/uploads\/2011\/11\/CAM\u00c4LEON.jpg","contentUrl":"https:\/\/www.camaeleon.org\/wp-content\/uploads\/2011\/11\/CAM\u00c4LEON.jpg","width":959,"height":959,"caption":"Cam\u00e4l\u00e9on"},"image":{"@id":"https:\/\/www.camaeleon.org\/en\/#\/schema\/logo\/image\/"},"sameAs":["https:\/\/www.facebook.com\/camaeleon.org\/","https:\/\/x.com\/camaeleonOrg","https:\/\/www.instagram.com\/camaeleon.dfg\/","https:\/\/www.youtube.com\/channel\/UCl3TAUDdGuu_c7CD6ax6hYg"]},{"@type":"Person","@id":"https:\/\/www.camaeleon.org\/de\/#\/schema\/person\/78444a1c99bde6d285de6593b86dce50","name":"Mohamed Damdoum","image":{"@type":"ImageObject","inLanguage":"en-US","@id":"https:\/\/www.camaeleon.org\/en\/wp-content\/uploads\/2021\/10\/20211007_232559-150x150.jpgaeee224f098ca98a866884d5ba961c9e","url":"https:\/\/www.camaeleon.org\/wp-content\/uploads\/2021\/10\/20211007_232559-150x150.jpg","contentUrl":"https:\/\/www.camaeleon.org\/wp-content\/uploads\/2021\/10\/20211007_232559-150x150.jpg","caption":"Mohamed Damdoum"},"description":"Salut, je m'appelle Mohamed, j'ai 15 ans et je suis journaliste \u00e0 Cam\u00e4l\u00e9on ! Je m'int\u00e9resse \u00e0 l'informatique et au mat\u00e9riel informatique, c'est pourquoi Internet et son utilisation me passionnent. Bien s\u00fbr, j'aime aussi jouer aux jeux vid\u00e9o :)","url":"https:\/\/www.camaeleon.org\/en\/author\/mohamed-damdoum\/"}]}},"_links":{"self":[{"href":"https:\/\/www.camaeleon.org\/en\/wp-json\/wp\/v2\/posts\/26082","targetHints":{"allow":["GET"]}}],"collection":[{"href":"https:\/\/www.camaeleon.org\/en\/wp-json\/wp\/v2\/posts"}],"about":[{"href":"https:\/\/www.camaeleon.org\/en\/wp-json\/wp\/v2\/types\/post"}],"author":[{"embeddable":true,"href":"https:\/\/www.camaeleon.org\/en\/wp-json\/wp\/v2\/users\/153"}],"replies":[{"embeddable":true,"href":"https:\/\/www.camaeleon.org\/en\/wp-json\/wp\/v2\/comments?post=26082"}],"version-history":[{"count":0,"href":"https:\/\/www.camaeleon.org\/en\/wp-json\/wp\/v2\/posts\/26082\/revisions"}],"wp:featuredmedia":[{"embeddable":true,"href":"https:\/\/www.camaeleon.org\/en\/wp-json\/wp\/v2\/media\/26717"}],"wp:attachment":[{"href":"https:\/\/www.camaeleon.org\/en\/wp-json\/wp\/v2\/media?parent=26082"}],"wp:term":[{"taxonomy":"category","embeddable":true,"href":"https:\/\/www.camaeleon.org\/en\/wp-json\/wp\/v2\/categories?post=26082"},{"taxonomy":"post_tag","embeddable":true,"href":"https:\/\/www.camaeleon.org\/en\/wp-json\/wp\/v2\/tags?post=26082"},{"taxonomy":"author","embeddable":true,"href":"https:\/\/www.camaeleon.org\/en\/wp-json\/wp\/v2\/coauthors?post=26082"}],"curies":[{"name":"wp","href":"https:\/\/api.w.org\/{rel}","templated":true}]}}