{"id":26011,"date":"2022-04-21T22:28:01","date_gmt":"2022-04-21T20:28:01","guid":{"rendered":"https:\/\/www.camaeleon.org\/?p=26011"},"modified":"2022-04-30T11:41:48","modified_gmt":"2022-04-30T09:41:48","slug":"april-april-der-macht-was-er-will-interviews-zu-wetter-und-klimawandel","status":"publish","type":"post","link":"https:\/\/www.camaeleon.org\/en\/2022\/04\/21\/april-april-der-macht-was-er-will-interviews-zu-wetter-und-klimawandel\/","title":{"rendered":"April, April, der macht, was er will &#8211; Interviews zu Wetter und Klimawandel"},"content":{"rendered":"<p>Jeder kennt das Sprichwort: Der April macht, was er will. Und das zeigt er uns dieses Jahr in H\u00fclle und F\u00fclle. Nachdem vor einigen Wochen bereits die 20-Grad-Marke geknackt wurde, schneite es pl\u00f6tzlich in gro\u00dfen Teilen des Saarlandes und der Region Grand-Est. Wetter, welches man kaum mehr gewohnt ist, so unsere beiden Interview-Partner Andreas Friedrich, Pressesprecher des Deutschen Wetterdienstes (DWD) und Matthias Mauder, Professor f\u00fcr Meteorologie.<\/p>\n<p>Die beiden Interviews gibt es hier unten, eines als Video, eines als Podcast.<\/p>\n<div class=\"lyte-wrapper\" style=\"width:1280px;max-width:100%;margin:5px auto;\"><div class=\"lyMe hidef\" id=\"WYL_C8Ck4ix6mKg\"><div id=\"lyte_C8Ck4ix6mKg\" data-src=\"https:\/\/www.camaeleon.org\/wp-content\/plugins\/wp-youtube-lyte\/lyteCache.php?origThumbUrl=%2F%2Fi.ytimg.com%2Fvi%2FC8Ck4ix6mKg%2Fhqdefault.jpg\" class=\"pL\"><div class=\"tC\"><div class=\"tT\"><\/div><\/div><div class=\"play\"><\/div><div class=\"ctrl\"><div class=\"Lctrl\"><\/div><div class=\"Rctrl\"><\/div><\/div><\/div><noscript><a href=\"https:\/\/youtu.be\/C8Ck4ix6mKg\" rel=\"nofollow\"><img loading=\"lazy\" decoding=\"async\" src=\"https:\/\/www.camaeleon.org\/wp-content\/plugins\/wp-youtube-lyte\/lyteCache.php?origThumbUrl=https%3A%2F%2Fi.ytimg.com%2Fvi%2FC8Ck4ix6mKg%2F0.jpg\" alt=\"YouTube video thumbnail\" width=\"1280\" height=\"700\" \/><br \/>Watch this video on YouTube<\/a><\/noscript><\/div><\/div><div class=\"lL\" style=\"max-width:100%;width:1280px;margin:5px auto;\"><br\/><span class=\"lyte_disclaimer\">By clicking on the video, you establish a connection to Youtube servers. More information in the <a href=\"https:\/\/www.camaeleon.org\/en\/mentions-legales\/declaration-de-protection-des-donnees\/\">privacy statement<\/a>.<\/span><\/div><\/p>\n<div class=\"wp-playlist wp-audio-playlist wp-playlist-light\">\n\t\t\t<div class=\"wp-playlist-current-item\"><\/div>\n\t\t<audio controls=\"controls\" preload=\"none\" width=\"778\"\n\t\t\t><\/audio>\n\t<div class=\"wp-playlist-next\"><\/div>\n\t<div class=\"wp-playlist-prev\"><\/div>\n\t<noscript>\n\t<ol>\n\t\t<li><a href='https:\/\/www.camaeleon.org\/wp-content\/uploads\/2022\/04\/Andreas-Friedrich-Output.mp3'>Interview mit Andreas Friedrich, DWD<\/a><\/li>\t<\/ol>\n\t<\/noscript>\n\t<script type=\"application\/json\" class=\"wp-playlist-script\">{\"type\":\"audio\",\"tracklist\":true,\"tracknumbers\":true,\"images\":true,\"artists\":true,\"tracks\":[{\"src\":\"https:\/\/www.camaeleon.org\/wp-content\/uploads\/2022\/04\/Andreas-Friedrich-Output.mp3\",\"type\":\"audio\/mpeg\",\"title\":\"Interview mit Andreas Friedrich, DWD\",\"caption\":\"Interview mit Andreas Friedrich, DWD\",\"description\":\"Interview mit Andreas Friedrich, DWD\",\"meta\":{\"artist\":\"Max Ernst\",\"genre\":\"Interview\",\"year\":\"2022\",\"length_formatted\":\"9:57\"},\"image\":{\"src\":\"https:\/\/www.camaeleon.org\/wp-content\/uploads\/2022\/04\/landscape-4684217_640.jpg\",\"width\":640,\"height\":426},\"thumb\":{\"src\":\"https:\/\/www.camaeleon.org\/wp-content\/uploads\/2022\/04\/landscape-4684217_640-150x150.jpg\",\"width\":150,\"height\":150}}]}<\/script>\n<\/div>\n\t\n<p>Vielen Dank an Andreas Friedrich, Pressesprecher des DWD und Matthias Mauder, Professor f\u00fcr Meteorologie an der Technischen Universit\u00e4t Dresden.<\/p>\n","protected":false},"excerpt":{"rendered":"<p>Jeder kennt das Sprichwort: Der April macht, was er will. Und das zeigt er uns dieses Jahr in H\u00fclle und F\u00fclle. Nachdem vor einigen Wochen<\/p>\n","protected":false},"author":128,"featured_media":26018,"comment_status":"open","ping_status":"closed","sticky":false,"template":"","format":"standard","meta":{"colormag_page_container_layout":"default_layout","colormag_page_sidebar_layout":"default_layout","footnotes":""},"categories":[5,1177,908],"tags":[1946,1967,236,1911,1030,1970,664,219,1246],"coauthors":[744],"class_list":["post-26011","post","type-post","status-publish","format-standard","has-post-thumbnail","hentry","category-monde","category-science","category-camaeleon-video","tag-april","tag-dwd","tag-klima","tag-klimaschutz","tag-klimawandel","tag-meteorologie","tag-podcast","tag-schnee","tag-wetter"],"yoast_head":"<!-- This site is optimized with the Yoast SEO plugin v27.5 - https:\/\/yoast.com\/product\/yoast-seo-wordpress\/ -->\n<title>April, April, der macht, was er will - Interviews zu Wetter und Klimawandel - Cam\u00e4l\u00e9on<\/title>\n<meta name=\"description\" content=\"Nachdem vor einigen Wochen bereits die 20-Grad-Marke geknackt wurde, schneite es pl\u00f6tzlich in gro\u00dfen Teilen des Saarlandes.\" \/>\n<meta name=\"robots\" content=\"index, follow, max-snippet:-1, max-image-preview:large, max-video-preview:-1\" \/>\n<link rel=\"canonical\" href=\"https:\/\/www.camaeleon.org\/en\/2022\/04\/21\/april-april-der-macht-was-er-will-interviews-zu-wetter-und-klimawandel\/\" \/>\n<meta property=\"og:locale\" content=\"en_US\" \/>\n<meta property=\"og:type\" content=\"article\" \/>\n<meta property=\"og:title\" content=\"April, April, der macht, was er will - Interviews zu Wetter und Klimawandel - Cam\u00e4l\u00e9on\" \/>\n<meta property=\"og:description\" content=\"Nachdem vor einigen Wochen bereits die 20-Grad-Marke geknackt wurde, schneite es pl\u00f6tzlich in gro\u00dfen Teilen des Saarlandes.\" \/>\n<meta property=\"og:url\" content=\"https:\/\/www.camaeleon.org\/en\/2022\/04\/21\/april-april-der-macht-was-er-will-interviews-zu-wetter-und-klimawandel\/\" \/>\n<meta property=\"og:site_name\" content=\"Cam\u00e4l\u00e9on\" \/>\n<meta property=\"article:publisher\" content=\"https:\/\/www.facebook.com\/camaeleon.org\/\" \/>\n<meta property=\"article:published_time\" content=\"2022-04-21T20:28:01+00:00\" \/>\n<meta property=\"article:modified_time\" content=\"2022-04-30T09:41:48+00:00\" \/>\n<meta property=\"og:image\" content=\"https:\/\/www.camaeleon.org\/wp-content\/uploads\/2022\/04\/vlcsnap-2022-04-21-22h17m51s651.png\" \/>\n\t<meta property=\"og:image:width\" content=\"1280\" \/>\n\t<meta property=\"og:image:height\" content=\"720\" \/>\n\t<meta property=\"og:image:type\" content=\"image\/png\" \/>\n<meta name=\"author\" content=\"Max Ernst\" \/>\n<meta name=\"twitter:card\" content=\"summary_large_image\" \/>\n<meta name=\"twitter:creator\" content=\"@camaeleonOrg\" \/>\n<meta name=\"twitter:site\" content=\"@camaeleonOrg\" \/>\n<script type=\"application\/ld+json\" class=\"yoast-schema-graph\">{\"@context\":\"https:\\\/\\\/schema.org\",\"@graph\":[{\"@type\":\"Article\",\"@id\":\"https:\\\/\\\/www.camaeleon.org\\\/2022\\\/04\\\/21\\\/april-april-der-macht-was-er-will-interviews-zu-wetter-und-klimawandel\\\/#article\",\"isPartOf\":{\"@id\":\"https:\\\/\\\/www.camaeleon.org\\\/2022\\\/04\\\/21\\\/april-april-der-macht-was-er-will-interviews-zu-wetter-und-klimawandel\\\/\"},\"author\":{\"name\":\"Max Ernst\",\"@id\":\"https:\\\/\\\/www.camaeleon.org\\\/de\\\/#\\\/schema\\\/person\\\/052ee327c421b495af4657a44187a959\"},\"headline\":\"April, April, der macht, was er will &#8211; Interviews zu Wetter und Klimawandel\",\"datePublished\":\"2022-04-21T20:28:01+00:00\",\"dateModified\":\"2022-04-30T09:41:48+00:00\",\"mainEntityOfPage\":{\"@id\":\"https:\\\/\\\/www.camaeleon.org\\\/2022\\\/04\\\/21\\\/april-april-der-macht-was-er-will-interviews-zu-wetter-und-klimawandel\\\/\"},\"wordCount\":127,\"commentCount\":0,\"publisher\":{\"@id\":\"https:\\\/\\\/www.camaeleon.org\\\/de\\\/#organization\"},\"image\":{\"@id\":\"https:\\\/\\\/www.camaeleon.org\\\/2022\\\/04\\\/21\\\/april-april-der-macht-was-er-will-interviews-zu-wetter-und-klimawandel\\\/#primaryimage\"},\"thumbnailUrl\":\"https:\\\/\\\/www.camaeleon.org\\\/wp-content\\\/uploads\\\/2022\\\/04\\\/vlcsnap-2022-04-21-22h17m51s651.png\",\"keywords\":[\"April\",\"DWD\",\"Klima\",\"Klimaschutz\",\"Klimawandel\",\"Meteorologie\",\"Podcast\",\"Schnee\",\"Wetter\"],\"articleSection\":[\"World\",\"Science\",\"Video\"],\"inLanguage\":\"en-US\",\"potentialAction\":[{\"@type\":\"CommentAction\",\"name\":\"Comment\",\"target\":[\"https:\\\/\\\/www.camaeleon.org\\\/2022\\\/04\\\/21\\\/april-april-der-macht-was-er-will-interviews-zu-wetter-und-klimawandel\\\/#respond\"]}]},{\"@type\":\"WebPage\",\"@id\":\"https:\\\/\\\/www.camaeleon.org\\\/en\\\/2022\\\/04\\\/21\\\/april-april-der-macht-was-er-will-interviews-zu-wetter-und-klimawandel\\\/\",\"url\":\"https:\\\/\\\/www.camaeleon.org\\\/en\\\/2022\\\/04\\\/21\\\/april-april-der-macht-was-er-will-interviews-zu-wetter-und-klimawandel\\\/\",\"name\":\"April, April, der macht, was er will - Interviews zu Wetter und Klimawandel - Cam\u00e4l\u00e9on\",\"isPartOf\":{\"@id\":\"https:\\\/\\\/www.camaeleon.org\\\/en\\\/#website\"},\"primaryImageOfPage\":{\"@id\":\"https:\\\/\\\/www.camaeleon.org\\\/en\\\/2022\\\/04\\\/21\\\/april-april-der-macht-was-er-will-interviews-zu-wetter-und-klimawandel\\\/#primaryimage\"},\"image\":{\"@id\":\"https:\\\/\\\/www.camaeleon.org\\\/2022\\\/04\\\/21\\\/april-april-der-macht-was-er-will-interviews-zu-wetter-und-klimawandel\\\/#primaryimage\"},\"thumbnailUrl\":\"https:\\\/\\\/www.camaeleon.org\\\/wp-content\\\/uploads\\\/2022\\\/04\\\/vlcsnap-2022-04-21-22h17m51s651.png\",\"datePublished\":\"2022-04-21T20:28:01+00:00\",\"dateModified\":\"2022-04-30T09:41:48+00:00\",\"description\":\"Nachdem vor einigen Wochen bereits die 20-Grad-Marke geknackt wurde, schneite es pl\u00f6tzlich in gro\u00dfen Teilen des Saarlandes.\",\"breadcrumb\":{\"@id\":\"https:\\\/\\\/www.camaeleon.org\\\/en\\\/2022\\\/04\\\/21\\\/april-april-der-macht-was-er-will-interviews-zu-wetter-und-klimawandel\\\/#breadcrumb\"},\"inLanguage\":\"en-US\",\"potentialAction\":[{\"@type\":\"ReadAction\",\"target\":[[\"https:\\\/\\\/www.camaeleon.org\\\/en\\\/2022\\\/04\\\/21\\\/april-april-der-macht-was-er-will-interviews-zu-wetter-und-klimawandel\\\/\"]]}]},{\"@type\":\"ImageObject\",\"inLanguage\":\"en-US\",\"@id\":\"https:\\\/\\\/www.camaeleon.org\\\/en\\\/2022\\\/04\\\/21\\\/april-april-der-macht-was-er-will-interviews-zu-wetter-und-klimawandel\\\/#primaryimage\",\"url\":\"https:\\\/\\\/www.camaeleon.org\\\/wp-content\\\/uploads\\\/2022\\\/04\\\/vlcsnap-2022-04-21-22h17m51s651.png\",\"contentUrl\":\"https:\\\/\\\/www.camaeleon.org\\\/wp-content\\\/uploads\\\/2022\\\/04\\\/vlcsnap-2022-04-21-22h17m51s651.png\",\"width\":1280,\"height\":720,\"caption\":\"Interview zu Wetter und Klimawandel\"},{\"@type\":\"BreadcrumbList\",\"@id\":\"https:\\\/\\\/www.camaeleon.org\\\/en\\\/2022\\\/04\\\/21\\\/april-april-der-macht-was-er-will-interviews-zu-wetter-und-klimawandel\\\/#breadcrumb\",\"itemListElement\":[{\"@type\":\"ListItem\",\"position\":1,\"name\":\"Home\",\"item\":\"https:\\\/\\\/www.camaeleon.org\\\/en\\\/\"},{\"@type\":\"ListItem\",\"position\":2,\"name\":\"April, April, der macht, was er will &#8211; Interviews zu Wetter und Klimawandel\"}]},{\"@type\":\"WebSite\",\"@id\":\"https:\\\/\\\/www.camaeleon.org\\\/en\\\/#website\",\"url\":\"https:\\\/\\\/www.camaeleon.org\\\/en\\\/\",\"name\":\"Cam\u00e4l\u00e9on\",\"description\":\"The online student magazine by Deutsch-Franz\u00f6sisches Gymnasium Saarbr\u00fccken\",\"publisher\":{\"@id\":\"https:\\\/\\\/www.camaeleon.org\\\/en\\\/#organization\"},\"potentialAction\":[{\"@type\":\"SearchAction\",\"target\":{\"@type\":\"EntryPoint\",\"urlTemplate\":\"https:\\\/\\\/www.camaeleon.org\\\/en\\\/?s={search_term_string}\"},\"query-input\":{\"@type\":\"PropertyValueSpecification\",\"valueRequired\":true,\"valueName\":\"search_term_string\"}}],\"inLanguage\":\"en-US\"},{\"@type\":\"Organization\",\"@id\":\"https:\\\/\\\/www.camaeleon.org\\\/en\\\/#organization\",\"name\":\"Cam\u00e4l\u00e9on\",\"url\":\"https:\\\/\\\/www.camaeleon.org\\\/en\\\/\",\"logo\":{\"@type\":\"ImageObject\",\"inLanguage\":\"en-US\",\"@id\":\"https:\\\/\\\/www.camaeleon.org\\\/en\\\/#\\\/schema\\\/logo\\\/image\\\/\",\"url\":\"https:\\\/\\\/www.camaeleon.org\\\/wp-content\\\/uploads\\\/2011\\\/11\\\/CAM\u00c4LEON.jpg\",\"contentUrl\":\"https:\\\/\\\/www.camaeleon.org\\\/wp-content\\\/uploads\\\/2011\\\/11\\\/CAM\u00c4LEON.jpg\",\"width\":959,\"height\":959,\"caption\":\"Cam\u00e4l\u00e9on\"},\"image\":{\"@id\":\"https:\\\/\\\/www.camaeleon.org\\\/en\\\/#\\\/schema\\\/logo\\\/image\\\/\"},\"sameAs\":[\"https:\\\/\\\/www.facebook.com\\\/camaeleon.org\\\/\",\"https:\\\/\\\/x.com\\\/camaeleonOrg\",\"https:\\\/\\\/www.instagram.com\\\/camaeleon.dfg\\\/\",\"https:\\\/\\\/www.youtube.com\\\/channel\\\/UCl3TAUDdGuu_c7CD6ax6hYg\"]},{\"@type\":\"Person\",\"@id\":\"https:\\\/\\\/www.camaeleon.org\\\/de\\\/#\\\/schema\\\/person\\\/052ee327c421b495af4657a44187a959\",\"name\":\"Max Ernst\",\"image\":{\"@type\":\"ImageObject\",\"inLanguage\":\"en-US\",\"@id\":\"https:\\\/\\\/www.camaeleon.org\\\/en\\\/wp-content\\\/uploads\\\/2024\\\/01\\\/IMG-20231204-WA0001-01-150x150.jpeg3fc50e401fd745f06a8339d74db41d5e\",\"url\":\"https:\\\/\\\/www.camaeleon.org\\\/wp-content\\\/uploads\\\/2024\\\/01\\\/IMG-20231204-WA0001-01-150x150.jpeg\",\"contentUrl\":\"https:\\\/\\\/www.camaeleon.org\\\/wp-content\\\/uploads\\\/2024\\\/01\\\/IMG-20231204-WA0001-01-150x150.jpeg\",\"caption\":\"Max Ernst\"},\"description\":\"Bonjour, je m'appelle Max Ernst, j'ai 16 ans, je fais partie de Cam\u00e4l\u00e9on depuis 2017 et je suis en classe de Tle ES. Je m'int\u00e9resse \u00e0 la photographie, \u00e0 la musique et \u00e0 toute l'actualit\u00e9. Pour en savoir plus sur moi : www.maxmernst.de.\",\"sameAs\":[\"http:\\\/\\\/www.maxmernst.de\"],\"url\":\"https:\\\/\\\/www.camaeleon.org\\\/en\\\/author\\\/max-ernst\\\/\"}]}<\/script>\n<!-- \/ Yoast SEO plugin. -->","yoast_head_json":{"title":"April, April, der macht, was er will - Interviews zu Wetter und Klimawandel - Cam\u00e4l\u00e9on","description":"Nachdem vor einigen Wochen bereits die 20-Grad-Marke geknackt wurde, schneite es pl\u00f6tzlich in gro\u00dfen Teilen des Saarlandes.","robots":{"index":"index","follow":"follow","max-snippet":"max-snippet:-1","max-image-preview":"max-image-preview:large","max-video-preview":"max-video-preview:-1"},"canonical":"https:\/\/www.camaeleon.org\/en\/2022\/04\/21\/april-april-der-macht-was-er-will-interviews-zu-wetter-und-klimawandel\/","og_locale":"en_US","og_type":"article","og_title":"April, April, der macht, was er will - Interviews zu Wetter und Klimawandel - Cam\u00e4l\u00e9on","og_description":"Nachdem vor einigen Wochen bereits die 20-Grad-Marke geknackt wurde, schneite es pl\u00f6tzlich in gro\u00dfen Teilen des Saarlandes.","og_url":"https:\/\/www.camaeleon.org\/en\/2022\/04\/21\/april-april-der-macht-was-er-will-interviews-zu-wetter-und-klimawandel\/","og_site_name":"Cam\u00e4l\u00e9on","article_publisher":"https:\/\/www.facebook.com\/camaeleon.org\/","article_published_time":"2022-04-21T20:28:01+00:00","article_modified_time":"2022-04-30T09:41:48+00:00","og_image":[{"width":1280,"height":720,"url":"https:\/\/www.camaeleon.org\/wp-content\/uploads\/2022\/04\/vlcsnap-2022-04-21-22h17m51s651.png","type":"image\/png"}],"author":"Max Ernst","twitter_card":"summary_large_image","twitter_creator":"@camaeleonOrg","twitter_site":"@camaeleonOrg","schema":{"@context":"https:\/\/schema.org","@graph":[{"@type":"Article","@id":"https:\/\/www.camaeleon.org\/2022\/04\/21\/april-april-der-macht-was-er-will-interviews-zu-wetter-und-klimawandel\/#article","isPartOf":{"@id":"https:\/\/www.camaeleon.org\/2022\/04\/21\/april-april-der-macht-was-er-will-interviews-zu-wetter-und-klimawandel\/"},"author":{"name":"Max Ernst","@id":"https:\/\/www.camaeleon.org\/de\/#\/schema\/person\/052ee327c421b495af4657a44187a959"},"headline":"April, April, der macht, was er will &#8211; Interviews zu Wetter und Klimawandel","datePublished":"2022-04-21T20:28:01+00:00","dateModified":"2022-04-30T09:41:48+00:00","mainEntityOfPage":{"@id":"https:\/\/www.camaeleon.org\/2022\/04\/21\/april-april-der-macht-was-er-will-interviews-zu-wetter-und-klimawandel\/"},"wordCount":127,"commentCount":0,"publisher":{"@id":"https:\/\/www.camaeleon.org\/de\/#organization"},"image":{"@id":"https:\/\/www.camaeleon.org\/2022\/04\/21\/april-april-der-macht-was-er-will-interviews-zu-wetter-und-klimawandel\/#primaryimage"},"thumbnailUrl":"https:\/\/www.camaeleon.org\/wp-content\/uploads\/2022\/04\/vlcsnap-2022-04-21-22h17m51s651.png","keywords":["April","DWD","Klima","Klimaschutz","Klimawandel","Meteorologie","Podcast","Schnee","Wetter"],"articleSection":["World","Science","Video"],"inLanguage":"en-US","potentialAction":[{"@type":"CommentAction","name":"Comment","target":["https:\/\/www.camaeleon.org\/2022\/04\/21\/april-april-der-macht-was-er-will-interviews-zu-wetter-und-klimawandel\/#respond"]}]},{"@type":"WebPage","@id":"https:\/\/www.camaeleon.org\/en\/2022\/04\/21\/april-april-der-macht-was-er-will-interviews-zu-wetter-und-klimawandel\/","url":"https:\/\/www.camaeleon.org\/en\/2022\/04\/21\/april-april-der-macht-was-er-will-interviews-zu-wetter-und-klimawandel\/","name":"April, April, der macht, was er will - Interviews zu Wetter und Klimawandel - Cam\u00e4l\u00e9on","isPartOf":{"@id":"https:\/\/www.camaeleon.org\/en\/#website"},"primaryImageOfPage":{"@id":"https:\/\/www.camaeleon.org\/en\/2022\/04\/21\/april-april-der-macht-was-er-will-interviews-zu-wetter-und-klimawandel\/#primaryimage"},"image":{"@id":"https:\/\/www.camaeleon.org\/2022\/04\/21\/april-april-der-macht-was-er-will-interviews-zu-wetter-und-klimawandel\/#primaryimage"},"thumbnailUrl":"https:\/\/www.camaeleon.org\/wp-content\/uploads\/2022\/04\/vlcsnap-2022-04-21-22h17m51s651.png","datePublished":"2022-04-21T20:28:01+00:00","dateModified":"2022-04-30T09:41:48+00:00","description":"Nachdem vor einigen Wochen bereits die 20-Grad-Marke geknackt wurde, schneite es pl\u00f6tzlich in gro\u00dfen Teilen des Saarlandes.","breadcrumb":{"@id":"https:\/\/www.camaeleon.org\/en\/2022\/04\/21\/april-april-der-macht-was-er-will-interviews-zu-wetter-und-klimawandel\/#breadcrumb"},"inLanguage":"en-US","potentialAction":[{"@type":"ReadAction","target":[["https:\/\/www.camaeleon.org\/en\/2022\/04\/21\/april-april-der-macht-was-er-will-interviews-zu-wetter-und-klimawandel\/"]]}]},{"@type":"ImageObject","inLanguage":"en-US","@id":"https:\/\/www.camaeleon.org\/en\/2022\/04\/21\/april-april-der-macht-was-er-will-interviews-zu-wetter-und-klimawandel\/#primaryimage","url":"https:\/\/www.camaeleon.org\/wp-content\/uploads\/2022\/04\/vlcsnap-2022-04-21-22h17m51s651.png","contentUrl":"https:\/\/www.camaeleon.org\/wp-content\/uploads\/2022\/04\/vlcsnap-2022-04-21-22h17m51s651.png","width":1280,"height":720,"caption":"Interview zu Wetter und Klimawandel"},{"@type":"BreadcrumbList","@id":"https:\/\/www.camaeleon.org\/en\/2022\/04\/21\/april-april-der-macht-was-er-will-interviews-zu-wetter-und-klimawandel\/#breadcrumb","itemListElement":[{"@type":"ListItem","position":1,"name":"Home","item":"https:\/\/www.camaeleon.org\/en\/"},{"@type":"ListItem","position":2,"name":"April, April, der macht, was er will &#8211; Interviews zu Wetter und Klimawandel"}]},{"@type":"WebSite","@id":"https:\/\/www.camaeleon.org\/en\/#website","url":"https:\/\/www.camaeleon.org\/en\/","name":"Cam\u00e4l\u00e9on","description":"The online student magazine by Deutsch-Franz\u00f6sisches Gymnasium Saarbr\u00fccken","publisher":{"@id":"https:\/\/www.camaeleon.org\/en\/#organization"},"potentialAction":[{"@type":"SearchAction","target":{"@type":"EntryPoint","urlTemplate":"https:\/\/www.camaeleon.org\/en\/?s={search_term_string}"},"query-input":{"@type":"PropertyValueSpecification","valueRequired":true,"valueName":"search_term_string"}}],"inLanguage":"en-US"},{"@type":"Organization","@id":"https:\/\/www.camaeleon.org\/en\/#organization","name":"Cam\u00e4l\u00e9on","url":"https:\/\/www.camaeleon.org\/en\/","logo":{"@type":"ImageObject","inLanguage":"en-US","@id":"https:\/\/www.camaeleon.org\/en\/#\/schema\/logo\/image\/","url":"https:\/\/www.camaeleon.org\/wp-content\/uploads\/2011\/11\/CAM\u00c4LEON.jpg","contentUrl":"https:\/\/www.camaeleon.org\/wp-content\/uploads\/2011\/11\/CAM\u00c4LEON.jpg","width":959,"height":959,"caption":"Cam\u00e4l\u00e9on"},"image":{"@id":"https:\/\/www.camaeleon.org\/en\/#\/schema\/logo\/image\/"},"sameAs":["https:\/\/www.facebook.com\/camaeleon.org\/","https:\/\/x.com\/camaeleonOrg","https:\/\/www.instagram.com\/camaeleon.dfg\/","https:\/\/www.youtube.com\/channel\/UCl3TAUDdGuu_c7CD6ax6hYg"]},{"@type":"Person","@id":"https:\/\/www.camaeleon.org\/de\/#\/schema\/person\/052ee327c421b495af4657a44187a959","name":"Max Ernst","image":{"@type":"ImageObject","inLanguage":"en-US","@id":"https:\/\/www.camaeleon.org\/en\/wp-content\/uploads\/2024\/01\/IMG-20231204-WA0001-01-150x150.jpeg3fc50e401fd745f06a8339d74db41d5e","url":"https:\/\/www.camaeleon.org\/wp-content\/uploads\/2024\/01\/IMG-20231204-WA0001-01-150x150.jpeg","contentUrl":"https:\/\/www.camaeleon.org\/wp-content\/uploads\/2024\/01\/IMG-20231204-WA0001-01-150x150.jpeg","caption":"Max Ernst"},"description":"Bonjour, je m'appelle Max Ernst, j'ai 16 ans, je fais partie de Cam\u00e4l\u00e9on depuis 2017 et je suis en classe de Tle ES. Je m'int\u00e9resse \u00e0 la photographie, \u00e0 la musique et \u00e0 toute l'actualit\u00e9. Pour en savoir plus sur moi : www.maxmernst.de.","sameAs":["http:\/\/www.maxmernst.de"],"url":"https:\/\/www.camaeleon.org\/en\/author\/max-ernst\/"}]}},"_links":{"self":[{"href":"https:\/\/www.camaeleon.org\/en\/wp-json\/wp\/v2\/posts\/26011","targetHints":{"allow":["GET"]}}],"collection":[{"href":"https:\/\/www.camaeleon.org\/en\/wp-json\/wp\/v2\/posts"}],"about":[{"href":"https:\/\/www.camaeleon.org\/en\/wp-json\/wp\/v2\/types\/post"}],"author":[{"embeddable":true,"href":"https:\/\/www.camaeleon.org\/en\/wp-json\/wp\/v2\/users\/128"}],"replies":[{"embeddable":true,"href":"https:\/\/www.camaeleon.org\/en\/wp-json\/wp\/v2\/comments?post=26011"}],"version-history":[{"count":0,"href":"https:\/\/www.camaeleon.org\/en\/wp-json\/wp\/v2\/posts\/26011\/revisions"}],"wp:featuredmedia":[{"embeddable":true,"href":"https:\/\/www.camaeleon.org\/en\/wp-json\/wp\/v2\/media\/26018"}],"wp:attachment":[{"href":"https:\/\/www.camaeleon.org\/en\/wp-json\/wp\/v2\/media?parent=26011"}],"wp:term":[{"taxonomy":"category","embeddable":true,"href":"https:\/\/www.camaeleon.org\/en\/wp-json\/wp\/v2\/categories?post=26011"},{"taxonomy":"post_tag","embeddable":true,"href":"https:\/\/www.camaeleon.org\/en\/wp-json\/wp\/v2\/tags?post=26011"},{"taxonomy":"author","embeddable":true,"href":"https:\/\/www.camaeleon.org\/en\/wp-json\/wp\/v2\/coauthors?post=26011"}],"curies":[{"name":"wp","href":"https:\/\/api.w.org\/{rel}","templated":true}]}}