{"id":25410,"date":"2022-02-19T16:53:25","date_gmt":"2022-02-19T15:53:25","guid":{"rendered":"https:\/\/www.camaeleon.org\/?p=25410"},"modified":"2022-03-30T12:32:13","modified_gmt":"2022-03-30T10:32:13","slug":"saarlaendischer-fluechtlingsrat-gegen-fluechtlingslager-und-abschiebegefaengnisse","status":"publish","type":"post","link":"https:\/\/www.camaeleon.org\/en\/2022\/02\/19\/saarlaendischer-fluechtlingsrat-gegen-fluechtlingslager-und-abschiebegefaengnisse\/","title":{"rendered":"Saarl\u00e4ndischer Fl\u00fcchtlingsrat: Gegen Fl\u00fcchtlingslager und Abschiebegef\u00e4ngnisse"},"content":{"rendered":"<p><figure id=\"attachment_25463\" aria-describedby=\"caption-attachment-25463\" style=\"width: 300px\" class=\"wp-caption alignright\"><img loading=\"lazy\" decoding=\"async\" class=\"size-medium wp-image-25463\" src=\"https:\/\/www.camaeleon.org\/wp-content\/uploads\/2022\/02\/pexels-ahmed-akacha-7386008-300x200.jpg\" alt=\"Fl\u00fcchtlingskind in Idlib (Syrien)\" width=\"300\" height=\"200\" srcset=\"https:\/\/www.camaeleon.org\/wp-content\/uploads\/2022\/02\/pexels-ahmed-akacha-7386008-300x200.jpg 300w, https:\/\/www.camaeleon.org\/wp-content\/uploads\/2022\/02\/pexels-ahmed-akacha-7386008-880x587.jpg 880w, https:\/\/www.camaeleon.org\/wp-content\/uploads\/2022\/02\/pexels-ahmed-akacha-7386008-1536x1024.jpg 1536w, https:\/\/www.camaeleon.org\/wp-content\/uploads\/2022\/02\/pexels-ahmed-akacha-7386008.jpg 1920w\" sizes=\"auto, (max-width: 300px) 100vw, 300px\" \/><figcaption id=\"caption-attachment-25463\" class=\"wp-caption-text\">Fl\u00fcchtlingskind in Idlib, Syrien (Foto: Ahmed Akacha \/ pexels.com)<\/figcaption><\/figure><\/p>\n<p>&#8220;Es kann kein gr\u00f6\u00dferes Geschenk geben als das, seine Zeit und Energie zu opfern, um anderen zu helfen, ohne eine Gegenleistung zu erwarten&#8221;, sagte Nelson Mandela. Tobias Schunk veranschaulicht dieses Zitat perfekt. Jeden Tag hilft er ehrenamtlich den Fl\u00fcchtlingen, die im Saarland aufgenommen werden.<\/p>\n<p>Es ist eine sehr wichtige Sache, denn seinen Mitmenschen zu helfen und Menschen zu helfen, die sich in schwierigen Situationen befinden, ist einer der Schl\u00fcssel, um einer respektvollen und freiwilligen Gesellschaft zu haben. Das Camaeleon-Team hat Tobias vom <strong><a href=\"http:\/\/asyl-saar.de\/\">Saarl\u00e4ndischen Fl\u00fcchtlingsrat<\/a><\/strong> befragt, um mehr \u00fcber die Solidarit\u00e4t und gegenseitige Hilfe in seiner Organisation zu erfahren, die Fl\u00fcchtlingen hilft, und um herauszufinden, was wir tun k\u00f6nnen.<\/p>\n<ul>\n<li><strong>K\u00f6nnen Sie sich kurz vorstellen?<\/strong><\/li>\n<\/ul>\n<figure id=\"attachment_25477\" aria-describedby=\"caption-attachment-25477\" style=\"width: 224px\" class=\"wp-caption alignleft\"><img loading=\"lazy\" decoding=\"async\" class=\"size-medium wp-image-25477\" src=\"https:\/\/www.camaeleon.org\/wp-content\/uploads\/2022\/02\/schunk-224x300.jpeg\" alt=\"Tobias Schunk\" width=\"224\" height=\"300\" srcset=\"https:\/\/www.camaeleon.org\/wp-content\/uploads\/2022\/02\/schunk-224x300.jpeg 224w, https:\/\/www.camaeleon.org\/wp-content\/uploads\/2022\/02\/schunk-448x600.jpeg 448w, https:\/\/www.camaeleon.org\/wp-content\/uploads\/2022\/02\/schunk.jpeg 512w\" sizes=\"auto, (max-width: 224px) 100vw, 224px\" \/><figcaption id=\"caption-attachment-25477\" class=\"wp-caption-text\">Tobias Schunk (Foto: privat)<\/figcaption><\/figure>\n<p>Mein Name ist Tobias Schunk, ich bin 30 Jahre alt. 2009 habe ich das Abitur am Gymnasium Wendalinum in St. Wendel abgelegt und im Anschluss ein duales Studium zum Dipl. (FH) Verwaltungswirt abgeschlossen. Ich arbeite in der Saarbr\u00fccker Stadtverwaltung. Nach meinem Studium hatte ich begonnen, mich ehrenamtlich in der katholischen Kirchengemeinde meines Heimatortes zu engagieren.<\/p>\n<ul>\n<li><strong>K\u00f6nnen Sie uns den Fl\u00fcchtlingsrat Saarland vorstellen?<\/strong><\/li>\n<\/ul>\n<p>Der Saarl\u00e4ndische Fl\u00fcchtlingsrat e.V. (SFR) mit Sitz in Saarlouis ist ein Zusammenschluss von Mitarbeitenden aus unterschiedlichen Organisationen, Vereinen und Gruppen sowie Einzelpersonen mit dem Ziel, eine wirkungsvolle Stimme zu sein, die f\u00fcr die Rechte von Fl\u00fcchtlingen eintritt. Vertreten im SFR sind z.B. Pax Christi (eine internationale katholische Friedensorganisation). die Aktion 3. Welt Saar, der Bund der Deutschen Katholischen Jugend im Bistum Trier (BDKJ), der Deutsch-Ausl\u00e4ndische Jugendclub (DAJC), das Kurdische Gesellschaftszentrum Saar e.V. sowie der Verein f\u00fcr Sozialpsychiatrie e.V.<\/p>\n<p>Der SFR setzt sich insbesondere f\u00fcr die Abschaffung aller Fl\u00fcchtlingslager und Abschiebegef\u00e4ngnisse, gegen Abschiebungen, f\u00fcr Familienzusammenf\u00fchrungen sowie f\u00fcr die Abschaffung des Asylbewerberleistungsgesetzes ein.<\/p>\n<ul>\n<li><strong>Was ist sein Ziel?<\/strong><\/li>\n<\/ul>\n<figure id=\"attachment_25464\" aria-describedby=\"caption-attachment-25464\" style=\"width: 300px\" class=\"wp-caption alignright\"><img loading=\"lazy\" decoding=\"async\" class=\"size-medium wp-image-25464\" src=\"https:\/\/www.camaeleon.org\/wp-content\/uploads\/2022\/02\/julie-ricard-MX0erXb3Mms-unsplash-300x200.jpg\" alt=\"Syrisches Fl\u00fcchtlingscamp nahe Athen \" width=\"300\" height=\"200\" srcset=\"https:\/\/www.camaeleon.org\/wp-content\/uploads\/2022\/02\/julie-ricard-MX0erXb3Mms-unsplash-300x200.jpg 300w, https:\/\/www.camaeleon.org\/wp-content\/uploads\/2022\/02\/julie-ricard-MX0erXb3Mms-unsplash-880x587.jpg 880w, https:\/\/www.camaeleon.org\/wp-content\/uploads\/2022\/02\/julie-ricard-MX0erXb3Mms-unsplash-1536x1024.jpg 1536w, https:\/\/www.camaeleon.org\/wp-content\/uploads\/2022\/02\/julie-ricard-MX0erXb3Mms-unsplash.jpg 1920w\" sizes=\"auto, (max-width: 300px) 100vw, 300px\" \/><figcaption id=\"caption-attachment-25464\" class=\"wp-caption-text\">Syrisches Fl\u00fcchtlingscamp nahe Athen (Foto: Julie Ricard \/ unsplash.com)<\/figcaption><\/figure>\n<p>Aufmerksam auf das Thema Flucht und Integration wurde ich bereits durch ein Praktikum beim Zuwanderungs- und Integrationsb\u00fcro (ZIB) der Stadt Saarbr\u00fccken, das ich im Rahmen meines dualen Studiums absolviert habe. Ende 2014 sind mehrere Gefl\u00fcchtete, sowohl Familien als auch Einzelpersonen, in meine Heimatgemeinde zugezogen. Die damalige Gemeindereferentin, die in unserer Kirchengemeinde gearbeitet hat, hat mich daraufhin gefragt, ob ich mir vorstellen k\u00f6nnte, einer Gruppe von 5 M\u00e4nnern aus Eritrea beim Erlernen der deutschen Sprache zu helfen. Diese hatten noch keinen Anspruch auf einen Integrationskurs, da sie sich noch im Asylverfahren befunden haben.<\/p>\n<p>Mit der Zeit lernte ich immer mehr Gefl\u00fcchtete, insbesondere aus Eritrea und Syrien, kennen. Hierdurch kam ich auch in Ber\u00fchrung mit aufenthaltsrechtlichen Problemen, die diese Menschen hatten: So wurden Asylantr\u00e4ge von Seiten des Bundesamts f\u00fcr Migration und Fl\u00fcchtlinge abgelehnt mit der Begr\u00fcndung, dass Deutschland nach der Dublin-Verordnung nicht f\u00fcr deren Asylverfahren zust\u00e4ndig sei. Diese Gefl\u00fcchteten wurde &#8211; zum Teil unter Aus\u00fcbung von Gewalt &#8211; dazu gezwungen, ihre Fingerabdr\u00fccke in Italien oder Spanien abzugeben, was als Stellung eines Asylantrages gewertet wird.<\/p>\n<p>Die Lebensbedingungen f\u00fcr Gefl\u00fcchtete in vielen europ\u00e4ischen L\u00e4ndern, so auch in Italien und Spanien, sind miserabel, es droht den Gefl\u00fcchteten dort die Verelendung. Ich unterst\u00fctzte Gefl\u00fcchtete daher dabei, anwaltliche Hilfe in Anspruch zu nehmen. Durch die gute Presse- und \u00d6ffentlichkeitsarbeit des SFR wurde ich auf den Verein aufmerksam und entschloss mich, auch politisch f\u00fcr die Rechte von Gefl\u00fcchteten einzutreten.<\/p>\n<ul>\n<li><strong>Was ist Ihre Rolle im Verein, was machen Sie konkret?<\/strong><\/li>\n<\/ul>\n<p>Ich arbeite aktiv im SFR mit und unterst\u00fctze den Vorstand in seiner Arbeit f\u00fcr die Rechte von Gefl\u00fcchteten. So habe ich bereits an Pressekonferenzen teilgenommen oder auf Kundgebungen f\u00fcr den Verein gesprochen. Besonders besch\u00e4ftigt habe ich mich mit den Problemen beim Familiennachzug bei Gefl\u00fcchteten aus Eritrea, mit dem Thema der Abschiebungen nach Afghanistan sowie den Problemen der Erreichbarkeit der Zentralen Ausl\u00e4nderbeh\u00f6rde des Saarlandes in Lebach.<\/p>\n<ul>\n<li><strong>Was sind heute die gr\u00f6\u00dften Probleme f\u00fcr Fl\u00fcchtlinge, die ins Saarland kommen?<\/strong><\/li>\n<\/ul>\n<p>Die gr\u00f6\u00dften Probleme f\u00fcr Fl\u00fcchtlinge im Saarland sind aus meiner Sicht derzeit folgende:<\/p>\n<p>Das sog. AnkER-Zentrum Lebach ist nicht nur eine Erstaufnahmeeinrichtung, sondern eine Daueraufenthaltsst\u00e4tte f\u00fcr Gefl\u00fcchtete, die sich noch im Asylverfahren befinden bzw. deren Asylantr\u00e4ge rechtskr\u00e4ftig abgelehnt wurden. Viele Bewohner (auch Familien) leben dort bereits seit mehreren Jahren, einige bereits mehr als 5 oder sogar 10 Jahre.<\/p>\n<p>Das Leben im &#8220;Lager Lebach&#8221; bedeutet ein Leben auf engstem Raum in alten Wohnungen ohne jegliche Privatsph\u00e4re (mit mehreren fremden Menschen im Zimmer). Anstelle von Geld erhalten die Bewohner Lebensmittelpakete als sog. Sachleistungen. Dies bedeutet, dass die Menschen sich ihr Essen nicht selbst aussuchen d\u00fcrfen. In den H\u00e4usern, in denen die Menschen leben, gibt es zumeist keine Duschen. Stattdessen gibt es in einem Geb\u00e4ude zentrale Duschen, die nur zu gewissen Zeiten am Tag ge\u00f6ffnet sind, was insbesondere f\u00fcr Bewohner des &#8220;Lager Lebach&#8221; schwierig ist, die erwerbst\u00e4tig sind.<\/p>\n<p>Fl\u00fcchtlinge, deren Asylantrag positiv beschieden wird, haben einen Rechtsanspruch auf Nachzug ihrer Kernfamilie, d.h. ihres Ehepartners sowie ihrer unverheirateten, minderj\u00e4hrigen Kinder. In der Praxis l\u00e4sst sich dieses Recht jedoch nur sehr schwer verwirklichen, da die Visumsverfahren \u00fcber viele Jahre dauern und Dokumente von Seiten der Botschaft verlangt werden, die die Menschen nicht besitzen und nicht auf zumutbare Weise beschaffen k\u00f6nnen.<\/p>\n<p>Ein weiteres massives Problem ist die unzureichende Personalisierung der Zentralen Ausl\u00e4nderbeh\u00f6rde des Saarlandes. Vor etwa einem Jahr wurde der Standort der Ausl\u00e4nderbeh\u00f6rde in Saarbr\u00fccken aufgegeben, sodass Lebach nun alleiniger Standort der Zentralen Ausl\u00e4nderbeh\u00f6rde des Saarlandes ist. Die Erreichbarkeit &#8211; sowohl vor Ort als auch telefonisch oder schriftlich &#8211; hat sich hierdurch weiter verschlechtert. Anliegen von ausl\u00e4ndischen Mitb\u00fcrgern wie bspw. die Verl\u00e4ngerung von Aufenthaltserlaubnissen werden h\u00e4ufig versp\u00e4tet und erst nach mehrfacher Kontaktaufnahme \/ Erinnerung bearbeitet.<\/p>\n<p>F\u00fcr die Betroffenen hat dies massive Folgen, es droht bspw. der Verlust des Arbeitsplatzes oder der Wegfall von Sozialleistungen wie Arbeitslosengeld oder Kindergeld. Hiervon sind im \u00dcbrigen nicht nur Gefl\u00fcchtete, sondern alle Ausl\u00e4nder betroffen, so auch die ausl\u00e4ndischen Studierenden an den saarl\u00e4ndischen Universit\u00e4ten und Hochschulen.<\/p>\n<ul>\n<li><strong>Was k\u00f6nnen die Leute konkret machen, um den Fl\u00fcchtlingen zu helfen?<\/strong><\/li>\n<\/ul>\n<figure id=\"attachment_25461\" aria-describedby=\"caption-attachment-25461\" style=\"width: 300px\" class=\"wp-caption alignleft\"><img loading=\"lazy\" decoding=\"async\" class=\"size-medium wp-image-25461\" src=\"https:\/\/www.camaeleon.org\/wp-content\/uploads\/2022\/02\/pexels-ahmed-akacha-300x200.jpg\" alt=\"Idlib - Syrien\" width=\"300\" height=\"200\" srcset=\"https:\/\/www.camaeleon.org\/wp-content\/uploads\/2022\/02\/pexels-ahmed-akacha-300x200.jpg 300w, https:\/\/www.camaeleon.org\/wp-content\/uploads\/2022\/02\/pexels-ahmed-akacha-880x587.jpg 880w, https:\/\/www.camaeleon.org\/wp-content\/uploads\/2022\/02\/pexels-ahmed-akacha-1536x1024.jpg 1536w, https:\/\/www.camaeleon.org\/wp-content\/uploads\/2022\/02\/pexels-ahmed-akacha.jpg 2000w\" sizes=\"auto, (max-width: 300px) 100vw, 300px\" \/><figcaption id=\"caption-attachment-25461\" class=\"wp-caption-text\">Fl\u00fcchtlingslager Idlib in Syrien (Foto: Ahmed Akacha \/ pexels.com)<\/figcaption><\/figure>\n<p>Hinschauen &#8211; statt wegschauen, sowohl hier im Saarland (Stichwort: &#8220;Lager Lebach&#8221;) als auch europa- und weltweit (Stichwort: Au\u00dfengrenzen der EU). Partei ergreifen f\u00fcr Menschenrechte (die f\u00fcr alle gelten!) sowie f\u00fcr diejenigen, die unsere Solidarit\u00e4t ben\u00f6tigen. Das Wahrgenommene thematisieren, im eigenen Freundes- und Familienkreis und auch gegen\u00fcber politischen Vertretern. Hass und Hetze aktiv entgegentreten und &#8220;den Mund aufmachen&#8221;, wenn Stimmung gegen einzelne Gruppen von Menschen gemacht wird.<\/p>\n<p>Wir danken Tobias vielmals daf\u00fcr, dass er unsere Fragen beantwortet und uns \u00fcber das Thema aufgekl\u00e4rt hat. Wir wissen jetzt alle, wie wichtig diese Sache ist und was wir tun k\u00f6nnen, um die Situation der Fl\u00fcchtlinge im Saarland zu verbessern.<\/p>","protected":false},"excerpt":{"rendered":"<p>&#8220;Es kann kein gr\u00f6\u00dferes Geschenk geben als das, seine Zeit und Energie zu opfern, um anderen zu helfen, ohne eine Gegenleistung zu erwarten&#8221;, sagte Nelson<\/p>\n","protected":false},"author":152,"featured_media":25463,"comment_status":"open","ping_status":"closed","sticky":false,"template":"","format":"standard","meta":{"colormag_page_container_layout":"default_layout","colormag_page_sidebar_layout":"default_layout","footnotes":""},"categories":[5,10],"tags":[248,1728,1712,1892,1412,1893,1891],"coauthors":[1758],"class_list":["post-25410","post","type-post","status-publish","format-standard","has-post-thumbnail","hentry","category-monde","category-politique","tag-fluechtlinge","tag-fluechtlingslager","tag-fluechtlingspolitik","tag-fluechtlingsrat-saarland","tag-refugee","tag-saarlaendischer-fluechtlingsrat","tag-tobias-schunk"],"yoast_head":"<!-- This site is optimized with the Yoast SEO plugin v27.5 - https:\/\/yoast.com\/product\/yoast-seo-wordpress\/ -->\n<title>Saarl\u00e4ndischer Fl\u00fcchtlingsrat: Gegen Fl\u00fcchtlingslager und Abschiebegef\u00e4ngnisse - Cam\u00e4l\u00e9on<\/title>\n<meta name=\"description\" content=\"&quot;Es kann kein gr\u00f6\u00dferes Geschenk geben als das, seine Zeit und Energie zu opfern, um anderen zu helfen, ohne eine Gegenleistung zu erwarten&quot;, sagte Nelson Mandela.\" \/>\n<meta name=\"robots\" content=\"index, follow, max-snippet:-1, max-image-preview:large, max-video-preview:-1\" \/>\n<link rel=\"canonical\" href=\"https:\/\/www.camaeleon.org\/en\/2022\/02\/19\/saarlaendischer-fluechtlingsrat-gegen-fluechtlingslager-und-abschiebegefaengnisse\/\" \/>\n<meta property=\"og:locale\" content=\"en_US\" \/>\n<meta property=\"og:type\" content=\"article\" \/>\n<meta property=\"og:title\" content=\"Saarl\u00e4ndischer Fl\u00fcchtlingsrat: Gegen Fl\u00fcchtlingslager und Abschiebegef\u00e4ngnisse - Cam\u00e4l\u00e9on\" \/>\n<meta property=\"og:description\" content=\"&quot;Es kann kein gr\u00f6\u00dferes Geschenk geben als das, seine Zeit und Energie zu opfern, um anderen zu helfen, ohne eine Gegenleistung zu erwarten&quot;, sagte Nelson Mandela.\" \/>\n<meta property=\"og:url\" content=\"https:\/\/www.camaeleon.org\/en\/2022\/02\/19\/saarlaendischer-fluechtlingsrat-gegen-fluechtlingslager-und-abschiebegefaengnisse\/\" \/>\n<meta property=\"og:site_name\" content=\"Cam\u00e4l\u00e9on\" \/>\n<meta property=\"article:publisher\" content=\"https:\/\/www.facebook.com\/camaeleon.org\/\" \/>\n<meta property=\"article:published_time\" content=\"2022-02-19T15:53:25+00:00\" \/>\n<meta property=\"article:modified_time\" content=\"2022-03-30T10:32:13+00:00\" \/>\n<meta property=\"og:image\" content=\"https:\/\/www.camaeleon.org\/wp-content\/uploads\/2022\/02\/pexels-ahmed-akacha-7386008.jpg\" \/>\n\t<meta property=\"og:image:width\" content=\"1920\" \/>\n\t<meta property=\"og:image:height\" content=\"1280\" \/>\n\t<meta property=\"og:image:type\" content=\"image\/jpeg\" \/>\n<meta name=\"author\" content=\"Cl\u00e9mence Hehn\" \/>\n<meta name=\"twitter:card\" content=\"summary_large_image\" \/>\n<meta name=\"twitter:creator\" content=\"@camaeleonOrg\" \/>\n<meta name=\"twitter:site\" content=\"@camaeleonOrg\" \/>\n<script type=\"application\/ld+json\" class=\"yoast-schema-graph\">{\"@context\":\"https:\\\/\\\/schema.org\",\"@graph\":[{\"@type\":\"Article\",\"@id\":\"https:\\\/\\\/www.camaeleon.org\\\/2022\\\/02\\\/19\\\/saarlaendischer-fluechtlingsrat-gegen-fluechtlingslager-und-abschiebegefaengnisse\\\/#article\",\"isPartOf\":{\"@id\":\"https:\\\/\\\/www.camaeleon.org\\\/2022\\\/02\\\/19\\\/saarlaendischer-fluechtlingsrat-gegen-fluechtlingslager-und-abschiebegefaengnisse\\\/\"},\"author\":{\"name\":\"Cl\u00e9mence Hehn\",\"@id\":\"https:\\\/\\\/www.camaeleon.org\\\/de\\\/#\\\/schema\\\/person\\\/e34060899dd6d06fc247710be7ea5db7\"},\"headline\":\"Saarl\u00e4ndischer Fl\u00fcchtlingsrat: Gegen Fl\u00fcchtlingslager und Abschiebegef\u00e4ngnisse\",\"datePublished\":\"2022-02-19T15:53:25+00:00\",\"dateModified\":\"2022-03-30T10:32:13+00:00\",\"mainEntityOfPage\":{\"@id\":\"https:\\\/\\\/www.camaeleon.org\\\/2022\\\/02\\\/19\\\/saarlaendischer-fluechtlingsrat-gegen-fluechtlingslager-und-abschiebegefaengnisse\\\/\"},\"wordCount\":3680,\"commentCount\":0,\"publisher\":{\"@id\":\"https:\\\/\\\/www.camaeleon.org\\\/de\\\/#organization\"},\"image\":{\"@id\":\"https:\\\/\\\/www.camaeleon.org\\\/2022\\\/02\\\/19\\\/saarlaendischer-fluechtlingsrat-gegen-fluechtlingslager-und-abschiebegefaengnisse\\\/#primaryimage\"},\"thumbnailUrl\":\"https:\\\/\\\/www.camaeleon.org\\\/wp-content\\\/uploads\\\/2022\\\/02\\\/pexels-ahmed-akacha-7386008.jpg\",\"keywords\":[\"Fl\u00fcchtlinge\",\"Fl\u00fcchtlingslager\",\"Fl\u00fcchtlingspolitik\",\"Fl\u00fcchtlingsrat Saarland\",\"Refugee\",\"Saarl\u00e4ndischer Fl\u00fcchtlingsrat\",\"Tobias Schunk\"],\"articleSection\":[\"World\",\"Politics\"],\"inLanguage\":\"en-US\",\"potentialAction\":[{\"@type\":\"CommentAction\",\"name\":\"Comment\",\"target\":[\"https:\\\/\\\/www.camaeleon.org\\\/2022\\\/02\\\/19\\\/saarlaendischer-fluechtlingsrat-gegen-fluechtlingslager-und-abschiebegefaengnisse\\\/#respond\"]}]},{\"@type\":\"WebPage\",\"@id\":\"https:\\\/\\\/www.camaeleon.org\\\/en\\\/2022\\\/02\\\/19\\\/saarlaendischer-fluechtlingsrat-gegen-fluechtlingslager-und-abschiebegefaengnisse\\\/\",\"url\":\"https:\\\/\\\/www.camaeleon.org\\\/en\\\/2022\\\/02\\\/19\\\/saarlaendischer-fluechtlingsrat-gegen-fluechtlingslager-und-abschiebegefaengnisse\\\/\",\"name\":\"Saarl\u00e4ndischer Fl\u00fcchtlingsrat: Gegen Fl\u00fcchtlingslager und Abschiebegef\u00e4ngnisse - Cam\u00e4l\u00e9on\",\"isPartOf\":{\"@id\":\"https:\\\/\\\/www.camaeleon.org\\\/en\\\/#website\"},\"primaryImageOfPage\":{\"@id\":\"https:\\\/\\\/www.camaeleon.org\\\/en\\\/2022\\\/02\\\/19\\\/saarlaendischer-fluechtlingsrat-gegen-fluechtlingslager-und-abschiebegefaengnisse\\\/#primaryimage\"},\"image\":{\"@id\":\"https:\\\/\\\/www.camaeleon.org\\\/2022\\\/02\\\/19\\\/saarlaendischer-fluechtlingsrat-gegen-fluechtlingslager-und-abschiebegefaengnisse\\\/#primaryimage\"},\"thumbnailUrl\":\"https:\\\/\\\/www.camaeleon.org\\\/wp-content\\\/uploads\\\/2022\\\/02\\\/pexels-ahmed-akacha-7386008.jpg\",\"datePublished\":\"2022-02-19T15:53:25+00:00\",\"dateModified\":\"2022-03-30T10:32:13+00:00\",\"description\":\"\\\"Es kann kein gr\u00f6\u00dferes Geschenk geben als das, seine Zeit und Energie zu opfern, um anderen zu helfen, ohne eine Gegenleistung zu erwarten\\\", sagte Nelson Mandela.\",\"breadcrumb\":{\"@id\":\"https:\\\/\\\/www.camaeleon.org\\\/en\\\/2022\\\/02\\\/19\\\/saarlaendischer-fluechtlingsrat-gegen-fluechtlingslager-und-abschiebegefaengnisse\\\/#breadcrumb\"},\"inLanguage\":\"en-US\",\"potentialAction\":[{\"@type\":\"ReadAction\",\"target\":[[\"https:\\\/\\\/www.camaeleon.org\\\/en\\\/2022\\\/02\\\/19\\\/saarlaendischer-fluechtlingsrat-gegen-fluechtlingslager-und-abschiebegefaengnisse\\\/\"]]}]},{\"@type\":\"ImageObject\",\"inLanguage\":\"en-US\",\"@id\":\"https:\\\/\\\/www.camaeleon.org\\\/en\\\/2022\\\/02\\\/19\\\/saarlaendischer-fluechtlingsrat-gegen-fluechtlingslager-und-abschiebegefaengnisse\\\/#primaryimage\",\"url\":\"https:\\\/\\\/www.camaeleon.org\\\/wp-content\\\/uploads\\\/2022\\\/02\\\/pexels-ahmed-akacha-7386008.jpg\",\"contentUrl\":\"https:\\\/\\\/www.camaeleon.org\\\/wp-content\\\/uploads\\\/2022\\\/02\\\/pexels-ahmed-akacha-7386008.jpg\",\"width\":1920,\"height\":1280,\"caption\":\"Fl\u00fcchtlingskind in Idlib, Syrien (Foto: Ahmed Akacha \\\/ pexels.com)\"},{\"@type\":\"BreadcrumbList\",\"@id\":\"https:\\\/\\\/www.camaeleon.org\\\/en\\\/2022\\\/02\\\/19\\\/saarlaendischer-fluechtlingsrat-gegen-fluechtlingslager-und-abschiebegefaengnisse\\\/#breadcrumb\",\"itemListElement\":[{\"@type\":\"ListItem\",\"position\":1,\"name\":\"Home\",\"item\":\"https:\\\/\\\/www.camaeleon.org\\\/en\\\/\"},{\"@type\":\"ListItem\",\"position\":2,\"name\":\"Conseil des r\u00e9fugi\u00e9s de Sarre : Non aux camps de r\u00e9fugi\u00e9s et aux centres de r\u00e9tention !\"}]},{\"@type\":\"WebSite\",\"@id\":\"https:\\\/\\\/www.camaeleon.org\\\/en\\\/#website\",\"url\":\"https:\\\/\\\/www.camaeleon.org\\\/en\\\/\",\"name\":\"Cam\u00e4l\u00e9on\",\"description\":\"The online student magazine by Deutsch-Franz\u00f6sisches Gymnasium Saarbr\u00fccken\",\"publisher\":{\"@id\":\"https:\\\/\\\/www.camaeleon.org\\\/en\\\/#organization\"},\"potentialAction\":[{\"@type\":\"SearchAction\",\"target\":{\"@type\":\"EntryPoint\",\"urlTemplate\":\"https:\\\/\\\/www.camaeleon.org\\\/en\\\/?s={search_term_string}\"},\"query-input\":{\"@type\":\"PropertyValueSpecification\",\"valueRequired\":true,\"valueName\":\"search_term_string\"}}],\"inLanguage\":\"en-US\"},{\"@type\":\"Organization\",\"@id\":\"https:\\\/\\\/www.camaeleon.org\\\/en\\\/#organization\",\"name\":\"Cam\u00e4l\u00e9on\",\"url\":\"https:\\\/\\\/www.camaeleon.org\\\/en\\\/\",\"logo\":{\"@type\":\"ImageObject\",\"inLanguage\":\"en-US\",\"@id\":\"https:\\\/\\\/www.camaeleon.org\\\/en\\\/#\\\/schema\\\/logo\\\/image\\\/\",\"url\":\"https:\\\/\\\/www.camaeleon.org\\\/wp-content\\\/uploads\\\/2011\\\/11\\\/CAM\u00c4LEON.jpg\",\"contentUrl\":\"https:\\\/\\\/www.camaeleon.org\\\/wp-content\\\/uploads\\\/2011\\\/11\\\/CAM\u00c4LEON.jpg\",\"width\":959,\"height\":959,\"caption\":\"Cam\u00e4l\u00e9on\"},\"image\":{\"@id\":\"https:\\\/\\\/www.camaeleon.org\\\/en\\\/#\\\/schema\\\/logo\\\/image\\\/\"},\"sameAs\":[\"https:\\\/\\\/www.facebook.com\\\/camaeleon.org\\\/\",\"https:\\\/\\\/x.com\\\/camaeleonOrg\",\"https:\\\/\\\/www.instagram.com\\\/camaeleon.dfg\\\/\",\"https:\\\/\\\/www.youtube.com\\\/channel\\\/UCl3TAUDdGuu_c7CD6ax6hYg\"]},{\"@type\":\"Person\",\"@id\":\"https:\\\/\\\/www.camaeleon.org\\\/de\\\/#\\\/schema\\\/person\\\/e34060899dd6d06fc247710be7ea5db7\",\"name\":\"Cl\u00e9mence Hehn\",\"image\":{\"@type\":\"ImageObject\",\"inLanguage\":\"en-US\",\"@id\":\"https:\\\/\\\/www.camaeleon.org\\\/en\\\/wp-content\\\/uploads\\\/2021\\\/10\\\/20210803_195539-scaled-1-150x150.jpge8bdb51db9d35cd3a2c35714d0d4e500\",\"url\":\"https:\\\/\\\/www.camaeleon.org\\\/wp-content\\\/uploads\\\/2021\\\/10\\\/20210803_195539-scaled-1-150x150.jpg\",\"contentUrl\":\"https:\\\/\\\/www.camaeleon.org\\\/wp-content\\\/uploads\\\/2021\\\/10\\\/20210803_195539-scaled-1-150x150.jpg\",\"caption\":\"Cl\u00e9mence Hehn\"},\"url\":\"https:\\\/\\\/www.camaeleon.org\\\/en\\\/author\\\/clemence-hehn\\\/\"}]}<\/script>\n<!-- \/ Yoast SEO plugin. -->","yoast_head_json":{"title":"Saarl\u00e4ndischer Fl\u00fcchtlingsrat: Gegen Fl\u00fcchtlingslager und Abschiebegef\u00e4ngnisse - Cam\u00e4l\u00e9on","description":"\"Es kann kein gr\u00f6\u00dferes Geschenk geben als das, seine Zeit und Energie zu opfern, um anderen zu helfen, ohne eine Gegenleistung zu erwarten\", sagte Nelson Mandela.","robots":{"index":"index","follow":"follow","max-snippet":"max-snippet:-1","max-image-preview":"max-image-preview:large","max-video-preview":"max-video-preview:-1"},"canonical":"https:\/\/www.camaeleon.org\/en\/2022\/02\/19\/saarlaendischer-fluechtlingsrat-gegen-fluechtlingslager-und-abschiebegefaengnisse\/","og_locale":"en_US","og_type":"article","og_title":"Saarl\u00e4ndischer Fl\u00fcchtlingsrat: Gegen Fl\u00fcchtlingslager und Abschiebegef\u00e4ngnisse - Cam\u00e4l\u00e9on","og_description":"\"Es kann kein gr\u00f6\u00dferes Geschenk geben als das, seine Zeit und Energie zu opfern, um anderen zu helfen, ohne eine Gegenleistung zu erwarten\", sagte Nelson Mandela.","og_url":"https:\/\/www.camaeleon.org\/en\/2022\/02\/19\/saarlaendischer-fluechtlingsrat-gegen-fluechtlingslager-und-abschiebegefaengnisse\/","og_site_name":"Cam\u00e4l\u00e9on","article_publisher":"https:\/\/www.facebook.com\/camaeleon.org\/","article_published_time":"2022-02-19T15:53:25+00:00","article_modified_time":"2022-03-30T10:32:13+00:00","og_image":[{"width":1920,"height":1280,"url":"https:\/\/www.camaeleon.org\/wp-content\/uploads\/2022\/02\/pexels-ahmed-akacha-7386008.jpg","type":"image\/jpeg"}],"author":"Cl\u00e9mence Hehn","twitter_card":"summary_large_image","twitter_creator":"@camaeleonOrg","twitter_site":"@camaeleonOrg","schema":{"@context":"https:\/\/schema.org","@graph":[{"@type":"Article","@id":"https:\/\/www.camaeleon.org\/2022\/02\/19\/saarlaendischer-fluechtlingsrat-gegen-fluechtlingslager-und-abschiebegefaengnisse\/#article","isPartOf":{"@id":"https:\/\/www.camaeleon.org\/2022\/02\/19\/saarlaendischer-fluechtlingsrat-gegen-fluechtlingslager-und-abschiebegefaengnisse\/"},"author":{"name":"Cl\u00e9mence Hehn","@id":"https:\/\/www.camaeleon.org\/de\/#\/schema\/person\/e34060899dd6d06fc247710be7ea5db7"},"headline":"Saarl\u00e4ndischer Fl\u00fcchtlingsrat: Gegen Fl\u00fcchtlingslager und Abschiebegef\u00e4ngnisse","datePublished":"2022-02-19T15:53:25+00:00","dateModified":"2022-03-30T10:32:13+00:00","mainEntityOfPage":{"@id":"https:\/\/www.camaeleon.org\/2022\/02\/19\/saarlaendischer-fluechtlingsrat-gegen-fluechtlingslager-und-abschiebegefaengnisse\/"},"wordCount":3680,"commentCount":0,"publisher":{"@id":"https:\/\/www.camaeleon.org\/de\/#organization"},"image":{"@id":"https:\/\/www.camaeleon.org\/2022\/02\/19\/saarlaendischer-fluechtlingsrat-gegen-fluechtlingslager-und-abschiebegefaengnisse\/#primaryimage"},"thumbnailUrl":"https:\/\/www.camaeleon.org\/wp-content\/uploads\/2022\/02\/pexels-ahmed-akacha-7386008.jpg","keywords":["Fl\u00fcchtlinge","Fl\u00fcchtlingslager","Fl\u00fcchtlingspolitik","Fl\u00fcchtlingsrat Saarland","Refugee","Saarl\u00e4ndischer Fl\u00fcchtlingsrat","Tobias Schunk"],"articleSection":["World","Politics"],"inLanguage":"en-US","potentialAction":[{"@type":"CommentAction","name":"Comment","target":["https:\/\/www.camaeleon.org\/2022\/02\/19\/saarlaendischer-fluechtlingsrat-gegen-fluechtlingslager-und-abschiebegefaengnisse\/#respond"]}]},{"@type":"WebPage","@id":"https:\/\/www.camaeleon.org\/en\/2022\/02\/19\/saarlaendischer-fluechtlingsrat-gegen-fluechtlingslager-und-abschiebegefaengnisse\/","url":"https:\/\/www.camaeleon.org\/en\/2022\/02\/19\/saarlaendischer-fluechtlingsrat-gegen-fluechtlingslager-und-abschiebegefaengnisse\/","name":"Saarl\u00e4ndischer Fl\u00fcchtlingsrat: Gegen Fl\u00fcchtlingslager und Abschiebegef\u00e4ngnisse - Cam\u00e4l\u00e9on","isPartOf":{"@id":"https:\/\/www.camaeleon.org\/en\/#website"},"primaryImageOfPage":{"@id":"https:\/\/www.camaeleon.org\/en\/2022\/02\/19\/saarlaendischer-fluechtlingsrat-gegen-fluechtlingslager-und-abschiebegefaengnisse\/#primaryimage"},"image":{"@id":"https:\/\/www.camaeleon.org\/2022\/02\/19\/saarlaendischer-fluechtlingsrat-gegen-fluechtlingslager-und-abschiebegefaengnisse\/#primaryimage"},"thumbnailUrl":"https:\/\/www.camaeleon.org\/wp-content\/uploads\/2022\/02\/pexels-ahmed-akacha-7386008.jpg","datePublished":"2022-02-19T15:53:25+00:00","dateModified":"2022-03-30T10:32:13+00:00","description":"\"Es kann kein gr\u00f6\u00dferes Geschenk geben als das, seine Zeit und Energie zu opfern, um anderen zu helfen, ohne eine Gegenleistung zu erwarten\", sagte Nelson Mandela.","breadcrumb":{"@id":"https:\/\/www.camaeleon.org\/en\/2022\/02\/19\/saarlaendischer-fluechtlingsrat-gegen-fluechtlingslager-und-abschiebegefaengnisse\/#breadcrumb"},"inLanguage":"en-US","potentialAction":[{"@type":"ReadAction","target":[["https:\/\/www.camaeleon.org\/en\/2022\/02\/19\/saarlaendischer-fluechtlingsrat-gegen-fluechtlingslager-und-abschiebegefaengnisse\/"]]}]},{"@type":"ImageObject","inLanguage":"en-US","@id":"https:\/\/www.camaeleon.org\/en\/2022\/02\/19\/saarlaendischer-fluechtlingsrat-gegen-fluechtlingslager-und-abschiebegefaengnisse\/#primaryimage","url":"https:\/\/www.camaeleon.org\/wp-content\/uploads\/2022\/02\/pexels-ahmed-akacha-7386008.jpg","contentUrl":"https:\/\/www.camaeleon.org\/wp-content\/uploads\/2022\/02\/pexels-ahmed-akacha-7386008.jpg","width":1920,"height":1280,"caption":"Fl\u00fcchtlingskind in Idlib, Syrien (Foto: Ahmed Akacha \/ pexels.com)"},{"@type":"BreadcrumbList","@id":"https:\/\/www.camaeleon.org\/en\/2022\/02\/19\/saarlaendischer-fluechtlingsrat-gegen-fluechtlingslager-und-abschiebegefaengnisse\/#breadcrumb","itemListElement":[{"@type":"ListItem","position":1,"name":"Home","item":"https:\/\/www.camaeleon.org\/en\/"},{"@type":"ListItem","position":2,"name":"Conseil des r\u00e9fugi\u00e9s de Sarre : Non aux camps de r\u00e9fugi\u00e9s et aux centres de r\u00e9tention !"}]},{"@type":"WebSite","@id":"https:\/\/www.camaeleon.org\/en\/#website","url":"https:\/\/www.camaeleon.org\/en\/","name":"Cam\u00e4l\u00e9on","description":"The online student magazine by Deutsch-Franz\u00f6sisches Gymnasium Saarbr\u00fccken","publisher":{"@id":"https:\/\/www.camaeleon.org\/en\/#organization"},"potentialAction":[{"@type":"SearchAction","target":{"@type":"EntryPoint","urlTemplate":"https:\/\/www.camaeleon.org\/en\/?s={search_term_string}"},"query-input":{"@type":"PropertyValueSpecification","valueRequired":true,"valueName":"search_term_string"}}],"inLanguage":"en-US"},{"@type":"Organization","@id":"https:\/\/www.camaeleon.org\/en\/#organization","name":"Cam\u00e4l\u00e9on","url":"https:\/\/www.camaeleon.org\/en\/","logo":{"@type":"ImageObject","inLanguage":"en-US","@id":"https:\/\/www.camaeleon.org\/en\/#\/schema\/logo\/image\/","url":"https:\/\/www.camaeleon.org\/wp-content\/uploads\/2011\/11\/CAM\u00c4LEON.jpg","contentUrl":"https:\/\/www.camaeleon.org\/wp-content\/uploads\/2011\/11\/CAM\u00c4LEON.jpg","width":959,"height":959,"caption":"Cam\u00e4l\u00e9on"},"image":{"@id":"https:\/\/www.camaeleon.org\/en\/#\/schema\/logo\/image\/"},"sameAs":["https:\/\/www.facebook.com\/camaeleon.org\/","https:\/\/x.com\/camaeleonOrg","https:\/\/www.instagram.com\/camaeleon.dfg\/","https:\/\/www.youtube.com\/channel\/UCl3TAUDdGuu_c7CD6ax6hYg"]},{"@type":"Person","@id":"https:\/\/www.camaeleon.org\/de\/#\/schema\/person\/e34060899dd6d06fc247710be7ea5db7","name":"Cl\u00e9mence Hehn","image":{"@type":"ImageObject","inLanguage":"en-US","@id":"https:\/\/www.camaeleon.org\/en\/wp-content\/uploads\/2021\/10\/20210803_195539-scaled-1-150x150.jpge8bdb51db9d35cd3a2c35714d0d4e500","url":"https:\/\/www.camaeleon.org\/wp-content\/uploads\/2021\/10\/20210803_195539-scaled-1-150x150.jpg","contentUrl":"https:\/\/www.camaeleon.org\/wp-content\/uploads\/2021\/10\/20210803_195539-scaled-1-150x150.jpg","caption":"Cl\u00e9mence Hehn"},"url":"https:\/\/www.camaeleon.org\/en\/author\/clemence-hehn\/"}]}},"_links":{"self":[{"href":"https:\/\/www.camaeleon.org\/en\/wp-json\/wp\/v2\/posts\/25410","targetHints":{"allow":["GET"]}}],"collection":[{"href":"https:\/\/www.camaeleon.org\/en\/wp-json\/wp\/v2\/posts"}],"about":[{"href":"https:\/\/www.camaeleon.org\/en\/wp-json\/wp\/v2\/types\/post"}],"author":[{"embeddable":true,"href":"https:\/\/www.camaeleon.org\/en\/wp-json\/wp\/v2\/users\/152"}],"replies":[{"embeddable":true,"href":"https:\/\/www.camaeleon.org\/en\/wp-json\/wp\/v2\/comments?post=25410"}],"version-history":[{"count":0,"href":"https:\/\/www.camaeleon.org\/en\/wp-json\/wp\/v2\/posts\/25410\/revisions"}],"wp:featuredmedia":[{"embeddable":true,"href":"https:\/\/www.camaeleon.org\/en\/wp-json\/wp\/v2\/media\/25463"}],"wp:attachment":[{"href":"https:\/\/www.camaeleon.org\/en\/wp-json\/wp\/v2\/media?parent=25410"}],"wp:term":[{"taxonomy":"category","embeddable":true,"href":"https:\/\/www.camaeleon.org\/en\/wp-json\/wp\/v2\/categories?post=25410"},{"taxonomy":"post_tag","embeddable":true,"href":"https:\/\/www.camaeleon.org\/en\/wp-json\/wp\/v2\/tags?post=25410"},{"taxonomy":"author","embeddable":true,"href":"https:\/\/www.camaeleon.org\/en\/wp-json\/wp\/v2\/coauthors?post=25410"}],"curies":[{"name":"wp","href":"https:\/\/api.w.org\/{rel}","templated":true}]}}