{"id":25290,"date":"2022-02-04T15:11:22","date_gmt":"2022-02-04T14:11:22","guid":{"rendered":"https:\/\/www.camaeleon.org\/?p=25290"},"modified":"2022-03-28T16:39:11","modified_gmt":"2022-03-28T14:39:11","slug":"das-wort-der-woche-schweigeminute","status":"publish","type":"post","link":"https:\/\/www.camaeleon.org\/en\/2022\/02\/04\/das-wort-der-woche-schweigeminute\/","title":{"rendered":"Das Wort der Woche: #Schweigeminute"},"content":{"rendered":"<p><figure id=\"attachment_25294\" aria-describedby=\"caption-attachment-25294\" style=\"width: 300px\" class=\"wp-caption alignleft\"><img loading=\"lazy\" decoding=\"async\" class=\"size-medium wp-image-25294\" src=\"https:\/\/www.camaeleon.org\/wp-content\/uploads\/2022\/02\/grief-gfb905890d_1920-300x200.jpg\" alt=\"Schweigeminute am DFG\" width=\"300\" height=\"200\" srcset=\"https:\/\/www.camaeleon.org\/wp-content\/uploads\/2022\/02\/grief-gfb905890d_1920-300x200.jpg 300w, https:\/\/www.camaeleon.org\/wp-content\/uploads\/2022\/02\/grief-gfb905890d_1920-880x587.jpg 880w, https:\/\/www.camaeleon.org\/wp-content\/uploads\/2022\/02\/grief-gfb905890d_1920-1536x1024.jpg 1536w, https:\/\/www.camaeleon.org\/wp-content\/uploads\/2022\/02\/grief-gfb905890d_1920.jpg 1920w\" sizes=\"auto, (max-width: 300px) 100vw, 300px\" \/><figcaption id=\"caption-attachment-25294\" class=\"wp-caption-text\">Foto: Gerd Altmann \/ pixabay.com<\/figcaption><\/figure><\/p>\n<p>\u00dcberall im Saarland und in Rheinland-Pfalz wurde heute eine Minute geschwiegen, um den zwei ermordeten Polizisten zu gedenken. Um 10 Uhr wurde im Radio, im Fernsehen und an jeder saarl\u00e4ndischen Schule der Beginn dieser Minute angek\u00fcndigt.<\/p>\n<p>Es war die vielleicht stillste Minute in den G\u00e4ngen des DFG seit langem. Aus den anderen Klassenzimmern h\u00f6rte man nur das leise Atmen der Sch\u00fclerInnen und LehrerInnen.<\/p>\n<p>Was passiert ist? Zwei junge Polizisten kontrollierten bei einer Verkehrskontrolle in Kusel einen Wagen, dabei wurden sie von den Insassen des Wagens erschossen. Einer der Tatverd\u00e4chtigen, der zuvor bereits wegen Wilderei auffiel, wurde vor Kurzem gefasst. Andere T\u00e4ter werden weiterhin gesucht, ein zweiter Verd\u00e4chtiger wurde vorl\u00e4ufig festgenommen.<\/p>\n<p>Wir sprechen allen Freunden und Verwandten der Get\u00f6teten unser herzliches Beileid aus.<\/p>","protected":false},"excerpt":{"rendered":"<p>\u00dcberall im Saarland und in Rheinland-Pfalz wurde heute eine Minute geschwiegen, um den zwei ermordeten Polizisten zu gedenken. Um 10 Uhr wurde im Radio, im<\/p>\n","protected":false},"author":154,"featured_media":25294,"comment_status":"open","ping_status":"closed","sticky":false,"template":"","format":"standard","meta":{"colormag_page_container_layout":"default_layout","colormag_page_sidebar_layout":"default_layout","footnotes":""},"categories":[864],"tags":[1868,1479,1867],"coauthors":[1782],"class_list":["post-25290","post","type-post","status-publish","format-standard","has-post-thumbnail","hentry","category-le-mot-de-la-semaine","tag-mord","tag-polizei","tag-schweigeminute"],"yoast_head":"<!-- This site is optimized with the Yoast SEO plugin v27.5 - https:\/\/yoast.com\/product\/yoast-seo-wordpress\/ -->\n<title>Das Wort der Woche: #Schweigeminute - Cam\u00e4l\u00e9on<\/title>\n<meta name=\"description\" content=\"\u00dcberall im Saarland und in Rheinland-Pfalz wurde heute eine Minute geschwiegen, um den zwei ermordeten Polizisten zu gedenken.\" \/>\n<meta name=\"robots\" content=\"index, follow, max-snippet:-1, max-image-preview:large, max-video-preview:-1\" \/>\n<link rel=\"canonical\" href=\"https:\/\/www.camaeleon.org\/en\/2022\/02\/04\/das-wort-der-woche-schweigeminute\/\" \/>\n<meta property=\"og:locale\" content=\"en_US\" \/>\n<meta property=\"og:type\" content=\"article\" \/>\n<meta property=\"og:title\" content=\"Das Wort der Woche: #Schweigeminute - Cam\u00e4l\u00e9on\" \/>\n<meta property=\"og:description\" content=\"\u00dcberall im Saarland und in Rheinland-Pfalz wurde heute eine Minute geschwiegen, um den zwei ermordeten Polizisten zu gedenken.\" \/>\n<meta property=\"og:url\" content=\"https:\/\/www.camaeleon.org\/en\/2022\/02\/04\/das-wort-der-woche-schweigeminute\/\" \/>\n<meta property=\"og:site_name\" content=\"Cam\u00e4l\u00e9on\" \/>\n<meta property=\"article:publisher\" content=\"https:\/\/www.facebook.com\/camaeleon.org\/\" \/>\n<meta property=\"article:published_time\" content=\"2022-02-04T14:11:22+00:00\" \/>\n<meta property=\"article:modified_time\" content=\"2022-03-28T14:39:11+00:00\" \/>\n<meta property=\"og:image\" content=\"https:\/\/www.camaeleon.org\/wp-content\/uploads\/2022\/02\/grief-gfb905890d_1920.jpg\" \/>\n\t<meta property=\"og:image:width\" content=\"1920\" \/>\n\t<meta property=\"og:image:height\" content=\"1280\" \/>\n\t<meta property=\"og:image:type\" content=\"image\/jpeg\" \/>\n<meta name=\"author\" content=\"Ellenore Niederl\u00e4nder\" \/>\n<meta name=\"twitter:card\" content=\"summary_large_image\" \/>\n<meta name=\"twitter:creator\" content=\"@camaeleonOrg\" \/>\n<meta name=\"twitter:site\" content=\"@camaeleonOrg\" \/>\n<script type=\"application\/ld+json\" class=\"yoast-schema-graph\">{\"@context\":\"https:\\\/\\\/schema.org\",\"@graph\":[{\"@type\":\"Article\",\"@id\":\"https:\\\/\\\/www.camaeleon.org\\\/2022\\\/02\\\/04\\\/das-wort-der-woche-schweigeminute\\\/#article\",\"isPartOf\":{\"@id\":\"https:\\\/\\\/www.camaeleon.org\\\/2022\\\/02\\\/04\\\/das-wort-der-woche-schweigeminute\\\/\"},\"author\":{\"name\":\"Ellenore Niederl\u00e4nder\",\"@id\":\"https:\\\/\\\/www.camaeleon.org\\\/de\\\/#\\\/schema\\\/person\\\/da51dc4d145f684b818151a7205f42ef\"},\"headline\":\"Das Wort der Woche: #Schweigeminute\",\"datePublished\":\"2022-02-04T14:11:22+00:00\",\"dateModified\":\"2022-03-28T14:39:11+00:00\",\"mainEntityOfPage\":{\"@id\":\"https:\\\/\\\/www.camaeleon.org\\\/2022\\\/02\\\/04\\\/das-wort-der-woche-schweigeminute\\\/\"},\"wordCount\":461,\"commentCount\":0,\"publisher\":{\"@id\":\"https:\\\/\\\/www.camaeleon.org\\\/de\\\/#organization\"},\"image\":{\"@id\":\"https:\\\/\\\/www.camaeleon.org\\\/2022\\\/02\\\/04\\\/das-wort-der-woche-schweigeminute\\\/#primaryimage\"},\"thumbnailUrl\":\"https:\\\/\\\/www.camaeleon.org\\\/wp-content\\\/uploads\\\/2022\\\/02\\\/grief-gfb905890d_1920.jpg\",\"keywords\":[\"Mord\",\"Polizei\",\"Schweigeminute\"],\"articleSection\":[\"Word of the Week\"],\"inLanguage\":\"en-US\",\"potentialAction\":[{\"@type\":\"CommentAction\",\"name\":\"Comment\",\"target\":[\"https:\\\/\\\/www.camaeleon.org\\\/2022\\\/02\\\/04\\\/das-wort-der-woche-schweigeminute\\\/#respond\"]}]},{\"@type\":\"WebPage\",\"@id\":\"https:\\\/\\\/www.camaeleon.org\\\/en\\\/2022\\\/02\\\/04\\\/das-wort-der-woche-schweigeminute\\\/\",\"url\":\"https:\\\/\\\/www.camaeleon.org\\\/en\\\/2022\\\/02\\\/04\\\/das-wort-der-woche-schweigeminute\\\/\",\"name\":\"Das Wort der Woche: #Schweigeminute - Cam\u00e4l\u00e9on\",\"isPartOf\":{\"@id\":\"https:\\\/\\\/www.camaeleon.org\\\/en\\\/#website\"},\"primaryImageOfPage\":{\"@id\":\"https:\\\/\\\/www.camaeleon.org\\\/en\\\/2022\\\/02\\\/04\\\/das-wort-der-woche-schweigeminute\\\/#primaryimage\"},\"image\":{\"@id\":\"https:\\\/\\\/www.camaeleon.org\\\/2022\\\/02\\\/04\\\/das-wort-der-woche-schweigeminute\\\/#primaryimage\"},\"thumbnailUrl\":\"https:\\\/\\\/www.camaeleon.org\\\/wp-content\\\/uploads\\\/2022\\\/02\\\/grief-gfb905890d_1920.jpg\",\"datePublished\":\"2022-02-04T14:11:22+00:00\",\"dateModified\":\"2022-03-28T14:39:11+00:00\",\"description\":\"\u00dcberall im Saarland und in Rheinland-Pfalz wurde heute eine Minute geschwiegen, um den zwei ermordeten Polizisten zu gedenken.\",\"breadcrumb\":{\"@id\":\"https:\\\/\\\/www.camaeleon.org\\\/en\\\/2022\\\/02\\\/04\\\/das-wort-der-woche-schweigeminute\\\/#breadcrumb\"},\"inLanguage\":\"en-US\",\"potentialAction\":[{\"@type\":\"ReadAction\",\"target\":[[\"https:\\\/\\\/www.camaeleon.org\\\/en\\\/2022\\\/02\\\/04\\\/das-wort-der-woche-schweigeminute\\\/\"]]}]},{\"@type\":\"ImageObject\",\"inLanguage\":\"en-US\",\"@id\":\"https:\\\/\\\/www.camaeleon.org\\\/en\\\/2022\\\/02\\\/04\\\/das-wort-der-woche-schweigeminute\\\/#primaryimage\",\"url\":\"https:\\\/\\\/www.camaeleon.org\\\/wp-content\\\/uploads\\\/2022\\\/02\\\/grief-gfb905890d_1920.jpg\",\"contentUrl\":\"https:\\\/\\\/www.camaeleon.org\\\/wp-content\\\/uploads\\\/2022\\\/02\\\/grief-gfb905890d_1920.jpg\",\"width\":1920,\"height\":1280,\"caption\":\"Foto: Gerd Altmann \\\/ pixabay.com\"},{\"@type\":\"BreadcrumbList\",\"@id\":\"https:\\\/\\\/www.camaeleon.org\\\/en\\\/2022\\\/02\\\/04\\\/das-wort-der-woche-schweigeminute\\\/#breadcrumb\",\"itemListElement\":[{\"@type\":\"ListItem\",\"position\":1,\"name\":\"Home\",\"item\":\"https:\\\/\\\/www.camaeleon.org\\\/en\\\/\"},{\"@type\":\"ListItem\",\"position\":2,\"name\":\"Das Wort der Woche: #Schweigeminute\"}]},{\"@type\":\"WebSite\",\"@id\":\"https:\\\/\\\/www.camaeleon.org\\\/en\\\/#website\",\"url\":\"https:\\\/\\\/www.camaeleon.org\\\/en\\\/\",\"name\":\"Cam\u00e4l\u00e9on\",\"description\":\"The online student magazine by Deutsch-Franz\u00f6sisches Gymnasium Saarbr\u00fccken\",\"publisher\":{\"@id\":\"https:\\\/\\\/www.camaeleon.org\\\/en\\\/#organization\"},\"potentialAction\":[{\"@type\":\"SearchAction\",\"target\":{\"@type\":\"EntryPoint\",\"urlTemplate\":\"https:\\\/\\\/www.camaeleon.org\\\/en\\\/?s={search_term_string}\"},\"query-input\":{\"@type\":\"PropertyValueSpecification\",\"valueRequired\":true,\"valueName\":\"search_term_string\"}}],\"inLanguage\":\"en-US\"},{\"@type\":\"Organization\",\"@id\":\"https:\\\/\\\/www.camaeleon.org\\\/en\\\/#organization\",\"name\":\"Cam\u00e4l\u00e9on\",\"url\":\"https:\\\/\\\/www.camaeleon.org\\\/en\\\/\",\"logo\":{\"@type\":\"ImageObject\",\"inLanguage\":\"en-US\",\"@id\":\"https:\\\/\\\/www.camaeleon.org\\\/en\\\/#\\\/schema\\\/logo\\\/image\\\/\",\"url\":\"https:\\\/\\\/www.camaeleon.org\\\/wp-content\\\/uploads\\\/2011\\\/11\\\/CAM\u00c4LEON.jpg\",\"contentUrl\":\"https:\\\/\\\/www.camaeleon.org\\\/wp-content\\\/uploads\\\/2011\\\/11\\\/CAM\u00c4LEON.jpg\",\"width\":959,\"height\":959,\"caption\":\"Cam\u00e4l\u00e9on\"},\"image\":{\"@id\":\"https:\\\/\\\/www.camaeleon.org\\\/en\\\/#\\\/schema\\\/logo\\\/image\\\/\"},\"sameAs\":[\"https:\\\/\\\/www.facebook.com\\\/camaeleon.org\\\/\",\"https:\\\/\\\/x.com\\\/camaeleonOrg\",\"https:\\\/\\\/www.instagram.com\\\/camaeleon.dfg\\\/\",\"https:\\\/\\\/www.youtube.com\\\/channel\\\/UCl3TAUDdGuu_c7CD6ax6hYg\"]},{\"@type\":\"Person\",\"@id\":\"https:\\\/\\\/www.camaeleon.org\\\/de\\\/#\\\/schema\\\/person\\\/da51dc4d145f684b818151a7205f42ef\",\"name\":\"Ellenore Niederl\u00e4nder\",\"image\":{\"@type\":\"ImageObject\",\"inLanguage\":\"en-US\",\"@id\":\"https:\\\/\\\/www.camaeleon.org\\\/en\\\/wp-content\\\/uploads\\\/2022\\\/04\\\/ellenore-150x150.jpg97b2dc99cee7b261fa60344ca235233d\",\"url\":\"https:\\\/\\\/www.camaeleon.org\\\/wp-content\\\/uploads\\\/2022\\\/04\\\/ellenore-150x150.jpg\",\"contentUrl\":\"https:\\\/\\\/www.camaeleon.org\\\/wp-content\\\/uploads\\\/2022\\\/04\\\/ellenore-150x150.jpg\",\"caption\":\"Ellenore Niederl\u00e4nder\"},\"description\":\"Hey :) I'm Ellenore, 16 years old and in the class 2L2. Outside of school I play theater in Gr\u00e4finthal. My favourite sport is swimming :) At Cam\u00e4l\u00e9on, I really like writing the word of the week and making videos.\",\"url\":\"https:\\\/\\\/www.camaeleon.org\\\/en\\\/author\\\/ellenore-niederlaender\\\/\"}]}<\/script>\n<!-- \/ Yoast SEO plugin. -->","yoast_head_json":{"title":"Das Wort der Woche: #Schweigeminute - Cam\u00e4l\u00e9on","description":"\u00dcberall im Saarland und in Rheinland-Pfalz wurde heute eine Minute geschwiegen, um den zwei ermordeten Polizisten zu gedenken.","robots":{"index":"index","follow":"follow","max-snippet":"max-snippet:-1","max-image-preview":"max-image-preview:large","max-video-preview":"max-video-preview:-1"},"canonical":"https:\/\/www.camaeleon.org\/en\/2022\/02\/04\/das-wort-der-woche-schweigeminute\/","og_locale":"en_US","og_type":"article","og_title":"Das Wort der Woche: #Schweigeminute - Cam\u00e4l\u00e9on","og_description":"\u00dcberall im Saarland und in Rheinland-Pfalz wurde heute eine Minute geschwiegen, um den zwei ermordeten Polizisten zu gedenken.","og_url":"https:\/\/www.camaeleon.org\/en\/2022\/02\/04\/das-wort-der-woche-schweigeminute\/","og_site_name":"Cam\u00e4l\u00e9on","article_publisher":"https:\/\/www.facebook.com\/camaeleon.org\/","article_published_time":"2022-02-04T14:11:22+00:00","article_modified_time":"2022-03-28T14:39:11+00:00","og_image":[{"width":1920,"height":1280,"url":"https:\/\/www.camaeleon.org\/wp-content\/uploads\/2022\/02\/grief-gfb905890d_1920.jpg","type":"image\/jpeg"}],"author":"Ellenore Niederl\u00e4nder","twitter_card":"summary_large_image","twitter_creator":"@camaeleonOrg","twitter_site":"@camaeleonOrg","schema":{"@context":"https:\/\/schema.org","@graph":[{"@type":"Article","@id":"https:\/\/www.camaeleon.org\/2022\/02\/04\/das-wort-der-woche-schweigeminute\/#article","isPartOf":{"@id":"https:\/\/www.camaeleon.org\/2022\/02\/04\/das-wort-der-woche-schweigeminute\/"},"author":{"name":"Ellenore Niederl\u00e4nder","@id":"https:\/\/www.camaeleon.org\/de\/#\/schema\/person\/da51dc4d145f684b818151a7205f42ef"},"headline":"Das Wort der Woche: #Schweigeminute","datePublished":"2022-02-04T14:11:22+00:00","dateModified":"2022-03-28T14:39:11+00:00","mainEntityOfPage":{"@id":"https:\/\/www.camaeleon.org\/2022\/02\/04\/das-wort-der-woche-schweigeminute\/"},"wordCount":461,"commentCount":0,"publisher":{"@id":"https:\/\/www.camaeleon.org\/de\/#organization"},"image":{"@id":"https:\/\/www.camaeleon.org\/2022\/02\/04\/das-wort-der-woche-schweigeminute\/#primaryimage"},"thumbnailUrl":"https:\/\/www.camaeleon.org\/wp-content\/uploads\/2022\/02\/grief-gfb905890d_1920.jpg","keywords":["Mord","Polizei","Schweigeminute"],"articleSection":["Word of the Week"],"inLanguage":"en-US","potentialAction":[{"@type":"CommentAction","name":"Comment","target":["https:\/\/www.camaeleon.org\/2022\/02\/04\/das-wort-der-woche-schweigeminute\/#respond"]}]},{"@type":"WebPage","@id":"https:\/\/www.camaeleon.org\/en\/2022\/02\/04\/das-wort-der-woche-schweigeminute\/","url":"https:\/\/www.camaeleon.org\/en\/2022\/02\/04\/das-wort-der-woche-schweigeminute\/","name":"Das Wort der Woche: #Schweigeminute - Cam\u00e4l\u00e9on","isPartOf":{"@id":"https:\/\/www.camaeleon.org\/en\/#website"},"primaryImageOfPage":{"@id":"https:\/\/www.camaeleon.org\/en\/2022\/02\/04\/das-wort-der-woche-schweigeminute\/#primaryimage"},"image":{"@id":"https:\/\/www.camaeleon.org\/2022\/02\/04\/das-wort-der-woche-schweigeminute\/#primaryimage"},"thumbnailUrl":"https:\/\/www.camaeleon.org\/wp-content\/uploads\/2022\/02\/grief-gfb905890d_1920.jpg","datePublished":"2022-02-04T14:11:22+00:00","dateModified":"2022-03-28T14:39:11+00:00","description":"\u00dcberall im Saarland und in Rheinland-Pfalz wurde heute eine Minute geschwiegen, um den zwei ermordeten Polizisten zu gedenken.","breadcrumb":{"@id":"https:\/\/www.camaeleon.org\/en\/2022\/02\/04\/das-wort-der-woche-schweigeminute\/#breadcrumb"},"inLanguage":"en-US","potentialAction":[{"@type":"ReadAction","target":[["https:\/\/www.camaeleon.org\/en\/2022\/02\/04\/das-wort-der-woche-schweigeminute\/"]]}]},{"@type":"ImageObject","inLanguage":"en-US","@id":"https:\/\/www.camaeleon.org\/en\/2022\/02\/04\/das-wort-der-woche-schweigeminute\/#primaryimage","url":"https:\/\/www.camaeleon.org\/wp-content\/uploads\/2022\/02\/grief-gfb905890d_1920.jpg","contentUrl":"https:\/\/www.camaeleon.org\/wp-content\/uploads\/2022\/02\/grief-gfb905890d_1920.jpg","width":1920,"height":1280,"caption":"Foto: Gerd Altmann \/ pixabay.com"},{"@type":"BreadcrumbList","@id":"https:\/\/www.camaeleon.org\/en\/2022\/02\/04\/das-wort-der-woche-schweigeminute\/#breadcrumb","itemListElement":[{"@type":"ListItem","position":1,"name":"Home","item":"https:\/\/www.camaeleon.org\/en\/"},{"@type":"ListItem","position":2,"name":"Das Wort der Woche: #Schweigeminute"}]},{"@type":"WebSite","@id":"https:\/\/www.camaeleon.org\/en\/#website","url":"https:\/\/www.camaeleon.org\/en\/","name":"Cam\u00e4l\u00e9on","description":"The online student magazine by Deutsch-Franz\u00f6sisches Gymnasium Saarbr\u00fccken","publisher":{"@id":"https:\/\/www.camaeleon.org\/en\/#organization"},"potentialAction":[{"@type":"SearchAction","target":{"@type":"EntryPoint","urlTemplate":"https:\/\/www.camaeleon.org\/en\/?s={search_term_string}"},"query-input":{"@type":"PropertyValueSpecification","valueRequired":true,"valueName":"search_term_string"}}],"inLanguage":"en-US"},{"@type":"Organization","@id":"https:\/\/www.camaeleon.org\/en\/#organization","name":"Cam\u00e4l\u00e9on","url":"https:\/\/www.camaeleon.org\/en\/","logo":{"@type":"ImageObject","inLanguage":"en-US","@id":"https:\/\/www.camaeleon.org\/en\/#\/schema\/logo\/image\/","url":"https:\/\/www.camaeleon.org\/wp-content\/uploads\/2011\/11\/CAM\u00c4LEON.jpg","contentUrl":"https:\/\/www.camaeleon.org\/wp-content\/uploads\/2011\/11\/CAM\u00c4LEON.jpg","width":959,"height":959,"caption":"Cam\u00e4l\u00e9on"},"image":{"@id":"https:\/\/www.camaeleon.org\/en\/#\/schema\/logo\/image\/"},"sameAs":["https:\/\/www.facebook.com\/camaeleon.org\/","https:\/\/x.com\/camaeleonOrg","https:\/\/www.instagram.com\/camaeleon.dfg\/","https:\/\/www.youtube.com\/channel\/UCl3TAUDdGuu_c7CD6ax6hYg"]},{"@type":"Person","@id":"https:\/\/www.camaeleon.org\/de\/#\/schema\/person\/da51dc4d145f684b818151a7205f42ef","name":"Ellenore Niederl\u00e4nder","image":{"@type":"ImageObject","inLanguage":"en-US","@id":"https:\/\/www.camaeleon.org\/en\/wp-content\/uploads\/2022\/04\/ellenore-150x150.jpg97b2dc99cee7b261fa60344ca235233d","url":"https:\/\/www.camaeleon.org\/wp-content\/uploads\/2022\/04\/ellenore-150x150.jpg","contentUrl":"https:\/\/www.camaeleon.org\/wp-content\/uploads\/2022\/04\/ellenore-150x150.jpg","caption":"Ellenore Niederl\u00e4nder"},"description":"Hey :) I'm Ellenore, 16 years old and in the class 2L2. Outside of school I play theater in Gr\u00e4finthal. My favourite sport is swimming :) At Cam\u00e4l\u00e9on, I really like writing the word of the week and making videos.","url":"https:\/\/www.camaeleon.org\/en\/author\/ellenore-niederlaender\/"}]}},"_links":{"self":[{"href":"https:\/\/www.camaeleon.org\/en\/wp-json\/wp\/v2\/posts\/25290","targetHints":{"allow":["GET"]}}],"collection":[{"href":"https:\/\/www.camaeleon.org\/en\/wp-json\/wp\/v2\/posts"}],"about":[{"href":"https:\/\/www.camaeleon.org\/en\/wp-json\/wp\/v2\/types\/post"}],"author":[{"embeddable":true,"href":"https:\/\/www.camaeleon.org\/en\/wp-json\/wp\/v2\/users\/154"}],"replies":[{"embeddable":true,"href":"https:\/\/www.camaeleon.org\/en\/wp-json\/wp\/v2\/comments?post=25290"}],"version-history":[{"count":0,"href":"https:\/\/www.camaeleon.org\/en\/wp-json\/wp\/v2\/posts\/25290\/revisions"}],"wp:featuredmedia":[{"embeddable":true,"href":"https:\/\/www.camaeleon.org\/en\/wp-json\/wp\/v2\/media\/25294"}],"wp:attachment":[{"href":"https:\/\/www.camaeleon.org\/en\/wp-json\/wp\/v2\/media?parent=25290"}],"wp:term":[{"taxonomy":"category","embeddable":true,"href":"https:\/\/www.camaeleon.org\/en\/wp-json\/wp\/v2\/categories?post=25290"},{"taxonomy":"post_tag","embeddable":true,"href":"https:\/\/www.camaeleon.org\/en\/wp-json\/wp\/v2\/tags?post=25290"},{"taxonomy":"author","embeddable":true,"href":"https:\/\/www.camaeleon.org\/en\/wp-json\/wp\/v2\/coauthors?post=25290"}],"curies":[{"name":"wp","href":"https:\/\/api.w.org\/{rel}","templated":true}]}}