{"id":23901,"date":"2021-06-04T09:11:41","date_gmt":"2021-06-04T07:11:41","guid":{"rendered":"https:\/\/www.camaeleon.org\/?p=23901"},"modified":"2021-11-28T18:17:05","modified_gmt":"2021-11-28T17:17:05","slug":"le-mot-de-la-semaine-vaccinpourlesjeunes","status":"publish","type":"post","link":"https:\/\/www.camaeleon.org\/en\/2021\/06\/04\/le-mot-de-la-semaine-vaccinpourlesjeunes\/","title":{"rendered":"Le mot de la semaine: #VaccinPourLesJeunes"},"content":{"rendered":"<figure id=\"attachment_23916\" aria-describedby=\"caption-attachment-23916\" style=\"width: 300px\" class=\"wp-caption alignleft\"><a href=\"https:\/\/www.camaeleon.org\/2021\/06\/04\/le-mot-de-la-semaine-vaccinpourlesjeunes\/medical-5029289_1920\/\" rel=\"attachment wp-att-23916\"><img loading=\"lazy\" decoding=\"async\" class=\"size-medium wp-image-23916\" src=\"https:\/\/www.camaeleon.org\/wp-content\/uploads\/2021\/06\/medical-5029289_1920-300x214.jpg\" alt=\"\" width=\"300\" height=\"214\" srcset=\"https:\/\/www.camaeleon.org\/wp-content\/uploads\/2021\/06\/medical-5029289_1920-300x214.jpg 300w, https:\/\/www.camaeleon.org\/wp-content\/uploads\/2021\/06\/medical-5029289_1920-841x600.jpg 841w, https:\/\/www.camaeleon.org\/wp-content\/uploads\/2021\/06\/medical-5029289_1920-1536x1096.jpg 1536w, https:\/\/www.camaeleon.org\/wp-content\/uploads\/2021\/06\/medical-5029289_1920.jpg 1920w\" sizes=\"auto, (max-width: 300px) 100vw, 300px\" \/><\/a><figcaption id=\"caption-attachment-23916\" class=\"wp-caption-text\">vaccination (photo: Pixabay)<\/figcaption><\/figure>\n<p>Le vaccin pour les jeunes arrive! La Commission europ\u00e9enne vient de confirmer que les adolescents d\u00e8s 12 ans peuvent se faire vacciner avec le vaccin de Pfizer. En Allemagne, le feu vert a \u00e9t\u00e9 donn\u00e9 pour le 7 juin, et en France, les plus de 12 ans pourront se faire vacciner \u00e0 partir du 15 juin. Jusqu&#8217;\u00e0 pr\u00e9sent, les vaccins n&#8217;\u00e9taient r\u00e9serv\u00e9s qu&#8217;aux adultes, et la recherche ne s&#8217;est concentr\u00e9e sur la vaccination des adolescents que depuis quelques mois. Peut-on avoir confiance ou est-ce que cette d\u00e9cision est un peu pr\u00e9cipit\u00e9e? Aux \u00c9tats-Unis, les adolescents semblent \u00eatre d\u00e9j\u00e0 tr\u00e8s mobilis\u00e9s par la campagne de vaccination, mais est-ce que les jeunes fran\u00e7ais et allemands (et leurs parents) voudront suivre le m\u00eame mouvement ? Beaucoup sont encore sceptiques. Et vous, lecteurs de Cam\u00e4l\u00e9on, \u00eates-vous pr\u00eats \u00e0 vous faire vacciner?<\/p>\n<div id=\"polls-106\" class=\"wp-polls\">\n\t<form id=\"polls_form_106\" class=\"wp-polls-form\" action=\"\/index.php\" method=\"post\">\n\t\t<p style=\"display: none;\"><input type=\"hidden\" id=\"poll_106_nonce\" name=\"wp-polls-nonce\" value=\"1b556d7248\" \/><\/p>\n\t\t<p style=\"display: none;\"><input type=\"hidden\" name=\"poll_id\" value=\"106\" \/><\/p>\n\t\t<p style=\"text-align: left\"><strong>Si vous avez plus de 12 ans, \u00eates-vous pr\u00eats \u00e0 aller vous faire vacciner?<\/strong><\/p><div id=\"polls-106-ans\" class=\"wp-polls-ans\"><ul class=\"wp-polls-ul\"><br>\n\t\t<li><input type=\"radio\" id=\"poll-answer-399\" name=\"poll_106\" value=\"399\" \/> <label for=\"poll-answer-399\">Oui, sans h\u00e9sitation!<\/label><\/li><br>\n\t\t<li><input type=\"radio\" id=\"poll-answer-400\" name=\"poll_106\" value=\"400\" \/> <label for=\"poll-answer-400\">Pas question!<\/label><\/li><br>\n\t\t<li><input type=\"radio\" id=\"poll-answer-401\" name=\"poll_106\" value=\"401\" \/> <label for=\"poll-answer-401\">Je ne suis pas s\u00fbr.e, je pr\u00e9f\u00e8re attendre encore un peu.<\/label><\/li><br>\n\t\t<p style=\"text-align: left\"><input type=\"button\" name=\"vote\" value=\"   Vote   \" class=\"Buttons\" onclick=\"poll_vote(106);\" \/><\/p>\r\n<p style=\"text-align: left\"><a href=\"#ViewPollResults\" onclick=\"poll_result(106); return false;\" title=\"Ergebnisse dieser Umfrage sehen\">View results<\/a><\/p>\n\t<\/form>\n<\/div>\n<div id=\"polls-106-loading\" class=\"wp-polls-loading\"><img loading=\"lazy\" decoding=\"async\" src=\"https:\/\/www.camaeleon.org\/wp-content\/plugins\/wp-polls\/images\/loading.gif\" width=\"16\" height=\"16\" alt=\"Loading ...\" title=\"Loading ...\" class=\"wp-polls-image\" \/>&nbsp;Loading ...<\/div>\n\n","protected":false},"excerpt":{"rendered":"<p>Le vaccin pour les jeunes arrive! La Commission europ\u00e9enne vient de confirmer que les adolescents d\u00e8s 12 ans peuvent se faire vacciner avec le vaccin<\/p>\n","protected":false},"author":146,"featured_media":23916,"comment_status":"open","ping_status":"closed","sticky":false,"template":"","format":"standard","meta":{"colormag_page_container_layout":"default_layout","colormag_page_sidebar_layout":"default_layout","footnotes":""},"categories":[1173,864],"tags":[1212,1169,1679,1403,1680,1302],"coauthors":[1209],"class_list":["post-23901","post","type-post","status-publish","format-standard","has-post-thumbnail","hentry","category-corona","category-le-mot-de-la-semaine","tag-coronavirus","tag-covid-19","tag-impfen","tag-impfstoff","tag-impfungen","tag-vaccin"],"yoast_head":"<!-- This site is optimized with the Yoast SEO plugin v27.4 - https:\/\/yoast.com\/product\/yoast-seo-wordpress\/ -->\n<title>Le mot de la semaine: #VaccinPourLesJeunes - Cam\u00e4l\u00e9on<\/title>\n<meta name=\"description\" content=\"Le vaccin pour les jeunes arrive! La Commission europ\u00e9enne vient de confirmer que les adolescents d\u00e8s 12 ans peuvent se faire vacciner.\" \/>\n<meta name=\"robots\" content=\"index, follow, max-snippet:-1, max-image-preview:large, max-video-preview:-1\" \/>\n<link rel=\"canonical\" href=\"https:\/\/www.camaeleon.org\/en\/2021\/06\/04\/le-mot-de-la-semaine-vaccinpourlesjeunes\/\" \/>\n<meta property=\"og:locale\" content=\"en_US\" \/>\n<meta property=\"og:type\" content=\"article\" \/>\n<meta property=\"og:title\" content=\"Le mot de la semaine: #VaccinPourLesJeunes - Cam\u00e4l\u00e9on\" \/>\n<meta property=\"og:description\" content=\"Le vaccin pour les jeunes arrive! La Commission europ\u00e9enne vient de confirmer que les adolescents d\u00e8s 12 ans peuvent se faire vacciner.\" \/>\n<meta property=\"og:url\" content=\"https:\/\/www.camaeleon.org\/en\/2021\/06\/04\/le-mot-de-la-semaine-vaccinpourlesjeunes\/\" \/>\n<meta property=\"og:site_name\" content=\"Cam\u00e4l\u00e9on\" \/>\n<meta property=\"article:publisher\" content=\"https:\/\/www.facebook.com\/camaeleon.org\/\" \/>\n<meta property=\"article:published_time\" content=\"2021-06-04T07:11:41+00:00\" \/>\n<meta property=\"article:modified_time\" content=\"2021-11-28T17:17:05+00:00\" \/>\n<meta property=\"og:image\" content=\"https:\/\/www.camaeleon.org\/wp-content\/uploads\/2021\/06\/medical-5029289_1920.jpg\" \/>\n\t<meta property=\"og:image:width\" content=\"1920\" \/>\n\t<meta property=\"og:image:height\" content=\"1370\" \/>\n\t<meta property=\"og:image:type\" content=\"image\/jpeg\" \/>\n<meta name=\"author\" content=\"Anouk Viero\" \/>\n<meta name=\"twitter:card\" content=\"summary_large_image\" \/>\n<meta name=\"twitter:creator\" content=\"@camaeleonOrg\" \/>\n<meta name=\"twitter:site\" content=\"@camaeleonOrg\" \/>\n<script type=\"application\/ld+json\" class=\"yoast-schema-graph\">{\"@context\":\"https:\\\/\\\/schema.org\",\"@graph\":[{\"@type\":\"Article\",\"@id\":\"https:\\\/\\\/www.camaeleon.org\\\/2021\\\/06\\\/04\\\/le-mot-de-la-semaine-vaccinpourlesjeunes\\\/#article\",\"isPartOf\":{\"@id\":\"https:\\\/\\\/www.camaeleon.org\\\/2021\\\/06\\\/04\\\/le-mot-de-la-semaine-vaccinpourlesjeunes\\\/\"},\"author\":{\"name\":\"Anouk Viero\",\"@id\":\"https:\\\/\\\/www.camaeleon.org\\\/de\\\/#\\\/schema\\\/person\\\/34dd43503993f08eb39382df2c5b79b5\"},\"headline\":\"Le mot de la semaine: #VaccinPourLesJeunes\",\"datePublished\":\"2021-06-04T07:11:41+00:00\",\"dateModified\":\"2021-11-28T17:17:05+00:00\",\"mainEntityOfPage\":{\"@id\":\"https:\\\/\\\/www.camaeleon.org\\\/2021\\\/06\\\/04\\\/le-mot-de-la-semaine-vaccinpourlesjeunes\\\/\"},\"wordCount\":168,\"commentCount\":0,\"publisher\":{\"@id\":\"https:\\\/\\\/www.camaeleon.org\\\/de\\\/#organization\"},\"image\":{\"@id\":\"https:\\\/\\\/www.camaeleon.org\\\/2021\\\/06\\\/04\\\/le-mot-de-la-semaine-vaccinpourlesjeunes\\\/#primaryimage\"},\"thumbnailUrl\":\"https:\\\/\\\/www.camaeleon.org\\\/wp-content\\\/uploads\\\/2021\\\/06\\\/medical-5029289_1920.jpg\",\"keywords\":[\"coronavirus\",\"COVID-19\",\"Impfen\",\"Impfstoff\",\"Impfungen\",\"vaccin\"],\"articleSection\":[\"Corona crisis\",\"Word of the Week\"],\"inLanguage\":\"en-US\",\"potentialAction\":[{\"@type\":\"CommentAction\",\"name\":\"Comment\",\"target\":[\"https:\\\/\\\/www.camaeleon.org\\\/2021\\\/06\\\/04\\\/le-mot-de-la-semaine-vaccinpourlesjeunes\\\/#respond\"]}]},{\"@type\":\"WebPage\",\"@id\":\"https:\\\/\\\/www.camaeleon.org\\\/en\\\/2021\\\/06\\\/04\\\/le-mot-de-la-semaine-vaccinpourlesjeunes\\\/\",\"url\":\"https:\\\/\\\/www.camaeleon.org\\\/en\\\/2021\\\/06\\\/04\\\/le-mot-de-la-semaine-vaccinpourlesjeunes\\\/\",\"name\":\"Le mot de la semaine: #VaccinPourLesJeunes - Cam\u00e4l\u00e9on\",\"isPartOf\":{\"@id\":\"https:\\\/\\\/www.camaeleon.org\\\/en\\\/#website\"},\"primaryImageOfPage\":{\"@id\":\"https:\\\/\\\/www.camaeleon.org\\\/en\\\/2021\\\/06\\\/04\\\/le-mot-de-la-semaine-vaccinpourlesjeunes\\\/#primaryimage\"},\"image\":{\"@id\":\"https:\\\/\\\/www.camaeleon.org\\\/2021\\\/06\\\/04\\\/le-mot-de-la-semaine-vaccinpourlesjeunes\\\/#primaryimage\"},\"thumbnailUrl\":\"https:\\\/\\\/www.camaeleon.org\\\/wp-content\\\/uploads\\\/2021\\\/06\\\/medical-5029289_1920.jpg\",\"datePublished\":\"2021-06-04T07:11:41+00:00\",\"dateModified\":\"2021-11-28T17:17:05+00:00\",\"description\":\"Le vaccin pour les jeunes arrive! La Commission europ\u00e9enne vient de confirmer que les adolescents d\u00e8s 12 ans peuvent se faire vacciner.\",\"breadcrumb\":{\"@id\":\"https:\\\/\\\/www.camaeleon.org\\\/en\\\/2021\\\/06\\\/04\\\/le-mot-de-la-semaine-vaccinpourlesjeunes\\\/#breadcrumb\"},\"inLanguage\":\"en-US\",\"potentialAction\":[{\"@type\":\"ReadAction\",\"target\":[[\"https:\\\/\\\/www.camaeleon.org\\\/en\\\/2021\\\/06\\\/04\\\/le-mot-de-la-semaine-vaccinpourlesjeunes\\\/\"]]}]},{\"@type\":\"ImageObject\",\"inLanguage\":\"en-US\",\"@id\":\"https:\\\/\\\/www.camaeleon.org\\\/en\\\/2021\\\/06\\\/04\\\/le-mot-de-la-semaine-vaccinpourlesjeunes\\\/#primaryimage\",\"url\":\"https:\\\/\\\/www.camaeleon.org\\\/wp-content\\\/uploads\\\/2021\\\/06\\\/medical-5029289_1920.jpg\",\"contentUrl\":\"https:\\\/\\\/www.camaeleon.org\\\/wp-content\\\/uploads\\\/2021\\\/06\\\/medical-5029289_1920.jpg\",\"width\":1920,\"height\":1370,\"caption\":\"vaccination (photo: Pixabay)\"},{\"@type\":\"BreadcrumbList\",\"@id\":\"https:\\\/\\\/www.camaeleon.org\\\/en\\\/2021\\\/06\\\/04\\\/le-mot-de-la-semaine-vaccinpourlesjeunes\\\/#breadcrumb\",\"itemListElement\":[{\"@type\":\"ListItem\",\"position\":1,\"name\":\"Home\",\"item\":\"https:\\\/\\\/www.camaeleon.org\\\/en\\\/\"},{\"@type\":\"ListItem\",\"position\":2,\"name\":\"Le mot de la semaine: #VaccinPourLesJeunes\"}]},{\"@type\":\"WebSite\",\"@id\":\"https:\\\/\\\/www.camaeleon.org\\\/en\\\/#website\",\"url\":\"https:\\\/\\\/www.camaeleon.org\\\/en\\\/\",\"name\":\"Cam\u00e4l\u00e9on\",\"description\":\"The online student magazine by Deutsch-Franz\u00f6sisches Gymnasium Saarbr\u00fccken\",\"publisher\":{\"@id\":\"https:\\\/\\\/www.camaeleon.org\\\/en\\\/#organization\"},\"potentialAction\":[{\"@type\":\"SearchAction\",\"target\":{\"@type\":\"EntryPoint\",\"urlTemplate\":\"https:\\\/\\\/www.camaeleon.org\\\/en\\\/?s={search_term_string}\"},\"query-input\":{\"@type\":\"PropertyValueSpecification\",\"valueRequired\":true,\"valueName\":\"search_term_string\"}}],\"inLanguage\":\"en-US\"},{\"@type\":\"Organization\",\"@id\":\"https:\\\/\\\/www.camaeleon.org\\\/en\\\/#organization\",\"name\":\"Cam\u00e4l\u00e9on\",\"url\":\"https:\\\/\\\/www.camaeleon.org\\\/en\\\/\",\"logo\":{\"@type\":\"ImageObject\",\"inLanguage\":\"en-US\",\"@id\":\"https:\\\/\\\/www.camaeleon.org\\\/en\\\/#\\\/schema\\\/logo\\\/image\\\/\",\"url\":\"https:\\\/\\\/www.camaeleon.org\\\/wp-content\\\/uploads\\\/2011\\\/11\\\/CAM\u00c4LEON.jpg\",\"contentUrl\":\"https:\\\/\\\/www.camaeleon.org\\\/wp-content\\\/uploads\\\/2011\\\/11\\\/CAM\u00c4LEON.jpg\",\"width\":959,\"height\":959,\"caption\":\"Cam\u00e4l\u00e9on\"},\"image\":{\"@id\":\"https:\\\/\\\/www.camaeleon.org\\\/en\\\/#\\\/schema\\\/logo\\\/image\\\/\"},\"sameAs\":[\"https:\\\/\\\/www.facebook.com\\\/camaeleon.org\\\/\",\"https:\\\/\\\/x.com\\\/camaeleonOrg\",\"https:\\\/\\\/www.instagram.com\\\/camaeleon.dfg\\\/\",\"https:\\\/\\\/www.youtube.com\\\/channel\\\/UCl3TAUDdGuu_c7CD6ax6hYg\"]},{\"@type\":\"Person\",\"@id\":\"https:\\\/\\\/www.camaeleon.org\\\/de\\\/#\\\/schema\\\/person\\\/34dd43503993f08eb39382df2c5b79b5\",\"name\":\"Anouk Viero\",\"image\":{\"@type\":\"ImageObject\",\"inLanguage\":\"en-US\",\"@id\":\"https:\\\/\\\/www.camaeleon.org\\\/en\\\/wp-content\\\/uploads\\\/2023\\\/09\\\/0019AA6C-0ACA-452F-B897-A6B732B81B93-150x150.jpegeca926063efc1e3c52e5e4881ccb2d47\",\"url\":\"https:\\\/\\\/www.camaeleon.org\\\/wp-content\\\/uploads\\\/2023\\\/09\\\/0019AA6C-0ACA-452F-B897-A6B732B81B93-150x150.jpeg\",\"contentUrl\":\"https:\\\/\\\/www.camaeleon.org\\\/wp-content\\\/uploads\\\/2023\\\/09\\\/0019AA6C-0ACA-452F-B897-A6B732B81B93-150x150.jpeg\",\"caption\":\"Anouk Viero\"},\"description\":\"Salut, je m'appelle Anouk :) Voici quelques infos sur moi : - \u00e0 Cam\u00e4l\u00e9on depuis 2020 - 15 ans - en 1L J'aime bien \u00e9crire des articles \u00e0 propos de la culture, la politique, l'alimentation et, pendant mon temps libre, je fais de la danse modern' jazz et je joue de la guitare.\",\"url\":\"https:\\\/\\\/www.camaeleon.org\\\/en\\\/author\\\/anouk-viero\\\/\"}]}<\/script>\n<!-- \/ Yoast SEO plugin. -->","yoast_head_json":{"title":"Le mot de la semaine: #VaccinPourLesJeunes - Cam\u00e4l\u00e9on","description":"Le vaccin pour les jeunes arrive! La Commission europ\u00e9enne vient de confirmer que les adolescents d\u00e8s 12 ans peuvent se faire vacciner.","robots":{"index":"index","follow":"follow","max-snippet":"max-snippet:-1","max-image-preview":"max-image-preview:large","max-video-preview":"max-video-preview:-1"},"canonical":"https:\/\/www.camaeleon.org\/en\/2021\/06\/04\/le-mot-de-la-semaine-vaccinpourlesjeunes\/","og_locale":"en_US","og_type":"article","og_title":"Le mot de la semaine: #VaccinPourLesJeunes - Cam\u00e4l\u00e9on","og_description":"Le vaccin pour les jeunes arrive! La Commission europ\u00e9enne vient de confirmer que les adolescents d\u00e8s 12 ans peuvent se faire vacciner.","og_url":"https:\/\/www.camaeleon.org\/en\/2021\/06\/04\/le-mot-de-la-semaine-vaccinpourlesjeunes\/","og_site_name":"Cam\u00e4l\u00e9on","article_publisher":"https:\/\/www.facebook.com\/camaeleon.org\/","article_published_time":"2021-06-04T07:11:41+00:00","article_modified_time":"2021-11-28T17:17:05+00:00","og_image":[{"width":1920,"height":1370,"url":"https:\/\/www.camaeleon.org\/wp-content\/uploads\/2021\/06\/medical-5029289_1920.jpg","type":"image\/jpeg"}],"author":"Anouk Viero","twitter_card":"summary_large_image","twitter_creator":"@camaeleonOrg","twitter_site":"@camaeleonOrg","schema":{"@context":"https:\/\/schema.org","@graph":[{"@type":"Article","@id":"https:\/\/www.camaeleon.org\/2021\/06\/04\/le-mot-de-la-semaine-vaccinpourlesjeunes\/#article","isPartOf":{"@id":"https:\/\/www.camaeleon.org\/2021\/06\/04\/le-mot-de-la-semaine-vaccinpourlesjeunes\/"},"author":{"name":"Anouk Viero","@id":"https:\/\/www.camaeleon.org\/de\/#\/schema\/person\/34dd43503993f08eb39382df2c5b79b5"},"headline":"Le mot de la semaine: #VaccinPourLesJeunes","datePublished":"2021-06-04T07:11:41+00:00","dateModified":"2021-11-28T17:17:05+00:00","mainEntityOfPage":{"@id":"https:\/\/www.camaeleon.org\/2021\/06\/04\/le-mot-de-la-semaine-vaccinpourlesjeunes\/"},"wordCount":168,"commentCount":0,"publisher":{"@id":"https:\/\/www.camaeleon.org\/de\/#organization"},"image":{"@id":"https:\/\/www.camaeleon.org\/2021\/06\/04\/le-mot-de-la-semaine-vaccinpourlesjeunes\/#primaryimage"},"thumbnailUrl":"https:\/\/www.camaeleon.org\/wp-content\/uploads\/2021\/06\/medical-5029289_1920.jpg","keywords":["coronavirus","COVID-19","Impfen","Impfstoff","Impfungen","vaccin"],"articleSection":["Corona crisis","Word of the Week"],"inLanguage":"en-US","potentialAction":[{"@type":"CommentAction","name":"Comment","target":["https:\/\/www.camaeleon.org\/2021\/06\/04\/le-mot-de-la-semaine-vaccinpourlesjeunes\/#respond"]}]},{"@type":"WebPage","@id":"https:\/\/www.camaeleon.org\/en\/2021\/06\/04\/le-mot-de-la-semaine-vaccinpourlesjeunes\/","url":"https:\/\/www.camaeleon.org\/en\/2021\/06\/04\/le-mot-de-la-semaine-vaccinpourlesjeunes\/","name":"Le mot de la semaine: #VaccinPourLesJeunes - Cam\u00e4l\u00e9on","isPartOf":{"@id":"https:\/\/www.camaeleon.org\/en\/#website"},"primaryImageOfPage":{"@id":"https:\/\/www.camaeleon.org\/en\/2021\/06\/04\/le-mot-de-la-semaine-vaccinpourlesjeunes\/#primaryimage"},"image":{"@id":"https:\/\/www.camaeleon.org\/2021\/06\/04\/le-mot-de-la-semaine-vaccinpourlesjeunes\/#primaryimage"},"thumbnailUrl":"https:\/\/www.camaeleon.org\/wp-content\/uploads\/2021\/06\/medical-5029289_1920.jpg","datePublished":"2021-06-04T07:11:41+00:00","dateModified":"2021-11-28T17:17:05+00:00","description":"Le vaccin pour les jeunes arrive! La Commission europ\u00e9enne vient de confirmer que les adolescents d\u00e8s 12 ans peuvent se faire vacciner.","breadcrumb":{"@id":"https:\/\/www.camaeleon.org\/en\/2021\/06\/04\/le-mot-de-la-semaine-vaccinpourlesjeunes\/#breadcrumb"},"inLanguage":"en-US","potentialAction":[{"@type":"ReadAction","target":[["https:\/\/www.camaeleon.org\/en\/2021\/06\/04\/le-mot-de-la-semaine-vaccinpourlesjeunes\/"]]}]},{"@type":"ImageObject","inLanguage":"en-US","@id":"https:\/\/www.camaeleon.org\/en\/2021\/06\/04\/le-mot-de-la-semaine-vaccinpourlesjeunes\/#primaryimage","url":"https:\/\/www.camaeleon.org\/wp-content\/uploads\/2021\/06\/medical-5029289_1920.jpg","contentUrl":"https:\/\/www.camaeleon.org\/wp-content\/uploads\/2021\/06\/medical-5029289_1920.jpg","width":1920,"height":1370,"caption":"vaccination (photo: Pixabay)"},{"@type":"BreadcrumbList","@id":"https:\/\/www.camaeleon.org\/en\/2021\/06\/04\/le-mot-de-la-semaine-vaccinpourlesjeunes\/#breadcrumb","itemListElement":[{"@type":"ListItem","position":1,"name":"Home","item":"https:\/\/www.camaeleon.org\/en\/"},{"@type":"ListItem","position":2,"name":"Le mot de la semaine: #VaccinPourLesJeunes"}]},{"@type":"WebSite","@id":"https:\/\/www.camaeleon.org\/en\/#website","url":"https:\/\/www.camaeleon.org\/en\/","name":"Cam\u00e4l\u00e9on","description":"The online student magazine by Deutsch-Franz\u00f6sisches Gymnasium Saarbr\u00fccken","publisher":{"@id":"https:\/\/www.camaeleon.org\/en\/#organization"},"potentialAction":[{"@type":"SearchAction","target":{"@type":"EntryPoint","urlTemplate":"https:\/\/www.camaeleon.org\/en\/?s={search_term_string}"},"query-input":{"@type":"PropertyValueSpecification","valueRequired":true,"valueName":"search_term_string"}}],"inLanguage":"en-US"},{"@type":"Organization","@id":"https:\/\/www.camaeleon.org\/en\/#organization","name":"Cam\u00e4l\u00e9on","url":"https:\/\/www.camaeleon.org\/en\/","logo":{"@type":"ImageObject","inLanguage":"en-US","@id":"https:\/\/www.camaeleon.org\/en\/#\/schema\/logo\/image\/","url":"https:\/\/www.camaeleon.org\/wp-content\/uploads\/2011\/11\/CAM\u00c4LEON.jpg","contentUrl":"https:\/\/www.camaeleon.org\/wp-content\/uploads\/2011\/11\/CAM\u00c4LEON.jpg","width":959,"height":959,"caption":"Cam\u00e4l\u00e9on"},"image":{"@id":"https:\/\/www.camaeleon.org\/en\/#\/schema\/logo\/image\/"},"sameAs":["https:\/\/www.facebook.com\/camaeleon.org\/","https:\/\/x.com\/camaeleonOrg","https:\/\/www.instagram.com\/camaeleon.dfg\/","https:\/\/www.youtube.com\/channel\/UCl3TAUDdGuu_c7CD6ax6hYg"]},{"@type":"Person","@id":"https:\/\/www.camaeleon.org\/de\/#\/schema\/person\/34dd43503993f08eb39382df2c5b79b5","name":"Anouk Viero","image":{"@type":"ImageObject","inLanguage":"en-US","@id":"https:\/\/www.camaeleon.org\/en\/wp-content\/uploads\/2023\/09\/0019AA6C-0ACA-452F-B897-A6B732B81B93-150x150.jpegeca926063efc1e3c52e5e4881ccb2d47","url":"https:\/\/www.camaeleon.org\/wp-content\/uploads\/2023\/09\/0019AA6C-0ACA-452F-B897-A6B732B81B93-150x150.jpeg","contentUrl":"https:\/\/www.camaeleon.org\/wp-content\/uploads\/2023\/09\/0019AA6C-0ACA-452F-B897-A6B732B81B93-150x150.jpeg","caption":"Anouk Viero"},"description":"Salut, je m'appelle Anouk :) Voici quelques infos sur moi : - \u00e0 Cam\u00e4l\u00e9on depuis 2020 - 15 ans - en 1L J'aime bien \u00e9crire des articles \u00e0 propos de la culture, la politique, l'alimentation et, pendant mon temps libre, je fais de la danse modern' jazz et je joue de la guitare.","url":"https:\/\/www.camaeleon.org\/en\/author\/anouk-viero\/"}]}},"_links":{"self":[{"href":"https:\/\/www.camaeleon.org\/en\/wp-json\/wp\/v2\/posts\/23901","targetHints":{"allow":["GET"]}}],"collection":[{"href":"https:\/\/www.camaeleon.org\/en\/wp-json\/wp\/v2\/posts"}],"about":[{"href":"https:\/\/www.camaeleon.org\/en\/wp-json\/wp\/v2\/types\/post"}],"author":[{"embeddable":true,"href":"https:\/\/www.camaeleon.org\/en\/wp-json\/wp\/v2\/users\/146"}],"replies":[{"embeddable":true,"href":"https:\/\/www.camaeleon.org\/en\/wp-json\/wp\/v2\/comments?post=23901"}],"version-history":[{"count":0,"href":"https:\/\/www.camaeleon.org\/en\/wp-json\/wp\/v2\/posts\/23901\/revisions"}],"wp:featuredmedia":[{"embeddable":true,"href":"https:\/\/www.camaeleon.org\/en\/wp-json\/wp\/v2\/media\/23916"}],"wp:attachment":[{"href":"https:\/\/www.camaeleon.org\/en\/wp-json\/wp\/v2\/media?parent=23901"}],"wp:term":[{"taxonomy":"category","embeddable":true,"href":"https:\/\/www.camaeleon.org\/en\/wp-json\/wp\/v2\/categories?post=23901"},{"taxonomy":"post_tag","embeddable":true,"href":"https:\/\/www.camaeleon.org\/en\/wp-json\/wp\/v2\/tags?post=23901"},{"taxonomy":"author","embeddable":true,"href":"https:\/\/www.camaeleon.org\/en\/wp-json\/wp\/v2\/coauthors?post=23901"}],"curies":[{"name":"wp","href":"https:\/\/api.w.org\/{rel}","templated":true}]}}