{"id":23591,"date":"2021-04-24T11:15:45","date_gmt":"2021-04-24T09:15:45","guid":{"rendered":"https:\/\/www.camaeleon.org\/?p=23591"},"modified":"2022-07-21T16:10:59","modified_gmt":"2022-07-21T14:10:59","slug":"sur-les-traces-franco-allemandes-du-charbon-prix-du-reportage-photo-vues-de-chez-nous-mediatiks-international-2021","status":"publish","type":"post","link":"https:\/\/www.camaeleon.org\/en\/2021\/04\/24\/sur-les-traces-franco-allemandes-du-charbon-prix-du-reportage-photo-vues-de-chez-nous-mediatiks-international-2021\/","title":{"rendered":"Sur les traces franco-allemandes du charbon : Prix du reportage photo &#8211; Vues de chez nous (M\u00e9diatiks international 2021)"},"content":{"rendered":"<p><figure id=\"attachment_23598\" aria-describedby=\"caption-attachment-23598\" style=\"width: 300px\" class=\"wp-caption alignleft\"><img loading=\"lazy\" decoding=\"async\" class=\"wp-image-23598 size-medium\" src=\"https:\/\/www.camaeleon.org\/wp-content\/uploads\/2021\/04\/Puits-St-Charles-Photo-Max-Ernst-300x237.png\" alt=\"Puits Saint Charles. Photo : Max Ernst\" width=\"300\" height=\"237\" srcset=\"https:\/\/www.camaeleon.org\/wp-content\/uploads\/2021\/04\/Puits-St-Charles-Photo-Max-Ernst-300x237.png 300w, https:\/\/www.camaeleon.org\/wp-content\/uploads\/2021\/04\/Puits-St-Charles-Photo-Max-Ernst.png 573w\" sizes=\"auto, (max-width: 300px) 100vw, 300px\" \/><figcaption id=\"caption-attachment-23598\" class=\"wp-caption-text\">Puits St Charles. Photo : Max Ernst<\/figcaption><\/figure><\/p>\n<p>Vivant \u00e0 la fronti\u00e8re franco-allemande ou plus exactement \u00e0 la fronti\u00e8re entre la Sarre et la Moselle, j&#8217;ai toujours \u00e9t\u00e9 fascin\u00e9 par les friches industrielles, t\u00e9moins d&#8217;un pass\u00e9 commun : l&#8217;exploitation mini\u00e8re.<\/p>\n<p>Paris a la Tour Eiffel, nous avons les chevalements.<\/p>\n<p>Tout commence un peu avant l\u2019industrialisation, vers 1850, et s&#8217;ach\u00e8ve dans les ann\u00e9es 1980, avant de rena\u00eetre de ses cendres, le noir du charbon c\u00e9dant la place \u00e0 la culture, sous toutes ses couleurs, au classement de certain site au patrimoine mondial de l&#8217;UNESCO.<\/p>\n<p>Suite \u00e0 un trajet en voiture dans toute la r\u00e9gion sarroise m&#8217;est venue l&#8217;id\u00e9e d&#8217;en sillonner les sites, sur les traces franco-allemandes du charbon, de part et d&#8217;autre de la fronti\u00e8re, cette fronti\u00e8re qui ressurgit actuellement au rythme des confinements asynchrones.<\/p>\n<p style=\"text-align: center;\"><strong>Max Ernst : Sur les traces franco-allemandes du charbon<br \/>\n<\/strong><strong>(Cliquez sur les photos pour visualiser le reportage photo, <a href=\"https:\/\/www.clemi.fr\/fr\/mediatiks-academiques2021\/mediatiks-2021-international.html\">Prix M\u00e9diatiks international 2021 dans la cat\u00e9gorie &#8220;Reportage photo &#8211; Vues de chez nous&#8221;<\/a>)<\/strong><\/p>\n<p><div id='gallery-3' class='gallery galleryid-23591 gallery-columns-2 gallery-size-large'><figure class='gallery-item'>\n\t\t\t<div class='gallery-icon landscape'>\n\t\t\t\t<a href='https:\/\/www.camaeleon.org\/wp-content\/uploads\/2021\/04\/Reportage-Photo-2021-1-scaled.jpg'><img loading=\"lazy\" decoding=\"async\" width=\"800\" height=\"450\" src=\"https:\/\/www.camaeleon.org\/wp-content\/uploads\/2021\/04\/Reportage-Photo-2021-1-880x495.jpg\" class=\"attachment-large size-large\" alt=\"Max Ernst - SUR LES TRACES FRANCO-ALLEMANDES DU CHARBON\" srcset=\"https:\/\/www.camaeleon.org\/wp-content\/uploads\/2021\/04\/Reportage-Photo-2021-1-880x495.jpg 880w, https:\/\/www.camaeleon.org\/wp-content\/uploads\/2021\/04\/Reportage-Photo-2021-1-300x169.jpg 300w, https:\/\/www.camaeleon.org\/wp-content\/uploads\/2021\/04\/Reportage-Photo-2021-1-1536x864.jpg 1536w, https:\/\/www.camaeleon.org\/wp-content\/uploads\/2021\/04\/Reportage-Photo-2021-1-2048x1152.jpg 2048w\" sizes=\"auto, (max-width: 800px) 100vw, 800px\" \/><\/a>\n\t\t\t<\/div><\/figure><figure class='gallery-item'>\n\t\t\t<div class='gallery-icon landscape'>\n\t\t\t\t<a href='https:\/\/www.camaeleon.org\/wp-content\/uploads\/2021\/04\/Reportage-Photo-2021-2-scaled.jpg'><img loading=\"lazy\" decoding=\"async\" width=\"800\" height=\"450\" src=\"https:\/\/www.camaeleon.org\/wp-content\/uploads\/2021\/04\/Reportage-Photo-2021-2-880x495.jpg\" class=\"attachment-large size-large\" alt=\"Max Ernst - SUR LES TRACES FRANCO-ALLEMANDES DU CHARBON\" srcset=\"https:\/\/www.camaeleon.org\/wp-content\/uploads\/2021\/04\/Reportage-Photo-2021-2-880x495.jpg 880w, https:\/\/www.camaeleon.org\/wp-content\/uploads\/2021\/04\/Reportage-Photo-2021-2-300x169.jpg 300w, https:\/\/www.camaeleon.org\/wp-content\/uploads\/2021\/04\/Reportage-Photo-2021-2-1536x864.jpg 1536w, https:\/\/www.camaeleon.org\/wp-content\/uploads\/2021\/04\/Reportage-Photo-2021-2-2048x1152.jpg 2048w\" sizes=\"auto, (max-width: 800px) 100vw, 800px\" \/><\/a>\n\t\t\t<\/div><\/figure><figure class='gallery-item'>\n\t\t\t<div class='gallery-icon landscape'>\n\t\t\t\t<a href='https:\/\/www.camaeleon.org\/wp-content\/uploads\/2021\/04\/Reportage-Photo-2021-3-scaled.jpg'><img loading=\"lazy\" decoding=\"async\" width=\"800\" height=\"450\" src=\"https:\/\/www.camaeleon.org\/wp-content\/uploads\/2021\/04\/Reportage-Photo-2021-3-880x495.jpg\" class=\"attachment-large size-large\" alt=\"Max Ernst - SUR LES TRACES FRANCO-ALLEMANDES DU CHARBON\" srcset=\"https:\/\/www.camaeleon.org\/wp-content\/uploads\/2021\/04\/Reportage-Photo-2021-3-880x495.jpg 880w, https:\/\/www.camaeleon.org\/wp-content\/uploads\/2021\/04\/Reportage-Photo-2021-3-300x169.jpg 300w, https:\/\/www.camaeleon.org\/wp-content\/uploads\/2021\/04\/Reportage-Photo-2021-3-1536x864.jpg 1536w, https:\/\/www.camaeleon.org\/wp-content\/uploads\/2021\/04\/Reportage-Photo-2021-3-2048x1152.jpg 2048w\" sizes=\"auto, (max-width: 800px) 100vw, 800px\" \/><\/a>\n\t\t\t<\/div><\/figure><figure class='gallery-item'>\n\t\t\t<div class='gallery-icon landscape'>\n\t\t\t\t<a href='https:\/\/www.camaeleon.org\/wp-content\/uploads\/2021\/04\/Reportage-Photo-2021-4-scaled.jpg'><img loading=\"lazy\" decoding=\"async\" width=\"800\" height=\"450\" src=\"https:\/\/www.camaeleon.org\/wp-content\/uploads\/2021\/04\/Reportage-Photo-2021-4-880x495.jpg\" class=\"attachment-large size-large\" alt=\"Max Ernst - SUR LES TRACES FRANCO-ALLEMANDES DU CHARBON\" srcset=\"https:\/\/www.camaeleon.org\/wp-content\/uploads\/2021\/04\/Reportage-Photo-2021-4-880x495.jpg 880w, https:\/\/www.camaeleon.org\/wp-content\/uploads\/2021\/04\/Reportage-Photo-2021-4-300x169.jpg 300w, https:\/\/www.camaeleon.org\/wp-content\/uploads\/2021\/04\/Reportage-Photo-2021-4-1536x864.jpg 1536w, https:\/\/www.camaeleon.org\/wp-content\/uploads\/2021\/04\/Reportage-Photo-2021-4-2048x1152.jpg 2048w\" sizes=\"auto, (max-width: 800px) 100vw, 800px\" \/><\/a>\n\t\t\t<\/div><\/figure><figure class='gallery-item'>\n\t\t\t<div class='gallery-icon landscape'>\n\t\t\t\t<a href='https:\/\/www.camaeleon.org\/wp-content\/uploads\/2021\/04\/Reportage-Photo-2021-5-scaled.jpg'><img loading=\"lazy\" decoding=\"async\" width=\"800\" height=\"450\" src=\"https:\/\/www.camaeleon.org\/wp-content\/uploads\/2021\/04\/Reportage-Photo-2021-5-880x495.jpg\" class=\"attachment-large size-large\" alt=\"Max Ernst - SUR LES TRACES FRANCO-ALLEMANDES DU CHARBON\" srcset=\"https:\/\/www.camaeleon.org\/wp-content\/uploads\/2021\/04\/Reportage-Photo-2021-5-880x495.jpg 880w, https:\/\/www.camaeleon.org\/wp-content\/uploads\/2021\/04\/Reportage-Photo-2021-5-300x169.jpg 300w, https:\/\/www.camaeleon.org\/wp-content\/uploads\/2021\/04\/Reportage-Photo-2021-5-1536x864.jpg 1536w, https:\/\/www.camaeleon.org\/wp-content\/uploads\/2021\/04\/Reportage-Photo-2021-5-2048x1152.jpg 2048w\" sizes=\"auto, (max-width: 800px) 100vw, 800px\" \/><\/a>\n\t\t\t<\/div><\/figure><figure class='gallery-item'>\n\t\t\t<div class='gallery-icon landscape'>\n\t\t\t\t<a href='https:\/\/www.camaeleon.org\/wp-content\/uploads\/2021\/04\/Reportage-Photo-2021-6-scaled.jpg'><img loading=\"lazy\" decoding=\"async\" width=\"800\" height=\"450\" src=\"https:\/\/www.camaeleon.org\/wp-content\/uploads\/2021\/04\/Reportage-Photo-2021-6-880x495.jpg\" class=\"attachment-large size-large\" alt=\"Max Ernst - SUR LES TRACES FRANCO-ALLEMANDES DU CHARBON\" srcset=\"https:\/\/www.camaeleon.org\/wp-content\/uploads\/2021\/04\/Reportage-Photo-2021-6-880x495.jpg 880w, https:\/\/www.camaeleon.org\/wp-content\/uploads\/2021\/04\/Reportage-Photo-2021-6-300x169.jpg 300w, https:\/\/www.camaeleon.org\/wp-content\/uploads\/2021\/04\/Reportage-Photo-2021-6-1536x864.jpg 1536w, https:\/\/www.camaeleon.org\/wp-content\/uploads\/2021\/04\/Reportage-Photo-2021-6-2048x1152.jpg 2048w\" sizes=\"auto, (max-width: 800px) 100vw, 800px\" \/><\/a>\n\t\t\t<\/div><\/figure><figure class='gallery-item'>\n\t\t\t<div class='gallery-icon landscape'>\n\t\t\t\t<a href='https:\/\/www.camaeleon.org\/wp-content\/uploads\/2021\/04\/Reportage-Photo-2021-7-scaled.jpg'><img loading=\"lazy\" decoding=\"async\" width=\"800\" height=\"450\" src=\"https:\/\/www.camaeleon.org\/wp-content\/uploads\/2021\/04\/Reportage-Photo-2021-7-880x495.jpg\" class=\"attachment-large size-large\" alt=\"Max Ernst - SUR LES TRACES FRANCO-ALLEMANDES DU CHARBON\" srcset=\"https:\/\/www.camaeleon.org\/wp-content\/uploads\/2021\/04\/Reportage-Photo-2021-7-880x495.jpg 880w, https:\/\/www.camaeleon.org\/wp-content\/uploads\/2021\/04\/Reportage-Photo-2021-7-300x169.jpg 300w, https:\/\/www.camaeleon.org\/wp-content\/uploads\/2021\/04\/Reportage-Photo-2021-7-1536x864.jpg 1536w, https:\/\/www.camaeleon.org\/wp-content\/uploads\/2021\/04\/Reportage-Photo-2021-7-2048x1152.jpg 2048w\" sizes=\"auto, (max-width: 800px) 100vw, 800px\" \/><\/a>\n\t\t\t<\/div><\/figure><figure class='gallery-item'>\n\t\t\t<div class='gallery-icon landscape'>\n\t\t\t\t<a href='https:\/\/www.camaeleon.org\/wp-content\/uploads\/2021\/04\/Reportage-Photo-2021-8-scaled.jpg'><img loading=\"lazy\" decoding=\"async\" width=\"800\" height=\"450\" src=\"https:\/\/www.camaeleon.org\/wp-content\/uploads\/2021\/04\/Reportage-Photo-2021-8-880x495.jpg\" class=\"attachment-large size-large\" alt=\"Max Ernst - SUR LES TRACES FRANCO-ALLEMANDES DU CHARBON\" srcset=\"https:\/\/www.camaeleon.org\/wp-content\/uploads\/2021\/04\/Reportage-Photo-2021-8-880x495.jpg 880w, https:\/\/www.camaeleon.org\/wp-content\/uploads\/2021\/04\/Reportage-Photo-2021-8-300x169.jpg 300w, https:\/\/www.camaeleon.org\/wp-content\/uploads\/2021\/04\/Reportage-Photo-2021-8-1536x864.jpg 1536w, https:\/\/www.camaeleon.org\/wp-content\/uploads\/2021\/04\/Reportage-Photo-2021-8-2048x1152.jpg 2048w\" sizes=\"auto, (max-width: 800px) 100vw, 800px\" \/><\/a>\n\t\t\t<\/div><\/figure><figure class='gallery-item'>\n\t\t\t<div class='gallery-icon landscape'>\n\t\t\t\t<a href='https:\/\/www.camaeleon.org\/wp-content\/uploads\/2021\/04\/Reportage-Photo-2021-9-scaled.jpg'><img loading=\"lazy\" decoding=\"async\" width=\"800\" height=\"450\" src=\"https:\/\/www.camaeleon.org\/wp-content\/uploads\/2021\/04\/Reportage-Photo-2021-9-880x495.jpg\" class=\"attachment-large size-large\" alt=\"Max Ernst - SUR LES TRACES FRANCO-ALLEMANDES DU CHARBON\" srcset=\"https:\/\/www.camaeleon.org\/wp-content\/uploads\/2021\/04\/Reportage-Photo-2021-9-880x495.jpg 880w, https:\/\/www.camaeleon.org\/wp-content\/uploads\/2021\/04\/Reportage-Photo-2021-9-300x169.jpg 300w, https:\/\/www.camaeleon.org\/wp-content\/uploads\/2021\/04\/Reportage-Photo-2021-9-1536x864.jpg 1536w, https:\/\/www.camaeleon.org\/wp-content\/uploads\/2021\/04\/Reportage-Photo-2021-9-2048x1152.jpg 2048w\" sizes=\"auto, (max-width: 800px) 100vw, 800px\" \/><\/a>\n\t\t\t<\/div><\/figure><figure class='gallery-item'>\n\t\t\t<div class='gallery-icon landscape'>\n\t\t\t\t<a href='https:\/\/www.camaeleon.org\/wp-content\/uploads\/2021\/04\/Reportage-Photo-2021-10-scaled.jpg'><img loading=\"lazy\" decoding=\"async\" width=\"800\" height=\"450\" src=\"https:\/\/www.camaeleon.org\/wp-content\/uploads\/2021\/04\/Reportage-Photo-2021-10-880x495.jpg\" class=\"attachment-large size-large\" alt=\"Max Ernst - SUR LES TRACES FRANCO-ALLEMANDES DU CHARBON\" srcset=\"https:\/\/www.camaeleon.org\/wp-content\/uploads\/2021\/04\/Reportage-Photo-2021-10-880x495.jpg 880w, https:\/\/www.camaeleon.org\/wp-content\/uploads\/2021\/04\/Reportage-Photo-2021-10-300x169.jpg 300w, https:\/\/www.camaeleon.org\/wp-content\/uploads\/2021\/04\/Reportage-Photo-2021-10-1536x864.jpg 1536w, https:\/\/www.camaeleon.org\/wp-content\/uploads\/2021\/04\/Reportage-Photo-2021-10-2048x1152.jpg 2048w\" sizes=\"auto, (max-width: 800px) 100vw, 800px\" \/><\/a>\n\t\t\t<\/div><\/figure><figure class='gallery-item'>\n\t\t\t<div class='gallery-icon landscape'>\n\t\t\t\t<a href='https:\/\/www.camaeleon.org\/wp-content\/uploads\/2021\/04\/Reportage-Photo-2021-11-scaled.jpg'><img loading=\"lazy\" decoding=\"async\" width=\"800\" height=\"450\" src=\"https:\/\/www.camaeleon.org\/wp-content\/uploads\/2021\/04\/Reportage-Photo-2021-11-880x495.jpg\" class=\"attachment-large size-large\" alt=\"Max Ernst - SUR LES TRACES FRANCO-ALLEMANDES DU CHARBON\" srcset=\"https:\/\/www.camaeleon.org\/wp-content\/uploads\/2021\/04\/Reportage-Photo-2021-11-880x495.jpg 880w, https:\/\/www.camaeleon.org\/wp-content\/uploads\/2021\/04\/Reportage-Photo-2021-11-300x169.jpg 300w, https:\/\/www.camaeleon.org\/wp-content\/uploads\/2021\/04\/Reportage-Photo-2021-11-1536x864.jpg 1536w, https:\/\/www.camaeleon.org\/wp-content\/uploads\/2021\/04\/Reportage-Photo-2021-11-2048x1152.jpg 2048w\" sizes=\"auto, (max-width: 800px) 100vw, 800px\" \/><\/a>\n\t\t\t<\/div><\/figure><figure class='gallery-item'>\n\t\t\t<div class='gallery-icon landscape'>\n\t\t\t\t<a href='https:\/\/www.camaeleon.org\/wp-content\/uploads\/2021\/04\/Reportage-Photo-2021-12-scaled.jpg'><img loading=\"lazy\" decoding=\"async\" width=\"800\" height=\"450\" src=\"https:\/\/www.camaeleon.org\/wp-content\/uploads\/2021\/04\/Reportage-Photo-2021-12-880x495.jpg\" class=\"attachment-large size-large\" alt=\"Max Ernst -SUR LESTRACES FRANCO-ALLEMANDES DU CHARBON\" srcset=\"https:\/\/www.camaeleon.org\/wp-content\/uploads\/2021\/04\/Reportage-Photo-2021-12-880x495.jpg 880w, https:\/\/www.camaeleon.org\/wp-content\/uploads\/2021\/04\/Reportage-Photo-2021-12-300x169.jpg 300w, https:\/\/www.camaeleon.org\/wp-content\/uploads\/2021\/04\/Reportage-Photo-2021-12-1536x864.jpg 1536w, https:\/\/www.camaeleon.org\/wp-content\/uploads\/2021\/04\/Reportage-Photo-2021-12-2048x1152.jpg 2048w\" sizes=\"auto, (max-width: 800px) 100vw, 800px\" \/><\/a>\n\t\t\t<\/div><\/figure>\n\t\t<\/div>\n<\/p>","protected":false},"excerpt":{"rendered":"<p>Vivant \u00e0 la fronti\u00e8re franco-allemande ou plus exactement \u00e0 la fronti\u00e8re entre la Sarre et la Moselle, j&#8217;ai toujours \u00e9t\u00e9 fascin\u00e9 par les friches industrielles,<\/p>\n","protected":false},"author":128,"featured_media":23602,"comment_status":"open","ping_status":"closed","sticky":false,"template":"","format":"standard","meta":{"colormag_page_container_layout":"default_layout","colormag_page_sidebar_layout":"default_layout","footnotes":""},"categories":[8,2039],"tags":[570,1647,1639,1640,1642,1637,1638,1408,1641,1643],"coauthors":[744],"class_list":["post-23591","post","type-post","status-publish","format-standard","has-post-thumbnail","hentry","category-culture","category-zeitlos","tag-bergbau","tag-bergwerk","tag-charbon","tag-chevalements","tag-friches-industrielles","tag-histoire-franco-allemande","tag-houille","tag-kohle","tag-mediatiks-international-2021","tag-reportage-photo"],"yoast_head":"<!-- This site is optimized with the Yoast SEO plugin v27.5 - https:\/\/yoast.com\/product\/yoast-seo-wordpress\/ -->\n<title>Sur les traces franco-allemandes du charbon : Prix du reportage photo - Vues de chez nous (M\u00e9diatiks international 2021) - Cam\u00e4l\u00e9on<\/title>\n<meta name=\"description\" content=\"Max Ernst : Sur les traces franco-allemandes du charbon, Prix M\u00e9diatiks international 2021 dans la cat\u00e9gorie &quot;Reportage photo - Vues de chez nous&quot;\" \/>\n<meta name=\"robots\" content=\"index, follow, max-snippet:-1, max-image-preview:large, max-video-preview:-1\" \/>\n<link rel=\"canonical\" href=\"https:\/\/www.camaeleon.org\/en\/2021\/04\/24\/sur-les-traces-franco-allemandes-du-charbon-prix-du-reportage-photo-vues-de-chez-nous-mediatiks-international-2021\/\" \/>\n<meta property=\"og:locale\" content=\"en_US\" \/>\n<meta property=\"og:type\" content=\"article\" \/>\n<meta property=\"og:title\" content=\"Sur les traces franco-allemandes du charbon : Prix du reportage photo - Vues de chez nous (M\u00e9diatiks international 2021) - Cam\u00e4l\u00e9on\" \/>\n<meta property=\"og:description\" content=\"Max Ernst : Sur les traces franco-allemandes du charbon, Prix M\u00e9diatiks international 2021 dans la cat\u00e9gorie &quot;Reportage photo - Vues de chez nous&quot;\" \/>\n<meta property=\"og:url\" content=\"https:\/\/www.camaeleon.org\/en\/2021\/04\/24\/sur-les-traces-franco-allemandes-du-charbon-prix-du-reportage-photo-vues-de-chez-nous-mediatiks-international-2021\/\" \/>\n<meta property=\"og:site_name\" content=\"Cam\u00e4l\u00e9on\" \/>\n<meta property=\"article:publisher\" content=\"https:\/\/www.facebook.com\/camaeleon.org\/\" \/>\n<meta property=\"article:published_time\" content=\"2021-04-24T09:15:45+00:00\" \/>\n<meta property=\"article:modified_time\" content=\"2022-07-21T14:10:59+00:00\" \/>\n<meta property=\"og:image\" content=\"https:\/\/www.camaeleon.org\/wp-content\/uploads\/2021\/04\/Puits-Saint-Charles-scaled.jpg\" \/>\n\t<meta property=\"og:image:width\" content=\"2560\" \/>\n\t<meta property=\"og:image:height\" content=\"1995\" \/>\n\t<meta property=\"og:image:type\" content=\"image\/jpeg\" \/>\n<meta name=\"author\" content=\"Max Ernst\" \/>\n<meta name=\"twitter:card\" content=\"summary_large_image\" \/>\n<meta name=\"twitter:creator\" content=\"@camaeleonOrg\" \/>\n<meta name=\"twitter:site\" content=\"@camaeleonOrg\" \/>\n<script type=\"application\/ld+json\" class=\"yoast-schema-graph\">{\"@context\":\"https:\\\/\\\/schema.org\",\"@graph\":[{\"@type\":\"Article\",\"@id\":\"https:\\\/\\\/www.camaeleon.org\\\/2021\\\/04\\\/24\\\/sur-les-traces-franco-allemandes-du-charbon-prix-du-reportage-photo-vues-de-chez-nous-mediatiks-international-2021\\\/#article\",\"isPartOf\":{\"@id\":\"https:\\\/\\\/www.camaeleon.org\\\/2021\\\/04\\\/24\\\/sur-les-traces-franco-allemandes-du-charbon-prix-du-reportage-photo-vues-de-chez-nous-mediatiks-international-2021\\\/\"},\"author\":{\"name\":\"Max Ernst\",\"@id\":\"https:\\\/\\\/www.camaeleon.org\\\/de\\\/#\\\/schema\\\/person\\\/052ee327c421b495af4657a44187a959\"},\"headline\":\"Sur les traces franco-allemandes du charbon : Prix du reportage photo &#8211; Vues de chez nous (M\u00e9diatiks international 2021)\",\"datePublished\":\"2021-04-24T09:15:45+00:00\",\"dateModified\":\"2022-07-21T14:10:59+00:00\",\"mainEntityOfPage\":{\"@id\":\"https:\\\/\\\/www.camaeleon.org\\\/2021\\\/04\\\/24\\\/sur-les-traces-franco-allemandes-du-charbon-prix-du-reportage-photo-vues-de-chez-nous-mediatiks-international-2021\\\/\"},\"wordCount\":679,\"commentCount\":1,\"publisher\":{\"@id\":\"https:\\\/\\\/www.camaeleon.org\\\/de\\\/#organization\"},\"image\":{\"@id\":\"https:\\\/\\\/www.camaeleon.org\\\/2021\\\/04\\\/24\\\/sur-les-traces-franco-allemandes-du-charbon-prix-du-reportage-photo-vues-de-chez-nous-mediatiks-international-2021\\\/#primaryimage\"},\"thumbnailUrl\":\"https:\\\/\\\/www.camaeleon.org\\\/wp-content\\\/uploads\\\/2021\\\/04\\\/Puits-Saint-Charles-scaled.jpg\",\"keywords\":[\"Bergbau\",\"Bergwerk\",\"charbon\",\"chevalements\",\"friches industrielles\",\"histoire franco-allemande\",\"houille\",\"Kohle\",\"Mediatiks international 2021\",\"reportage photo\"],\"articleSection\":[\"Culture\",\"Timeless\"],\"inLanguage\":\"en-US\",\"potentialAction\":[{\"@type\":\"CommentAction\",\"name\":\"Comment\",\"target\":[\"https:\\\/\\\/www.camaeleon.org\\\/2021\\\/04\\\/24\\\/sur-les-traces-franco-allemandes-du-charbon-prix-du-reportage-photo-vues-de-chez-nous-mediatiks-international-2021\\\/#respond\"]}]},{\"@type\":\"WebPage\",\"@id\":\"https:\\\/\\\/www.camaeleon.org\\\/en\\\/2021\\\/04\\\/24\\\/sur-les-traces-franco-allemandes-du-charbon-prix-du-reportage-photo-vues-de-chez-nous-mediatiks-international-2021\\\/\",\"url\":\"https:\\\/\\\/www.camaeleon.org\\\/en\\\/2021\\\/04\\\/24\\\/sur-les-traces-franco-allemandes-du-charbon-prix-du-reportage-photo-vues-de-chez-nous-mediatiks-international-2021\\\/\",\"name\":\"Sur les traces franco-allemandes du charbon : Prix du reportage photo - Vues de chez nous (M\u00e9diatiks international 2021) - Cam\u00e4l\u00e9on\",\"isPartOf\":{\"@id\":\"https:\\\/\\\/www.camaeleon.org\\\/en\\\/#website\"},\"primaryImageOfPage\":{\"@id\":\"https:\\\/\\\/www.camaeleon.org\\\/en\\\/2021\\\/04\\\/24\\\/sur-les-traces-franco-allemandes-du-charbon-prix-du-reportage-photo-vues-de-chez-nous-mediatiks-international-2021\\\/#primaryimage\"},\"image\":{\"@id\":\"https:\\\/\\\/www.camaeleon.org\\\/2021\\\/04\\\/24\\\/sur-les-traces-franco-allemandes-du-charbon-prix-du-reportage-photo-vues-de-chez-nous-mediatiks-international-2021\\\/#primaryimage\"},\"thumbnailUrl\":\"https:\\\/\\\/www.camaeleon.org\\\/wp-content\\\/uploads\\\/2021\\\/04\\\/Puits-Saint-Charles-scaled.jpg\",\"datePublished\":\"2021-04-24T09:15:45+00:00\",\"dateModified\":\"2022-07-21T14:10:59+00:00\",\"description\":\"Max Ernst : Sur les traces franco-allemandes du charbon, Prix M\u00e9diatiks international 2021 dans la cat\u00e9gorie \\\"Reportage photo - Vues de chez nous\\\"\",\"breadcrumb\":{\"@id\":\"https:\\\/\\\/www.camaeleon.org\\\/en\\\/2021\\\/04\\\/24\\\/sur-les-traces-franco-allemandes-du-charbon-prix-du-reportage-photo-vues-de-chez-nous-mediatiks-international-2021\\\/#breadcrumb\"},\"inLanguage\":\"en-US\",\"potentialAction\":[{\"@type\":\"ReadAction\",\"target\":[[\"https:\\\/\\\/www.camaeleon.org\\\/en\\\/2021\\\/04\\\/24\\\/sur-les-traces-franco-allemandes-du-charbon-prix-du-reportage-photo-vues-de-chez-nous-mediatiks-international-2021\\\/\"]]}]},{\"@type\":\"ImageObject\",\"inLanguage\":\"en-US\",\"@id\":\"https:\\\/\\\/www.camaeleon.org\\\/en\\\/2021\\\/04\\\/24\\\/sur-les-traces-franco-allemandes-du-charbon-prix-du-reportage-photo-vues-de-chez-nous-mediatiks-international-2021\\\/#primaryimage\",\"url\":\"https:\\\/\\\/www.camaeleon.org\\\/wp-content\\\/uploads\\\/2021\\\/04\\\/Puits-Saint-Charles-scaled.jpg\",\"contentUrl\":\"https:\\\/\\\/www.camaeleon.org\\\/wp-content\\\/uploads\\\/2021\\\/04\\\/Puits-Saint-Charles-scaled.jpg\",\"width\":2560,\"height\":1995,\"caption\":\"Puits Saint Charles. Photo : Max Ernst\"},{\"@type\":\"BreadcrumbList\",\"@id\":\"https:\\\/\\\/www.camaeleon.org\\\/en\\\/2021\\\/04\\\/24\\\/sur-les-traces-franco-allemandes-du-charbon-prix-du-reportage-photo-vues-de-chez-nous-mediatiks-international-2021\\\/#breadcrumb\",\"itemListElement\":[{\"@type\":\"ListItem\",\"position\":1,\"name\":\"Home\",\"item\":\"https:\\\/\\\/www.camaeleon.org\\\/en\\\/\"},{\"@type\":\"ListItem\",\"position\":2,\"name\":\"Auf den deutsch-franz\u00f6sischen Spuren der Kohle\"}]},{\"@type\":\"WebSite\",\"@id\":\"https:\\\/\\\/www.camaeleon.org\\\/en\\\/#website\",\"url\":\"https:\\\/\\\/www.camaeleon.org\\\/en\\\/\",\"name\":\"Cam\u00e4l\u00e9on\",\"description\":\"The online student magazine by Deutsch-Franz\u00f6sisches Gymnasium Saarbr\u00fccken\",\"publisher\":{\"@id\":\"https:\\\/\\\/www.camaeleon.org\\\/en\\\/#organization\"},\"potentialAction\":[{\"@type\":\"SearchAction\",\"target\":{\"@type\":\"EntryPoint\",\"urlTemplate\":\"https:\\\/\\\/www.camaeleon.org\\\/en\\\/?s={search_term_string}\"},\"query-input\":{\"@type\":\"PropertyValueSpecification\",\"valueRequired\":true,\"valueName\":\"search_term_string\"}}],\"inLanguage\":\"en-US\"},{\"@type\":\"Organization\",\"@id\":\"https:\\\/\\\/www.camaeleon.org\\\/en\\\/#organization\",\"name\":\"Cam\u00e4l\u00e9on\",\"url\":\"https:\\\/\\\/www.camaeleon.org\\\/en\\\/\",\"logo\":{\"@type\":\"ImageObject\",\"inLanguage\":\"en-US\",\"@id\":\"https:\\\/\\\/www.camaeleon.org\\\/en\\\/#\\\/schema\\\/logo\\\/image\\\/\",\"url\":\"https:\\\/\\\/www.camaeleon.org\\\/wp-content\\\/uploads\\\/2011\\\/11\\\/CAM\u00c4LEON.jpg\",\"contentUrl\":\"https:\\\/\\\/www.camaeleon.org\\\/wp-content\\\/uploads\\\/2011\\\/11\\\/CAM\u00c4LEON.jpg\",\"width\":959,\"height\":959,\"caption\":\"Cam\u00e4l\u00e9on\"},\"image\":{\"@id\":\"https:\\\/\\\/www.camaeleon.org\\\/en\\\/#\\\/schema\\\/logo\\\/image\\\/\"},\"sameAs\":[\"https:\\\/\\\/www.facebook.com\\\/camaeleon.org\\\/\",\"https:\\\/\\\/x.com\\\/camaeleonOrg\",\"https:\\\/\\\/www.instagram.com\\\/camaeleon.dfg\\\/\",\"https:\\\/\\\/www.youtube.com\\\/channel\\\/UCl3TAUDdGuu_c7CD6ax6hYg\"]},{\"@type\":\"Person\",\"@id\":\"https:\\\/\\\/www.camaeleon.org\\\/de\\\/#\\\/schema\\\/person\\\/052ee327c421b495af4657a44187a959\",\"name\":\"Max Ernst\",\"image\":{\"@type\":\"ImageObject\",\"inLanguage\":\"en-US\",\"@id\":\"https:\\\/\\\/www.camaeleon.org\\\/en\\\/wp-content\\\/uploads\\\/2024\\\/01\\\/IMG-20231204-WA0001-01-150x150.jpeg3fc50e401fd745f06a8339d74db41d5e\",\"url\":\"https:\\\/\\\/www.camaeleon.org\\\/wp-content\\\/uploads\\\/2024\\\/01\\\/IMG-20231204-WA0001-01-150x150.jpeg\",\"contentUrl\":\"https:\\\/\\\/www.camaeleon.org\\\/wp-content\\\/uploads\\\/2024\\\/01\\\/IMG-20231204-WA0001-01-150x150.jpeg\",\"caption\":\"Max Ernst\"},\"description\":\"Bonjour, je m'appelle Max Ernst, j'ai 16 ans, je fais partie de Cam\u00e4l\u00e9on depuis 2017 et je suis en classe de Tle ES. Je m'int\u00e9resse \u00e0 la photographie, \u00e0 la musique et \u00e0 toute l'actualit\u00e9. Pour en savoir plus sur moi : www.maxmernst.de.\",\"sameAs\":[\"http:\\\/\\\/www.maxmernst.de\"],\"url\":\"https:\\\/\\\/www.camaeleon.org\\\/en\\\/author\\\/max-ernst\\\/\"}]}<\/script>\n<!-- \/ Yoast SEO plugin. -->","yoast_head_json":{"title":"Sur les traces franco-allemandes du charbon : Prix du reportage photo - Vues de chez nous (M\u00e9diatiks international 2021) - Cam\u00e4l\u00e9on","description":"Max Ernst : Sur les traces franco-allemandes du charbon, Prix M\u00e9diatiks international 2021 dans la cat\u00e9gorie \"Reportage photo - Vues de chez nous\"","robots":{"index":"index","follow":"follow","max-snippet":"max-snippet:-1","max-image-preview":"max-image-preview:large","max-video-preview":"max-video-preview:-1"},"canonical":"https:\/\/www.camaeleon.org\/en\/2021\/04\/24\/sur-les-traces-franco-allemandes-du-charbon-prix-du-reportage-photo-vues-de-chez-nous-mediatiks-international-2021\/","og_locale":"en_US","og_type":"article","og_title":"Sur les traces franco-allemandes du charbon : Prix du reportage photo - Vues de chez nous (M\u00e9diatiks international 2021) - Cam\u00e4l\u00e9on","og_description":"Max Ernst : Sur les traces franco-allemandes du charbon, Prix M\u00e9diatiks international 2021 dans la cat\u00e9gorie \"Reportage photo - Vues de chez nous\"","og_url":"https:\/\/www.camaeleon.org\/en\/2021\/04\/24\/sur-les-traces-franco-allemandes-du-charbon-prix-du-reportage-photo-vues-de-chez-nous-mediatiks-international-2021\/","og_site_name":"Cam\u00e4l\u00e9on","article_publisher":"https:\/\/www.facebook.com\/camaeleon.org\/","article_published_time":"2021-04-24T09:15:45+00:00","article_modified_time":"2022-07-21T14:10:59+00:00","og_image":[{"width":2560,"height":1995,"url":"https:\/\/www.camaeleon.org\/wp-content\/uploads\/2021\/04\/Puits-Saint-Charles-scaled.jpg","type":"image\/jpeg"}],"author":"Max Ernst","twitter_card":"summary_large_image","twitter_creator":"@camaeleonOrg","twitter_site":"@camaeleonOrg","schema":{"@context":"https:\/\/schema.org","@graph":[{"@type":"Article","@id":"https:\/\/www.camaeleon.org\/2021\/04\/24\/sur-les-traces-franco-allemandes-du-charbon-prix-du-reportage-photo-vues-de-chez-nous-mediatiks-international-2021\/#article","isPartOf":{"@id":"https:\/\/www.camaeleon.org\/2021\/04\/24\/sur-les-traces-franco-allemandes-du-charbon-prix-du-reportage-photo-vues-de-chez-nous-mediatiks-international-2021\/"},"author":{"name":"Max Ernst","@id":"https:\/\/www.camaeleon.org\/de\/#\/schema\/person\/052ee327c421b495af4657a44187a959"},"headline":"Sur les traces franco-allemandes du charbon : Prix du reportage photo &#8211; Vues de chez nous (M\u00e9diatiks international 2021)","datePublished":"2021-04-24T09:15:45+00:00","dateModified":"2022-07-21T14:10:59+00:00","mainEntityOfPage":{"@id":"https:\/\/www.camaeleon.org\/2021\/04\/24\/sur-les-traces-franco-allemandes-du-charbon-prix-du-reportage-photo-vues-de-chez-nous-mediatiks-international-2021\/"},"wordCount":679,"commentCount":1,"publisher":{"@id":"https:\/\/www.camaeleon.org\/de\/#organization"},"image":{"@id":"https:\/\/www.camaeleon.org\/2021\/04\/24\/sur-les-traces-franco-allemandes-du-charbon-prix-du-reportage-photo-vues-de-chez-nous-mediatiks-international-2021\/#primaryimage"},"thumbnailUrl":"https:\/\/www.camaeleon.org\/wp-content\/uploads\/2021\/04\/Puits-Saint-Charles-scaled.jpg","keywords":["Bergbau","Bergwerk","charbon","chevalements","friches industrielles","histoire franco-allemande","houille","Kohle","Mediatiks international 2021","reportage photo"],"articleSection":["Culture","Timeless"],"inLanguage":"en-US","potentialAction":[{"@type":"CommentAction","name":"Comment","target":["https:\/\/www.camaeleon.org\/2021\/04\/24\/sur-les-traces-franco-allemandes-du-charbon-prix-du-reportage-photo-vues-de-chez-nous-mediatiks-international-2021\/#respond"]}]},{"@type":"WebPage","@id":"https:\/\/www.camaeleon.org\/en\/2021\/04\/24\/sur-les-traces-franco-allemandes-du-charbon-prix-du-reportage-photo-vues-de-chez-nous-mediatiks-international-2021\/","url":"https:\/\/www.camaeleon.org\/en\/2021\/04\/24\/sur-les-traces-franco-allemandes-du-charbon-prix-du-reportage-photo-vues-de-chez-nous-mediatiks-international-2021\/","name":"Sur les traces franco-allemandes du charbon : Prix du reportage photo - Vues de chez nous (M\u00e9diatiks international 2021) - Cam\u00e4l\u00e9on","isPartOf":{"@id":"https:\/\/www.camaeleon.org\/en\/#website"},"primaryImageOfPage":{"@id":"https:\/\/www.camaeleon.org\/en\/2021\/04\/24\/sur-les-traces-franco-allemandes-du-charbon-prix-du-reportage-photo-vues-de-chez-nous-mediatiks-international-2021\/#primaryimage"},"image":{"@id":"https:\/\/www.camaeleon.org\/2021\/04\/24\/sur-les-traces-franco-allemandes-du-charbon-prix-du-reportage-photo-vues-de-chez-nous-mediatiks-international-2021\/#primaryimage"},"thumbnailUrl":"https:\/\/www.camaeleon.org\/wp-content\/uploads\/2021\/04\/Puits-Saint-Charles-scaled.jpg","datePublished":"2021-04-24T09:15:45+00:00","dateModified":"2022-07-21T14:10:59+00:00","description":"Max Ernst : Sur les traces franco-allemandes du charbon, Prix M\u00e9diatiks international 2021 dans la cat\u00e9gorie \"Reportage photo - Vues de chez nous\"","breadcrumb":{"@id":"https:\/\/www.camaeleon.org\/en\/2021\/04\/24\/sur-les-traces-franco-allemandes-du-charbon-prix-du-reportage-photo-vues-de-chez-nous-mediatiks-international-2021\/#breadcrumb"},"inLanguage":"en-US","potentialAction":[{"@type":"ReadAction","target":[["https:\/\/www.camaeleon.org\/en\/2021\/04\/24\/sur-les-traces-franco-allemandes-du-charbon-prix-du-reportage-photo-vues-de-chez-nous-mediatiks-international-2021\/"]]}]},{"@type":"ImageObject","inLanguage":"en-US","@id":"https:\/\/www.camaeleon.org\/en\/2021\/04\/24\/sur-les-traces-franco-allemandes-du-charbon-prix-du-reportage-photo-vues-de-chez-nous-mediatiks-international-2021\/#primaryimage","url":"https:\/\/www.camaeleon.org\/wp-content\/uploads\/2021\/04\/Puits-Saint-Charles-scaled.jpg","contentUrl":"https:\/\/www.camaeleon.org\/wp-content\/uploads\/2021\/04\/Puits-Saint-Charles-scaled.jpg","width":2560,"height":1995,"caption":"Puits Saint Charles. Photo : Max Ernst"},{"@type":"BreadcrumbList","@id":"https:\/\/www.camaeleon.org\/en\/2021\/04\/24\/sur-les-traces-franco-allemandes-du-charbon-prix-du-reportage-photo-vues-de-chez-nous-mediatiks-international-2021\/#breadcrumb","itemListElement":[{"@type":"ListItem","position":1,"name":"Home","item":"https:\/\/www.camaeleon.org\/en\/"},{"@type":"ListItem","position":2,"name":"Auf den deutsch-franz\u00f6sischen Spuren der Kohle"}]},{"@type":"WebSite","@id":"https:\/\/www.camaeleon.org\/en\/#website","url":"https:\/\/www.camaeleon.org\/en\/","name":"Cam\u00e4l\u00e9on","description":"The online student magazine by Deutsch-Franz\u00f6sisches Gymnasium Saarbr\u00fccken","publisher":{"@id":"https:\/\/www.camaeleon.org\/en\/#organization"},"potentialAction":[{"@type":"SearchAction","target":{"@type":"EntryPoint","urlTemplate":"https:\/\/www.camaeleon.org\/en\/?s={search_term_string}"},"query-input":{"@type":"PropertyValueSpecification","valueRequired":true,"valueName":"search_term_string"}}],"inLanguage":"en-US"},{"@type":"Organization","@id":"https:\/\/www.camaeleon.org\/en\/#organization","name":"Cam\u00e4l\u00e9on","url":"https:\/\/www.camaeleon.org\/en\/","logo":{"@type":"ImageObject","inLanguage":"en-US","@id":"https:\/\/www.camaeleon.org\/en\/#\/schema\/logo\/image\/","url":"https:\/\/www.camaeleon.org\/wp-content\/uploads\/2011\/11\/CAM\u00c4LEON.jpg","contentUrl":"https:\/\/www.camaeleon.org\/wp-content\/uploads\/2011\/11\/CAM\u00c4LEON.jpg","width":959,"height":959,"caption":"Cam\u00e4l\u00e9on"},"image":{"@id":"https:\/\/www.camaeleon.org\/en\/#\/schema\/logo\/image\/"},"sameAs":["https:\/\/www.facebook.com\/camaeleon.org\/","https:\/\/x.com\/camaeleonOrg","https:\/\/www.instagram.com\/camaeleon.dfg\/","https:\/\/www.youtube.com\/channel\/UCl3TAUDdGuu_c7CD6ax6hYg"]},{"@type":"Person","@id":"https:\/\/www.camaeleon.org\/de\/#\/schema\/person\/052ee327c421b495af4657a44187a959","name":"Max Ernst","image":{"@type":"ImageObject","inLanguage":"en-US","@id":"https:\/\/www.camaeleon.org\/en\/wp-content\/uploads\/2024\/01\/IMG-20231204-WA0001-01-150x150.jpeg3fc50e401fd745f06a8339d74db41d5e","url":"https:\/\/www.camaeleon.org\/wp-content\/uploads\/2024\/01\/IMG-20231204-WA0001-01-150x150.jpeg","contentUrl":"https:\/\/www.camaeleon.org\/wp-content\/uploads\/2024\/01\/IMG-20231204-WA0001-01-150x150.jpeg","caption":"Max Ernst"},"description":"Bonjour, je m'appelle Max Ernst, j'ai 16 ans, je fais partie de Cam\u00e4l\u00e9on depuis 2017 et je suis en classe de Tle ES. Je m'int\u00e9resse \u00e0 la photographie, \u00e0 la musique et \u00e0 toute l'actualit\u00e9. Pour en savoir plus sur moi : www.maxmernst.de.","sameAs":["http:\/\/www.maxmernst.de"],"url":"https:\/\/www.camaeleon.org\/en\/author\/max-ernst\/"}]}},"_links":{"self":[{"href":"https:\/\/www.camaeleon.org\/en\/wp-json\/wp\/v2\/posts\/23591","targetHints":{"allow":["GET"]}}],"collection":[{"href":"https:\/\/www.camaeleon.org\/en\/wp-json\/wp\/v2\/posts"}],"about":[{"href":"https:\/\/www.camaeleon.org\/en\/wp-json\/wp\/v2\/types\/post"}],"author":[{"embeddable":true,"href":"https:\/\/www.camaeleon.org\/en\/wp-json\/wp\/v2\/users\/128"}],"replies":[{"embeddable":true,"href":"https:\/\/www.camaeleon.org\/en\/wp-json\/wp\/v2\/comments?post=23591"}],"version-history":[{"count":0,"href":"https:\/\/www.camaeleon.org\/en\/wp-json\/wp\/v2\/posts\/23591\/revisions"}],"wp:featuredmedia":[{"embeddable":true,"href":"https:\/\/www.camaeleon.org\/en\/wp-json\/wp\/v2\/media\/23602"}],"wp:attachment":[{"href":"https:\/\/www.camaeleon.org\/en\/wp-json\/wp\/v2\/media?parent=23591"}],"wp:term":[{"taxonomy":"category","embeddable":true,"href":"https:\/\/www.camaeleon.org\/en\/wp-json\/wp\/v2\/categories?post=23591"},{"taxonomy":"post_tag","embeddable":true,"href":"https:\/\/www.camaeleon.org\/en\/wp-json\/wp\/v2\/tags?post=23591"},{"taxonomy":"author","embeddable":true,"href":"https:\/\/www.camaeleon.org\/en\/wp-json\/wp\/v2\/coauthors?post=23591"}],"curies":[{"name":"wp","href":"https:\/\/api.w.org\/{rel}","templated":true}]}}