{"id":23544,"date":"2021-04-20T09:33:26","date_gmt":"2021-04-20T07:33:26","guid":{"rendered":"https:\/\/www.camaeleon.org\/?p=23544"},"modified":"2021-11-28T18:08:58","modified_gmt":"2021-11-28T17:08:58","slug":"das-wort-der-woche-gartenarbeit","status":"publish","type":"post","link":"https:\/\/www.camaeleon.org\/en\/2021\/04\/20\/das-wort-der-woche-gartenarbeit\/","title":{"rendered":"Das Wort der Woche: #Gartenarbeit"},"content":{"rendered":"<figure id=\"attachment_23562\" aria-describedby=\"caption-attachment-23562\" style=\"width: 300px\" class=\"wp-caption alignleft\"><img loading=\"lazy\" decoding=\"async\" class=\"size-medium wp-image-23562\" src=\"https:\/\/www.camaeleon.org\/wp-content\/uploads\/2021\/04\/gardening-2448134_1920-300x200.jpg\" alt=\"Gartenarbeit\" width=\"300\" height=\"200\" srcset=\"https:\/\/www.camaeleon.org\/wp-content\/uploads\/2021\/04\/gardening-2448134_1920-300x200.jpg 300w, https:\/\/www.camaeleon.org\/wp-content\/uploads\/2021\/04\/gardening-2448134_1920-880x587.jpg 880w, https:\/\/www.camaeleon.org\/wp-content\/uploads\/2021\/04\/gardening-2448134_1920-1536x1024.jpg 1536w, https:\/\/www.camaeleon.org\/wp-content\/uploads\/2021\/04\/gardening-2448134_1920.jpg 1920w\" sizes=\"auto, (max-width: 300px) 100vw, 300px\" \/><figcaption id=\"caption-attachment-23562\" class=\"wp-caption-text\">Foto: congerdesign \/ pixabay.com<\/figcaption><\/figure>\n<p>Das Fr\u00fchlingswetter kommt langsam zum Vorschein. Das ideale Wetter f\u00fcr Gartenarbeit: Unkraut j\u00e4ten, Blumen, Obst und Gem\u00fcse anflanzen, Gartenm\u00f6bel rausstellen. Einfach alles wieder auf Vordermann bringen, damit man sich im Sommer entspannt auf seine Liege legen kann und nicht erst noch davor durch Gestr\u00fcpp laufen zu m\u00fcssen. Mit etwas Spa\u00df und Arbeit k\u00f6nnt ihr etwas wirklich Gro\u00dfartiges erschaffen und es euch zu eurer eigenen kleinen Welt machen. Auch wenn ihr keine so gro\u00dfen Gartenfreunde seid, k\u00f6nnt ihr mit einer kleinen Blumenwiese und nicht viel Aufwand unseren Bienen, Wespen, Schmetterlingen und weiteren Insekten etwas Gutes tun.<\/p>\n","protected":false},"excerpt":{"rendered":"<p>Das Fr\u00fchlingswetter kommt langsam zum Vorschein. Das ideale Wetter f\u00fcr Gartenarbeit: Unkraut j\u00e4ten, Blumen, Obst und Gem\u00fcse anflanzen.<\/p>\n","protected":false},"author":147,"featured_media":23562,"comment_status":"open","ping_status":"closed","sticky":false,"template":"","format":"standard","meta":{"colormag_page_container_layout":"default_layout","colormag_page_sidebar_layout":"default_layout","footnotes":""},"categories":[864,192],"tags":[1606,1601,1604,1293,1599,1600,1609,1603,1605,1602,1608,1607],"coauthors":[1210],"class_list":["post-23544","post","type-post","status-publish","format-standard","has-post-thumbnail","hentry","category-le-mot-de-la-semaine","category-loisirs","tag-bienen","tag-blumen","tag-blumenwiese","tag-fruehling","tag-garten","tag-gartenarbeit","tag-gartenfreunde","tag-gemuse","tag-insekten","tag-obst","tag-schmetterlinge","tag-wespen"],"yoast_head":"<!-- This site is optimized with the Yoast SEO plugin v27.4 - https:\/\/yoast.com\/product\/yoast-seo-wordpress\/ -->\n<title>Das Wort der Woche: #Gartenarbeit - Cam\u00e4l\u00e9on<\/title>\n<meta name=\"robots\" content=\"index, follow, max-snippet:-1, max-image-preview:large, max-video-preview:-1\" \/>\n<link rel=\"canonical\" href=\"https:\/\/www.camaeleon.org\/en\/2021\/04\/20\/das-wort-der-woche-gartenarbeit\/\" \/>\n<meta property=\"og:locale\" content=\"en_US\" \/>\n<meta property=\"og:type\" content=\"article\" \/>\n<meta property=\"og:title\" content=\"Das Wort der Woche: #Gartenarbeit - Cam\u00e4l\u00e9on\" \/>\n<meta property=\"og:description\" content=\"Das Fr\u00fchlingswetter kommt langsam zum Vorschein. Das ideale Wetter f\u00fcr Gartenarbeit: Unkraut j\u00e4ten, Blumen, Obst und Gem\u00fcse anflanzen.\" \/>\n<meta property=\"og:url\" content=\"https:\/\/www.camaeleon.org\/en\/2021\/04\/20\/das-wort-der-woche-gartenarbeit\/\" \/>\n<meta property=\"og:site_name\" content=\"Cam\u00e4l\u00e9on\" \/>\n<meta property=\"article:publisher\" content=\"https:\/\/www.facebook.com\/camaeleon.org\/\" \/>\n<meta property=\"article:published_time\" content=\"2021-04-20T07:33:26+00:00\" \/>\n<meta property=\"article:modified_time\" content=\"2021-11-28T17:08:58+00:00\" \/>\n<meta property=\"og:image\" content=\"https:\/\/www.camaeleon.org\/wp-content\/uploads\/2021\/04\/gardening-2448134_1920.jpg\" \/>\n\t<meta property=\"og:image:width\" content=\"1920\" \/>\n\t<meta property=\"og:image:height\" content=\"1280\" \/>\n\t<meta property=\"og:image:type\" content=\"image\/jpeg\" \/>\n<meta name=\"author\" content=\"Laura Woll\" \/>\n<meta name=\"twitter:card\" content=\"summary_large_image\" \/>\n<meta name=\"twitter:creator\" content=\"@camaeleonOrg\" \/>\n<meta name=\"twitter:site\" content=\"@camaeleonOrg\" \/>\n<script type=\"application\/ld+json\" class=\"yoast-schema-graph\">{\"@context\":\"https:\\\/\\\/schema.org\",\"@graph\":[{\"@type\":\"Article\",\"@id\":\"https:\\\/\\\/www.camaeleon.org\\\/2021\\\/04\\\/20\\\/das-wort-der-woche-gartenarbeit\\\/#article\",\"isPartOf\":{\"@id\":\"https:\\\/\\\/www.camaeleon.org\\\/2021\\\/04\\\/20\\\/das-wort-der-woche-gartenarbeit\\\/\"},\"author\":{\"name\":\"Laura Woll\",\"@id\":\"https:\\\/\\\/www.camaeleon.org\\\/de\\\/#\\\/schema\\\/person\\\/5b6b191ac80c80df35e00ba614b007aa\"},\"headline\":\"Das Wort der Woche: #Gartenarbeit\",\"datePublished\":\"2021-04-20T07:33:26+00:00\",\"dateModified\":\"2021-11-28T17:08:58+00:00\",\"mainEntityOfPage\":{\"@id\":\"https:\\\/\\\/www.camaeleon.org\\\/2021\\\/04\\\/20\\\/das-wort-der-woche-gartenarbeit\\\/\"},\"wordCount\":122,\"commentCount\":0,\"publisher\":{\"@id\":\"https:\\\/\\\/www.camaeleon.org\\\/de\\\/#organization\"},\"image\":{\"@id\":\"https:\\\/\\\/www.camaeleon.org\\\/2021\\\/04\\\/20\\\/das-wort-der-woche-gartenarbeit\\\/#primaryimage\"},\"thumbnailUrl\":\"https:\\\/\\\/www.camaeleon.org\\\/wp-content\\\/uploads\\\/2021\\\/04\\\/gardening-2448134_1920.jpg\",\"keywords\":[\"Bienen\",\"Blumen\",\"Blumenwiese\",\"Fr\u00fchling\",\"Garten\",\"Gartenarbeit\",\"Gartenfreunde\",\"Gem\u00fcse\",\"Insekten\",\"Obst\",\"Schmetterlinge\",\"Wespen\"],\"articleSection\":[\"Word of the Week\",\"Leisure\"],\"inLanguage\":\"en-US\",\"potentialAction\":[{\"@type\":\"CommentAction\",\"name\":\"Comment\",\"target\":[\"https:\\\/\\\/www.camaeleon.org\\\/2021\\\/04\\\/20\\\/das-wort-der-woche-gartenarbeit\\\/#respond\"]}]},{\"@type\":\"WebPage\",\"@id\":\"https:\\\/\\\/www.camaeleon.org\\\/en\\\/2021\\\/04\\\/20\\\/das-wort-der-woche-gartenarbeit\\\/\",\"url\":\"https:\\\/\\\/www.camaeleon.org\\\/en\\\/2021\\\/04\\\/20\\\/das-wort-der-woche-gartenarbeit\\\/\",\"name\":\"Das Wort der Woche: #Gartenarbeit - Cam\u00e4l\u00e9on\",\"isPartOf\":{\"@id\":\"https:\\\/\\\/www.camaeleon.org\\\/en\\\/#website\"},\"primaryImageOfPage\":{\"@id\":\"https:\\\/\\\/www.camaeleon.org\\\/en\\\/2021\\\/04\\\/20\\\/das-wort-der-woche-gartenarbeit\\\/#primaryimage\"},\"image\":{\"@id\":\"https:\\\/\\\/www.camaeleon.org\\\/2021\\\/04\\\/20\\\/das-wort-der-woche-gartenarbeit\\\/#primaryimage\"},\"thumbnailUrl\":\"https:\\\/\\\/www.camaeleon.org\\\/wp-content\\\/uploads\\\/2021\\\/04\\\/gardening-2448134_1920.jpg\",\"datePublished\":\"2021-04-20T07:33:26+00:00\",\"dateModified\":\"2021-11-28T17:08:58+00:00\",\"breadcrumb\":{\"@id\":\"https:\\\/\\\/www.camaeleon.org\\\/en\\\/2021\\\/04\\\/20\\\/das-wort-der-woche-gartenarbeit\\\/#breadcrumb\"},\"inLanguage\":\"en-US\",\"potentialAction\":[{\"@type\":\"ReadAction\",\"target\":[[\"https:\\\/\\\/www.camaeleon.org\\\/en\\\/2021\\\/04\\\/20\\\/das-wort-der-woche-gartenarbeit\\\/\"]]}]},{\"@type\":\"ImageObject\",\"inLanguage\":\"en-US\",\"@id\":\"https:\\\/\\\/www.camaeleon.org\\\/en\\\/2021\\\/04\\\/20\\\/das-wort-der-woche-gartenarbeit\\\/#primaryimage\",\"url\":\"https:\\\/\\\/www.camaeleon.org\\\/wp-content\\\/uploads\\\/2021\\\/04\\\/gardening-2448134_1920.jpg\",\"contentUrl\":\"https:\\\/\\\/www.camaeleon.org\\\/wp-content\\\/uploads\\\/2021\\\/04\\\/gardening-2448134_1920.jpg\",\"width\":1920,\"height\":1280,\"caption\":\"Foto: congerdesign \\\/ pixabay.com\"},{\"@type\":\"BreadcrumbList\",\"@id\":\"https:\\\/\\\/www.camaeleon.org\\\/en\\\/2021\\\/04\\\/20\\\/das-wort-der-woche-gartenarbeit\\\/#breadcrumb\",\"itemListElement\":[{\"@type\":\"ListItem\",\"position\":1,\"name\":\"Home\",\"item\":\"https:\\\/\\\/www.camaeleon.org\\\/en\\\/\"},{\"@type\":\"ListItem\",\"position\":2,\"name\":\"Das Wort der Woche: #Gartenarbeit\"}]},{\"@type\":\"WebSite\",\"@id\":\"https:\\\/\\\/www.camaeleon.org\\\/en\\\/#website\",\"url\":\"https:\\\/\\\/www.camaeleon.org\\\/en\\\/\",\"name\":\"Cam\u00e4l\u00e9on\",\"description\":\"The online student magazine by Deutsch-Franz\u00f6sisches Gymnasium Saarbr\u00fccken\",\"publisher\":{\"@id\":\"https:\\\/\\\/www.camaeleon.org\\\/en\\\/#organization\"},\"potentialAction\":[{\"@type\":\"SearchAction\",\"target\":{\"@type\":\"EntryPoint\",\"urlTemplate\":\"https:\\\/\\\/www.camaeleon.org\\\/en\\\/?s={search_term_string}\"},\"query-input\":{\"@type\":\"PropertyValueSpecification\",\"valueRequired\":true,\"valueName\":\"search_term_string\"}}],\"inLanguage\":\"en-US\"},{\"@type\":\"Organization\",\"@id\":\"https:\\\/\\\/www.camaeleon.org\\\/en\\\/#organization\",\"name\":\"Cam\u00e4l\u00e9on\",\"url\":\"https:\\\/\\\/www.camaeleon.org\\\/en\\\/\",\"logo\":{\"@type\":\"ImageObject\",\"inLanguage\":\"en-US\",\"@id\":\"https:\\\/\\\/www.camaeleon.org\\\/en\\\/#\\\/schema\\\/logo\\\/image\\\/\",\"url\":\"https:\\\/\\\/www.camaeleon.org\\\/wp-content\\\/uploads\\\/2011\\\/11\\\/CAM\u00c4LEON.jpg\",\"contentUrl\":\"https:\\\/\\\/www.camaeleon.org\\\/wp-content\\\/uploads\\\/2011\\\/11\\\/CAM\u00c4LEON.jpg\",\"width\":959,\"height\":959,\"caption\":\"Cam\u00e4l\u00e9on\"},\"image\":{\"@id\":\"https:\\\/\\\/www.camaeleon.org\\\/en\\\/#\\\/schema\\\/logo\\\/image\\\/\"},\"sameAs\":[\"https:\\\/\\\/www.facebook.com\\\/camaeleon.org\\\/\",\"https:\\\/\\\/x.com\\\/camaeleonOrg\",\"https:\\\/\\\/www.instagram.com\\\/camaeleon.dfg\\\/\",\"https:\\\/\\\/www.youtube.com\\\/channel\\\/UCl3TAUDdGuu_c7CD6ax6hYg\"]},{\"@type\":\"Person\",\"@id\":\"https:\\\/\\\/www.camaeleon.org\\\/de\\\/#\\\/schema\\\/person\\\/5b6b191ac80c80df35e00ba614b007aa\",\"name\":\"Laura Woll\",\"image\":{\"@type\":\"ImageObject\",\"inLanguage\":\"en-US\",\"@id\":\"https:\\\/\\\/www.camaeleon.org\\\/en\\\/wp-content\\\/uploads\\\/2020\\\/12\\\/laura.jpgccba64db12fd68bcd6cba6ed71e031cf\",\"url\":\"https:\\\/\\\/www.camaeleon.org\\\/wp-content\\\/uploads\\\/2020\\\/12\\\/laura.jpg\",\"contentUrl\":\"https:\\\/\\\/www.camaeleon.org\\\/wp-content\\\/uploads\\\/2020\\\/12\\\/laura.jpg\",\"caption\":\"Laura Woll\"},\"url\":\"https:\\\/\\\/www.camaeleon.org\\\/en\\\/author\\\/laura-woll\\\/\"}]}<\/script>\n<!-- \/ Yoast SEO plugin. -->","yoast_head_json":{"title":"Das Wort der Woche: #Gartenarbeit - Cam\u00e4l\u00e9on","robots":{"index":"index","follow":"follow","max-snippet":"max-snippet:-1","max-image-preview":"max-image-preview:large","max-video-preview":"max-video-preview:-1"},"canonical":"https:\/\/www.camaeleon.org\/en\/2021\/04\/20\/das-wort-der-woche-gartenarbeit\/","og_locale":"en_US","og_type":"article","og_title":"Das Wort der Woche: #Gartenarbeit - Cam\u00e4l\u00e9on","og_description":"Das Fr\u00fchlingswetter kommt langsam zum Vorschein. Das ideale Wetter f\u00fcr Gartenarbeit: Unkraut j\u00e4ten, Blumen, Obst und Gem\u00fcse anflanzen.","og_url":"https:\/\/www.camaeleon.org\/en\/2021\/04\/20\/das-wort-der-woche-gartenarbeit\/","og_site_name":"Cam\u00e4l\u00e9on","article_publisher":"https:\/\/www.facebook.com\/camaeleon.org\/","article_published_time":"2021-04-20T07:33:26+00:00","article_modified_time":"2021-11-28T17:08:58+00:00","og_image":[{"width":1920,"height":1280,"url":"https:\/\/www.camaeleon.org\/wp-content\/uploads\/2021\/04\/gardening-2448134_1920.jpg","type":"image\/jpeg"}],"author":"Laura Woll","twitter_card":"summary_large_image","twitter_creator":"@camaeleonOrg","twitter_site":"@camaeleonOrg","schema":{"@context":"https:\/\/schema.org","@graph":[{"@type":"Article","@id":"https:\/\/www.camaeleon.org\/2021\/04\/20\/das-wort-der-woche-gartenarbeit\/#article","isPartOf":{"@id":"https:\/\/www.camaeleon.org\/2021\/04\/20\/das-wort-der-woche-gartenarbeit\/"},"author":{"name":"Laura Woll","@id":"https:\/\/www.camaeleon.org\/de\/#\/schema\/person\/5b6b191ac80c80df35e00ba614b007aa"},"headline":"Das Wort der Woche: #Gartenarbeit","datePublished":"2021-04-20T07:33:26+00:00","dateModified":"2021-11-28T17:08:58+00:00","mainEntityOfPage":{"@id":"https:\/\/www.camaeleon.org\/2021\/04\/20\/das-wort-der-woche-gartenarbeit\/"},"wordCount":122,"commentCount":0,"publisher":{"@id":"https:\/\/www.camaeleon.org\/de\/#organization"},"image":{"@id":"https:\/\/www.camaeleon.org\/2021\/04\/20\/das-wort-der-woche-gartenarbeit\/#primaryimage"},"thumbnailUrl":"https:\/\/www.camaeleon.org\/wp-content\/uploads\/2021\/04\/gardening-2448134_1920.jpg","keywords":["Bienen","Blumen","Blumenwiese","Fr\u00fchling","Garten","Gartenarbeit","Gartenfreunde","Gem\u00fcse","Insekten","Obst","Schmetterlinge","Wespen"],"articleSection":["Word of the Week","Leisure"],"inLanguage":"en-US","potentialAction":[{"@type":"CommentAction","name":"Comment","target":["https:\/\/www.camaeleon.org\/2021\/04\/20\/das-wort-der-woche-gartenarbeit\/#respond"]}]},{"@type":"WebPage","@id":"https:\/\/www.camaeleon.org\/en\/2021\/04\/20\/das-wort-der-woche-gartenarbeit\/","url":"https:\/\/www.camaeleon.org\/en\/2021\/04\/20\/das-wort-der-woche-gartenarbeit\/","name":"Das Wort der Woche: #Gartenarbeit - Cam\u00e4l\u00e9on","isPartOf":{"@id":"https:\/\/www.camaeleon.org\/en\/#website"},"primaryImageOfPage":{"@id":"https:\/\/www.camaeleon.org\/en\/2021\/04\/20\/das-wort-der-woche-gartenarbeit\/#primaryimage"},"image":{"@id":"https:\/\/www.camaeleon.org\/2021\/04\/20\/das-wort-der-woche-gartenarbeit\/#primaryimage"},"thumbnailUrl":"https:\/\/www.camaeleon.org\/wp-content\/uploads\/2021\/04\/gardening-2448134_1920.jpg","datePublished":"2021-04-20T07:33:26+00:00","dateModified":"2021-11-28T17:08:58+00:00","breadcrumb":{"@id":"https:\/\/www.camaeleon.org\/en\/2021\/04\/20\/das-wort-der-woche-gartenarbeit\/#breadcrumb"},"inLanguage":"en-US","potentialAction":[{"@type":"ReadAction","target":[["https:\/\/www.camaeleon.org\/en\/2021\/04\/20\/das-wort-der-woche-gartenarbeit\/"]]}]},{"@type":"ImageObject","inLanguage":"en-US","@id":"https:\/\/www.camaeleon.org\/en\/2021\/04\/20\/das-wort-der-woche-gartenarbeit\/#primaryimage","url":"https:\/\/www.camaeleon.org\/wp-content\/uploads\/2021\/04\/gardening-2448134_1920.jpg","contentUrl":"https:\/\/www.camaeleon.org\/wp-content\/uploads\/2021\/04\/gardening-2448134_1920.jpg","width":1920,"height":1280,"caption":"Foto: congerdesign \/ pixabay.com"},{"@type":"BreadcrumbList","@id":"https:\/\/www.camaeleon.org\/en\/2021\/04\/20\/das-wort-der-woche-gartenarbeit\/#breadcrumb","itemListElement":[{"@type":"ListItem","position":1,"name":"Home","item":"https:\/\/www.camaeleon.org\/en\/"},{"@type":"ListItem","position":2,"name":"Das Wort der Woche: #Gartenarbeit"}]},{"@type":"WebSite","@id":"https:\/\/www.camaeleon.org\/en\/#website","url":"https:\/\/www.camaeleon.org\/en\/","name":"Cam\u00e4l\u00e9on","description":"The online student magazine by Deutsch-Franz\u00f6sisches Gymnasium Saarbr\u00fccken","publisher":{"@id":"https:\/\/www.camaeleon.org\/en\/#organization"},"potentialAction":[{"@type":"SearchAction","target":{"@type":"EntryPoint","urlTemplate":"https:\/\/www.camaeleon.org\/en\/?s={search_term_string}"},"query-input":{"@type":"PropertyValueSpecification","valueRequired":true,"valueName":"search_term_string"}}],"inLanguage":"en-US"},{"@type":"Organization","@id":"https:\/\/www.camaeleon.org\/en\/#organization","name":"Cam\u00e4l\u00e9on","url":"https:\/\/www.camaeleon.org\/en\/","logo":{"@type":"ImageObject","inLanguage":"en-US","@id":"https:\/\/www.camaeleon.org\/en\/#\/schema\/logo\/image\/","url":"https:\/\/www.camaeleon.org\/wp-content\/uploads\/2011\/11\/CAM\u00c4LEON.jpg","contentUrl":"https:\/\/www.camaeleon.org\/wp-content\/uploads\/2011\/11\/CAM\u00c4LEON.jpg","width":959,"height":959,"caption":"Cam\u00e4l\u00e9on"},"image":{"@id":"https:\/\/www.camaeleon.org\/en\/#\/schema\/logo\/image\/"},"sameAs":["https:\/\/www.facebook.com\/camaeleon.org\/","https:\/\/x.com\/camaeleonOrg","https:\/\/www.instagram.com\/camaeleon.dfg\/","https:\/\/www.youtube.com\/channel\/UCl3TAUDdGuu_c7CD6ax6hYg"]},{"@type":"Person","@id":"https:\/\/www.camaeleon.org\/de\/#\/schema\/person\/5b6b191ac80c80df35e00ba614b007aa","name":"Laura Woll","image":{"@type":"ImageObject","inLanguage":"en-US","@id":"https:\/\/www.camaeleon.org\/en\/wp-content\/uploads\/2020\/12\/laura.jpgccba64db12fd68bcd6cba6ed71e031cf","url":"https:\/\/www.camaeleon.org\/wp-content\/uploads\/2020\/12\/laura.jpg","contentUrl":"https:\/\/www.camaeleon.org\/wp-content\/uploads\/2020\/12\/laura.jpg","caption":"Laura Woll"},"url":"https:\/\/www.camaeleon.org\/en\/author\/laura-woll\/"}]}},"_links":{"self":[{"href":"https:\/\/www.camaeleon.org\/en\/wp-json\/wp\/v2\/posts\/23544","targetHints":{"allow":["GET"]}}],"collection":[{"href":"https:\/\/www.camaeleon.org\/en\/wp-json\/wp\/v2\/posts"}],"about":[{"href":"https:\/\/www.camaeleon.org\/en\/wp-json\/wp\/v2\/types\/post"}],"author":[{"embeddable":true,"href":"https:\/\/www.camaeleon.org\/en\/wp-json\/wp\/v2\/users\/147"}],"replies":[{"embeddable":true,"href":"https:\/\/www.camaeleon.org\/en\/wp-json\/wp\/v2\/comments?post=23544"}],"version-history":[{"count":0,"href":"https:\/\/www.camaeleon.org\/en\/wp-json\/wp\/v2\/posts\/23544\/revisions"}],"wp:featuredmedia":[{"embeddable":true,"href":"https:\/\/www.camaeleon.org\/en\/wp-json\/wp\/v2\/media\/23562"}],"wp:attachment":[{"href":"https:\/\/www.camaeleon.org\/en\/wp-json\/wp\/v2\/media?parent=23544"}],"wp:term":[{"taxonomy":"category","embeddable":true,"href":"https:\/\/www.camaeleon.org\/en\/wp-json\/wp\/v2\/categories?post=23544"},{"taxonomy":"post_tag","embeddable":true,"href":"https:\/\/www.camaeleon.org\/en\/wp-json\/wp\/v2\/tags?post=23544"},{"taxonomy":"author","embeddable":true,"href":"https:\/\/www.camaeleon.org\/en\/wp-json\/wp\/v2\/coauthors?post=23544"}],"curies":[{"name":"wp","href":"https:\/\/api.w.org\/{rel}","templated":true}]}}