{"id":23357,"date":"2021-03-17T14:13:42","date_gmt":"2021-03-17T13:13:42","guid":{"rendered":"https:\/\/www.camaeleon.org\/?p=23357"},"modified":"2022-07-21T16:11:31","modified_gmt":"2022-07-21T14:11:31","slug":"la-reconciliation-au-vivant-interview-avec-marie-france-barrier-une-realisatrice-engagee","status":"publish","type":"post","link":"https:\/\/www.camaeleon.org\/en\/2021\/03\/17\/la-reconciliation-au-vivant-interview-avec-marie-france-barrier-une-realisatrice-engagee\/","title":{"rendered":"&#8221;La r\u00e9conciliation au vivant&#8221;: interview avec Marie-France Barrier, une r\u00e9alisatrice engag\u00e9e"},"content":{"rendered":"<p>Marie-France Barrier, r\u00e9alisatrice et fondatrice de l&#8217;association &#8220;<a href=\"https:\/\/desenfantsetdesarbres.org\/\">Des enfants et des arbres<\/a>&#8220;, a accord\u00e9 un entretien \u00e0 Cam\u00e4l\u00e9on, dans lequel elle explique avec passion et une grande g\u00e9n\u00e9rosit\u00e9 les raisons de son engagement en faveur des arbres, de l&#8217;environnement et des g\u00e9n\u00e9ration futures.<\/p>\n<div class=\"lyte-wrapper\" style=\"width:1280px;max-width:100%;margin:5px auto;\"><div class=\"lyMe hidef\" id=\"WYL_RsQYazU4T5o\"><div id=\"lyte_RsQYazU4T5o\" data-src=\"https:\/\/www.camaeleon.org\/wp-content\/plugins\/wp-youtube-lyte\/lyteCache.php?origThumbUrl=%2F%2Fi.ytimg.com%2Fvi%2FRsQYazU4T5o%2Fhqdefault.jpg\" class=\"pL\"><div class=\"tC\"><div class=\"tT\"><\/div><\/div><div class=\"play\"><\/div><div class=\"ctrl\"><div class=\"Lctrl\"><\/div><div class=\"Rctrl\"><\/div><\/div><\/div><noscript><a href=\"https:\/\/youtu.be\/RsQYazU4T5o\" rel=\"nofollow\"><img loading=\"lazy\" decoding=\"async\" src=\"https:\/\/www.camaeleon.org\/wp-content\/plugins\/wp-youtube-lyte\/lyteCache.php?origThumbUrl=https%3A%2F%2Fi.ytimg.com%2Fvi%2FRsQYazU4T5o%2F0.jpg\" alt=\"YouTube video thumbnail\" width=\"1280\" height=\"700\" \/><br \/>Watch this video on YouTube<\/a><\/noscript><\/div><\/div><div class=\"lL\" style=\"max-width:100%;width:1280px;margin:5px auto;\"><br\/><span class=\"lyte_disclaimer\">By clicking on the video, you establish a connection to Youtube servers. More information in the <a href=\"https:\/\/www.camaeleon.org\/en\/mentions-legales\/declaration-de-protection-des-donnees\/\">privacy statement<\/a>.<\/span><\/div><\/p>\n<p>Pour en savoir plus sur &#8220;Des enfants et des arbres&#8221;, n&#8217;h\u00e9sitez pas \u00e0 aller sur<a href=\"https:\/\/desenfantsetdesarbres.org\/\" target=\"_blank\" rel=\"noopener noreferrer\"> le site de l&#8217;association<\/a>.<\/p>\n<p>Cet entretien a \u00e9t\u00e9 r\u00e9alis\u00e9 gr\u00e2ce \u00e0 la proposition de M. Chevallier, professeur de SVT au <a href=\"https:\/\/www.dfglfa.net\/dfg\/de\/\">LFA de Fribourg<\/a>. Vous pouvez retrouver sa newsletter bilingue d&#8217;\u00e9ducation \u00e0 la citoyennet\u00e9 terrestre, Educiterra, en cliquant sur <a href=\"https:\/\/www.dfglfa.net\/dfg\/fr\/actualites\/e-eduplex-fr\" target=\"_blank\" rel=\"noopener noreferrer\">ce lien<\/a>.<\/p>","protected":false},"excerpt":{"rendered":"<p>Marie-France Barrier, r\u00e9alisatrice et fondatrice de l&#8217;association &#8220;Des enfants et des arbres&#8220;, a accord\u00e9 un entretien \u00e0 Cam\u00e4l\u00e9on, dans lequel elle explique avec passion et<\/p>\n","protected":false},"author":144,"featured_media":23360,"comment_status":"open","ping_status":"closed","sticky":false,"template":"","format":"standard","meta":{"colormag_page_container_layout":"default_layout","colormag_page_sidebar_layout":"default_layout","footnotes":""},"categories":[5,2039,908],"tags":[1591,1590,1127,1030,290,1592,698,280],"coauthors":[746],"class_list":["post-23357","post","type-post","status-publish","format-standard","has-post-thumbnail","hentry","category-monde","category-zeitlos","category-camaeleon-video","tag-arbres","tag-baeume","tag-ecologie","tag-klimawandel","tag-natur","tag-nature","tag-umwelt","tag-umweltschutz"],"yoast_head":"<!-- This site is optimized with the Yoast SEO plugin v27.5 - https:\/\/yoast.com\/product\/yoast-seo-wordpress\/ -->\n<title>&quot;La r\u00e9conciliation au vivant&quot;: interview avec Marie-France Barrier, une r\u00e9alisatrice engag\u00e9e - Cam\u00e4l\u00e9on<\/title>\n<meta name=\"description\" content=\"Marie-France Barrier, r\u00e9alisatrice et fondatrice de l&#039;association &quot;Des enfants et des arbres&quot;, a accord\u00e9 un entretien \u00e0 Cam\u00e4l\u00e9on.\" \/>\n<meta name=\"robots\" content=\"index, follow, max-snippet:-1, max-image-preview:large, max-video-preview:-1\" \/>\n<link rel=\"canonical\" href=\"https:\/\/www.camaeleon.org\/en\/2021\/03\/17\/la-reconciliation-au-vivant-interview-avec-marie-france-barrier-une-realisatrice-engagee\/\" \/>\n<meta property=\"og:locale\" content=\"en_US\" \/>\n<meta property=\"og:type\" content=\"article\" \/>\n<meta property=\"og:title\" content=\"&quot;La r\u00e9conciliation au vivant&quot;: interview avec Marie-France Barrier, une r\u00e9alisatrice engag\u00e9e - Cam\u00e4l\u00e9on\" \/>\n<meta property=\"og:description\" content=\"Marie-France Barrier, r\u00e9alisatrice et fondatrice de l&#039;association &quot;Des enfants et des arbres&quot;, a accord\u00e9 un entretien \u00e0 Cam\u00e4l\u00e9on.\" \/>\n<meta property=\"og:url\" content=\"https:\/\/www.camaeleon.org\/en\/2021\/03\/17\/la-reconciliation-au-vivant-interview-avec-marie-france-barrier-une-realisatrice-engagee\/\" \/>\n<meta property=\"og:site_name\" content=\"Cam\u00e4l\u00e9on\" \/>\n<meta property=\"article:publisher\" content=\"https:\/\/www.facebook.com\/camaeleon.org\/\" \/>\n<meta property=\"article:published_time\" content=\"2021-03-17T13:13:42+00:00\" \/>\n<meta property=\"article:modified_time\" content=\"2022-07-21T14:11:31+00:00\" \/>\n<meta property=\"og:image\" content=\"https:\/\/www.camaeleon.org\/wp-content\/uploads\/2021\/02\/Last-still.jpg\" \/>\n\t<meta property=\"og:image:width\" content=\"1920\" \/>\n\t<meta property=\"og:image:height\" content=\"1080\" \/>\n\t<meta property=\"og:image:type\" content=\"image\/jpeg\" \/>\n<meta name=\"author\" content=\"Clara Hoff\" \/>\n<meta name=\"twitter:card\" content=\"summary_large_image\" \/>\n<meta name=\"twitter:creator\" content=\"@camaeleonOrg\" \/>\n<meta name=\"twitter:site\" content=\"@camaeleonOrg\" \/>\n<script type=\"application\/ld+json\" class=\"yoast-schema-graph\">{\"@context\":\"https:\\\/\\\/schema.org\",\"@graph\":[{\"@type\":\"Article\",\"@id\":\"https:\\\/\\\/www.camaeleon.org\\\/2021\\\/03\\\/17\\\/la-reconciliation-au-vivant-interview-avec-marie-france-barrier-une-realisatrice-engagee\\\/#article\",\"isPartOf\":{\"@id\":\"https:\\\/\\\/www.camaeleon.org\\\/2021\\\/03\\\/17\\\/la-reconciliation-au-vivant-interview-avec-marie-france-barrier-une-realisatrice-engagee\\\/\"},\"author\":{\"name\":\"Clara Hoff\",\"@id\":\"https:\\\/\\\/www.camaeleon.org\\\/de\\\/#\\\/schema\\\/person\\\/5ca6f968356e20bf35e9dea8fd95dd06\"},\"headline\":\"&#8221;La r\u00e9conciliation au vivant&#8221;: interview avec Marie-France Barrier, une r\u00e9alisatrice engag\u00e9e\",\"datePublished\":\"2021-03-17T13:13:42+00:00\",\"dateModified\":\"2022-07-21T14:11:31+00:00\",\"mainEntityOfPage\":{\"@id\":\"https:\\\/\\\/www.camaeleon.org\\\/2021\\\/03\\\/17\\\/la-reconciliation-au-vivant-interview-avec-marie-france-barrier-une-realisatrice-engagee\\\/\"},\"wordCount\":3113,\"commentCount\":0,\"publisher\":{\"@id\":\"https:\\\/\\\/www.camaeleon.org\\\/de\\\/#organization\"},\"image\":{\"@id\":\"https:\\\/\\\/www.camaeleon.org\\\/2021\\\/03\\\/17\\\/la-reconciliation-au-vivant-interview-avec-marie-france-barrier-une-realisatrice-engagee\\\/#primaryimage\"},\"thumbnailUrl\":\"https:\\\/\\\/www.camaeleon.org\\\/wp-content\\\/uploads\\\/2021\\\/02\\\/Last-still.jpg\",\"keywords\":[\"arbres\",\"B\u00e4ume\",\"Ecologie\",\"Klimawandel\",\"Natur\",\"nature\",\"Umwelt\",\"Umweltschutz\"],\"articleSection\":[\"World\",\"Timeless\",\"Video\"],\"inLanguage\":\"en-US\",\"potentialAction\":[{\"@type\":\"CommentAction\",\"name\":\"Comment\",\"target\":[\"https:\\\/\\\/www.camaeleon.org\\\/2021\\\/03\\\/17\\\/la-reconciliation-au-vivant-interview-avec-marie-france-barrier-une-realisatrice-engagee\\\/#respond\"]}]},{\"@type\":\"WebPage\",\"@id\":\"https:\\\/\\\/www.camaeleon.org\\\/en\\\/2021\\\/03\\\/17\\\/la-reconciliation-au-vivant-interview-avec-marie-france-barrier-une-realisatrice-engagee\\\/\",\"url\":\"https:\\\/\\\/www.camaeleon.org\\\/en\\\/2021\\\/03\\\/17\\\/la-reconciliation-au-vivant-interview-avec-marie-france-barrier-une-realisatrice-engagee\\\/\",\"name\":\"\\\"La r\u00e9conciliation au vivant\\\": interview avec Marie-France Barrier, une r\u00e9alisatrice engag\u00e9e - Cam\u00e4l\u00e9on\",\"isPartOf\":{\"@id\":\"https:\\\/\\\/www.camaeleon.org\\\/en\\\/#website\"},\"primaryImageOfPage\":{\"@id\":\"https:\\\/\\\/www.camaeleon.org\\\/en\\\/2021\\\/03\\\/17\\\/la-reconciliation-au-vivant-interview-avec-marie-france-barrier-une-realisatrice-engagee\\\/#primaryimage\"},\"image\":{\"@id\":\"https:\\\/\\\/www.camaeleon.org\\\/2021\\\/03\\\/17\\\/la-reconciliation-au-vivant-interview-avec-marie-france-barrier-une-realisatrice-engagee\\\/#primaryimage\"},\"thumbnailUrl\":\"https:\\\/\\\/www.camaeleon.org\\\/wp-content\\\/uploads\\\/2021\\\/02\\\/Last-still.jpg\",\"datePublished\":\"2021-03-17T13:13:42+00:00\",\"dateModified\":\"2022-07-21T14:11:31+00:00\",\"description\":\"Marie-France Barrier, r\u00e9alisatrice et fondatrice de l'association \\\"Des enfants et des arbres\\\", a accord\u00e9 un entretien \u00e0 Cam\u00e4l\u00e9on.\",\"breadcrumb\":{\"@id\":\"https:\\\/\\\/www.camaeleon.org\\\/en\\\/2021\\\/03\\\/17\\\/la-reconciliation-au-vivant-interview-avec-marie-france-barrier-une-realisatrice-engagee\\\/#breadcrumb\"},\"inLanguage\":\"en-US\",\"potentialAction\":[{\"@type\":\"ReadAction\",\"target\":[[\"https:\\\/\\\/www.camaeleon.org\\\/en\\\/2021\\\/03\\\/17\\\/la-reconciliation-au-vivant-interview-avec-marie-france-barrier-une-realisatrice-engagee\\\/\"]]}]},{\"@type\":\"ImageObject\",\"inLanguage\":\"en-US\",\"@id\":\"https:\\\/\\\/www.camaeleon.org\\\/en\\\/2021\\\/03\\\/17\\\/la-reconciliation-au-vivant-interview-avec-marie-france-barrier-une-realisatrice-engagee\\\/#primaryimage\",\"url\":\"https:\\\/\\\/www.camaeleon.org\\\/wp-content\\\/uploads\\\/2021\\\/02\\\/Last-still.jpg\",\"contentUrl\":\"https:\\\/\\\/www.camaeleon.org\\\/wp-content\\\/uploads\\\/2021\\\/02\\\/Last-still.jpg\",\"width\":1920,\"height\":1080,\"caption\":\"Clara Hoff interviewe Marie-France Barrier.\"},{\"@type\":\"BreadcrumbList\",\"@id\":\"https:\\\/\\\/www.camaeleon.org\\\/en\\\/2021\\\/03\\\/17\\\/la-reconciliation-au-vivant-interview-avec-marie-france-barrier-une-realisatrice-engagee\\\/#breadcrumb\",\"itemListElement\":[{\"@type\":\"ListItem\",\"position\":1,\"name\":\"Home\",\"item\":\"https:\\\/\\\/www.camaeleon.org\\\/en\\\/\"},{\"@type\":\"ListItem\",\"position\":2,\"name\":\"&#8222;Vers\u00f6hnung mit der Umwelt&#8220;: Interview mit Regisseurin und Aktivistin Marie-France Barrier\"}]},{\"@type\":\"WebSite\",\"@id\":\"https:\\\/\\\/www.camaeleon.org\\\/en\\\/#website\",\"url\":\"https:\\\/\\\/www.camaeleon.org\\\/en\\\/\",\"name\":\"Cam\u00e4l\u00e9on\",\"description\":\"The online student magazine by Deutsch-Franz\u00f6sisches Gymnasium Saarbr\u00fccken\",\"publisher\":{\"@id\":\"https:\\\/\\\/www.camaeleon.org\\\/en\\\/#organization\"},\"potentialAction\":[{\"@type\":\"SearchAction\",\"target\":{\"@type\":\"EntryPoint\",\"urlTemplate\":\"https:\\\/\\\/www.camaeleon.org\\\/en\\\/?s={search_term_string}\"},\"query-input\":{\"@type\":\"PropertyValueSpecification\",\"valueRequired\":true,\"valueName\":\"search_term_string\"}}],\"inLanguage\":\"en-US\"},{\"@type\":\"Organization\",\"@id\":\"https:\\\/\\\/www.camaeleon.org\\\/en\\\/#organization\",\"name\":\"Cam\u00e4l\u00e9on\",\"url\":\"https:\\\/\\\/www.camaeleon.org\\\/en\\\/\",\"logo\":{\"@type\":\"ImageObject\",\"inLanguage\":\"en-US\",\"@id\":\"https:\\\/\\\/www.camaeleon.org\\\/en\\\/#\\\/schema\\\/logo\\\/image\\\/\",\"url\":\"https:\\\/\\\/www.camaeleon.org\\\/wp-content\\\/uploads\\\/2011\\\/11\\\/CAM\u00c4LEON.jpg\",\"contentUrl\":\"https:\\\/\\\/www.camaeleon.org\\\/wp-content\\\/uploads\\\/2011\\\/11\\\/CAM\u00c4LEON.jpg\",\"width\":959,\"height\":959,\"caption\":\"Cam\u00e4l\u00e9on\"},\"image\":{\"@id\":\"https:\\\/\\\/www.camaeleon.org\\\/en\\\/#\\\/schema\\\/logo\\\/image\\\/\"},\"sameAs\":[\"https:\\\/\\\/www.facebook.com\\\/camaeleon.org\\\/\",\"https:\\\/\\\/x.com\\\/camaeleonOrg\",\"https:\\\/\\\/www.instagram.com\\\/camaeleon.dfg\\\/\",\"https:\\\/\\\/www.youtube.com\\\/channel\\\/UCl3TAUDdGuu_c7CD6ax6hYg\"]},{\"@type\":\"Person\",\"@id\":\"https:\\\/\\\/www.camaeleon.org\\\/de\\\/#\\\/schema\\\/person\\\/5ca6f968356e20bf35e9dea8fd95dd06\",\"name\":\"Clara Hoff\",\"image\":{\"@type\":\"ImageObject\",\"inLanguage\":\"en-US\",\"@id\":\"https:\\\/\\\/www.camaeleon.org\\\/en\\\/wp-content\\\/uploads\\\/2020\\\/11\\\/clara.jpgbe2064d582ccc0a8eb13af3a323e8dd6\",\"url\":\"https:\\\/\\\/www.camaeleon.org\\\/wp-content\\\/uploads\\\/2020\\\/11\\\/clara.jpg\",\"contentUrl\":\"https:\\\/\\\/www.camaeleon.org\\\/wp-content\\\/uploads\\\/2020\\\/11\\\/clara.jpg\",\"caption\":\"Clara Hoff\"},\"url\":\"https:\\\/\\\/www.camaeleon.org\\\/en\\\/author\\\/clara-hoff\\\/\"}]}<\/script>\n<!-- \/ Yoast SEO plugin. -->","yoast_head_json":{"title":"\"La r\u00e9conciliation au vivant\": interview avec Marie-France Barrier, une r\u00e9alisatrice engag\u00e9e - Cam\u00e4l\u00e9on","description":"Marie-France Barrier, r\u00e9alisatrice et fondatrice de l'association \"Des enfants et des arbres\", a accord\u00e9 un entretien \u00e0 Cam\u00e4l\u00e9on.","robots":{"index":"index","follow":"follow","max-snippet":"max-snippet:-1","max-image-preview":"max-image-preview:large","max-video-preview":"max-video-preview:-1"},"canonical":"https:\/\/www.camaeleon.org\/en\/2021\/03\/17\/la-reconciliation-au-vivant-interview-avec-marie-france-barrier-une-realisatrice-engagee\/","og_locale":"en_US","og_type":"article","og_title":"\"La r\u00e9conciliation au vivant\": interview avec Marie-France Barrier, une r\u00e9alisatrice engag\u00e9e - Cam\u00e4l\u00e9on","og_description":"Marie-France Barrier, r\u00e9alisatrice et fondatrice de l'association \"Des enfants et des arbres\", a accord\u00e9 un entretien \u00e0 Cam\u00e4l\u00e9on.","og_url":"https:\/\/www.camaeleon.org\/en\/2021\/03\/17\/la-reconciliation-au-vivant-interview-avec-marie-france-barrier-une-realisatrice-engagee\/","og_site_name":"Cam\u00e4l\u00e9on","article_publisher":"https:\/\/www.facebook.com\/camaeleon.org\/","article_published_time":"2021-03-17T13:13:42+00:00","article_modified_time":"2022-07-21T14:11:31+00:00","og_image":[{"width":1920,"height":1080,"url":"https:\/\/www.camaeleon.org\/wp-content\/uploads\/2021\/02\/Last-still.jpg","type":"image\/jpeg"}],"author":"Clara Hoff","twitter_card":"summary_large_image","twitter_creator":"@camaeleonOrg","twitter_site":"@camaeleonOrg","schema":{"@context":"https:\/\/schema.org","@graph":[{"@type":"Article","@id":"https:\/\/www.camaeleon.org\/2021\/03\/17\/la-reconciliation-au-vivant-interview-avec-marie-france-barrier-une-realisatrice-engagee\/#article","isPartOf":{"@id":"https:\/\/www.camaeleon.org\/2021\/03\/17\/la-reconciliation-au-vivant-interview-avec-marie-france-barrier-une-realisatrice-engagee\/"},"author":{"name":"Clara Hoff","@id":"https:\/\/www.camaeleon.org\/de\/#\/schema\/person\/5ca6f968356e20bf35e9dea8fd95dd06"},"headline":"&#8221;La r\u00e9conciliation au vivant&#8221;: interview avec Marie-France Barrier, une r\u00e9alisatrice engag\u00e9e","datePublished":"2021-03-17T13:13:42+00:00","dateModified":"2022-07-21T14:11:31+00:00","mainEntityOfPage":{"@id":"https:\/\/www.camaeleon.org\/2021\/03\/17\/la-reconciliation-au-vivant-interview-avec-marie-france-barrier-une-realisatrice-engagee\/"},"wordCount":3113,"commentCount":0,"publisher":{"@id":"https:\/\/www.camaeleon.org\/de\/#organization"},"image":{"@id":"https:\/\/www.camaeleon.org\/2021\/03\/17\/la-reconciliation-au-vivant-interview-avec-marie-france-barrier-une-realisatrice-engagee\/#primaryimage"},"thumbnailUrl":"https:\/\/www.camaeleon.org\/wp-content\/uploads\/2021\/02\/Last-still.jpg","keywords":["arbres","B\u00e4ume","Ecologie","Klimawandel","Natur","nature","Umwelt","Umweltschutz"],"articleSection":["World","Timeless","Video"],"inLanguage":"en-US","potentialAction":[{"@type":"CommentAction","name":"Comment","target":["https:\/\/www.camaeleon.org\/2021\/03\/17\/la-reconciliation-au-vivant-interview-avec-marie-france-barrier-une-realisatrice-engagee\/#respond"]}]},{"@type":"WebPage","@id":"https:\/\/www.camaeleon.org\/en\/2021\/03\/17\/la-reconciliation-au-vivant-interview-avec-marie-france-barrier-une-realisatrice-engagee\/","url":"https:\/\/www.camaeleon.org\/en\/2021\/03\/17\/la-reconciliation-au-vivant-interview-avec-marie-france-barrier-une-realisatrice-engagee\/","name":"\"La r\u00e9conciliation au vivant\": interview avec Marie-France Barrier, une r\u00e9alisatrice engag\u00e9e - Cam\u00e4l\u00e9on","isPartOf":{"@id":"https:\/\/www.camaeleon.org\/en\/#website"},"primaryImageOfPage":{"@id":"https:\/\/www.camaeleon.org\/en\/2021\/03\/17\/la-reconciliation-au-vivant-interview-avec-marie-france-barrier-une-realisatrice-engagee\/#primaryimage"},"image":{"@id":"https:\/\/www.camaeleon.org\/2021\/03\/17\/la-reconciliation-au-vivant-interview-avec-marie-france-barrier-une-realisatrice-engagee\/#primaryimage"},"thumbnailUrl":"https:\/\/www.camaeleon.org\/wp-content\/uploads\/2021\/02\/Last-still.jpg","datePublished":"2021-03-17T13:13:42+00:00","dateModified":"2022-07-21T14:11:31+00:00","description":"Marie-France Barrier, r\u00e9alisatrice et fondatrice de l'association \"Des enfants et des arbres\", a accord\u00e9 un entretien \u00e0 Cam\u00e4l\u00e9on.","breadcrumb":{"@id":"https:\/\/www.camaeleon.org\/en\/2021\/03\/17\/la-reconciliation-au-vivant-interview-avec-marie-france-barrier-une-realisatrice-engagee\/#breadcrumb"},"inLanguage":"en-US","potentialAction":[{"@type":"ReadAction","target":[["https:\/\/www.camaeleon.org\/en\/2021\/03\/17\/la-reconciliation-au-vivant-interview-avec-marie-france-barrier-une-realisatrice-engagee\/"]]}]},{"@type":"ImageObject","inLanguage":"en-US","@id":"https:\/\/www.camaeleon.org\/en\/2021\/03\/17\/la-reconciliation-au-vivant-interview-avec-marie-france-barrier-une-realisatrice-engagee\/#primaryimage","url":"https:\/\/www.camaeleon.org\/wp-content\/uploads\/2021\/02\/Last-still.jpg","contentUrl":"https:\/\/www.camaeleon.org\/wp-content\/uploads\/2021\/02\/Last-still.jpg","width":1920,"height":1080,"caption":"Clara Hoff interviewe Marie-France Barrier."},{"@type":"BreadcrumbList","@id":"https:\/\/www.camaeleon.org\/en\/2021\/03\/17\/la-reconciliation-au-vivant-interview-avec-marie-france-barrier-une-realisatrice-engagee\/#breadcrumb","itemListElement":[{"@type":"ListItem","position":1,"name":"Home","item":"https:\/\/www.camaeleon.org\/en\/"},{"@type":"ListItem","position":2,"name":"&#8222;Vers\u00f6hnung mit der Umwelt&#8220;: Interview mit Regisseurin und Aktivistin Marie-France Barrier"}]},{"@type":"WebSite","@id":"https:\/\/www.camaeleon.org\/en\/#website","url":"https:\/\/www.camaeleon.org\/en\/","name":"Cam\u00e4l\u00e9on","description":"The online student magazine by Deutsch-Franz\u00f6sisches Gymnasium Saarbr\u00fccken","publisher":{"@id":"https:\/\/www.camaeleon.org\/en\/#organization"},"potentialAction":[{"@type":"SearchAction","target":{"@type":"EntryPoint","urlTemplate":"https:\/\/www.camaeleon.org\/en\/?s={search_term_string}"},"query-input":{"@type":"PropertyValueSpecification","valueRequired":true,"valueName":"search_term_string"}}],"inLanguage":"en-US"},{"@type":"Organization","@id":"https:\/\/www.camaeleon.org\/en\/#organization","name":"Cam\u00e4l\u00e9on","url":"https:\/\/www.camaeleon.org\/en\/","logo":{"@type":"ImageObject","inLanguage":"en-US","@id":"https:\/\/www.camaeleon.org\/en\/#\/schema\/logo\/image\/","url":"https:\/\/www.camaeleon.org\/wp-content\/uploads\/2011\/11\/CAM\u00c4LEON.jpg","contentUrl":"https:\/\/www.camaeleon.org\/wp-content\/uploads\/2011\/11\/CAM\u00c4LEON.jpg","width":959,"height":959,"caption":"Cam\u00e4l\u00e9on"},"image":{"@id":"https:\/\/www.camaeleon.org\/en\/#\/schema\/logo\/image\/"},"sameAs":["https:\/\/www.facebook.com\/camaeleon.org\/","https:\/\/x.com\/camaeleonOrg","https:\/\/www.instagram.com\/camaeleon.dfg\/","https:\/\/www.youtube.com\/channel\/UCl3TAUDdGuu_c7CD6ax6hYg"]},{"@type":"Person","@id":"https:\/\/www.camaeleon.org\/de\/#\/schema\/person\/5ca6f968356e20bf35e9dea8fd95dd06","name":"Clara Hoff","image":{"@type":"ImageObject","inLanguage":"en-US","@id":"https:\/\/www.camaeleon.org\/en\/wp-content\/uploads\/2020\/11\/clara.jpgbe2064d582ccc0a8eb13af3a323e8dd6","url":"https:\/\/www.camaeleon.org\/wp-content\/uploads\/2020\/11\/clara.jpg","contentUrl":"https:\/\/www.camaeleon.org\/wp-content\/uploads\/2020\/11\/clara.jpg","caption":"Clara Hoff"},"url":"https:\/\/www.camaeleon.org\/en\/author\/clara-hoff\/"}]}},"_links":{"self":[{"href":"https:\/\/www.camaeleon.org\/en\/wp-json\/wp\/v2\/posts\/23357","targetHints":{"allow":["GET"]}}],"collection":[{"href":"https:\/\/www.camaeleon.org\/en\/wp-json\/wp\/v2\/posts"}],"about":[{"href":"https:\/\/www.camaeleon.org\/en\/wp-json\/wp\/v2\/types\/post"}],"author":[{"embeddable":true,"href":"https:\/\/www.camaeleon.org\/en\/wp-json\/wp\/v2\/users\/144"}],"replies":[{"embeddable":true,"href":"https:\/\/www.camaeleon.org\/en\/wp-json\/wp\/v2\/comments?post=23357"}],"version-history":[{"count":0,"href":"https:\/\/www.camaeleon.org\/en\/wp-json\/wp\/v2\/posts\/23357\/revisions"}],"wp:featuredmedia":[{"embeddable":true,"href":"https:\/\/www.camaeleon.org\/en\/wp-json\/wp\/v2\/media\/23360"}],"wp:attachment":[{"href":"https:\/\/www.camaeleon.org\/en\/wp-json\/wp\/v2\/media?parent=23357"}],"wp:term":[{"taxonomy":"category","embeddable":true,"href":"https:\/\/www.camaeleon.org\/en\/wp-json\/wp\/v2\/categories?post=23357"},{"taxonomy":"post_tag","embeddable":true,"href":"https:\/\/www.camaeleon.org\/en\/wp-json\/wp\/v2\/tags?post=23357"},{"taxonomy":"author","embeddable":true,"href":"https:\/\/www.camaeleon.org\/en\/wp-json\/wp\/v2\/coauthors?post=23357"}],"curies":[{"name":"wp","href":"https:\/\/api.w.org\/{rel}","templated":true}]}}