{"id":22082,"date":"2020-12-15T23:09:51","date_gmt":"2020-12-15T22:09:51","guid":{"rendered":"https:\/\/www.camaeleon.org\/?p=22082"},"modified":"2021-01-06T14:46:57","modified_gmt":"2021-01-06T13:46:57","slug":"avec-lurbanloop-en-route-pour-la-revolution-ecologique-dans-les-villes-de-taille-moyenne","status":"publish","type":"post","link":"https:\/\/www.camaeleon.org\/en\/2020\/12\/15\/avec-lurbanloop-en-route-pour-la-revolution-ecologique-dans-les-villes-de-taille-moyenne\/","title":{"rendered":"Avec l&#8217;Urbanloop, en route pour la r\u00e9volution \u00e9cologique dans les villes de taille moyenne !"},"content":{"rendered":"<p>L&#8217;Urbanloop, un mini-m\u00e9tro pour les villes de taille moyenne et les sites de grande envergure, plus \u00e9cologique que le bus et plus pratique que la voiture, c&#8217;est ce que Jean-Philippe Mangeot et ses \u00e9tudiants de quatre \u00e9coles d&#8217;ing\u00e9nieurs de Nancy et de <a href=\"http:\/\/urbanloop.univ-lorraine.fr\/\">l&#8217;Universit\u00e9 de Lorraine<\/a> d\u00e9veloppent depuis 3 ans et qui devrait voir le jour d\u00e8s 2024.<\/p>\n<p>Cam\u00e4l\u00e9on a interview\u00e9, pour vous, Jean-Philippe Mangeot sur ce projet \u00e9cologique r\u00e9volutionnaire.<\/p>\n<p>https:\/\/youtu.be\/k2x1EcnyL0w<\/p>","protected":false},"excerpt":{"rendered":"<p>L&#8217;Urbanloop, un mini-m\u00e9tro pour les villes de taille moyenne et les sites de grande envergure, plus \u00e9cologique que le bus et plus pratique que la<\/p>\n","protected":false},"author":146,"featured_media":22086,"comment_status":"open","ping_status":"closed","sticky":false,"template":"","format":"standard","meta":{"colormag_page_container_layout":"default_layout","colormag_page_sidebar_layout":"default_layout","footnotes":""},"categories":[5,1177,908],"tags":[1127,1258,1257,1255,280,1256],"coauthors":[1209],"class_list":["post-22082","post","type-post","status-publish","format-standard","has-post-thumbnail","hentry","category-monde","category-science","category-camaeleon-video","tag-ecologie","tag-jean-philippe-mangeot","tag-metro","tag-nancy","tag-umweltschutz","tag-urbanloop"],"yoast_head":"<!-- This site is optimized with the Yoast SEO plugin v27.5 - https:\/\/yoast.com\/product\/yoast-seo-wordpress\/ -->\n<title>Avec l&#039;Urbanloop, en route pour la r\u00e9volution \u00e9cologique dans les villes de taille moyenne ! - Cam\u00e4l\u00e9on<\/title>\n<meta name=\"description\" content=\"L&#039;Urbanloop, un mini-m\u00e9tro pour les villes de taille moyenne. Interview de Jean-Philippe Mangeot sur ce projet \u00e9cologique r\u00e9volutionnaire.\" \/>\n<meta name=\"robots\" content=\"index, follow, max-snippet:-1, max-image-preview:large, max-video-preview:-1\" \/>\n<link rel=\"canonical\" href=\"https:\/\/www.camaeleon.org\/en\/2020\/12\/15\/avec-lurbanloop-en-route-pour-la-revolution-ecologique-dans-les-villes-de-taille-moyenne\/\" \/>\n<meta property=\"og:locale\" content=\"en_US\" \/>\n<meta property=\"og:type\" content=\"article\" \/>\n<meta property=\"og:title\" content=\"Avec l&#039;Urbanloop, en route pour la r\u00e9volution \u00e9cologique dans les villes de taille moyenne ! - Cam\u00e4l\u00e9on\" \/>\n<meta property=\"og:description\" content=\"L&#039;Urbanloop, un mini-m\u00e9tro pour les villes de taille moyenne. Interview de Jean-Philippe Mangeot sur ce projet \u00e9cologique r\u00e9volutionnaire.\" \/>\n<meta property=\"og:url\" content=\"https:\/\/www.camaeleon.org\/en\/2020\/12\/15\/avec-lurbanloop-en-route-pour-la-revolution-ecologique-dans-les-villes-de-taille-moyenne\/\" \/>\n<meta property=\"og:site_name\" content=\"Cam\u00e4l\u00e9on\" \/>\n<meta property=\"article:publisher\" content=\"https:\/\/www.facebook.com\/camaeleon.org\/\" \/>\n<meta property=\"article:published_time\" content=\"2020-12-15T22:09:51+00:00\" \/>\n<meta property=\"article:modified_time\" content=\"2021-01-06T13:46:57+00:00\" \/>\n<meta property=\"og:image\" content=\"https:\/\/www.camaeleon.org\/wp-content\/uploads\/2020\/12\/Station_urbanloop_v2.jpg\" \/>\n\t<meta property=\"og:image:width\" content=\"1000\" \/>\n\t<meta property=\"og:image:height\" content=\"563\" \/>\n\t<meta property=\"og:image:type\" content=\"image\/jpeg\" \/>\n<meta name=\"author\" content=\"Anouk Viero\" \/>\n<meta name=\"twitter:card\" content=\"summary_large_image\" \/>\n<meta name=\"twitter:creator\" content=\"@camaeleonOrg\" \/>\n<meta name=\"twitter:site\" content=\"@camaeleonOrg\" \/>\n<script type=\"application\/ld+json\" class=\"yoast-schema-graph\">{\"@context\":\"https:\\\/\\\/schema.org\",\"@graph\":[{\"@type\":\"Article\",\"@id\":\"https:\\\/\\\/www.camaeleon.org\\\/de\\\/2020\\\/12\\\/15\\\/avec-lurbanloop-en-route-pour-la-revolution-ecologique-dans-les-villes-de-taille-moyenne\\\/#article\",\"isPartOf\":{\"@id\":\"https:\\\/\\\/www.camaeleon.org\\\/de\\\/2020\\\/12\\\/15\\\/avec-lurbanloop-en-route-pour-la-revolution-ecologique-dans-les-villes-de-taille-moyenne\\\/\"},\"author\":{\"name\":\"Anouk Viero\",\"@id\":\"https:\\\/\\\/www.camaeleon.org\\\/de\\\/#\\\/schema\\\/person\\\/34dd43503993f08eb39382df2c5b79b5\"},\"headline\":\"Avec l&#8217;Urbanloop, en route pour la r\u00e9volution \u00e9cologique dans les villes de taille moyenne !\",\"datePublished\":\"2020-12-15T22:09:51+00:00\",\"dateModified\":\"2021-01-06T13:46:57+00:00\",\"mainEntityOfPage\":{\"@id\":\"https:\\\/\\\/www.camaeleon.org\\\/de\\\/2020\\\/12\\\/15\\\/avec-lurbanloop-en-route-pour-la-revolution-ecologique-dans-les-villes-de-taille-moyenne\\\/\"},\"wordCount\":274,\"commentCount\":0,\"publisher\":{\"@id\":\"https:\\\/\\\/www.camaeleon.org\\\/de\\\/#organization\"},\"image\":{\"@id\":\"https:\\\/\\\/www.camaeleon.org\\\/de\\\/2020\\\/12\\\/15\\\/avec-lurbanloop-en-route-pour-la-revolution-ecologique-dans-les-villes-de-taille-moyenne\\\/#primaryimage\"},\"thumbnailUrl\":\"https:\\\/\\\/www.camaeleon.org\\\/wp-content\\\/uploads\\\/2020\\\/12\\\/Station_urbanloop_v2.jpg\",\"keywords\":[\"Ecologie\",\"Jean-Philippe Mangeot\",\"m\u00e9tro\",\"Nancy\",\"Umweltschutz\",\"UrbanLoop\"],\"articleSection\":[\"World\",\"Science\",\"Video\"],\"inLanguage\":\"en-US\",\"potentialAction\":[{\"@type\":\"CommentAction\",\"name\":\"Comment\",\"target\":[\"https:\\\/\\\/www.camaeleon.org\\\/de\\\/2020\\\/12\\\/15\\\/avec-lurbanloop-en-route-pour-la-revolution-ecologique-dans-les-villes-de-taille-moyenne\\\/#respond\"]}]},{\"@type\":\"WebPage\",\"@id\":\"https:\\\/\\\/www.camaeleon.org\\\/en\\\/2020\\\/12\\\/15\\\/avec-lurbanloop-en-route-pour-la-revolution-ecologique-dans-les-villes-de-taille-moyenne\\\/\",\"url\":\"https:\\\/\\\/www.camaeleon.org\\\/en\\\/2020\\\/12\\\/15\\\/avec-lurbanloop-en-route-pour-la-revolution-ecologique-dans-les-villes-de-taille-moyenne\\\/\",\"name\":\"Avec l'Urbanloop, en route pour la r\u00e9volution \u00e9cologique dans les villes de taille moyenne ! - Cam\u00e4l\u00e9on\",\"isPartOf\":{\"@id\":\"https:\\\/\\\/www.camaeleon.org\\\/en\\\/#website\"},\"primaryImageOfPage\":{\"@id\":\"https:\\\/\\\/www.camaeleon.org\\\/en\\\/2020\\\/12\\\/15\\\/avec-lurbanloop-en-route-pour-la-revolution-ecologique-dans-les-villes-de-taille-moyenne\\\/#primaryimage\"},\"image\":{\"@id\":\"https:\\\/\\\/www.camaeleon.org\\\/de\\\/2020\\\/12\\\/15\\\/avec-lurbanloop-en-route-pour-la-revolution-ecologique-dans-les-villes-de-taille-moyenne\\\/#primaryimage\"},\"thumbnailUrl\":\"https:\\\/\\\/www.camaeleon.org\\\/wp-content\\\/uploads\\\/2020\\\/12\\\/Station_urbanloop_v2.jpg\",\"datePublished\":\"2020-12-15T22:09:51+00:00\",\"dateModified\":\"2021-01-06T13:46:57+00:00\",\"description\":\"L'Urbanloop, un mini-m\u00e9tro pour les villes de taille moyenne. Interview de Jean-Philippe Mangeot sur ce projet \u00e9cologique r\u00e9volutionnaire.\",\"breadcrumb\":{\"@id\":\"https:\\\/\\\/www.camaeleon.org\\\/en\\\/2020\\\/12\\\/15\\\/avec-lurbanloop-en-route-pour-la-revolution-ecologique-dans-les-villes-de-taille-moyenne\\\/#breadcrumb\"},\"inLanguage\":\"en-US\",\"potentialAction\":[{\"@type\":\"ReadAction\",\"target\":[[\"https:\\\/\\\/www.camaeleon.org\\\/en\\\/2020\\\/12\\\/15\\\/avec-lurbanloop-en-route-pour-la-revolution-ecologique-dans-les-villes-de-taille-moyenne\\\/\"]]}]},{\"@type\":\"ImageObject\",\"inLanguage\":\"en-US\",\"@id\":\"https:\\\/\\\/www.camaeleon.org\\\/en\\\/2020\\\/12\\\/15\\\/avec-lurbanloop-en-route-pour-la-revolution-ecologique-dans-les-villes-de-taille-moyenne\\\/#primaryimage\",\"url\":\"https:\\\/\\\/www.camaeleon.org\\\/wp-content\\\/uploads\\\/2020\\\/12\\\/Station_urbanloop_v2.jpg\",\"contentUrl\":\"https:\\\/\\\/www.camaeleon.org\\\/wp-content\\\/uploads\\\/2020\\\/12\\\/Station_urbanloop_v2.jpg\",\"width\":1000,\"height\":563,\"caption\":\"Simulation d'une station UrbanLoop ( photo : L\u00e9oPrl \\\/ https:\\\/\\\/fr.wikipedia.org \\\/ CC BY-SA 4.0)\"},{\"@type\":\"BreadcrumbList\",\"@id\":\"https:\\\/\\\/www.camaeleon.org\\\/en\\\/2020\\\/12\\\/15\\\/avec-lurbanloop-en-route-pour-la-revolution-ecologique-dans-les-villes-de-taille-moyenne\\\/#breadcrumb\",\"itemListElement\":[{\"@type\":\"ListItem\",\"position\":1,\"name\":\"Home\",\"item\":\"https:\\\/\\\/www.camaeleon.org\\\/en\\\/\"},{\"@type\":\"ListItem\",\"position\":2,\"name\":\"Avec l&#8217;Urbanloop, en route pour la r\u00e9volution \u00e9cologique dans les villes de taille moyenne !\"}]},{\"@type\":\"WebSite\",\"@id\":\"https:\\\/\\\/www.camaeleon.org\\\/en\\\/#website\",\"url\":\"https:\\\/\\\/www.camaeleon.org\\\/en\\\/\",\"name\":\"Cam\u00e4l\u00e9on\",\"description\":\"The online student magazine by Deutsch-Franz\u00f6sisches Gymnasium Saarbr\u00fccken\",\"publisher\":{\"@id\":\"https:\\\/\\\/www.camaeleon.org\\\/en\\\/#organization\"},\"potentialAction\":[{\"@type\":\"SearchAction\",\"target\":{\"@type\":\"EntryPoint\",\"urlTemplate\":\"https:\\\/\\\/www.camaeleon.org\\\/en\\\/?s={search_term_string}\"},\"query-input\":{\"@type\":\"PropertyValueSpecification\",\"valueRequired\":true,\"valueName\":\"search_term_string\"}}],\"inLanguage\":\"en-US\"},{\"@type\":\"Organization\",\"@id\":\"https:\\\/\\\/www.camaeleon.org\\\/en\\\/#organization\",\"name\":\"Cam\u00e4l\u00e9on\",\"url\":\"https:\\\/\\\/www.camaeleon.org\\\/en\\\/\",\"logo\":{\"@type\":\"ImageObject\",\"inLanguage\":\"en-US\",\"@id\":\"https:\\\/\\\/www.camaeleon.org\\\/en\\\/#\\\/schema\\\/logo\\\/image\\\/\",\"url\":\"https:\\\/\\\/www.camaeleon.org\\\/wp-content\\\/uploads\\\/2011\\\/11\\\/CAM\u00c4LEON.jpg\",\"contentUrl\":\"https:\\\/\\\/www.camaeleon.org\\\/wp-content\\\/uploads\\\/2011\\\/11\\\/CAM\u00c4LEON.jpg\",\"width\":959,\"height\":959,\"caption\":\"Cam\u00e4l\u00e9on\"},\"image\":{\"@id\":\"https:\\\/\\\/www.camaeleon.org\\\/en\\\/#\\\/schema\\\/logo\\\/image\\\/\"},\"sameAs\":[\"https:\\\/\\\/www.facebook.com\\\/camaeleon.org\\\/\",\"https:\\\/\\\/x.com\\\/camaeleonOrg\",\"https:\\\/\\\/www.instagram.com\\\/camaeleon.dfg\\\/\",\"https:\\\/\\\/www.youtube.com\\\/channel\\\/UCl3TAUDdGuu_c7CD6ax6hYg\"]},{\"@type\":\"Person\",\"@id\":\"https:\\\/\\\/www.camaeleon.org\\\/de\\\/#\\\/schema\\\/person\\\/34dd43503993f08eb39382df2c5b79b5\",\"name\":\"Anouk Viero\",\"image\":{\"@type\":\"ImageObject\",\"inLanguage\":\"en-US\",\"@id\":\"https:\\\/\\\/www.camaeleon.org\\\/en\\\/wp-content\\\/uploads\\\/2023\\\/09\\\/0019AA6C-0ACA-452F-B897-A6B732B81B93-150x150.jpegeca926063efc1e3c52e5e4881ccb2d47\",\"url\":\"https:\\\/\\\/www.camaeleon.org\\\/wp-content\\\/uploads\\\/2023\\\/09\\\/0019AA6C-0ACA-452F-B897-A6B732B81B93-150x150.jpeg\",\"contentUrl\":\"https:\\\/\\\/www.camaeleon.org\\\/wp-content\\\/uploads\\\/2023\\\/09\\\/0019AA6C-0ACA-452F-B897-A6B732B81B93-150x150.jpeg\",\"caption\":\"Anouk Viero\"},\"description\":\"Salut, je m'appelle Anouk :) Voici quelques infos sur moi : - \u00e0 Cam\u00e4l\u00e9on depuis 2020 - 15 ans - en 1L J'aime bien \u00e9crire des articles \u00e0 propos de la culture, la politique, l'alimentation et, pendant mon temps libre, je fais de la danse modern' jazz et je joue de la guitare.\",\"url\":\"https:\\\/\\\/www.camaeleon.org\\\/en\\\/author\\\/anouk-viero\\\/\"}]}<\/script>\n<!-- \/ Yoast SEO plugin. -->","yoast_head_json":{"title":"Avec l'Urbanloop, en route pour la r\u00e9volution \u00e9cologique dans les villes de taille moyenne ! - Cam\u00e4l\u00e9on","description":"L'Urbanloop, un mini-m\u00e9tro pour les villes de taille moyenne. Interview de Jean-Philippe Mangeot sur ce projet \u00e9cologique r\u00e9volutionnaire.","robots":{"index":"index","follow":"follow","max-snippet":"max-snippet:-1","max-image-preview":"max-image-preview:large","max-video-preview":"max-video-preview:-1"},"canonical":"https:\/\/www.camaeleon.org\/en\/2020\/12\/15\/avec-lurbanloop-en-route-pour-la-revolution-ecologique-dans-les-villes-de-taille-moyenne\/","og_locale":"en_US","og_type":"article","og_title":"Avec l'Urbanloop, en route pour la r\u00e9volution \u00e9cologique dans les villes de taille moyenne ! - Cam\u00e4l\u00e9on","og_description":"L'Urbanloop, un mini-m\u00e9tro pour les villes de taille moyenne. Interview de Jean-Philippe Mangeot sur ce projet \u00e9cologique r\u00e9volutionnaire.","og_url":"https:\/\/www.camaeleon.org\/en\/2020\/12\/15\/avec-lurbanloop-en-route-pour-la-revolution-ecologique-dans-les-villes-de-taille-moyenne\/","og_site_name":"Cam\u00e4l\u00e9on","article_publisher":"https:\/\/www.facebook.com\/camaeleon.org\/","article_published_time":"2020-12-15T22:09:51+00:00","article_modified_time":"2021-01-06T13:46:57+00:00","og_image":[{"width":1000,"height":563,"url":"https:\/\/www.camaeleon.org\/wp-content\/uploads\/2020\/12\/Station_urbanloop_v2.jpg","type":"image\/jpeg"}],"author":"Anouk Viero","twitter_card":"summary_large_image","twitter_creator":"@camaeleonOrg","twitter_site":"@camaeleonOrg","schema":{"@context":"https:\/\/schema.org","@graph":[{"@type":"Article","@id":"https:\/\/www.camaeleon.org\/de\/2020\/12\/15\/avec-lurbanloop-en-route-pour-la-revolution-ecologique-dans-les-villes-de-taille-moyenne\/#article","isPartOf":{"@id":"https:\/\/www.camaeleon.org\/de\/2020\/12\/15\/avec-lurbanloop-en-route-pour-la-revolution-ecologique-dans-les-villes-de-taille-moyenne\/"},"author":{"name":"Anouk Viero","@id":"https:\/\/www.camaeleon.org\/de\/#\/schema\/person\/34dd43503993f08eb39382df2c5b79b5"},"headline":"Avec l&#8217;Urbanloop, en route pour la r\u00e9volution \u00e9cologique dans les villes de taille moyenne !","datePublished":"2020-12-15T22:09:51+00:00","dateModified":"2021-01-06T13:46:57+00:00","mainEntityOfPage":{"@id":"https:\/\/www.camaeleon.org\/de\/2020\/12\/15\/avec-lurbanloop-en-route-pour-la-revolution-ecologique-dans-les-villes-de-taille-moyenne\/"},"wordCount":274,"commentCount":0,"publisher":{"@id":"https:\/\/www.camaeleon.org\/de\/#organization"},"image":{"@id":"https:\/\/www.camaeleon.org\/de\/2020\/12\/15\/avec-lurbanloop-en-route-pour-la-revolution-ecologique-dans-les-villes-de-taille-moyenne\/#primaryimage"},"thumbnailUrl":"https:\/\/www.camaeleon.org\/wp-content\/uploads\/2020\/12\/Station_urbanloop_v2.jpg","keywords":["Ecologie","Jean-Philippe Mangeot","m\u00e9tro","Nancy","Umweltschutz","UrbanLoop"],"articleSection":["World","Science","Video"],"inLanguage":"en-US","potentialAction":[{"@type":"CommentAction","name":"Comment","target":["https:\/\/www.camaeleon.org\/de\/2020\/12\/15\/avec-lurbanloop-en-route-pour-la-revolution-ecologique-dans-les-villes-de-taille-moyenne\/#respond"]}]},{"@type":"WebPage","@id":"https:\/\/www.camaeleon.org\/en\/2020\/12\/15\/avec-lurbanloop-en-route-pour-la-revolution-ecologique-dans-les-villes-de-taille-moyenne\/","url":"https:\/\/www.camaeleon.org\/en\/2020\/12\/15\/avec-lurbanloop-en-route-pour-la-revolution-ecologique-dans-les-villes-de-taille-moyenne\/","name":"Avec l'Urbanloop, en route pour la r\u00e9volution \u00e9cologique dans les villes de taille moyenne ! - Cam\u00e4l\u00e9on","isPartOf":{"@id":"https:\/\/www.camaeleon.org\/en\/#website"},"primaryImageOfPage":{"@id":"https:\/\/www.camaeleon.org\/en\/2020\/12\/15\/avec-lurbanloop-en-route-pour-la-revolution-ecologique-dans-les-villes-de-taille-moyenne\/#primaryimage"},"image":{"@id":"https:\/\/www.camaeleon.org\/de\/2020\/12\/15\/avec-lurbanloop-en-route-pour-la-revolution-ecologique-dans-les-villes-de-taille-moyenne\/#primaryimage"},"thumbnailUrl":"https:\/\/www.camaeleon.org\/wp-content\/uploads\/2020\/12\/Station_urbanloop_v2.jpg","datePublished":"2020-12-15T22:09:51+00:00","dateModified":"2021-01-06T13:46:57+00:00","description":"L'Urbanloop, un mini-m\u00e9tro pour les villes de taille moyenne. Interview de Jean-Philippe Mangeot sur ce projet \u00e9cologique r\u00e9volutionnaire.","breadcrumb":{"@id":"https:\/\/www.camaeleon.org\/en\/2020\/12\/15\/avec-lurbanloop-en-route-pour-la-revolution-ecologique-dans-les-villes-de-taille-moyenne\/#breadcrumb"},"inLanguage":"en-US","potentialAction":[{"@type":"ReadAction","target":[["https:\/\/www.camaeleon.org\/en\/2020\/12\/15\/avec-lurbanloop-en-route-pour-la-revolution-ecologique-dans-les-villes-de-taille-moyenne\/"]]}]},{"@type":"ImageObject","inLanguage":"en-US","@id":"https:\/\/www.camaeleon.org\/en\/2020\/12\/15\/avec-lurbanloop-en-route-pour-la-revolution-ecologique-dans-les-villes-de-taille-moyenne\/#primaryimage","url":"https:\/\/www.camaeleon.org\/wp-content\/uploads\/2020\/12\/Station_urbanloop_v2.jpg","contentUrl":"https:\/\/www.camaeleon.org\/wp-content\/uploads\/2020\/12\/Station_urbanloop_v2.jpg","width":1000,"height":563,"caption":"Simulation d'une station UrbanLoop ( photo : L\u00e9oPrl \/ https:\/\/fr.wikipedia.org \/ CC BY-SA 4.0)"},{"@type":"BreadcrumbList","@id":"https:\/\/www.camaeleon.org\/en\/2020\/12\/15\/avec-lurbanloop-en-route-pour-la-revolution-ecologique-dans-les-villes-de-taille-moyenne\/#breadcrumb","itemListElement":[{"@type":"ListItem","position":1,"name":"Home","item":"https:\/\/www.camaeleon.org\/en\/"},{"@type":"ListItem","position":2,"name":"Avec l&#8217;Urbanloop, en route pour la r\u00e9volution \u00e9cologique dans les villes de taille moyenne !"}]},{"@type":"WebSite","@id":"https:\/\/www.camaeleon.org\/en\/#website","url":"https:\/\/www.camaeleon.org\/en\/","name":"Cam\u00e4l\u00e9on","description":"The online student magazine by Deutsch-Franz\u00f6sisches Gymnasium Saarbr\u00fccken","publisher":{"@id":"https:\/\/www.camaeleon.org\/en\/#organization"},"potentialAction":[{"@type":"SearchAction","target":{"@type":"EntryPoint","urlTemplate":"https:\/\/www.camaeleon.org\/en\/?s={search_term_string}"},"query-input":{"@type":"PropertyValueSpecification","valueRequired":true,"valueName":"search_term_string"}}],"inLanguage":"en-US"},{"@type":"Organization","@id":"https:\/\/www.camaeleon.org\/en\/#organization","name":"Cam\u00e4l\u00e9on","url":"https:\/\/www.camaeleon.org\/en\/","logo":{"@type":"ImageObject","inLanguage":"en-US","@id":"https:\/\/www.camaeleon.org\/en\/#\/schema\/logo\/image\/","url":"https:\/\/www.camaeleon.org\/wp-content\/uploads\/2011\/11\/CAM\u00c4LEON.jpg","contentUrl":"https:\/\/www.camaeleon.org\/wp-content\/uploads\/2011\/11\/CAM\u00c4LEON.jpg","width":959,"height":959,"caption":"Cam\u00e4l\u00e9on"},"image":{"@id":"https:\/\/www.camaeleon.org\/en\/#\/schema\/logo\/image\/"},"sameAs":["https:\/\/www.facebook.com\/camaeleon.org\/","https:\/\/x.com\/camaeleonOrg","https:\/\/www.instagram.com\/camaeleon.dfg\/","https:\/\/www.youtube.com\/channel\/UCl3TAUDdGuu_c7CD6ax6hYg"]},{"@type":"Person","@id":"https:\/\/www.camaeleon.org\/de\/#\/schema\/person\/34dd43503993f08eb39382df2c5b79b5","name":"Anouk Viero","image":{"@type":"ImageObject","inLanguage":"en-US","@id":"https:\/\/www.camaeleon.org\/en\/wp-content\/uploads\/2023\/09\/0019AA6C-0ACA-452F-B897-A6B732B81B93-150x150.jpegeca926063efc1e3c52e5e4881ccb2d47","url":"https:\/\/www.camaeleon.org\/wp-content\/uploads\/2023\/09\/0019AA6C-0ACA-452F-B897-A6B732B81B93-150x150.jpeg","contentUrl":"https:\/\/www.camaeleon.org\/wp-content\/uploads\/2023\/09\/0019AA6C-0ACA-452F-B897-A6B732B81B93-150x150.jpeg","caption":"Anouk Viero"},"description":"Salut, je m'appelle Anouk :) Voici quelques infos sur moi : - \u00e0 Cam\u00e4l\u00e9on depuis 2020 - 15 ans - en 1L J'aime bien \u00e9crire des articles \u00e0 propos de la culture, la politique, l'alimentation et, pendant mon temps libre, je fais de la danse modern' jazz et je joue de la guitare.","url":"https:\/\/www.camaeleon.org\/en\/author\/anouk-viero\/"}]}},"_links":{"self":[{"href":"https:\/\/www.camaeleon.org\/en\/wp-json\/wp\/v2\/posts\/22082","targetHints":{"allow":["GET"]}}],"collection":[{"href":"https:\/\/www.camaeleon.org\/en\/wp-json\/wp\/v2\/posts"}],"about":[{"href":"https:\/\/www.camaeleon.org\/en\/wp-json\/wp\/v2\/types\/post"}],"author":[{"embeddable":true,"href":"https:\/\/www.camaeleon.org\/en\/wp-json\/wp\/v2\/users\/146"}],"replies":[{"embeddable":true,"href":"https:\/\/www.camaeleon.org\/en\/wp-json\/wp\/v2\/comments?post=22082"}],"version-history":[{"count":0,"href":"https:\/\/www.camaeleon.org\/en\/wp-json\/wp\/v2\/posts\/22082\/revisions"}],"wp:featuredmedia":[{"embeddable":true,"href":"https:\/\/www.camaeleon.org\/en\/wp-json\/wp\/v2\/media\/22086"}],"wp:attachment":[{"href":"https:\/\/www.camaeleon.org\/en\/wp-json\/wp\/v2\/media?parent=22082"}],"wp:term":[{"taxonomy":"category","embeddable":true,"href":"https:\/\/www.camaeleon.org\/en\/wp-json\/wp\/v2\/categories?post=22082"},{"taxonomy":"post_tag","embeddable":true,"href":"https:\/\/www.camaeleon.org\/en\/wp-json\/wp\/v2\/tags?post=22082"},{"taxonomy":"author","embeddable":true,"href":"https:\/\/www.camaeleon.org\/en\/wp-json\/wp\/v2\/coauthors?post=22082"}],"curies":[{"name":"wp","href":"https:\/\/api.w.org\/{rel}","templated":true}]}}