{"id":21793,"date":"2020-11-20T11:34:08","date_gmt":"2020-11-20T10:34:08","guid":{"rendered":"https:\/\/www.camaeleon.org\/?p=21793"},"modified":"2020-12-23T12:33:40","modified_gmt":"2020-12-23T11:33:40","slug":"das-wort-der-woche-besonderehelden","status":"publish","type":"post","link":"https:\/\/www.camaeleon.org\/en\/2020\/11\/20\/das-wort-der-woche-besonderehelden\/","title":{"rendered":"Das Wort der Woche: #besondereHelden"},"content":{"rendered":"<p>Die drei Werbevideos der Bundesregierung beginnen jeweils mit einem Interview aus der Zukunft, \u00e4ltere Menschen erz\u00e4hlen von ihrer Jugend im Jahr 2020, also jetzt. Im Hintergrund l\u00e4uft dramatische Musik, w\u00e4hrend sie von ihrem Leben w\u00e4hrend der Coronapandemie sprechen. Sie seien zu &#8220;Helden&#8221; geworden. Spannung kommt auf: &#8220;&#8230; und wir taten &#8230; nichts.&#8221; Sie seien faul zu Hause geblieben und h\u00e4tten so andere gesch\u00fctzt.<\/p>\n<p>Die Videos sind lustig, die Botschaft aber eindeutig: Man soll zu Hause bleiben!<\/p>\n<div class=\"lyte-wrapper\" style=\"width:1280px;max-width:100%;margin:5px auto;\"><div class=\"lyMe hidef\" id=\"WYL_krJfMyW87vU\"><div id=\"lyte_krJfMyW87vU\" data-src=\"https:\/\/www.camaeleon.org\/wp-content\/plugins\/wp-youtube-lyte\/lyteCache.php?origThumbUrl=%2F%2Fi.ytimg.com%2Fvi%2FkrJfMyW87vU%2Fhqdefault.jpg\" class=\"pL\"><div class=\"tC\"><div class=\"tT\"><\/div><\/div><div class=\"play\"><\/div><div class=\"ctrl\"><div class=\"Lctrl\"><\/div><div class=\"Rctrl\"><\/div><\/div><\/div><noscript><a href=\"https:\/\/youtu.be\/krJfMyW87vU\" rel=\"nofollow\"><img loading=\"lazy\" decoding=\"async\" src=\"https:\/\/www.camaeleon.org\/wp-content\/plugins\/wp-youtube-lyte\/lyteCache.php?origThumbUrl=https%3A%2F%2Fi.ytimg.com%2Fvi%2FkrJfMyW87vU%2F0.jpg\" alt=\"YouTube video thumbnail\" width=\"1280\" height=\"700\" \/><br \/>Watch this video on YouTube<\/a><\/noscript><\/div><\/div><div class=\"lL\" style=\"max-width:100%;width:1280px;margin:5px auto;\"><br\/><span class=\"lyte_disclaimer\">By clicking on the video, you establish a connection to Youtube servers. More information in the <a href=\"https:\/\/www.camaeleon.org\/en\/mentions-legales\/declaration-de-protection-des-donnees\/\">privacy statement<\/a>.<\/span><\/div><\/p>\n<div class=\"lyte-wrapper\" style=\"width:1280px;max-width:100%;margin:5px auto;\"><div class=\"lyMe hidef\" id=\"WYL_BpYZvtmkGw4\"><div id=\"lyte_BpYZvtmkGw4\" data-src=\"https:\/\/www.camaeleon.org\/wp-content\/plugins\/wp-youtube-lyte\/lyteCache.php?origThumbUrl=%2F%2Fi.ytimg.com%2Fvi%2FBpYZvtmkGw4%2Fhqdefault.jpg\" class=\"pL\"><div class=\"tC\"><div class=\"tT\"><\/div><\/div><div class=\"play\"><\/div><div class=\"ctrl\"><div class=\"Lctrl\"><\/div><div class=\"Rctrl\"><\/div><\/div><\/div><noscript><a href=\"https:\/\/youtu.be\/BpYZvtmkGw4\" rel=\"nofollow\"><img loading=\"lazy\" decoding=\"async\" src=\"https:\/\/www.camaeleon.org\/wp-content\/plugins\/wp-youtube-lyte\/lyteCache.php?origThumbUrl=https%3A%2F%2Fi.ytimg.com%2Fvi%2FBpYZvtmkGw4%2F0.jpg\" alt=\"YouTube video thumbnail\" width=\"1280\" height=\"700\" \/><br \/>Watch this video on YouTube<\/a><\/noscript><\/div><\/div><div class=\"lL\" style=\"max-width:100%;width:1280px;margin:5px auto;\"><br\/><span class=\"lyte_disclaimer\">By clicking on the video, you establish a connection to Youtube servers. More information in the <a href=\"https:\/\/www.camaeleon.org\/en\/mentions-legales\/declaration-de-protection-des-donnees\/\">privacy statement<\/a>.<\/span><\/div><\/p>\n<div class=\"lyte-wrapper\" style=\"width:1280px;max-width:100%;margin:5px auto;\"><div class=\"lyMe hidef\" id=\"WYL_UH1757U0aeg\"><div id=\"lyte_UH1757U0aeg\" data-src=\"https:\/\/www.camaeleon.org\/wp-content\/plugins\/wp-youtube-lyte\/lyteCache.php?origThumbUrl=%2F%2Fi.ytimg.com%2Fvi%2FUH1757U0aeg%2Fhqdefault.jpg\" class=\"pL\"><div class=\"tC\"><div class=\"tT\"><\/div><\/div><div class=\"play\"><\/div><div class=\"ctrl\"><div class=\"Lctrl\"><\/div><div class=\"Rctrl\"><\/div><\/div><\/div><noscript><a href=\"https:\/\/youtu.be\/UH1757U0aeg\" rel=\"nofollow\"><img loading=\"lazy\" decoding=\"async\" src=\"https:\/\/www.camaeleon.org\/wp-content\/plugins\/wp-youtube-lyte\/lyteCache.php?origThumbUrl=https%3A%2F%2Fi.ytimg.com%2Fvi%2FUH1757U0aeg%2F0.jpg\" alt=\"YouTube video thumbnail\" width=\"1280\" height=\"700\" \/><br \/>Watch this video on YouTube<\/a><\/noscript><\/div><\/div><div class=\"lL\" style=\"max-width:100%;width:1280px;margin:5px auto;\"><br\/><span class=\"lyte_disclaimer\">By clicking on the video, you establish a connection to Youtube servers. More information in the <a href=\"https:\/\/www.camaeleon.org\/en\/mentions-legales\/declaration-de-protection-des-donnees\/\">privacy statement<\/a>.<\/span><\/div><\/p>\n","protected":false},"excerpt":{"rendered":"<p>Die drei Werbevideos der Bundesregierung beginnen jeweils mit einem Interview aus der Zukunft, \u00e4ltere Menschen erz\u00e4hlen von ihrer Jugend im Jahr 2020, also jetzt. Im<\/p>\n","protected":false},"author":143,"featured_media":21833,"comment_status":"open","ping_status":"closed","sticky":false,"template":"","format":"standard","meta":{"colormag_page_container_layout":"default_layout","colormag_page_sidebar_layout":"default_layout","footnotes":""},"categories":[1173,864],"tags":[1223,1225,1169,1224,287],"coauthors":[1208],"class_list":["post-21793","post","type-post","status-publish","format-standard","has-post-thumbnail","hentry","category-corona","category-le-mot-de-la-semaine","tag-besonderehelden","tag-bundesregierung","tag-covid-19","tag-helden","tag-youtube"],"yoast_head":"<!-- This site is optimized with the Yoast SEO plugin v27.5 - https:\/\/yoast.com\/product\/yoast-seo-wordpress\/ -->\n<title>Das Wort der Woche: #besondereHelden - Cam\u00e4l\u00e9on<\/title>\n<meta name=\"description\" content=\"Die Werbevideos der Bundesregierung beginnen mit einem Interview aus der Zukunft: \u00e4ltere Menschen erz\u00e4hlen von ihrer Jugend im Jahr 2020.\" \/>\n<meta name=\"robots\" content=\"index, follow, max-snippet:-1, max-image-preview:large, max-video-preview:-1\" \/>\n<link rel=\"canonical\" href=\"https:\/\/www.camaeleon.org\/en\/2020\/11\/20\/das-wort-der-woche-besonderehelden\/\" \/>\n<meta property=\"og:locale\" content=\"en_US\" \/>\n<meta property=\"og:type\" content=\"article\" \/>\n<meta property=\"og:title\" content=\"Das Wort der Woche: #besondereHelden - Cam\u00e4l\u00e9on\" \/>\n<meta property=\"og:description\" content=\"Die Werbevideos der Bundesregierung beginnen mit einem Interview aus der Zukunft: \u00e4ltere Menschen erz\u00e4hlen von ihrer Jugend im Jahr 2020.\" \/>\n<meta property=\"og:url\" content=\"https:\/\/www.camaeleon.org\/en\/2020\/11\/20\/das-wort-der-woche-besonderehelden\/\" \/>\n<meta property=\"og:site_name\" content=\"Cam\u00e4l\u00e9on\" \/>\n<meta property=\"article:publisher\" content=\"https:\/\/www.facebook.com\/camaeleon.org\/\" \/>\n<meta property=\"article:published_time\" content=\"2020-11-20T10:34:08+00:00\" \/>\n<meta property=\"article:modified_time\" content=\"2020-12-23T11:33:40+00:00\" \/>\n<meta property=\"og:image\" content=\"https:\/\/www.camaeleon.org\/wp-content\/uploads\/2020\/11\/vlcsnap-2020-11-20-11h30m12s666.png\" \/>\n\t<meta property=\"og:image:width\" content=\"1000\" \/>\n\t<meta property=\"og:image:height\" content=\"563\" \/>\n\t<meta property=\"og:image:type\" content=\"image\/png\" \/>\n<meta name=\"author\" content=\"Julian Bidot\" \/>\n<meta name=\"twitter:card\" content=\"summary_large_image\" \/>\n<meta name=\"twitter:creator\" content=\"@camaeleonOrg\" \/>\n<meta name=\"twitter:site\" content=\"@camaeleonOrg\" \/>\n<script type=\"application\/ld+json\" class=\"yoast-schema-graph\">{\"@context\":\"https:\\\/\\\/schema.org\",\"@graph\":[{\"@type\":\"Article\",\"@id\":\"https:\\\/\\\/www.camaeleon.org\\\/de\\\/2020\\\/11\\\/20\\\/das-wort-der-woche-besonderehelden\\\/#article\",\"isPartOf\":{\"@id\":\"https:\\\/\\\/www.camaeleon.org\\\/de\\\/2020\\\/11\\\/20\\\/das-wort-der-woche-besonderehelden\\\/\"},\"author\":{\"name\":\"Julian Bidot\",\"@id\":\"https:\\\/\\\/www.camaeleon.org\\\/de\\\/#\\\/schema\\\/person\\\/4df212263ca8d70a0a60b3cdf9cb792e\"},\"headline\":\"Das Wort der Woche: #besondereHelden\",\"datePublished\":\"2020-11-20T10:34:08+00:00\",\"dateModified\":\"2020-12-23T11:33:40+00:00\",\"mainEntityOfPage\":{\"@id\":\"https:\\\/\\\/www.camaeleon.org\\\/de\\\/2020\\\/11\\\/20\\\/das-wort-der-woche-besonderehelden\\\/\"},\"wordCount\":108,\"commentCount\":0,\"publisher\":{\"@id\":\"https:\\\/\\\/www.camaeleon.org\\\/de\\\/#organization\"},\"image\":{\"@id\":\"https:\\\/\\\/www.camaeleon.org\\\/de\\\/2020\\\/11\\\/20\\\/das-wort-der-woche-besonderehelden\\\/#primaryimage\"},\"thumbnailUrl\":\"https:\\\/\\\/www.camaeleon.org\\\/wp-content\\\/uploads\\\/2020\\\/11\\\/vlcsnap-2020-11-20-11h30m12s666.png\",\"keywords\":[\"besondereHelden\",\"Bundesregierung\",\"COVID-19\",\"Helden\",\"YouTube\"],\"articleSection\":[\"Corona crisis\",\"Word of the Week\"],\"inLanguage\":\"en-US\",\"potentialAction\":[{\"@type\":\"CommentAction\",\"name\":\"Comment\",\"target\":[\"https:\\\/\\\/www.camaeleon.org\\\/de\\\/2020\\\/11\\\/20\\\/das-wort-der-woche-besonderehelden\\\/#respond\"]}]},{\"@type\":\"WebPage\",\"@id\":\"https:\\\/\\\/www.camaeleon.org\\\/en\\\/2020\\\/11\\\/20\\\/das-wort-der-woche-besonderehelden\\\/\",\"url\":\"https:\\\/\\\/www.camaeleon.org\\\/en\\\/2020\\\/11\\\/20\\\/das-wort-der-woche-besonderehelden\\\/\",\"name\":\"Das Wort der Woche: #besondereHelden - Cam\u00e4l\u00e9on\",\"isPartOf\":{\"@id\":\"https:\\\/\\\/www.camaeleon.org\\\/en\\\/#website\"},\"primaryImageOfPage\":{\"@id\":\"https:\\\/\\\/www.camaeleon.org\\\/en\\\/2020\\\/11\\\/20\\\/das-wort-der-woche-besonderehelden\\\/#primaryimage\"},\"image\":{\"@id\":\"https:\\\/\\\/www.camaeleon.org\\\/de\\\/2020\\\/11\\\/20\\\/das-wort-der-woche-besonderehelden\\\/#primaryimage\"},\"thumbnailUrl\":\"https:\\\/\\\/www.camaeleon.org\\\/wp-content\\\/uploads\\\/2020\\\/11\\\/vlcsnap-2020-11-20-11h30m12s666.png\",\"datePublished\":\"2020-11-20T10:34:08+00:00\",\"dateModified\":\"2020-12-23T11:33:40+00:00\",\"description\":\"Die Werbevideos der Bundesregierung beginnen mit einem Interview aus der Zukunft: \u00e4ltere Menschen erz\u00e4hlen von ihrer Jugend im Jahr 2020.\",\"breadcrumb\":{\"@id\":\"https:\\\/\\\/www.camaeleon.org\\\/en\\\/2020\\\/11\\\/20\\\/das-wort-der-woche-besonderehelden\\\/#breadcrumb\"},\"inLanguage\":\"en-US\",\"potentialAction\":[{\"@type\":\"ReadAction\",\"target\":[[\"https:\\\/\\\/www.camaeleon.org\\\/en\\\/2020\\\/11\\\/20\\\/das-wort-der-woche-besonderehelden\\\/\"]]}]},{\"@type\":\"ImageObject\",\"inLanguage\":\"en-US\",\"@id\":\"https:\\\/\\\/www.camaeleon.org\\\/en\\\/2020\\\/11\\\/20\\\/das-wort-der-woche-besonderehelden\\\/#primaryimage\",\"url\":\"https:\\\/\\\/www.camaeleon.org\\\/wp-content\\\/uploads\\\/2020\\\/11\\\/vlcsnap-2020-11-20-11h30m12s666.png\",\"contentUrl\":\"https:\\\/\\\/www.camaeleon.org\\\/wp-content\\\/uploads\\\/2020\\\/11\\\/vlcsnap-2020-11-20-11h30m12s666.png\",\"width\":1000,\"height\":563,\"caption\":\"Foto: #besonderehelden-Video der Bundesregierung\"},{\"@type\":\"BreadcrumbList\",\"@id\":\"https:\\\/\\\/www.camaeleon.org\\\/en\\\/2020\\\/11\\\/20\\\/das-wort-der-woche-besonderehelden\\\/#breadcrumb\",\"itemListElement\":[{\"@type\":\"ListItem\",\"position\":1,\"name\":\"Home\",\"item\":\"https:\\\/\\\/www.camaeleon.org\\\/en\\\/\"},{\"@type\":\"ListItem\",\"position\":2,\"name\":\"Das Wort der Woche: #besondereHelden\"}]},{\"@type\":\"WebSite\",\"@id\":\"https:\\\/\\\/www.camaeleon.org\\\/en\\\/#website\",\"url\":\"https:\\\/\\\/www.camaeleon.org\\\/en\\\/\",\"name\":\"Cam\u00e4l\u00e9on\",\"description\":\"The online student magazine by Deutsch-Franz\u00f6sisches Gymnasium Saarbr\u00fccken\",\"publisher\":{\"@id\":\"https:\\\/\\\/www.camaeleon.org\\\/en\\\/#organization\"},\"potentialAction\":[{\"@type\":\"SearchAction\",\"target\":{\"@type\":\"EntryPoint\",\"urlTemplate\":\"https:\\\/\\\/www.camaeleon.org\\\/en\\\/?s={search_term_string}\"},\"query-input\":{\"@type\":\"PropertyValueSpecification\",\"valueRequired\":true,\"valueName\":\"search_term_string\"}}],\"inLanguage\":\"en-US\"},{\"@type\":\"Organization\",\"@id\":\"https:\\\/\\\/www.camaeleon.org\\\/en\\\/#organization\",\"name\":\"Cam\u00e4l\u00e9on\",\"url\":\"https:\\\/\\\/www.camaeleon.org\\\/en\\\/\",\"logo\":{\"@type\":\"ImageObject\",\"inLanguage\":\"en-US\",\"@id\":\"https:\\\/\\\/www.camaeleon.org\\\/en\\\/#\\\/schema\\\/logo\\\/image\\\/\",\"url\":\"https:\\\/\\\/www.camaeleon.org\\\/wp-content\\\/uploads\\\/2011\\\/11\\\/CAM\u00c4LEON.jpg\",\"contentUrl\":\"https:\\\/\\\/www.camaeleon.org\\\/wp-content\\\/uploads\\\/2011\\\/11\\\/CAM\u00c4LEON.jpg\",\"width\":959,\"height\":959,\"caption\":\"Cam\u00e4l\u00e9on\"},\"image\":{\"@id\":\"https:\\\/\\\/www.camaeleon.org\\\/en\\\/#\\\/schema\\\/logo\\\/image\\\/\"},\"sameAs\":[\"https:\\\/\\\/www.facebook.com\\\/camaeleon.org\\\/\",\"https:\\\/\\\/x.com\\\/camaeleonOrg\",\"https:\\\/\\\/www.instagram.com\\\/camaeleon.dfg\\\/\",\"https:\\\/\\\/www.youtube.com\\\/channel\\\/UCl3TAUDdGuu_c7CD6ax6hYg\"]},{\"@type\":\"Person\",\"@id\":\"https:\\\/\\\/www.camaeleon.org\\\/de\\\/#\\\/schema\\\/person\\\/4df212263ca8d70a0a60b3cdf9cb792e\",\"name\":\"Julian Bidot\",\"image\":{\"@type\":\"ImageObject\",\"inLanguage\":\"en-US\",\"@id\":\"https:\\\/\\\/www.camaeleon.org\\\/en\\\/wp-content\\\/uploads\\\/2020\\\/12\\\/julian.jpgeeb77fb6f9ba90c8300a9123a3909722\",\"url\":\"https:\\\/\\\/www.camaeleon.org\\\/wp-content\\\/uploads\\\/2020\\\/12\\\/julian.jpg\",\"contentUrl\":\"https:\\\/\\\/www.camaeleon.org\\\/wp-content\\\/uploads\\\/2020\\\/12\\\/julian.jpg\",\"caption\":\"Julian Bidot\"},\"description\":\"Salut! Je m`appelle Julian. Voici quelques informations sur moi : - Depuis 2020 \u00e0 camaeleon.org - 18 ans - classe TL \u00c9crivez-moi des commentaires ou un mail! Amusez-vous bien sur cameleon.org !\",\"url\":\"https:\\\/\\\/www.camaeleon.org\\\/en\\\/author\\\/julian-bidot\\\/\"}]}<\/script>\n<!-- \/ Yoast SEO plugin. -->","yoast_head_json":{"title":"Das Wort der Woche: #besondereHelden - Cam\u00e4l\u00e9on","description":"Die Werbevideos der Bundesregierung beginnen mit einem Interview aus der Zukunft: \u00e4ltere Menschen erz\u00e4hlen von ihrer Jugend im Jahr 2020.","robots":{"index":"index","follow":"follow","max-snippet":"max-snippet:-1","max-image-preview":"max-image-preview:large","max-video-preview":"max-video-preview:-1"},"canonical":"https:\/\/www.camaeleon.org\/en\/2020\/11\/20\/das-wort-der-woche-besonderehelden\/","og_locale":"en_US","og_type":"article","og_title":"Das Wort der Woche: #besondereHelden - Cam\u00e4l\u00e9on","og_description":"Die Werbevideos der Bundesregierung beginnen mit einem Interview aus der Zukunft: \u00e4ltere Menschen erz\u00e4hlen von ihrer Jugend im Jahr 2020.","og_url":"https:\/\/www.camaeleon.org\/en\/2020\/11\/20\/das-wort-der-woche-besonderehelden\/","og_site_name":"Cam\u00e4l\u00e9on","article_publisher":"https:\/\/www.facebook.com\/camaeleon.org\/","article_published_time":"2020-11-20T10:34:08+00:00","article_modified_time":"2020-12-23T11:33:40+00:00","og_image":[{"width":1000,"height":563,"url":"https:\/\/www.camaeleon.org\/wp-content\/uploads\/2020\/11\/vlcsnap-2020-11-20-11h30m12s666.png","type":"image\/png"}],"author":"Julian Bidot","twitter_card":"summary_large_image","twitter_creator":"@camaeleonOrg","twitter_site":"@camaeleonOrg","schema":{"@context":"https:\/\/schema.org","@graph":[{"@type":"Article","@id":"https:\/\/www.camaeleon.org\/de\/2020\/11\/20\/das-wort-der-woche-besonderehelden\/#article","isPartOf":{"@id":"https:\/\/www.camaeleon.org\/de\/2020\/11\/20\/das-wort-der-woche-besonderehelden\/"},"author":{"name":"Julian Bidot","@id":"https:\/\/www.camaeleon.org\/de\/#\/schema\/person\/4df212263ca8d70a0a60b3cdf9cb792e"},"headline":"Das Wort der Woche: #besondereHelden","datePublished":"2020-11-20T10:34:08+00:00","dateModified":"2020-12-23T11:33:40+00:00","mainEntityOfPage":{"@id":"https:\/\/www.camaeleon.org\/de\/2020\/11\/20\/das-wort-der-woche-besonderehelden\/"},"wordCount":108,"commentCount":0,"publisher":{"@id":"https:\/\/www.camaeleon.org\/de\/#organization"},"image":{"@id":"https:\/\/www.camaeleon.org\/de\/2020\/11\/20\/das-wort-der-woche-besonderehelden\/#primaryimage"},"thumbnailUrl":"https:\/\/www.camaeleon.org\/wp-content\/uploads\/2020\/11\/vlcsnap-2020-11-20-11h30m12s666.png","keywords":["besondereHelden","Bundesregierung","COVID-19","Helden","YouTube"],"articleSection":["Corona crisis","Word of the Week"],"inLanguage":"en-US","potentialAction":[{"@type":"CommentAction","name":"Comment","target":["https:\/\/www.camaeleon.org\/de\/2020\/11\/20\/das-wort-der-woche-besonderehelden\/#respond"]}]},{"@type":"WebPage","@id":"https:\/\/www.camaeleon.org\/en\/2020\/11\/20\/das-wort-der-woche-besonderehelden\/","url":"https:\/\/www.camaeleon.org\/en\/2020\/11\/20\/das-wort-der-woche-besonderehelden\/","name":"Das Wort der Woche: #besondereHelden - Cam\u00e4l\u00e9on","isPartOf":{"@id":"https:\/\/www.camaeleon.org\/en\/#website"},"primaryImageOfPage":{"@id":"https:\/\/www.camaeleon.org\/en\/2020\/11\/20\/das-wort-der-woche-besonderehelden\/#primaryimage"},"image":{"@id":"https:\/\/www.camaeleon.org\/de\/2020\/11\/20\/das-wort-der-woche-besonderehelden\/#primaryimage"},"thumbnailUrl":"https:\/\/www.camaeleon.org\/wp-content\/uploads\/2020\/11\/vlcsnap-2020-11-20-11h30m12s666.png","datePublished":"2020-11-20T10:34:08+00:00","dateModified":"2020-12-23T11:33:40+00:00","description":"Die Werbevideos der Bundesregierung beginnen mit einem Interview aus der Zukunft: \u00e4ltere Menschen erz\u00e4hlen von ihrer Jugend im Jahr 2020.","breadcrumb":{"@id":"https:\/\/www.camaeleon.org\/en\/2020\/11\/20\/das-wort-der-woche-besonderehelden\/#breadcrumb"},"inLanguage":"en-US","potentialAction":[{"@type":"ReadAction","target":[["https:\/\/www.camaeleon.org\/en\/2020\/11\/20\/das-wort-der-woche-besonderehelden\/"]]}]},{"@type":"ImageObject","inLanguage":"en-US","@id":"https:\/\/www.camaeleon.org\/en\/2020\/11\/20\/das-wort-der-woche-besonderehelden\/#primaryimage","url":"https:\/\/www.camaeleon.org\/wp-content\/uploads\/2020\/11\/vlcsnap-2020-11-20-11h30m12s666.png","contentUrl":"https:\/\/www.camaeleon.org\/wp-content\/uploads\/2020\/11\/vlcsnap-2020-11-20-11h30m12s666.png","width":1000,"height":563,"caption":"Foto: #besonderehelden-Video der Bundesregierung"},{"@type":"BreadcrumbList","@id":"https:\/\/www.camaeleon.org\/en\/2020\/11\/20\/das-wort-der-woche-besonderehelden\/#breadcrumb","itemListElement":[{"@type":"ListItem","position":1,"name":"Home","item":"https:\/\/www.camaeleon.org\/en\/"},{"@type":"ListItem","position":2,"name":"Das Wort der Woche: #besondereHelden"}]},{"@type":"WebSite","@id":"https:\/\/www.camaeleon.org\/en\/#website","url":"https:\/\/www.camaeleon.org\/en\/","name":"Cam\u00e4l\u00e9on","description":"The online student magazine by Deutsch-Franz\u00f6sisches Gymnasium Saarbr\u00fccken","publisher":{"@id":"https:\/\/www.camaeleon.org\/en\/#organization"},"potentialAction":[{"@type":"SearchAction","target":{"@type":"EntryPoint","urlTemplate":"https:\/\/www.camaeleon.org\/en\/?s={search_term_string}"},"query-input":{"@type":"PropertyValueSpecification","valueRequired":true,"valueName":"search_term_string"}}],"inLanguage":"en-US"},{"@type":"Organization","@id":"https:\/\/www.camaeleon.org\/en\/#organization","name":"Cam\u00e4l\u00e9on","url":"https:\/\/www.camaeleon.org\/en\/","logo":{"@type":"ImageObject","inLanguage":"en-US","@id":"https:\/\/www.camaeleon.org\/en\/#\/schema\/logo\/image\/","url":"https:\/\/www.camaeleon.org\/wp-content\/uploads\/2011\/11\/CAM\u00c4LEON.jpg","contentUrl":"https:\/\/www.camaeleon.org\/wp-content\/uploads\/2011\/11\/CAM\u00c4LEON.jpg","width":959,"height":959,"caption":"Cam\u00e4l\u00e9on"},"image":{"@id":"https:\/\/www.camaeleon.org\/en\/#\/schema\/logo\/image\/"},"sameAs":["https:\/\/www.facebook.com\/camaeleon.org\/","https:\/\/x.com\/camaeleonOrg","https:\/\/www.instagram.com\/camaeleon.dfg\/","https:\/\/www.youtube.com\/channel\/UCl3TAUDdGuu_c7CD6ax6hYg"]},{"@type":"Person","@id":"https:\/\/www.camaeleon.org\/de\/#\/schema\/person\/4df212263ca8d70a0a60b3cdf9cb792e","name":"Julian Bidot","image":{"@type":"ImageObject","inLanguage":"en-US","@id":"https:\/\/www.camaeleon.org\/en\/wp-content\/uploads\/2020\/12\/julian.jpgeeb77fb6f9ba90c8300a9123a3909722","url":"https:\/\/www.camaeleon.org\/wp-content\/uploads\/2020\/12\/julian.jpg","contentUrl":"https:\/\/www.camaeleon.org\/wp-content\/uploads\/2020\/12\/julian.jpg","caption":"Julian Bidot"},"description":"Salut! Je m`appelle Julian. Voici quelques informations sur moi : - Depuis 2020 \u00e0 camaeleon.org - 18 ans - classe TL \u00c9crivez-moi des commentaires ou un mail! Amusez-vous bien sur cameleon.org !","url":"https:\/\/www.camaeleon.org\/en\/author\/julian-bidot\/"}]}},"_links":{"self":[{"href":"https:\/\/www.camaeleon.org\/en\/wp-json\/wp\/v2\/posts\/21793","targetHints":{"allow":["GET"]}}],"collection":[{"href":"https:\/\/www.camaeleon.org\/en\/wp-json\/wp\/v2\/posts"}],"about":[{"href":"https:\/\/www.camaeleon.org\/en\/wp-json\/wp\/v2\/types\/post"}],"author":[{"embeddable":true,"href":"https:\/\/www.camaeleon.org\/en\/wp-json\/wp\/v2\/users\/143"}],"replies":[{"embeddable":true,"href":"https:\/\/www.camaeleon.org\/en\/wp-json\/wp\/v2\/comments?post=21793"}],"version-history":[{"count":0,"href":"https:\/\/www.camaeleon.org\/en\/wp-json\/wp\/v2\/posts\/21793\/revisions"}],"wp:featuredmedia":[{"embeddable":true,"href":"https:\/\/www.camaeleon.org\/en\/wp-json\/wp\/v2\/media\/21833"}],"wp:attachment":[{"href":"https:\/\/www.camaeleon.org\/en\/wp-json\/wp\/v2\/media?parent=21793"}],"wp:term":[{"taxonomy":"category","embeddable":true,"href":"https:\/\/www.camaeleon.org\/en\/wp-json\/wp\/v2\/categories?post=21793"},{"taxonomy":"post_tag","embeddable":true,"href":"https:\/\/www.camaeleon.org\/en\/wp-json\/wp\/v2\/tags?post=21793"},{"taxonomy":"author","embeddable":true,"href":"https:\/\/www.camaeleon.org\/en\/wp-json\/wp\/v2\/coauthors?post=21793"}],"curies":[{"name":"wp","href":"https:\/\/api.w.org\/{rel}","templated":true}]}}