{"id":21650,"date":"2020-11-28T21:22:59","date_gmt":"2020-11-28T20:22:59","guid":{"rendered":"https:\/\/www.camaeleon.org\/?p=21650"},"modified":"2023-02-23T11:59:40","modified_gmt":"2023-02-23T10:59:40","slug":"was-hat-camaeleon-mir-gebracht-einblick-in-die-arbeit-als-schuelerjournalist","status":"publish","type":"post","link":"https:\/\/www.camaeleon.org\/en\/2020\/11\/28\/was-hat-camaeleon-mir-gebracht-einblick-in-die-arbeit-als-schuelerjournalist\/","title":{"rendered":"Was hat Cam\u00e4l\u00e9on mir gebracht? Einblick in die Arbeit als Sch\u00fclerjournalist"},"content":{"rendered":"<p><img loading=\"lazy\" decoding=\"async\" class=\"alignleft wp-image-15631\" src=\"https:\/\/www.camaeleon.org\/wp-content\/uploads\/2011\/07\/Kian-150x150.jpg\" alt=\"Kian Dier\" width=\"70\" height=\"70\" srcset=\"https:\/\/www.camaeleon.org\/wp-content\/uploads\/2011\/07\/Kian-150x150.jpg 150w, https:\/\/www.camaeleon.org\/wp-content\/uploads\/2011\/07\/Kian.jpg 200w, https:\/\/www.camaeleon.org\/wp-content\/uploads\/2011\/07\/Kian-90x90.jpg 90w, https:\/\/www.camaeleon.org\/wp-content\/uploads\/2011\/07\/Kian-75x75.jpg 75w, https:\/\/www.camaeleon.org\/wp-content\/uploads\/2011\/07\/Kian-120x120.jpg 120w\" sizes=\"auto, (max-width: 70px) 100vw, 70px\" \/><\/p>\n<p><em>Kian Dier, DFG-Abiturient 2020 und ehemaliger Cam\u00e4l\u00e9on-Redakteur, schaut auf seine Zeit im Team unseres Online-Magazins zur\u00fcck: Ein Einblick in die Arbeit als Sch\u00fclerjournalist mit all ihren Herausforderungen und Vorteilen f\u00fcr die pers\u00f6nliche Entwicklung von Jugendlichen.<br \/>\n<\/em><\/p>\n<p>Als ich 2017 der Cam\u00e4l\u00e9on-Redaktion beigetreten bin, wusste ich nicht wirklich, was ich dort tun k\u00f6nnte. Ich hatte keine Ahnung von Journalismus oder Videobearbeitung und war eigentlich nur beigetreten, weil ich zur Zeit nichts Besseres zu tun hatte. Es fiel mir anfangs schwer, Themen f\u00fcr neue Projekte zu finden. Allerdings war das dank der offenen Struktur unserer Redaktion und der Hilfe meiner Mitsch\u00fcler und der Lehrkr\u00e4fte nur ein kurzfristiges Problem.<\/p>\n<h6>Die Cam\u00e4l\u00e9on-Redaktion<\/h6>\n<figure id=\"attachment_21855\" aria-describedby=\"caption-attachment-21855\" style=\"width: 300px\" class=\"wp-caption alignright\"><img loading=\"lazy\" decoding=\"async\" class=\"size-medium wp-image-21855\" src=\"https:\/\/www.camaeleon.org\/wp-content\/uploads\/2020\/11\/webradio-Cama\u0308le\u0301on-2-300x169.jpg\" alt=\"Cam\u00e4l\u00e9on-Redaktion\" width=\"300\" height=\"169\" srcset=\"https:\/\/www.camaeleon.org\/wp-content\/uploads\/2020\/11\/webradio-Cama\u0308le\u0301on-2-300x169.jpg 300w, https:\/\/www.camaeleon.org\/wp-content\/uploads\/2020\/11\/webradio-Cama\u0308le\u0301on-2-880x495.jpg 880w, https:\/\/www.camaeleon.org\/wp-content\/uploads\/2020\/11\/webradio-Cama\u0308le\u0301on-2.jpg 1000w\" sizes=\"auto, (max-width: 300px) 100vw, 300px\" \/><figcaption id=\"caption-attachment-21855\" class=\"wp-caption-text\">Foto: Cam\u00e4l\u00e9on<\/figcaption><\/figure>\n<p>Als Cam\u00e4l\u00e9on-Redakteur ist die einzige Einschr\u00e4nkung, der man gegen\u00fcbersteht, der eigene Wissensstand. Die Lehrkr\u00e4fte unterst\u00fctzen uns zwar oft sehr, aber es steht uns als Sch\u00fcler frei, \u00fcber jedes Thema zu berichten, das uns interessiert. Egal ob Politik, Klima, Kinofilme, Kunst, Theater, die Schule selbst oder etwas v\u00f6llig anderes, unsere Mitglieder k\u00f6nnen alleine oder im Team ihre Interessen als Artikel, Video oder Podcast ver\u00f6ffentlichen.<\/p>\n<p>Diese freie Struktur hat mir pers\u00f6nlich enorm weitergeholfen, meine Wortwahl, Recherchef\u00e4higkeit, Medienkompetenz, Teamf\u00e4higkeit, Sprachkenntnis und Kreativit\u00e4t zu erweitern.<\/p>\n<figure id=\"attachment_17408\" aria-describedby=\"caption-attachment-17408\" style=\"width: 300px\" class=\"wp-caption alignleft\"><img loading=\"lazy\" decoding=\"async\" class=\"size-medium wp-image-17408\" src=\"https:\/\/www.camaeleon.org\/wp-content\/uploads\/2018\/12\/20181124_090500-300x225.jpg\" alt=\"FONA 2018\" width=\"300\" height=\"225\" srcset=\"https:\/\/www.camaeleon.org\/wp-content\/uploads\/2018\/12\/20181124_090500-300x225.jpg 300w, https:\/\/www.camaeleon.org\/wp-content\/uploads\/2018\/12\/20181124_090500-800x600.jpg 800w, https:\/\/www.camaeleon.org\/wp-content\/uploads\/2018\/12\/20181124_090500.jpg 1000w\" sizes=\"auto, (max-width: 300px) 100vw, 300px\" \/><figcaption id=\"caption-attachment-17408\" class=\"wp-caption-text\">Foto: Cam\u00e4l\u00e9on<\/figcaption><\/figure>\n<p>Die Cam\u00e4l\u00e9on-Mitgliedschaft hat mir au\u00dferdem erm\u00f6glicht, verschiedene Veranstalltungen zu besuchen, wie zum Beispiel die <a href=\"https:\/\/www.camaeleon.org\/de\/2018\/12\/02\/a-nous-berlin-camaleon-au-fona-2018\/\">FONA-Konferenz in Berlin<\/a>, oder die <a href=\"https:\/\/www.camaeleon.org\/de\/2019\/05\/25\/axel-buchholz-preis-zum-dritten\/\">Verleihungen des Axel Buchholz Preises<\/a>. Zu solchen Anl\u00e4ssen kann man als Cam\u00e4l\u00e9on-Redakteur v\u00f6llig frei und teilweise auch satirisch seine Meinung abgeben. Egal ob es um die Coronama\u00dfnahmen, die letzte FFF-Demo oder die neuen Sch\u00fclersprecher geht, ein engagierter Schuljournalist findet immer ein Thema, um zu informieren, zu unterhalten oder zu provozieren.<\/p>\n<h6>Journalismus lohnt sich<\/h6>\n<figure id=\"attachment_18871\" aria-describedby=\"caption-attachment-18871\" style=\"width: 300px\" class=\"wp-caption alignright\"><img loading=\"lazy\" decoding=\"async\" class=\"size-medium wp-image-18871\" src=\"https:\/\/www.camaeleon.org\/wp-content\/uploads\/2019\/05\/IMG_3568-300x200.jpg\" alt=\"Axel Buchholz Preis 2019\" width=\"300\" height=\"200\" srcset=\"https:\/\/www.camaeleon.org\/wp-content\/uploads\/2019\/05\/IMG_3568-300x200.jpg 300w, https:\/\/www.camaeleon.org\/wp-content\/uploads\/2019\/05\/IMG_3568-880x587.jpg 880w, https:\/\/www.camaeleon.org\/wp-content\/uploads\/2019\/05\/IMG_3568.jpg 1200w\" sizes=\"auto, (max-width: 300px) 100vw, 300px\" \/><figcaption id=\"caption-attachment-18871\" class=\"wp-caption-text\">Foto : Cam\u00e4l\u00e9on<\/figcaption><\/figure>\n<p>Allerdings muss ich an dieser Stelle sagen, dass genau bei diesem Engagement oft das Problem liegt. F\u00fcr die Sch\u00fclerzeitung zu schreiben ist nicht immer leicht. Recherchen k\u00f6nnen Stunden dauern. Gute Artikelideen zu finden, kann schwierig sein und das Produzieren von Podcasts oder Videos ist zeitaufwendig. Gerade als Sch\u00fcler ist es oft schwierig, diese Zeit zu investieren, wenn man parallel mit der Schule, Freunden oder der Familie besch\u00e4ftigt ist. Aber Jugendjournalismus ist den Aufwand wert.<\/p>\n<p>Es lohnt sich, nach der Schule an seinem Artikel zu arbeiten. Es lohnt sich immer und immer wieder, die Fragen f\u00fcr ein Interview zu \u00fcben oder mit den anderen Redakteuren nach Ideen zu brainstormen. Denn am Ende des Tages hat man sich mit Themen befasst, die einem selbst wichtig sind. Man hat neue F\u00e4higkeiten erlernt und gute Erinnerungen gebildet. Aber vor allem hat man etwas geleistet. F\u00fcr sich selbst, die Redaktion und die gesamte Schule.<\/p>\n<h6>Fazit<\/h6>\n<p>Jetzt, da meine Zeit am DFG vorbei ist, bleibt mir nur \u00fcbrig, den aktuellen und zuk\u00fcnftigen Redakteuren Gl\u00fcck f\u00fcr die Zukunft zu w\u00fcnschen. Ich bin mir sicher, dass ihr trotz der Pandemie eure Arbeit motiviert und gewissenhaft von Zuhause erledingen k\u00f6nnt. Wir sind ja schlie\u00dflich ein Online-Magazin.<\/p>\n<p>Und vielen Dank an Madame Koewenig, Herr Pfefferle und Madame Deguilhem, die unsere zuk\u00fcnftigen Mitglieder hoffentlich genauso gut unterst\u00fctzen werden wie vorherige Redaktionen.<\/p>\n","protected":false},"excerpt":{"rendered":"<p>Kian Dier, DFG-Abiturient 2020 und ehemaliger Cam\u00e4l\u00e9on-Redakteur, schaut auf seine Zeit im Team unseres Online-Magazins zur\u00fcck: Ein Einblick in die Arbeit als Sch\u00fclerjournalist mit all<\/p>\n","protected":false},"author":120,"featured_media":21865,"comment_status":"open","ping_status":"closed","sticky":false,"template":"","format":"standard","meta":{"colormag_page_container_layout":"default_layout","colormag_page_sidebar_layout":"default_layout","footnotes":""},"categories":[199],"tags":[1085,559,1235,334,1197,1234],"coauthors":[764],"class_list":["post-21650","post","type-post","status-publish","format-standard","has-post-thumbnail","hentry","category-a-propos-de-nous","tag-axel-buchholz","tag-axel-buchholz-preis","tag-fona","tag-journalismus","tag-redaktion","tag-schuelerjournalismus"],"yoast_head":"<!-- This site is optimized with the Yoast SEO plugin v27.5 - https:\/\/yoast.com\/product\/yoast-seo-wordpress\/ -->\n<title>Was hat Cam\u00e4l\u00e9on mir gebracht? Einblick in die Arbeit als Sch\u00fclerjournalist - Cam\u00e4l\u00e9on<\/title>\n<meta name=\"description\" content=\"Ein Einblick in die Arbeit als Sch\u00fclerjournalist mit all ihren Herausforderungen und Vorteilen f\u00fcr die pers\u00f6nliche Entwicklung von Jugendlichen.\" \/>\n<meta name=\"robots\" content=\"index, follow, max-snippet:-1, max-image-preview:large, max-video-preview:-1\" \/>\n<link rel=\"canonical\" href=\"https:\/\/www.camaeleon.org\/en\/2020\/11\/28\/was-hat-camaeleon-mir-gebracht-einblick-in-die-arbeit-als-schuelerjournalist\/\" \/>\n<meta property=\"og:locale\" content=\"en_US\" \/>\n<meta property=\"og:type\" content=\"article\" \/>\n<meta property=\"og:title\" content=\"Was hat Cam\u00e4l\u00e9on mir gebracht? Einblick in die Arbeit als Sch\u00fclerjournalist - Cam\u00e4l\u00e9on\" \/>\n<meta property=\"og:description\" content=\"Ein Einblick in die Arbeit als Sch\u00fclerjournalist mit all ihren Herausforderungen und Vorteilen f\u00fcr die pers\u00f6nliche Entwicklung von Jugendlichen.\" \/>\n<meta property=\"og:url\" content=\"https:\/\/www.camaeleon.org\/en\/2020\/11\/28\/was-hat-camaeleon-mir-gebracht-einblick-in-die-arbeit-als-schuelerjournalist\/\" \/>\n<meta property=\"og:site_name\" content=\"Cam\u00e4l\u00e9on\" \/>\n<meta property=\"article:publisher\" content=\"https:\/\/www.facebook.com\/camaeleon.org\/\" \/>\n<meta property=\"article:published_time\" content=\"2020-11-28T20:22:59+00:00\" \/>\n<meta property=\"article:modified_time\" content=\"2023-02-23T10:59:40+00:00\" \/>\n<meta property=\"og:image\" content=\"https:\/\/www.camaeleon.org\/wp-content\/uploads\/2020\/11\/IMG_2580.jpg\" \/>\n\t<meta property=\"og:image:width\" content=\"1000\" \/>\n\t<meta property=\"og:image:height\" content=\"667\" \/>\n\t<meta property=\"og:image:type\" content=\"image\/jpeg\" \/>\n<meta name=\"author\" content=\"Kian Dier\" \/>\n<meta name=\"twitter:card\" content=\"summary_large_image\" \/>\n<meta name=\"twitter:creator\" content=\"@camaeleonOrg\" \/>\n<meta name=\"twitter:site\" content=\"@camaeleonOrg\" \/>\n<script type=\"application\/ld+json\" class=\"yoast-schema-graph\">{\"@context\":\"https:\\\/\\\/schema.org\",\"@graph\":[{\"@type\":\"Article\",\"@id\":\"https:\\\/\\\/www.camaeleon.org\\\/2020\\\/11\\\/28\\\/was-hat-camaeleon-mir-gebracht-einblick-in-die-arbeit-als-schuelerjournalist\\\/#article\",\"isPartOf\":{\"@id\":\"https:\\\/\\\/www.camaeleon.org\\\/2020\\\/11\\\/28\\\/was-hat-camaeleon-mir-gebracht-einblick-in-die-arbeit-als-schuelerjournalist\\\/\"},\"author\":{\"name\":\"Kian Dier\",\"@id\":\"https:\\\/\\\/www.camaeleon.org\\\/de\\\/#\\\/schema\\\/person\\\/77f057676dc1f71afcb61826dd069303\"},\"headline\":\"Was hat Cam\u00e4l\u00e9on mir gebracht? Einblick in die Arbeit als Sch\u00fclerjournalist\",\"datePublished\":\"2020-11-28T20:22:59+00:00\",\"dateModified\":\"2023-02-23T10:59:40+00:00\",\"mainEntityOfPage\":{\"@id\":\"https:\\\/\\\/www.camaeleon.org\\\/2020\\\/11\\\/28\\\/was-hat-camaeleon-mir-gebracht-einblick-in-die-arbeit-als-schuelerjournalist\\\/\"},\"wordCount\":579,\"commentCount\":0,\"publisher\":{\"@id\":\"https:\\\/\\\/www.camaeleon.org\\\/de\\\/#organization\"},\"image\":{\"@id\":\"https:\\\/\\\/www.camaeleon.org\\\/2020\\\/11\\\/28\\\/was-hat-camaeleon-mir-gebracht-einblick-in-die-arbeit-als-schuelerjournalist\\\/#primaryimage\"},\"thumbnailUrl\":\"https:\\\/\\\/www.camaeleon.org\\\/wp-content\\\/uploads\\\/2020\\\/11\\\/IMG_2580.jpg\",\"keywords\":[\"Axel Buchholz\",\"Axel Buchholz-Preis\",\"FONA\",\"Journalismus\",\"Redaktion\",\"Sch\u00fclerjournalismus\"],\"articleSection\":[\"About us\"],\"inLanguage\":\"en-US\",\"potentialAction\":[{\"@type\":\"CommentAction\",\"name\":\"Comment\",\"target\":[\"https:\\\/\\\/www.camaeleon.org\\\/2020\\\/11\\\/28\\\/was-hat-camaeleon-mir-gebracht-einblick-in-die-arbeit-als-schuelerjournalist\\\/#respond\"]}]},{\"@type\":\"WebPage\",\"@id\":\"https:\\\/\\\/www.camaeleon.org\\\/en\\\/2020\\\/11\\\/28\\\/was-hat-camaeleon-mir-gebracht-einblick-in-die-arbeit-als-schuelerjournalist\\\/\",\"url\":\"https:\\\/\\\/www.camaeleon.org\\\/en\\\/2020\\\/11\\\/28\\\/was-hat-camaeleon-mir-gebracht-einblick-in-die-arbeit-als-schuelerjournalist\\\/\",\"name\":\"Was hat Cam\u00e4l\u00e9on mir gebracht? Einblick in die Arbeit als Sch\u00fclerjournalist - Cam\u00e4l\u00e9on\",\"isPartOf\":{\"@id\":\"https:\\\/\\\/www.camaeleon.org\\\/en\\\/#website\"},\"primaryImageOfPage\":{\"@id\":\"https:\\\/\\\/www.camaeleon.org\\\/en\\\/2020\\\/11\\\/28\\\/was-hat-camaeleon-mir-gebracht-einblick-in-die-arbeit-als-schuelerjournalist\\\/#primaryimage\"},\"image\":{\"@id\":\"https:\\\/\\\/www.camaeleon.org\\\/2020\\\/11\\\/28\\\/was-hat-camaeleon-mir-gebracht-einblick-in-die-arbeit-als-schuelerjournalist\\\/#primaryimage\"},\"thumbnailUrl\":\"https:\\\/\\\/www.camaeleon.org\\\/wp-content\\\/uploads\\\/2020\\\/11\\\/IMG_2580.jpg\",\"datePublished\":\"2020-11-28T20:22:59+00:00\",\"dateModified\":\"2023-02-23T10:59:40+00:00\",\"description\":\"Ein Einblick in die Arbeit als Sch\u00fclerjournalist mit all ihren Herausforderungen und Vorteilen f\u00fcr die pers\u00f6nliche Entwicklung von Jugendlichen.\",\"breadcrumb\":{\"@id\":\"https:\\\/\\\/www.camaeleon.org\\\/en\\\/2020\\\/11\\\/28\\\/was-hat-camaeleon-mir-gebracht-einblick-in-die-arbeit-als-schuelerjournalist\\\/#breadcrumb\"},\"inLanguage\":\"en-US\",\"potentialAction\":[{\"@type\":\"ReadAction\",\"target\":[[\"https:\\\/\\\/www.camaeleon.org\\\/en\\\/2020\\\/11\\\/28\\\/was-hat-camaeleon-mir-gebracht-einblick-in-die-arbeit-als-schuelerjournalist\\\/\"]]}]},{\"@type\":\"ImageObject\",\"inLanguage\":\"en-US\",\"@id\":\"https:\\\/\\\/www.camaeleon.org\\\/en\\\/2020\\\/11\\\/28\\\/was-hat-camaeleon-mir-gebracht-einblick-in-die-arbeit-als-schuelerjournalist\\\/#primaryimage\",\"url\":\"https:\\\/\\\/www.camaeleon.org\\\/wp-content\\\/uploads\\\/2020\\\/11\\\/IMG_2580.jpg\",\"contentUrl\":\"https:\\\/\\\/www.camaeleon.org\\\/wp-content\\\/uploads\\\/2020\\\/11\\\/IMG_2580.jpg\",\"width\":1000,\"height\":667,\"caption\":\"Foto: Cam\u00e4l\u00e9on\"},{\"@type\":\"BreadcrumbList\",\"@id\":\"https:\\\/\\\/www.camaeleon.org\\\/en\\\/2020\\\/11\\\/28\\\/was-hat-camaeleon-mir-gebracht-einblick-in-die-arbeit-als-schuelerjournalist\\\/#breadcrumb\",\"itemListElement\":[{\"@type\":\"ListItem\",\"position\":1,\"name\":\"Home\",\"item\":\"https:\\\/\\\/www.camaeleon.org\\\/en\\\/\"},{\"@type\":\"ListItem\",\"position\":2,\"name\":\"Was hat Cam\u00e4l\u00e9on mir gebracht? Einblick in die Arbeit als Sch\u00fclerjournalist\"}]},{\"@type\":\"WebSite\",\"@id\":\"https:\\\/\\\/www.camaeleon.org\\\/en\\\/#website\",\"url\":\"https:\\\/\\\/www.camaeleon.org\\\/en\\\/\",\"name\":\"Cam\u00e4l\u00e9on\",\"description\":\"The online student magazine by Deutsch-Franz\u00f6sisches Gymnasium Saarbr\u00fccken\",\"publisher\":{\"@id\":\"https:\\\/\\\/www.camaeleon.org\\\/en\\\/#organization\"},\"potentialAction\":[{\"@type\":\"SearchAction\",\"target\":{\"@type\":\"EntryPoint\",\"urlTemplate\":\"https:\\\/\\\/www.camaeleon.org\\\/en\\\/?s={search_term_string}\"},\"query-input\":{\"@type\":\"PropertyValueSpecification\",\"valueRequired\":true,\"valueName\":\"search_term_string\"}}],\"inLanguage\":\"en-US\"},{\"@type\":\"Organization\",\"@id\":\"https:\\\/\\\/www.camaeleon.org\\\/en\\\/#organization\",\"name\":\"Cam\u00e4l\u00e9on\",\"url\":\"https:\\\/\\\/www.camaeleon.org\\\/en\\\/\",\"logo\":{\"@type\":\"ImageObject\",\"inLanguage\":\"en-US\",\"@id\":\"https:\\\/\\\/www.camaeleon.org\\\/en\\\/#\\\/schema\\\/logo\\\/image\\\/\",\"url\":\"https:\\\/\\\/www.camaeleon.org\\\/wp-content\\\/uploads\\\/2011\\\/11\\\/CAM\u00c4LEON.jpg\",\"contentUrl\":\"https:\\\/\\\/www.camaeleon.org\\\/wp-content\\\/uploads\\\/2011\\\/11\\\/CAM\u00c4LEON.jpg\",\"width\":959,\"height\":959,\"caption\":\"Cam\u00e4l\u00e9on\"},\"image\":{\"@id\":\"https:\\\/\\\/www.camaeleon.org\\\/en\\\/#\\\/schema\\\/logo\\\/image\\\/\"},\"sameAs\":[\"https:\\\/\\\/www.facebook.com\\\/camaeleon.org\\\/\",\"https:\\\/\\\/x.com\\\/camaeleonOrg\",\"https:\\\/\\\/www.instagram.com\\\/camaeleon.dfg\\\/\",\"https:\\\/\\\/www.youtube.com\\\/channel\\\/UCl3TAUDdGuu_c7CD6ax6hYg\"]},{\"@type\":\"Person\",\"@id\":\"https:\\\/\\\/www.camaeleon.org\\\/de\\\/#\\\/schema\\\/person\\\/77f057676dc1f71afcb61826dd069303\",\"name\":\"Kian Dier\",\"image\":{\"@type\":\"ImageObject\",\"inLanguage\":\"en-US\",\"@id\":\"https:\\\/\\\/www.camaeleon.org\\\/en\\\/wp-content\\\/uploads\\\/2011\\\/07\\\/Kian-120x120.jpgc3422467ea706140182ca26b28f79354\",\"url\":\"https:\\\/\\\/www.camaeleon.org\\\/wp-content\\\/uploads\\\/2011\\\/07\\\/Kian-120x120.jpg\",\"contentUrl\":\"https:\\\/\\\/www.camaeleon.org\\\/wp-content\\\/uploads\\\/2011\\\/07\\\/Kian-120x120.jpg\",\"caption\":\"Kian Dier\"},\"url\":\"https:\\\/\\\/www.camaeleon.org\\\/en\\\/author\\\/kian-dier\\\/\"}]}<\/script>\n<!-- \/ Yoast SEO plugin. -->","yoast_head_json":{"title":"Was hat Cam\u00e4l\u00e9on mir gebracht? Einblick in die Arbeit als Sch\u00fclerjournalist - Cam\u00e4l\u00e9on","description":"Ein Einblick in die Arbeit als Sch\u00fclerjournalist mit all ihren Herausforderungen und Vorteilen f\u00fcr die pers\u00f6nliche Entwicklung von Jugendlichen.","robots":{"index":"index","follow":"follow","max-snippet":"max-snippet:-1","max-image-preview":"max-image-preview:large","max-video-preview":"max-video-preview:-1"},"canonical":"https:\/\/www.camaeleon.org\/en\/2020\/11\/28\/was-hat-camaeleon-mir-gebracht-einblick-in-die-arbeit-als-schuelerjournalist\/","og_locale":"en_US","og_type":"article","og_title":"Was hat Cam\u00e4l\u00e9on mir gebracht? Einblick in die Arbeit als Sch\u00fclerjournalist - Cam\u00e4l\u00e9on","og_description":"Ein Einblick in die Arbeit als Sch\u00fclerjournalist mit all ihren Herausforderungen und Vorteilen f\u00fcr die pers\u00f6nliche Entwicklung von Jugendlichen.","og_url":"https:\/\/www.camaeleon.org\/en\/2020\/11\/28\/was-hat-camaeleon-mir-gebracht-einblick-in-die-arbeit-als-schuelerjournalist\/","og_site_name":"Cam\u00e4l\u00e9on","article_publisher":"https:\/\/www.facebook.com\/camaeleon.org\/","article_published_time":"2020-11-28T20:22:59+00:00","article_modified_time":"2023-02-23T10:59:40+00:00","og_image":[{"width":1000,"height":667,"url":"https:\/\/www.camaeleon.org\/wp-content\/uploads\/2020\/11\/IMG_2580.jpg","type":"image\/jpeg"}],"author":"Kian Dier","twitter_card":"summary_large_image","twitter_creator":"@camaeleonOrg","twitter_site":"@camaeleonOrg","schema":{"@context":"https:\/\/schema.org","@graph":[{"@type":"Article","@id":"https:\/\/www.camaeleon.org\/2020\/11\/28\/was-hat-camaeleon-mir-gebracht-einblick-in-die-arbeit-als-schuelerjournalist\/#article","isPartOf":{"@id":"https:\/\/www.camaeleon.org\/2020\/11\/28\/was-hat-camaeleon-mir-gebracht-einblick-in-die-arbeit-als-schuelerjournalist\/"},"author":{"name":"Kian Dier","@id":"https:\/\/www.camaeleon.org\/de\/#\/schema\/person\/77f057676dc1f71afcb61826dd069303"},"headline":"Was hat Cam\u00e4l\u00e9on mir gebracht? Einblick in die Arbeit als Sch\u00fclerjournalist","datePublished":"2020-11-28T20:22:59+00:00","dateModified":"2023-02-23T10:59:40+00:00","mainEntityOfPage":{"@id":"https:\/\/www.camaeleon.org\/2020\/11\/28\/was-hat-camaeleon-mir-gebracht-einblick-in-die-arbeit-als-schuelerjournalist\/"},"wordCount":579,"commentCount":0,"publisher":{"@id":"https:\/\/www.camaeleon.org\/de\/#organization"},"image":{"@id":"https:\/\/www.camaeleon.org\/2020\/11\/28\/was-hat-camaeleon-mir-gebracht-einblick-in-die-arbeit-als-schuelerjournalist\/#primaryimage"},"thumbnailUrl":"https:\/\/www.camaeleon.org\/wp-content\/uploads\/2020\/11\/IMG_2580.jpg","keywords":["Axel Buchholz","Axel Buchholz-Preis","FONA","Journalismus","Redaktion","Sch\u00fclerjournalismus"],"articleSection":["About us"],"inLanguage":"en-US","potentialAction":[{"@type":"CommentAction","name":"Comment","target":["https:\/\/www.camaeleon.org\/2020\/11\/28\/was-hat-camaeleon-mir-gebracht-einblick-in-die-arbeit-als-schuelerjournalist\/#respond"]}]},{"@type":"WebPage","@id":"https:\/\/www.camaeleon.org\/en\/2020\/11\/28\/was-hat-camaeleon-mir-gebracht-einblick-in-die-arbeit-als-schuelerjournalist\/","url":"https:\/\/www.camaeleon.org\/en\/2020\/11\/28\/was-hat-camaeleon-mir-gebracht-einblick-in-die-arbeit-als-schuelerjournalist\/","name":"Was hat Cam\u00e4l\u00e9on mir gebracht? Einblick in die Arbeit als Sch\u00fclerjournalist - Cam\u00e4l\u00e9on","isPartOf":{"@id":"https:\/\/www.camaeleon.org\/en\/#website"},"primaryImageOfPage":{"@id":"https:\/\/www.camaeleon.org\/en\/2020\/11\/28\/was-hat-camaeleon-mir-gebracht-einblick-in-die-arbeit-als-schuelerjournalist\/#primaryimage"},"image":{"@id":"https:\/\/www.camaeleon.org\/2020\/11\/28\/was-hat-camaeleon-mir-gebracht-einblick-in-die-arbeit-als-schuelerjournalist\/#primaryimage"},"thumbnailUrl":"https:\/\/www.camaeleon.org\/wp-content\/uploads\/2020\/11\/IMG_2580.jpg","datePublished":"2020-11-28T20:22:59+00:00","dateModified":"2023-02-23T10:59:40+00:00","description":"Ein Einblick in die Arbeit als Sch\u00fclerjournalist mit all ihren Herausforderungen und Vorteilen f\u00fcr die pers\u00f6nliche Entwicklung von Jugendlichen.","breadcrumb":{"@id":"https:\/\/www.camaeleon.org\/en\/2020\/11\/28\/was-hat-camaeleon-mir-gebracht-einblick-in-die-arbeit-als-schuelerjournalist\/#breadcrumb"},"inLanguage":"en-US","potentialAction":[{"@type":"ReadAction","target":[["https:\/\/www.camaeleon.org\/en\/2020\/11\/28\/was-hat-camaeleon-mir-gebracht-einblick-in-die-arbeit-als-schuelerjournalist\/"]]}]},{"@type":"ImageObject","inLanguage":"en-US","@id":"https:\/\/www.camaeleon.org\/en\/2020\/11\/28\/was-hat-camaeleon-mir-gebracht-einblick-in-die-arbeit-als-schuelerjournalist\/#primaryimage","url":"https:\/\/www.camaeleon.org\/wp-content\/uploads\/2020\/11\/IMG_2580.jpg","contentUrl":"https:\/\/www.camaeleon.org\/wp-content\/uploads\/2020\/11\/IMG_2580.jpg","width":1000,"height":667,"caption":"Foto: Cam\u00e4l\u00e9on"},{"@type":"BreadcrumbList","@id":"https:\/\/www.camaeleon.org\/en\/2020\/11\/28\/was-hat-camaeleon-mir-gebracht-einblick-in-die-arbeit-als-schuelerjournalist\/#breadcrumb","itemListElement":[{"@type":"ListItem","position":1,"name":"Home","item":"https:\/\/www.camaeleon.org\/en\/"},{"@type":"ListItem","position":2,"name":"Was hat Cam\u00e4l\u00e9on mir gebracht? Einblick in die Arbeit als Sch\u00fclerjournalist"}]},{"@type":"WebSite","@id":"https:\/\/www.camaeleon.org\/en\/#website","url":"https:\/\/www.camaeleon.org\/en\/","name":"Cam\u00e4l\u00e9on","description":"The online student magazine by Deutsch-Franz\u00f6sisches Gymnasium Saarbr\u00fccken","publisher":{"@id":"https:\/\/www.camaeleon.org\/en\/#organization"},"potentialAction":[{"@type":"SearchAction","target":{"@type":"EntryPoint","urlTemplate":"https:\/\/www.camaeleon.org\/en\/?s={search_term_string}"},"query-input":{"@type":"PropertyValueSpecification","valueRequired":true,"valueName":"search_term_string"}}],"inLanguage":"en-US"},{"@type":"Organization","@id":"https:\/\/www.camaeleon.org\/en\/#organization","name":"Cam\u00e4l\u00e9on","url":"https:\/\/www.camaeleon.org\/en\/","logo":{"@type":"ImageObject","inLanguage":"en-US","@id":"https:\/\/www.camaeleon.org\/en\/#\/schema\/logo\/image\/","url":"https:\/\/www.camaeleon.org\/wp-content\/uploads\/2011\/11\/CAM\u00c4LEON.jpg","contentUrl":"https:\/\/www.camaeleon.org\/wp-content\/uploads\/2011\/11\/CAM\u00c4LEON.jpg","width":959,"height":959,"caption":"Cam\u00e4l\u00e9on"},"image":{"@id":"https:\/\/www.camaeleon.org\/en\/#\/schema\/logo\/image\/"},"sameAs":["https:\/\/www.facebook.com\/camaeleon.org\/","https:\/\/x.com\/camaeleonOrg","https:\/\/www.instagram.com\/camaeleon.dfg\/","https:\/\/www.youtube.com\/channel\/UCl3TAUDdGuu_c7CD6ax6hYg"]},{"@type":"Person","@id":"https:\/\/www.camaeleon.org\/de\/#\/schema\/person\/77f057676dc1f71afcb61826dd069303","name":"Kian Dier","image":{"@type":"ImageObject","inLanguage":"en-US","@id":"https:\/\/www.camaeleon.org\/en\/wp-content\/uploads\/2011\/07\/Kian-120x120.jpgc3422467ea706140182ca26b28f79354","url":"https:\/\/www.camaeleon.org\/wp-content\/uploads\/2011\/07\/Kian-120x120.jpg","contentUrl":"https:\/\/www.camaeleon.org\/wp-content\/uploads\/2011\/07\/Kian-120x120.jpg","caption":"Kian Dier"},"url":"https:\/\/www.camaeleon.org\/en\/author\/kian-dier\/"}]}},"_links":{"self":[{"href":"https:\/\/www.camaeleon.org\/en\/wp-json\/wp\/v2\/posts\/21650","targetHints":{"allow":["GET"]}}],"collection":[{"href":"https:\/\/www.camaeleon.org\/en\/wp-json\/wp\/v2\/posts"}],"about":[{"href":"https:\/\/www.camaeleon.org\/en\/wp-json\/wp\/v2\/types\/post"}],"author":[{"embeddable":true,"href":"https:\/\/www.camaeleon.org\/en\/wp-json\/wp\/v2\/users\/120"}],"replies":[{"embeddable":true,"href":"https:\/\/www.camaeleon.org\/en\/wp-json\/wp\/v2\/comments?post=21650"}],"version-history":[{"count":2,"href":"https:\/\/www.camaeleon.org\/en\/wp-json\/wp\/v2\/posts\/21650\/revisions"}],"predecessor-version":[{"id":28467,"href":"https:\/\/www.camaeleon.org\/en\/wp-json\/wp\/v2\/posts\/21650\/revisions\/28467"}],"wp:featuredmedia":[{"embeddable":true,"href":"https:\/\/www.camaeleon.org\/en\/wp-json\/wp\/v2\/media\/21865"}],"wp:attachment":[{"href":"https:\/\/www.camaeleon.org\/en\/wp-json\/wp\/v2\/media?parent=21650"}],"wp:term":[{"taxonomy":"category","embeddable":true,"href":"https:\/\/www.camaeleon.org\/en\/wp-json\/wp\/v2\/categories?post=21650"},{"taxonomy":"post_tag","embeddable":true,"href":"https:\/\/www.camaeleon.org\/en\/wp-json\/wp\/v2\/tags?post=21650"},{"taxonomy":"author","embeddable":true,"href":"https:\/\/www.camaeleon.org\/en\/wp-json\/wp\/v2\/coauthors?post=21650"}],"curies":[{"name":"wp","href":"https:\/\/api.w.org\/{rel}","templated":true}]}}