{"id":21516,"date":"2020-05-11T08:34:59","date_gmt":"2020-05-11T06:34:59","guid":{"rendered":"https:\/\/www.camaeleon.org\/?p=21516"},"modified":"2020-12-23T12:19:12","modified_gmt":"2020-12-23T11:19:12","slug":"fontieres-a-quand-la-reouverture-complete","status":"publish","type":"post","link":"https:\/\/www.camaeleon.org\/en\/2020\/05\/11\/fontieres-a-quand-la-reouverture-complete\/","title":{"rendered":"Fronti\u00e8res: \u00e0 quand la r\u00e9ouverture compl\u00e8te?"},"content":{"rendered":"<figure id=\"attachment_21548\" aria-describedby=\"caption-attachment-21548\" style=\"width: 300px\" class=\"wp-caption alignleft\"><a href=\"https:\/\/www.camaeleon.org\/2020\/05\/11\/fontieres-a-quand-la-reouverture-complete\/stop-sign-35069_1280\/\" rel=\"attachment wp-att-21548\"><img loading=\"lazy\" decoding=\"async\" class=\"size-medium wp-image-21548\" src=\"https:\/\/www.camaeleon.org\/wp-content\/uploads\/2020\/05\/stop-sign-35069_1280-300x300.png\" alt=\"\" width=\"300\" height=\"300\" srcset=\"https:\/\/www.camaeleon.org\/wp-content\/uploads\/2020\/05\/stop-sign-35069_1280-300x300.png 300w, https:\/\/www.camaeleon.org\/wp-content\/uploads\/2020\/05\/stop-sign-35069_1280-600x600.png 600w, https:\/\/www.camaeleon.org\/wp-content\/uploads\/2020\/05\/stop-sign-35069_1280-150x150.png 150w, https:\/\/www.camaeleon.org\/wp-content\/uploads\/2020\/05\/stop-sign-35069_1280.png 1000w\" sizes=\"auto, (max-width: 300px) 100vw, 300px\" \/><\/a><figcaption id=\"caption-attachment-21548\" class=\"wp-caption-text\">Stop &#8211; Source: Clker-Free-Vector-Images (Pixabay)<\/figcaption><\/figure>\n<p>Le d\u00e9confinement a commenc\u00e9 dans nos deux pays. Mais qu&#8217;en est-il des fronti\u00e8res? Beaucoup sont encore ferm\u00e9es, d&#8217;autres sont ouvertes mais sous contr\u00f4les. En France, il a \u00e9t\u00e9 d\u00e9cid\u00e9 de les rouvrir le 15 juin, mais certains hommes politiques dans la Grande R\u00e9gion souhaitent que cela se passe bien plus t\u00f4t.<\/p>\n<p>Pour tous les frontaliers, c&#8217;est un vrai casse-t\u00eate. Comment faire lorsqu&#8217;un parent habite en France et l&#8217;autre en Allemagne ? Et pour les\u00a0 \u00e9l\u00e9ves qui habitent en France mais doivent retourner au LFA? Et les travailleurs frontaliers? Tout cela est en parti r\u00e9gl\u00e9, mais complique beaucoup notre quotidien&#8230;<\/p>\n<p>Chaque jour, de nouvelles d\u00e9cisions sont prises. Parfois des dates de r\u00e9ouverture compl\u00e8te sont annonc\u00e9es, mais pour l&#8217;instant, personne ne sait vraiment comment et quand cela va se passer. Pour la plupart d&#8217;entre nous qui ne connaissions pas les fronti\u00e8res dans notre vie de tous les jours, c&#8217;est un grand bouleversement!<\/p>\n<p>Si vous voulez nous raconter votre quotidien de frontalier, les probl\u00e8mes que vous avez eus ou avez encore, n&#8217;h\u00e9sitez pas \u00e0 \u00e9crire un petit mot dans les commentaires !<\/p>\n","protected":false},"excerpt":{"rendered":"<p>Le d\u00e9confinement a commenc\u00e9 dans nos deux pays. Mais qu&#8217;en est-il des fronti\u00e8res? Beaucoup sont encore ferm\u00e9es, d&#8217;autres sont ouvertes mais sous contr\u00f4les. En France,<\/p>\n","protected":false},"author":135,"featured_media":21548,"comment_status":"open","ping_status":"closed","sticky":false,"template":"","format":"standard","meta":{"colormag_page_container_layout":"default_layout","colormag_page_sidebar_layout":"default_layout","footnotes":""},"categories":[1173],"tags":[1169,431,1288,1287],"coauthors":[1101],"class_list":["post-21516","post","type-post","status-publish","format-standard","has-post-thumbnail","hentry","category-corona","tag-covid-19","tag-deutsch-franzoesisch","tag-frontieres","tag-grenzen"],"yoast_head":"<!-- This site is optimized with the Yoast SEO plugin v27.5 - https:\/\/yoast.com\/product\/yoast-seo-wordpress\/ -->\n<title>Fronti\u00e8res: \u00e0 quand la r\u00e9ouverture compl\u00e8te? - Cam\u00e4l\u00e9on<\/title>\n<meta name=\"description\" content=\"Le d\u00e9confinement a commenc\u00e9 dans nos deux pays. Mais qu&#039;en est-il des fronti\u00e8res?\" \/>\n<meta name=\"robots\" content=\"index, follow, max-snippet:-1, max-image-preview:large, max-video-preview:-1\" \/>\n<link rel=\"canonical\" href=\"https:\/\/www.camaeleon.org\/en\/2020\/05\/11\/fontieres-a-quand-la-reouverture-complete\/\" \/>\n<meta property=\"og:locale\" content=\"en_US\" \/>\n<meta property=\"og:type\" content=\"article\" \/>\n<meta property=\"og:title\" content=\"Fronti\u00e8res: \u00e0 quand la r\u00e9ouverture compl\u00e8te? - Cam\u00e4l\u00e9on\" \/>\n<meta property=\"og:description\" content=\"Le d\u00e9confinement a commenc\u00e9 dans nos deux pays. Mais qu&#039;en est-il des fronti\u00e8res?\" \/>\n<meta property=\"og:url\" content=\"https:\/\/www.camaeleon.org\/en\/2020\/05\/11\/fontieres-a-quand-la-reouverture-complete\/\" \/>\n<meta property=\"og:site_name\" content=\"Cam\u00e4l\u00e9on\" \/>\n<meta property=\"article:publisher\" content=\"https:\/\/www.facebook.com\/camaeleon.org\/\" \/>\n<meta property=\"article:published_time\" content=\"2020-05-11T06:34:59+00:00\" \/>\n<meta property=\"article:modified_time\" content=\"2020-12-23T11:19:12+00:00\" \/>\n<meta property=\"og:image\" content=\"https:\/\/www.camaeleon.org\/wp-content\/uploads\/2020\/05\/stop-sign-35069_1280.png\" \/>\n\t<meta property=\"og:image:width\" content=\"1000\" \/>\n\t<meta property=\"og:image:height\" content=\"1000\" \/>\n\t<meta property=\"og:image:type\" content=\"image\/png\" \/>\n<meta name=\"author\" content=\"Yann Fahs\" \/>\n<meta name=\"twitter:card\" content=\"summary_large_image\" \/>\n<meta name=\"twitter:creator\" content=\"@camaeleonOrg\" \/>\n<meta name=\"twitter:site\" content=\"@camaeleonOrg\" \/>\n<script type=\"application\/ld+json\" class=\"yoast-schema-graph\">{\"@context\":\"https:\\\/\\\/schema.org\",\"@graph\":[{\"@type\":\"Article\",\"@id\":\"https:\\\/\\\/www.camaeleon.org\\\/de\\\/2020\\\/05\\\/11\\\/fontieres-a-quand-la-reouverture-complete\\\/#article\",\"isPartOf\":{\"@id\":\"https:\\\/\\\/www.camaeleon.org\\\/de\\\/2020\\\/05\\\/11\\\/fontieres-a-quand-la-reouverture-complete\\\/\"},\"author\":{\"name\":\"Yann Fahs\",\"@id\":\"https:\\\/\\\/www.camaeleon.org\\\/de\\\/#\\\/schema\\\/person\\\/fd8c1aeca6bb16aaea95789c42beea50\"},\"headline\":\"Fronti\u00e8res: \u00e0 quand la r\u00e9ouverture compl\u00e8te?\",\"datePublished\":\"2020-05-11T06:34:59+00:00\",\"dateModified\":\"2020-12-23T11:19:12+00:00\",\"mainEntityOfPage\":{\"@id\":\"https:\\\/\\\/www.camaeleon.org\\\/de\\\/2020\\\/05\\\/11\\\/fontieres-a-quand-la-reouverture-complete\\\/\"},\"wordCount\":221,\"commentCount\":0,\"publisher\":{\"@id\":\"https:\\\/\\\/www.camaeleon.org\\\/de\\\/#organization\"},\"image\":{\"@id\":\"https:\\\/\\\/www.camaeleon.org\\\/de\\\/2020\\\/05\\\/11\\\/fontieres-a-quand-la-reouverture-complete\\\/#primaryimage\"},\"thumbnailUrl\":\"https:\\\/\\\/www.camaeleon.org\\\/wp-content\\\/uploads\\\/2020\\\/05\\\/stop-sign-35069_1280.png\",\"keywords\":[\"COVID-19\",\"deutsch-franz\u00f6sisch\",\"fronti\u00e8res\",\"Grenzen\"],\"articleSection\":[\"Corona crisis\"],\"inLanguage\":\"en-US\",\"potentialAction\":[{\"@type\":\"CommentAction\",\"name\":\"Comment\",\"target\":[\"https:\\\/\\\/www.camaeleon.org\\\/de\\\/2020\\\/05\\\/11\\\/fontieres-a-quand-la-reouverture-complete\\\/#respond\"]}]},{\"@type\":\"WebPage\",\"@id\":\"https:\\\/\\\/www.camaeleon.org\\\/en\\\/2020\\\/05\\\/11\\\/fontieres-a-quand-la-reouverture-complete\\\/\",\"url\":\"https:\\\/\\\/www.camaeleon.org\\\/en\\\/2020\\\/05\\\/11\\\/fontieres-a-quand-la-reouverture-complete\\\/\",\"name\":\"Fronti\u00e8res: \u00e0 quand la r\u00e9ouverture compl\u00e8te? - Cam\u00e4l\u00e9on\",\"isPartOf\":{\"@id\":\"https:\\\/\\\/www.camaeleon.org\\\/en\\\/#website\"},\"primaryImageOfPage\":{\"@id\":\"https:\\\/\\\/www.camaeleon.org\\\/en\\\/2020\\\/05\\\/11\\\/fontieres-a-quand-la-reouverture-complete\\\/#primaryimage\"},\"image\":{\"@id\":\"https:\\\/\\\/www.camaeleon.org\\\/de\\\/2020\\\/05\\\/11\\\/fontieres-a-quand-la-reouverture-complete\\\/#primaryimage\"},\"thumbnailUrl\":\"https:\\\/\\\/www.camaeleon.org\\\/wp-content\\\/uploads\\\/2020\\\/05\\\/stop-sign-35069_1280.png\",\"datePublished\":\"2020-05-11T06:34:59+00:00\",\"dateModified\":\"2020-12-23T11:19:12+00:00\",\"description\":\"Le d\u00e9confinement a commenc\u00e9 dans nos deux pays. Mais qu'en est-il des fronti\u00e8res?\",\"breadcrumb\":{\"@id\":\"https:\\\/\\\/www.camaeleon.org\\\/en\\\/2020\\\/05\\\/11\\\/fontieres-a-quand-la-reouverture-complete\\\/#breadcrumb\"},\"inLanguage\":\"en-US\",\"potentialAction\":[{\"@type\":\"ReadAction\",\"target\":[[\"https:\\\/\\\/www.camaeleon.org\\\/en\\\/2020\\\/05\\\/11\\\/fontieres-a-quand-la-reouverture-complete\\\/\"]]}]},{\"@type\":\"ImageObject\",\"inLanguage\":\"en-US\",\"@id\":\"https:\\\/\\\/www.camaeleon.org\\\/en\\\/2020\\\/05\\\/11\\\/fontieres-a-quand-la-reouverture-complete\\\/#primaryimage\",\"url\":\"https:\\\/\\\/www.camaeleon.org\\\/wp-content\\\/uploads\\\/2020\\\/05\\\/stop-sign-35069_1280.png\",\"contentUrl\":\"https:\\\/\\\/www.camaeleon.org\\\/wp-content\\\/uploads\\\/2020\\\/05\\\/stop-sign-35069_1280.png\",\"width\":\"1000\",\"height\":\"1000\",\"caption\":\"Stop - Source: Clker-Free-Vector-Images (Pixabay)\"},{\"@type\":\"BreadcrumbList\",\"@id\":\"https:\\\/\\\/www.camaeleon.org\\\/en\\\/2020\\\/05\\\/11\\\/fontieres-a-quand-la-reouverture-complete\\\/#breadcrumb\",\"itemListElement\":[{\"@type\":\"ListItem\",\"position\":1,\"name\":\"Home\",\"item\":\"https:\\\/\\\/www.camaeleon.org\\\/en\\\/\"},{\"@type\":\"ListItem\",\"position\":2,\"name\":\"Fronti\u00e8res: \u00e0 quand la r\u00e9ouverture compl\u00e8te?\"}]},{\"@type\":\"WebSite\",\"@id\":\"https:\\\/\\\/www.camaeleon.org\\\/en\\\/#website\",\"url\":\"https:\\\/\\\/www.camaeleon.org\\\/en\\\/\",\"name\":\"Cam\u00e4l\u00e9on\",\"description\":\"The online student magazine by Deutsch-Franz\u00f6sisches Gymnasium Saarbr\u00fccken\",\"publisher\":{\"@id\":\"https:\\\/\\\/www.camaeleon.org\\\/en\\\/#organization\"},\"potentialAction\":[{\"@type\":\"SearchAction\",\"target\":{\"@type\":\"EntryPoint\",\"urlTemplate\":\"https:\\\/\\\/www.camaeleon.org\\\/en\\\/?s={search_term_string}\"},\"query-input\":{\"@type\":\"PropertyValueSpecification\",\"valueRequired\":true,\"valueName\":\"search_term_string\"}}],\"inLanguage\":\"en-US\"},{\"@type\":\"Organization\",\"@id\":\"https:\\\/\\\/www.camaeleon.org\\\/en\\\/#organization\",\"name\":\"Cam\u00e4l\u00e9on\",\"url\":\"https:\\\/\\\/www.camaeleon.org\\\/en\\\/\",\"logo\":{\"@type\":\"ImageObject\",\"inLanguage\":\"en-US\",\"@id\":\"https:\\\/\\\/www.camaeleon.org\\\/en\\\/#\\\/schema\\\/logo\\\/image\\\/\",\"url\":\"https:\\\/\\\/www.camaeleon.org\\\/wp-content\\\/uploads\\\/2011\\\/11\\\/CAM\u00c4LEON.jpg\",\"contentUrl\":\"https:\\\/\\\/www.camaeleon.org\\\/wp-content\\\/uploads\\\/2011\\\/11\\\/CAM\u00c4LEON.jpg\",\"width\":959,\"height\":959,\"caption\":\"Cam\u00e4l\u00e9on\"},\"image\":{\"@id\":\"https:\\\/\\\/www.camaeleon.org\\\/en\\\/#\\\/schema\\\/logo\\\/image\\\/\"},\"sameAs\":[\"https:\\\/\\\/www.facebook.com\\\/camaeleon.org\\\/\",\"https:\\\/\\\/x.com\\\/camaeleonOrg\",\"https:\\\/\\\/www.instagram.com\\\/camaeleon.dfg\\\/\",\"https:\\\/\\\/www.youtube.com\\\/channel\\\/UCl3TAUDdGuu_c7CD6ax6hYg\"]},{\"@type\":\"Person\",\"@id\":\"https:\\\/\\\/www.camaeleon.org\\\/de\\\/#\\\/schema\\\/person\\\/fd8c1aeca6bb16aaea95789c42beea50\",\"name\":\"Yann Fahs\",\"image\":{\"@type\":\"ImageObject\",\"inLanguage\":\"en-US\",\"@id\":\"https:\\\/\\\/www.camaeleon.org\\\/en\\\/wp-content\\\/uploads\\\/2019\\\/11\\\/Fahs.jpg6f9f404ddd4c73498333c92496de9fc5\",\"url\":\"https:\\\/\\\/www.camaeleon.org\\\/wp-content\\\/uploads\\\/2019\\\/11\\\/Fahs.jpg\",\"contentUrl\":\"https:\\\/\\\/www.camaeleon.org\\\/wp-content\\\/uploads\\\/2019\\\/11\\\/Fahs.jpg\",\"caption\":\"Yann Fahs\"},\"url\":\"https:\\\/\\\/www.camaeleon.org\\\/en\\\/author\\\/yann-fahs\\\/\"}]}<\/script>\n<!-- \/ Yoast SEO plugin. -->","yoast_head_json":{"title":"Fronti\u00e8res: \u00e0 quand la r\u00e9ouverture compl\u00e8te? - Cam\u00e4l\u00e9on","description":"Le d\u00e9confinement a commenc\u00e9 dans nos deux pays. Mais qu'en est-il des fronti\u00e8res?","robots":{"index":"index","follow":"follow","max-snippet":"max-snippet:-1","max-image-preview":"max-image-preview:large","max-video-preview":"max-video-preview:-1"},"canonical":"https:\/\/www.camaeleon.org\/en\/2020\/05\/11\/fontieres-a-quand-la-reouverture-complete\/","og_locale":"en_US","og_type":"article","og_title":"Fronti\u00e8res: \u00e0 quand la r\u00e9ouverture compl\u00e8te? - Cam\u00e4l\u00e9on","og_description":"Le d\u00e9confinement a commenc\u00e9 dans nos deux pays. Mais qu'en est-il des fronti\u00e8res?","og_url":"https:\/\/www.camaeleon.org\/en\/2020\/05\/11\/fontieres-a-quand-la-reouverture-complete\/","og_site_name":"Cam\u00e4l\u00e9on","article_publisher":"https:\/\/www.facebook.com\/camaeleon.org\/","article_published_time":"2020-05-11T06:34:59+00:00","article_modified_time":"2020-12-23T11:19:12+00:00","og_image":[{"width":1000,"height":1000,"url":"https:\/\/www.camaeleon.org\/wp-content\/uploads\/2020\/05\/stop-sign-35069_1280.png","type":"image\/png"}],"author":"Yann Fahs","twitter_card":"summary_large_image","twitter_creator":"@camaeleonOrg","twitter_site":"@camaeleonOrg","schema":{"@context":"https:\/\/schema.org","@graph":[{"@type":"Article","@id":"https:\/\/www.camaeleon.org\/de\/2020\/05\/11\/fontieres-a-quand-la-reouverture-complete\/#article","isPartOf":{"@id":"https:\/\/www.camaeleon.org\/de\/2020\/05\/11\/fontieres-a-quand-la-reouverture-complete\/"},"author":{"name":"Yann Fahs","@id":"https:\/\/www.camaeleon.org\/de\/#\/schema\/person\/fd8c1aeca6bb16aaea95789c42beea50"},"headline":"Fronti\u00e8res: \u00e0 quand la r\u00e9ouverture compl\u00e8te?","datePublished":"2020-05-11T06:34:59+00:00","dateModified":"2020-12-23T11:19:12+00:00","mainEntityOfPage":{"@id":"https:\/\/www.camaeleon.org\/de\/2020\/05\/11\/fontieres-a-quand-la-reouverture-complete\/"},"wordCount":221,"commentCount":0,"publisher":{"@id":"https:\/\/www.camaeleon.org\/de\/#organization"},"image":{"@id":"https:\/\/www.camaeleon.org\/de\/2020\/05\/11\/fontieres-a-quand-la-reouverture-complete\/#primaryimage"},"thumbnailUrl":"https:\/\/www.camaeleon.org\/wp-content\/uploads\/2020\/05\/stop-sign-35069_1280.png","keywords":["COVID-19","deutsch-franz\u00f6sisch","fronti\u00e8res","Grenzen"],"articleSection":["Corona crisis"],"inLanguage":"en-US","potentialAction":[{"@type":"CommentAction","name":"Comment","target":["https:\/\/www.camaeleon.org\/de\/2020\/05\/11\/fontieres-a-quand-la-reouverture-complete\/#respond"]}]},{"@type":"WebPage","@id":"https:\/\/www.camaeleon.org\/en\/2020\/05\/11\/fontieres-a-quand-la-reouverture-complete\/","url":"https:\/\/www.camaeleon.org\/en\/2020\/05\/11\/fontieres-a-quand-la-reouverture-complete\/","name":"Fronti\u00e8res: \u00e0 quand la r\u00e9ouverture compl\u00e8te? - Cam\u00e4l\u00e9on","isPartOf":{"@id":"https:\/\/www.camaeleon.org\/en\/#website"},"primaryImageOfPage":{"@id":"https:\/\/www.camaeleon.org\/en\/2020\/05\/11\/fontieres-a-quand-la-reouverture-complete\/#primaryimage"},"image":{"@id":"https:\/\/www.camaeleon.org\/de\/2020\/05\/11\/fontieres-a-quand-la-reouverture-complete\/#primaryimage"},"thumbnailUrl":"https:\/\/www.camaeleon.org\/wp-content\/uploads\/2020\/05\/stop-sign-35069_1280.png","datePublished":"2020-05-11T06:34:59+00:00","dateModified":"2020-12-23T11:19:12+00:00","description":"Le d\u00e9confinement a commenc\u00e9 dans nos deux pays. Mais qu'en est-il des fronti\u00e8res?","breadcrumb":{"@id":"https:\/\/www.camaeleon.org\/en\/2020\/05\/11\/fontieres-a-quand-la-reouverture-complete\/#breadcrumb"},"inLanguage":"en-US","potentialAction":[{"@type":"ReadAction","target":[["https:\/\/www.camaeleon.org\/en\/2020\/05\/11\/fontieres-a-quand-la-reouverture-complete\/"]]}]},{"@type":"ImageObject","inLanguage":"en-US","@id":"https:\/\/www.camaeleon.org\/en\/2020\/05\/11\/fontieres-a-quand-la-reouverture-complete\/#primaryimage","url":"https:\/\/www.camaeleon.org\/wp-content\/uploads\/2020\/05\/stop-sign-35069_1280.png","contentUrl":"https:\/\/www.camaeleon.org\/wp-content\/uploads\/2020\/05\/stop-sign-35069_1280.png","width":"1000","height":"1000","caption":"Stop - Source: Clker-Free-Vector-Images (Pixabay)"},{"@type":"BreadcrumbList","@id":"https:\/\/www.camaeleon.org\/en\/2020\/05\/11\/fontieres-a-quand-la-reouverture-complete\/#breadcrumb","itemListElement":[{"@type":"ListItem","position":1,"name":"Home","item":"https:\/\/www.camaeleon.org\/en\/"},{"@type":"ListItem","position":2,"name":"Fronti\u00e8res: \u00e0 quand la r\u00e9ouverture compl\u00e8te?"}]},{"@type":"WebSite","@id":"https:\/\/www.camaeleon.org\/en\/#website","url":"https:\/\/www.camaeleon.org\/en\/","name":"Cam\u00e4l\u00e9on","description":"The online student magazine by Deutsch-Franz\u00f6sisches Gymnasium Saarbr\u00fccken","publisher":{"@id":"https:\/\/www.camaeleon.org\/en\/#organization"},"potentialAction":[{"@type":"SearchAction","target":{"@type":"EntryPoint","urlTemplate":"https:\/\/www.camaeleon.org\/en\/?s={search_term_string}"},"query-input":{"@type":"PropertyValueSpecification","valueRequired":true,"valueName":"search_term_string"}}],"inLanguage":"en-US"},{"@type":"Organization","@id":"https:\/\/www.camaeleon.org\/en\/#organization","name":"Cam\u00e4l\u00e9on","url":"https:\/\/www.camaeleon.org\/en\/","logo":{"@type":"ImageObject","inLanguage":"en-US","@id":"https:\/\/www.camaeleon.org\/en\/#\/schema\/logo\/image\/","url":"https:\/\/www.camaeleon.org\/wp-content\/uploads\/2011\/11\/CAM\u00c4LEON.jpg","contentUrl":"https:\/\/www.camaeleon.org\/wp-content\/uploads\/2011\/11\/CAM\u00c4LEON.jpg","width":959,"height":959,"caption":"Cam\u00e4l\u00e9on"},"image":{"@id":"https:\/\/www.camaeleon.org\/en\/#\/schema\/logo\/image\/"},"sameAs":["https:\/\/www.facebook.com\/camaeleon.org\/","https:\/\/x.com\/camaeleonOrg","https:\/\/www.instagram.com\/camaeleon.dfg\/","https:\/\/www.youtube.com\/channel\/UCl3TAUDdGuu_c7CD6ax6hYg"]},{"@type":"Person","@id":"https:\/\/www.camaeleon.org\/de\/#\/schema\/person\/fd8c1aeca6bb16aaea95789c42beea50","name":"Yann Fahs","image":{"@type":"ImageObject","inLanguage":"en-US","@id":"https:\/\/www.camaeleon.org\/en\/wp-content\/uploads\/2019\/11\/Fahs.jpg6f9f404ddd4c73498333c92496de9fc5","url":"https:\/\/www.camaeleon.org\/wp-content\/uploads\/2019\/11\/Fahs.jpg","contentUrl":"https:\/\/www.camaeleon.org\/wp-content\/uploads\/2019\/11\/Fahs.jpg","caption":"Yann Fahs"},"url":"https:\/\/www.camaeleon.org\/en\/author\/yann-fahs\/"}]}},"_links":{"self":[{"href":"https:\/\/www.camaeleon.org\/en\/wp-json\/wp\/v2\/posts\/21516","targetHints":{"allow":["GET"]}}],"collection":[{"href":"https:\/\/www.camaeleon.org\/en\/wp-json\/wp\/v2\/posts"}],"about":[{"href":"https:\/\/www.camaeleon.org\/en\/wp-json\/wp\/v2\/types\/post"}],"author":[{"embeddable":true,"href":"https:\/\/www.camaeleon.org\/en\/wp-json\/wp\/v2\/users\/135"}],"replies":[{"embeddable":true,"href":"https:\/\/www.camaeleon.org\/en\/wp-json\/wp\/v2\/comments?post=21516"}],"version-history":[{"count":0,"href":"https:\/\/www.camaeleon.org\/en\/wp-json\/wp\/v2\/posts\/21516\/revisions"}],"wp:featuredmedia":[{"embeddable":true,"href":"https:\/\/www.camaeleon.org\/en\/wp-json\/wp\/v2\/media\/21548"}],"wp:attachment":[{"href":"https:\/\/www.camaeleon.org\/en\/wp-json\/wp\/v2\/media?parent=21516"}],"wp:term":[{"taxonomy":"category","embeddable":true,"href":"https:\/\/www.camaeleon.org\/en\/wp-json\/wp\/v2\/categories?post=21516"},{"taxonomy":"post_tag","embeddable":true,"href":"https:\/\/www.camaeleon.org\/en\/wp-json\/wp\/v2\/tags?post=21516"},{"taxonomy":"author","embeddable":true,"href":"https:\/\/www.camaeleon.org\/en\/wp-json\/wp\/v2\/coauthors?post=21516"}],"curies":[{"name":"wp","href":"https:\/\/api.w.org\/{rel}","templated":true}]}}