{"id":18819,"date":"2019-05-17T21:39:47","date_gmt":"2019-05-17T19:39:47","guid":{"rendered":"https:\/\/www.camaeleon.org\/?p=18819"},"modified":"2020-12-23T12:49:36","modified_gmt":"2020-12-23T11:49:36","slug":"le-mot-euh-non-le-nom-de-la-semaine-mme-krieger","status":"publish","type":"post","link":"https:\/\/www.camaeleon.org\/en\/2019\/05\/17\/le-mot-euh-non-le-nom-de-la-semaine-mme-krieger\/","title":{"rendered":"Le mot&#8230; euh non, le nom de la semaine : Madame Krieger"},"content":{"rendered":"<figure id=\"attachment_18857\" aria-describedby=\"caption-attachment-18857\" style=\"width: 150px\" class=\"wp-caption alignleft\"><img loading=\"lazy\" decoding=\"async\" class=\"size-thumbnail wp-image-18857\" src=\"https:\/\/www.camaeleon.org\/wp-content\/uploads\/2019\/05\/Mme-Krieger-2-150x150.jpg\" alt=\"\" width=\"150\" height=\"150\" srcset=\"https:\/\/www.camaeleon.org\/wp-content\/uploads\/2019\/05\/Mme-Krieger-2-150x150.jpg 150w, https:\/\/www.camaeleon.org\/wp-content\/uploads\/2019\/05\/Mme-Krieger-2-90x90.jpg 90w, https:\/\/www.camaeleon.org\/wp-content\/uploads\/2019\/05\/Mme-Krieger-2-75x75.jpg 75w\" sizes=\"auto, (max-width: 150px) 100vw, 150px\" \/><figcaption id=\"caption-attachment-18857\" class=\"wp-caption-text\">Mme Krieger. Photo de JK<\/figcaption><\/figure>\n<p>&#8220;L&#8217;autruche, un jour, dit au moineau, en le regardant de tr\u00e8s haut&#8230;&#8221;<\/p>\n<p>&#8220;D\u00e8s le matin, j&#8217;ai regard\u00e9, j&#8217;ai regard\u00e9 par la fen\u00eatre&#8230;&#8221;<\/p>\n<p>&#8220;Mais monsieur, sa tristesse&#8230;&#8221;<\/p>\n<p>&#8220;Au voleur ! Au voleur ! A l&#8217;assassin ! Au meurtrier !&#8230;&#8221;<\/p>\n<p>\u00c7a ne vous rappelle rien, ces phrases tir\u00e9es de po\u00e8mes et de pi\u00e8ces de th\u00e9\u00e2tre ? Qui est la professeure passionn\u00e9e de th\u00e9\u00e2tre, qui fait jouer des sayn\u00e8tes \u00e0 ses \u00e9l\u00e8ves et qui est revenue avec une nouvelle coiffure \u00e9clatante ? Vous l&#8217;avez devin\u00e9 ? C&#8217;est madame Krieger! Apr\u00e8s une longue absense, elle est de nouveau parmi nous. Nous lui souhaitons tous un bon retour et qu&#8217;elle continue \u00e0 transmettre sa passion \u00e0 ses futurs \u00e9l\u00e8ves !<\/p>\n<p>&nbsp;<\/p>\n","protected":false},"excerpt":{"rendered":"<p>&#8220;L&#8217;autruche, un jour, dit au moineau, en le regardant de tr\u00e8s haut&#8230;&#8221; &#8220;D\u00e8s le matin, j&#8217;ai regard\u00e9, j&#8217;ai regard\u00e9 par la fen\u00eatre&#8230;&#8221; &#8220;Mais monsieur, sa<\/p>\n","protected":false},"author":123,"featured_media":18860,"comment_status":"open","ping_status":"closed","sticky":false,"template":"","format":"standard","meta":{"colormag_page_container_layout":"default_layout","colormag_page_sidebar_layout":"default_layout","footnotes":""},"categories":[3,864],"tags":[1069,1070],"coauthors":[749],"class_list":["post-18819","post","type-post","status-publish","format-standard","has-post-thumbnail","hentry","category-ecole","category-le-mot-de-la-semaine","tag-frau-krieger","tag-madame-krieger"],"yoast_head":"<!-- This site is optimized with the Yoast SEO plugin v27.5 - https:\/\/yoast.com\/product\/yoast-seo-wordpress\/ -->\n<title>Le mot... euh non, le nom de la semaine : Madame Krieger - Cam\u00e4l\u00e9on<\/title>\n<meta name=\"description\" content=\"Qui est la professeure passionn\u00e9e de th\u00e9\u00e2tre, qui fait jouer des sayn\u00e8tes \u00e0 ses \u00e9l\u00e8ves et qui est revenue avec une nouvelle coiffure \u00e9clatante ? C&#039;est madame Krieger!\" \/>\n<meta name=\"robots\" content=\"index, follow, max-snippet:-1, max-image-preview:large, max-video-preview:-1\" \/>\n<link rel=\"canonical\" href=\"https:\/\/www.camaeleon.org\/en\/2019\/05\/17\/le-mot-euh-non-le-nom-de-la-semaine-mme-krieger\/\" \/>\n<meta property=\"og:locale\" content=\"en_US\" \/>\n<meta property=\"og:type\" content=\"article\" \/>\n<meta property=\"og:title\" content=\"Le mot... euh non, le nom de la semaine : Madame Krieger - Cam\u00e4l\u00e9on\" \/>\n<meta property=\"og:description\" content=\"Qui est la professeure passionn\u00e9e de th\u00e9\u00e2tre, qui fait jouer des sayn\u00e8tes \u00e0 ses \u00e9l\u00e8ves et qui est revenue avec une nouvelle coiffure \u00e9clatante ? C&#039;est madame Krieger!\" \/>\n<meta property=\"og:url\" content=\"https:\/\/www.camaeleon.org\/en\/2019\/05\/17\/le-mot-euh-non-le-nom-de-la-semaine-mme-krieger\/\" \/>\n<meta property=\"og:site_name\" content=\"Cam\u00e4l\u00e9on\" \/>\n<meta property=\"article:publisher\" content=\"https:\/\/www.facebook.com\/camaeleon.org\/\" \/>\n<meta property=\"article:published_time\" content=\"2019-05-17T19:39:47+00:00\" \/>\n<meta property=\"article:modified_time\" content=\"2020-12-23T11:49:36+00:00\" \/>\n<meta property=\"og:image\" content=\"https:\/\/www.camaeleon.org\/wp-content\/uploads\/2019\/05\/Mme-Krieger-3.jpg\" \/>\n\t<meta property=\"og:image:width\" content=\"685\" \/>\n\t<meta property=\"og:image:height\" content=\"272\" \/>\n\t<meta property=\"og:image:type\" content=\"image\/jpeg\" \/>\n<meta name=\"author\" content=\"L\u00e9o Rohr\" \/>\n<meta name=\"twitter:card\" content=\"summary_large_image\" \/>\n<meta name=\"twitter:creator\" content=\"@camaeleonOrg\" \/>\n<meta name=\"twitter:site\" content=\"@camaeleonOrg\" \/>\n<script type=\"application\/ld+json\" class=\"yoast-schema-graph\">{\"@context\":\"https:\\\/\\\/schema.org\",\"@graph\":[{\"@type\":\"Article\",\"@id\":\"https:\\\/\\\/www.camaeleon.org\\\/de\\\/2019\\\/05\\\/17\\\/le-mot-euh-non-le-nom-de-la-semaine-mme-krieger\\\/#article\",\"isPartOf\":{\"@id\":\"https:\\\/\\\/www.camaeleon.org\\\/de\\\/2019\\\/05\\\/17\\\/le-mot-euh-non-le-nom-de-la-semaine-mme-krieger\\\/\"},\"author\":{\"name\":\"L\u00e9o Rohr\",\"@id\":\"https:\\\/\\\/www.camaeleon.org\\\/de\\\/#\\\/schema\\\/person\\\/a8296d4167c3cb5a10c2d18373dde8f8\"},\"headline\":\"Le mot&#8230; euh non, le nom de la semaine : Madame Krieger\",\"datePublished\":\"2019-05-17T19:39:47+00:00\",\"dateModified\":\"2020-12-23T11:49:36+00:00\",\"mainEntityOfPage\":{\"@id\":\"https:\\\/\\\/www.camaeleon.org\\\/de\\\/2019\\\/05\\\/17\\\/le-mot-euh-non-le-nom-de-la-semaine-mme-krieger\\\/\"},\"wordCount\":148,\"commentCount\":0,\"publisher\":{\"@id\":\"https:\\\/\\\/www.camaeleon.org\\\/de\\\/#organization\"},\"image\":{\"@id\":\"https:\\\/\\\/www.camaeleon.org\\\/de\\\/2019\\\/05\\\/17\\\/le-mot-euh-non-le-nom-de-la-semaine-mme-krieger\\\/#primaryimage\"},\"thumbnailUrl\":\"https:\\\/\\\/www.camaeleon.org\\\/wp-content\\\/uploads\\\/2019\\\/05\\\/Mme-Krieger-3.jpg\",\"keywords\":[\"Frau Krieger\",\"Madame Krieger\"],\"articleSection\":[\"School\",\"Word of the Week\"],\"inLanguage\":\"en-US\",\"potentialAction\":[{\"@type\":\"CommentAction\",\"name\":\"Comment\",\"target\":[\"https:\\\/\\\/www.camaeleon.org\\\/de\\\/2019\\\/05\\\/17\\\/le-mot-euh-non-le-nom-de-la-semaine-mme-krieger\\\/#respond\"]}]},{\"@type\":\"WebPage\",\"@id\":\"https:\\\/\\\/www.camaeleon.org\\\/en\\\/2019\\\/05\\\/17\\\/le-mot-euh-non-le-nom-de-la-semaine-mme-krieger\\\/\",\"url\":\"https:\\\/\\\/www.camaeleon.org\\\/en\\\/2019\\\/05\\\/17\\\/le-mot-euh-non-le-nom-de-la-semaine-mme-krieger\\\/\",\"name\":\"Le mot... euh non, le nom de la semaine : Madame Krieger - Cam\u00e4l\u00e9on\",\"isPartOf\":{\"@id\":\"https:\\\/\\\/www.camaeleon.org\\\/en\\\/#website\"},\"primaryImageOfPage\":{\"@id\":\"https:\\\/\\\/www.camaeleon.org\\\/en\\\/2019\\\/05\\\/17\\\/le-mot-euh-non-le-nom-de-la-semaine-mme-krieger\\\/#primaryimage\"},\"image\":{\"@id\":\"https:\\\/\\\/www.camaeleon.org\\\/de\\\/2019\\\/05\\\/17\\\/le-mot-euh-non-le-nom-de-la-semaine-mme-krieger\\\/#primaryimage\"},\"thumbnailUrl\":\"https:\\\/\\\/www.camaeleon.org\\\/wp-content\\\/uploads\\\/2019\\\/05\\\/Mme-Krieger-3.jpg\",\"datePublished\":\"2019-05-17T19:39:47+00:00\",\"dateModified\":\"2020-12-23T11:49:36+00:00\",\"description\":\"Qui est la professeure passionn\u00e9e de th\u00e9\u00e2tre, qui fait jouer des sayn\u00e8tes \u00e0 ses \u00e9l\u00e8ves et qui est revenue avec une nouvelle coiffure \u00e9clatante ? C'est madame Krieger!\",\"breadcrumb\":{\"@id\":\"https:\\\/\\\/www.camaeleon.org\\\/en\\\/2019\\\/05\\\/17\\\/le-mot-euh-non-le-nom-de-la-semaine-mme-krieger\\\/#breadcrumb\"},\"inLanguage\":\"en-US\",\"potentialAction\":[{\"@type\":\"ReadAction\",\"target\":[[\"https:\\\/\\\/www.camaeleon.org\\\/en\\\/2019\\\/05\\\/17\\\/le-mot-euh-non-le-nom-de-la-semaine-mme-krieger\\\/\"]]}]},{\"@type\":\"ImageObject\",\"inLanguage\":\"en-US\",\"@id\":\"https:\\\/\\\/www.camaeleon.org\\\/en\\\/2019\\\/05\\\/17\\\/le-mot-euh-non-le-nom-de-la-semaine-mme-krieger\\\/#primaryimage\",\"url\":\"https:\\\/\\\/www.camaeleon.org\\\/wp-content\\\/uploads\\\/2019\\\/05\\\/Mme-Krieger-3.jpg\",\"contentUrl\":\"https:\\\/\\\/www.camaeleon.org\\\/wp-content\\\/uploads\\\/2019\\\/05\\\/Mme-Krieger-3.jpg\",\"width\":685,\"height\":272,\"caption\":\"Mme Krieger\"},{\"@type\":\"BreadcrumbList\",\"@id\":\"https:\\\/\\\/www.camaeleon.org\\\/en\\\/2019\\\/05\\\/17\\\/le-mot-euh-non-le-nom-de-la-semaine-mme-krieger\\\/#breadcrumb\",\"itemListElement\":[{\"@type\":\"ListItem\",\"position\":1,\"name\":\"Home\",\"item\":\"https:\\\/\\\/www.camaeleon.org\\\/en\\\/\"},{\"@type\":\"ListItem\",\"position\":2,\"name\":\"Le mot&#8230; euh non, le nom de la semaine : Madame Krieger\"}]},{\"@type\":\"WebSite\",\"@id\":\"https:\\\/\\\/www.camaeleon.org\\\/en\\\/#website\",\"url\":\"https:\\\/\\\/www.camaeleon.org\\\/en\\\/\",\"name\":\"Cam\u00e4l\u00e9on\",\"description\":\"The online student magazine by Deutsch-Franz\u00f6sisches Gymnasium Saarbr\u00fccken\",\"publisher\":{\"@id\":\"https:\\\/\\\/www.camaeleon.org\\\/en\\\/#organization\"},\"potentialAction\":[{\"@type\":\"SearchAction\",\"target\":{\"@type\":\"EntryPoint\",\"urlTemplate\":\"https:\\\/\\\/www.camaeleon.org\\\/en\\\/?s={search_term_string}\"},\"query-input\":{\"@type\":\"PropertyValueSpecification\",\"valueRequired\":true,\"valueName\":\"search_term_string\"}}],\"inLanguage\":\"en-US\"},{\"@type\":\"Organization\",\"@id\":\"https:\\\/\\\/www.camaeleon.org\\\/en\\\/#organization\",\"name\":\"Cam\u00e4l\u00e9on\",\"url\":\"https:\\\/\\\/www.camaeleon.org\\\/en\\\/\",\"logo\":{\"@type\":\"ImageObject\",\"inLanguage\":\"en-US\",\"@id\":\"https:\\\/\\\/www.camaeleon.org\\\/en\\\/#\\\/schema\\\/logo\\\/image\\\/\",\"url\":\"https:\\\/\\\/www.camaeleon.org\\\/wp-content\\\/uploads\\\/2011\\\/11\\\/CAM\u00c4LEON.jpg\",\"contentUrl\":\"https:\\\/\\\/www.camaeleon.org\\\/wp-content\\\/uploads\\\/2011\\\/11\\\/CAM\u00c4LEON.jpg\",\"width\":959,\"height\":959,\"caption\":\"Cam\u00e4l\u00e9on\"},\"image\":{\"@id\":\"https:\\\/\\\/www.camaeleon.org\\\/en\\\/#\\\/schema\\\/logo\\\/image\\\/\"},\"sameAs\":[\"https:\\\/\\\/www.facebook.com\\\/camaeleon.org\\\/\",\"https:\\\/\\\/x.com\\\/camaeleonOrg\",\"https:\\\/\\\/www.instagram.com\\\/camaeleon.dfg\\\/\",\"https:\\\/\\\/www.youtube.com\\\/channel\\\/UCl3TAUDdGuu_c7CD6ax6hYg\"]},{\"@type\":\"Person\",\"@id\":\"https:\\\/\\\/www.camaeleon.org\\\/de\\\/#\\\/schema\\\/person\\\/a8296d4167c3cb5a10c2d18373dde8f8\",\"name\":\"L\u00e9o Rohr\",\"image\":{\"@type\":\"ImageObject\",\"inLanguage\":\"en-US\",\"@id\":\"https:\\\/\\\/www.camaeleon.org\\\/en\\\/wp-content\\\/uploads\\\/2011\\\/07\\\/leo-120x120.jpg23bbff77f853cfd5d448b2e2ac7a88d4\",\"url\":\"https:\\\/\\\/www.camaeleon.org\\\/wp-content\\\/uploads\\\/2011\\\/07\\\/leo-120x120.jpg\",\"contentUrl\":\"https:\\\/\\\/www.camaeleon.org\\\/wp-content\\\/uploads\\\/2011\\\/07\\\/leo-120x120.jpg\",\"caption\":\"L\u00e9o Rohr\"},\"url\":\"https:\\\/\\\/www.camaeleon.org\\\/en\\\/author\\\/leo-rohr\\\/\"}]}<\/script>\n<!-- \/ Yoast SEO plugin. -->","yoast_head_json":{"title":"Le mot... euh non, le nom de la semaine : Madame Krieger - Cam\u00e4l\u00e9on","description":"Qui est la professeure passionn\u00e9e de th\u00e9\u00e2tre, qui fait jouer des sayn\u00e8tes \u00e0 ses \u00e9l\u00e8ves et qui est revenue avec une nouvelle coiffure \u00e9clatante ? C'est madame Krieger!","robots":{"index":"index","follow":"follow","max-snippet":"max-snippet:-1","max-image-preview":"max-image-preview:large","max-video-preview":"max-video-preview:-1"},"canonical":"https:\/\/www.camaeleon.org\/en\/2019\/05\/17\/le-mot-euh-non-le-nom-de-la-semaine-mme-krieger\/","og_locale":"en_US","og_type":"article","og_title":"Le mot... euh non, le nom de la semaine : Madame Krieger - Cam\u00e4l\u00e9on","og_description":"Qui est la professeure passionn\u00e9e de th\u00e9\u00e2tre, qui fait jouer des sayn\u00e8tes \u00e0 ses \u00e9l\u00e8ves et qui est revenue avec une nouvelle coiffure \u00e9clatante ? C'est madame Krieger!","og_url":"https:\/\/www.camaeleon.org\/en\/2019\/05\/17\/le-mot-euh-non-le-nom-de-la-semaine-mme-krieger\/","og_site_name":"Cam\u00e4l\u00e9on","article_publisher":"https:\/\/www.facebook.com\/camaeleon.org\/","article_published_time":"2019-05-17T19:39:47+00:00","article_modified_time":"2020-12-23T11:49:36+00:00","og_image":[{"width":685,"height":272,"url":"https:\/\/www.camaeleon.org\/wp-content\/uploads\/2019\/05\/Mme-Krieger-3.jpg","type":"image\/jpeg"}],"author":"L\u00e9o Rohr","twitter_card":"summary_large_image","twitter_creator":"@camaeleonOrg","twitter_site":"@camaeleonOrg","schema":{"@context":"https:\/\/schema.org","@graph":[{"@type":"Article","@id":"https:\/\/www.camaeleon.org\/de\/2019\/05\/17\/le-mot-euh-non-le-nom-de-la-semaine-mme-krieger\/#article","isPartOf":{"@id":"https:\/\/www.camaeleon.org\/de\/2019\/05\/17\/le-mot-euh-non-le-nom-de-la-semaine-mme-krieger\/"},"author":{"name":"L\u00e9o Rohr","@id":"https:\/\/www.camaeleon.org\/de\/#\/schema\/person\/a8296d4167c3cb5a10c2d18373dde8f8"},"headline":"Le mot&#8230; euh non, le nom de la semaine : Madame Krieger","datePublished":"2019-05-17T19:39:47+00:00","dateModified":"2020-12-23T11:49:36+00:00","mainEntityOfPage":{"@id":"https:\/\/www.camaeleon.org\/de\/2019\/05\/17\/le-mot-euh-non-le-nom-de-la-semaine-mme-krieger\/"},"wordCount":148,"commentCount":0,"publisher":{"@id":"https:\/\/www.camaeleon.org\/de\/#organization"},"image":{"@id":"https:\/\/www.camaeleon.org\/de\/2019\/05\/17\/le-mot-euh-non-le-nom-de-la-semaine-mme-krieger\/#primaryimage"},"thumbnailUrl":"https:\/\/www.camaeleon.org\/wp-content\/uploads\/2019\/05\/Mme-Krieger-3.jpg","keywords":["Frau Krieger","Madame Krieger"],"articleSection":["School","Word of the Week"],"inLanguage":"en-US","potentialAction":[{"@type":"CommentAction","name":"Comment","target":["https:\/\/www.camaeleon.org\/de\/2019\/05\/17\/le-mot-euh-non-le-nom-de-la-semaine-mme-krieger\/#respond"]}]},{"@type":"WebPage","@id":"https:\/\/www.camaeleon.org\/en\/2019\/05\/17\/le-mot-euh-non-le-nom-de-la-semaine-mme-krieger\/","url":"https:\/\/www.camaeleon.org\/en\/2019\/05\/17\/le-mot-euh-non-le-nom-de-la-semaine-mme-krieger\/","name":"Le mot... euh non, le nom de la semaine : Madame Krieger - Cam\u00e4l\u00e9on","isPartOf":{"@id":"https:\/\/www.camaeleon.org\/en\/#website"},"primaryImageOfPage":{"@id":"https:\/\/www.camaeleon.org\/en\/2019\/05\/17\/le-mot-euh-non-le-nom-de-la-semaine-mme-krieger\/#primaryimage"},"image":{"@id":"https:\/\/www.camaeleon.org\/de\/2019\/05\/17\/le-mot-euh-non-le-nom-de-la-semaine-mme-krieger\/#primaryimage"},"thumbnailUrl":"https:\/\/www.camaeleon.org\/wp-content\/uploads\/2019\/05\/Mme-Krieger-3.jpg","datePublished":"2019-05-17T19:39:47+00:00","dateModified":"2020-12-23T11:49:36+00:00","description":"Qui est la professeure passionn\u00e9e de th\u00e9\u00e2tre, qui fait jouer des sayn\u00e8tes \u00e0 ses \u00e9l\u00e8ves et qui est revenue avec une nouvelle coiffure \u00e9clatante ? C'est madame Krieger!","breadcrumb":{"@id":"https:\/\/www.camaeleon.org\/en\/2019\/05\/17\/le-mot-euh-non-le-nom-de-la-semaine-mme-krieger\/#breadcrumb"},"inLanguage":"en-US","potentialAction":[{"@type":"ReadAction","target":[["https:\/\/www.camaeleon.org\/en\/2019\/05\/17\/le-mot-euh-non-le-nom-de-la-semaine-mme-krieger\/"]]}]},{"@type":"ImageObject","inLanguage":"en-US","@id":"https:\/\/www.camaeleon.org\/en\/2019\/05\/17\/le-mot-euh-non-le-nom-de-la-semaine-mme-krieger\/#primaryimage","url":"https:\/\/www.camaeleon.org\/wp-content\/uploads\/2019\/05\/Mme-Krieger-3.jpg","contentUrl":"https:\/\/www.camaeleon.org\/wp-content\/uploads\/2019\/05\/Mme-Krieger-3.jpg","width":685,"height":272,"caption":"Mme Krieger"},{"@type":"BreadcrumbList","@id":"https:\/\/www.camaeleon.org\/en\/2019\/05\/17\/le-mot-euh-non-le-nom-de-la-semaine-mme-krieger\/#breadcrumb","itemListElement":[{"@type":"ListItem","position":1,"name":"Home","item":"https:\/\/www.camaeleon.org\/en\/"},{"@type":"ListItem","position":2,"name":"Le mot&#8230; euh non, le nom de la semaine : Madame Krieger"}]},{"@type":"WebSite","@id":"https:\/\/www.camaeleon.org\/en\/#website","url":"https:\/\/www.camaeleon.org\/en\/","name":"Cam\u00e4l\u00e9on","description":"The online student magazine by Deutsch-Franz\u00f6sisches Gymnasium Saarbr\u00fccken","publisher":{"@id":"https:\/\/www.camaeleon.org\/en\/#organization"},"potentialAction":[{"@type":"SearchAction","target":{"@type":"EntryPoint","urlTemplate":"https:\/\/www.camaeleon.org\/en\/?s={search_term_string}"},"query-input":{"@type":"PropertyValueSpecification","valueRequired":true,"valueName":"search_term_string"}}],"inLanguage":"en-US"},{"@type":"Organization","@id":"https:\/\/www.camaeleon.org\/en\/#organization","name":"Cam\u00e4l\u00e9on","url":"https:\/\/www.camaeleon.org\/en\/","logo":{"@type":"ImageObject","inLanguage":"en-US","@id":"https:\/\/www.camaeleon.org\/en\/#\/schema\/logo\/image\/","url":"https:\/\/www.camaeleon.org\/wp-content\/uploads\/2011\/11\/CAM\u00c4LEON.jpg","contentUrl":"https:\/\/www.camaeleon.org\/wp-content\/uploads\/2011\/11\/CAM\u00c4LEON.jpg","width":959,"height":959,"caption":"Cam\u00e4l\u00e9on"},"image":{"@id":"https:\/\/www.camaeleon.org\/en\/#\/schema\/logo\/image\/"},"sameAs":["https:\/\/www.facebook.com\/camaeleon.org\/","https:\/\/x.com\/camaeleonOrg","https:\/\/www.instagram.com\/camaeleon.dfg\/","https:\/\/www.youtube.com\/channel\/UCl3TAUDdGuu_c7CD6ax6hYg"]},{"@type":"Person","@id":"https:\/\/www.camaeleon.org\/de\/#\/schema\/person\/a8296d4167c3cb5a10c2d18373dde8f8","name":"L\u00e9o Rohr","image":{"@type":"ImageObject","inLanguage":"en-US","@id":"https:\/\/www.camaeleon.org\/en\/wp-content\/uploads\/2011\/07\/leo-120x120.jpg23bbff77f853cfd5d448b2e2ac7a88d4","url":"https:\/\/www.camaeleon.org\/wp-content\/uploads\/2011\/07\/leo-120x120.jpg","contentUrl":"https:\/\/www.camaeleon.org\/wp-content\/uploads\/2011\/07\/leo-120x120.jpg","caption":"L\u00e9o Rohr"},"url":"https:\/\/www.camaeleon.org\/en\/author\/leo-rohr\/"}]}},"_links":{"self":[{"href":"https:\/\/www.camaeleon.org\/en\/wp-json\/wp\/v2\/posts\/18819","targetHints":{"allow":["GET"]}}],"collection":[{"href":"https:\/\/www.camaeleon.org\/en\/wp-json\/wp\/v2\/posts"}],"about":[{"href":"https:\/\/www.camaeleon.org\/en\/wp-json\/wp\/v2\/types\/post"}],"author":[{"embeddable":true,"href":"https:\/\/www.camaeleon.org\/en\/wp-json\/wp\/v2\/users\/123"}],"replies":[{"embeddable":true,"href":"https:\/\/www.camaeleon.org\/en\/wp-json\/wp\/v2\/comments?post=18819"}],"version-history":[{"count":0,"href":"https:\/\/www.camaeleon.org\/en\/wp-json\/wp\/v2\/posts\/18819\/revisions"}],"wp:featuredmedia":[{"embeddable":true,"href":"https:\/\/www.camaeleon.org\/en\/wp-json\/wp\/v2\/media\/18860"}],"wp:attachment":[{"href":"https:\/\/www.camaeleon.org\/en\/wp-json\/wp\/v2\/media?parent=18819"}],"wp:term":[{"taxonomy":"category","embeddable":true,"href":"https:\/\/www.camaeleon.org\/en\/wp-json\/wp\/v2\/categories?post=18819"},{"taxonomy":"post_tag","embeddable":true,"href":"https:\/\/www.camaeleon.org\/en\/wp-json\/wp\/v2\/tags?post=18819"},{"taxonomy":"author","embeddable":true,"href":"https:\/\/www.camaeleon.org\/en\/wp-json\/wp\/v2\/coauthors?post=18819"}],"curies":[{"name":"wp","href":"https:\/\/api.w.org\/{rel}","templated":true}]}}