{"id":17217,"date":"2018-10-12T16:45:46","date_gmt":"2018-10-12T14:45:46","guid":{"rendered":"https:\/\/www.camaeleon.org\/?p=17217"},"modified":"2020-12-23T13:09:49","modified_gmt":"2020-12-23T12:09:49","slug":"wort-der-woche-geburtstag","status":"publish","type":"post","link":"https:\/\/www.camaeleon.org\/en\/2018\/10\/12\/wort-der-woche-geburtstag\/","title":{"rendered":"Das Wort der Woche: Geburtstag"},"content":{"rendered":"<p><figure id=\"attachment_17230\" aria-describedby=\"caption-attachment-17230\" style=\"width: 300px\" class=\"wp-caption alignleft\"><a href=\"https:\/\/www.camaeleon.org\/wp-content\/uploads\/2018\/10\/Geburtstag.jpg\"><img loading=\"lazy\" decoding=\"async\" class=\"size-medium wp-image-17230\" src=\"https:\/\/www.camaeleon.org\/wp-content\/uploads\/2018\/10\/Geburtstag-300x200.jpg\" alt=\"Geburtstag\" width=\"300\" height=\"200\" srcset=\"https:\/\/www.camaeleon.org\/wp-content\/uploads\/2018\/10\/Geburtstag-300x200.jpg 300w, https:\/\/www.camaeleon.org\/wp-content\/uploads\/2018\/10\/Geburtstag-880x587.jpg 880w, https:\/\/www.camaeleon.org\/wp-content\/uploads\/2018\/10\/Geburtstag.jpg 960w\" sizes=\"auto, (max-width: 300px) 100vw, 300px\" \/><\/a><figcaption id=\"caption-attachment-17230\" class=\"wp-caption-text\">Foto: pixabay.,com \/ Cam\u00e4l\u00e9on<\/figcaption><\/figure><\/p>\n<p>Am 7. Oktober 2018 wurde unsere Sch\u00fclerzeitung Cam\u00e4l\u00e9on 7 Jahre alt. Wir teilen uns diesen Tag historisch mit einigen durchaus interessanten Ereignissen. Beispielsweise war im Jahr 1777 in Bemis Heights der offizielle Beginn des Amerikanischen Unabh\u00e4ngigkeitskrieges welcher zur Gr\u00fcndung der Vereinigten Staaten f\u00fchrte. In der etwas aktuelleren Geschichte tat sich aber auch einiges: Am 7. Oktober 1944 gab es nicht nur ein heftiges Bombardement in der norddeutschen Stadt Kleve, bei dem es \u00fcber 500 Tote gab, sondern auch den Beginn der Aufst\u00e4nde im Vernichtungslager Ausschwitz Birkenau. Die j\u00fcdischen Gefangenen rebellierten gegen die NS-Wachleute und obwohl ihnen die Flucht nicht gelang, sollte man dieses Ereignis doch in Erinnerung behalten.<\/p>\n<p>1949 wurde in Berlin die DDR gegr\u00fcndet, womit der 7.10 zum Nationalfeiertag in der Deutschen Demokratischen Republik wurde, bis diese 1990 an die Bundesrepublik angegliedert wurde.<\/p>\n<p>Zu guter Letzt ist der 7. Oktober auch der Tag, an dem der Schauspieler und Politiker Arnold Schwarzenegger zum Gouverneur von Kalifornien gew\u00e4hlt wurde.<\/p>\n<p>Man sieht also, dass dieser Tag ziemlich geschichtstr\u00e4chtig ist. Obwohl die Gr\u00fcndung unseres Onlinemagazins damit wohl nicht mithalten kann, ist es zumindest f\u00fcr uns eine gro\u00dfe Sache.<\/p>","protected":false},"excerpt":{"rendered":"<p>Am 7. Oktober 2018 wurde unsere Sch\u00fclerzeitung Cam\u00e4l\u00e9on 7 Jahre alt. Wir teilen uns diesen Tag historisch mit einigen durchaus interessanten Ereignissen. Beispielsweise war im<\/p>\n","protected":false},"author":120,"featured_media":17230,"comment_status":"open","ping_status":"closed","sticky":false,"template":"","format":"standard","meta":{"colormag_page_container_layout":"default_layout","colormag_page_sidebar_layout":"default_layout","footnotes":""},"categories":[199,864],"tags":[592],"coauthors":[764],"class_list":["post-17217","post","type-post","status-publish","format-standard","has-post-thumbnail","hentry","category-a-propos-de-nous","category-le-mot-de-la-semaine","tag-geburtstag"],"yoast_head":"<!-- This site is optimized with the Yoast SEO plugin v27.5 - https:\/\/yoast.com\/product\/yoast-seo-wordpress\/ -->\n<title>Das Wort der Woche: Geburtstag - Cam\u00e4l\u00e9on<\/title>\n<meta name=\"description\" content=\"Am 7. Oktober 2018 wurde unsere Sch\u00fclerzeitung Cam\u00e4l\u00e9on 7 Jahre alt. Wir teilen uns diesen Tag historisch mit einigen durchaus interessanten Ereignissen.\" \/>\n<meta name=\"robots\" content=\"index, follow, max-snippet:-1, max-image-preview:large, max-video-preview:-1\" \/>\n<link rel=\"canonical\" href=\"https:\/\/www.camaeleon.org\/en\/2018\/10\/12\/wort-der-woche-geburtstag\/\" \/>\n<meta property=\"og:locale\" content=\"en_US\" \/>\n<meta property=\"og:type\" content=\"article\" \/>\n<meta property=\"og:title\" content=\"Das Wort der Woche: Geburtstag - Cam\u00e4l\u00e9on\" \/>\n<meta property=\"og:description\" content=\"Am 7. Oktober 2018 wurde unsere Sch\u00fclerzeitung Cam\u00e4l\u00e9on 7 Jahre alt. Wir teilen uns diesen Tag historisch mit einigen durchaus interessanten Ereignissen.\" \/>\n<meta property=\"og:url\" content=\"https:\/\/www.camaeleon.org\/en\/2018\/10\/12\/wort-der-woche-geburtstag\/\" \/>\n<meta property=\"og:site_name\" content=\"Cam\u00e4l\u00e9on\" \/>\n<meta property=\"article:publisher\" content=\"https:\/\/www.facebook.com\/camaeleon.org\/\" \/>\n<meta property=\"article:published_time\" content=\"2018-10-12T14:45:46+00:00\" \/>\n<meta property=\"article:modified_time\" content=\"2020-12-23T12:09:49+00:00\" \/>\n<meta property=\"og:image\" content=\"https:\/\/www.camaeleon.org\/wp-content\/uploads\/2018\/10\/Geburtstag.jpg\" \/>\n\t<meta property=\"og:image:width\" content=\"960\" \/>\n\t<meta property=\"og:image:height\" content=\"640\" \/>\n\t<meta property=\"og:image:type\" content=\"image\/jpeg\" \/>\n<meta name=\"author\" content=\"Kian Dier\" \/>\n<meta name=\"twitter:card\" content=\"summary_large_image\" \/>\n<meta name=\"twitter:creator\" content=\"@camaeleonOrg\" \/>\n<meta name=\"twitter:site\" content=\"@camaeleonOrg\" \/>\n<script type=\"application\/ld+json\" class=\"yoast-schema-graph\">{\"@context\":\"https:\\\/\\\/schema.org\",\"@graph\":[{\"@type\":\"Article\",\"@id\":\"https:\\\/\\\/www.camaeleon.org\\\/2018\\\/10\\\/12\\\/wort-der-woche-geburtstag\\\/#article\",\"isPartOf\":{\"@id\":\"https:\\\/\\\/www.camaeleon.org\\\/2018\\\/10\\\/12\\\/wort-der-woche-geburtstag\\\/\"},\"author\":{\"name\":\"Kian Dier\",\"@id\":\"https:\\\/\\\/www.camaeleon.org\\\/de\\\/#\\\/schema\\\/person\\\/77f057676dc1f71afcb61826dd069303\"},\"headline\":\"Das Wort der Woche: Geburtstag\",\"datePublished\":\"2018-10-12T14:45:46+00:00\",\"dateModified\":\"2020-12-23T12:09:49+00:00\",\"mainEntityOfPage\":{\"@id\":\"https:\\\/\\\/www.camaeleon.org\\\/2018\\\/10\\\/12\\\/wort-der-woche-geburtstag\\\/\"},\"wordCount\":611,\"commentCount\":0,\"publisher\":{\"@id\":\"https:\\\/\\\/www.camaeleon.org\\\/de\\\/#organization\"},\"image\":{\"@id\":\"https:\\\/\\\/www.camaeleon.org\\\/2018\\\/10\\\/12\\\/wort-der-woche-geburtstag\\\/#primaryimage\"},\"thumbnailUrl\":\"https:\\\/\\\/www.camaeleon.org\\\/wp-content\\\/uploads\\\/2018\\\/10\\\/Geburtstag.jpg\",\"keywords\":[\"Geburtstag\"],\"articleSection\":[\"About us\",\"Word of the Week\"],\"inLanguage\":\"en-US\",\"potentialAction\":[{\"@type\":\"CommentAction\",\"name\":\"Comment\",\"target\":[\"https:\\\/\\\/www.camaeleon.org\\\/2018\\\/10\\\/12\\\/wort-der-woche-geburtstag\\\/#respond\"]}]},{\"@type\":\"WebPage\",\"@id\":\"https:\\\/\\\/www.camaeleon.org\\\/en\\\/2018\\\/10\\\/12\\\/wort-der-woche-geburtstag\\\/\",\"url\":\"https:\\\/\\\/www.camaeleon.org\\\/en\\\/2018\\\/10\\\/12\\\/wort-der-woche-geburtstag\\\/\",\"name\":\"Das Wort der Woche: Geburtstag - Cam\u00e4l\u00e9on\",\"isPartOf\":{\"@id\":\"https:\\\/\\\/www.camaeleon.org\\\/en\\\/#website\"},\"primaryImageOfPage\":{\"@id\":\"https:\\\/\\\/www.camaeleon.org\\\/en\\\/2018\\\/10\\\/12\\\/wort-der-woche-geburtstag\\\/#primaryimage\"},\"image\":{\"@id\":\"https:\\\/\\\/www.camaeleon.org\\\/2018\\\/10\\\/12\\\/wort-der-woche-geburtstag\\\/#primaryimage\"},\"thumbnailUrl\":\"https:\\\/\\\/www.camaeleon.org\\\/wp-content\\\/uploads\\\/2018\\\/10\\\/Geburtstag.jpg\",\"datePublished\":\"2018-10-12T14:45:46+00:00\",\"dateModified\":\"2020-12-23T12:09:49+00:00\",\"description\":\"Am 7. Oktober 2018 wurde unsere Sch\u00fclerzeitung Cam\u00e4l\u00e9on 7 Jahre alt. Wir teilen uns diesen Tag historisch mit einigen durchaus interessanten Ereignissen.\",\"breadcrumb\":{\"@id\":\"https:\\\/\\\/www.camaeleon.org\\\/en\\\/2018\\\/10\\\/12\\\/wort-der-woche-geburtstag\\\/#breadcrumb\"},\"inLanguage\":\"en-US\",\"potentialAction\":[{\"@type\":\"ReadAction\",\"target\":[[\"https:\\\/\\\/www.camaeleon.org\\\/en\\\/2018\\\/10\\\/12\\\/wort-der-woche-geburtstag\\\/\"]]}]},{\"@type\":\"ImageObject\",\"inLanguage\":\"en-US\",\"@id\":\"https:\\\/\\\/www.camaeleon.org\\\/en\\\/2018\\\/10\\\/12\\\/wort-der-woche-geburtstag\\\/#primaryimage\",\"url\":\"https:\\\/\\\/www.camaeleon.org\\\/wp-content\\\/uploads\\\/2018\\\/10\\\/Geburtstag.jpg\",\"contentUrl\":\"https:\\\/\\\/www.camaeleon.org\\\/wp-content\\\/uploads\\\/2018\\\/10\\\/Geburtstag.jpg\",\"width\":960,\"height\":640,\"caption\":\"Foto: pixabay.com \\\/ Cam\u00e4l\u00e9on\"},{\"@type\":\"BreadcrumbList\",\"@id\":\"https:\\\/\\\/www.camaeleon.org\\\/en\\\/2018\\\/10\\\/12\\\/wort-der-woche-geburtstag\\\/#breadcrumb\",\"itemListElement\":[{\"@type\":\"ListItem\",\"position\":1,\"name\":\"Home\",\"item\":\"https:\\\/\\\/www.camaeleon.org\\\/en\\\/\"},{\"@type\":\"ListItem\",\"position\":2,\"name\":\"Das Wort der Woche: Geburtstag\"}]},{\"@type\":\"WebSite\",\"@id\":\"https:\\\/\\\/www.camaeleon.org\\\/en\\\/#website\",\"url\":\"https:\\\/\\\/www.camaeleon.org\\\/en\\\/\",\"name\":\"Cam\u00e4l\u00e9on\",\"description\":\"The online student magazine by Deutsch-Franz\u00f6sisches Gymnasium Saarbr\u00fccken\",\"publisher\":{\"@id\":\"https:\\\/\\\/www.camaeleon.org\\\/en\\\/#organization\"},\"potentialAction\":[{\"@type\":\"SearchAction\",\"target\":{\"@type\":\"EntryPoint\",\"urlTemplate\":\"https:\\\/\\\/www.camaeleon.org\\\/en\\\/?s={search_term_string}\"},\"query-input\":{\"@type\":\"PropertyValueSpecification\",\"valueRequired\":true,\"valueName\":\"search_term_string\"}}],\"inLanguage\":\"en-US\"},{\"@type\":\"Organization\",\"@id\":\"https:\\\/\\\/www.camaeleon.org\\\/en\\\/#organization\",\"name\":\"Cam\u00e4l\u00e9on\",\"url\":\"https:\\\/\\\/www.camaeleon.org\\\/en\\\/\",\"logo\":{\"@type\":\"ImageObject\",\"inLanguage\":\"en-US\",\"@id\":\"https:\\\/\\\/www.camaeleon.org\\\/en\\\/#\\\/schema\\\/logo\\\/image\\\/\",\"url\":\"https:\\\/\\\/www.camaeleon.org\\\/wp-content\\\/uploads\\\/2011\\\/11\\\/CAM\u00c4LEON.jpg\",\"contentUrl\":\"https:\\\/\\\/www.camaeleon.org\\\/wp-content\\\/uploads\\\/2011\\\/11\\\/CAM\u00c4LEON.jpg\",\"width\":959,\"height\":959,\"caption\":\"Cam\u00e4l\u00e9on\"},\"image\":{\"@id\":\"https:\\\/\\\/www.camaeleon.org\\\/en\\\/#\\\/schema\\\/logo\\\/image\\\/\"},\"sameAs\":[\"https:\\\/\\\/www.facebook.com\\\/camaeleon.org\\\/\",\"https:\\\/\\\/x.com\\\/camaeleonOrg\",\"https:\\\/\\\/www.instagram.com\\\/camaeleon.dfg\\\/\",\"https:\\\/\\\/www.youtube.com\\\/channel\\\/UCl3TAUDdGuu_c7CD6ax6hYg\"]},{\"@type\":\"Person\",\"@id\":\"https:\\\/\\\/www.camaeleon.org\\\/de\\\/#\\\/schema\\\/person\\\/77f057676dc1f71afcb61826dd069303\",\"name\":\"Kian Dier\",\"image\":{\"@type\":\"ImageObject\",\"inLanguage\":\"en-US\",\"@id\":\"https:\\\/\\\/www.camaeleon.org\\\/en\\\/wp-content\\\/uploads\\\/2011\\\/07\\\/Kian-120x120.jpgc3422467ea706140182ca26b28f79354\",\"url\":\"https:\\\/\\\/www.camaeleon.org\\\/wp-content\\\/uploads\\\/2011\\\/07\\\/Kian-120x120.jpg\",\"contentUrl\":\"https:\\\/\\\/www.camaeleon.org\\\/wp-content\\\/uploads\\\/2011\\\/07\\\/Kian-120x120.jpg\",\"caption\":\"Kian Dier\"},\"url\":\"https:\\\/\\\/www.camaeleon.org\\\/en\\\/author\\\/kian-dier\\\/\"}]}<\/script>\n<!-- \/ Yoast SEO plugin. -->","yoast_head_json":{"title":"Das Wort der Woche: Geburtstag - Cam\u00e4l\u00e9on","description":"Am 7. Oktober 2018 wurde unsere Sch\u00fclerzeitung Cam\u00e4l\u00e9on 7 Jahre alt. Wir teilen uns diesen Tag historisch mit einigen durchaus interessanten Ereignissen.","robots":{"index":"index","follow":"follow","max-snippet":"max-snippet:-1","max-image-preview":"max-image-preview:large","max-video-preview":"max-video-preview:-1"},"canonical":"https:\/\/www.camaeleon.org\/en\/2018\/10\/12\/wort-der-woche-geburtstag\/","og_locale":"en_US","og_type":"article","og_title":"Das Wort der Woche: Geburtstag - Cam\u00e4l\u00e9on","og_description":"Am 7. Oktober 2018 wurde unsere Sch\u00fclerzeitung Cam\u00e4l\u00e9on 7 Jahre alt. Wir teilen uns diesen Tag historisch mit einigen durchaus interessanten Ereignissen.","og_url":"https:\/\/www.camaeleon.org\/en\/2018\/10\/12\/wort-der-woche-geburtstag\/","og_site_name":"Cam\u00e4l\u00e9on","article_publisher":"https:\/\/www.facebook.com\/camaeleon.org\/","article_published_time":"2018-10-12T14:45:46+00:00","article_modified_time":"2020-12-23T12:09:49+00:00","og_image":[{"width":960,"height":640,"url":"https:\/\/www.camaeleon.org\/wp-content\/uploads\/2018\/10\/Geburtstag.jpg","type":"image\/jpeg"}],"author":"Kian Dier","twitter_card":"summary_large_image","twitter_creator":"@camaeleonOrg","twitter_site":"@camaeleonOrg","schema":{"@context":"https:\/\/schema.org","@graph":[{"@type":"Article","@id":"https:\/\/www.camaeleon.org\/2018\/10\/12\/wort-der-woche-geburtstag\/#article","isPartOf":{"@id":"https:\/\/www.camaeleon.org\/2018\/10\/12\/wort-der-woche-geburtstag\/"},"author":{"name":"Kian Dier","@id":"https:\/\/www.camaeleon.org\/de\/#\/schema\/person\/77f057676dc1f71afcb61826dd069303"},"headline":"Das Wort der Woche: Geburtstag","datePublished":"2018-10-12T14:45:46+00:00","dateModified":"2020-12-23T12:09:49+00:00","mainEntityOfPage":{"@id":"https:\/\/www.camaeleon.org\/2018\/10\/12\/wort-der-woche-geburtstag\/"},"wordCount":611,"commentCount":0,"publisher":{"@id":"https:\/\/www.camaeleon.org\/de\/#organization"},"image":{"@id":"https:\/\/www.camaeleon.org\/2018\/10\/12\/wort-der-woche-geburtstag\/#primaryimage"},"thumbnailUrl":"https:\/\/www.camaeleon.org\/wp-content\/uploads\/2018\/10\/Geburtstag.jpg","keywords":["Geburtstag"],"articleSection":["About us","Word of the Week"],"inLanguage":"en-US","potentialAction":[{"@type":"CommentAction","name":"Comment","target":["https:\/\/www.camaeleon.org\/2018\/10\/12\/wort-der-woche-geburtstag\/#respond"]}]},{"@type":"WebPage","@id":"https:\/\/www.camaeleon.org\/en\/2018\/10\/12\/wort-der-woche-geburtstag\/","url":"https:\/\/www.camaeleon.org\/en\/2018\/10\/12\/wort-der-woche-geburtstag\/","name":"Das Wort der Woche: Geburtstag - Cam\u00e4l\u00e9on","isPartOf":{"@id":"https:\/\/www.camaeleon.org\/en\/#website"},"primaryImageOfPage":{"@id":"https:\/\/www.camaeleon.org\/en\/2018\/10\/12\/wort-der-woche-geburtstag\/#primaryimage"},"image":{"@id":"https:\/\/www.camaeleon.org\/2018\/10\/12\/wort-der-woche-geburtstag\/#primaryimage"},"thumbnailUrl":"https:\/\/www.camaeleon.org\/wp-content\/uploads\/2018\/10\/Geburtstag.jpg","datePublished":"2018-10-12T14:45:46+00:00","dateModified":"2020-12-23T12:09:49+00:00","description":"Am 7. Oktober 2018 wurde unsere Sch\u00fclerzeitung Cam\u00e4l\u00e9on 7 Jahre alt. Wir teilen uns diesen Tag historisch mit einigen durchaus interessanten Ereignissen.","breadcrumb":{"@id":"https:\/\/www.camaeleon.org\/en\/2018\/10\/12\/wort-der-woche-geburtstag\/#breadcrumb"},"inLanguage":"en-US","potentialAction":[{"@type":"ReadAction","target":[["https:\/\/www.camaeleon.org\/en\/2018\/10\/12\/wort-der-woche-geburtstag\/"]]}]},{"@type":"ImageObject","inLanguage":"en-US","@id":"https:\/\/www.camaeleon.org\/en\/2018\/10\/12\/wort-der-woche-geburtstag\/#primaryimage","url":"https:\/\/www.camaeleon.org\/wp-content\/uploads\/2018\/10\/Geburtstag.jpg","contentUrl":"https:\/\/www.camaeleon.org\/wp-content\/uploads\/2018\/10\/Geburtstag.jpg","width":960,"height":640,"caption":"Foto: pixabay.com \/ Cam\u00e4l\u00e9on"},{"@type":"BreadcrumbList","@id":"https:\/\/www.camaeleon.org\/en\/2018\/10\/12\/wort-der-woche-geburtstag\/#breadcrumb","itemListElement":[{"@type":"ListItem","position":1,"name":"Home","item":"https:\/\/www.camaeleon.org\/en\/"},{"@type":"ListItem","position":2,"name":"Das Wort der Woche: Geburtstag"}]},{"@type":"WebSite","@id":"https:\/\/www.camaeleon.org\/en\/#website","url":"https:\/\/www.camaeleon.org\/en\/","name":"Cam\u00e4l\u00e9on","description":"The online student magazine by Deutsch-Franz\u00f6sisches Gymnasium Saarbr\u00fccken","publisher":{"@id":"https:\/\/www.camaeleon.org\/en\/#organization"},"potentialAction":[{"@type":"SearchAction","target":{"@type":"EntryPoint","urlTemplate":"https:\/\/www.camaeleon.org\/en\/?s={search_term_string}"},"query-input":{"@type":"PropertyValueSpecification","valueRequired":true,"valueName":"search_term_string"}}],"inLanguage":"en-US"},{"@type":"Organization","@id":"https:\/\/www.camaeleon.org\/en\/#organization","name":"Cam\u00e4l\u00e9on","url":"https:\/\/www.camaeleon.org\/en\/","logo":{"@type":"ImageObject","inLanguage":"en-US","@id":"https:\/\/www.camaeleon.org\/en\/#\/schema\/logo\/image\/","url":"https:\/\/www.camaeleon.org\/wp-content\/uploads\/2011\/11\/CAM\u00c4LEON.jpg","contentUrl":"https:\/\/www.camaeleon.org\/wp-content\/uploads\/2011\/11\/CAM\u00c4LEON.jpg","width":959,"height":959,"caption":"Cam\u00e4l\u00e9on"},"image":{"@id":"https:\/\/www.camaeleon.org\/en\/#\/schema\/logo\/image\/"},"sameAs":["https:\/\/www.facebook.com\/camaeleon.org\/","https:\/\/x.com\/camaeleonOrg","https:\/\/www.instagram.com\/camaeleon.dfg\/","https:\/\/www.youtube.com\/channel\/UCl3TAUDdGuu_c7CD6ax6hYg"]},{"@type":"Person","@id":"https:\/\/www.camaeleon.org\/de\/#\/schema\/person\/77f057676dc1f71afcb61826dd069303","name":"Kian Dier","image":{"@type":"ImageObject","inLanguage":"en-US","@id":"https:\/\/www.camaeleon.org\/en\/wp-content\/uploads\/2011\/07\/Kian-120x120.jpgc3422467ea706140182ca26b28f79354","url":"https:\/\/www.camaeleon.org\/wp-content\/uploads\/2011\/07\/Kian-120x120.jpg","contentUrl":"https:\/\/www.camaeleon.org\/wp-content\/uploads\/2011\/07\/Kian-120x120.jpg","caption":"Kian Dier"},"url":"https:\/\/www.camaeleon.org\/en\/author\/kian-dier\/"}]}},"_links":{"self":[{"href":"https:\/\/www.camaeleon.org\/en\/wp-json\/wp\/v2\/posts\/17217","targetHints":{"allow":["GET"]}}],"collection":[{"href":"https:\/\/www.camaeleon.org\/en\/wp-json\/wp\/v2\/posts"}],"about":[{"href":"https:\/\/www.camaeleon.org\/en\/wp-json\/wp\/v2\/types\/post"}],"author":[{"embeddable":true,"href":"https:\/\/www.camaeleon.org\/en\/wp-json\/wp\/v2\/users\/120"}],"replies":[{"embeddable":true,"href":"https:\/\/www.camaeleon.org\/en\/wp-json\/wp\/v2\/comments?post=17217"}],"version-history":[{"count":0,"href":"https:\/\/www.camaeleon.org\/en\/wp-json\/wp\/v2\/posts\/17217\/revisions"}],"wp:featuredmedia":[{"embeddable":true,"href":"https:\/\/www.camaeleon.org\/en\/wp-json\/wp\/v2\/media\/17230"}],"wp:attachment":[{"href":"https:\/\/www.camaeleon.org\/en\/wp-json\/wp\/v2\/media?parent=17217"}],"wp:term":[{"taxonomy":"category","embeddable":true,"href":"https:\/\/www.camaeleon.org\/en\/wp-json\/wp\/v2\/categories?post=17217"},{"taxonomy":"post_tag","embeddable":true,"href":"https:\/\/www.camaeleon.org\/en\/wp-json\/wp\/v2\/tags?post=17217"},{"taxonomy":"author","embeddable":true,"href":"https:\/\/www.camaeleon.org\/en\/wp-json\/wp\/v2\/coauthors?post=17217"}],"curies":[{"name":"wp","href":"https:\/\/api.w.org\/{rel}","templated":true}]}}