{"id":17114,"date":"2018-10-05T18:48:48","date_gmt":"2018-10-05T16:48:48","guid":{"rendered":"https:\/\/www.camaeleon.org\/?p=17114"},"modified":"2020-12-23T13:11:14","modified_gmt":"2020-12-23T12:11:14","slug":"das-wort-der-woche-einheit","status":"publish","type":"post","link":"https:\/\/www.camaeleon.org\/en\/2018\/10\/05\/das-wort-der-woche-einheit\/","title":{"rendered":"Das Wort der Woche: Einheit"},"content":{"rendered":"<figure id=\"attachment_17134\" aria-describedby=\"caption-attachment-17134\" style=\"width: 300px\" class=\"wp-caption alignleft\"><a href=\"https:\/\/www.camaeleon.org\/wp-content\/uploads\/2018\/10\/Einheit.jpg\"><img loading=\"lazy\" decoding=\"async\" class=\"size-medium wp-image-17134\" src=\"https:\/\/www.camaeleon.org\/wp-content\/uploads\/2018\/10\/Einheit-300x200.jpg\" alt=\"Wort der Woche: Sprachen Einheit\" width=\"300\" height=\"200\" srcset=\"https:\/\/www.camaeleon.org\/wp-content\/uploads\/2018\/10\/Einheit-300x200.jpg 300w, https:\/\/www.camaeleon.org\/wp-content\/uploads\/2018\/10\/Einheit-880x587.jpg 880w, https:\/\/www.camaeleon.org\/wp-content\/uploads\/2018\/10\/Einheit.jpg 960w\" sizes=\"auto, (max-width: 300px) 100vw, 300px\" \/><\/a><figcaption id=\"caption-attachment-17134\" class=\"wp-caption-text\">Foto: pixabay.com \/ Cam\u00e4l\u00e9on<\/figcaption><\/figure>\n<p>Das Wort der Woche ist \u201cEinheit\u201d. Warum gerade Einheit werdet ihr mir sagen?<\/p>\n<p>Ich nehme an, dass ihr bestimmt schon davon geh\u00f6rt habt, da alle Medien dar\u00fcber gesprochen haben und da wir an diesem Tag keine Schule hatten: Der Tag der Deutschen Einheit ist DAS EREIGNIS DER WOCHE.<\/p>\n<p>Aber warum der 3. Oktober? Die Mauer ist doch am 9. November 1989 gefallen!<\/p>\n<p>der 9. Novemeber erinnert uns Deutschen vor allem an zwei schreckliche Ereignisse der deutschen Geschichte:<\/p>\n<ul>\n<li>Reichskristallnacht bzw. Reichsprogromnacht, die 1938 stattgefunden hat: E<span style=\"float: none; background-color: transparent; color: #000000; font-family: 'pt_sans', Helvetica, Arial, sans-serif; font-size: 15px; font-style: normal; font-variant: normal; letter-spacing: normal; text-align: left; text-decoration: none; text-indent: 0px;\">in <\/span>barbarischer Terrorakt<span style=\"float: none; background-color: transparent; color: #000000; font-family: 'pt_sans',Helvetica,Arial,sans-serif; font-size: 15px; font-style: normal; font-variant: normal; font-weight: 400; letter-spacing: normal; text-align: left; text-decoration: none; text-indent: 0px;\"> von SA- und NSDAP-Mitgliedern gegen die j\u00fcdische Minderheit mit Zerst\u00f6rung von Synagogen von etwa 7.000 Gesch\u00e4ften, Verw\u00fcstung von Wohnungen und Ermordung von mindestens 91 Personen.<\/span><\/li>\n<li>Hitlers Staatsstreich von 1923: Ein gescheiterter Putschversuch unter Beteiligung Adolf Hitlers und Erich Ludendorffs, der zur Inhaftierung Hitlers gef\u00fchrt hat.<\/li>\n<\/ul>\n<p>Jetzt versteht ihr, warum man auf keinen Fall den 9.November als Nationalfeiertag \u00fcbernehmen wollte.<\/p>\n<p>\u00dcbrigens: Der Tag der Deutschen Einheit ist der einzige Feiertag nach <a title=\"Bundesrecht (Deutschland)\" href=\"https:\/\/de.wikipedia.org\/wiki\/Bundesrecht_(Deutschland)\">Bundesrecht<\/a>. Alle anderen Feiertage sind L\u00e4ndersache.<\/p>\n","protected":false},"excerpt":{"rendered":"<p>Das Wort der Woche ist \u201cEinheit\u201d. Warum gerade Einheit werdet ihr mir sagen? Ich nehme an, dass ihr bestimmt schon davon geh\u00f6rt habt, da alle<\/p>\n","protected":false},"author":133,"featured_media":17134,"comment_status":"open","ping_status":"closed","sticky":false,"template":"","format":"standard","meta":{"colormag_page_container_layout":"default_layout","colormag_page_sidebar_layout":"default_layout","footnotes":""},"categories":[864],"tags":[325,878,879,1306,1307],"coauthors":[1003],"class_list":["post-17114","post","type-post","status-publish","format-standard","has-post-thumbnail","hentry","category-le-mot-de-la-semaine","tag-deutsche-einheit","tag-einheit","tag-nationalfeiertag","tag-reunification","tag-wiedervereinigung"],"yoast_head":"<!-- This site is optimized with the Yoast SEO plugin v27.4 - https:\/\/yoast.com\/product\/yoast-seo-wordpress\/ -->\n<title>Das Wort der Woche: Einheit - Cam\u00e4l\u00e9on<\/title>\n<meta name=\"description\" content=\"Das Wort der Woche ist \u201cEinheit\u201d. Warum gerade Einheit werdet ihr mir sagen? Der Tag der Deutschen Einheit ist DAS EREIGNIS DER WOCHE.\" \/>\n<meta name=\"robots\" content=\"index, follow, max-snippet:-1, max-image-preview:large, max-video-preview:-1\" \/>\n<link rel=\"canonical\" href=\"https:\/\/www.camaeleon.org\/en\/2018\/10\/05\/das-wort-der-woche-einheit\/\" \/>\n<meta property=\"og:locale\" content=\"en_US\" \/>\n<meta property=\"og:type\" content=\"article\" \/>\n<meta property=\"og:title\" content=\"Das Wort der Woche: Einheit - Cam\u00e4l\u00e9on\" \/>\n<meta property=\"og:description\" content=\"Das Wort der Woche ist \u201cEinheit\u201d. Warum gerade Einheit werdet ihr mir sagen? Der Tag der Deutschen Einheit ist DAS EREIGNIS DER WOCHE.\" \/>\n<meta property=\"og:url\" content=\"https:\/\/www.camaeleon.org\/en\/2018\/10\/05\/das-wort-der-woche-einheit\/\" \/>\n<meta property=\"og:site_name\" content=\"Cam\u00e4l\u00e9on\" \/>\n<meta property=\"article:publisher\" content=\"https:\/\/www.facebook.com\/camaeleon.org\/\" \/>\n<meta property=\"article:published_time\" content=\"2018-10-05T16:48:48+00:00\" \/>\n<meta property=\"article:modified_time\" content=\"2020-12-23T12:11:14+00:00\" \/>\n<meta property=\"og:image\" content=\"https:\/\/www.camaeleon.org\/wp-content\/uploads\/2018\/10\/Einheit.jpg\" \/>\n\t<meta property=\"og:image:width\" content=\"960\" \/>\n\t<meta property=\"og:image:height\" content=\"640\" \/>\n\t<meta property=\"og:image:type\" content=\"image\/jpeg\" \/>\n<meta name=\"author\" content=\"Syrine Gharbi\" \/>\n<meta name=\"twitter:card\" content=\"summary_large_image\" \/>\n<meta name=\"twitter:creator\" content=\"@camaeleonOrg\" \/>\n<meta name=\"twitter:site\" content=\"@camaeleonOrg\" \/>\n<script type=\"application\/ld+json\" class=\"yoast-schema-graph\">{\"@context\":\"https:\\\/\\\/schema.org\",\"@graph\":[{\"@type\":\"Article\",\"@id\":\"https:\\\/\\\/www.camaeleon.org\\\/de\\\/2018\\\/10\\\/05\\\/das-wort-der-woche-einheit\\\/#article\",\"isPartOf\":{\"@id\":\"https:\\\/\\\/www.camaeleon.org\\\/de\\\/2018\\\/10\\\/05\\\/das-wort-der-woche-einheit\\\/\"},\"author\":{\"name\":\"Syrine Gharbi\",\"@id\":\"https:\\\/\\\/www.camaeleon.org\\\/de\\\/#\\\/schema\\\/person\\\/8420af944e6021fc9f05274bbd2cc854\"},\"headline\":\"Das Wort der Woche: Einheit\",\"datePublished\":\"2018-10-05T16:48:48+00:00\",\"dateModified\":\"2020-12-23T12:11:14+00:00\",\"mainEntityOfPage\":{\"@id\":\"https:\\\/\\\/www.camaeleon.org\\\/de\\\/2018\\\/10\\\/05\\\/das-wort-der-woche-einheit\\\/\"},\"wordCount\":181,\"commentCount\":0,\"publisher\":{\"@id\":\"https:\\\/\\\/www.camaeleon.org\\\/de\\\/#organization\"},\"image\":{\"@id\":\"https:\\\/\\\/www.camaeleon.org\\\/de\\\/2018\\\/10\\\/05\\\/das-wort-der-woche-einheit\\\/#primaryimage\"},\"thumbnailUrl\":\"https:\\\/\\\/www.camaeleon.org\\\/wp-content\\\/uploads\\\/2018\\\/10\\\/Einheit.jpg\",\"keywords\":[\"Deutsche Einheit\",\"Einheit\",\"Nationalfeiertag\",\"r\u00e9unification\",\"Wiedervereinigung\"],\"articleSection\":[\"Word of the Week\"],\"inLanguage\":\"en-US\",\"potentialAction\":[{\"@type\":\"CommentAction\",\"name\":\"Comment\",\"target\":[\"https:\\\/\\\/www.camaeleon.org\\\/de\\\/2018\\\/10\\\/05\\\/das-wort-der-woche-einheit\\\/#respond\"]}]},{\"@type\":\"WebPage\",\"@id\":\"https:\\\/\\\/www.camaeleon.org\\\/en\\\/2018\\\/10\\\/05\\\/das-wort-der-woche-einheit\\\/\",\"url\":\"https:\\\/\\\/www.camaeleon.org\\\/en\\\/2018\\\/10\\\/05\\\/das-wort-der-woche-einheit\\\/\",\"name\":\"Das Wort der Woche: Einheit - Cam\u00e4l\u00e9on\",\"isPartOf\":{\"@id\":\"https:\\\/\\\/www.camaeleon.org\\\/en\\\/#website\"},\"primaryImageOfPage\":{\"@id\":\"https:\\\/\\\/www.camaeleon.org\\\/en\\\/2018\\\/10\\\/05\\\/das-wort-der-woche-einheit\\\/#primaryimage\"},\"image\":{\"@id\":\"https:\\\/\\\/www.camaeleon.org\\\/de\\\/2018\\\/10\\\/05\\\/das-wort-der-woche-einheit\\\/#primaryimage\"},\"thumbnailUrl\":\"https:\\\/\\\/www.camaeleon.org\\\/wp-content\\\/uploads\\\/2018\\\/10\\\/Einheit.jpg\",\"datePublished\":\"2018-10-05T16:48:48+00:00\",\"dateModified\":\"2020-12-23T12:11:14+00:00\",\"description\":\"Das Wort der Woche ist \u201cEinheit\u201d. Warum gerade Einheit werdet ihr mir sagen? Der Tag der Deutschen Einheit ist DAS EREIGNIS DER WOCHE.\",\"breadcrumb\":{\"@id\":\"https:\\\/\\\/www.camaeleon.org\\\/en\\\/2018\\\/10\\\/05\\\/das-wort-der-woche-einheit\\\/#breadcrumb\"},\"inLanguage\":\"en-US\",\"potentialAction\":[{\"@type\":\"ReadAction\",\"target\":[[\"https:\\\/\\\/www.camaeleon.org\\\/en\\\/2018\\\/10\\\/05\\\/das-wort-der-woche-einheit\\\/\"]]}]},{\"@type\":\"ImageObject\",\"inLanguage\":\"en-US\",\"@id\":\"https:\\\/\\\/www.camaeleon.org\\\/en\\\/2018\\\/10\\\/05\\\/das-wort-der-woche-einheit\\\/#primaryimage\",\"url\":\"https:\\\/\\\/www.camaeleon.org\\\/wp-content\\\/uploads\\\/2018\\\/10\\\/Einheit.jpg\",\"contentUrl\":\"https:\\\/\\\/www.camaeleon.org\\\/wp-content\\\/uploads\\\/2018\\\/10\\\/Einheit.jpg\",\"width\":960,\"height\":640,\"caption\":\"Foto: pixabay.com \\\/ Cam\u00e4l\u00e9on\"},{\"@type\":\"BreadcrumbList\",\"@id\":\"https:\\\/\\\/www.camaeleon.org\\\/en\\\/2018\\\/10\\\/05\\\/das-wort-der-woche-einheit\\\/#breadcrumb\",\"itemListElement\":[{\"@type\":\"ListItem\",\"position\":1,\"name\":\"Home\",\"item\":\"https:\\\/\\\/www.camaeleon.org\\\/en\\\/\"},{\"@type\":\"ListItem\",\"position\":2,\"name\":\"Das Wort der Woche: Einheit\"}]},{\"@type\":\"WebSite\",\"@id\":\"https:\\\/\\\/www.camaeleon.org\\\/en\\\/#website\",\"url\":\"https:\\\/\\\/www.camaeleon.org\\\/en\\\/\",\"name\":\"Cam\u00e4l\u00e9on\",\"description\":\"The online student magazine by Deutsch-Franz\u00f6sisches Gymnasium Saarbr\u00fccken\",\"publisher\":{\"@id\":\"https:\\\/\\\/www.camaeleon.org\\\/en\\\/#organization\"},\"potentialAction\":[{\"@type\":\"SearchAction\",\"target\":{\"@type\":\"EntryPoint\",\"urlTemplate\":\"https:\\\/\\\/www.camaeleon.org\\\/en\\\/?s={search_term_string}\"},\"query-input\":{\"@type\":\"PropertyValueSpecification\",\"valueRequired\":true,\"valueName\":\"search_term_string\"}}],\"inLanguage\":\"en-US\"},{\"@type\":\"Organization\",\"@id\":\"https:\\\/\\\/www.camaeleon.org\\\/en\\\/#organization\",\"name\":\"Cam\u00e4l\u00e9on\",\"url\":\"https:\\\/\\\/www.camaeleon.org\\\/en\\\/\",\"logo\":{\"@type\":\"ImageObject\",\"inLanguage\":\"en-US\",\"@id\":\"https:\\\/\\\/www.camaeleon.org\\\/en\\\/#\\\/schema\\\/logo\\\/image\\\/\",\"url\":\"https:\\\/\\\/www.camaeleon.org\\\/wp-content\\\/uploads\\\/2011\\\/11\\\/CAM\u00c4LEON.jpg\",\"contentUrl\":\"https:\\\/\\\/www.camaeleon.org\\\/wp-content\\\/uploads\\\/2011\\\/11\\\/CAM\u00c4LEON.jpg\",\"width\":959,\"height\":959,\"caption\":\"Cam\u00e4l\u00e9on\"},\"image\":{\"@id\":\"https:\\\/\\\/www.camaeleon.org\\\/en\\\/#\\\/schema\\\/logo\\\/image\\\/\"},\"sameAs\":[\"https:\\\/\\\/www.facebook.com\\\/camaeleon.org\\\/\",\"https:\\\/\\\/x.com\\\/camaeleonOrg\",\"https:\\\/\\\/www.instagram.com\\\/camaeleon.dfg\\\/\",\"https:\\\/\\\/www.youtube.com\\\/channel\\\/UCl3TAUDdGuu_c7CD6ax6hYg\"]},{\"@type\":\"Person\",\"@id\":\"https:\\\/\\\/www.camaeleon.org\\\/de\\\/#\\\/schema\\\/person\\\/8420af944e6021fc9f05274bbd2cc854\",\"name\":\"Syrine Gharbi\",\"image\":{\"@type\":\"ImageObject\",\"inLanguage\":\"en-US\",\"@id\":\"https:\\\/\\\/www.camaeleon.org\\\/en\\\/wp-content\\\/uploads\\\/2018\\\/11\\\/Syrine.jpg68d32d0c61faa9bd6c45821f907f3bc8\",\"url\":\"https:\\\/\\\/www.camaeleon.org\\\/wp-content\\\/uploads\\\/2018\\\/11\\\/Syrine.jpg\",\"contentUrl\":\"https:\\\/\\\/www.camaeleon.org\\\/wp-content\\\/uploads\\\/2018\\\/11\\\/Syrine.jpg\",\"caption\":\"Syrine Gharbi\"},\"url\":\"https:\\\/\\\/www.camaeleon.org\\\/en\\\/author\\\/syrine-gharbi\\\/\"}]}<\/script>\n<!-- \/ Yoast SEO plugin. -->","yoast_head_json":{"title":"Das Wort der Woche: Einheit - Cam\u00e4l\u00e9on","description":"Das Wort der Woche ist \u201cEinheit\u201d. Warum gerade Einheit werdet ihr mir sagen? Der Tag der Deutschen Einheit ist DAS EREIGNIS DER WOCHE.","robots":{"index":"index","follow":"follow","max-snippet":"max-snippet:-1","max-image-preview":"max-image-preview:large","max-video-preview":"max-video-preview:-1"},"canonical":"https:\/\/www.camaeleon.org\/en\/2018\/10\/05\/das-wort-der-woche-einheit\/","og_locale":"en_US","og_type":"article","og_title":"Das Wort der Woche: Einheit - Cam\u00e4l\u00e9on","og_description":"Das Wort der Woche ist \u201cEinheit\u201d. Warum gerade Einheit werdet ihr mir sagen? Der Tag der Deutschen Einheit ist DAS EREIGNIS DER WOCHE.","og_url":"https:\/\/www.camaeleon.org\/en\/2018\/10\/05\/das-wort-der-woche-einheit\/","og_site_name":"Cam\u00e4l\u00e9on","article_publisher":"https:\/\/www.facebook.com\/camaeleon.org\/","article_published_time":"2018-10-05T16:48:48+00:00","article_modified_time":"2020-12-23T12:11:14+00:00","og_image":[{"width":960,"height":640,"url":"https:\/\/www.camaeleon.org\/wp-content\/uploads\/2018\/10\/Einheit.jpg","type":"image\/jpeg"}],"author":"Syrine Gharbi","twitter_card":"summary_large_image","twitter_creator":"@camaeleonOrg","twitter_site":"@camaeleonOrg","schema":{"@context":"https:\/\/schema.org","@graph":[{"@type":"Article","@id":"https:\/\/www.camaeleon.org\/de\/2018\/10\/05\/das-wort-der-woche-einheit\/#article","isPartOf":{"@id":"https:\/\/www.camaeleon.org\/de\/2018\/10\/05\/das-wort-der-woche-einheit\/"},"author":{"name":"Syrine Gharbi","@id":"https:\/\/www.camaeleon.org\/de\/#\/schema\/person\/8420af944e6021fc9f05274bbd2cc854"},"headline":"Das Wort der Woche: Einheit","datePublished":"2018-10-05T16:48:48+00:00","dateModified":"2020-12-23T12:11:14+00:00","mainEntityOfPage":{"@id":"https:\/\/www.camaeleon.org\/de\/2018\/10\/05\/das-wort-der-woche-einheit\/"},"wordCount":181,"commentCount":0,"publisher":{"@id":"https:\/\/www.camaeleon.org\/de\/#organization"},"image":{"@id":"https:\/\/www.camaeleon.org\/de\/2018\/10\/05\/das-wort-der-woche-einheit\/#primaryimage"},"thumbnailUrl":"https:\/\/www.camaeleon.org\/wp-content\/uploads\/2018\/10\/Einheit.jpg","keywords":["Deutsche Einheit","Einheit","Nationalfeiertag","r\u00e9unification","Wiedervereinigung"],"articleSection":["Word of the Week"],"inLanguage":"en-US","potentialAction":[{"@type":"CommentAction","name":"Comment","target":["https:\/\/www.camaeleon.org\/de\/2018\/10\/05\/das-wort-der-woche-einheit\/#respond"]}]},{"@type":"WebPage","@id":"https:\/\/www.camaeleon.org\/en\/2018\/10\/05\/das-wort-der-woche-einheit\/","url":"https:\/\/www.camaeleon.org\/en\/2018\/10\/05\/das-wort-der-woche-einheit\/","name":"Das Wort der Woche: Einheit - Cam\u00e4l\u00e9on","isPartOf":{"@id":"https:\/\/www.camaeleon.org\/en\/#website"},"primaryImageOfPage":{"@id":"https:\/\/www.camaeleon.org\/en\/2018\/10\/05\/das-wort-der-woche-einheit\/#primaryimage"},"image":{"@id":"https:\/\/www.camaeleon.org\/de\/2018\/10\/05\/das-wort-der-woche-einheit\/#primaryimage"},"thumbnailUrl":"https:\/\/www.camaeleon.org\/wp-content\/uploads\/2018\/10\/Einheit.jpg","datePublished":"2018-10-05T16:48:48+00:00","dateModified":"2020-12-23T12:11:14+00:00","description":"Das Wort der Woche ist \u201cEinheit\u201d. Warum gerade Einheit werdet ihr mir sagen? Der Tag der Deutschen Einheit ist DAS EREIGNIS DER WOCHE.","breadcrumb":{"@id":"https:\/\/www.camaeleon.org\/en\/2018\/10\/05\/das-wort-der-woche-einheit\/#breadcrumb"},"inLanguage":"en-US","potentialAction":[{"@type":"ReadAction","target":[["https:\/\/www.camaeleon.org\/en\/2018\/10\/05\/das-wort-der-woche-einheit\/"]]}]},{"@type":"ImageObject","inLanguage":"en-US","@id":"https:\/\/www.camaeleon.org\/en\/2018\/10\/05\/das-wort-der-woche-einheit\/#primaryimage","url":"https:\/\/www.camaeleon.org\/wp-content\/uploads\/2018\/10\/Einheit.jpg","contentUrl":"https:\/\/www.camaeleon.org\/wp-content\/uploads\/2018\/10\/Einheit.jpg","width":960,"height":640,"caption":"Foto: pixabay.com \/ Cam\u00e4l\u00e9on"},{"@type":"BreadcrumbList","@id":"https:\/\/www.camaeleon.org\/en\/2018\/10\/05\/das-wort-der-woche-einheit\/#breadcrumb","itemListElement":[{"@type":"ListItem","position":1,"name":"Home","item":"https:\/\/www.camaeleon.org\/en\/"},{"@type":"ListItem","position":2,"name":"Das Wort der Woche: Einheit"}]},{"@type":"WebSite","@id":"https:\/\/www.camaeleon.org\/en\/#website","url":"https:\/\/www.camaeleon.org\/en\/","name":"Cam\u00e4l\u00e9on","description":"The online student magazine by Deutsch-Franz\u00f6sisches Gymnasium Saarbr\u00fccken","publisher":{"@id":"https:\/\/www.camaeleon.org\/en\/#organization"},"potentialAction":[{"@type":"SearchAction","target":{"@type":"EntryPoint","urlTemplate":"https:\/\/www.camaeleon.org\/en\/?s={search_term_string}"},"query-input":{"@type":"PropertyValueSpecification","valueRequired":true,"valueName":"search_term_string"}}],"inLanguage":"en-US"},{"@type":"Organization","@id":"https:\/\/www.camaeleon.org\/en\/#organization","name":"Cam\u00e4l\u00e9on","url":"https:\/\/www.camaeleon.org\/en\/","logo":{"@type":"ImageObject","inLanguage":"en-US","@id":"https:\/\/www.camaeleon.org\/en\/#\/schema\/logo\/image\/","url":"https:\/\/www.camaeleon.org\/wp-content\/uploads\/2011\/11\/CAM\u00c4LEON.jpg","contentUrl":"https:\/\/www.camaeleon.org\/wp-content\/uploads\/2011\/11\/CAM\u00c4LEON.jpg","width":959,"height":959,"caption":"Cam\u00e4l\u00e9on"},"image":{"@id":"https:\/\/www.camaeleon.org\/en\/#\/schema\/logo\/image\/"},"sameAs":["https:\/\/www.facebook.com\/camaeleon.org\/","https:\/\/x.com\/camaeleonOrg","https:\/\/www.instagram.com\/camaeleon.dfg\/","https:\/\/www.youtube.com\/channel\/UCl3TAUDdGuu_c7CD6ax6hYg"]},{"@type":"Person","@id":"https:\/\/www.camaeleon.org\/de\/#\/schema\/person\/8420af944e6021fc9f05274bbd2cc854","name":"Syrine Gharbi","image":{"@type":"ImageObject","inLanguage":"en-US","@id":"https:\/\/www.camaeleon.org\/en\/wp-content\/uploads\/2018\/11\/Syrine.jpg68d32d0c61faa9bd6c45821f907f3bc8","url":"https:\/\/www.camaeleon.org\/wp-content\/uploads\/2018\/11\/Syrine.jpg","contentUrl":"https:\/\/www.camaeleon.org\/wp-content\/uploads\/2018\/11\/Syrine.jpg","caption":"Syrine Gharbi"},"url":"https:\/\/www.camaeleon.org\/en\/author\/syrine-gharbi\/"}]}},"_links":{"self":[{"href":"https:\/\/www.camaeleon.org\/en\/wp-json\/wp\/v2\/posts\/17114","targetHints":{"allow":["GET"]}}],"collection":[{"href":"https:\/\/www.camaeleon.org\/en\/wp-json\/wp\/v2\/posts"}],"about":[{"href":"https:\/\/www.camaeleon.org\/en\/wp-json\/wp\/v2\/types\/post"}],"author":[{"embeddable":true,"href":"https:\/\/www.camaeleon.org\/en\/wp-json\/wp\/v2\/users\/133"}],"replies":[{"embeddable":true,"href":"https:\/\/www.camaeleon.org\/en\/wp-json\/wp\/v2\/comments?post=17114"}],"version-history":[{"count":0,"href":"https:\/\/www.camaeleon.org\/en\/wp-json\/wp\/v2\/posts\/17114\/revisions"}],"wp:featuredmedia":[{"embeddable":true,"href":"https:\/\/www.camaeleon.org\/en\/wp-json\/wp\/v2\/media\/17134"}],"wp:attachment":[{"href":"https:\/\/www.camaeleon.org\/en\/wp-json\/wp\/v2\/media?parent=17114"}],"wp:term":[{"taxonomy":"category","embeddable":true,"href":"https:\/\/www.camaeleon.org\/en\/wp-json\/wp\/v2\/categories?post=17114"},{"taxonomy":"post_tag","embeddable":true,"href":"https:\/\/www.camaeleon.org\/en\/wp-json\/wp\/v2\/tags?post=17114"},{"taxonomy":"author","embeddable":true,"href":"https:\/\/www.camaeleon.org\/en\/wp-json\/wp\/v2\/coauthors?post=17114"}],"curies":[{"name":"wp","href":"https:\/\/api.w.org\/{rel}","templated":true}]}}